{"id":3248,"date":"2024-10-11T10:00:08","date_gmt":"2024-10-11T16:00:08","guid":{"rendered":"https:\/\/www.nexoinformativo.mx\/?p=3248"},"modified":"2024-10-11T12:32:14","modified_gmt":"2024-10-11T18:32:14","slug":"ezequiel-montes-avances-y-compromisos-en-la-transformacion-municipal","status":"publish","type":"post","link":"https:\/\/www.nexoinformativo.mx\/index.php\/2024\/10\/11\/ezequiel-montes-avances-y-compromisos-en-la-transformacion-municipal\/","title":{"rendered":"Ezequiel Montes: Avances y Compromisos en la Transformaci\u00f3n Municipal"},"content":{"rendered":"<p style=\"text-align: justify;\">El municipio de Ezequiel Montes se encuentra en una etapa de transformaci\u00f3n significativa, enfrentando grandes retos heredados de administraciones anteriores. El presidente municipal, Ing. Iv\u00e1n Res\u00e9ndiz, ha demostrado un firme compromiso con la comunidad, implementando soluciones efectivas para mejorar la calidad de vida de sus habitantes.<\/p>\n<p>&nbsp;<\/p>\n<p style=\"text-align: justify;\">Uno de los primeros desaf\u00edos abordados fue la cr\u00edtica situaci\u00f3n de la Planta de Tratamiento de Aguas Residuales, que estaba afectando las operaciones del rastro municipal. Con aproximadamente 60,000 litros de agua residual en el sistema, se generaban bloqueos en el drenaje que impactaban directamente a la poblaci\u00f3n local.<\/p>\n<p>&nbsp;<\/p>\n<p style=\"text-align: justify;\">Gracias a una soluci\u00f3n inmediata, las operaciones se restauraron, mejorando as\u00ed las condiciones de salud p\u00fablica en la regi\u00f3n. En la primera sesi\u00f3n de cabildo, se aprob\u00f3 una medida de austeridad que reduce la dieta de los Regidores del Ayuntamiento. Esta decisi\u00f3n refleja el compromiso de los representantes municipales con el uso eficiente de los recursos p\u00fablicos.<\/p>\n<p>&nbsp;<\/p>\n<p style=\"text-align: justify;\">Otra acci\u00f3n destacada ha sido el inicio de la obra de reencarpetamiento de la calle Ignacio Manuel Altamirano, con una inversi\u00f3n aproximada de $2,498,000. Esta obra es una muestra del compromiso del municipio con la mejora de la infraestructura vial, lo que proporcionar\u00e1 a Ezequiel Montes.<\/p>\n<p>&nbsp;<\/p>\n<p style=\"text-align: justify;\">El Ing. Iv\u00e1n Res\u00e9ndiz Ram\u00edrez contin\u00faa trabajando con dedicaci\u00f3n hacia la comunidad. Con una visi\u00f3n clara y un enfoque en la soluci\u00f3n de problemas, Ezequiel Montes avanza hacia un futuro mas pr\u00f3spero y equilibrado para todos sus habitantes.<\/p>\n<p>&nbsp;<\/p>\n<p style=\"text-align: center;\"><em><strong>\u00a1Informaci\u00f3n que transforma!<\/strong><\/em><\/p>\n","protected":false},"excerpt":{"rendered":"<p>El municipio de Ezequiel Montes se encuentra en una etapa de transformaci\u00f3n significativa, enfrentando grandes retos heredados de administraciones anteriores.<\/p>\n","protected":false},"author":3,"featured_media":3249,"comment_status":"open","ping_status":"open","sticky":false,"template":"","format":"standard","meta":{"footnotes":""},"categories":[65,58],"tags":[1295,1293,319,1294],"class_list":["post-3248","post","type-post","status-publish","format-standard","has-post-thumbnail","hentry","category-municipios","category-ultima-hora","tag-compromisocomunitario","tag-ezequielmontes","tag-saludpublica","tag-transformacionmunicipal"],"yoast_head":"<!-- This site is optimized with the Yoast SEO plugin v25.0 - https:\/\/yoast.com\/wordpress\/plugins\/seo\/ -->\n<title>Ezequiel Montes: Avances y Compromisos en la Transformaci\u00f3n Municipal | Nexo Informativo Santiago de Quer\u00e9taro<\/title>\n<meta name=\"description\" content=\"Ezequiel Montes: Avances y Compromisos en la Transformaci\u00f3n Municipal\" \/>\n<meta name=\"robots\" content=\"index, follow, max-snippet:-1, max-image-preview:large, max-video-preview:-1\" \/>\n<link rel=\"canonical\" href=\"https:\/\/www.nexoinformativo.mx\/index.php\/2024\/10\/11\/ezequiel-montes-avances-y-compromisos-en-la-transformacion-municipal\/\" \/>\n<meta property=\"og:locale\" content=\"es_MX\" \/>\n<meta property=\"og:type\" content=\"article\" \/>\n<meta property=\"og:title\" content=\"Ezequiel Montes: Avances y Compromisos en la Transformaci\u00f3n Municipal | Nexo Informativo Santiago de Quer\u00e9taro\" \/>\n<meta property=\"og:description\" content=\"Ezequiel Montes: Avances y Compromisos en la Transformaci\u00f3n Municipal\" \/>\n<meta property=\"og:url\" content=\"https:\/\/www.nexoinformativo.mx\/index.php\/2024\/10\/11\/ezequiel-montes-avances-y-compromisos-en-la-transformacion-municipal\/\" \/>\n<meta property=\"og:site_name\" content=\"Nexo Informativo Santiago de Quer\u00e9taro\" \/>\n<meta property=\"article:publisher\" content=\"https:\/\/www.facebook.com\/people\/Nexo-Informativo\/61564066885511\/\" \/>\n<meta property=\"article:published_time\" content=\"2024-10-11T16:00:08+00:00\" \/>\n<meta property=\"article:modified_time\" content=\"2024-10-11T18:32:14+00:00\" \/>\n<meta property=\"og:image\" content=\"https:\/\/www.nexoinformativo.mx\/wp-content\/uploads\/2024\/10\/PHOTO-2024-10-11-10-21-10-e1728671196454.jpg\" \/>\n\t<meta property=\"og:image:width\" content=\"800\" \/>\n\t<meta property=\"og:image:height\" content=\"590\" \/>\n\t<meta property=\"og:image:type\" content=\"image\/jpeg\" \/>\n<meta name=\"author\" content=\"Nexo Informativo\" \/>\n<meta name=\"twitter:card\" content=\"summary_large_image\" \/>\n<meta name=\"twitter:label1\" content=\"Escrito por\" \/>\n\t<meta name=\"twitter:data1\" content=\"Nexo Informativo\" \/>\n\t<meta name=\"twitter:label2\" content=\"Tiempo de lectura\" \/>\n\t<meta name=\"twitter:data2\" content=\"2 minutos\" \/>\n<script type=\"application\/ld+json\" class=\"yoast-schema-graph\">{\"@context\":\"https:\/\/schema.org\",\"@graph\":[{\"@type\":\"Article\",\"@id\":\"https:\/\/www.nexoinformativo.mx\/index.php\/2024\/10\/11\/ezequiel-montes-avances-y-compromisos-en-la-transformacion-municipal\/#article\",\"isPartOf\":{\"@id\":\"https:\/\/www.nexoinformativo.mx\/index.php\/2024\/10\/11\/ezequiel-montes-avances-y-compromisos-en-la-transformacion-municipal\/\"},\"author\":{\"name\":\"Nexo Informativo\",\"@id\":\"https:\/\/www.nexoinformativo.mx\/#\/schema\/person\/7749d380ba08c8ca00d7bc76fd907b7d\"},\"headline\":\"Ezequiel Montes: Avances y Compromisos en la Transformaci\u00f3n Municipal\",\"datePublished\":\"2024-10-11T16:00:08+00:00\",\"dateModified\":\"2024-10-11T18:32:14+00:00\",\"mainEntityOfPage\":{\"@id\":\"https:\/\/www.nexoinformativo.mx\/index.php\/2024\/10\/11\/ezequiel-montes-avances-y-compromisos-en-la-transformacion-municipal\/\"},\"wordCount\":276,\"commentCount\":0,\"publisher\":{\"@id\":\"https:\/\/www.nexoinformativo.mx\/#organization\"},\"image\":{\"@id\":\"https:\/\/www.nexoinformativo.mx\/index.php\/2024\/10\/11\/ezequiel-montes-avances-y-compromisos-en-la-transformacion-municipal\/#primaryimage\"},\"thumbnailUrl\":\"https:\/\/www.nexoinformativo.mx\/wp-content\/uploads\/2024\/10\/PHOTO-2024-10-11-10-21-10-e1728671196454.jpg\",\"keywords\":[\"CompromisoComunitario\",\"EzequielMontes\",\"SaludP\u00fablica\",\"Transformaci\u00f3nMunicipal\"],\"articleSection\":[\"Municipios\",\"\u00daltima Hora\"],\"inLanguage\":\"es\",\"potentialAction\":[{\"@type\":\"CommentAction\",\"name\":\"Comment\",\"target\":[\"https:\/\/www.nexoinformativo.mx\/index.php\/2024\/10\/11\/ezequiel-montes-avances-y-compromisos-en-la-transformacion-municipal\/#respond\"]}]},{\"@type\":\"WebPage\",\"@id\":\"https:\/\/www.nexoinformativo.mx\/index.php\/2024\/10\/11\/ezequiel-montes-avances-y-compromisos-en-la-transformacion-municipal\/\",\"url\":\"https:\/\/www.nexoinformativo.mx\/index.php\/2024\/10\/11\/ezequiel-montes-avances-y-compromisos-en-la-transformacion-municipal\/\",\"name\":\"Ezequiel Montes: Avances y Compromisos en la Transformaci\u00f3n Municipal | Nexo Informativo Santiago de Quer\u00e9taro\",\"isPartOf\":{\"@id\":\"https:\/\/www.nexoinformativo.mx\/#website\"},\"primaryImageOfPage\":{\"@id\":\"https:\/\/www.nexoinformativo.mx\/index.php\/2024\/10\/11\/ezequiel-montes-avances-y-compromisos-en-la-transformacion-municipal\/#primaryimage\"},\"image\":{\"@id\":\"https:\/\/www.nexoinformativo.mx\/index.php\/2024\/10\/11\/ezequiel-montes-avances-y-compromisos-en-la-transformacion-municipal\/#primaryimage\"},\"thumbnailUrl\":\"https:\/\/www.nexoinformativo.mx\/wp-content\/uploads\/2024\/10\/PHOTO-2024-10-11-10-21-10-e1728671196454.jpg\",\"datePublished\":\"2024-10-11T16:00:08+00:00\",\"dateModified\":\"2024-10-11T18:32:14+00:00\",\"description\":\"Ezequiel Montes: Avances y Compromisos en la Transformaci\u00f3n Municipal\",\"breadcrumb\":{\"@id\":\"https:\/\/www.nexoinformativo.mx\/index.php\/2024\/10\/11\/ezequiel-montes-avances-y-compromisos-en-la-transformacion-municipal\/#breadcrumb\"},\"inLanguage\":\"es\",\"potentialAction\":[{\"@type\":\"ReadAction\",\"target\":[\"https:\/\/www.nexoinformativo.mx\/index.php\/2024\/10\/11\/ezequiel-montes-avances-y-compromisos-en-la-transformacion-municipal\/\"]}]},{\"@type\":\"ImageObject\",\"inLanguage\":\"es\",\"@id\":\"https:\/\/www.nexoinformativo.mx\/index.php\/2024\/10\/11\/ezequiel-montes-avances-y-compromisos-en-la-transformacion-municipal\/#primaryimage\",\"url\":\"https:\/\/www.nexoinformativo.mx\/wp-content\/uploads\/2024\/10\/PHOTO-2024-10-11-10-21-10-e1728671196454.jpg\",\"contentUrl\":\"https:\/\/www.nexoinformativo.mx\/wp-content\/uploads\/2024\/10\/PHOTO-2024-10-11-10-21-10-e1728671196454.jpg\",\"width\":800,\"height\":590},{\"@type\":\"BreadcrumbList\",\"@id\":\"https:\/\/www.nexoinformativo.mx\/index.php\/2024\/10\/11\/ezequiel-montes-avances-y-compromisos-en-la-transformacion-municipal\/#breadcrumb\",\"itemListElement\":[{\"@type\":\"ListItem\",\"position\":1,\"name\":\"Inicio\",\"item\":\"https:\/\/www.nexoinformativo.mx\/\"},{\"@type\":\"ListItem\",\"position\":2,\"name\":\"Ezequiel Montes: Avances y Compromisos en la Transformaci\u00f3n Municipal\"}]},{\"@type\":\"WebSite\",\"@id\":\"https:\/\/www.nexoinformativo.mx\/#website\",\"url\":\"https:\/\/www.nexoinformativo.mx\/\",\"name\":\"Nexo Informativo Santiago de Quer\u00e9taro\",\"description\":\"Explora NexoInformativo y convi\u00e9rtete en parte de una comunidad que valora el conocimiento y la verdad. Tu nexoinformativo es tu puente hacia una comprensi\u00f3n m\u00e1s profunda del mundo que te rodea.\",\"publisher\":{\"@id\":\"https:\/\/www.nexoinformativo.mx\/#organization\"},\"potentialAction\":[{\"@type\":\"SearchAction\",\"target\":{\"@type\":\"EntryPoint\",\"urlTemplate\":\"https:\/\/www.nexoinformativo.mx\/?s={search_term_string}\"},\"query-input\":{\"@type\":\"PropertyValueSpecification\",\"valueRequired\":true,\"valueName\":\"search_term_string\"}}],\"inLanguage\":\"es\"},{\"@type\":\"Organization\",\"@id\":\"https:\/\/www.nexoinformativo.mx\/#organization\",\"name\":\"Nexo Informativo Santiago de Quer\u00e9taro\",\"url\":\"https:\/\/www.nexoinformativo.mx\/\",\"logo\":{\"@type\":\"ImageObject\",\"inLanguage\":\"es\",\"@id\":\"https:\/\/www.nexoinformativo.mx\/#\/schema\/logo\/image\/\",\"url\":\"https:\/\/www.nexoinformativo.mx\/wp-content\/uploads\/2024\/07\/nexoi-trasparente-2.png\",\"contentUrl\":\"https:\/\/www.nexoinformativo.mx\/wp-content\/uploads\/2024\/07\/nexoi-trasparente-2.png\",\"width\":816,\"height\":339,\"caption\":\"Nexo Informativo Santiago de Quer\u00e9taro\"},\"image\":{\"@id\":\"https:\/\/www.nexoinformativo.mx\/#\/schema\/logo\/image\/\"},\"sameAs\":[\"https:\/\/www.facebook.com\/people\/Nexo-Informativo\/61564066885511\/\"]},{\"@type\":\"Person\",\"@id\":\"https:\/\/www.nexoinformativo.mx\/#\/schema\/person\/7749d380ba08c8ca00d7bc76fd907b7d\",\"name\":\"Nexo Informativo\",\"image\":{\"@type\":\"ImageObject\",\"inLanguage\":\"es\",\"@id\":\"https:\/\/www.nexoinformativo.mx\/#\/schema\/person\/image\/\",\"url\":\"https:\/\/secure.gravatar.com\/avatar\/dde2928154642a13d95f87ddf1ea9718fe2b46760a005c53e41ff5ad610704e6?s=96&d=mm&r=g\",\"contentUrl\":\"https:\/\/secure.gravatar.com\/avatar\/dde2928154642a13d95f87ddf1ea9718fe2b46760a005c53e41ff5ad610704e6?s=96&d=mm&r=g\",\"caption\":\"Nexo Informativo\"},\"url\":\"https:\/\/www.nexoinformativo.mx\/index.php\/author\/edicion\/\"}]}<\/script>\n<!-- \/ Yoast SEO plugin. -->","yoast_head_json":{"title":"Ezequiel Montes: Avances y Compromisos en la Transformaci\u00f3n Municipal | Nexo Informativo Santiago de Quer\u00e9taro","description":"Ezequiel Montes: Avances y Compromisos en la Transformaci\u00f3n Municipal","robots":{"index":"index","follow":"follow","max-snippet":"max-snippet:-1","max-image-preview":"max-image-preview:large","max-video-preview":"max-video-preview:-1"},"canonical":"https:\/\/www.nexoinformativo.mx\/index.php\/2024\/10\/11\/ezequiel-montes-avances-y-compromisos-en-la-transformacion-municipal\/","og_locale":"es_MX","og_type":"article","og_title":"Ezequiel Montes: Avances y Compromisos en la Transformaci\u00f3n Municipal | Nexo Informativo Santiago de Quer\u00e9taro","og_description":"Ezequiel Montes: Avances y Compromisos en la Transformaci\u00f3n Municipal","og_url":"https:\/\/www.nexoinformativo.mx\/index.php\/2024\/10\/11\/ezequiel-montes-avances-y-compromisos-en-la-transformacion-municipal\/","og_site_name":"Nexo Informativo Santiago de Quer\u00e9taro","article_publisher":"https:\/\/www.facebook.com\/people\/Nexo-Informativo\/61564066885511\/","article_published_time":"2024-10-11T16:00:08+00:00","article_modified_time":"2024-10-11T18:32:14+00:00","og_image":[{"width":800,"height":590,"url":"https:\/\/www.nexoinformativo.mx\/wp-content\/uploads\/2024\/10\/PHOTO-2024-10-11-10-21-10-e1728671196454.jpg","type":"image\/jpeg"}],"author":"Nexo Informativo","twitter_card":"summary_large_image","twitter_misc":{"Escrito por":"Nexo Informativo","Tiempo de lectura":"2 minutos"},"schema":{"@context":"https:\/\/schema.org","@graph":[{"@type":"Article","@id":"https:\/\/www.nexoinformativo.mx\/index.php\/2024\/10\/11\/ezequiel-montes-avances-y-compromisos-en-la-transformacion-municipal\/#article","isPartOf":{"@id":"https:\/\/www.nexoinformativo.mx\/index.php\/2024\/10\/11\/ezequiel-montes-avances-y-compromisos-en-la-transformacion-municipal\/"},"author":{"name":"Nexo Informativo","@id":"https:\/\/www.nexoinformativo.mx\/#\/schema\/person\/7749d380ba08c8ca00d7bc76fd907b7d"},"headline":"Ezequiel Montes: Avances y Compromisos en la Transformaci\u00f3n Municipal","datePublished":"2024-10-11T16:00:08+00:00","dateModified":"2024-10-11T18:32:14+00:00","mainEntityOfPage":{"@id":"https:\/\/www.nexoinformativo.mx\/index.php\/2024\/10\/11\/ezequiel-montes-avances-y-compromisos-en-la-transformacion-municipal\/"},"wordCount":276,"commentCount":0,"publisher":{"@id":"https:\/\/www.nexoinformativo.mx\/#organization"},"image":{"@id":"https:\/\/www.nexoinformativo.mx\/index.php\/2024\/10\/11\/ezequiel-montes-avances-y-compromisos-en-la-transformacion-municipal\/#primaryimage"},"thumbnailUrl":"https:\/\/www.nexoinformativo.mx\/wp-content\/uploads\/2024\/10\/PHOTO-2024-10-11-10-21-10-e1728671196454.jpg","keywords":["CompromisoComunitario","EzequielMontes","SaludP\u00fablica","Transformaci\u00f3nMunicipal"],"articleSection":["Municipios","\u00daltima Hora"],"inLanguage":"es","potentialAction":[{"@type":"CommentAction","name":"Comment","target":["https:\/\/www.nexoinformativo.mx\/index.php\/2024\/10\/11\/ezequiel-montes-avances-y-compromisos-en-la-transformacion-municipal\/#respond"]}]},{"@type":"WebPage","@id":"https:\/\/www.nexoinformativo.mx\/index.php\/2024\/10\/11\/ezequiel-montes-avances-y-compromisos-en-la-transformacion-municipal\/","url":"https:\/\/www.nexoinformativo.mx\/index.php\/2024\/10\/11\/ezequiel-montes-avances-y-compromisos-en-la-transformacion-municipal\/","name":"Ezequiel Montes: Avances y Compromisos en la Transformaci\u00f3n Municipal | Nexo Informativo Santiago de Quer\u00e9taro","isPartOf":{"@id":"https:\/\/www.nexoinformativo.mx\/#website"},"primaryImageOfPage":{"@id":"https:\/\/www.nexoinformativo.mx\/index.php\/2024\/10\/11\/ezequiel-montes-avances-y-compromisos-en-la-transformacion-municipal\/#primaryimage"},"image":{"@id":"https:\/\/www.nexoinformativo.mx\/index.php\/2024\/10\/11\/ezequiel-montes-avances-y-compromisos-en-la-transformacion-municipal\/#primaryimage"},"thumbnailUrl":"https:\/\/www.nexoinformativo.mx\/wp-content\/uploads\/2024\/10\/PHOTO-2024-10-11-10-21-10-e1728671196454.jpg","datePublished":"2024-10-11T16:00:08+00:00","dateModified":"2024-10-11T18:32:14+00:00","description":"Ezequiel Montes: Avances y Compromisos en la Transformaci\u00f3n Municipal","breadcrumb":{"@id":"https:\/\/www.nexoinformativo.mx\/index.php\/2024\/10\/11\/ezequiel-montes-avances-y-compromisos-en-la-transformacion-municipal\/#breadcrumb"},"inLanguage":"es","potentialAction":[{"@type":"ReadAction","target":["https:\/\/www.nexoinformativo.mx\/index.php\/2024\/10\/11\/ezequiel-montes-avances-y-compromisos-en-la-transformacion-municipal\/"]}]},{"@type":"ImageObject","inLanguage":"es","@id":"https:\/\/www.nexoinformativo.mx\/index.php\/2024\/10\/11\/ezequiel-montes-avances-y-compromisos-en-la-transformacion-municipal\/#primaryimage","url":"https:\/\/www.nexoinformativo.mx\/wp-content\/uploads\/2024\/10\/PHOTO-2024-10-11-10-21-10-e1728671196454.jpg","contentUrl":"https:\/\/www.nexoinformativo.mx\/wp-content\/uploads\/2024\/10\/PHOTO-2024-10-11-10-21-10-e1728671196454.jpg","width":800,"height":590},{"@type":"BreadcrumbList","@id":"https:\/\/www.nexoinformativo.mx\/index.php\/2024\/10\/11\/ezequiel-montes-avances-y-compromisos-en-la-transformacion-municipal\/#breadcrumb","itemListElement":[{"@type":"ListItem","position":1,"name":"Inicio","item":"https:\/\/www.nexoinformativo.mx\/"},{"@type":"ListItem","position":2,"name":"Ezequiel Montes: Avances y Compromisos en la Transformaci\u00f3n Municipal"}]},{"@type":"WebSite","@id":"https:\/\/www.nexoinformativo.mx\/#website","url":"https:\/\/www.nexoinformativo.mx\/","name":"Nexo Informativo Santiago de Quer\u00e9taro","description":"Explora NexoInformativo y convi\u00e9rtete en parte de una comunidad que valora el conocimiento y la verdad. Tu nexoinformativo es tu puente hacia una comprensi\u00f3n m\u00e1s profunda del mundo que te rodea.","publisher":{"@id":"https:\/\/www.nexoinformativo.mx\/#organization"},"potentialAction":[{"@type":"SearchAction","target":{"@type":"EntryPoint","urlTemplate":"https:\/\/www.nexoinformativo.mx\/?s={search_term_string}"},"query-input":{"@type":"PropertyValueSpecification","valueRequired":true,"valueName":"search_term_string"}}],"inLanguage":"es"},{"@type":"Organization","@id":"https:\/\/www.nexoinformativo.mx\/#organization","name":"Nexo Informativo Santiago de Quer\u00e9taro","url":"https:\/\/www.nexoinformativo.mx\/","logo":{"@type":"ImageObject","inLanguage":"es","@id":"https:\/\/www.nexoinformativo.mx\/#\/schema\/logo\/image\/","url":"https:\/\/www.nexoinformativo.mx\/wp-content\/uploads\/2024\/07\/nexoi-trasparente-2.png","contentUrl":"https:\/\/www.nexoinformativo.mx\/wp-content\/uploads\/2024\/07\/nexoi-trasparente-2.png","width":816,"height":339,"caption":"Nexo Informativo Santiago de Quer\u00e9taro"},"image":{"@id":"https:\/\/www.nexoinformativo.mx\/#\/schema\/logo\/image\/"},"sameAs":["https:\/\/www.facebook.com\/people\/Nexo-Informativo\/61564066885511\/"]},{"@type":"Person","@id":"https:\/\/www.nexoinformativo.mx\/#\/schema\/person\/7749d380ba08c8ca00d7bc76fd907b7d","name":"Nexo Informativo","image":{"@type":"ImageObject","inLanguage":"es","@id":"https:\/\/www.nexoinformativo.mx\/#\/schema\/person\/image\/","url":"https:\/\/secure.gravatar.com\/avatar\/dde2928154642a13d95f87ddf1ea9718fe2b46760a005c53e41ff5ad610704e6?s=96&d=mm&r=g","contentUrl":"https:\/\/secure.gravatar.com\/avatar\/dde2928154642a13d95f87ddf1ea9718fe2b46760a005c53e41ff5ad610704e6?s=96&d=mm&r=g","caption":"Nexo Informativo"},"url":"https:\/\/www.nexoinformativo.mx\/index.php\/author\/edicion\/"}]}},"_links":{"self":[{"href":"https:\/\/www.nexoinformativo.mx\/index.php\/wp-json\/wp\/v2\/posts\/3248","targetHints":{"allow":["GET"]}}],"collection":[{"href":"https:\/\/www.nexoinformativo.mx\/index.php\/wp-json\/wp\/v2\/posts"}],"about":[{"href":"https:\/\/www.nexoinformativo.mx\/index.php\/wp-json\/wp\/v2\/types\/post"}],"author":[{"embeddable":true,"href":"https:\/\/www.nexoinformativo.mx\/index.php\/wp-json\/wp\/v2\/users\/3"}],"replies":[{"embeddable":true,"href":"https:\/\/www.nexoinformativo.mx\/index.php\/wp-json\/wp\/v2\/comments?post=3248"}],"version-history":[{"count":4,"href":"https:\/\/www.nexoinformativo.mx\/index.php\/wp-json\/wp\/v2\/posts\/3248\/revisions"}],"predecessor-version":[{"id":3251,"href":"https:\/\/www.nexoinformativo.mx\/index.php\/wp-json\/wp\/v2\/posts\/3248\/revisions\/3251"}],"wp:featuredmedia":[{"embeddable":true,"href":"https:\/\/www.nexoinformativo.mx\/index.php\/wp-json\/wp\/v2\/media\/3249"}],"wp:attachment":[{"href":"https:\/\/www.nexoinformativo.mx\/index.php\/wp-json\/wp\/v2\/media?parent=3248"}],"wp:term":[{"taxonomy":"category","embeddable":true,"href":"https:\/\/www.nexoinformativo.mx\/index.php\/wp-json\/wp\/v2\/categories?post=3248"},{"taxonomy":"post_tag","embeddable":true,"href":"https:\/\/www.nexoinformativo.mx\/index.php\/wp-json\/wp\/v2\/tags?post=3248"}],"curies":[{"name":"wp","href":"https:\/\/api.w.org\/{rel}","templated":true}]}}