{"id":3254,"date":"2024-10-11T11:00:42","date_gmt":"2024-10-11T17:00:42","guid":{"rendered":"https:\/\/www.nexoinformativo.mx\/?p=3254"},"modified":"2024-10-11T12:41:49","modified_gmt":"2024-10-11T18:41:49","slug":"urge-mantenimiento-a-carreteras-federales-el-gobierno-del-estado-respaldara-el-programa-bacheton","status":"publish","type":"post","link":"https:\/\/www.nexoinformativo.mx\/index.php\/2024\/10\/11\/urge-mantenimiento-a-carreteras-federales-el-gobierno-del-estado-respaldara-el-programa-bacheton\/","title":{"rendered":"Urge Mantenimiento a Carreteras Federales: El Gobierno del Estado Respaldar\u00e1 el Programa \u201cBachet\u00f3n\u201d"},"content":{"rendered":"<div dir=\"auto\" style=\"text-align: justify;\">El secretario de Desarrollo Urbano y Obras P\u00fablicas del Gobierno del Estado, Fernando Gonz\u00e1lez ha aplaudido el lanzamiento del programa <strong>\u201cBachet\u00f3n\u201d<\/strong> por parte del Gobierno Federal, el cual tiene como objetivo ofrecer conservaci\u00f3n y mantenimiento a las carreteras federales del pa\u00eds.<\/div>\n<\/p>\n<p>&nbsp;<\/p>\n<div dir=\"auto\"><\/div>\n<div dir=\"auto\" style=\"text-align: justify;\"><\/div>\n<div dir=\"auto\" style=\"text-align: justify;\">Esta iniciativa es especialmente necesaria en el estado, donde muchas de las vialidades se encuentran en estado cr\u00edtico. Gonz\u00e1lez Salinas destac\u00f3 la urgencia de llevar a cabo labores de conservaci\u00f3n en las carreteras federales, indicando que el mal estado de estas v\u00edas representa un riesgo tanto para los conductores como para el transporte de mercanc\u00edas.<\/div>\n<\/p>\n<p>&nbsp;<\/p>\n<div dir=\"auto\"><\/div>\n<div dir=\"auto\" style=\"text-align: justify;\"><\/div>\n<div dir=\"auto\" style=\"text-align: justify;\">El secretario explic\u00f3 que el gobierno estatal ya ha destinado recursos para el mantenimiento de algunas de estas carreteras y que ambos niveles de gobierno trabajan en conjunto, \u201c<strong>Tenemos un diagn\u00f3stico de todas las carreteras federales que requieren de mantenimiento. Hemos intervenido en algunas desde hace meses, incluso cuando el Gobierno Federal no contaba con recursos<\/strong>\u201d, asegur\u00f3 Gonz\u00e1lez Salinas.<\/div>\n<\/p>\n<p>&nbsp;<\/p>\n<div dir=\"auto\"><\/div>\n<div dir=\"auto\" style=\"text-align: justify;\"><\/div>\n<div dir=\"auto\" style=\"text-align: justify;\">Entre las v\u00edas que necesitan atenci\u00f3n se encuentran la carretera federal 120, la 57 y el Libramiento Surponiente, entre otras. El programa <strong>\u201cBachet\u00f3n\u201d<\/strong> representa una oportunidad crucial para mejorar la infraestructura vial del estado, y el compromiso del gobierno local de complementar estos esfuerzos es un paso positivo.<\/div>\n<\/p>\n<p>&nbsp;<\/p>\n<div dir=\"auto\"><\/div>\n<div dir=\"auto\" style=\"text-align: justify;\"><\/div>\n<div dir=\"auto\" style=\"text-align: justify;\">Con el apoyo del Gobierno Federal, se espera que las condiciones de las carreteras mejoren significativamente, beneficiando a todos los usuarios de estas importantes v\u00edas.<\/div>\n<\/p>\n<p>&nbsp;<\/p>\n<div dir=\"auto\"><\/div>\n<div dir=\"auto\"><\/div>\n<div dir=\"auto\" style=\"text-align: center;\"><em><strong>\u00a1Informaci\u00f3n que transforma!<\/strong><\/em><\/div>\n","protected":false},"excerpt":{"rendered":"<p>El secretario de Desarrollo Urbano y Obras P\u00fablicas del Gobierno del Estado, Fernando Gonz\u00e1lez ha aplaudido el lanzamiento del programa \u201cBachet\u00f3n\u201d por parte del Gobierno Federal, el cual tiene como objetivo ofrecer conservaci\u00f3n y mantenimiento a las carreteras federales del pa\u00eds. &nbsp; Esta iniciativa es especialmente necesaria en el estado, donde muchas de las vialidades [&hellip;]<\/p>\n","protected":false},"author":3,"featured_media":3255,"comment_status":"open","ping_status":"open","sticky":false,"template":"","format":"standard","meta":{"footnotes":""},"categories":[65,58],"tags":[1297,468,1298,1296],"class_list":["post-3254","post","type-post","status-publish","format-standard","has-post-thumbnail","hentry","category-municipios","category-ultima-hora","tag-bacheton","tag-desarrollourbano","tag-infraestructuravial","tag-mantenimientocarretero"],"yoast_head":"<!-- This site is optimized with the Yoast SEO plugin v25.0 - https:\/\/yoast.com\/wordpress\/plugins\/seo\/ -->\n<title>Urge Mantenimiento a Carreteras Federales: El Gobierno del Estado Respaldar\u00e1 el Programa \u201cBachet\u00f3n\u201d | Nexo Informativo Santiago de Quer\u00e9taro<\/title>\n<meta name=\"robots\" content=\"index, follow, max-snippet:-1, max-image-preview:large, max-video-preview:-1\" \/>\n<link rel=\"canonical\" href=\"https:\/\/www.nexoinformativo.mx\/index.php\/2024\/10\/11\/urge-mantenimiento-a-carreteras-federales-el-gobierno-del-estado-respaldara-el-programa-bacheton\/\" \/>\n<meta property=\"og:locale\" content=\"es_MX\" \/>\n<meta property=\"og:type\" content=\"article\" \/>\n<meta property=\"og:title\" content=\"Urge Mantenimiento a Carreteras Federales: El Gobierno del Estado Respaldar\u00e1 el Programa \u201cBachet\u00f3n\u201d | Nexo Informativo Santiago de Quer\u00e9taro\" \/>\n<meta property=\"og:description\" content=\"El secretario de Desarrollo Urbano y Obras P\u00fablicas del Gobierno del Estado, Fernando Gonz\u00e1lez ha aplaudido el lanzamiento del programa \u201cBachet\u00f3n\u201d por parte del Gobierno Federal, el cual tiene como objetivo ofrecer conservaci\u00f3n y mantenimiento a las carreteras federales del pa\u00eds. &nbsp; Esta iniciativa es especialmente necesaria en el estado, donde muchas de las vialidades [&hellip;]\" \/>\n<meta property=\"og:url\" content=\"https:\/\/www.nexoinformativo.mx\/index.php\/2024\/10\/11\/urge-mantenimiento-a-carreteras-federales-el-gobierno-del-estado-respaldara-el-programa-bacheton\/\" \/>\n<meta property=\"og:site_name\" content=\"Nexo Informativo Santiago de Quer\u00e9taro\" \/>\n<meta property=\"article:publisher\" content=\"https:\/\/www.facebook.com\/people\/Nexo-Informativo\/61564066885511\/\" \/>\n<meta property=\"article:published_time\" content=\"2024-10-11T17:00:42+00:00\" \/>\n<meta property=\"article:modified_time\" content=\"2024-10-11T18:41:49+00:00\" \/>\n<meta property=\"og:image\" content=\"https:\/\/www.nexoinformativo.mx\/wp-content\/uploads\/2024\/10\/PHOTO-2024-10-11-10-50-45-e1728672019922.jpg\" \/>\n\t<meta property=\"og:image:width\" content=\"800\" \/>\n\t<meta property=\"og:image:height\" content=\"494\" \/>\n\t<meta property=\"og:image:type\" content=\"image\/jpeg\" \/>\n<meta name=\"author\" content=\"Nexo Informativo\" \/>\n<meta name=\"twitter:card\" content=\"summary_large_image\" \/>\n<meta name=\"twitter:label1\" content=\"Escrito por\" \/>\n\t<meta name=\"twitter:data1\" content=\"Nexo Informativo\" \/>\n\t<meta name=\"twitter:label2\" content=\"Tiempo de lectura\" \/>\n\t<meta name=\"twitter:data2\" content=\"2 minutos\" \/>\n<script type=\"application\/ld+json\" class=\"yoast-schema-graph\">{\"@context\":\"https:\/\/schema.org\",\"@graph\":[{\"@type\":\"Article\",\"@id\":\"https:\/\/www.nexoinformativo.mx\/index.php\/2024\/10\/11\/urge-mantenimiento-a-carreteras-federales-el-gobierno-del-estado-respaldara-el-programa-bacheton\/#article\",\"isPartOf\":{\"@id\":\"https:\/\/www.nexoinformativo.mx\/index.php\/2024\/10\/11\/urge-mantenimiento-a-carreteras-federales-el-gobierno-del-estado-respaldara-el-programa-bacheton\/\"},\"author\":{\"name\":\"Nexo Informativo\",\"@id\":\"https:\/\/www.nexoinformativo.mx\/#\/schema\/person\/7749d380ba08c8ca00d7bc76fd907b7d\"},\"headline\":\"Urge Mantenimiento a Carreteras Federales: El Gobierno del Estado Respaldar\u00e1 el Programa \u201cBachet\u00f3n\u201d\",\"datePublished\":\"2024-10-11T17:00:42+00:00\",\"dateModified\":\"2024-10-11T18:41:49+00:00\",\"mainEntityOfPage\":{\"@id\":\"https:\/\/www.nexoinformativo.mx\/index.php\/2024\/10\/11\/urge-mantenimiento-a-carreteras-federales-el-gobierno-del-estado-respaldara-el-programa-bacheton\/\"},\"wordCount\":265,\"commentCount\":0,\"publisher\":{\"@id\":\"https:\/\/www.nexoinformativo.mx\/#organization\"},\"image\":{\"@id\":\"https:\/\/www.nexoinformativo.mx\/index.php\/2024\/10\/11\/urge-mantenimiento-a-carreteras-federales-el-gobierno-del-estado-respaldara-el-programa-bacheton\/#primaryimage\"},\"thumbnailUrl\":\"https:\/\/www.nexoinformativo.mx\/wp-content\/uploads\/2024\/10\/PHOTO-2024-10-11-10-50-45-e1728672019922.jpg\",\"keywords\":[\"Bachet\u00f3n\",\"DesarrolloUrbano\",\"InfraestructuraVial\",\"MantenimientoCarretero\"],\"articleSection\":[\"Municipios\",\"\u00daltima Hora\"],\"inLanguage\":\"es\",\"potentialAction\":[{\"@type\":\"CommentAction\",\"name\":\"Comment\",\"target\":[\"https:\/\/www.nexoinformativo.mx\/index.php\/2024\/10\/11\/urge-mantenimiento-a-carreteras-federales-el-gobierno-del-estado-respaldara-el-programa-bacheton\/#respond\"]}]},{\"@type\":\"WebPage\",\"@id\":\"https:\/\/www.nexoinformativo.mx\/index.php\/2024\/10\/11\/urge-mantenimiento-a-carreteras-federales-el-gobierno-del-estado-respaldara-el-programa-bacheton\/\",\"url\":\"https:\/\/www.nexoinformativo.mx\/index.php\/2024\/10\/11\/urge-mantenimiento-a-carreteras-federales-el-gobierno-del-estado-respaldara-el-programa-bacheton\/\",\"name\":\"Urge Mantenimiento a Carreteras Federales: El Gobierno del Estado Respaldar\u00e1 el Programa \u201cBachet\u00f3n\u201d | Nexo Informativo Santiago de Quer\u00e9taro\",\"isPartOf\":{\"@id\":\"https:\/\/www.nexoinformativo.mx\/#website\"},\"primaryImageOfPage\":{\"@id\":\"https:\/\/www.nexoinformativo.mx\/index.php\/2024\/10\/11\/urge-mantenimiento-a-carreteras-federales-el-gobierno-del-estado-respaldara-el-programa-bacheton\/#primaryimage\"},\"image\":{\"@id\":\"https:\/\/www.nexoinformativo.mx\/index.php\/2024\/10\/11\/urge-mantenimiento-a-carreteras-federales-el-gobierno-del-estado-respaldara-el-programa-bacheton\/#primaryimage\"},\"thumbnailUrl\":\"https:\/\/www.nexoinformativo.mx\/wp-content\/uploads\/2024\/10\/PHOTO-2024-10-11-10-50-45-e1728672019922.jpg\",\"datePublished\":\"2024-10-11T17:00:42+00:00\",\"dateModified\":\"2024-10-11T18:41:49+00:00\",\"breadcrumb\":{\"@id\":\"https:\/\/www.nexoinformativo.mx\/index.php\/2024\/10\/11\/urge-mantenimiento-a-carreteras-federales-el-gobierno-del-estado-respaldara-el-programa-bacheton\/#breadcrumb\"},\"inLanguage\":\"es\",\"potentialAction\":[{\"@type\":\"ReadAction\",\"target\":[\"https:\/\/www.nexoinformativo.mx\/index.php\/2024\/10\/11\/urge-mantenimiento-a-carreteras-federales-el-gobierno-del-estado-respaldara-el-programa-bacheton\/\"]}]},{\"@type\":\"ImageObject\",\"inLanguage\":\"es\",\"@id\":\"https:\/\/www.nexoinformativo.mx\/index.php\/2024\/10\/11\/urge-mantenimiento-a-carreteras-federales-el-gobierno-del-estado-respaldara-el-programa-bacheton\/#primaryimage\",\"url\":\"https:\/\/www.nexoinformativo.mx\/wp-content\/uploads\/2024\/10\/PHOTO-2024-10-11-10-50-45-e1728672019922.jpg\",\"contentUrl\":\"https:\/\/www.nexoinformativo.mx\/wp-content\/uploads\/2024\/10\/PHOTO-2024-10-11-10-50-45-e1728672019922.jpg\",\"width\":800,\"height\":494},{\"@type\":\"BreadcrumbList\",\"@id\":\"https:\/\/www.nexoinformativo.mx\/index.php\/2024\/10\/11\/urge-mantenimiento-a-carreteras-federales-el-gobierno-del-estado-respaldara-el-programa-bacheton\/#breadcrumb\",\"itemListElement\":[{\"@type\":\"ListItem\",\"position\":1,\"name\":\"Inicio\",\"item\":\"https:\/\/www.nexoinformativo.mx\/\"},{\"@type\":\"ListItem\",\"position\":2,\"name\":\"Urge Mantenimiento a Carreteras Federales: El Gobierno del Estado Respaldar\u00e1 el Programa \u201cBachet\u00f3n\u201d\"}]},{\"@type\":\"WebSite\",\"@id\":\"https:\/\/www.nexoinformativo.mx\/#website\",\"url\":\"https:\/\/www.nexoinformativo.mx\/\",\"name\":\"Nexo Informativo Santiago de Quer\u00e9taro\",\"description\":\"Explora NexoInformativo y convi\u00e9rtete en parte de una comunidad que valora el conocimiento y la verdad. Tu nexoinformativo es tu puente hacia una comprensi\u00f3n m\u00e1s profunda del mundo que te rodea.\",\"publisher\":{\"@id\":\"https:\/\/www.nexoinformativo.mx\/#organization\"},\"potentialAction\":[{\"@type\":\"SearchAction\",\"target\":{\"@type\":\"EntryPoint\",\"urlTemplate\":\"https:\/\/www.nexoinformativo.mx\/?s={search_term_string}\"},\"query-input\":{\"@type\":\"PropertyValueSpecification\",\"valueRequired\":true,\"valueName\":\"search_term_string\"}}],\"inLanguage\":\"es\"},{\"@type\":\"Organization\",\"@id\":\"https:\/\/www.nexoinformativo.mx\/#organization\",\"name\":\"Nexo Informativo Santiago de Quer\u00e9taro\",\"url\":\"https:\/\/www.nexoinformativo.mx\/\",\"logo\":{\"@type\":\"ImageObject\",\"inLanguage\":\"es\",\"@id\":\"https:\/\/www.nexoinformativo.mx\/#\/schema\/logo\/image\/\",\"url\":\"https:\/\/www.nexoinformativo.mx\/wp-content\/uploads\/2024\/07\/nexoi-trasparente-2.png\",\"contentUrl\":\"https:\/\/www.nexoinformativo.mx\/wp-content\/uploads\/2024\/07\/nexoi-trasparente-2.png\",\"width\":816,\"height\":339,\"caption\":\"Nexo Informativo Santiago de Quer\u00e9taro\"},\"image\":{\"@id\":\"https:\/\/www.nexoinformativo.mx\/#\/schema\/logo\/image\/\"},\"sameAs\":[\"https:\/\/www.facebook.com\/people\/Nexo-Informativo\/61564066885511\/\"]},{\"@type\":\"Person\",\"@id\":\"https:\/\/www.nexoinformativo.mx\/#\/schema\/person\/7749d380ba08c8ca00d7bc76fd907b7d\",\"name\":\"Nexo Informativo\",\"image\":{\"@type\":\"ImageObject\",\"inLanguage\":\"es\",\"@id\":\"https:\/\/www.nexoinformativo.mx\/#\/schema\/person\/image\/\",\"url\":\"https:\/\/secure.gravatar.com\/avatar\/dde2928154642a13d95f87ddf1ea9718fe2b46760a005c53e41ff5ad610704e6?s=96&d=mm&r=g\",\"contentUrl\":\"https:\/\/secure.gravatar.com\/avatar\/dde2928154642a13d95f87ddf1ea9718fe2b46760a005c53e41ff5ad610704e6?s=96&d=mm&r=g\",\"caption\":\"Nexo Informativo\"},\"url\":\"https:\/\/www.nexoinformativo.mx\/index.php\/author\/edicion\/\"}]}<\/script>\n<!-- \/ Yoast SEO plugin. -->","yoast_head_json":{"title":"Urge Mantenimiento a Carreteras Federales: El Gobierno del Estado Respaldar\u00e1 el Programa \u201cBachet\u00f3n\u201d | Nexo Informativo Santiago de Quer\u00e9taro","robots":{"index":"index","follow":"follow","max-snippet":"max-snippet:-1","max-image-preview":"max-image-preview:large","max-video-preview":"max-video-preview:-1"},"canonical":"https:\/\/www.nexoinformativo.mx\/index.php\/2024\/10\/11\/urge-mantenimiento-a-carreteras-federales-el-gobierno-del-estado-respaldara-el-programa-bacheton\/","og_locale":"es_MX","og_type":"article","og_title":"Urge Mantenimiento a Carreteras Federales: El Gobierno del Estado Respaldar\u00e1 el Programa \u201cBachet\u00f3n\u201d | Nexo Informativo Santiago de Quer\u00e9taro","og_description":"El secretario de Desarrollo Urbano y Obras P\u00fablicas del Gobierno del Estado, Fernando Gonz\u00e1lez ha aplaudido el lanzamiento del programa \u201cBachet\u00f3n\u201d por parte del Gobierno Federal, el cual tiene como objetivo ofrecer conservaci\u00f3n y mantenimiento a las carreteras federales del pa\u00eds. &nbsp; Esta iniciativa es especialmente necesaria en el estado, donde muchas de las vialidades [&hellip;]","og_url":"https:\/\/www.nexoinformativo.mx\/index.php\/2024\/10\/11\/urge-mantenimiento-a-carreteras-federales-el-gobierno-del-estado-respaldara-el-programa-bacheton\/","og_site_name":"Nexo Informativo Santiago de Quer\u00e9taro","article_publisher":"https:\/\/www.facebook.com\/people\/Nexo-Informativo\/61564066885511\/","article_published_time":"2024-10-11T17:00:42+00:00","article_modified_time":"2024-10-11T18:41:49+00:00","og_image":[{"width":800,"height":494,"url":"https:\/\/www.nexoinformativo.mx\/wp-content\/uploads\/2024\/10\/PHOTO-2024-10-11-10-50-45-e1728672019922.jpg","type":"image\/jpeg"}],"author":"Nexo Informativo","twitter_card":"summary_large_image","twitter_misc":{"Escrito por":"Nexo Informativo","Tiempo de lectura":"2 minutos"},"schema":{"@context":"https:\/\/schema.org","@graph":[{"@type":"Article","@id":"https:\/\/www.nexoinformativo.mx\/index.php\/2024\/10\/11\/urge-mantenimiento-a-carreteras-federales-el-gobierno-del-estado-respaldara-el-programa-bacheton\/#article","isPartOf":{"@id":"https:\/\/www.nexoinformativo.mx\/index.php\/2024\/10\/11\/urge-mantenimiento-a-carreteras-federales-el-gobierno-del-estado-respaldara-el-programa-bacheton\/"},"author":{"name":"Nexo Informativo","@id":"https:\/\/www.nexoinformativo.mx\/#\/schema\/person\/7749d380ba08c8ca00d7bc76fd907b7d"},"headline":"Urge Mantenimiento a Carreteras Federales: El Gobierno del Estado Respaldar\u00e1 el Programa \u201cBachet\u00f3n\u201d","datePublished":"2024-10-11T17:00:42+00:00","dateModified":"2024-10-11T18:41:49+00:00","mainEntityOfPage":{"@id":"https:\/\/www.nexoinformativo.mx\/index.php\/2024\/10\/11\/urge-mantenimiento-a-carreteras-federales-el-gobierno-del-estado-respaldara-el-programa-bacheton\/"},"wordCount":265,"commentCount":0,"publisher":{"@id":"https:\/\/www.nexoinformativo.mx\/#organization"},"image":{"@id":"https:\/\/www.nexoinformativo.mx\/index.php\/2024\/10\/11\/urge-mantenimiento-a-carreteras-federales-el-gobierno-del-estado-respaldara-el-programa-bacheton\/#primaryimage"},"thumbnailUrl":"https:\/\/www.nexoinformativo.mx\/wp-content\/uploads\/2024\/10\/PHOTO-2024-10-11-10-50-45-e1728672019922.jpg","keywords":["Bachet\u00f3n","DesarrolloUrbano","InfraestructuraVial","MantenimientoCarretero"],"articleSection":["Municipios","\u00daltima Hora"],"inLanguage":"es","potentialAction":[{"@type":"CommentAction","name":"Comment","target":["https:\/\/www.nexoinformativo.mx\/index.php\/2024\/10\/11\/urge-mantenimiento-a-carreteras-federales-el-gobierno-del-estado-respaldara-el-programa-bacheton\/#respond"]}]},{"@type":"WebPage","@id":"https:\/\/www.nexoinformativo.mx\/index.php\/2024\/10\/11\/urge-mantenimiento-a-carreteras-federales-el-gobierno-del-estado-respaldara-el-programa-bacheton\/","url":"https:\/\/www.nexoinformativo.mx\/index.php\/2024\/10\/11\/urge-mantenimiento-a-carreteras-federales-el-gobierno-del-estado-respaldara-el-programa-bacheton\/","name":"Urge Mantenimiento a Carreteras Federales: El Gobierno del Estado Respaldar\u00e1 el Programa \u201cBachet\u00f3n\u201d | Nexo Informativo Santiago de Quer\u00e9taro","isPartOf":{"@id":"https:\/\/www.nexoinformativo.mx\/#website"},"primaryImageOfPage":{"@id":"https:\/\/www.nexoinformativo.mx\/index.php\/2024\/10\/11\/urge-mantenimiento-a-carreteras-federales-el-gobierno-del-estado-respaldara-el-programa-bacheton\/#primaryimage"},"image":{"@id":"https:\/\/www.nexoinformativo.mx\/index.php\/2024\/10\/11\/urge-mantenimiento-a-carreteras-federales-el-gobierno-del-estado-respaldara-el-programa-bacheton\/#primaryimage"},"thumbnailUrl":"https:\/\/www.nexoinformativo.mx\/wp-content\/uploads\/2024\/10\/PHOTO-2024-10-11-10-50-45-e1728672019922.jpg","datePublished":"2024-10-11T17:00:42+00:00","dateModified":"2024-10-11T18:41:49+00:00","breadcrumb":{"@id":"https:\/\/www.nexoinformativo.mx\/index.php\/2024\/10\/11\/urge-mantenimiento-a-carreteras-federales-el-gobierno-del-estado-respaldara-el-programa-bacheton\/#breadcrumb"},"inLanguage":"es","potentialAction":[{"@type":"ReadAction","target":["https:\/\/www.nexoinformativo.mx\/index.php\/2024\/10\/11\/urge-mantenimiento-a-carreteras-federales-el-gobierno-del-estado-respaldara-el-programa-bacheton\/"]}]},{"@type":"ImageObject","inLanguage":"es","@id":"https:\/\/www.nexoinformativo.mx\/index.php\/2024\/10\/11\/urge-mantenimiento-a-carreteras-federales-el-gobierno-del-estado-respaldara-el-programa-bacheton\/#primaryimage","url":"https:\/\/www.nexoinformativo.mx\/wp-content\/uploads\/2024\/10\/PHOTO-2024-10-11-10-50-45-e1728672019922.jpg","contentUrl":"https:\/\/www.nexoinformativo.mx\/wp-content\/uploads\/2024\/10\/PHOTO-2024-10-11-10-50-45-e1728672019922.jpg","width":800,"height":494},{"@type":"BreadcrumbList","@id":"https:\/\/www.nexoinformativo.mx\/index.php\/2024\/10\/11\/urge-mantenimiento-a-carreteras-federales-el-gobierno-del-estado-respaldara-el-programa-bacheton\/#breadcrumb","itemListElement":[{"@type":"ListItem","position":1,"name":"Inicio","item":"https:\/\/www.nexoinformativo.mx\/"},{"@type":"ListItem","position":2,"name":"Urge Mantenimiento a Carreteras Federales: El Gobierno del Estado Respaldar\u00e1 el Programa \u201cBachet\u00f3n\u201d"}]},{"@type":"WebSite","@id":"https:\/\/www.nexoinformativo.mx\/#website","url":"https:\/\/www.nexoinformativo.mx\/","name":"Nexo Informativo Santiago de Quer\u00e9taro","description":"Explora NexoInformativo y convi\u00e9rtete en parte de una comunidad que valora el conocimiento y la verdad. Tu nexoinformativo es tu puente hacia una comprensi\u00f3n m\u00e1s profunda del mundo que te rodea.","publisher":{"@id":"https:\/\/www.nexoinformativo.mx\/#organization"},"potentialAction":[{"@type":"SearchAction","target":{"@type":"EntryPoint","urlTemplate":"https:\/\/www.nexoinformativo.mx\/?s={search_term_string}"},"query-input":{"@type":"PropertyValueSpecification","valueRequired":true,"valueName":"search_term_string"}}],"inLanguage":"es"},{"@type":"Organization","@id":"https:\/\/www.nexoinformativo.mx\/#organization","name":"Nexo Informativo Santiago de Quer\u00e9taro","url":"https:\/\/www.nexoinformativo.mx\/","logo":{"@type":"ImageObject","inLanguage":"es","@id":"https:\/\/www.nexoinformativo.mx\/#\/schema\/logo\/image\/","url":"https:\/\/www.nexoinformativo.mx\/wp-content\/uploads\/2024\/07\/nexoi-trasparente-2.png","contentUrl":"https:\/\/www.nexoinformativo.mx\/wp-content\/uploads\/2024\/07\/nexoi-trasparente-2.png","width":816,"height":339,"caption":"Nexo Informativo Santiago de Quer\u00e9taro"},"image":{"@id":"https:\/\/www.nexoinformativo.mx\/#\/schema\/logo\/image\/"},"sameAs":["https:\/\/www.facebook.com\/people\/Nexo-Informativo\/61564066885511\/"]},{"@type":"Person","@id":"https:\/\/www.nexoinformativo.mx\/#\/schema\/person\/7749d380ba08c8ca00d7bc76fd907b7d","name":"Nexo Informativo","image":{"@type":"ImageObject","inLanguage":"es","@id":"https:\/\/www.nexoinformativo.mx\/#\/schema\/person\/image\/","url":"https:\/\/secure.gravatar.com\/avatar\/dde2928154642a13d95f87ddf1ea9718fe2b46760a005c53e41ff5ad610704e6?s=96&d=mm&r=g","contentUrl":"https:\/\/secure.gravatar.com\/avatar\/dde2928154642a13d95f87ddf1ea9718fe2b46760a005c53e41ff5ad610704e6?s=96&d=mm&r=g","caption":"Nexo Informativo"},"url":"https:\/\/www.nexoinformativo.mx\/index.php\/author\/edicion\/"}]}},"_links":{"self":[{"href":"https:\/\/www.nexoinformativo.mx\/index.php\/wp-json\/wp\/v2\/posts\/3254","targetHints":{"allow":["GET"]}}],"collection":[{"href":"https:\/\/www.nexoinformativo.mx\/index.php\/wp-json\/wp\/v2\/posts"}],"about":[{"href":"https:\/\/www.nexoinformativo.mx\/index.php\/wp-json\/wp\/v2\/types\/post"}],"author":[{"embeddable":true,"href":"https:\/\/www.nexoinformativo.mx\/index.php\/wp-json\/wp\/v2\/users\/3"}],"replies":[{"embeddable":true,"href":"https:\/\/www.nexoinformativo.mx\/index.php\/wp-json\/wp\/v2\/comments?post=3254"}],"version-history":[{"count":5,"href":"https:\/\/www.nexoinformativo.mx\/index.php\/wp-json\/wp\/v2\/posts\/3254\/revisions"}],"predecessor-version":[{"id":3257,"href":"https:\/\/www.nexoinformativo.mx\/index.php\/wp-json\/wp\/v2\/posts\/3254\/revisions\/3257"}],"wp:featuredmedia":[{"embeddable":true,"href":"https:\/\/www.nexoinformativo.mx\/index.php\/wp-json\/wp\/v2\/media\/3255"}],"wp:attachment":[{"href":"https:\/\/www.nexoinformativo.mx\/index.php\/wp-json\/wp\/v2\/media?parent=3254"}],"wp:term":[{"taxonomy":"category","embeddable":true,"href":"https:\/\/www.nexoinformativo.mx\/index.php\/wp-json\/wp\/v2\/categories?post=3254"},{"taxonomy":"post_tag","embeddable":true,"href":"https:\/\/www.nexoinformativo.mx\/index.php\/wp-json\/wp\/v2\/tags?post=3254"}],"curies":[{"name":"wp","href":"https:\/\/api.w.org\/{rel}","templated":true}]}}