{"id":3261,"date":"2024-10-11T12:00:16","date_gmt":"2024-10-11T18:00:16","guid":{"rendered":"https:\/\/www.nexoinformativo.mx\/?p=3261"},"modified":"2024-10-12T15:44:13","modified_gmt":"2024-10-12T21:44:13","slug":"kamala-harris-aborda-el-tema-migratorio-y-conecta-con-votantes-hispanos-en-las-vegas","status":"publish","type":"post","link":"https:\/\/www.nexoinformativo.mx\/index.php\/2024\/10\/11\/kamala-harris-aborda-el-tema-migratorio-y-conecta-con-votantes-hispanos-en-las-vegas\/","title":{"rendered":"Kamala Harris aborda el tema migratorio y conecta con votantes Hispanos en Las Vegas"},"content":{"rendered":"<p style=\"text-align: justify;\">La vicepresidenta de Estados Unidos, Kamala Harris, se dirigi\u00f3 a un grupo de votantes hispanos en Las Vegas durante un evento organizado por Univision, abordando temas cruciales como la atenci\u00f3n m\u00e9dica, la econom\u00eda y, especialmente, la situaci\u00f3n migratoria. En un encuentro emotivo, una mujer comparti\u00f3 su dolor al contar c\u00f3mo su madre falleci\u00f3 sin haber podido obtener un estatus legal en el pa\u00eds.<\/p>\n<p>&nbsp;<\/p>\n<p style=\"text-align: justify;\">Esta pregunta reson\u00f3 profundamente en el p\u00fablico y puso de relieve la urgencia del problema migratorio. Harris se esforz\u00f3 por conectar con los asistentes, instando a recordar a los seres queridos por su contribuciones. Sin embargo, su mensaje centrado en su discurso en la aplicaci\u00f3n de la ley en lugar de reformas significativas.<\/p>\n<p>&nbsp;<\/p>\n<p style=\"text-align: justify;\">Durante el evento, la vicepresidenta hizo hincapi\u00e9 en que la situaci\u00f3n actual no es un debate te\u00f3rico, sino una cuesti\u00f3n de principios fundamentales. Se acercan las elecciones y la comunidad hispana se vuelve crucial en estados como Nevada y Arizona, donde su apoyo puede marcar la diferencia en los resultados.<\/p>\n<p>&nbsp;<\/p>\n<p style=\"text-align: justify;\">Harris ha estado trabajando para ganar el apoyo de los votantes latinos. Pero las encuestas indican que su apoyo entre los hispanos es menor al que tuvo Joe Biden en 2020. En Arizona, por ejemplo, tiene un 49% de apoyo frente al 41% de Trump, lo que muestra un cambio significativo en la din\u00e1mica electoral.<\/p>\n<p>&nbsp;<\/p>\n<p style=\"text-align: justify;\">Uno de los temas m\u00e1s destacados en su discurso fue el compromiso de ampliar y mejorar las v\u00edas legales para los inmigrantes indocumentados y los <strong>&#8220;dreamers&#8221;<\/strong>. Sin embargo, no mencion\u00f3 su promesa anterior de utilizar el poder presidencial para otorgarles un camino hacia la ciudadan\u00eda, dejando algunas preguntas sin respuesta.<\/p>\n<p>&nbsp;<\/p>\n<p style=\"text-align: justify;\">El evento tambi\u00e9n fue un recordatorio de la influencia que los votantes hispanos pueden tener en las pr\u00f3ximas elecciones, con temas clave como la econom\u00eda y la inmigraci\u00f3n. Seg\u00fan el representante por California, Robert Garcia, <strong>\u201clos latinos van a tener una influencia enorme en estas elecciones\u201d,<\/strong>\u00a0subrayando la importancia de atraer a este grupo electoral.<\/p>\n<p>&nbsp;<\/p>\n<p style=\"text-align: center;\"><strong>\u00a1Informaci\u00f3n que transforma!<\/strong><\/p>\n","protected":false},"excerpt":{"rendered":"<p>La vicepresidenta de Estados Unidos, Kamala Harris, se dirigi\u00f3 a un grupo de votantes hispanos en Las Vegas durante un evento organizado por Univision, abordando temas cruciales como la atenci\u00f3n m\u00e9dica, la econom\u00eda y, especialmente, la situaci\u00f3n migratoria.<\/p>\n","protected":false},"author":3,"featured_media":3262,"comment_status":"open","ping_status":"open","sticky":false,"template":"","format":"standard","meta":{"footnotes":""},"categories":[21,58],"tags":[554,1300,1299,1301],"class_list":["post-3261","post","type-post","status-publish","format-standard","has-post-thumbnail","hentry","category-politica","category-ultima-hora","tag-elecciones2024","tag-inmigracion","tag-kamalaharris","tag-votanteshispanos"],"yoast_head":"<!-- This site is optimized with the Yoast SEO plugin v25.0 - https:\/\/yoast.com\/wordpress\/plugins\/seo\/ -->\n<title>Kamala Harris aborda el tema migratorio y conecta con votantes Hispanos en Las Vegas | Nexo Informativo Santiago de Quer\u00e9taro<\/title>\n<meta name=\"description\" content=\"Kamala Harris aborda el tema migratorio y conecta con votantes Hispanos en Las Vegas\" \/>\n<meta name=\"robots\" content=\"index, follow, max-snippet:-1, max-image-preview:large, max-video-preview:-1\" \/>\n<link rel=\"canonical\" href=\"https:\/\/www.nexoinformativo.mx\/index.php\/2024\/10\/11\/kamala-harris-aborda-el-tema-migratorio-y-conecta-con-votantes-hispanos-en-las-vegas\/\" \/>\n<meta property=\"og:locale\" content=\"es_MX\" \/>\n<meta property=\"og:type\" content=\"article\" \/>\n<meta property=\"og:title\" content=\"Kamala Harris aborda el tema migratorio y conecta con votantes Hispanos en Las Vegas | Nexo Informativo Santiago de Quer\u00e9taro\" \/>\n<meta property=\"og:description\" content=\"Kamala Harris aborda el tema migratorio y conecta con votantes Hispanos en Las Vegas\" \/>\n<meta property=\"og:url\" content=\"https:\/\/www.nexoinformativo.mx\/index.php\/2024\/10\/11\/kamala-harris-aborda-el-tema-migratorio-y-conecta-con-votantes-hispanos-en-las-vegas\/\" \/>\n<meta property=\"og:site_name\" content=\"Nexo Informativo Santiago de Quer\u00e9taro\" \/>\n<meta property=\"article:publisher\" content=\"https:\/\/www.facebook.com\/people\/Nexo-Informativo\/61564066885511\/\" \/>\n<meta property=\"article:published_time\" content=\"2024-10-11T18:00:16+00:00\" \/>\n<meta property=\"article:modified_time\" content=\"2024-10-12T21:44:13+00:00\" \/>\n<meta property=\"og:image\" content=\"https:\/\/www.nexoinformativo.mx\/wp-content\/uploads\/2024\/10\/IMG_6840.jpg\" \/>\n\t<meta property=\"og:image:width\" content=\"739\" \/>\n\t<meta property=\"og:image:height\" content=\"415\" \/>\n\t<meta property=\"og:image:type\" content=\"image\/jpeg\" \/>\n<meta name=\"author\" content=\"Nexo Informativo\" \/>\n<meta name=\"twitter:card\" content=\"summary_large_image\" \/>\n<meta name=\"twitter:label1\" content=\"Escrito por\" \/>\n\t<meta name=\"twitter:data1\" content=\"Nexo Informativo\" \/>\n\t<meta name=\"twitter:label2\" content=\"Tiempo de lectura\" \/>\n\t<meta name=\"twitter:data2\" content=\"2 minutos\" \/>\n<script type=\"application\/ld+json\" class=\"yoast-schema-graph\">{\"@context\":\"https:\/\/schema.org\",\"@graph\":[{\"@type\":\"Article\",\"@id\":\"https:\/\/www.nexoinformativo.mx\/index.php\/2024\/10\/11\/kamala-harris-aborda-el-tema-migratorio-y-conecta-con-votantes-hispanos-en-las-vegas\/#article\",\"isPartOf\":{\"@id\":\"https:\/\/www.nexoinformativo.mx\/index.php\/2024\/10\/11\/kamala-harris-aborda-el-tema-migratorio-y-conecta-con-votantes-hispanos-en-las-vegas\/\"},\"author\":{\"name\":\"Nexo Informativo\",\"@id\":\"https:\/\/www.nexoinformativo.mx\/#\/schema\/person\/7749d380ba08c8ca00d7bc76fd907b7d\"},\"headline\":\"Kamala Harris aborda el tema migratorio y conecta con votantes Hispanos en Las Vegas\",\"datePublished\":\"2024-10-11T18:00:16+00:00\",\"dateModified\":\"2024-10-12T21:44:13+00:00\",\"mainEntityOfPage\":{\"@id\":\"https:\/\/www.nexoinformativo.mx\/index.php\/2024\/10\/11\/kamala-harris-aborda-el-tema-migratorio-y-conecta-con-votantes-hispanos-en-las-vegas\/\"},\"wordCount\":367,\"commentCount\":0,\"publisher\":{\"@id\":\"https:\/\/www.nexoinformativo.mx\/#organization\"},\"image\":{\"@id\":\"https:\/\/www.nexoinformativo.mx\/index.php\/2024\/10\/11\/kamala-harris-aborda-el-tema-migratorio-y-conecta-con-votantes-hispanos-en-las-vegas\/#primaryimage\"},\"thumbnailUrl\":\"https:\/\/www.nexoinformativo.mx\/wp-content\/uploads\/2024\/10\/IMG_6840.jpg\",\"keywords\":[\"Elecciones2024\",\"Inmigraci\u00f3n\",\"KamalaHarris\",\"VotantesHispanos\"],\"articleSection\":[\"Pol\u00edtica\",\"\u00daltima Hora\"],\"inLanguage\":\"es\",\"potentialAction\":[{\"@type\":\"CommentAction\",\"name\":\"Comment\",\"target\":[\"https:\/\/www.nexoinformativo.mx\/index.php\/2024\/10\/11\/kamala-harris-aborda-el-tema-migratorio-y-conecta-con-votantes-hispanos-en-las-vegas\/#respond\"]}]},{\"@type\":\"WebPage\",\"@id\":\"https:\/\/www.nexoinformativo.mx\/index.php\/2024\/10\/11\/kamala-harris-aborda-el-tema-migratorio-y-conecta-con-votantes-hispanos-en-las-vegas\/\",\"url\":\"https:\/\/www.nexoinformativo.mx\/index.php\/2024\/10\/11\/kamala-harris-aborda-el-tema-migratorio-y-conecta-con-votantes-hispanos-en-las-vegas\/\",\"name\":\"Kamala Harris aborda el tema migratorio y conecta con votantes Hispanos en Las Vegas | Nexo Informativo Santiago de Quer\u00e9taro\",\"isPartOf\":{\"@id\":\"https:\/\/www.nexoinformativo.mx\/#website\"},\"primaryImageOfPage\":{\"@id\":\"https:\/\/www.nexoinformativo.mx\/index.php\/2024\/10\/11\/kamala-harris-aborda-el-tema-migratorio-y-conecta-con-votantes-hispanos-en-las-vegas\/#primaryimage\"},\"image\":{\"@id\":\"https:\/\/www.nexoinformativo.mx\/index.php\/2024\/10\/11\/kamala-harris-aborda-el-tema-migratorio-y-conecta-con-votantes-hispanos-en-las-vegas\/#primaryimage\"},\"thumbnailUrl\":\"https:\/\/www.nexoinformativo.mx\/wp-content\/uploads\/2024\/10\/IMG_6840.jpg\",\"datePublished\":\"2024-10-11T18:00:16+00:00\",\"dateModified\":\"2024-10-12T21:44:13+00:00\",\"description\":\"Kamala Harris aborda el tema migratorio y conecta con votantes Hispanos en Las Vegas\",\"breadcrumb\":{\"@id\":\"https:\/\/www.nexoinformativo.mx\/index.php\/2024\/10\/11\/kamala-harris-aborda-el-tema-migratorio-y-conecta-con-votantes-hispanos-en-las-vegas\/#breadcrumb\"},\"inLanguage\":\"es\",\"potentialAction\":[{\"@type\":\"ReadAction\",\"target\":[\"https:\/\/www.nexoinformativo.mx\/index.php\/2024\/10\/11\/kamala-harris-aborda-el-tema-migratorio-y-conecta-con-votantes-hispanos-en-las-vegas\/\"]}]},{\"@type\":\"ImageObject\",\"inLanguage\":\"es\",\"@id\":\"https:\/\/www.nexoinformativo.mx\/index.php\/2024\/10\/11\/kamala-harris-aborda-el-tema-migratorio-y-conecta-con-votantes-hispanos-en-las-vegas\/#primaryimage\",\"url\":\"https:\/\/www.nexoinformativo.mx\/wp-content\/uploads\/2024\/10\/IMG_6840.jpg\",\"contentUrl\":\"https:\/\/www.nexoinformativo.mx\/wp-content\/uploads\/2024\/10\/IMG_6840.jpg\",\"width\":739,\"height\":415},{\"@type\":\"BreadcrumbList\",\"@id\":\"https:\/\/www.nexoinformativo.mx\/index.php\/2024\/10\/11\/kamala-harris-aborda-el-tema-migratorio-y-conecta-con-votantes-hispanos-en-las-vegas\/#breadcrumb\",\"itemListElement\":[{\"@type\":\"ListItem\",\"position\":1,\"name\":\"Inicio\",\"item\":\"https:\/\/www.nexoinformativo.mx\/\"},{\"@type\":\"ListItem\",\"position\":2,\"name\":\"Kamala Harris aborda el tema migratorio y conecta con votantes Hispanos en Las Vegas\"}]},{\"@type\":\"WebSite\",\"@id\":\"https:\/\/www.nexoinformativo.mx\/#website\",\"url\":\"https:\/\/www.nexoinformativo.mx\/\",\"name\":\"Nexo Informativo Santiago de Quer\u00e9taro\",\"description\":\"Explora NexoInformativo y convi\u00e9rtete en parte de una comunidad que valora el conocimiento y la verdad. Tu nexoinformativo es tu puente hacia una comprensi\u00f3n m\u00e1s profunda del mundo que te rodea.\",\"publisher\":{\"@id\":\"https:\/\/www.nexoinformativo.mx\/#organization\"},\"potentialAction\":[{\"@type\":\"SearchAction\",\"target\":{\"@type\":\"EntryPoint\",\"urlTemplate\":\"https:\/\/www.nexoinformativo.mx\/?s={search_term_string}\"},\"query-input\":{\"@type\":\"PropertyValueSpecification\",\"valueRequired\":true,\"valueName\":\"search_term_string\"}}],\"inLanguage\":\"es\"},{\"@type\":\"Organization\",\"@id\":\"https:\/\/www.nexoinformativo.mx\/#organization\",\"name\":\"Nexo Informativo Santiago de Quer\u00e9taro\",\"url\":\"https:\/\/www.nexoinformativo.mx\/\",\"logo\":{\"@type\":\"ImageObject\",\"inLanguage\":\"es\",\"@id\":\"https:\/\/www.nexoinformativo.mx\/#\/schema\/logo\/image\/\",\"url\":\"https:\/\/www.nexoinformativo.mx\/wp-content\/uploads\/2024\/07\/nexoi-trasparente-2.png\",\"contentUrl\":\"https:\/\/www.nexoinformativo.mx\/wp-content\/uploads\/2024\/07\/nexoi-trasparente-2.png\",\"width\":816,\"height\":339,\"caption\":\"Nexo Informativo Santiago de Quer\u00e9taro\"},\"image\":{\"@id\":\"https:\/\/www.nexoinformativo.mx\/#\/schema\/logo\/image\/\"},\"sameAs\":[\"https:\/\/www.facebook.com\/people\/Nexo-Informativo\/61564066885511\/\"]},{\"@type\":\"Person\",\"@id\":\"https:\/\/www.nexoinformativo.mx\/#\/schema\/person\/7749d380ba08c8ca00d7bc76fd907b7d\",\"name\":\"Nexo Informativo\",\"image\":{\"@type\":\"ImageObject\",\"inLanguage\":\"es\",\"@id\":\"https:\/\/www.nexoinformativo.mx\/#\/schema\/person\/image\/\",\"url\":\"https:\/\/secure.gravatar.com\/avatar\/dde2928154642a13d95f87ddf1ea9718fe2b46760a005c53e41ff5ad610704e6?s=96&d=mm&r=g\",\"contentUrl\":\"https:\/\/secure.gravatar.com\/avatar\/dde2928154642a13d95f87ddf1ea9718fe2b46760a005c53e41ff5ad610704e6?s=96&d=mm&r=g\",\"caption\":\"Nexo Informativo\"},\"url\":\"https:\/\/www.nexoinformativo.mx\/index.php\/author\/edicion\/\"}]}<\/script>\n<!-- \/ Yoast SEO plugin. -->","yoast_head_json":{"title":"Kamala Harris aborda el tema migratorio y conecta con votantes Hispanos en Las Vegas | Nexo Informativo Santiago de Quer\u00e9taro","description":"Kamala Harris aborda el tema migratorio y conecta con votantes Hispanos en Las Vegas","robots":{"index":"index","follow":"follow","max-snippet":"max-snippet:-1","max-image-preview":"max-image-preview:large","max-video-preview":"max-video-preview:-1"},"canonical":"https:\/\/www.nexoinformativo.mx\/index.php\/2024\/10\/11\/kamala-harris-aborda-el-tema-migratorio-y-conecta-con-votantes-hispanos-en-las-vegas\/","og_locale":"es_MX","og_type":"article","og_title":"Kamala Harris aborda el tema migratorio y conecta con votantes Hispanos en Las Vegas | Nexo Informativo Santiago de Quer\u00e9taro","og_description":"Kamala Harris aborda el tema migratorio y conecta con votantes Hispanos en Las Vegas","og_url":"https:\/\/www.nexoinformativo.mx\/index.php\/2024\/10\/11\/kamala-harris-aborda-el-tema-migratorio-y-conecta-con-votantes-hispanos-en-las-vegas\/","og_site_name":"Nexo Informativo Santiago de Quer\u00e9taro","article_publisher":"https:\/\/www.facebook.com\/people\/Nexo-Informativo\/61564066885511\/","article_published_time":"2024-10-11T18:00:16+00:00","article_modified_time":"2024-10-12T21:44:13+00:00","og_image":[{"width":739,"height":415,"url":"https:\/\/www.nexoinformativo.mx\/wp-content\/uploads\/2024\/10\/IMG_6840.jpg","type":"image\/jpeg"}],"author":"Nexo Informativo","twitter_card":"summary_large_image","twitter_misc":{"Escrito por":"Nexo Informativo","Tiempo de lectura":"2 minutos"},"schema":{"@context":"https:\/\/schema.org","@graph":[{"@type":"Article","@id":"https:\/\/www.nexoinformativo.mx\/index.php\/2024\/10\/11\/kamala-harris-aborda-el-tema-migratorio-y-conecta-con-votantes-hispanos-en-las-vegas\/#article","isPartOf":{"@id":"https:\/\/www.nexoinformativo.mx\/index.php\/2024\/10\/11\/kamala-harris-aborda-el-tema-migratorio-y-conecta-con-votantes-hispanos-en-las-vegas\/"},"author":{"name":"Nexo Informativo","@id":"https:\/\/www.nexoinformativo.mx\/#\/schema\/person\/7749d380ba08c8ca00d7bc76fd907b7d"},"headline":"Kamala Harris aborda el tema migratorio y conecta con votantes Hispanos en Las Vegas","datePublished":"2024-10-11T18:00:16+00:00","dateModified":"2024-10-12T21:44:13+00:00","mainEntityOfPage":{"@id":"https:\/\/www.nexoinformativo.mx\/index.php\/2024\/10\/11\/kamala-harris-aborda-el-tema-migratorio-y-conecta-con-votantes-hispanos-en-las-vegas\/"},"wordCount":367,"commentCount":0,"publisher":{"@id":"https:\/\/www.nexoinformativo.mx\/#organization"},"image":{"@id":"https:\/\/www.nexoinformativo.mx\/index.php\/2024\/10\/11\/kamala-harris-aborda-el-tema-migratorio-y-conecta-con-votantes-hispanos-en-las-vegas\/#primaryimage"},"thumbnailUrl":"https:\/\/www.nexoinformativo.mx\/wp-content\/uploads\/2024\/10\/IMG_6840.jpg","keywords":["Elecciones2024","Inmigraci\u00f3n","KamalaHarris","VotantesHispanos"],"articleSection":["Pol\u00edtica","\u00daltima Hora"],"inLanguage":"es","potentialAction":[{"@type":"CommentAction","name":"Comment","target":["https:\/\/www.nexoinformativo.mx\/index.php\/2024\/10\/11\/kamala-harris-aborda-el-tema-migratorio-y-conecta-con-votantes-hispanos-en-las-vegas\/#respond"]}]},{"@type":"WebPage","@id":"https:\/\/www.nexoinformativo.mx\/index.php\/2024\/10\/11\/kamala-harris-aborda-el-tema-migratorio-y-conecta-con-votantes-hispanos-en-las-vegas\/","url":"https:\/\/www.nexoinformativo.mx\/index.php\/2024\/10\/11\/kamala-harris-aborda-el-tema-migratorio-y-conecta-con-votantes-hispanos-en-las-vegas\/","name":"Kamala Harris aborda el tema migratorio y conecta con votantes Hispanos en Las Vegas | Nexo Informativo Santiago de Quer\u00e9taro","isPartOf":{"@id":"https:\/\/www.nexoinformativo.mx\/#website"},"primaryImageOfPage":{"@id":"https:\/\/www.nexoinformativo.mx\/index.php\/2024\/10\/11\/kamala-harris-aborda-el-tema-migratorio-y-conecta-con-votantes-hispanos-en-las-vegas\/#primaryimage"},"image":{"@id":"https:\/\/www.nexoinformativo.mx\/index.php\/2024\/10\/11\/kamala-harris-aborda-el-tema-migratorio-y-conecta-con-votantes-hispanos-en-las-vegas\/#primaryimage"},"thumbnailUrl":"https:\/\/www.nexoinformativo.mx\/wp-content\/uploads\/2024\/10\/IMG_6840.jpg","datePublished":"2024-10-11T18:00:16+00:00","dateModified":"2024-10-12T21:44:13+00:00","description":"Kamala Harris aborda el tema migratorio y conecta con votantes Hispanos en Las Vegas","breadcrumb":{"@id":"https:\/\/www.nexoinformativo.mx\/index.php\/2024\/10\/11\/kamala-harris-aborda-el-tema-migratorio-y-conecta-con-votantes-hispanos-en-las-vegas\/#breadcrumb"},"inLanguage":"es","potentialAction":[{"@type":"ReadAction","target":["https:\/\/www.nexoinformativo.mx\/index.php\/2024\/10\/11\/kamala-harris-aborda-el-tema-migratorio-y-conecta-con-votantes-hispanos-en-las-vegas\/"]}]},{"@type":"ImageObject","inLanguage":"es","@id":"https:\/\/www.nexoinformativo.mx\/index.php\/2024\/10\/11\/kamala-harris-aborda-el-tema-migratorio-y-conecta-con-votantes-hispanos-en-las-vegas\/#primaryimage","url":"https:\/\/www.nexoinformativo.mx\/wp-content\/uploads\/2024\/10\/IMG_6840.jpg","contentUrl":"https:\/\/www.nexoinformativo.mx\/wp-content\/uploads\/2024\/10\/IMG_6840.jpg","width":739,"height":415},{"@type":"BreadcrumbList","@id":"https:\/\/www.nexoinformativo.mx\/index.php\/2024\/10\/11\/kamala-harris-aborda-el-tema-migratorio-y-conecta-con-votantes-hispanos-en-las-vegas\/#breadcrumb","itemListElement":[{"@type":"ListItem","position":1,"name":"Inicio","item":"https:\/\/www.nexoinformativo.mx\/"},{"@type":"ListItem","position":2,"name":"Kamala Harris aborda el tema migratorio y conecta con votantes Hispanos en Las Vegas"}]},{"@type":"WebSite","@id":"https:\/\/www.nexoinformativo.mx\/#website","url":"https:\/\/www.nexoinformativo.mx\/","name":"Nexo Informativo Santiago de Quer\u00e9taro","description":"Explora NexoInformativo y convi\u00e9rtete en parte de una comunidad que valora el conocimiento y la verdad. Tu nexoinformativo es tu puente hacia una comprensi\u00f3n m\u00e1s profunda del mundo que te rodea.","publisher":{"@id":"https:\/\/www.nexoinformativo.mx\/#organization"},"potentialAction":[{"@type":"SearchAction","target":{"@type":"EntryPoint","urlTemplate":"https:\/\/www.nexoinformativo.mx\/?s={search_term_string}"},"query-input":{"@type":"PropertyValueSpecification","valueRequired":true,"valueName":"search_term_string"}}],"inLanguage":"es"},{"@type":"Organization","@id":"https:\/\/www.nexoinformativo.mx\/#organization","name":"Nexo Informativo Santiago de Quer\u00e9taro","url":"https:\/\/www.nexoinformativo.mx\/","logo":{"@type":"ImageObject","inLanguage":"es","@id":"https:\/\/www.nexoinformativo.mx\/#\/schema\/logo\/image\/","url":"https:\/\/www.nexoinformativo.mx\/wp-content\/uploads\/2024\/07\/nexoi-trasparente-2.png","contentUrl":"https:\/\/www.nexoinformativo.mx\/wp-content\/uploads\/2024\/07\/nexoi-trasparente-2.png","width":816,"height":339,"caption":"Nexo Informativo Santiago de Quer\u00e9taro"},"image":{"@id":"https:\/\/www.nexoinformativo.mx\/#\/schema\/logo\/image\/"},"sameAs":["https:\/\/www.facebook.com\/people\/Nexo-Informativo\/61564066885511\/"]},{"@type":"Person","@id":"https:\/\/www.nexoinformativo.mx\/#\/schema\/person\/7749d380ba08c8ca00d7bc76fd907b7d","name":"Nexo Informativo","image":{"@type":"ImageObject","inLanguage":"es","@id":"https:\/\/www.nexoinformativo.mx\/#\/schema\/person\/image\/","url":"https:\/\/secure.gravatar.com\/avatar\/dde2928154642a13d95f87ddf1ea9718fe2b46760a005c53e41ff5ad610704e6?s=96&d=mm&r=g","contentUrl":"https:\/\/secure.gravatar.com\/avatar\/dde2928154642a13d95f87ddf1ea9718fe2b46760a005c53e41ff5ad610704e6?s=96&d=mm&r=g","caption":"Nexo Informativo"},"url":"https:\/\/www.nexoinformativo.mx\/index.php\/author\/edicion\/"}]}},"_links":{"self":[{"href":"https:\/\/www.nexoinformativo.mx\/index.php\/wp-json\/wp\/v2\/posts\/3261","targetHints":{"allow":["GET"]}}],"collection":[{"href":"https:\/\/www.nexoinformativo.mx\/index.php\/wp-json\/wp\/v2\/posts"}],"about":[{"href":"https:\/\/www.nexoinformativo.mx\/index.php\/wp-json\/wp\/v2\/types\/post"}],"author":[{"embeddable":true,"href":"https:\/\/www.nexoinformativo.mx\/index.php\/wp-json\/wp\/v2\/users\/3"}],"replies":[{"embeddable":true,"href":"https:\/\/www.nexoinformativo.mx\/index.php\/wp-json\/wp\/v2\/comments?post=3261"}],"version-history":[{"count":7,"href":"https:\/\/www.nexoinformativo.mx\/index.php\/wp-json\/wp\/v2\/posts\/3261\/revisions"}],"predecessor-version":[{"id":3314,"href":"https:\/\/www.nexoinformativo.mx\/index.php\/wp-json\/wp\/v2\/posts\/3261\/revisions\/3314"}],"wp:featuredmedia":[{"embeddable":true,"href":"https:\/\/www.nexoinformativo.mx\/index.php\/wp-json\/wp\/v2\/media\/3262"}],"wp:attachment":[{"href":"https:\/\/www.nexoinformativo.mx\/index.php\/wp-json\/wp\/v2\/media?parent=3261"}],"wp:term":[{"taxonomy":"category","embeddable":true,"href":"https:\/\/www.nexoinformativo.mx\/index.php\/wp-json\/wp\/v2\/categories?post=3261"},{"taxonomy":"post_tag","embeddable":true,"href":"https:\/\/www.nexoinformativo.mx\/index.php\/wp-json\/wp\/v2\/tags?post=3261"}],"curies":[{"name":"wp","href":"https:\/\/api.w.org\/{rel}","templated":true}]}}