{"id":3268,"date":"2024-10-11T11:30:36","date_gmt":"2024-10-11T17:30:36","guid":{"rendered":"https:\/\/www.nexoinformativo.mx\/?p=3268"},"modified":"2024-10-12T13:50:13","modified_gmt":"2024-10-12T19:50:13","slug":"detienen-a-hombre-con-sustancias-ilicitas-en-corregidora-un-caso-de-narcotrafico","status":"publish","type":"post","link":"https:\/\/www.nexoinformativo.mx\/index.php\/2024\/10\/11\/detienen-a-hombre-con-sustancias-ilicitas-en-corregidora-un-caso-de-narcotrafico\/","title":{"rendered":"Detienen a Hombre con Sustancias Il\u00edcitas en Corregidora: Un Caso de Narcotr\u00e1fico"},"content":{"rendered":"<p style=\"text-align: justify;\">En un operativo de rutina, elementos de la Polic\u00eda Municipal de Corregidora detuvieron a un hombre en la colonia <strong>El Milagrito<\/strong>, quien mostr\u00f3 un comportamiento sospechoso al notar la presencia de la patrulla. La intervenci\u00f3n policial result\u00f3 en el hallazgo de diversas sustancias que se consideran il\u00edcitas.<\/p>\n<p>&nbsp;<\/p>\n<p style=\"text-align: justify;\">Durante la inspecci\u00f3n de las pertenencias del detenido, los oficiales encontraron un total de 47 bolsas herm\u00e9ticas con una sustancia que se asemeja a la marihuana, as\u00ed como 76 bolsas que conten\u00edan lo que parece ser cristal. Adem\u00e1s, se descubrieron 7 viper, 4 cajas de presunto tabaco de marihuana, y 3 envoltorios con una sustancia dorada que tambi\u00e9n parece ser cristal.<\/p>\n<p>&nbsp;<\/p>\n<p style=\"text-align: justify;\">Otros hallazgos incluyeron 40 envoltorios con una sustancia similar a la piedra azul y 14 envoltorios que aparentan ser coca\u00edna. Asimismo, las autoridades encontraron p\u00edldoras que podr\u00edan contener clonazepam, LSD y otras sustancias controladas. Estos descubrimientos subrayan la magnitud del problema del narcotr\u00e1fico en la regi\u00f3n.<\/p>\n<p>&nbsp;<\/p>\n<p style=\"text-align: justify;\">El detenido ha sido puesto a disposici\u00f3n de la<strong> (FGR)<\/strong>, donde se determinar\u00e1 su situaci\u00f3n jur\u00eddica.Las autoridades locales contin\u00faan trabajando para combatir el narcotr\u00e1fico y garantizar la seguridad de los ciudadanos en Corregidora.<\/p>\n<p>&nbsp;<\/p>\n<p style=\"text-align: center;\"><em><strong>\u00a1Informaci\u00f3n que transforma!<\/strong><\/em><\/p>\n","protected":false},"excerpt":{"rendered":"<p>En un operativo de rutina, elementos de la Polic\u00eda Municipal de Corregidora detuvieron a un hombre en la colonia El Milagrito, quien mostr\u00f3 un comportamiento sospechoso al notar la presencia de la patrulla. La intervenci\u00f3n policial result\u00f3 en el hallazgo de diversas sustancias que se consideran il\u00edcitas. &nbsp; Durante la inspecci\u00f3n de las pertenencias del [&hellip;]<\/p>\n","protected":false},"author":3,"featured_media":3269,"comment_status":"open","ping_status":"open","sticky":false,"template":"","format":"standard","meta":{"footnotes":""},"categories":[137,58],"tags":[233,155,1302],"class_list":["post-3268","post","type-post","status-publish","format-standard","has-post-thumbnail","hentry","category-sucesos","category-ultima-hora","tag-corregidora","tag-detencion","tag-narcotrafico"],"yoast_head":"<!-- This site is optimized with the Yoast SEO plugin v25.0 - https:\/\/yoast.com\/wordpress\/plugins\/seo\/ -->\n<title>Detienen a Hombre con Sustancias Il\u00edcitas en Corregidora: Un Caso de Narcotr\u00e1fico | Nexo Informativo Santiago de Quer\u00e9taro<\/title>\n<meta name=\"description\" content=\"Detienen a Hombre con Sustancias Il\u00edcitas en Corregidora: Un Caso de Narcotr\u00e1fico\" \/>\n<meta name=\"robots\" content=\"index, follow, max-snippet:-1, max-image-preview:large, max-video-preview:-1\" \/>\n<link rel=\"canonical\" href=\"https:\/\/www.nexoinformativo.mx\/index.php\/2024\/10\/11\/detienen-a-hombre-con-sustancias-ilicitas-en-corregidora-un-caso-de-narcotrafico\/\" \/>\n<meta property=\"og:locale\" content=\"es_MX\" \/>\n<meta property=\"og:type\" content=\"article\" \/>\n<meta property=\"og:title\" content=\"Detienen a Hombre con Sustancias Il\u00edcitas en Corregidora: Un Caso de Narcotr\u00e1fico | Nexo Informativo Santiago de Quer\u00e9taro\" \/>\n<meta property=\"og:description\" content=\"Detienen a Hombre con Sustancias Il\u00edcitas en Corregidora: Un Caso de Narcotr\u00e1fico\" \/>\n<meta property=\"og:url\" content=\"https:\/\/www.nexoinformativo.mx\/index.php\/2024\/10\/11\/detienen-a-hombre-con-sustancias-ilicitas-en-corregidora-un-caso-de-narcotrafico\/\" \/>\n<meta property=\"og:site_name\" content=\"Nexo Informativo Santiago de Quer\u00e9taro\" \/>\n<meta property=\"article:publisher\" content=\"https:\/\/www.facebook.com\/people\/Nexo-Informativo\/61564066885511\/\" \/>\n<meta property=\"article:published_time\" content=\"2024-10-11T17:30:36+00:00\" \/>\n<meta property=\"article:modified_time\" content=\"2024-10-12T19:50:13+00:00\" \/>\n<meta property=\"og:image\" content=\"https:\/\/www.nexoinformativo.mx\/wp-content\/uploads\/2024\/10\/PHOTO-2024-10-11-13-27-52-e1728676045304.jpg\" \/>\n\t<meta property=\"og:image:width\" content=\"800\" \/>\n\t<meta property=\"og:image:height\" content=\"1000\" \/>\n\t<meta property=\"og:image:type\" content=\"image\/jpeg\" \/>\n<meta name=\"author\" content=\"Nexo Informativo\" \/>\n<meta name=\"twitter:card\" content=\"summary_large_image\" \/>\n<meta name=\"twitter:label1\" content=\"Escrito por\" \/>\n\t<meta name=\"twitter:data1\" content=\"Nexo Informativo\" \/>\n\t<meta name=\"twitter:label2\" content=\"Tiempo de lectura\" \/>\n\t<meta name=\"twitter:data2\" content=\"2 minutos\" \/>\n<script type=\"application\/ld+json\" class=\"yoast-schema-graph\">{\"@context\":\"https:\/\/schema.org\",\"@graph\":[{\"@type\":\"Article\",\"@id\":\"https:\/\/www.nexoinformativo.mx\/index.php\/2024\/10\/11\/detienen-a-hombre-con-sustancias-ilicitas-en-corregidora-un-caso-de-narcotrafico\/#article\",\"isPartOf\":{\"@id\":\"https:\/\/www.nexoinformativo.mx\/index.php\/2024\/10\/11\/detienen-a-hombre-con-sustancias-ilicitas-en-corregidora-un-caso-de-narcotrafico\/\"},\"author\":{\"name\":\"Nexo Informativo\",\"@id\":\"https:\/\/www.nexoinformativo.mx\/#\/schema\/person\/7749d380ba08c8ca00d7bc76fd907b7d\"},\"headline\":\"Detienen a Hombre con Sustancias Il\u00edcitas en Corregidora: Un Caso de Narcotr\u00e1fico\",\"datePublished\":\"2024-10-11T17:30:36+00:00\",\"dateModified\":\"2024-10-12T19:50:13+00:00\",\"mainEntityOfPage\":{\"@id\":\"https:\/\/www.nexoinformativo.mx\/index.php\/2024\/10\/11\/detienen-a-hombre-con-sustancias-ilicitas-en-corregidora-un-caso-de-narcotrafico\/\"},\"wordCount\":221,\"commentCount\":0,\"publisher\":{\"@id\":\"https:\/\/www.nexoinformativo.mx\/#organization\"},\"image\":{\"@id\":\"https:\/\/www.nexoinformativo.mx\/index.php\/2024\/10\/11\/detienen-a-hombre-con-sustancias-ilicitas-en-corregidora-un-caso-de-narcotrafico\/#primaryimage\"},\"thumbnailUrl\":\"https:\/\/www.nexoinformativo.mx\/wp-content\/uploads\/2024\/10\/PHOTO-2024-10-11-13-27-52-e1728676045304.jpg\",\"keywords\":[\"Corregidora\",\"Detenci\u00f3n\",\"Narcotr\u00e1fico\"],\"articleSection\":[\"Sucesos\",\"\u00daltima Hora\"],\"inLanguage\":\"es\",\"potentialAction\":[{\"@type\":\"CommentAction\",\"name\":\"Comment\",\"target\":[\"https:\/\/www.nexoinformativo.mx\/index.php\/2024\/10\/11\/detienen-a-hombre-con-sustancias-ilicitas-en-corregidora-un-caso-de-narcotrafico\/#respond\"]}]},{\"@type\":\"WebPage\",\"@id\":\"https:\/\/www.nexoinformativo.mx\/index.php\/2024\/10\/11\/detienen-a-hombre-con-sustancias-ilicitas-en-corregidora-un-caso-de-narcotrafico\/\",\"url\":\"https:\/\/www.nexoinformativo.mx\/index.php\/2024\/10\/11\/detienen-a-hombre-con-sustancias-ilicitas-en-corregidora-un-caso-de-narcotrafico\/\",\"name\":\"Detienen a Hombre con Sustancias Il\u00edcitas en Corregidora: Un Caso de Narcotr\u00e1fico | Nexo Informativo Santiago de Quer\u00e9taro\",\"isPartOf\":{\"@id\":\"https:\/\/www.nexoinformativo.mx\/#website\"},\"primaryImageOfPage\":{\"@id\":\"https:\/\/www.nexoinformativo.mx\/index.php\/2024\/10\/11\/detienen-a-hombre-con-sustancias-ilicitas-en-corregidora-un-caso-de-narcotrafico\/#primaryimage\"},\"image\":{\"@id\":\"https:\/\/www.nexoinformativo.mx\/index.php\/2024\/10\/11\/detienen-a-hombre-con-sustancias-ilicitas-en-corregidora-un-caso-de-narcotrafico\/#primaryimage\"},\"thumbnailUrl\":\"https:\/\/www.nexoinformativo.mx\/wp-content\/uploads\/2024\/10\/PHOTO-2024-10-11-13-27-52-e1728676045304.jpg\",\"datePublished\":\"2024-10-11T17:30:36+00:00\",\"dateModified\":\"2024-10-12T19:50:13+00:00\",\"description\":\"Detienen a Hombre con Sustancias Il\u00edcitas en Corregidora: Un Caso de Narcotr\u00e1fico\",\"breadcrumb\":{\"@id\":\"https:\/\/www.nexoinformativo.mx\/index.php\/2024\/10\/11\/detienen-a-hombre-con-sustancias-ilicitas-en-corregidora-un-caso-de-narcotrafico\/#breadcrumb\"},\"inLanguage\":\"es\",\"potentialAction\":[{\"@type\":\"ReadAction\",\"target\":[\"https:\/\/www.nexoinformativo.mx\/index.php\/2024\/10\/11\/detienen-a-hombre-con-sustancias-ilicitas-en-corregidora-un-caso-de-narcotrafico\/\"]}]},{\"@type\":\"ImageObject\",\"inLanguage\":\"es\",\"@id\":\"https:\/\/www.nexoinformativo.mx\/index.php\/2024\/10\/11\/detienen-a-hombre-con-sustancias-ilicitas-en-corregidora-un-caso-de-narcotrafico\/#primaryimage\",\"url\":\"https:\/\/www.nexoinformativo.mx\/wp-content\/uploads\/2024\/10\/PHOTO-2024-10-11-13-27-52-e1728676045304.jpg\",\"contentUrl\":\"https:\/\/www.nexoinformativo.mx\/wp-content\/uploads\/2024\/10\/PHOTO-2024-10-11-13-27-52-e1728676045304.jpg\",\"width\":800,\"height\":1000},{\"@type\":\"BreadcrumbList\",\"@id\":\"https:\/\/www.nexoinformativo.mx\/index.php\/2024\/10\/11\/detienen-a-hombre-con-sustancias-ilicitas-en-corregidora-un-caso-de-narcotrafico\/#breadcrumb\",\"itemListElement\":[{\"@type\":\"ListItem\",\"position\":1,\"name\":\"Inicio\",\"item\":\"https:\/\/www.nexoinformativo.mx\/\"},{\"@type\":\"ListItem\",\"position\":2,\"name\":\"Detienen a Hombre con Sustancias Il\u00edcitas en Corregidora: Un Caso de Narcotr\u00e1fico\"}]},{\"@type\":\"WebSite\",\"@id\":\"https:\/\/www.nexoinformativo.mx\/#website\",\"url\":\"https:\/\/www.nexoinformativo.mx\/\",\"name\":\"Nexo Informativo Santiago de Quer\u00e9taro\",\"description\":\"Explora NexoInformativo y convi\u00e9rtete en parte de una comunidad que valora el conocimiento y la verdad. Tu nexoinformativo es tu puente hacia una comprensi\u00f3n m\u00e1s profunda del mundo que te rodea.\",\"publisher\":{\"@id\":\"https:\/\/www.nexoinformativo.mx\/#organization\"},\"potentialAction\":[{\"@type\":\"SearchAction\",\"target\":{\"@type\":\"EntryPoint\",\"urlTemplate\":\"https:\/\/www.nexoinformativo.mx\/?s={search_term_string}\"},\"query-input\":{\"@type\":\"PropertyValueSpecification\",\"valueRequired\":true,\"valueName\":\"search_term_string\"}}],\"inLanguage\":\"es\"},{\"@type\":\"Organization\",\"@id\":\"https:\/\/www.nexoinformativo.mx\/#organization\",\"name\":\"Nexo Informativo Santiago de Quer\u00e9taro\",\"url\":\"https:\/\/www.nexoinformativo.mx\/\",\"logo\":{\"@type\":\"ImageObject\",\"inLanguage\":\"es\",\"@id\":\"https:\/\/www.nexoinformativo.mx\/#\/schema\/logo\/image\/\",\"url\":\"https:\/\/www.nexoinformativo.mx\/wp-content\/uploads\/2024\/07\/nexoi-trasparente-2.png\",\"contentUrl\":\"https:\/\/www.nexoinformativo.mx\/wp-content\/uploads\/2024\/07\/nexoi-trasparente-2.png\",\"width\":816,\"height\":339,\"caption\":\"Nexo Informativo Santiago de Quer\u00e9taro\"},\"image\":{\"@id\":\"https:\/\/www.nexoinformativo.mx\/#\/schema\/logo\/image\/\"},\"sameAs\":[\"https:\/\/www.facebook.com\/people\/Nexo-Informativo\/61564066885511\/\"]},{\"@type\":\"Person\",\"@id\":\"https:\/\/www.nexoinformativo.mx\/#\/schema\/person\/7749d380ba08c8ca00d7bc76fd907b7d\",\"name\":\"Nexo Informativo\",\"image\":{\"@type\":\"ImageObject\",\"inLanguage\":\"es\",\"@id\":\"https:\/\/www.nexoinformativo.mx\/#\/schema\/person\/image\/\",\"url\":\"https:\/\/secure.gravatar.com\/avatar\/dde2928154642a13d95f87ddf1ea9718fe2b46760a005c53e41ff5ad610704e6?s=96&d=mm&r=g\",\"contentUrl\":\"https:\/\/secure.gravatar.com\/avatar\/dde2928154642a13d95f87ddf1ea9718fe2b46760a005c53e41ff5ad610704e6?s=96&d=mm&r=g\",\"caption\":\"Nexo Informativo\"},\"url\":\"https:\/\/www.nexoinformativo.mx\/index.php\/author\/edicion\/\"}]}<\/script>\n<!-- \/ Yoast SEO plugin. -->","yoast_head_json":{"title":"Detienen a Hombre con Sustancias Il\u00edcitas en Corregidora: Un Caso de Narcotr\u00e1fico | Nexo Informativo Santiago de Quer\u00e9taro","description":"Detienen a Hombre con Sustancias Il\u00edcitas en Corregidora: Un Caso de Narcotr\u00e1fico","robots":{"index":"index","follow":"follow","max-snippet":"max-snippet:-1","max-image-preview":"max-image-preview:large","max-video-preview":"max-video-preview:-1"},"canonical":"https:\/\/www.nexoinformativo.mx\/index.php\/2024\/10\/11\/detienen-a-hombre-con-sustancias-ilicitas-en-corregidora-un-caso-de-narcotrafico\/","og_locale":"es_MX","og_type":"article","og_title":"Detienen a Hombre con Sustancias Il\u00edcitas en Corregidora: Un Caso de Narcotr\u00e1fico | Nexo Informativo Santiago de Quer\u00e9taro","og_description":"Detienen a Hombre con Sustancias Il\u00edcitas en Corregidora: Un Caso de Narcotr\u00e1fico","og_url":"https:\/\/www.nexoinformativo.mx\/index.php\/2024\/10\/11\/detienen-a-hombre-con-sustancias-ilicitas-en-corregidora-un-caso-de-narcotrafico\/","og_site_name":"Nexo Informativo Santiago de Quer\u00e9taro","article_publisher":"https:\/\/www.facebook.com\/people\/Nexo-Informativo\/61564066885511\/","article_published_time":"2024-10-11T17:30:36+00:00","article_modified_time":"2024-10-12T19:50:13+00:00","og_image":[{"width":800,"height":1000,"url":"https:\/\/www.nexoinformativo.mx\/wp-content\/uploads\/2024\/10\/PHOTO-2024-10-11-13-27-52-e1728676045304.jpg","type":"image\/jpeg"}],"author":"Nexo Informativo","twitter_card":"summary_large_image","twitter_misc":{"Escrito por":"Nexo Informativo","Tiempo de lectura":"2 minutos"},"schema":{"@context":"https:\/\/schema.org","@graph":[{"@type":"Article","@id":"https:\/\/www.nexoinformativo.mx\/index.php\/2024\/10\/11\/detienen-a-hombre-con-sustancias-ilicitas-en-corregidora-un-caso-de-narcotrafico\/#article","isPartOf":{"@id":"https:\/\/www.nexoinformativo.mx\/index.php\/2024\/10\/11\/detienen-a-hombre-con-sustancias-ilicitas-en-corregidora-un-caso-de-narcotrafico\/"},"author":{"name":"Nexo Informativo","@id":"https:\/\/www.nexoinformativo.mx\/#\/schema\/person\/7749d380ba08c8ca00d7bc76fd907b7d"},"headline":"Detienen a Hombre con Sustancias Il\u00edcitas en Corregidora: Un Caso de Narcotr\u00e1fico","datePublished":"2024-10-11T17:30:36+00:00","dateModified":"2024-10-12T19:50:13+00:00","mainEntityOfPage":{"@id":"https:\/\/www.nexoinformativo.mx\/index.php\/2024\/10\/11\/detienen-a-hombre-con-sustancias-ilicitas-en-corregidora-un-caso-de-narcotrafico\/"},"wordCount":221,"commentCount":0,"publisher":{"@id":"https:\/\/www.nexoinformativo.mx\/#organization"},"image":{"@id":"https:\/\/www.nexoinformativo.mx\/index.php\/2024\/10\/11\/detienen-a-hombre-con-sustancias-ilicitas-en-corregidora-un-caso-de-narcotrafico\/#primaryimage"},"thumbnailUrl":"https:\/\/www.nexoinformativo.mx\/wp-content\/uploads\/2024\/10\/PHOTO-2024-10-11-13-27-52-e1728676045304.jpg","keywords":["Corregidora","Detenci\u00f3n","Narcotr\u00e1fico"],"articleSection":["Sucesos","\u00daltima Hora"],"inLanguage":"es","potentialAction":[{"@type":"CommentAction","name":"Comment","target":["https:\/\/www.nexoinformativo.mx\/index.php\/2024\/10\/11\/detienen-a-hombre-con-sustancias-ilicitas-en-corregidora-un-caso-de-narcotrafico\/#respond"]}]},{"@type":"WebPage","@id":"https:\/\/www.nexoinformativo.mx\/index.php\/2024\/10\/11\/detienen-a-hombre-con-sustancias-ilicitas-en-corregidora-un-caso-de-narcotrafico\/","url":"https:\/\/www.nexoinformativo.mx\/index.php\/2024\/10\/11\/detienen-a-hombre-con-sustancias-ilicitas-en-corregidora-un-caso-de-narcotrafico\/","name":"Detienen a Hombre con Sustancias Il\u00edcitas en Corregidora: Un Caso de Narcotr\u00e1fico | Nexo Informativo Santiago de Quer\u00e9taro","isPartOf":{"@id":"https:\/\/www.nexoinformativo.mx\/#website"},"primaryImageOfPage":{"@id":"https:\/\/www.nexoinformativo.mx\/index.php\/2024\/10\/11\/detienen-a-hombre-con-sustancias-ilicitas-en-corregidora-un-caso-de-narcotrafico\/#primaryimage"},"image":{"@id":"https:\/\/www.nexoinformativo.mx\/index.php\/2024\/10\/11\/detienen-a-hombre-con-sustancias-ilicitas-en-corregidora-un-caso-de-narcotrafico\/#primaryimage"},"thumbnailUrl":"https:\/\/www.nexoinformativo.mx\/wp-content\/uploads\/2024\/10\/PHOTO-2024-10-11-13-27-52-e1728676045304.jpg","datePublished":"2024-10-11T17:30:36+00:00","dateModified":"2024-10-12T19:50:13+00:00","description":"Detienen a Hombre con Sustancias Il\u00edcitas en Corregidora: Un Caso de Narcotr\u00e1fico","breadcrumb":{"@id":"https:\/\/www.nexoinformativo.mx\/index.php\/2024\/10\/11\/detienen-a-hombre-con-sustancias-ilicitas-en-corregidora-un-caso-de-narcotrafico\/#breadcrumb"},"inLanguage":"es","potentialAction":[{"@type":"ReadAction","target":["https:\/\/www.nexoinformativo.mx\/index.php\/2024\/10\/11\/detienen-a-hombre-con-sustancias-ilicitas-en-corregidora-un-caso-de-narcotrafico\/"]}]},{"@type":"ImageObject","inLanguage":"es","@id":"https:\/\/www.nexoinformativo.mx\/index.php\/2024\/10\/11\/detienen-a-hombre-con-sustancias-ilicitas-en-corregidora-un-caso-de-narcotrafico\/#primaryimage","url":"https:\/\/www.nexoinformativo.mx\/wp-content\/uploads\/2024\/10\/PHOTO-2024-10-11-13-27-52-e1728676045304.jpg","contentUrl":"https:\/\/www.nexoinformativo.mx\/wp-content\/uploads\/2024\/10\/PHOTO-2024-10-11-13-27-52-e1728676045304.jpg","width":800,"height":1000},{"@type":"BreadcrumbList","@id":"https:\/\/www.nexoinformativo.mx\/index.php\/2024\/10\/11\/detienen-a-hombre-con-sustancias-ilicitas-en-corregidora-un-caso-de-narcotrafico\/#breadcrumb","itemListElement":[{"@type":"ListItem","position":1,"name":"Inicio","item":"https:\/\/www.nexoinformativo.mx\/"},{"@type":"ListItem","position":2,"name":"Detienen a Hombre con Sustancias Il\u00edcitas en Corregidora: Un Caso de Narcotr\u00e1fico"}]},{"@type":"WebSite","@id":"https:\/\/www.nexoinformativo.mx\/#website","url":"https:\/\/www.nexoinformativo.mx\/","name":"Nexo Informativo Santiago de Quer\u00e9taro","description":"Explora NexoInformativo y convi\u00e9rtete en parte de una comunidad que valora el conocimiento y la verdad. Tu nexoinformativo es tu puente hacia una comprensi\u00f3n m\u00e1s profunda del mundo que te rodea.","publisher":{"@id":"https:\/\/www.nexoinformativo.mx\/#organization"},"potentialAction":[{"@type":"SearchAction","target":{"@type":"EntryPoint","urlTemplate":"https:\/\/www.nexoinformativo.mx\/?s={search_term_string}"},"query-input":{"@type":"PropertyValueSpecification","valueRequired":true,"valueName":"search_term_string"}}],"inLanguage":"es"},{"@type":"Organization","@id":"https:\/\/www.nexoinformativo.mx\/#organization","name":"Nexo Informativo Santiago de Quer\u00e9taro","url":"https:\/\/www.nexoinformativo.mx\/","logo":{"@type":"ImageObject","inLanguage":"es","@id":"https:\/\/www.nexoinformativo.mx\/#\/schema\/logo\/image\/","url":"https:\/\/www.nexoinformativo.mx\/wp-content\/uploads\/2024\/07\/nexoi-trasparente-2.png","contentUrl":"https:\/\/www.nexoinformativo.mx\/wp-content\/uploads\/2024\/07\/nexoi-trasparente-2.png","width":816,"height":339,"caption":"Nexo Informativo Santiago de Quer\u00e9taro"},"image":{"@id":"https:\/\/www.nexoinformativo.mx\/#\/schema\/logo\/image\/"},"sameAs":["https:\/\/www.facebook.com\/people\/Nexo-Informativo\/61564066885511\/"]},{"@type":"Person","@id":"https:\/\/www.nexoinformativo.mx\/#\/schema\/person\/7749d380ba08c8ca00d7bc76fd907b7d","name":"Nexo Informativo","image":{"@type":"ImageObject","inLanguage":"es","@id":"https:\/\/www.nexoinformativo.mx\/#\/schema\/person\/image\/","url":"https:\/\/secure.gravatar.com\/avatar\/dde2928154642a13d95f87ddf1ea9718fe2b46760a005c53e41ff5ad610704e6?s=96&d=mm&r=g","contentUrl":"https:\/\/secure.gravatar.com\/avatar\/dde2928154642a13d95f87ddf1ea9718fe2b46760a005c53e41ff5ad610704e6?s=96&d=mm&r=g","caption":"Nexo Informativo"},"url":"https:\/\/www.nexoinformativo.mx\/index.php\/author\/edicion\/"}]}},"_links":{"self":[{"href":"https:\/\/www.nexoinformativo.mx\/index.php\/wp-json\/wp\/v2\/posts\/3268","targetHints":{"allow":["GET"]}}],"collection":[{"href":"https:\/\/www.nexoinformativo.mx\/index.php\/wp-json\/wp\/v2\/posts"}],"about":[{"href":"https:\/\/www.nexoinformativo.mx\/index.php\/wp-json\/wp\/v2\/types\/post"}],"author":[{"embeddable":true,"href":"https:\/\/www.nexoinformativo.mx\/index.php\/wp-json\/wp\/v2\/users\/3"}],"replies":[{"embeddable":true,"href":"https:\/\/www.nexoinformativo.mx\/index.php\/wp-json\/wp\/v2\/comments?post=3268"}],"version-history":[{"count":4,"href":"https:\/\/www.nexoinformativo.mx\/index.php\/wp-json\/wp\/v2\/posts\/3268\/revisions"}],"predecessor-version":[{"id":3274,"href":"https:\/\/www.nexoinformativo.mx\/index.php\/wp-json\/wp\/v2\/posts\/3268\/revisions\/3274"}],"wp:featuredmedia":[{"embeddable":true,"href":"https:\/\/www.nexoinformativo.mx\/index.php\/wp-json\/wp\/v2\/media\/3269"}],"wp:attachment":[{"href":"https:\/\/www.nexoinformativo.mx\/index.php\/wp-json\/wp\/v2\/media?parent=3268"}],"wp:term":[{"taxonomy":"category","embeddable":true,"href":"https:\/\/www.nexoinformativo.mx\/index.php\/wp-json\/wp\/v2\/categories?post=3268"},{"taxonomy":"post_tag","embeddable":true,"href":"https:\/\/www.nexoinformativo.mx\/index.php\/wp-json\/wp\/v2\/tags?post=3268"}],"curies":[{"name":"wp","href":"https:\/\/api.w.org\/{rel}","templated":true}]}}