{"id":3275,"date":"2024-10-12T12:00:57","date_gmt":"2024-10-12T18:00:57","guid":{"rendered":"https:\/\/www.nexoinformativo.mx\/?p=3275"},"modified":"2024-10-12T14:44:53","modified_gmt":"2024-10-12T20:44:53","slug":"claudia-sheinbaum-comparte-su-primera-foto-oficial-como-presidenta-de-mexico-un-vistazo-al-detras-de-camaras","status":"publish","type":"post","link":"https:\/\/www.nexoinformativo.mx\/index.php\/2024\/10\/12\/claudia-sheinbaum-comparte-su-primera-foto-oficial-como-presidenta-de-mexico-un-vistazo-al-detras-de-camaras\/","title":{"rendered":"Claudia Sheinbaum comparte su primera foto oficial como Presidenta de M\u00e9xico: Un vistazo al detr\u00e1s de c\u00e1maras\u00a0"},"content":{"rendered":"<div dir=\"auto\" style=\"text-align: justify;\">Claudia Sheinbaum la presidenta de M\u00e9xico, ha compartido un emocionante video que muestra el detr\u00e1s de c\u00e1maras de su primera foto oficial con la banda presidencial. Este momento significativo se produjo tras su toma de protesta el 1 de octubre.<\/div>\n<\/p>\n<p>&nbsp;<\/p>\n<div dir=\"auto\"><\/div>\n<div dir=\"auto\" style=\"text-align: justify;\"><\/div>\n<div dir=\"auto\" style=\"text-align: justify;\">En su cuenta de redes sociales, Sheinbaum expres\u00f3: <strong>&#8220;El equipo me convenci\u00f3 de tomar la foto oficial. As\u00ed fue el detr\u00e1s de c\u00e1maras\u201d<\/strong>, brindando a sus seguidores una mirada \u00edntima a este importante evento. En el video, la presidenta se encuentra en el ic\u00f3nico Palacio Nacional, luciendo un elegante vestido blanco con bordados negros.<\/div>\n<\/p>\n<p>&nbsp;<\/p>\n<div dir=\"auto\"><\/div>\n<div dir=\"auto\" style=\"text-align: justify;\"><\/div>\n<div dir=\"auto\" style=\"text-align: justify;\">Este atuendo resalta su estilo personal y su compromiso con la elegancia en el \u00e1mbito pol\u00edtico. Durante la grabaci\u00f3n, se puede ver a Sheinbaum posando en su despacho principal, donde se halla el famoso tel\u00e9fono rojo, un s\u00edmbolo del poder y la comunicaci\u00f3n directa con gobernadores y secretarios de Estado.<\/div>\n<\/p>\n<p>&nbsp;<\/p>\n<div dir=\"auto\"><\/div>\n<div dir=\"auto\" style=\"text-align: justify;\"><\/div>\n<div dir=\"auto\" style=\"text-align: justify;\">El video no solo muestra el proceso de la fotograf\u00eda oficial, sino que tambi\u00e9n refleja la personalidad accesible y moderna de la mandataria, quien busca conectar con la ciudadan\u00eda a trav\u00e9s de diferentes plataformas.<\/div>\n<div dir=\"auto\"><\/div>\n<\/p>\n<p>&nbsp;<\/p>\n<div dir=\"auto\" style=\"text-align: justify;\"><\/div>\n<div dir=\"auto\" style=\"text-align: justify;\">Este gesto ha sido bien recibido por sus seguidores, quienes celebran su estilo aut\u00e9ntico y su disposici\u00f3n para compartir momentos significativos.\u00a0La publicaci\u00f3n ha generado gran inter\u00e9s en las redes, donde los usuarios comentan y comparten su entusiasmo por la nueva presidenta y su enfoque fresco hacia el liderazgo en M\u00e9xico.<\/div>\n<\/p>\n<p>&nbsp;<\/p>\n<div dir=\"auto\"><\/div>\n<div dir=\"auto\"><\/div>\n<div dir=\"auto\"><\/div>\n<div dir=\"auto\"><\/div>\n<div dir=\"auto\" style=\"text-align: center;\"><em><strong>\u00a1Informaci\u00f3n que transforma!<\/strong><\/em><\/div>\n","protected":false},"excerpt":{"rendered":"<p>Claudia Sheinbaum la presidenta de M\u00e9xico, ha compartido un emocionante video que muestra el detr\u00e1s de c\u00e1maras de su primera foto oficial con la banda presidencial.<\/p>\n","protected":false},"author":3,"featured_media":3276,"comment_status":"open","ping_status":"open","sticky":false,"template":"","format":"standard","meta":{"footnotes":""},"categories":[88,21,58],"tags":[967,1304,1305,1303],"class_list":["post-3275","post","type-post","status-publish","format-standard","has-post-thumbnail","hentry","category-nacional","category-politica","category-ultima-hora","tag-claudiasheinbaum","tag-detrasdecamaras","tag-presidenciamexico","tag-primerafotooficial"],"yoast_head":"<!-- This site is optimized with the Yoast SEO plugin v25.0 - https:\/\/yoast.com\/wordpress\/plugins\/seo\/ -->\n<title>Claudia Sheinbaum comparte su primera foto oficial como Presidenta de M\u00e9xico: Un vistazo al detr\u00e1s de c\u00e1maras\u00a0 | Nexo Informativo Santiago de Quer\u00e9taro<\/title>\n<meta name=\"description\" content=\"Claudia Sheinbaum comparte su primera foto Oficial como Presidenta de M\u00e9xico: Un vistazo al detr\u00e1s de c\u00e1maras\u00a0\" \/>\n<meta name=\"robots\" content=\"index, follow, max-snippet:-1, max-image-preview:large, max-video-preview:-1\" \/>\n<link rel=\"canonical\" href=\"https:\/\/www.nexoinformativo.mx\/index.php\/2024\/10\/12\/claudia-sheinbaum-comparte-su-primera-foto-oficial-como-presidenta-de-mexico-un-vistazo-al-detras-de-camaras\/\" \/>\n<meta property=\"og:locale\" content=\"es_MX\" \/>\n<meta property=\"og:type\" content=\"article\" \/>\n<meta property=\"og:title\" content=\"Claudia Sheinbaum comparte su primera foto oficial como Presidenta de M\u00e9xico: Un vistazo al detr\u00e1s de c\u00e1maras\u00a0 | Nexo Informativo Santiago de Quer\u00e9taro\" \/>\n<meta property=\"og:description\" content=\"Claudia Sheinbaum comparte su primera foto Oficial como Presidenta de M\u00e9xico: Un vistazo al detr\u00e1s de c\u00e1maras\u00a0\" \/>\n<meta property=\"og:url\" content=\"https:\/\/www.nexoinformativo.mx\/index.php\/2024\/10\/12\/claudia-sheinbaum-comparte-su-primera-foto-oficial-como-presidenta-de-mexico-un-vistazo-al-detras-de-camaras\/\" \/>\n<meta property=\"og:site_name\" content=\"Nexo Informativo Santiago de Quer\u00e9taro\" \/>\n<meta property=\"article:publisher\" content=\"https:\/\/www.facebook.com\/people\/Nexo-Informativo\/61564066885511\/\" \/>\n<meta property=\"article:published_time\" content=\"2024-10-12T18:00:57+00:00\" \/>\n<meta property=\"article:modified_time\" content=\"2024-10-12T20:44:53+00:00\" \/>\n<meta property=\"og:image\" content=\"https:\/\/www.nexoinformativo.mx\/wp-content\/uploads\/2024\/10\/IMG_6857-e1728762105637.jpg\" \/>\n\t<meta property=\"og:image:width\" content=\"800\" \/>\n\t<meta property=\"og:image:height\" content=\"1249\" \/>\n\t<meta property=\"og:image:type\" content=\"image\/jpeg\" \/>\n<meta name=\"author\" content=\"Nexo Informativo\" \/>\n<meta name=\"twitter:card\" content=\"summary_large_image\" \/>\n<meta name=\"twitter:label1\" content=\"Escrito por\" \/>\n\t<meta name=\"twitter:data1\" content=\"Nexo Informativo\" \/>\n\t<meta name=\"twitter:label2\" content=\"Tiempo de lectura\" \/>\n\t<meta name=\"twitter:data2\" content=\"2 minutos\" \/>\n<script type=\"application\/ld+json\" class=\"yoast-schema-graph\">{\"@context\":\"https:\/\/schema.org\",\"@graph\":[{\"@type\":\"Article\",\"@id\":\"https:\/\/www.nexoinformativo.mx\/index.php\/2024\/10\/12\/claudia-sheinbaum-comparte-su-primera-foto-oficial-como-presidenta-de-mexico-un-vistazo-al-detras-de-camaras\/#article\",\"isPartOf\":{\"@id\":\"https:\/\/www.nexoinformativo.mx\/index.php\/2024\/10\/12\/claudia-sheinbaum-comparte-su-primera-foto-oficial-como-presidenta-de-mexico-un-vistazo-al-detras-de-camaras\/\"},\"author\":{\"name\":\"Nexo Informativo\",\"@id\":\"https:\/\/www.nexoinformativo.mx\/#\/schema\/person\/7749d380ba08c8ca00d7bc76fd907b7d\"},\"headline\":\"Claudia Sheinbaum comparte su primera foto oficial como Presidenta de M\u00e9xico: Un vistazo al detr\u00e1s de c\u00e1maras\u00a0\",\"datePublished\":\"2024-10-12T18:00:57+00:00\",\"dateModified\":\"2024-10-12T20:44:53+00:00\",\"mainEntityOfPage\":{\"@id\":\"https:\/\/www.nexoinformativo.mx\/index.php\/2024\/10\/12\/claudia-sheinbaum-comparte-su-primera-foto-oficial-como-presidenta-de-mexico-un-vistazo-al-detras-de-camaras\/\"},\"wordCount\":277,\"commentCount\":0,\"publisher\":{\"@id\":\"https:\/\/www.nexoinformativo.mx\/#organization\"},\"image\":{\"@id\":\"https:\/\/www.nexoinformativo.mx\/index.php\/2024\/10\/12\/claudia-sheinbaum-comparte-su-primera-foto-oficial-como-presidenta-de-mexico-un-vistazo-al-detras-de-camaras\/#primaryimage\"},\"thumbnailUrl\":\"https:\/\/www.nexoinformativo.mx\/wp-content\/uploads\/2024\/10\/IMG_6857-e1728762105637.jpg\",\"keywords\":[\"ClaudiaSheinbaum\",\"Detr\u00e1sDeC\u00e1maras\",\"PresidenciaM\u00e9xico\",\"PrimeraFotoOficial\"],\"articleSection\":[\"Nacional\",\"Pol\u00edtica\",\"\u00daltima Hora\"],\"inLanguage\":\"es\",\"potentialAction\":[{\"@type\":\"CommentAction\",\"name\":\"Comment\",\"target\":[\"https:\/\/www.nexoinformativo.mx\/index.php\/2024\/10\/12\/claudia-sheinbaum-comparte-su-primera-foto-oficial-como-presidenta-de-mexico-un-vistazo-al-detras-de-camaras\/#respond\"]}]},{\"@type\":\"WebPage\",\"@id\":\"https:\/\/www.nexoinformativo.mx\/index.php\/2024\/10\/12\/claudia-sheinbaum-comparte-su-primera-foto-oficial-como-presidenta-de-mexico-un-vistazo-al-detras-de-camaras\/\",\"url\":\"https:\/\/www.nexoinformativo.mx\/index.php\/2024\/10\/12\/claudia-sheinbaum-comparte-su-primera-foto-oficial-como-presidenta-de-mexico-un-vistazo-al-detras-de-camaras\/\",\"name\":\"Claudia Sheinbaum comparte su primera foto oficial como Presidenta de M\u00e9xico: Un vistazo al detr\u00e1s de c\u00e1maras\u00a0 | Nexo Informativo Santiago de Quer\u00e9taro\",\"isPartOf\":{\"@id\":\"https:\/\/www.nexoinformativo.mx\/#website\"},\"primaryImageOfPage\":{\"@id\":\"https:\/\/www.nexoinformativo.mx\/index.php\/2024\/10\/12\/claudia-sheinbaum-comparte-su-primera-foto-oficial-como-presidenta-de-mexico-un-vistazo-al-detras-de-camaras\/#primaryimage\"},\"image\":{\"@id\":\"https:\/\/www.nexoinformativo.mx\/index.php\/2024\/10\/12\/claudia-sheinbaum-comparte-su-primera-foto-oficial-como-presidenta-de-mexico-un-vistazo-al-detras-de-camaras\/#primaryimage\"},\"thumbnailUrl\":\"https:\/\/www.nexoinformativo.mx\/wp-content\/uploads\/2024\/10\/IMG_6857-e1728762105637.jpg\",\"datePublished\":\"2024-10-12T18:00:57+00:00\",\"dateModified\":\"2024-10-12T20:44:53+00:00\",\"description\":\"Claudia Sheinbaum comparte su primera foto Oficial como Presidenta de M\u00e9xico: Un vistazo al detr\u00e1s de c\u00e1maras\u00a0\",\"breadcrumb\":{\"@id\":\"https:\/\/www.nexoinformativo.mx\/index.php\/2024\/10\/12\/claudia-sheinbaum-comparte-su-primera-foto-oficial-como-presidenta-de-mexico-un-vistazo-al-detras-de-camaras\/#breadcrumb\"},\"inLanguage\":\"es\",\"potentialAction\":[{\"@type\":\"ReadAction\",\"target\":[\"https:\/\/www.nexoinformativo.mx\/index.php\/2024\/10\/12\/claudia-sheinbaum-comparte-su-primera-foto-oficial-como-presidenta-de-mexico-un-vistazo-al-detras-de-camaras\/\"]}]},{\"@type\":\"ImageObject\",\"inLanguage\":\"es\",\"@id\":\"https:\/\/www.nexoinformativo.mx\/index.php\/2024\/10\/12\/claudia-sheinbaum-comparte-su-primera-foto-oficial-como-presidenta-de-mexico-un-vistazo-al-detras-de-camaras\/#primaryimage\",\"url\":\"https:\/\/www.nexoinformativo.mx\/wp-content\/uploads\/2024\/10\/IMG_6857-e1728762105637.jpg\",\"contentUrl\":\"https:\/\/www.nexoinformativo.mx\/wp-content\/uploads\/2024\/10\/IMG_6857-e1728762105637.jpg\",\"width\":800,\"height\":1249,\"caption\":\"Screenshot\"},{\"@type\":\"BreadcrumbList\",\"@id\":\"https:\/\/www.nexoinformativo.mx\/index.php\/2024\/10\/12\/claudia-sheinbaum-comparte-su-primera-foto-oficial-como-presidenta-de-mexico-un-vistazo-al-detras-de-camaras\/#breadcrumb\",\"itemListElement\":[{\"@type\":\"ListItem\",\"position\":1,\"name\":\"Inicio\",\"item\":\"https:\/\/www.nexoinformativo.mx\/\"},{\"@type\":\"ListItem\",\"position\":2,\"name\":\"Claudia Sheinbaum comparte su primera foto oficial como Presidenta de M\u00e9xico: Un vistazo al detr\u00e1s de c\u00e1maras\u00a0\"}]},{\"@type\":\"WebSite\",\"@id\":\"https:\/\/www.nexoinformativo.mx\/#website\",\"url\":\"https:\/\/www.nexoinformativo.mx\/\",\"name\":\"Nexo Informativo Santiago de Quer\u00e9taro\",\"description\":\"Explora NexoInformativo y convi\u00e9rtete en parte de una comunidad que valora el conocimiento y la verdad. Tu nexoinformativo es tu puente hacia una comprensi\u00f3n m\u00e1s profunda del mundo que te rodea.\",\"publisher\":{\"@id\":\"https:\/\/www.nexoinformativo.mx\/#organization\"},\"potentialAction\":[{\"@type\":\"SearchAction\",\"target\":{\"@type\":\"EntryPoint\",\"urlTemplate\":\"https:\/\/www.nexoinformativo.mx\/?s={search_term_string}\"},\"query-input\":{\"@type\":\"PropertyValueSpecification\",\"valueRequired\":true,\"valueName\":\"search_term_string\"}}],\"inLanguage\":\"es\"},{\"@type\":\"Organization\",\"@id\":\"https:\/\/www.nexoinformativo.mx\/#organization\",\"name\":\"Nexo Informativo Santiago de Quer\u00e9taro\",\"url\":\"https:\/\/www.nexoinformativo.mx\/\",\"logo\":{\"@type\":\"ImageObject\",\"inLanguage\":\"es\",\"@id\":\"https:\/\/www.nexoinformativo.mx\/#\/schema\/logo\/image\/\",\"url\":\"https:\/\/www.nexoinformativo.mx\/wp-content\/uploads\/2024\/07\/nexoi-trasparente-2.png\",\"contentUrl\":\"https:\/\/www.nexoinformativo.mx\/wp-content\/uploads\/2024\/07\/nexoi-trasparente-2.png\",\"width\":816,\"height\":339,\"caption\":\"Nexo Informativo Santiago de Quer\u00e9taro\"},\"image\":{\"@id\":\"https:\/\/www.nexoinformativo.mx\/#\/schema\/logo\/image\/\"},\"sameAs\":[\"https:\/\/www.facebook.com\/people\/Nexo-Informativo\/61564066885511\/\"]},{\"@type\":\"Person\",\"@id\":\"https:\/\/www.nexoinformativo.mx\/#\/schema\/person\/7749d380ba08c8ca00d7bc76fd907b7d\",\"name\":\"Nexo Informativo\",\"image\":{\"@type\":\"ImageObject\",\"inLanguage\":\"es\",\"@id\":\"https:\/\/www.nexoinformativo.mx\/#\/schema\/person\/image\/\",\"url\":\"https:\/\/secure.gravatar.com\/avatar\/dde2928154642a13d95f87ddf1ea9718fe2b46760a005c53e41ff5ad610704e6?s=96&d=mm&r=g\",\"contentUrl\":\"https:\/\/secure.gravatar.com\/avatar\/dde2928154642a13d95f87ddf1ea9718fe2b46760a005c53e41ff5ad610704e6?s=96&d=mm&r=g\",\"caption\":\"Nexo Informativo\"},\"url\":\"https:\/\/www.nexoinformativo.mx\/index.php\/author\/edicion\/\"}]}<\/script>\n<!-- \/ Yoast SEO plugin. -->","yoast_head_json":{"title":"Claudia Sheinbaum comparte su primera foto oficial como Presidenta de M\u00e9xico: Un vistazo al detr\u00e1s de c\u00e1maras\u00a0 | Nexo Informativo Santiago de Quer\u00e9taro","description":"Claudia Sheinbaum comparte su primera foto Oficial como Presidenta de M\u00e9xico: Un vistazo al detr\u00e1s de c\u00e1maras\u00a0","robots":{"index":"index","follow":"follow","max-snippet":"max-snippet:-1","max-image-preview":"max-image-preview:large","max-video-preview":"max-video-preview:-1"},"canonical":"https:\/\/www.nexoinformativo.mx\/index.php\/2024\/10\/12\/claudia-sheinbaum-comparte-su-primera-foto-oficial-como-presidenta-de-mexico-un-vistazo-al-detras-de-camaras\/","og_locale":"es_MX","og_type":"article","og_title":"Claudia Sheinbaum comparte su primera foto oficial como Presidenta de M\u00e9xico: Un vistazo al detr\u00e1s de c\u00e1maras\u00a0 | Nexo Informativo Santiago de Quer\u00e9taro","og_description":"Claudia Sheinbaum comparte su primera foto Oficial como Presidenta de M\u00e9xico: Un vistazo al detr\u00e1s de c\u00e1maras\u00a0","og_url":"https:\/\/www.nexoinformativo.mx\/index.php\/2024\/10\/12\/claudia-sheinbaum-comparte-su-primera-foto-oficial-como-presidenta-de-mexico-un-vistazo-al-detras-de-camaras\/","og_site_name":"Nexo Informativo Santiago de Quer\u00e9taro","article_publisher":"https:\/\/www.facebook.com\/people\/Nexo-Informativo\/61564066885511\/","article_published_time":"2024-10-12T18:00:57+00:00","article_modified_time":"2024-10-12T20:44:53+00:00","og_image":[{"width":800,"height":1249,"url":"https:\/\/www.nexoinformativo.mx\/wp-content\/uploads\/2024\/10\/IMG_6857-e1728762105637.jpg","type":"image\/jpeg"}],"author":"Nexo Informativo","twitter_card":"summary_large_image","twitter_misc":{"Escrito por":"Nexo Informativo","Tiempo de lectura":"2 minutos"},"schema":{"@context":"https:\/\/schema.org","@graph":[{"@type":"Article","@id":"https:\/\/www.nexoinformativo.mx\/index.php\/2024\/10\/12\/claudia-sheinbaum-comparte-su-primera-foto-oficial-como-presidenta-de-mexico-un-vistazo-al-detras-de-camaras\/#article","isPartOf":{"@id":"https:\/\/www.nexoinformativo.mx\/index.php\/2024\/10\/12\/claudia-sheinbaum-comparte-su-primera-foto-oficial-como-presidenta-de-mexico-un-vistazo-al-detras-de-camaras\/"},"author":{"name":"Nexo Informativo","@id":"https:\/\/www.nexoinformativo.mx\/#\/schema\/person\/7749d380ba08c8ca00d7bc76fd907b7d"},"headline":"Claudia Sheinbaum comparte su primera foto oficial como Presidenta de M\u00e9xico: Un vistazo al detr\u00e1s de c\u00e1maras\u00a0","datePublished":"2024-10-12T18:00:57+00:00","dateModified":"2024-10-12T20:44:53+00:00","mainEntityOfPage":{"@id":"https:\/\/www.nexoinformativo.mx\/index.php\/2024\/10\/12\/claudia-sheinbaum-comparte-su-primera-foto-oficial-como-presidenta-de-mexico-un-vistazo-al-detras-de-camaras\/"},"wordCount":277,"commentCount":0,"publisher":{"@id":"https:\/\/www.nexoinformativo.mx\/#organization"},"image":{"@id":"https:\/\/www.nexoinformativo.mx\/index.php\/2024\/10\/12\/claudia-sheinbaum-comparte-su-primera-foto-oficial-como-presidenta-de-mexico-un-vistazo-al-detras-de-camaras\/#primaryimage"},"thumbnailUrl":"https:\/\/www.nexoinformativo.mx\/wp-content\/uploads\/2024\/10\/IMG_6857-e1728762105637.jpg","keywords":["ClaudiaSheinbaum","Detr\u00e1sDeC\u00e1maras","PresidenciaM\u00e9xico","PrimeraFotoOficial"],"articleSection":["Nacional","Pol\u00edtica","\u00daltima Hora"],"inLanguage":"es","potentialAction":[{"@type":"CommentAction","name":"Comment","target":["https:\/\/www.nexoinformativo.mx\/index.php\/2024\/10\/12\/claudia-sheinbaum-comparte-su-primera-foto-oficial-como-presidenta-de-mexico-un-vistazo-al-detras-de-camaras\/#respond"]}]},{"@type":"WebPage","@id":"https:\/\/www.nexoinformativo.mx\/index.php\/2024\/10\/12\/claudia-sheinbaum-comparte-su-primera-foto-oficial-como-presidenta-de-mexico-un-vistazo-al-detras-de-camaras\/","url":"https:\/\/www.nexoinformativo.mx\/index.php\/2024\/10\/12\/claudia-sheinbaum-comparte-su-primera-foto-oficial-como-presidenta-de-mexico-un-vistazo-al-detras-de-camaras\/","name":"Claudia Sheinbaum comparte su primera foto oficial como Presidenta de M\u00e9xico: Un vistazo al detr\u00e1s de c\u00e1maras\u00a0 | Nexo Informativo Santiago de Quer\u00e9taro","isPartOf":{"@id":"https:\/\/www.nexoinformativo.mx\/#website"},"primaryImageOfPage":{"@id":"https:\/\/www.nexoinformativo.mx\/index.php\/2024\/10\/12\/claudia-sheinbaum-comparte-su-primera-foto-oficial-como-presidenta-de-mexico-un-vistazo-al-detras-de-camaras\/#primaryimage"},"image":{"@id":"https:\/\/www.nexoinformativo.mx\/index.php\/2024\/10\/12\/claudia-sheinbaum-comparte-su-primera-foto-oficial-como-presidenta-de-mexico-un-vistazo-al-detras-de-camaras\/#primaryimage"},"thumbnailUrl":"https:\/\/www.nexoinformativo.mx\/wp-content\/uploads\/2024\/10\/IMG_6857-e1728762105637.jpg","datePublished":"2024-10-12T18:00:57+00:00","dateModified":"2024-10-12T20:44:53+00:00","description":"Claudia Sheinbaum comparte su primera foto Oficial como Presidenta de M\u00e9xico: Un vistazo al detr\u00e1s de c\u00e1maras\u00a0","breadcrumb":{"@id":"https:\/\/www.nexoinformativo.mx\/index.php\/2024\/10\/12\/claudia-sheinbaum-comparte-su-primera-foto-oficial-como-presidenta-de-mexico-un-vistazo-al-detras-de-camaras\/#breadcrumb"},"inLanguage":"es","potentialAction":[{"@type":"ReadAction","target":["https:\/\/www.nexoinformativo.mx\/index.php\/2024\/10\/12\/claudia-sheinbaum-comparte-su-primera-foto-oficial-como-presidenta-de-mexico-un-vistazo-al-detras-de-camaras\/"]}]},{"@type":"ImageObject","inLanguage":"es","@id":"https:\/\/www.nexoinformativo.mx\/index.php\/2024\/10\/12\/claudia-sheinbaum-comparte-su-primera-foto-oficial-como-presidenta-de-mexico-un-vistazo-al-detras-de-camaras\/#primaryimage","url":"https:\/\/www.nexoinformativo.mx\/wp-content\/uploads\/2024\/10\/IMG_6857-e1728762105637.jpg","contentUrl":"https:\/\/www.nexoinformativo.mx\/wp-content\/uploads\/2024\/10\/IMG_6857-e1728762105637.jpg","width":800,"height":1249,"caption":"Screenshot"},{"@type":"BreadcrumbList","@id":"https:\/\/www.nexoinformativo.mx\/index.php\/2024\/10\/12\/claudia-sheinbaum-comparte-su-primera-foto-oficial-como-presidenta-de-mexico-un-vistazo-al-detras-de-camaras\/#breadcrumb","itemListElement":[{"@type":"ListItem","position":1,"name":"Inicio","item":"https:\/\/www.nexoinformativo.mx\/"},{"@type":"ListItem","position":2,"name":"Claudia Sheinbaum comparte su primera foto oficial como Presidenta de M\u00e9xico: Un vistazo al detr\u00e1s de c\u00e1maras\u00a0"}]},{"@type":"WebSite","@id":"https:\/\/www.nexoinformativo.mx\/#website","url":"https:\/\/www.nexoinformativo.mx\/","name":"Nexo Informativo Santiago de Quer\u00e9taro","description":"Explora NexoInformativo y convi\u00e9rtete en parte de una comunidad que valora el conocimiento y la verdad. Tu nexoinformativo es tu puente hacia una comprensi\u00f3n m\u00e1s profunda del mundo que te rodea.","publisher":{"@id":"https:\/\/www.nexoinformativo.mx\/#organization"},"potentialAction":[{"@type":"SearchAction","target":{"@type":"EntryPoint","urlTemplate":"https:\/\/www.nexoinformativo.mx\/?s={search_term_string}"},"query-input":{"@type":"PropertyValueSpecification","valueRequired":true,"valueName":"search_term_string"}}],"inLanguage":"es"},{"@type":"Organization","@id":"https:\/\/www.nexoinformativo.mx\/#organization","name":"Nexo Informativo Santiago de Quer\u00e9taro","url":"https:\/\/www.nexoinformativo.mx\/","logo":{"@type":"ImageObject","inLanguage":"es","@id":"https:\/\/www.nexoinformativo.mx\/#\/schema\/logo\/image\/","url":"https:\/\/www.nexoinformativo.mx\/wp-content\/uploads\/2024\/07\/nexoi-trasparente-2.png","contentUrl":"https:\/\/www.nexoinformativo.mx\/wp-content\/uploads\/2024\/07\/nexoi-trasparente-2.png","width":816,"height":339,"caption":"Nexo Informativo Santiago de Quer\u00e9taro"},"image":{"@id":"https:\/\/www.nexoinformativo.mx\/#\/schema\/logo\/image\/"},"sameAs":["https:\/\/www.facebook.com\/people\/Nexo-Informativo\/61564066885511\/"]},{"@type":"Person","@id":"https:\/\/www.nexoinformativo.mx\/#\/schema\/person\/7749d380ba08c8ca00d7bc76fd907b7d","name":"Nexo Informativo","image":{"@type":"ImageObject","inLanguage":"es","@id":"https:\/\/www.nexoinformativo.mx\/#\/schema\/person\/image\/","url":"https:\/\/secure.gravatar.com\/avatar\/dde2928154642a13d95f87ddf1ea9718fe2b46760a005c53e41ff5ad610704e6?s=96&d=mm&r=g","contentUrl":"https:\/\/secure.gravatar.com\/avatar\/dde2928154642a13d95f87ddf1ea9718fe2b46760a005c53e41ff5ad610704e6?s=96&d=mm&r=g","caption":"Nexo Informativo"},"url":"https:\/\/www.nexoinformativo.mx\/index.php\/author\/edicion\/"}]}},"_links":{"self":[{"href":"https:\/\/www.nexoinformativo.mx\/index.php\/wp-json\/wp\/v2\/posts\/3275","targetHints":{"allow":["GET"]}}],"collection":[{"href":"https:\/\/www.nexoinformativo.mx\/index.php\/wp-json\/wp\/v2\/posts"}],"about":[{"href":"https:\/\/www.nexoinformativo.mx\/index.php\/wp-json\/wp\/v2\/types\/post"}],"author":[{"embeddable":true,"href":"https:\/\/www.nexoinformativo.mx\/index.php\/wp-json\/wp\/v2\/users\/3"}],"replies":[{"embeddable":true,"href":"https:\/\/www.nexoinformativo.mx\/index.php\/wp-json\/wp\/v2\/comments?post=3275"}],"version-history":[{"count":6,"href":"https:\/\/www.nexoinformativo.mx\/index.php\/wp-json\/wp\/v2\/posts\/3275\/revisions"}],"predecessor-version":[{"id":3309,"href":"https:\/\/www.nexoinformativo.mx\/index.php\/wp-json\/wp\/v2\/posts\/3275\/revisions\/3309"}],"wp:featuredmedia":[{"embeddable":true,"href":"https:\/\/www.nexoinformativo.mx\/index.php\/wp-json\/wp\/v2\/media\/3276"}],"wp:attachment":[{"href":"https:\/\/www.nexoinformativo.mx\/index.php\/wp-json\/wp\/v2\/media?parent=3275"}],"wp:term":[{"taxonomy":"category","embeddable":true,"href":"https:\/\/www.nexoinformativo.mx\/index.php\/wp-json\/wp\/v2\/categories?post=3275"},{"taxonomy":"post_tag","embeddable":true,"href":"https:\/\/www.nexoinformativo.mx\/index.php\/wp-json\/wp\/v2\/tags?post=3275"}],"curies":[{"name":"wp","href":"https:\/\/api.w.org\/{rel}","templated":true}]}}