{"id":3282,"date":"2024-10-12T12:30:26","date_gmt":"2024-10-12T18:30:26","guid":{"rendered":"https:\/\/www.nexoinformativo.mx\/?p=3282"},"modified":"2024-10-12T14:46:00","modified_gmt":"2024-10-12T20:46:00","slug":"las-farmacias-de-la-esquina-como-clave-en-el-plan-de-salud-de-claudia-sheinbaum","status":"publish","type":"post","link":"https:\/\/www.nexoinformativo.mx\/index.php\/2024\/10\/12\/las-farmacias-de-la-esquina-como-clave-en-el-plan-de-salud-de-claudia-sheinbaum\/","title":{"rendered":"Las &#8220;Farmacias de la Esquina&#8221; como clave en el plan de salud de Claudia Sheinbaum"},"content":{"rendered":"<p style=\"text-align: justify;\">El gobierno de Claudia Sheinbaum busca soluciones efectivas para enfrentar la persistente escasez de medicamentos en M\u00e9xico. A diferencia de la Megafarmacia propuesta por la administraci\u00f3n de AMLO, el nuevo enfoque se centra en las <strong>\u2018farmacias de la esquina\u2019<\/strong>, conocidas tambi\u00e9n como <strong>farmacias del Bienestar.<\/strong><\/p>\n<p>&nbsp;<\/p>\n<p style=\"text-align: justify;\">Esta alternativa se presenta como una estrategia viable para mejorar el acceso a medicamentos en comunidades vulnerables. La importancia de estas peque\u00f1as farmacias, muchas de ellas negocios familiares ubicados en zonas de bajos recursos.<\/p>\n<p>&nbsp;<\/p>\n<p style=\"text-align: justify;\">Ante el fracaso del gobierno anterior en la compra y distribuci\u00f3n de medicamentos, estas farmacias han experimentado un aumento en sus ventas y en la apertura de nuevos establecimientos. La cercan\u00eda de las farmacias a la poblaci\u00f3n es una de sus principales ventajas.<\/p>\n<p>&nbsp;<\/p>\n<p style=\"text-align: justify;\">Muchas veces, los pacientes no pueden encontrar medicamentos en los centros de salud debido al desabasto o a problemas log\u00edsticos. Seg\u00fan datos, en M\u00e9xico hay entre 18,000 y 22,000 farmacias independientes, reguladas por la\u00a0<strong>(Cofepris)<\/strong> y por agencias de salud en el interior del pa\u00eds.<\/p>\n<p>&nbsp;<\/p>\n<p style=\"text-align: justify;\">Estas farmacias no solo ofrecen medicamentos, sino tambi\u00e9n suelen contar con consultorios adyacentes donde se atienden enfermedades menores. Esto es especialmente beneficioso para aquellos que no tienen acceso a servicios de salud del <strong>(IMSS)<\/strong> o del <strong>(ISSSTE)<\/strong>. Un dato relevante es que al menos 7 de cada 10 medicamentos que se venden en estas farmacias son gen\u00e9ricos.<\/p>\n<p>&nbsp;<\/p>\n<p style=\"text-align: justify;\">Esto permite que m\u00e1s personas tengan acceso a tratamientos, ya que los precios de los medicamentos gen\u00e9ricos pueden ser hasta un 60% m\u00e1s bajos en comparaci\u00f3n con los de patente.<\/p>\n<p>&nbsp;<\/p>\n<p style=\"text-align: center;\"><em><strong>\u00a1Informaci\u00f3n que transforma!<\/strong><\/em><\/p>\n","protected":false},"excerpt":{"rendered":"<p>El gobierno de Claudia Sheinbaum busca soluciones efectivas para enfrentar la persistente escasez de medicamentos en M\u00e9xico. A diferencia de la Megafarmacia propuesta por la administraci\u00f3n de AMLO, el nuevo enfoque se centra en las \u2018farmacias de la esquina\u2019, conocidas tambi\u00e9n como farmacias del Bienestar. &nbsp; Esta alternativa se presenta como una estrategia viable para [&hellip;]<\/p>\n","protected":false},"author":3,"featured_media":3283,"comment_status":"open","ping_status":"open","sticky":false,"template":"","format":"standard","meta":{"footnotes":""},"categories":[88,58],"tags":[1306,1308,1307,319],"class_list":["post-3282","post","type-post","status-publish","format-standard","has-post-thumbnail","hentry","category-nacional","category-ultima-hora","tag-farmaciasdelaesquina","tag-medicamentos","tag-saludclaudiasheinbaum","tag-saludpublica"],"yoast_head":"<!-- This site is optimized with the Yoast SEO plugin v25.0 - https:\/\/yoast.com\/wordpress\/plugins\/seo\/ -->\n<title>Las &quot;Farmacias de la Esquina&quot; como clave en el plan de salud de Claudia Sheinbaum | Nexo Informativo Santiago de Quer\u00e9taro<\/title>\n<meta name=\"robots\" content=\"index, follow, max-snippet:-1, max-image-preview:large, max-video-preview:-1\" \/>\n<link rel=\"canonical\" href=\"https:\/\/www.nexoinformativo.mx\/index.php\/2024\/10\/12\/las-farmacias-de-la-esquina-como-clave-en-el-plan-de-salud-de-claudia-sheinbaum\/\" \/>\n<meta property=\"og:locale\" content=\"es_MX\" \/>\n<meta property=\"og:type\" content=\"article\" \/>\n<meta property=\"og:title\" content=\"Las &quot;Farmacias de la Esquina&quot; como clave en el plan de salud de Claudia Sheinbaum | Nexo Informativo Santiago de Quer\u00e9taro\" \/>\n<meta property=\"og:description\" content=\"El gobierno de Claudia Sheinbaum busca soluciones efectivas para enfrentar la persistente escasez de medicamentos en M\u00e9xico. A diferencia de la Megafarmacia propuesta por la administraci\u00f3n de AMLO, el nuevo enfoque se centra en las \u2018farmacias de la esquina\u2019, conocidas tambi\u00e9n como farmacias del Bienestar. &nbsp; Esta alternativa se presenta como una estrategia viable para [&hellip;]\" \/>\n<meta property=\"og:url\" content=\"https:\/\/www.nexoinformativo.mx\/index.php\/2024\/10\/12\/las-farmacias-de-la-esquina-como-clave-en-el-plan-de-salud-de-claudia-sheinbaum\/\" \/>\n<meta property=\"og:site_name\" content=\"Nexo Informativo Santiago de Quer\u00e9taro\" \/>\n<meta property=\"article:publisher\" content=\"https:\/\/www.facebook.com\/people\/Nexo-Informativo\/61564066885511\/\" \/>\n<meta property=\"article:published_time\" content=\"2024-10-12T18:30:26+00:00\" \/>\n<meta property=\"article:modified_time\" content=\"2024-10-12T20:46:00+00:00\" \/>\n<meta property=\"og:image\" content=\"https:\/\/www.nexoinformativo.mx\/wp-content\/uploads\/2024\/10\/pexels-pixabay-208512-scaled-e1728763880575.jpg\" \/>\n\t<meta property=\"og:image:width\" content=\"800\" \/>\n\t<meta property=\"og:image:height\" content=\"533\" \/>\n\t<meta property=\"og:image:type\" content=\"image\/jpeg\" \/>\n<meta name=\"author\" content=\"Nexo Informativo\" \/>\n<meta name=\"twitter:card\" content=\"summary_large_image\" \/>\n<meta name=\"twitter:label1\" content=\"Escrito por\" \/>\n\t<meta name=\"twitter:data1\" content=\"Nexo Informativo\" \/>\n\t<meta name=\"twitter:label2\" content=\"Tiempo de lectura\" \/>\n\t<meta name=\"twitter:data2\" content=\"2 minutos\" \/>\n<script type=\"application\/ld+json\" class=\"yoast-schema-graph\">{\"@context\":\"https:\/\/schema.org\",\"@graph\":[{\"@type\":\"Article\",\"@id\":\"https:\/\/www.nexoinformativo.mx\/index.php\/2024\/10\/12\/las-farmacias-de-la-esquina-como-clave-en-el-plan-de-salud-de-claudia-sheinbaum\/#article\",\"isPartOf\":{\"@id\":\"https:\/\/www.nexoinformativo.mx\/index.php\/2024\/10\/12\/las-farmacias-de-la-esquina-como-clave-en-el-plan-de-salud-de-claudia-sheinbaum\/\"},\"author\":{\"name\":\"Nexo Informativo\",\"@id\":\"https:\/\/www.nexoinformativo.mx\/#\/schema\/person\/7749d380ba08c8ca00d7bc76fd907b7d\"},\"headline\":\"Las &#8220;Farmacias de la Esquina&#8221; como clave en el plan de salud de Claudia Sheinbaum\",\"datePublished\":\"2024-10-12T18:30:26+00:00\",\"dateModified\":\"2024-10-12T20:46:00+00:00\",\"mainEntityOfPage\":{\"@id\":\"https:\/\/www.nexoinformativo.mx\/index.php\/2024\/10\/12\/las-farmacias-de-la-esquina-como-clave-en-el-plan-de-salud-de-claudia-sheinbaum\/\"},\"wordCount\":291,\"commentCount\":0,\"publisher\":{\"@id\":\"https:\/\/www.nexoinformativo.mx\/#organization\"},\"image\":{\"@id\":\"https:\/\/www.nexoinformativo.mx\/index.php\/2024\/10\/12\/las-farmacias-de-la-esquina-como-clave-en-el-plan-de-salud-de-claudia-sheinbaum\/#primaryimage\"},\"thumbnailUrl\":\"https:\/\/www.nexoinformativo.mx\/wp-content\/uploads\/2024\/10\/pexels-pixabay-208512-scaled-e1728763880575.jpg\",\"keywords\":[\"FarmaciasDeLaEsquina\",\"Medicamentos\",\"SaludClaudiaSheinbaum\",\"SaludP\u00fablica\"],\"articleSection\":[\"Nacional\",\"\u00daltima Hora\"],\"inLanguage\":\"es\",\"potentialAction\":[{\"@type\":\"CommentAction\",\"name\":\"Comment\",\"target\":[\"https:\/\/www.nexoinformativo.mx\/index.php\/2024\/10\/12\/las-farmacias-de-la-esquina-como-clave-en-el-plan-de-salud-de-claudia-sheinbaum\/#respond\"]}]},{\"@type\":\"WebPage\",\"@id\":\"https:\/\/www.nexoinformativo.mx\/index.php\/2024\/10\/12\/las-farmacias-de-la-esquina-como-clave-en-el-plan-de-salud-de-claudia-sheinbaum\/\",\"url\":\"https:\/\/www.nexoinformativo.mx\/index.php\/2024\/10\/12\/las-farmacias-de-la-esquina-como-clave-en-el-plan-de-salud-de-claudia-sheinbaum\/\",\"name\":\"Las \\\"Farmacias de la Esquina\\\" como clave en el plan de salud de Claudia Sheinbaum | Nexo Informativo Santiago de Quer\u00e9taro\",\"isPartOf\":{\"@id\":\"https:\/\/www.nexoinformativo.mx\/#website\"},\"primaryImageOfPage\":{\"@id\":\"https:\/\/www.nexoinformativo.mx\/index.php\/2024\/10\/12\/las-farmacias-de-la-esquina-como-clave-en-el-plan-de-salud-de-claudia-sheinbaum\/#primaryimage\"},\"image\":{\"@id\":\"https:\/\/www.nexoinformativo.mx\/index.php\/2024\/10\/12\/las-farmacias-de-la-esquina-como-clave-en-el-plan-de-salud-de-claudia-sheinbaum\/#primaryimage\"},\"thumbnailUrl\":\"https:\/\/www.nexoinformativo.mx\/wp-content\/uploads\/2024\/10\/pexels-pixabay-208512-scaled-e1728763880575.jpg\",\"datePublished\":\"2024-10-12T18:30:26+00:00\",\"dateModified\":\"2024-10-12T20:46:00+00:00\",\"breadcrumb\":{\"@id\":\"https:\/\/www.nexoinformativo.mx\/index.php\/2024\/10\/12\/las-farmacias-de-la-esquina-como-clave-en-el-plan-de-salud-de-claudia-sheinbaum\/#breadcrumb\"},\"inLanguage\":\"es\",\"potentialAction\":[{\"@type\":\"ReadAction\",\"target\":[\"https:\/\/www.nexoinformativo.mx\/index.php\/2024\/10\/12\/las-farmacias-de-la-esquina-como-clave-en-el-plan-de-salud-de-claudia-sheinbaum\/\"]}]},{\"@type\":\"ImageObject\",\"inLanguage\":\"es\",\"@id\":\"https:\/\/www.nexoinformativo.mx\/index.php\/2024\/10\/12\/las-farmacias-de-la-esquina-como-clave-en-el-plan-de-salud-de-claudia-sheinbaum\/#primaryimage\",\"url\":\"https:\/\/www.nexoinformativo.mx\/wp-content\/uploads\/2024\/10\/pexels-pixabay-208512-scaled-e1728763880575.jpg\",\"contentUrl\":\"https:\/\/www.nexoinformativo.mx\/wp-content\/uploads\/2024\/10\/pexels-pixabay-208512-scaled-e1728763880575.jpg\",\"width\":800,\"height\":533},{\"@type\":\"BreadcrumbList\",\"@id\":\"https:\/\/www.nexoinformativo.mx\/index.php\/2024\/10\/12\/las-farmacias-de-la-esquina-como-clave-en-el-plan-de-salud-de-claudia-sheinbaum\/#breadcrumb\",\"itemListElement\":[{\"@type\":\"ListItem\",\"position\":1,\"name\":\"Inicio\",\"item\":\"https:\/\/www.nexoinformativo.mx\/\"},{\"@type\":\"ListItem\",\"position\":2,\"name\":\"Las &#8220;Farmacias de la Esquina&#8221; como clave en el plan de salud de Claudia Sheinbaum\"}]},{\"@type\":\"WebSite\",\"@id\":\"https:\/\/www.nexoinformativo.mx\/#website\",\"url\":\"https:\/\/www.nexoinformativo.mx\/\",\"name\":\"Nexo Informativo Santiago de Quer\u00e9taro\",\"description\":\"Explora NexoInformativo y convi\u00e9rtete en parte de una comunidad que valora el conocimiento y la verdad. Tu nexoinformativo es tu puente hacia una comprensi\u00f3n m\u00e1s profunda del mundo que te rodea.\",\"publisher\":{\"@id\":\"https:\/\/www.nexoinformativo.mx\/#organization\"},\"potentialAction\":[{\"@type\":\"SearchAction\",\"target\":{\"@type\":\"EntryPoint\",\"urlTemplate\":\"https:\/\/www.nexoinformativo.mx\/?s={search_term_string}\"},\"query-input\":{\"@type\":\"PropertyValueSpecification\",\"valueRequired\":true,\"valueName\":\"search_term_string\"}}],\"inLanguage\":\"es\"},{\"@type\":\"Organization\",\"@id\":\"https:\/\/www.nexoinformativo.mx\/#organization\",\"name\":\"Nexo Informativo Santiago de Quer\u00e9taro\",\"url\":\"https:\/\/www.nexoinformativo.mx\/\",\"logo\":{\"@type\":\"ImageObject\",\"inLanguage\":\"es\",\"@id\":\"https:\/\/www.nexoinformativo.mx\/#\/schema\/logo\/image\/\",\"url\":\"https:\/\/www.nexoinformativo.mx\/wp-content\/uploads\/2024\/07\/nexoi-trasparente-2.png\",\"contentUrl\":\"https:\/\/www.nexoinformativo.mx\/wp-content\/uploads\/2024\/07\/nexoi-trasparente-2.png\",\"width\":816,\"height\":339,\"caption\":\"Nexo Informativo Santiago de Quer\u00e9taro\"},\"image\":{\"@id\":\"https:\/\/www.nexoinformativo.mx\/#\/schema\/logo\/image\/\"},\"sameAs\":[\"https:\/\/www.facebook.com\/people\/Nexo-Informativo\/61564066885511\/\"]},{\"@type\":\"Person\",\"@id\":\"https:\/\/www.nexoinformativo.mx\/#\/schema\/person\/7749d380ba08c8ca00d7bc76fd907b7d\",\"name\":\"Nexo Informativo\",\"image\":{\"@type\":\"ImageObject\",\"inLanguage\":\"es\",\"@id\":\"https:\/\/www.nexoinformativo.mx\/#\/schema\/person\/image\/\",\"url\":\"https:\/\/secure.gravatar.com\/avatar\/dde2928154642a13d95f87ddf1ea9718fe2b46760a005c53e41ff5ad610704e6?s=96&d=mm&r=g\",\"contentUrl\":\"https:\/\/secure.gravatar.com\/avatar\/dde2928154642a13d95f87ddf1ea9718fe2b46760a005c53e41ff5ad610704e6?s=96&d=mm&r=g\",\"caption\":\"Nexo Informativo\"},\"url\":\"https:\/\/www.nexoinformativo.mx\/index.php\/author\/edicion\/\"}]}<\/script>\n<!-- \/ Yoast SEO plugin. -->","yoast_head_json":{"title":"Las \"Farmacias de la Esquina\" como clave en el plan de salud de Claudia Sheinbaum | Nexo Informativo Santiago de Quer\u00e9taro","robots":{"index":"index","follow":"follow","max-snippet":"max-snippet:-1","max-image-preview":"max-image-preview:large","max-video-preview":"max-video-preview:-1"},"canonical":"https:\/\/www.nexoinformativo.mx\/index.php\/2024\/10\/12\/las-farmacias-de-la-esquina-como-clave-en-el-plan-de-salud-de-claudia-sheinbaum\/","og_locale":"es_MX","og_type":"article","og_title":"Las \"Farmacias de la Esquina\" como clave en el plan de salud de Claudia Sheinbaum | Nexo Informativo Santiago de Quer\u00e9taro","og_description":"El gobierno de Claudia Sheinbaum busca soluciones efectivas para enfrentar la persistente escasez de medicamentos en M\u00e9xico. A diferencia de la Megafarmacia propuesta por la administraci\u00f3n de AMLO, el nuevo enfoque se centra en las \u2018farmacias de la esquina\u2019, conocidas tambi\u00e9n como farmacias del Bienestar. &nbsp; Esta alternativa se presenta como una estrategia viable para [&hellip;]","og_url":"https:\/\/www.nexoinformativo.mx\/index.php\/2024\/10\/12\/las-farmacias-de-la-esquina-como-clave-en-el-plan-de-salud-de-claudia-sheinbaum\/","og_site_name":"Nexo Informativo Santiago de Quer\u00e9taro","article_publisher":"https:\/\/www.facebook.com\/people\/Nexo-Informativo\/61564066885511\/","article_published_time":"2024-10-12T18:30:26+00:00","article_modified_time":"2024-10-12T20:46:00+00:00","og_image":[{"width":800,"height":533,"url":"https:\/\/www.nexoinformativo.mx\/wp-content\/uploads\/2024\/10\/pexels-pixabay-208512-scaled-e1728763880575.jpg","type":"image\/jpeg"}],"author":"Nexo Informativo","twitter_card":"summary_large_image","twitter_misc":{"Escrito por":"Nexo Informativo","Tiempo de lectura":"2 minutos"},"schema":{"@context":"https:\/\/schema.org","@graph":[{"@type":"Article","@id":"https:\/\/www.nexoinformativo.mx\/index.php\/2024\/10\/12\/las-farmacias-de-la-esquina-como-clave-en-el-plan-de-salud-de-claudia-sheinbaum\/#article","isPartOf":{"@id":"https:\/\/www.nexoinformativo.mx\/index.php\/2024\/10\/12\/las-farmacias-de-la-esquina-como-clave-en-el-plan-de-salud-de-claudia-sheinbaum\/"},"author":{"name":"Nexo Informativo","@id":"https:\/\/www.nexoinformativo.mx\/#\/schema\/person\/7749d380ba08c8ca00d7bc76fd907b7d"},"headline":"Las &#8220;Farmacias de la Esquina&#8221; como clave en el plan de salud de Claudia Sheinbaum","datePublished":"2024-10-12T18:30:26+00:00","dateModified":"2024-10-12T20:46:00+00:00","mainEntityOfPage":{"@id":"https:\/\/www.nexoinformativo.mx\/index.php\/2024\/10\/12\/las-farmacias-de-la-esquina-como-clave-en-el-plan-de-salud-de-claudia-sheinbaum\/"},"wordCount":291,"commentCount":0,"publisher":{"@id":"https:\/\/www.nexoinformativo.mx\/#organization"},"image":{"@id":"https:\/\/www.nexoinformativo.mx\/index.php\/2024\/10\/12\/las-farmacias-de-la-esquina-como-clave-en-el-plan-de-salud-de-claudia-sheinbaum\/#primaryimage"},"thumbnailUrl":"https:\/\/www.nexoinformativo.mx\/wp-content\/uploads\/2024\/10\/pexels-pixabay-208512-scaled-e1728763880575.jpg","keywords":["FarmaciasDeLaEsquina","Medicamentos","SaludClaudiaSheinbaum","SaludP\u00fablica"],"articleSection":["Nacional","\u00daltima Hora"],"inLanguage":"es","potentialAction":[{"@type":"CommentAction","name":"Comment","target":["https:\/\/www.nexoinformativo.mx\/index.php\/2024\/10\/12\/las-farmacias-de-la-esquina-como-clave-en-el-plan-de-salud-de-claudia-sheinbaum\/#respond"]}]},{"@type":"WebPage","@id":"https:\/\/www.nexoinformativo.mx\/index.php\/2024\/10\/12\/las-farmacias-de-la-esquina-como-clave-en-el-plan-de-salud-de-claudia-sheinbaum\/","url":"https:\/\/www.nexoinformativo.mx\/index.php\/2024\/10\/12\/las-farmacias-de-la-esquina-como-clave-en-el-plan-de-salud-de-claudia-sheinbaum\/","name":"Las \"Farmacias de la Esquina\" como clave en el plan de salud de Claudia Sheinbaum | Nexo Informativo Santiago de Quer\u00e9taro","isPartOf":{"@id":"https:\/\/www.nexoinformativo.mx\/#website"},"primaryImageOfPage":{"@id":"https:\/\/www.nexoinformativo.mx\/index.php\/2024\/10\/12\/las-farmacias-de-la-esquina-como-clave-en-el-plan-de-salud-de-claudia-sheinbaum\/#primaryimage"},"image":{"@id":"https:\/\/www.nexoinformativo.mx\/index.php\/2024\/10\/12\/las-farmacias-de-la-esquina-como-clave-en-el-plan-de-salud-de-claudia-sheinbaum\/#primaryimage"},"thumbnailUrl":"https:\/\/www.nexoinformativo.mx\/wp-content\/uploads\/2024\/10\/pexels-pixabay-208512-scaled-e1728763880575.jpg","datePublished":"2024-10-12T18:30:26+00:00","dateModified":"2024-10-12T20:46:00+00:00","breadcrumb":{"@id":"https:\/\/www.nexoinformativo.mx\/index.php\/2024\/10\/12\/las-farmacias-de-la-esquina-como-clave-en-el-plan-de-salud-de-claudia-sheinbaum\/#breadcrumb"},"inLanguage":"es","potentialAction":[{"@type":"ReadAction","target":["https:\/\/www.nexoinformativo.mx\/index.php\/2024\/10\/12\/las-farmacias-de-la-esquina-como-clave-en-el-plan-de-salud-de-claudia-sheinbaum\/"]}]},{"@type":"ImageObject","inLanguage":"es","@id":"https:\/\/www.nexoinformativo.mx\/index.php\/2024\/10\/12\/las-farmacias-de-la-esquina-como-clave-en-el-plan-de-salud-de-claudia-sheinbaum\/#primaryimage","url":"https:\/\/www.nexoinformativo.mx\/wp-content\/uploads\/2024\/10\/pexels-pixabay-208512-scaled-e1728763880575.jpg","contentUrl":"https:\/\/www.nexoinformativo.mx\/wp-content\/uploads\/2024\/10\/pexels-pixabay-208512-scaled-e1728763880575.jpg","width":800,"height":533},{"@type":"BreadcrumbList","@id":"https:\/\/www.nexoinformativo.mx\/index.php\/2024\/10\/12\/las-farmacias-de-la-esquina-como-clave-en-el-plan-de-salud-de-claudia-sheinbaum\/#breadcrumb","itemListElement":[{"@type":"ListItem","position":1,"name":"Inicio","item":"https:\/\/www.nexoinformativo.mx\/"},{"@type":"ListItem","position":2,"name":"Las &#8220;Farmacias de la Esquina&#8221; como clave en el plan de salud de Claudia Sheinbaum"}]},{"@type":"WebSite","@id":"https:\/\/www.nexoinformativo.mx\/#website","url":"https:\/\/www.nexoinformativo.mx\/","name":"Nexo Informativo Santiago de Quer\u00e9taro","description":"Explora NexoInformativo y convi\u00e9rtete en parte de una comunidad que valora el conocimiento y la verdad. Tu nexoinformativo es tu puente hacia una comprensi\u00f3n m\u00e1s profunda del mundo que te rodea.","publisher":{"@id":"https:\/\/www.nexoinformativo.mx\/#organization"},"potentialAction":[{"@type":"SearchAction","target":{"@type":"EntryPoint","urlTemplate":"https:\/\/www.nexoinformativo.mx\/?s={search_term_string}"},"query-input":{"@type":"PropertyValueSpecification","valueRequired":true,"valueName":"search_term_string"}}],"inLanguage":"es"},{"@type":"Organization","@id":"https:\/\/www.nexoinformativo.mx\/#organization","name":"Nexo Informativo Santiago de Quer\u00e9taro","url":"https:\/\/www.nexoinformativo.mx\/","logo":{"@type":"ImageObject","inLanguage":"es","@id":"https:\/\/www.nexoinformativo.mx\/#\/schema\/logo\/image\/","url":"https:\/\/www.nexoinformativo.mx\/wp-content\/uploads\/2024\/07\/nexoi-trasparente-2.png","contentUrl":"https:\/\/www.nexoinformativo.mx\/wp-content\/uploads\/2024\/07\/nexoi-trasparente-2.png","width":816,"height":339,"caption":"Nexo Informativo Santiago de Quer\u00e9taro"},"image":{"@id":"https:\/\/www.nexoinformativo.mx\/#\/schema\/logo\/image\/"},"sameAs":["https:\/\/www.facebook.com\/people\/Nexo-Informativo\/61564066885511\/"]},{"@type":"Person","@id":"https:\/\/www.nexoinformativo.mx\/#\/schema\/person\/7749d380ba08c8ca00d7bc76fd907b7d","name":"Nexo Informativo","image":{"@type":"ImageObject","inLanguage":"es","@id":"https:\/\/www.nexoinformativo.mx\/#\/schema\/person\/image\/","url":"https:\/\/secure.gravatar.com\/avatar\/dde2928154642a13d95f87ddf1ea9718fe2b46760a005c53e41ff5ad610704e6?s=96&d=mm&r=g","contentUrl":"https:\/\/secure.gravatar.com\/avatar\/dde2928154642a13d95f87ddf1ea9718fe2b46760a005c53e41ff5ad610704e6?s=96&d=mm&r=g","caption":"Nexo Informativo"},"url":"https:\/\/www.nexoinformativo.mx\/index.php\/author\/edicion\/"}]}},"_links":{"self":[{"href":"https:\/\/www.nexoinformativo.mx\/index.php\/wp-json\/wp\/v2\/posts\/3282","targetHints":{"allow":["GET"]}}],"collection":[{"href":"https:\/\/www.nexoinformativo.mx\/index.php\/wp-json\/wp\/v2\/posts"}],"about":[{"href":"https:\/\/www.nexoinformativo.mx\/index.php\/wp-json\/wp\/v2\/types\/post"}],"author":[{"embeddable":true,"href":"https:\/\/www.nexoinformativo.mx\/index.php\/wp-json\/wp\/v2\/users\/3"}],"replies":[{"embeddable":true,"href":"https:\/\/www.nexoinformativo.mx\/index.php\/wp-json\/wp\/v2\/comments?post=3282"}],"version-history":[{"count":5,"href":"https:\/\/www.nexoinformativo.mx\/index.php\/wp-json\/wp\/v2\/posts\/3282\/revisions"}],"predecessor-version":[{"id":3310,"href":"https:\/\/www.nexoinformativo.mx\/index.php\/wp-json\/wp\/v2\/posts\/3282\/revisions\/3310"}],"wp:featuredmedia":[{"embeddable":true,"href":"https:\/\/www.nexoinformativo.mx\/index.php\/wp-json\/wp\/v2\/media\/3283"}],"wp:attachment":[{"href":"https:\/\/www.nexoinformativo.mx\/index.php\/wp-json\/wp\/v2\/media?parent=3282"}],"wp:term":[{"taxonomy":"category","embeddable":true,"href":"https:\/\/www.nexoinformativo.mx\/index.php\/wp-json\/wp\/v2\/categories?post=3282"},{"taxonomy":"post_tag","embeddable":true,"href":"https:\/\/www.nexoinformativo.mx\/index.php\/wp-json\/wp\/v2\/tags?post=3282"}],"curies":[{"name":"wp","href":"https:\/\/api.w.org\/{rel}","templated":true}]}}