{"id":3289,"date":"2024-10-12T12:30:24","date_gmt":"2024-10-12T18:30:24","guid":{"rendered":"https:\/\/www.nexoinformativo.mx\/?p=3289"},"modified":"2024-10-12T14:43:36","modified_gmt":"2024-10-12T20:43:36","slug":"senado-inicia-tombola-de-puestos-judiciales-reformas-para-la-eleccion-de-2025","status":"publish","type":"post","link":"https:\/\/www.nexoinformativo.mx\/index.php\/2024\/10\/12\/senado-inicia-tombola-de-puestos-judiciales-reformas-para-la-eleccion-de-2025\/","title":{"rendered":"Senado inicia t\u00f3mbola de puestos Judiciales: Reformas para la Elecci\u00f3n de 2025"},"content":{"rendered":"<div dir=\"auto\" style=\"text-align: justify;\">Este s\u00e1bado, el pleno del Senado de la Rep\u00fablica dio inicio a un proceso in\u00e9dito de t\u00f3mbola para los cargos judiciales que ser\u00e1n sometidos a elecci\u00f3n en junio de 2025. Esta medida forma parte de la reforma constitucional al Poder Judicial, que busca adecuar el proceso de selecci\u00f3n de jueces y magistrados a lo establecido por la Constituci\u00f3n.<\/div>\n<p>&nbsp;<\/p>\n<div dir=\"auto\" style=\"text-align: justify;\"><\/div>\n<div dir=\"auto\" style=\"text-align: justify;\">Esto implica la selecci\u00f3n de cientos de jueces y magistrados que ser\u00e1n cesados, ya que sus puestos ser\u00e1n elegidos por votaci\u00f3n popular. Este proceso se llevar\u00e1 a cabo al mismo tiempo que la elecci\u00f3n de la totalidad de los integrantes del pleno de la Suprema Corte de Justicia de la Naci\u00f3n <strong>(SCJN)<\/strong>.<\/div>\n<p>&nbsp;<\/p>\n<div dir=\"auto\"><\/div>\n<div dir=\"auto\" style=\"text-align: justify;\"><\/div>\n<div dir=\"auto\" style=\"text-align: justify;\">El evento de la t\u00f3mbola cont\u00f3 \u00fanicamente con la participaci\u00f3n de senadores del partido Morena, sus aliados y el PRI. \u00a0Las bancadas del PAN y Movimiento Ciudadano decidieron no participar en esta fase del proceso. El acuerdo modificado para llevar a cabo fue aprobado con 72 votos a favor y 11 en contra. La ceremonia fue supervisada por el notario 171, Juan Jos\u00e9 Barrag\u00e1n Abascal, quien garantiz\u00f3 la transparencia del proceso.<\/div>\n<p>&nbsp;<\/p>\n<div dir=\"auto\"><\/div>\n<div dir=\"auto\" style=\"text-align: justify;\">Fernandez Noro\u00f1a, presidente de la mesa directiva del Senado, aclar\u00f3 que el Senado solo definir\u00e1 qu\u00e9 mitad de los cargos ir\u00e1 a elecci\u00f3n en junio de 2025, y qu\u00e9 otra mitad se someter\u00e1 a votaci\u00f3n en junio de 2027. Este cambio en la forma de elegir a los jueces es parte de un esfuerzo para fortalecer la independencia y la transparencia en el sistema judicial mexicano.<\/div>\n<p>&nbsp;<\/p>\n<div dir=\"auto\"><\/div>\n<div dir=\"auto\"><\/div>\n<div dir=\"auto\" style=\"text-align: center;\"><em><strong>\u00a1Informaci\u00f3n que transforma!<\/strong><\/em><\/div>\n","protected":false},"excerpt":{"rendered":"<p>Este s\u00e1bado, el pleno del Senado de la Rep\u00fablica dio inicio a un proceso in\u00e9dito de t\u00f3mbola para los cargos judiciales que ser\u00e1n sometidos a elecci\u00f3n en junio de 2025. Esta medida forma parte de la reforma constitucional al Poder Judicial, que busca adecuar el proceso de selecci\u00f3n de jueces y magistrados a lo establecido [&hellip;]<\/p>\n","protected":false},"author":3,"featured_media":3290,"comment_status":"open","ping_status":"open","sticky":false,"template":"","format":"standard","meta":{"footnotes":""},"categories":[88,21,58],"tags":[1309,272,1310,1311],"class_list":["post-3289","post","type-post","status-publish","format-standard","has-post-thumbnail","hentry","category-nacional","category-politica","category-ultima-hora","tag-eleccion2025","tag-reformajudicial","tag-senadodelarepublica","tag-tombola"],"yoast_head":"<!-- This site is optimized with the Yoast SEO plugin v25.0 - https:\/\/yoast.com\/wordpress\/plugins\/seo\/ -->\n<title>Senado inicia t\u00f3mbola de puestos Judiciales: Reformas para la Elecci\u00f3n de 2025 | Nexo Informativo Santiago de Quer\u00e9taro<\/title>\n<meta name=\"robots\" content=\"index, follow, max-snippet:-1, max-image-preview:large, max-video-preview:-1\" \/>\n<link rel=\"canonical\" href=\"https:\/\/www.nexoinformativo.mx\/index.php\/2024\/10\/12\/senado-inicia-tombola-de-puestos-judiciales-reformas-para-la-eleccion-de-2025\/\" \/>\n<meta property=\"og:locale\" content=\"es_MX\" \/>\n<meta property=\"og:type\" content=\"article\" \/>\n<meta property=\"og:title\" content=\"Senado inicia t\u00f3mbola de puestos Judiciales: Reformas para la Elecci\u00f3n de 2025 | Nexo Informativo Santiago de Quer\u00e9taro\" \/>\n<meta property=\"og:description\" content=\"Este s\u00e1bado, el pleno del Senado de la Rep\u00fablica dio inicio a un proceso in\u00e9dito de t\u00f3mbola para los cargos judiciales que ser\u00e1n sometidos a elecci\u00f3n en junio de 2025. Esta medida forma parte de la reforma constitucional al Poder Judicial, que busca adecuar el proceso de selecci\u00f3n de jueces y magistrados a lo establecido [&hellip;]\" \/>\n<meta property=\"og:url\" content=\"https:\/\/www.nexoinformativo.mx\/index.php\/2024\/10\/12\/senado-inicia-tombola-de-puestos-judiciales-reformas-para-la-eleccion-de-2025\/\" \/>\n<meta property=\"og:site_name\" content=\"Nexo Informativo Santiago de Quer\u00e9taro\" \/>\n<meta property=\"article:publisher\" content=\"https:\/\/www.facebook.com\/people\/Nexo-Informativo\/61564066885511\/\" \/>\n<meta property=\"article:published_time\" content=\"2024-10-12T18:30:24+00:00\" \/>\n<meta property=\"article:modified_time\" content=\"2024-10-12T20:43:36+00:00\" \/>\n<meta property=\"og:image\" content=\"https:\/\/www.nexoinformativo.mx\/wp-content\/uploads\/2024\/10\/IMG_6856-scaled-e1728764773169.jpg\" \/>\n\t<meta property=\"og:image:width\" content=\"800\" \/>\n\t<meta property=\"og:image:height\" content=\"600\" \/>\n\t<meta property=\"og:image:type\" content=\"image\/jpeg\" \/>\n<meta name=\"author\" content=\"Nexo Informativo\" \/>\n<meta name=\"twitter:card\" content=\"summary_large_image\" \/>\n<meta name=\"twitter:label1\" content=\"Escrito por\" \/>\n\t<meta name=\"twitter:data1\" content=\"Nexo Informativo\" \/>\n\t<meta name=\"twitter:label2\" content=\"Tiempo de lectura\" \/>\n\t<meta name=\"twitter:data2\" content=\"2 minutos\" \/>\n<script type=\"application\/ld+json\" class=\"yoast-schema-graph\">{\"@context\":\"https:\/\/schema.org\",\"@graph\":[{\"@type\":\"Article\",\"@id\":\"https:\/\/www.nexoinformativo.mx\/index.php\/2024\/10\/12\/senado-inicia-tombola-de-puestos-judiciales-reformas-para-la-eleccion-de-2025\/#article\",\"isPartOf\":{\"@id\":\"https:\/\/www.nexoinformativo.mx\/index.php\/2024\/10\/12\/senado-inicia-tombola-de-puestos-judiciales-reformas-para-la-eleccion-de-2025\/\"},\"author\":{\"name\":\"Nexo Informativo\",\"@id\":\"https:\/\/www.nexoinformativo.mx\/#\/schema\/person\/7749d380ba08c8ca00d7bc76fd907b7d\"},\"headline\":\"Senado inicia t\u00f3mbola de puestos Judiciales: Reformas para la Elecci\u00f3n de 2025\",\"datePublished\":\"2024-10-12T18:30:24+00:00\",\"dateModified\":\"2024-10-12T20:43:36+00:00\",\"mainEntityOfPage\":{\"@id\":\"https:\/\/www.nexoinformativo.mx\/index.php\/2024\/10\/12\/senado-inicia-tombola-de-puestos-judiciales-reformas-para-la-eleccion-de-2025\/\"},\"wordCount\":282,\"commentCount\":0,\"publisher\":{\"@id\":\"https:\/\/www.nexoinformativo.mx\/#organization\"},\"image\":{\"@id\":\"https:\/\/www.nexoinformativo.mx\/index.php\/2024\/10\/12\/senado-inicia-tombola-de-puestos-judiciales-reformas-para-la-eleccion-de-2025\/#primaryimage\"},\"thumbnailUrl\":\"https:\/\/www.nexoinformativo.mx\/wp-content\/uploads\/2024\/10\/IMG_6856-scaled-e1728764773169.jpg\",\"keywords\":[\"Elecci\u00f3n2025\",\"ReformaJudicial\",\"SenadoDeLaRep\u00fablica\",\"T\u00f3mbola\"],\"articleSection\":[\"Nacional\",\"Pol\u00edtica\",\"\u00daltima Hora\"],\"inLanguage\":\"es\",\"potentialAction\":[{\"@type\":\"CommentAction\",\"name\":\"Comment\",\"target\":[\"https:\/\/www.nexoinformativo.mx\/index.php\/2024\/10\/12\/senado-inicia-tombola-de-puestos-judiciales-reformas-para-la-eleccion-de-2025\/#respond\"]}]},{\"@type\":\"WebPage\",\"@id\":\"https:\/\/www.nexoinformativo.mx\/index.php\/2024\/10\/12\/senado-inicia-tombola-de-puestos-judiciales-reformas-para-la-eleccion-de-2025\/\",\"url\":\"https:\/\/www.nexoinformativo.mx\/index.php\/2024\/10\/12\/senado-inicia-tombola-de-puestos-judiciales-reformas-para-la-eleccion-de-2025\/\",\"name\":\"Senado inicia t\u00f3mbola de puestos Judiciales: Reformas para la Elecci\u00f3n de 2025 | Nexo Informativo Santiago de Quer\u00e9taro\",\"isPartOf\":{\"@id\":\"https:\/\/www.nexoinformativo.mx\/#website\"},\"primaryImageOfPage\":{\"@id\":\"https:\/\/www.nexoinformativo.mx\/index.php\/2024\/10\/12\/senado-inicia-tombola-de-puestos-judiciales-reformas-para-la-eleccion-de-2025\/#primaryimage\"},\"image\":{\"@id\":\"https:\/\/www.nexoinformativo.mx\/index.php\/2024\/10\/12\/senado-inicia-tombola-de-puestos-judiciales-reformas-para-la-eleccion-de-2025\/#primaryimage\"},\"thumbnailUrl\":\"https:\/\/www.nexoinformativo.mx\/wp-content\/uploads\/2024\/10\/IMG_6856-scaled-e1728764773169.jpg\",\"datePublished\":\"2024-10-12T18:30:24+00:00\",\"dateModified\":\"2024-10-12T20:43:36+00:00\",\"breadcrumb\":{\"@id\":\"https:\/\/www.nexoinformativo.mx\/index.php\/2024\/10\/12\/senado-inicia-tombola-de-puestos-judiciales-reformas-para-la-eleccion-de-2025\/#breadcrumb\"},\"inLanguage\":\"es\",\"potentialAction\":[{\"@type\":\"ReadAction\",\"target\":[\"https:\/\/www.nexoinformativo.mx\/index.php\/2024\/10\/12\/senado-inicia-tombola-de-puestos-judiciales-reformas-para-la-eleccion-de-2025\/\"]}]},{\"@type\":\"ImageObject\",\"inLanguage\":\"es\",\"@id\":\"https:\/\/www.nexoinformativo.mx\/index.php\/2024\/10\/12\/senado-inicia-tombola-de-puestos-judiciales-reformas-para-la-eleccion-de-2025\/#primaryimage\",\"url\":\"https:\/\/www.nexoinformativo.mx\/wp-content\/uploads\/2024\/10\/IMG_6856-scaled-e1728764773169.jpg\",\"contentUrl\":\"https:\/\/www.nexoinformativo.mx\/wp-content\/uploads\/2024\/10\/IMG_6856-scaled-e1728764773169.jpg\",\"width\":800,\"height\":600},{\"@type\":\"BreadcrumbList\",\"@id\":\"https:\/\/www.nexoinformativo.mx\/index.php\/2024\/10\/12\/senado-inicia-tombola-de-puestos-judiciales-reformas-para-la-eleccion-de-2025\/#breadcrumb\",\"itemListElement\":[{\"@type\":\"ListItem\",\"position\":1,\"name\":\"Inicio\",\"item\":\"https:\/\/www.nexoinformativo.mx\/\"},{\"@type\":\"ListItem\",\"position\":2,\"name\":\"Senado inicia t\u00f3mbola de puestos Judiciales: Reformas para la Elecci\u00f3n de 2025\"}]},{\"@type\":\"WebSite\",\"@id\":\"https:\/\/www.nexoinformativo.mx\/#website\",\"url\":\"https:\/\/www.nexoinformativo.mx\/\",\"name\":\"Nexo Informativo Santiago de Quer\u00e9taro\",\"description\":\"Explora NexoInformativo y convi\u00e9rtete en parte de una comunidad que valora el conocimiento y la verdad. Tu nexoinformativo es tu puente hacia una comprensi\u00f3n m\u00e1s profunda del mundo que te rodea.\",\"publisher\":{\"@id\":\"https:\/\/www.nexoinformativo.mx\/#organization\"},\"potentialAction\":[{\"@type\":\"SearchAction\",\"target\":{\"@type\":\"EntryPoint\",\"urlTemplate\":\"https:\/\/www.nexoinformativo.mx\/?s={search_term_string}\"},\"query-input\":{\"@type\":\"PropertyValueSpecification\",\"valueRequired\":true,\"valueName\":\"search_term_string\"}}],\"inLanguage\":\"es\"},{\"@type\":\"Organization\",\"@id\":\"https:\/\/www.nexoinformativo.mx\/#organization\",\"name\":\"Nexo Informativo Santiago de Quer\u00e9taro\",\"url\":\"https:\/\/www.nexoinformativo.mx\/\",\"logo\":{\"@type\":\"ImageObject\",\"inLanguage\":\"es\",\"@id\":\"https:\/\/www.nexoinformativo.mx\/#\/schema\/logo\/image\/\",\"url\":\"https:\/\/www.nexoinformativo.mx\/wp-content\/uploads\/2024\/07\/nexoi-trasparente-2.png\",\"contentUrl\":\"https:\/\/www.nexoinformativo.mx\/wp-content\/uploads\/2024\/07\/nexoi-trasparente-2.png\",\"width\":816,\"height\":339,\"caption\":\"Nexo Informativo Santiago de Quer\u00e9taro\"},\"image\":{\"@id\":\"https:\/\/www.nexoinformativo.mx\/#\/schema\/logo\/image\/\"},\"sameAs\":[\"https:\/\/www.facebook.com\/people\/Nexo-Informativo\/61564066885511\/\"]},{\"@type\":\"Person\",\"@id\":\"https:\/\/www.nexoinformativo.mx\/#\/schema\/person\/7749d380ba08c8ca00d7bc76fd907b7d\",\"name\":\"Nexo Informativo\",\"image\":{\"@type\":\"ImageObject\",\"inLanguage\":\"es\",\"@id\":\"https:\/\/www.nexoinformativo.mx\/#\/schema\/person\/image\/\",\"url\":\"https:\/\/secure.gravatar.com\/avatar\/dde2928154642a13d95f87ddf1ea9718fe2b46760a005c53e41ff5ad610704e6?s=96&d=mm&r=g\",\"contentUrl\":\"https:\/\/secure.gravatar.com\/avatar\/dde2928154642a13d95f87ddf1ea9718fe2b46760a005c53e41ff5ad610704e6?s=96&d=mm&r=g\",\"caption\":\"Nexo Informativo\"},\"url\":\"https:\/\/www.nexoinformativo.mx\/index.php\/author\/edicion\/\"}]}<\/script>\n<!-- \/ Yoast SEO plugin. -->","yoast_head_json":{"title":"Senado inicia t\u00f3mbola de puestos Judiciales: Reformas para la Elecci\u00f3n de 2025 | Nexo Informativo Santiago de Quer\u00e9taro","robots":{"index":"index","follow":"follow","max-snippet":"max-snippet:-1","max-image-preview":"max-image-preview:large","max-video-preview":"max-video-preview:-1"},"canonical":"https:\/\/www.nexoinformativo.mx\/index.php\/2024\/10\/12\/senado-inicia-tombola-de-puestos-judiciales-reformas-para-la-eleccion-de-2025\/","og_locale":"es_MX","og_type":"article","og_title":"Senado inicia t\u00f3mbola de puestos Judiciales: Reformas para la Elecci\u00f3n de 2025 | Nexo Informativo Santiago de Quer\u00e9taro","og_description":"Este s\u00e1bado, el pleno del Senado de la Rep\u00fablica dio inicio a un proceso in\u00e9dito de t\u00f3mbola para los cargos judiciales que ser\u00e1n sometidos a elecci\u00f3n en junio de 2025. Esta medida forma parte de la reforma constitucional al Poder Judicial, que busca adecuar el proceso de selecci\u00f3n de jueces y magistrados a lo establecido [&hellip;]","og_url":"https:\/\/www.nexoinformativo.mx\/index.php\/2024\/10\/12\/senado-inicia-tombola-de-puestos-judiciales-reformas-para-la-eleccion-de-2025\/","og_site_name":"Nexo Informativo Santiago de Quer\u00e9taro","article_publisher":"https:\/\/www.facebook.com\/people\/Nexo-Informativo\/61564066885511\/","article_published_time":"2024-10-12T18:30:24+00:00","article_modified_time":"2024-10-12T20:43:36+00:00","og_image":[{"width":800,"height":600,"url":"https:\/\/www.nexoinformativo.mx\/wp-content\/uploads\/2024\/10\/IMG_6856-scaled-e1728764773169.jpg","type":"image\/jpeg"}],"author":"Nexo Informativo","twitter_card":"summary_large_image","twitter_misc":{"Escrito por":"Nexo Informativo","Tiempo de lectura":"2 minutos"},"schema":{"@context":"https:\/\/schema.org","@graph":[{"@type":"Article","@id":"https:\/\/www.nexoinformativo.mx\/index.php\/2024\/10\/12\/senado-inicia-tombola-de-puestos-judiciales-reformas-para-la-eleccion-de-2025\/#article","isPartOf":{"@id":"https:\/\/www.nexoinformativo.mx\/index.php\/2024\/10\/12\/senado-inicia-tombola-de-puestos-judiciales-reformas-para-la-eleccion-de-2025\/"},"author":{"name":"Nexo Informativo","@id":"https:\/\/www.nexoinformativo.mx\/#\/schema\/person\/7749d380ba08c8ca00d7bc76fd907b7d"},"headline":"Senado inicia t\u00f3mbola de puestos Judiciales: Reformas para la Elecci\u00f3n de 2025","datePublished":"2024-10-12T18:30:24+00:00","dateModified":"2024-10-12T20:43:36+00:00","mainEntityOfPage":{"@id":"https:\/\/www.nexoinformativo.mx\/index.php\/2024\/10\/12\/senado-inicia-tombola-de-puestos-judiciales-reformas-para-la-eleccion-de-2025\/"},"wordCount":282,"commentCount":0,"publisher":{"@id":"https:\/\/www.nexoinformativo.mx\/#organization"},"image":{"@id":"https:\/\/www.nexoinformativo.mx\/index.php\/2024\/10\/12\/senado-inicia-tombola-de-puestos-judiciales-reformas-para-la-eleccion-de-2025\/#primaryimage"},"thumbnailUrl":"https:\/\/www.nexoinformativo.mx\/wp-content\/uploads\/2024\/10\/IMG_6856-scaled-e1728764773169.jpg","keywords":["Elecci\u00f3n2025","ReformaJudicial","SenadoDeLaRep\u00fablica","T\u00f3mbola"],"articleSection":["Nacional","Pol\u00edtica","\u00daltima Hora"],"inLanguage":"es","potentialAction":[{"@type":"CommentAction","name":"Comment","target":["https:\/\/www.nexoinformativo.mx\/index.php\/2024\/10\/12\/senado-inicia-tombola-de-puestos-judiciales-reformas-para-la-eleccion-de-2025\/#respond"]}]},{"@type":"WebPage","@id":"https:\/\/www.nexoinformativo.mx\/index.php\/2024\/10\/12\/senado-inicia-tombola-de-puestos-judiciales-reformas-para-la-eleccion-de-2025\/","url":"https:\/\/www.nexoinformativo.mx\/index.php\/2024\/10\/12\/senado-inicia-tombola-de-puestos-judiciales-reformas-para-la-eleccion-de-2025\/","name":"Senado inicia t\u00f3mbola de puestos Judiciales: Reformas para la Elecci\u00f3n de 2025 | Nexo Informativo Santiago de Quer\u00e9taro","isPartOf":{"@id":"https:\/\/www.nexoinformativo.mx\/#website"},"primaryImageOfPage":{"@id":"https:\/\/www.nexoinformativo.mx\/index.php\/2024\/10\/12\/senado-inicia-tombola-de-puestos-judiciales-reformas-para-la-eleccion-de-2025\/#primaryimage"},"image":{"@id":"https:\/\/www.nexoinformativo.mx\/index.php\/2024\/10\/12\/senado-inicia-tombola-de-puestos-judiciales-reformas-para-la-eleccion-de-2025\/#primaryimage"},"thumbnailUrl":"https:\/\/www.nexoinformativo.mx\/wp-content\/uploads\/2024\/10\/IMG_6856-scaled-e1728764773169.jpg","datePublished":"2024-10-12T18:30:24+00:00","dateModified":"2024-10-12T20:43:36+00:00","breadcrumb":{"@id":"https:\/\/www.nexoinformativo.mx\/index.php\/2024\/10\/12\/senado-inicia-tombola-de-puestos-judiciales-reformas-para-la-eleccion-de-2025\/#breadcrumb"},"inLanguage":"es","potentialAction":[{"@type":"ReadAction","target":["https:\/\/www.nexoinformativo.mx\/index.php\/2024\/10\/12\/senado-inicia-tombola-de-puestos-judiciales-reformas-para-la-eleccion-de-2025\/"]}]},{"@type":"ImageObject","inLanguage":"es","@id":"https:\/\/www.nexoinformativo.mx\/index.php\/2024\/10\/12\/senado-inicia-tombola-de-puestos-judiciales-reformas-para-la-eleccion-de-2025\/#primaryimage","url":"https:\/\/www.nexoinformativo.mx\/wp-content\/uploads\/2024\/10\/IMG_6856-scaled-e1728764773169.jpg","contentUrl":"https:\/\/www.nexoinformativo.mx\/wp-content\/uploads\/2024\/10\/IMG_6856-scaled-e1728764773169.jpg","width":800,"height":600},{"@type":"BreadcrumbList","@id":"https:\/\/www.nexoinformativo.mx\/index.php\/2024\/10\/12\/senado-inicia-tombola-de-puestos-judiciales-reformas-para-la-eleccion-de-2025\/#breadcrumb","itemListElement":[{"@type":"ListItem","position":1,"name":"Inicio","item":"https:\/\/www.nexoinformativo.mx\/"},{"@type":"ListItem","position":2,"name":"Senado inicia t\u00f3mbola de puestos Judiciales: Reformas para la Elecci\u00f3n de 2025"}]},{"@type":"WebSite","@id":"https:\/\/www.nexoinformativo.mx\/#website","url":"https:\/\/www.nexoinformativo.mx\/","name":"Nexo Informativo Santiago de Quer\u00e9taro","description":"Explora NexoInformativo y convi\u00e9rtete en parte de una comunidad que valora el conocimiento y la verdad. Tu nexoinformativo es tu puente hacia una comprensi\u00f3n m\u00e1s profunda del mundo que te rodea.","publisher":{"@id":"https:\/\/www.nexoinformativo.mx\/#organization"},"potentialAction":[{"@type":"SearchAction","target":{"@type":"EntryPoint","urlTemplate":"https:\/\/www.nexoinformativo.mx\/?s={search_term_string}"},"query-input":{"@type":"PropertyValueSpecification","valueRequired":true,"valueName":"search_term_string"}}],"inLanguage":"es"},{"@type":"Organization","@id":"https:\/\/www.nexoinformativo.mx\/#organization","name":"Nexo Informativo Santiago de Quer\u00e9taro","url":"https:\/\/www.nexoinformativo.mx\/","logo":{"@type":"ImageObject","inLanguage":"es","@id":"https:\/\/www.nexoinformativo.mx\/#\/schema\/logo\/image\/","url":"https:\/\/www.nexoinformativo.mx\/wp-content\/uploads\/2024\/07\/nexoi-trasparente-2.png","contentUrl":"https:\/\/www.nexoinformativo.mx\/wp-content\/uploads\/2024\/07\/nexoi-trasparente-2.png","width":816,"height":339,"caption":"Nexo Informativo Santiago de Quer\u00e9taro"},"image":{"@id":"https:\/\/www.nexoinformativo.mx\/#\/schema\/logo\/image\/"},"sameAs":["https:\/\/www.facebook.com\/people\/Nexo-Informativo\/61564066885511\/"]},{"@type":"Person","@id":"https:\/\/www.nexoinformativo.mx\/#\/schema\/person\/7749d380ba08c8ca00d7bc76fd907b7d","name":"Nexo Informativo","image":{"@type":"ImageObject","inLanguage":"es","@id":"https:\/\/www.nexoinformativo.mx\/#\/schema\/person\/image\/","url":"https:\/\/secure.gravatar.com\/avatar\/dde2928154642a13d95f87ddf1ea9718fe2b46760a005c53e41ff5ad610704e6?s=96&d=mm&r=g","contentUrl":"https:\/\/secure.gravatar.com\/avatar\/dde2928154642a13d95f87ddf1ea9718fe2b46760a005c53e41ff5ad610704e6?s=96&d=mm&r=g","caption":"Nexo Informativo"},"url":"https:\/\/www.nexoinformativo.mx\/index.php\/author\/edicion\/"}]}},"_links":{"self":[{"href":"https:\/\/www.nexoinformativo.mx\/index.php\/wp-json\/wp\/v2\/posts\/3289","targetHints":{"allow":["GET"]}}],"collection":[{"href":"https:\/\/www.nexoinformativo.mx\/index.php\/wp-json\/wp\/v2\/posts"}],"about":[{"href":"https:\/\/www.nexoinformativo.mx\/index.php\/wp-json\/wp\/v2\/types\/post"}],"author":[{"embeddable":true,"href":"https:\/\/www.nexoinformativo.mx\/index.php\/wp-json\/wp\/v2\/users\/3"}],"replies":[{"embeddable":true,"href":"https:\/\/www.nexoinformativo.mx\/index.php\/wp-json\/wp\/v2\/comments?post=3289"}],"version-history":[{"count":5,"href":"https:\/\/www.nexoinformativo.mx\/index.php\/wp-json\/wp\/v2\/posts\/3289\/revisions"}],"predecessor-version":[{"id":3296,"href":"https:\/\/www.nexoinformativo.mx\/index.php\/wp-json\/wp\/v2\/posts\/3289\/revisions\/3296"}],"wp:featuredmedia":[{"embeddable":true,"href":"https:\/\/www.nexoinformativo.mx\/index.php\/wp-json\/wp\/v2\/media\/3290"}],"wp:attachment":[{"href":"https:\/\/www.nexoinformativo.mx\/index.php\/wp-json\/wp\/v2\/media?parent=3289"}],"wp:term":[{"taxonomy":"category","embeddable":true,"href":"https:\/\/www.nexoinformativo.mx\/index.php\/wp-json\/wp\/v2\/categories?post=3289"},{"taxonomy":"post_tag","embeddable":true,"href":"https:\/\/www.nexoinformativo.mx\/index.php\/wp-json\/wp\/v2\/tags?post=3289"}],"curies":[{"name":"wp","href":"https:\/\/api.w.org\/{rel}","templated":true}]}}