{"id":3297,"date":"2024-10-12T13:00:39","date_gmt":"2024-10-12T19:00:39","guid":{"rendered":"https:\/\/www.nexoinformativo.mx\/?p=3297"},"modified":"2024-10-12T15:42:59","modified_gmt":"2024-10-12T21:42:59","slug":"el-peso-mexicano-avanza-mas-de-1-ante-la-debilidad-del-dolar","status":"publish","type":"post","link":"https:\/\/www.nexoinformativo.mx\/index.php\/2024\/10\/12\/el-peso-mexicano-avanza-mas-de-1-ante-la-debilidad-del-dolar\/","title":{"rendered":"El Peso Mexicano avanza m\u00e1s de 1% ante la debilidad del D\u00f3lar"},"content":{"rendered":"<div dir=\"auto\" style=\"text-align: justify;\">El peso mexicano cerr\u00f3 la sesi\u00f3n de este viernes con un avance del 1.06% frente al d\u00f3lar, gracias a las expectativas de que la Reserva Federal de Estados Unidos <strong>(Fed)<\/strong> adoptar\u00e1 un enfoque m\u00e1s cauteloso en sus decisiones sobre los recortes de la tasa de inter\u00e9s.<\/div>\n<p>&nbsp;<\/p>\n<div dir=\"auto\"><\/div>\n<div dir=\"auto\" style=\"text-align: justify;\">El tipo de cambio se estableci\u00f3 en $19.28 pesos por d\u00f3lar, superando la barrera de los $19.30. Durante la semana, la moneda mexicana hab\u00eda experimentado una ligera depreciaci\u00f3n del 0.15%, pero el optimismo en el mercado sobre la pol\u00edtica monetaria de la Fed y del Banco de M\u00e9xico ha contribuido a su reciente fortalecimiento.<\/div>\n<p>&nbsp;<\/p>\n<div dir=\"auto\"><\/div>\n<div dir=\"auto\" style=\"text-align: justify;\"><strong>\u201cEl peso fue beneficiado por un menor entorno de aversi\u00f3n al riesgo\u201d<\/strong>, explic\u00f3 un an\u00e1lisis de Monex, refiri\u00e9ndose a las minutas de la \u00faltima reuni\u00f3n de la Fed. Desde un enfoque t\u00e9cnico, el tipo de cambio se ha consolidado durante siete sesiones consecutivas entre los niveles de 19.22 y 19.40 pesos por d\u00f3lar.<\/div>\n<p>&nbsp;<\/p>\n<div dir=\"auto\" style=\"text-align: justify;\">Sin embargo, el peso tambi\u00e9n enfrenta riesgos, como la aprobaci\u00f3n del paquete de 20 reformas que present\u00f3 el presidente AMLO en febrero de este a\u00f1o. Hasta ahora, se han aprobado reformas relacionadas con el Poder Judicial, la Guardia Nacional y el aumento del salario m\u00ednimo.<\/div>\n<p>&nbsp;<\/p>\n<div dir=\"auto\"><\/div>\n<div dir=\"auto\" style=\"text-align: center;\"><em><strong>\u00a1Informaci\u00f3n que transforma!<\/strong><\/em><\/div>\n","protected":false},"excerpt":{"rendered":"<p>El peso mexicano cerr\u00f3 la sesi\u00f3n de este viernes con un avance del 1.06% frente al d\u00f3lar, gracias a las expectativas de que la Reserva Federal de Estados Unidos (Fed) adoptar\u00e1 un enfoque m\u00e1s cauteloso en sus decisiones sobre los recortes de la tasa de inter\u00e9s. &nbsp; El tipo de cambio se estableci\u00f3 en $19.28 [&hellip;]<\/p>\n","protected":false},"author":3,"featured_media":3299,"comment_status":"open","ping_status":"open","sticky":false,"template":"","format":"standard","meta":{"footnotes":""},"categories":[5,88,58],"tags":[1313,1314,1315,1312],"class_list":["post-3297","post","type-post","status-publish","format-standard","has-post-thumbnail","hentry","category-economia","category-nacional","category-ultima-hora","tag-dolar","tag-economiamexico","tag-fed","tag-pesomexicano"],"yoast_head":"<!-- This site is optimized with the Yoast SEO plugin v25.0 - https:\/\/yoast.com\/wordpress\/plugins\/seo\/ -->\n<title>El Peso Mexicano avanza m\u00e1s de 1% ante la debilidad del D\u00f3lar | Nexo Informativo Santiago de Quer\u00e9taro<\/title>\n<meta name=\"robots\" content=\"index, follow, max-snippet:-1, max-image-preview:large, max-video-preview:-1\" \/>\n<link rel=\"canonical\" href=\"https:\/\/www.nexoinformativo.mx\/index.php\/2024\/10\/12\/el-peso-mexicano-avanza-mas-de-1-ante-la-debilidad-del-dolar\/\" \/>\n<meta property=\"og:locale\" content=\"es_MX\" \/>\n<meta property=\"og:type\" content=\"article\" \/>\n<meta property=\"og:title\" content=\"El Peso Mexicano avanza m\u00e1s de 1% ante la debilidad del D\u00f3lar | Nexo Informativo Santiago de Quer\u00e9taro\" \/>\n<meta property=\"og:description\" content=\"El peso mexicano cerr\u00f3 la sesi\u00f3n de este viernes con un avance del 1.06% frente al d\u00f3lar, gracias a las expectativas de que la Reserva Federal de Estados Unidos (Fed) adoptar\u00e1 un enfoque m\u00e1s cauteloso en sus decisiones sobre los recortes de la tasa de inter\u00e9s. &nbsp; El tipo de cambio se estableci\u00f3 en $19.28 [&hellip;]\" \/>\n<meta property=\"og:url\" content=\"https:\/\/www.nexoinformativo.mx\/index.php\/2024\/10\/12\/el-peso-mexicano-avanza-mas-de-1-ante-la-debilidad-del-dolar\/\" \/>\n<meta property=\"og:site_name\" content=\"Nexo Informativo Santiago de Quer\u00e9taro\" \/>\n<meta property=\"article:publisher\" content=\"https:\/\/www.facebook.com\/people\/Nexo-Informativo\/61564066885511\/\" \/>\n<meta property=\"article:published_time\" content=\"2024-10-12T19:00:39+00:00\" \/>\n<meta property=\"article:modified_time\" content=\"2024-10-12T21:42:59+00:00\" \/>\n<meta property=\"og:image\" content=\"https:\/\/www.nexoinformativo.mx\/wp-content\/uploads\/2024\/10\/PHOTO-2024-10-12-14-37-21-e1728765497940.jpg\" \/>\n\t<meta property=\"og:image:width\" content=\"800\" \/>\n\t<meta property=\"og:image:height\" content=\"533\" \/>\n\t<meta property=\"og:image:type\" content=\"image\/jpeg\" \/>\n<meta name=\"author\" content=\"Nexo Informativo\" \/>\n<meta name=\"twitter:card\" content=\"summary_large_image\" \/>\n<meta name=\"twitter:label1\" content=\"Escrito por\" \/>\n\t<meta name=\"twitter:data1\" content=\"Nexo Informativo\" \/>\n\t<meta name=\"twitter:label2\" content=\"Tiempo de lectura\" \/>\n\t<meta name=\"twitter:data2\" content=\"2 minutos\" \/>\n<script type=\"application\/ld+json\" class=\"yoast-schema-graph\">{\"@context\":\"https:\/\/schema.org\",\"@graph\":[{\"@type\":\"Article\",\"@id\":\"https:\/\/www.nexoinformativo.mx\/index.php\/2024\/10\/12\/el-peso-mexicano-avanza-mas-de-1-ante-la-debilidad-del-dolar\/#article\",\"isPartOf\":{\"@id\":\"https:\/\/www.nexoinformativo.mx\/index.php\/2024\/10\/12\/el-peso-mexicano-avanza-mas-de-1-ante-la-debilidad-del-dolar\/\"},\"author\":{\"name\":\"Nexo Informativo\",\"@id\":\"https:\/\/www.nexoinformativo.mx\/#\/schema\/person\/7749d380ba08c8ca00d7bc76fd907b7d\"},\"headline\":\"El Peso Mexicano avanza m\u00e1s de 1% ante la debilidad del D\u00f3lar\",\"datePublished\":\"2024-10-12T19:00:39+00:00\",\"dateModified\":\"2024-10-12T21:42:59+00:00\",\"mainEntityOfPage\":{\"@id\":\"https:\/\/www.nexoinformativo.mx\/index.php\/2024\/10\/12\/el-peso-mexicano-avanza-mas-de-1-ante-la-debilidad-del-dolar\/\"},\"wordCount\":231,\"commentCount\":0,\"publisher\":{\"@id\":\"https:\/\/www.nexoinformativo.mx\/#organization\"},\"image\":{\"@id\":\"https:\/\/www.nexoinformativo.mx\/index.php\/2024\/10\/12\/el-peso-mexicano-avanza-mas-de-1-ante-la-debilidad-del-dolar\/#primaryimage\"},\"thumbnailUrl\":\"https:\/\/www.nexoinformativo.mx\/wp-content\/uploads\/2024\/10\/PHOTO-2024-10-12-14-37-21-e1728765497940.jpg\",\"keywords\":[\"D\u00f3lar\",\"Econom\u00edaM\u00e9xico\",\"FED\",\"PesoMexicano\"],\"articleSection\":[\"Econom\u00eda\",\"Nacional\",\"\u00daltima Hora\"],\"inLanguage\":\"es\",\"potentialAction\":[{\"@type\":\"CommentAction\",\"name\":\"Comment\",\"target\":[\"https:\/\/www.nexoinformativo.mx\/index.php\/2024\/10\/12\/el-peso-mexicano-avanza-mas-de-1-ante-la-debilidad-del-dolar\/#respond\"]}]},{\"@type\":\"WebPage\",\"@id\":\"https:\/\/www.nexoinformativo.mx\/index.php\/2024\/10\/12\/el-peso-mexicano-avanza-mas-de-1-ante-la-debilidad-del-dolar\/\",\"url\":\"https:\/\/www.nexoinformativo.mx\/index.php\/2024\/10\/12\/el-peso-mexicano-avanza-mas-de-1-ante-la-debilidad-del-dolar\/\",\"name\":\"El Peso Mexicano avanza m\u00e1s de 1% ante la debilidad del D\u00f3lar | Nexo Informativo Santiago de Quer\u00e9taro\",\"isPartOf\":{\"@id\":\"https:\/\/www.nexoinformativo.mx\/#website\"},\"primaryImageOfPage\":{\"@id\":\"https:\/\/www.nexoinformativo.mx\/index.php\/2024\/10\/12\/el-peso-mexicano-avanza-mas-de-1-ante-la-debilidad-del-dolar\/#primaryimage\"},\"image\":{\"@id\":\"https:\/\/www.nexoinformativo.mx\/index.php\/2024\/10\/12\/el-peso-mexicano-avanza-mas-de-1-ante-la-debilidad-del-dolar\/#primaryimage\"},\"thumbnailUrl\":\"https:\/\/www.nexoinformativo.mx\/wp-content\/uploads\/2024\/10\/PHOTO-2024-10-12-14-37-21-e1728765497940.jpg\",\"datePublished\":\"2024-10-12T19:00:39+00:00\",\"dateModified\":\"2024-10-12T21:42:59+00:00\",\"breadcrumb\":{\"@id\":\"https:\/\/www.nexoinformativo.mx\/index.php\/2024\/10\/12\/el-peso-mexicano-avanza-mas-de-1-ante-la-debilidad-del-dolar\/#breadcrumb\"},\"inLanguage\":\"es\",\"potentialAction\":[{\"@type\":\"ReadAction\",\"target\":[\"https:\/\/www.nexoinformativo.mx\/index.php\/2024\/10\/12\/el-peso-mexicano-avanza-mas-de-1-ante-la-debilidad-del-dolar\/\"]}]},{\"@type\":\"ImageObject\",\"inLanguage\":\"es\",\"@id\":\"https:\/\/www.nexoinformativo.mx\/index.php\/2024\/10\/12\/el-peso-mexicano-avanza-mas-de-1-ante-la-debilidad-del-dolar\/#primaryimage\",\"url\":\"https:\/\/www.nexoinformativo.mx\/wp-content\/uploads\/2024\/10\/PHOTO-2024-10-12-14-37-21-e1728765497940.jpg\",\"contentUrl\":\"https:\/\/www.nexoinformativo.mx\/wp-content\/uploads\/2024\/10\/PHOTO-2024-10-12-14-37-21-e1728765497940.jpg\",\"width\":800,\"height\":533},{\"@type\":\"BreadcrumbList\",\"@id\":\"https:\/\/www.nexoinformativo.mx\/index.php\/2024\/10\/12\/el-peso-mexicano-avanza-mas-de-1-ante-la-debilidad-del-dolar\/#breadcrumb\",\"itemListElement\":[{\"@type\":\"ListItem\",\"position\":1,\"name\":\"Inicio\",\"item\":\"https:\/\/www.nexoinformativo.mx\/\"},{\"@type\":\"ListItem\",\"position\":2,\"name\":\"El Peso Mexicano avanza m\u00e1s de 1% ante la debilidad del D\u00f3lar\"}]},{\"@type\":\"WebSite\",\"@id\":\"https:\/\/www.nexoinformativo.mx\/#website\",\"url\":\"https:\/\/www.nexoinformativo.mx\/\",\"name\":\"Nexo Informativo Santiago de Quer\u00e9taro\",\"description\":\"Explora NexoInformativo y convi\u00e9rtete en parte de una comunidad que valora el conocimiento y la verdad. Tu nexoinformativo es tu puente hacia una comprensi\u00f3n m\u00e1s profunda del mundo que te rodea.\",\"publisher\":{\"@id\":\"https:\/\/www.nexoinformativo.mx\/#organization\"},\"potentialAction\":[{\"@type\":\"SearchAction\",\"target\":{\"@type\":\"EntryPoint\",\"urlTemplate\":\"https:\/\/www.nexoinformativo.mx\/?s={search_term_string}\"},\"query-input\":{\"@type\":\"PropertyValueSpecification\",\"valueRequired\":true,\"valueName\":\"search_term_string\"}}],\"inLanguage\":\"es\"},{\"@type\":\"Organization\",\"@id\":\"https:\/\/www.nexoinformativo.mx\/#organization\",\"name\":\"Nexo Informativo Santiago de Quer\u00e9taro\",\"url\":\"https:\/\/www.nexoinformativo.mx\/\",\"logo\":{\"@type\":\"ImageObject\",\"inLanguage\":\"es\",\"@id\":\"https:\/\/www.nexoinformativo.mx\/#\/schema\/logo\/image\/\",\"url\":\"https:\/\/www.nexoinformativo.mx\/wp-content\/uploads\/2024\/07\/nexoi-trasparente-2.png\",\"contentUrl\":\"https:\/\/www.nexoinformativo.mx\/wp-content\/uploads\/2024\/07\/nexoi-trasparente-2.png\",\"width\":816,\"height\":339,\"caption\":\"Nexo Informativo Santiago de Quer\u00e9taro\"},\"image\":{\"@id\":\"https:\/\/www.nexoinformativo.mx\/#\/schema\/logo\/image\/\"},\"sameAs\":[\"https:\/\/www.facebook.com\/people\/Nexo-Informativo\/61564066885511\/\"]},{\"@type\":\"Person\",\"@id\":\"https:\/\/www.nexoinformativo.mx\/#\/schema\/person\/7749d380ba08c8ca00d7bc76fd907b7d\",\"name\":\"Nexo Informativo\",\"image\":{\"@type\":\"ImageObject\",\"inLanguage\":\"es\",\"@id\":\"https:\/\/www.nexoinformativo.mx\/#\/schema\/person\/image\/\",\"url\":\"https:\/\/secure.gravatar.com\/avatar\/dde2928154642a13d95f87ddf1ea9718fe2b46760a005c53e41ff5ad610704e6?s=96&d=mm&r=g\",\"contentUrl\":\"https:\/\/secure.gravatar.com\/avatar\/dde2928154642a13d95f87ddf1ea9718fe2b46760a005c53e41ff5ad610704e6?s=96&d=mm&r=g\",\"caption\":\"Nexo Informativo\"},\"url\":\"https:\/\/www.nexoinformativo.mx\/index.php\/author\/edicion\/\"}]}<\/script>\n<!-- \/ Yoast SEO plugin. -->","yoast_head_json":{"title":"El Peso Mexicano avanza m\u00e1s de 1% ante la debilidad del D\u00f3lar | Nexo Informativo Santiago de Quer\u00e9taro","robots":{"index":"index","follow":"follow","max-snippet":"max-snippet:-1","max-image-preview":"max-image-preview:large","max-video-preview":"max-video-preview:-1"},"canonical":"https:\/\/www.nexoinformativo.mx\/index.php\/2024\/10\/12\/el-peso-mexicano-avanza-mas-de-1-ante-la-debilidad-del-dolar\/","og_locale":"es_MX","og_type":"article","og_title":"El Peso Mexicano avanza m\u00e1s de 1% ante la debilidad del D\u00f3lar | Nexo Informativo Santiago de Quer\u00e9taro","og_description":"El peso mexicano cerr\u00f3 la sesi\u00f3n de este viernes con un avance del 1.06% frente al d\u00f3lar, gracias a las expectativas de que la Reserva Federal de Estados Unidos (Fed) adoptar\u00e1 un enfoque m\u00e1s cauteloso en sus decisiones sobre los recortes de la tasa de inter\u00e9s. &nbsp; El tipo de cambio se estableci\u00f3 en $19.28 [&hellip;]","og_url":"https:\/\/www.nexoinformativo.mx\/index.php\/2024\/10\/12\/el-peso-mexicano-avanza-mas-de-1-ante-la-debilidad-del-dolar\/","og_site_name":"Nexo Informativo Santiago de Quer\u00e9taro","article_publisher":"https:\/\/www.facebook.com\/people\/Nexo-Informativo\/61564066885511\/","article_published_time":"2024-10-12T19:00:39+00:00","article_modified_time":"2024-10-12T21:42:59+00:00","og_image":[{"width":800,"height":533,"url":"https:\/\/www.nexoinformativo.mx\/wp-content\/uploads\/2024\/10\/PHOTO-2024-10-12-14-37-21-e1728765497940.jpg","type":"image\/jpeg"}],"author":"Nexo Informativo","twitter_card":"summary_large_image","twitter_misc":{"Escrito por":"Nexo Informativo","Tiempo de lectura":"2 minutos"},"schema":{"@context":"https:\/\/schema.org","@graph":[{"@type":"Article","@id":"https:\/\/www.nexoinformativo.mx\/index.php\/2024\/10\/12\/el-peso-mexicano-avanza-mas-de-1-ante-la-debilidad-del-dolar\/#article","isPartOf":{"@id":"https:\/\/www.nexoinformativo.mx\/index.php\/2024\/10\/12\/el-peso-mexicano-avanza-mas-de-1-ante-la-debilidad-del-dolar\/"},"author":{"name":"Nexo Informativo","@id":"https:\/\/www.nexoinformativo.mx\/#\/schema\/person\/7749d380ba08c8ca00d7bc76fd907b7d"},"headline":"El Peso Mexicano avanza m\u00e1s de 1% ante la debilidad del D\u00f3lar","datePublished":"2024-10-12T19:00:39+00:00","dateModified":"2024-10-12T21:42:59+00:00","mainEntityOfPage":{"@id":"https:\/\/www.nexoinformativo.mx\/index.php\/2024\/10\/12\/el-peso-mexicano-avanza-mas-de-1-ante-la-debilidad-del-dolar\/"},"wordCount":231,"commentCount":0,"publisher":{"@id":"https:\/\/www.nexoinformativo.mx\/#organization"},"image":{"@id":"https:\/\/www.nexoinformativo.mx\/index.php\/2024\/10\/12\/el-peso-mexicano-avanza-mas-de-1-ante-la-debilidad-del-dolar\/#primaryimage"},"thumbnailUrl":"https:\/\/www.nexoinformativo.mx\/wp-content\/uploads\/2024\/10\/PHOTO-2024-10-12-14-37-21-e1728765497940.jpg","keywords":["D\u00f3lar","Econom\u00edaM\u00e9xico","FED","PesoMexicano"],"articleSection":["Econom\u00eda","Nacional","\u00daltima Hora"],"inLanguage":"es","potentialAction":[{"@type":"CommentAction","name":"Comment","target":["https:\/\/www.nexoinformativo.mx\/index.php\/2024\/10\/12\/el-peso-mexicano-avanza-mas-de-1-ante-la-debilidad-del-dolar\/#respond"]}]},{"@type":"WebPage","@id":"https:\/\/www.nexoinformativo.mx\/index.php\/2024\/10\/12\/el-peso-mexicano-avanza-mas-de-1-ante-la-debilidad-del-dolar\/","url":"https:\/\/www.nexoinformativo.mx\/index.php\/2024\/10\/12\/el-peso-mexicano-avanza-mas-de-1-ante-la-debilidad-del-dolar\/","name":"El Peso Mexicano avanza m\u00e1s de 1% ante la debilidad del D\u00f3lar | Nexo Informativo Santiago de Quer\u00e9taro","isPartOf":{"@id":"https:\/\/www.nexoinformativo.mx\/#website"},"primaryImageOfPage":{"@id":"https:\/\/www.nexoinformativo.mx\/index.php\/2024\/10\/12\/el-peso-mexicano-avanza-mas-de-1-ante-la-debilidad-del-dolar\/#primaryimage"},"image":{"@id":"https:\/\/www.nexoinformativo.mx\/index.php\/2024\/10\/12\/el-peso-mexicano-avanza-mas-de-1-ante-la-debilidad-del-dolar\/#primaryimage"},"thumbnailUrl":"https:\/\/www.nexoinformativo.mx\/wp-content\/uploads\/2024\/10\/PHOTO-2024-10-12-14-37-21-e1728765497940.jpg","datePublished":"2024-10-12T19:00:39+00:00","dateModified":"2024-10-12T21:42:59+00:00","breadcrumb":{"@id":"https:\/\/www.nexoinformativo.mx\/index.php\/2024\/10\/12\/el-peso-mexicano-avanza-mas-de-1-ante-la-debilidad-del-dolar\/#breadcrumb"},"inLanguage":"es","potentialAction":[{"@type":"ReadAction","target":["https:\/\/www.nexoinformativo.mx\/index.php\/2024\/10\/12\/el-peso-mexicano-avanza-mas-de-1-ante-la-debilidad-del-dolar\/"]}]},{"@type":"ImageObject","inLanguage":"es","@id":"https:\/\/www.nexoinformativo.mx\/index.php\/2024\/10\/12\/el-peso-mexicano-avanza-mas-de-1-ante-la-debilidad-del-dolar\/#primaryimage","url":"https:\/\/www.nexoinformativo.mx\/wp-content\/uploads\/2024\/10\/PHOTO-2024-10-12-14-37-21-e1728765497940.jpg","contentUrl":"https:\/\/www.nexoinformativo.mx\/wp-content\/uploads\/2024\/10\/PHOTO-2024-10-12-14-37-21-e1728765497940.jpg","width":800,"height":533},{"@type":"BreadcrumbList","@id":"https:\/\/www.nexoinformativo.mx\/index.php\/2024\/10\/12\/el-peso-mexicano-avanza-mas-de-1-ante-la-debilidad-del-dolar\/#breadcrumb","itemListElement":[{"@type":"ListItem","position":1,"name":"Inicio","item":"https:\/\/www.nexoinformativo.mx\/"},{"@type":"ListItem","position":2,"name":"El Peso Mexicano avanza m\u00e1s de 1% ante la debilidad del D\u00f3lar"}]},{"@type":"WebSite","@id":"https:\/\/www.nexoinformativo.mx\/#website","url":"https:\/\/www.nexoinformativo.mx\/","name":"Nexo Informativo Santiago de Quer\u00e9taro","description":"Explora NexoInformativo y convi\u00e9rtete en parte de una comunidad que valora el conocimiento y la verdad. Tu nexoinformativo es tu puente hacia una comprensi\u00f3n m\u00e1s profunda del mundo que te rodea.","publisher":{"@id":"https:\/\/www.nexoinformativo.mx\/#organization"},"potentialAction":[{"@type":"SearchAction","target":{"@type":"EntryPoint","urlTemplate":"https:\/\/www.nexoinformativo.mx\/?s={search_term_string}"},"query-input":{"@type":"PropertyValueSpecification","valueRequired":true,"valueName":"search_term_string"}}],"inLanguage":"es"},{"@type":"Organization","@id":"https:\/\/www.nexoinformativo.mx\/#organization","name":"Nexo Informativo Santiago de Quer\u00e9taro","url":"https:\/\/www.nexoinformativo.mx\/","logo":{"@type":"ImageObject","inLanguage":"es","@id":"https:\/\/www.nexoinformativo.mx\/#\/schema\/logo\/image\/","url":"https:\/\/www.nexoinformativo.mx\/wp-content\/uploads\/2024\/07\/nexoi-trasparente-2.png","contentUrl":"https:\/\/www.nexoinformativo.mx\/wp-content\/uploads\/2024\/07\/nexoi-trasparente-2.png","width":816,"height":339,"caption":"Nexo Informativo Santiago de Quer\u00e9taro"},"image":{"@id":"https:\/\/www.nexoinformativo.mx\/#\/schema\/logo\/image\/"},"sameAs":["https:\/\/www.facebook.com\/people\/Nexo-Informativo\/61564066885511\/"]},{"@type":"Person","@id":"https:\/\/www.nexoinformativo.mx\/#\/schema\/person\/7749d380ba08c8ca00d7bc76fd907b7d","name":"Nexo Informativo","image":{"@type":"ImageObject","inLanguage":"es","@id":"https:\/\/www.nexoinformativo.mx\/#\/schema\/person\/image\/","url":"https:\/\/secure.gravatar.com\/avatar\/dde2928154642a13d95f87ddf1ea9718fe2b46760a005c53e41ff5ad610704e6?s=96&d=mm&r=g","contentUrl":"https:\/\/secure.gravatar.com\/avatar\/dde2928154642a13d95f87ddf1ea9718fe2b46760a005c53e41ff5ad610704e6?s=96&d=mm&r=g","caption":"Nexo Informativo"},"url":"https:\/\/www.nexoinformativo.mx\/index.php\/author\/edicion\/"}]}},"_links":{"self":[{"href":"https:\/\/www.nexoinformativo.mx\/index.php\/wp-json\/wp\/v2\/posts\/3297","targetHints":{"allow":["GET"]}}],"collection":[{"href":"https:\/\/www.nexoinformativo.mx\/index.php\/wp-json\/wp\/v2\/posts"}],"about":[{"href":"https:\/\/www.nexoinformativo.mx\/index.php\/wp-json\/wp\/v2\/types\/post"}],"author":[{"embeddable":true,"href":"https:\/\/www.nexoinformativo.mx\/index.php\/wp-json\/wp\/v2\/users\/3"}],"replies":[{"embeddable":true,"href":"https:\/\/www.nexoinformativo.mx\/index.php\/wp-json\/wp\/v2\/comments?post=3297"}],"version-history":[{"count":9,"href":"https:\/\/www.nexoinformativo.mx\/index.php\/wp-json\/wp\/v2\/posts\/3297\/revisions"}],"predecessor-version":[{"id":3312,"href":"https:\/\/www.nexoinformativo.mx\/index.php\/wp-json\/wp\/v2\/posts\/3297\/revisions\/3312"}],"wp:featuredmedia":[{"embeddable":true,"href":"https:\/\/www.nexoinformativo.mx\/index.php\/wp-json\/wp\/v2\/media\/3299"}],"wp:attachment":[{"href":"https:\/\/www.nexoinformativo.mx\/index.php\/wp-json\/wp\/v2\/media?parent=3297"}],"wp:term":[{"taxonomy":"category","embeddable":true,"href":"https:\/\/www.nexoinformativo.mx\/index.php\/wp-json\/wp\/v2\/categories?post=3297"},{"taxonomy":"post_tag","embeddable":true,"href":"https:\/\/www.nexoinformativo.mx\/index.php\/wp-json\/wp\/v2\/tags?post=3297"}],"curies":[{"name":"wp","href":"https:\/\/api.w.org\/{rel}","templated":true}]}}