{"id":3316,"date":"2024-10-13T10:00:40","date_gmt":"2024-10-13T16:00:40","guid":{"rendered":"https:\/\/www.nexoinformativo.mx\/?p=3316"},"modified":"2024-10-13T18:31:19","modified_gmt":"2024-10-14T00:31:19","slug":"felifer-macias-refuerza-su-compromiso-con-los-adultos-mayores-en-el-centro-nanxu-de-queretaro","status":"publish","type":"post","link":"https:\/\/www.nexoinformativo.mx\/index.php\/2024\/10\/13\/felifer-macias-refuerza-su-compromiso-con-los-adultos-mayores-en-el-centro-nanxu-de-queretaro\/","title":{"rendered":"Felifer Mac\u00edas Refuerza su compromiso con los adultos mayores en el Centro N\u00e4nxu de Quer\u00e9taro"},"content":{"rendered":"<p style=\"text-align: justify;\">El presidente municipal de Quer\u00e9taro, Felifer Mac\u00edas, realiz\u00f3 una visita al <strong>Centro del Adulto Mayor N\u00e4nxu<\/strong>, ubicado en la Delegaci\u00f3n Epigmenio Gonz\u00e1lez, donde se comprometi\u00f3 a impulsar el bienestar de los adultos mayores. En el\u00a0recorrido, estuvo acompa\u00f1ado por la presidenta del Patronato del Sistema Municipal DIF, Adriana Olvera.<\/p>\n<p>&nbsp;<\/p>\n<p style=\"text-align: justify;\">Felifer Mac\u00edas enfatiz\u00f3 la importancia de los espacios que promuevan la salud f\u00edsica y emocional de los adultos mayores. <strong>\u201cQuiero que vengan muy motivados, que est\u00e9n c\u00f3modos y que las clases sean adecuadas. Estoy aqu\u00ed para ver c\u00f3mo se sienten y asegurarme de que todo vaya cambiando para mejorar su calidad de vida\u201d<\/strong>, expres\u00f3.<\/p>\n<p>&nbsp;<\/p>\n<p style=\"text-align: justify;\">El recorrido incluy\u00f3 visitas al sal\u00f3n 2 <strong>\u201cActiva tu Mente\u201d<\/strong>, donde se llevan a cabo actividades para estimular la cognici\u00f3n, as\u00ed como a las clases de baile terapia y de c\u00f3mputo. Dialogando con el personal del DIF para alentarlos a seguir brindando su apoyo a este sector vulnerable.<\/p>\n<p>&nbsp;<\/p>\n<p style=\"text-align: justify;\">El Centro del Adulto Mayor N\u00e4nxu cuenta con 850 adultos mayores inscritos y ofrece atenci\u00f3n de lunes a viernes a un promedio de 200 beneficiarios. Entre sus servicios se incluyen talleres deportivos, culturales y recreativos, tambi\u00e9n asesor\u00edas de fisioterapia, psicolog\u00eda, nutrici\u00f3n y medicina, todo ello por una peque\u00f1a cuota de recuperaci\u00f3n.<\/p>\n<p>&nbsp;<\/p>\n<p style=\"text-align: justify;\">Este centro se ha convertido en un lugar de encuentro y convivencia donde los adultos mayores pueden reforzar lazos de amistad y compa\u00f1erismo. La visita de Felifer Mac\u00edas resalta el compromiso del gobierno municipal con el bienestar de los adultos mayores, un sector que merece atenci\u00f3n y cuidado.<\/p>\n<p>&nbsp;<\/p>\n<p style=\"text-align: center;\"><em><strong>\u00a1Informaci\u00f3n que transforma!<\/strong><\/em><\/p>\n<p>&nbsp;<\/p>\n","protected":false},"excerpt":{"rendered":"<p>El presidente municipal de Quer\u00e9taro, Felifer Mac\u00edas, realiz\u00f3 una visita al Centro del Adulto Mayor N\u00e4nxu, ubicado en la Delegaci\u00f3n Epigmenio Gonz\u00e1lez, donde se comprometi\u00f3 a impulsar el bienestar de los adultos mayores. En el\u00a0recorrido, estuvo acompa\u00f1ado por la presidenta del Patronato del Sistema Municipal DIF, Adriana Olvera. &nbsp; Felifer Mac\u00edas enfatiz\u00f3 la importancia de [&hellip;]<\/p>\n","protected":false},"author":3,"featured_media":3317,"comment_status":"open","ping_status":"open","sticky":false,"template":"","format":"standard","meta":{"footnotes":""},"categories":[65,58],"tags":[1316,1317,1000,1054],"class_list":["post-3316","post","type-post","status-publish","format-standard","has-post-thumbnail","hentry","category-municipios","category-ultima-hora","tag-bienestaradultomayor","tag-centronanxu","tag-felifermacias","tag-saludqueretaro"],"yoast_head":"<!-- This site is optimized with the Yoast SEO plugin v25.0 - https:\/\/yoast.com\/wordpress\/plugins\/seo\/ -->\n<title>Felifer Mac\u00edas Refuerza su compromiso con los adultos mayores en el Centro N\u00e4nxu de Quer\u00e9taro | Nexo Informativo Santiago de Quer\u00e9taro<\/title>\n<meta name=\"description\" content=\"Felifer Mac\u00edas Refuerza su Compromiso con los Adultos Mayores en el Centro N\u00e4nxu de Quer\u00e9taro\" \/>\n<meta name=\"robots\" content=\"index, follow, max-snippet:-1, max-image-preview:large, max-video-preview:-1\" \/>\n<link rel=\"canonical\" href=\"https:\/\/www.nexoinformativo.mx\/index.php\/2024\/10\/13\/felifer-macias-refuerza-su-compromiso-con-los-adultos-mayores-en-el-centro-nanxu-de-queretaro\/\" \/>\n<meta property=\"og:locale\" content=\"es_MX\" \/>\n<meta property=\"og:type\" content=\"article\" \/>\n<meta property=\"og:title\" content=\"Felifer Mac\u00edas Refuerza su compromiso con los adultos mayores en el Centro N\u00e4nxu de Quer\u00e9taro | Nexo Informativo Santiago de Quer\u00e9taro\" \/>\n<meta property=\"og:description\" content=\"Felifer Mac\u00edas Refuerza su Compromiso con los Adultos Mayores en el Centro N\u00e4nxu de Quer\u00e9taro\" \/>\n<meta property=\"og:url\" content=\"https:\/\/www.nexoinformativo.mx\/index.php\/2024\/10\/13\/felifer-macias-refuerza-su-compromiso-con-los-adultos-mayores-en-el-centro-nanxu-de-queretaro\/\" \/>\n<meta property=\"og:site_name\" content=\"Nexo Informativo Santiago de Quer\u00e9taro\" \/>\n<meta property=\"article:publisher\" content=\"https:\/\/www.facebook.com\/people\/Nexo-Informativo\/61564066885511\/\" \/>\n<meta property=\"article:published_time\" content=\"2024-10-13T16:00:40+00:00\" \/>\n<meta property=\"article:modified_time\" content=\"2024-10-14T00:31:19+00:00\" \/>\n<meta property=\"og:image\" content=\"https:\/\/www.nexoinformativo.mx\/wp-content\/uploads\/2024\/10\/PHOTO-2024-10-13-17-36-52-e1728865734728.jpg\" \/>\n\t<meta property=\"og:image:width\" content=\"800\" \/>\n\t<meta property=\"og:image:height\" content=\"533\" \/>\n\t<meta property=\"og:image:type\" content=\"image\/jpeg\" \/>\n<meta name=\"author\" content=\"Nexo Informativo\" \/>\n<meta name=\"twitter:card\" content=\"summary_large_image\" \/>\n<meta name=\"twitter:label1\" content=\"Escrito por\" \/>\n\t<meta name=\"twitter:data1\" content=\"Nexo Informativo\" \/>\n\t<meta name=\"twitter:label2\" content=\"Tiempo de lectura\" \/>\n\t<meta name=\"twitter:data2\" content=\"2 minutos\" \/>\n<script type=\"application\/ld+json\" class=\"yoast-schema-graph\">{\"@context\":\"https:\/\/schema.org\",\"@graph\":[{\"@type\":\"Article\",\"@id\":\"https:\/\/www.nexoinformativo.mx\/index.php\/2024\/10\/13\/felifer-macias-refuerza-su-compromiso-con-los-adultos-mayores-en-el-centro-nanxu-de-queretaro\/#article\",\"isPartOf\":{\"@id\":\"https:\/\/www.nexoinformativo.mx\/index.php\/2024\/10\/13\/felifer-macias-refuerza-su-compromiso-con-los-adultos-mayores-en-el-centro-nanxu-de-queretaro\/\"},\"author\":{\"name\":\"Nexo Informativo\",\"@id\":\"https:\/\/www.nexoinformativo.mx\/#\/schema\/person\/7749d380ba08c8ca00d7bc76fd907b7d\"},\"headline\":\"Felifer Mac\u00edas Refuerza su compromiso con los adultos mayores en el Centro N\u00e4nxu de Quer\u00e9taro\",\"datePublished\":\"2024-10-13T16:00:40+00:00\",\"dateModified\":\"2024-10-14T00:31:19+00:00\",\"mainEntityOfPage\":{\"@id\":\"https:\/\/www.nexoinformativo.mx\/index.php\/2024\/10\/13\/felifer-macias-refuerza-su-compromiso-con-los-adultos-mayores-en-el-centro-nanxu-de-queretaro\/\"},\"wordCount\":300,\"commentCount\":0,\"publisher\":{\"@id\":\"https:\/\/www.nexoinformativo.mx\/#organization\"},\"image\":{\"@id\":\"https:\/\/www.nexoinformativo.mx\/index.php\/2024\/10\/13\/felifer-macias-refuerza-su-compromiso-con-los-adultos-mayores-en-el-centro-nanxu-de-queretaro\/#primaryimage\"},\"thumbnailUrl\":\"https:\/\/www.nexoinformativo.mx\/wp-content\/uploads\/2024\/10\/PHOTO-2024-10-13-17-36-52-e1728865734728.jpg\",\"keywords\":[\"BienestarAdultoMayor\",\"CentroN\u00e4nxu\",\"FeliferMac\u00edas\",\"SaludQuer\u00e9taro\"],\"articleSection\":[\"Municipios\",\"\u00daltima Hora\"],\"inLanguage\":\"es\",\"potentialAction\":[{\"@type\":\"CommentAction\",\"name\":\"Comment\",\"target\":[\"https:\/\/www.nexoinformativo.mx\/index.php\/2024\/10\/13\/felifer-macias-refuerza-su-compromiso-con-los-adultos-mayores-en-el-centro-nanxu-de-queretaro\/#respond\"]}]},{\"@type\":\"WebPage\",\"@id\":\"https:\/\/www.nexoinformativo.mx\/index.php\/2024\/10\/13\/felifer-macias-refuerza-su-compromiso-con-los-adultos-mayores-en-el-centro-nanxu-de-queretaro\/\",\"url\":\"https:\/\/www.nexoinformativo.mx\/index.php\/2024\/10\/13\/felifer-macias-refuerza-su-compromiso-con-los-adultos-mayores-en-el-centro-nanxu-de-queretaro\/\",\"name\":\"Felifer Mac\u00edas Refuerza su compromiso con los adultos mayores en el Centro N\u00e4nxu de Quer\u00e9taro | Nexo Informativo Santiago de Quer\u00e9taro\",\"isPartOf\":{\"@id\":\"https:\/\/www.nexoinformativo.mx\/#website\"},\"primaryImageOfPage\":{\"@id\":\"https:\/\/www.nexoinformativo.mx\/index.php\/2024\/10\/13\/felifer-macias-refuerza-su-compromiso-con-los-adultos-mayores-en-el-centro-nanxu-de-queretaro\/#primaryimage\"},\"image\":{\"@id\":\"https:\/\/www.nexoinformativo.mx\/index.php\/2024\/10\/13\/felifer-macias-refuerza-su-compromiso-con-los-adultos-mayores-en-el-centro-nanxu-de-queretaro\/#primaryimage\"},\"thumbnailUrl\":\"https:\/\/www.nexoinformativo.mx\/wp-content\/uploads\/2024\/10\/PHOTO-2024-10-13-17-36-52-e1728865734728.jpg\",\"datePublished\":\"2024-10-13T16:00:40+00:00\",\"dateModified\":\"2024-10-14T00:31:19+00:00\",\"description\":\"Felifer Mac\u00edas Refuerza su Compromiso con los Adultos Mayores en el Centro N\u00e4nxu de Quer\u00e9taro\",\"breadcrumb\":{\"@id\":\"https:\/\/www.nexoinformativo.mx\/index.php\/2024\/10\/13\/felifer-macias-refuerza-su-compromiso-con-los-adultos-mayores-en-el-centro-nanxu-de-queretaro\/#breadcrumb\"},\"inLanguage\":\"es\",\"potentialAction\":[{\"@type\":\"ReadAction\",\"target\":[\"https:\/\/www.nexoinformativo.mx\/index.php\/2024\/10\/13\/felifer-macias-refuerza-su-compromiso-con-los-adultos-mayores-en-el-centro-nanxu-de-queretaro\/\"]}]},{\"@type\":\"ImageObject\",\"inLanguage\":\"es\",\"@id\":\"https:\/\/www.nexoinformativo.mx\/index.php\/2024\/10\/13\/felifer-macias-refuerza-su-compromiso-con-los-adultos-mayores-en-el-centro-nanxu-de-queretaro\/#primaryimage\",\"url\":\"https:\/\/www.nexoinformativo.mx\/wp-content\/uploads\/2024\/10\/PHOTO-2024-10-13-17-36-52-e1728865734728.jpg\",\"contentUrl\":\"https:\/\/www.nexoinformativo.mx\/wp-content\/uploads\/2024\/10\/PHOTO-2024-10-13-17-36-52-e1728865734728.jpg\",\"width\":800,\"height\":533},{\"@type\":\"BreadcrumbList\",\"@id\":\"https:\/\/www.nexoinformativo.mx\/index.php\/2024\/10\/13\/felifer-macias-refuerza-su-compromiso-con-los-adultos-mayores-en-el-centro-nanxu-de-queretaro\/#breadcrumb\",\"itemListElement\":[{\"@type\":\"ListItem\",\"position\":1,\"name\":\"Inicio\",\"item\":\"https:\/\/www.nexoinformativo.mx\/\"},{\"@type\":\"ListItem\",\"position\":2,\"name\":\"Felifer Mac\u00edas Refuerza su compromiso con los adultos mayores en el Centro N\u00e4nxu de Quer\u00e9taro\"}]},{\"@type\":\"WebSite\",\"@id\":\"https:\/\/www.nexoinformativo.mx\/#website\",\"url\":\"https:\/\/www.nexoinformativo.mx\/\",\"name\":\"Nexo Informativo Santiago de Quer\u00e9taro\",\"description\":\"Explora NexoInformativo y convi\u00e9rtete en parte de una comunidad que valora el conocimiento y la verdad. Tu nexoinformativo es tu puente hacia una comprensi\u00f3n m\u00e1s profunda del mundo que te rodea.\",\"publisher\":{\"@id\":\"https:\/\/www.nexoinformativo.mx\/#organization\"},\"potentialAction\":[{\"@type\":\"SearchAction\",\"target\":{\"@type\":\"EntryPoint\",\"urlTemplate\":\"https:\/\/www.nexoinformativo.mx\/?s={search_term_string}\"},\"query-input\":{\"@type\":\"PropertyValueSpecification\",\"valueRequired\":true,\"valueName\":\"search_term_string\"}}],\"inLanguage\":\"es\"},{\"@type\":\"Organization\",\"@id\":\"https:\/\/www.nexoinformativo.mx\/#organization\",\"name\":\"Nexo Informativo Santiago de Quer\u00e9taro\",\"url\":\"https:\/\/www.nexoinformativo.mx\/\",\"logo\":{\"@type\":\"ImageObject\",\"inLanguage\":\"es\",\"@id\":\"https:\/\/www.nexoinformativo.mx\/#\/schema\/logo\/image\/\",\"url\":\"https:\/\/www.nexoinformativo.mx\/wp-content\/uploads\/2024\/07\/nexoi-trasparente-2.png\",\"contentUrl\":\"https:\/\/www.nexoinformativo.mx\/wp-content\/uploads\/2024\/07\/nexoi-trasparente-2.png\",\"width\":816,\"height\":339,\"caption\":\"Nexo Informativo Santiago de Quer\u00e9taro\"},\"image\":{\"@id\":\"https:\/\/www.nexoinformativo.mx\/#\/schema\/logo\/image\/\"},\"sameAs\":[\"https:\/\/www.facebook.com\/people\/Nexo-Informativo\/61564066885511\/\"]},{\"@type\":\"Person\",\"@id\":\"https:\/\/www.nexoinformativo.mx\/#\/schema\/person\/7749d380ba08c8ca00d7bc76fd907b7d\",\"name\":\"Nexo Informativo\",\"image\":{\"@type\":\"ImageObject\",\"inLanguage\":\"es\",\"@id\":\"https:\/\/www.nexoinformativo.mx\/#\/schema\/person\/image\/\",\"url\":\"https:\/\/secure.gravatar.com\/avatar\/dde2928154642a13d95f87ddf1ea9718fe2b46760a005c53e41ff5ad610704e6?s=96&d=mm&r=g\",\"contentUrl\":\"https:\/\/secure.gravatar.com\/avatar\/dde2928154642a13d95f87ddf1ea9718fe2b46760a005c53e41ff5ad610704e6?s=96&d=mm&r=g\",\"caption\":\"Nexo Informativo\"},\"url\":\"https:\/\/www.nexoinformativo.mx\/index.php\/author\/edicion\/\"}]}<\/script>\n<!-- \/ Yoast SEO plugin. -->","yoast_head_json":{"title":"Felifer Mac\u00edas Refuerza su compromiso con los adultos mayores en el Centro N\u00e4nxu de Quer\u00e9taro | Nexo Informativo Santiago de Quer\u00e9taro","description":"Felifer Mac\u00edas Refuerza su Compromiso con los Adultos Mayores en el Centro N\u00e4nxu de Quer\u00e9taro","robots":{"index":"index","follow":"follow","max-snippet":"max-snippet:-1","max-image-preview":"max-image-preview:large","max-video-preview":"max-video-preview:-1"},"canonical":"https:\/\/www.nexoinformativo.mx\/index.php\/2024\/10\/13\/felifer-macias-refuerza-su-compromiso-con-los-adultos-mayores-en-el-centro-nanxu-de-queretaro\/","og_locale":"es_MX","og_type":"article","og_title":"Felifer Mac\u00edas Refuerza su compromiso con los adultos mayores en el Centro N\u00e4nxu de Quer\u00e9taro | Nexo Informativo Santiago de Quer\u00e9taro","og_description":"Felifer Mac\u00edas Refuerza su Compromiso con los Adultos Mayores en el Centro N\u00e4nxu de Quer\u00e9taro","og_url":"https:\/\/www.nexoinformativo.mx\/index.php\/2024\/10\/13\/felifer-macias-refuerza-su-compromiso-con-los-adultos-mayores-en-el-centro-nanxu-de-queretaro\/","og_site_name":"Nexo Informativo Santiago de Quer\u00e9taro","article_publisher":"https:\/\/www.facebook.com\/people\/Nexo-Informativo\/61564066885511\/","article_published_time":"2024-10-13T16:00:40+00:00","article_modified_time":"2024-10-14T00:31:19+00:00","og_image":[{"width":800,"height":533,"url":"https:\/\/www.nexoinformativo.mx\/wp-content\/uploads\/2024\/10\/PHOTO-2024-10-13-17-36-52-e1728865734728.jpg","type":"image\/jpeg"}],"author":"Nexo Informativo","twitter_card":"summary_large_image","twitter_misc":{"Escrito por":"Nexo Informativo","Tiempo de lectura":"2 minutos"},"schema":{"@context":"https:\/\/schema.org","@graph":[{"@type":"Article","@id":"https:\/\/www.nexoinformativo.mx\/index.php\/2024\/10\/13\/felifer-macias-refuerza-su-compromiso-con-los-adultos-mayores-en-el-centro-nanxu-de-queretaro\/#article","isPartOf":{"@id":"https:\/\/www.nexoinformativo.mx\/index.php\/2024\/10\/13\/felifer-macias-refuerza-su-compromiso-con-los-adultos-mayores-en-el-centro-nanxu-de-queretaro\/"},"author":{"name":"Nexo Informativo","@id":"https:\/\/www.nexoinformativo.mx\/#\/schema\/person\/7749d380ba08c8ca00d7bc76fd907b7d"},"headline":"Felifer Mac\u00edas Refuerza su compromiso con los adultos mayores en el Centro N\u00e4nxu de Quer\u00e9taro","datePublished":"2024-10-13T16:00:40+00:00","dateModified":"2024-10-14T00:31:19+00:00","mainEntityOfPage":{"@id":"https:\/\/www.nexoinformativo.mx\/index.php\/2024\/10\/13\/felifer-macias-refuerza-su-compromiso-con-los-adultos-mayores-en-el-centro-nanxu-de-queretaro\/"},"wordCount":300,"commentCount":0,"publisher":{"@id":"https:\/\/www.nexoinformativo.mx\/#organization"},"image":{"@id":"https:\/\/www.nexoinformativo.mx\/index.php\/2024\/10\/13\/felifer-macias-refuerza-su-compromiso-con-los-adultos-mayores-en-el-centro-nanxu-de-queretaro\/#primaryimage"},"thumbnailUrl":"https:\/\/www.nexoinformativo.mx\/wp-content\/uploads\/2024\/10\/PHOTO-2024-10-13-17-36-52-e1728865734728.jpg","keywords":["BienestarAdultoMayor","CentroN\u00e4nxu","FeliferMac\u00edas","SaludQuer\u00e9taro"],"articleSection":["Municipios","\u00daltima Hora"],"inLanguage":"es","potentialAction":[{"@type":"CommentAction","name":"Comment","target":["https:\/\/www.nexoinformativo.mx\/index.php\/2024\/10\/13\/felifer-macias-refuerza-su-compromiso-con-los-adultos-mayores-en-el-centro-nanxu-de-queretaro\/#respond"]}]},{"@type":"WebPage","@id":"https:\/\/www.nexoinformativo.mx\/index.php\/2024\/10\/13\/felifer-macias-refuerza-su-compromiso-con-los-adultos-mayores-en-el-centro-nanxu-de-queretaro\/","url":"https:\/\/www.nexoinformativo.mx\/index.php\/2024\/10\/13\/felifer-macias-refuerza-su-compromiso-con-los-adultos-mayores-en-el-centro-nanxu-de-queretaro\/","name":"Felifer Mac\u00edas Refuerza su compromiso con los adultos mayores en el Centro N\u00e4nxu de Quer\u00e9taro | Nexo Informativo Santiago de Quer\u00e9taro","isPartOf":{"@id":"https:\/\/www.nexoinformativo.mx\/#website"},"primaryImageOfPage":{"@id":"https:\/\/www.nexoinformativo.mx\/index.php\/2024\/10\/13\/felifer-macias-refuerza-su-compromiso-con-los-adultos-mayores-en-el-centro-nanxu-de-queretaro\/#primaryimage"},"image":{"@id":"https:\/\/www.nexoinformativo.mx\/index.php\/2024\/10\/13\/felifer-macias-refuerza-su-compromiso-con-los-adultos-mayores-en-el-centro-nanxu-de-queretaro\/#primaryimage"},"thumbnailUrl":"https:\/\/www.nexoinformativo.mx\/wp-content\/uploads\/2024\/10\/PHOTO-2024-10-13-17-36-52-e1728865734728.jpg","datePublished":"2024-10-13T16:00:40+00:00","dateModified":"2024-10-14T00:31:19+00:00","description":"Felifer Mac\u00edas Refuerza su Compromiso con los Adultos Mayores en el Centro N\u00e4nxu de Quer\u00e9taro","breadcrumb":{"@id":"https:\/\/www.nexoinformativo.mx\/index.php\/2024\/10\/13\/felifer-macias-refuerza-su-compromiso-con-los-adultos-mayores-en-el-centro-nanxu-de-queretaro\/#breadcrumb"},"inLanguage":"es","potentialAction":[{"@type":"ReadAction","target":["https:\/\/www.nexoinformativo.mx\/index.php\/2024\/10\/13\/felifer-macias-refuerza-su-compromiso-con-los-adultos-mayores-en-el-centro-nanxu-de-queretaro\/"]}]},{"@type":"ImageObject","inLanguage":"es","@id":"https:\/\/www.nexoinformativo.mx\/index.php\/2024\/10\/13\/felifer-macias-refuerza-su-compromiso-con-los-adultos-mayores-en-el-centro-nanxu-de-queretaro\/#primaryimage","url":"https:\/\/www.nexoinformativo.mx\/wp-content\/uploads\/2024\/10\/PHOTO-2024-10-13-17-36-52-e1728865734728.jpg","contentUrl":"https:\/\/www.nexoinformativo.mx\/wp-content\/uploads\/2024\/10\/PHOTO-2024-10-13-17-36-52-e1728865734728.jpg","width":800,"height":533},{"@type":"BreadcrumbList","@id":"https:\/\/www.nexoinformativo.mx\/index.php\/2024\/10\/13\/felifer-macias-refuerza-su-compromiso-con-los-adultos-mayores-en-el-centro-nanxu-de-queretaro\/#breadcrumb","itemListElement":[{"@type":"ListItem","position":1,"name":"Inicio","item":"https:\/\/www.nexoinformativo.mx\/"},{"@type":"ListItem","position":2,"name":"Felifer Mac\u00edas Refuerza su compromiso con los adultos mayores en el Centro N\u00e4nxu de Quer\u00e9taro"}]},{"@type":"WebSite","@id":"https:\/\/www.nexoinformativo.mx\/#website","url":"https:\/\/www.nexoinformativo.mx\/","name":"Nexo Informativo Santiago de Quer\u00e9taro","description":"Explora NexoInformativo y convi\u00e9rtete en parte de una comunidad que valora el conocimiento y la verdad. Tu nexoinformativo es tu puente hacia una comprensi\u00f3n m\u00e1s profunda del mundo que te rodea.","publisher":{"@id":"https:\/\/www.nexoinformativo.mx\/#organization"},"potentialAction":[{"@type":"SearchAction","target":{"@type":"EntryPoint","urlTemplate":"https:\/\/www.nexoinformativo.mx\/?s={search_term_string}"},"query-input":{"@type":"PropertyValueSpecification","valueRequired":true,"valueName":"search_term_string"}}],"inLanguage":"es"},{"@type":"Organization","@id":"https:\/\/www.nexoinformativo.mx\/#organization","name":"Nexo Informativo Santiago de Quer\u00e9taro","url":"https:\/\/www.nexoinformativo.mx\/","logo":{"@type":"ImageObject","inLanguage":"es","@id":"https:\/\/www.nexoinformativo.mx\/#\/schema\/logo\/image\/","url":"https:\/\/www.nexoinformativo.mx\/wp-content\/uploads\/2024\/07\/nexoi-trasparente-2.png","contentUrl":"https:\/\/www.nexoinformativo.mx\/wp-content\/uploads\/2024\/07\/nexoi-trasparente-2.png","width":816,"height":339,"caption":"Nexo Informativo Santiago de Quer\u00e9taro"},"image":{"@id":"https:\/\/www.nexoinformativo.mx\/#\/schema\/logo\/image\/"},"sameAs":["https:\/\/www.facebook.com\/people\/Nexo-Informativo\/61564066885511\/"]},{"@type":"Person","@id":"https:\/\/www.nexoinformativo.mx\/#\/schema\/person\/7749d380ba08c8ca00d7bc76fd907b7d","name":"Nexo Informativo","image":{"@type":"ImageObject","inLanguage":"es","@id":"https:\/\/www.nexoinformativo.mx\/#\/schema\/person\/image\/","url":"https:\/\/secure.gravatar.com\/avatar\/dde2928154642a13d95f87ddf1ea9718fe2b46760a005c53e41ff5ad610704e6?s=96&d=mm&r=g","contentUrl":"https:\/\/secure.gravatar.com\/avatar\/dde2928154642a13d95f87ddf1ea9718fe2b46760a005c53e41ff5ad610704e6?s=96&d=mm&r=g","caption":"Nexo Informativo"},"url":"https:\/\/www.nexoinformativo.mx\/index.php\/author\/edicion\/"}]}},"_links":{"self":[{"href":"https:\/\/www.nexoinformativo.mx\/index.php\/wp-json\/wp\/v2\/posts\/3316","targetHints":{"allow":["GET"]}}],"collection":[{"href":"https:\/\/www.nexoinformativo.mx\/index.php\/wp-json\/wp\/v2\/posts"}],"about":[{"href":"https:\/\/www.nexoinformativo.mx\/index.php\/wp-json\/wp\/v2\/types\/post"}],"author":[{"embeddable":true,"href":"https:\/\/www.nexoinformativo.mx\/index.php\/wp-json\/wp\/v2\/users\/3"}],"replies":[{"embeddable":true,"href":"https:\/\/www.nexoinformativo.mx\/index.php\/wp-json\/wp\/v2\/comments?post=3316"}],"version-history":[{"count":6,"href":"https:\/\/www.nexoinformativo.mx\/index.php\/wp-json\/wp\/v2\/posts\/3316\/revisions"}],"predecessor-version":[{"id":3319,"href":"https:\/\/www.nexoinformativo.mx\/index.php\/wp-json\/wp\/v2\/posts\/3316\/revisions\/3319"}],"wp:featuredmedia":[{"embeddable":true,"href":"https:\/\/www.nexoinformativo.mx\/index.php\/wp-json\/wp\/v2\/media\/3317"}],"wp:attachment":[{"href":"https:\/\/www.nexoinformativo.mx\/index.php\/wp-json\/wp\/v2\/media?parent=3316"}],"wp:term":[{"taxonomy":"category","embeddable":true,"href":"https:\/\/www.nexoinformativo.mx\/index.php\/wp-json\/wp\/v2\/categories?post=3316"},{"taxonomy":"post_tag","embeddable":true,"href":"https:\/\/www.nexoinformativo.mx\/index.php\/wp-json\/wp\/v2\/tags?post=3316"}],"curies":[{"name":"wp","href":"https:\/\/api.w.org\/{rel}","templated":true}]}}