{"id":3330,"date":"2024-10-13T12:00:41","date_gmt":"2024-10-13T18:00:41","guid":{"rendered":"https:\/\/www.nexoinformativo.mx\/?p=3330"},"modified":"2024-10-13T19:19:47","modified_gmt":"2024-10-14T01:19:47","slug":"arrancan-obras-preliminares-del-tren-mexico-queretaro-preven-tres-anos-de-construccion","status":"publish","type":"post","link":"https:\/\/www.nexoinformativo.mx\/index.php\/2024\/10\/13\/arrancan-obras-preliminares-del-tren-mexico-queretaro-preven-tres-anos-de-construccion\/","title":{"rendered":"Arrancan obras preliminares del Tren M\u00e9xico-Quer\u00e9taro: Prev\u00e9n tres a\u00f1os de construcci\u00f3n"},"content":{"rendered":"<p style=\"text-align: justify;\">Este domingo marcar\u00e1 el inicio de los trabajos preliminares para la construcci\u00f3n del tren de pasajeros que conectar\u00e1 la Ciudad de M\u00e9xico con Quer\u00e9taro. Este ambicioso proyecto, que comenzar\u00e1 formalmente en abril de 2025, promete reducir en un 40% el tiempo de traslado entre ambas ciudades.<\/p>\n<p>&nbsp;<\/p>\n<p style=\"text-align: justify;\">La presidenta de M\u00e9xico, Claudia Sheinbaum Pardo, confirm\u00f3 que los primeros estudios de este proyecto ya est\u00e1n en marcha y que su duraci\u00f3n total ser\u00e1 de tres a\u00f1os. Durante su declaraci\u00f3n, destac\u00f3 que los ingenieros utilizar\u00e1n tecnolog\u00eda avanzada, incluyendo levantamientos desde helic\u00f3pteros, para asegurar la precisi\u00f3n en la construcci\u00f3n.<\/p>\n<p>&nbsp;<\/p>\n<p style=\"text-align: justify;\">\u201cQueremos que en tres a\u00f1os est\u00e9 listo el tren M\u00e9xico-Quer\u00e9taro\u201d, afirm\u00f3. El tren contar\u00e1 con una ruta de dos v\u00edas y tres estaciones: una en Buena Vista, Ciudad de M\u00e9xico; otra en San Juan del R\u00edo, y la tercera en el municipio de Quer\u00e9taro.<\/p>\n<p>&nbsp;<\/p>\n<p style=\"text-align: justify;\">La construcci\u00f3n estar\u00e1 a cargo del Agrupamiento de Ingenieros Felipe \u00c1ngeles, perteneciente a la Sedena. Adem\u00e1s, la SICT, coordinar\u00e1 el proyecto, mientras que la Semarnat revisar\u00e1 los posibles impactos ambientales.<\/p>\n<p>&nbsp;<\/p>\n<p style=\"text-align: justify;\">El proyecto ferroviario tambi\u00e9n contempla la creaci\u00f3n de rutas hacia el norte del pa\u00eds, incluyendo ramales hacia Nuevo Laredo y Nogales. Con una velocidad m\u00e1xima de 160 kil\u00f3metros por hora, el trayecto se realizar\u00e1 en 1 hora con 40 minutos.<\/p>\n<p>&nbsp;<\/p>\n<p style=\"text-align: justify;\">Adem\u00e1s de la reducci\u00f3n del tiempo de traslado, se prev\u00e9 la generaci\u00f3n de aproximadamente 490,000 empleos, de los cuales 165,000 ser\u00e1n directos y 325,000 indirectos.<\/p>\n<p>&nbsp;<\/p>\n<p style=\"text-align: justify;\">El gobernador de Quer\u00e9taro, Mauricio Kuri Gonz\u00e1lez, subray\u00f3 que este proyecto representar\u00e1 una oportunidad para el turismo, comercio e inversi\u00f3n en la regi\u00f3n.\u00a0El tren M\u00e9xico-Quer\u00e9taro mejorar\u00e1 la conectividad entre estas dos importantes ciudades har\u00e1 de esta nueva l\u00ednea un corredor ferroviario especializado.<\/p>\n<p>&nbsp;<\/p>\n<p style=\"text-align: center;\"><em><strong>\u00a1Informaci\u00f3n que transforma!<\/strong><\/em><\/p>\n","protected":false},"excerpt":{"rendered":"<p>Este domingo marcar\u00e1 el inicio de los trabajos preliminares para la construcci\u00f3n del tren de pasajeros que conectar\u00e1 la Ciudad de M\u00e9xico con Quer\u00e9taro. Este ambicioso proyecto, que comenzar\u00e1 formalmente en abril de 2025, promete reducir en un 40% el tiempo de traslado entre ambas ciudades. &nbsp; La presidenta de M\u00e9xico, Claudia Sheinbaum Pardo, confirm\u00f3 [&hellip;]<\/p>\n","protected":false},"author":3,"featured_media":3331,"comment_status":"open","ping_status":"open","sticky":false,"template":"","format":"standard","meta":{"footnotes":""},"categories":[88,58],"tags":[1321,734,291,1009],"class_list":["post-3330","post","type-post","status-publish","format-standard","has-post-thumbnail","hentry","category-nacional","category-ultima-hora","tag-conectividad","tag-infraestructura","tag-movilidadsostenible","tag-trenmexicoqueretaro"],"yoast_head":"<!-- This site is optimized with the Yoast SEO plugin v25.0 - https:\/\/yoast.com\/wordpress\/plugins\/seo\/ -->\n<title>Arrancan obras preliminares del Tren M\u00e9xico-Quer\u00e9taro: Prev\u00e9n tres a\u00f1os de construcci\u00f3n | Nexo Informativo Santiago de Quer\u00e9taro<\/title>\n<meta name=\"robots\" content=\"index, follow, max-snippet:-1, max-image-preview:large, max-video-preview:-1\" \/>\n<link rel=\"canonical\" href=\"https:\/\/www.nexoinformativo.mx\/index.php\/2024\/10\/13\/arrancan-obras-preliminares-del-tren-mexico-queretaro-preven-tres-anos-de-construccion\/\" \/>\n<meta property=\"og:locale\" content=\"es_MX\" \/>\n<meta property=\"og:type\" content=\"article\" \/>\n<meta property=\"og:title\" content=\"Arrancan obras preliminares del Tren M\u00e9xico-Quer\u00e9taro: Prev\u00e9n tres a\u00f1os de construcci\u00f3n | Nexo Informativo Santiago de Quer\u00e9taro\" \/>\n<meta property=\"og:description\" content=\"Este domingo marcar\u00e1 el inicio de los trabajos preliminares para la construcci\u00f3n del tren de pasajeros que conectar\u00e1 la Ciudad de M\u00e9xico con Quer\u00e9taro. Este ambicioso proyecto, que comenzar\u00e1 formalmente en abril de 2025, promete reducir en un 40% el tiempo de traslado entre ambas ciudades. &nbsp; La presidenta de M\u00e9xico, Claudia Sheinbaum Pardo, confirm\u00f3 [&hellip;]\" \/>\n<meta property=\"og:url\" content=\"https:\/\/www.nexoinformativo.mx\/index.php\/2024\/10\/13\/arrancan-obras-preliminares-del-tren-mexico-queretaro-preven-tres-anos-de-construccion\/\" \/>\n<meta property=\"og:site_name\" content=\"Nexo Informativo Santiago de Quer\u00e9taro\" \/>\n<meta property=\"article:publisher\" content=\"https:\/\/www.facebook.com\/people\/Nexo-Informativo\/61564066885511\/\" \/>\n<meta property=\"article:published_time\" content=\"2024-10-13T18:00:41+00:00\" \/>\n<meta property=\"article:modified_time\" content=\"2024-10-14T01:19:47+00:00\" \/>\n<meta property=\"og:image\" content=\"https:\/\/www.nexoinformativo.mx\/wp-content\/uploads\/2024\/10\/IMG_6907-e1728867841861.jpg\" \/>\n\t<meta property=\"og:image:width\" content=\"800\" \/>\n\t<meta property=\"og:image:height\" content=\"450\" \/>\n\t<meta property=\"og:image:type\" content=\"image\/jpeg\" \/>\n<meta name=\"author\" content=\"Nexo Informativo\" \/>\n<meta name=\"twitter:card\" content=\"summary_large_image\" \/>\n<meta name=\"twitter:label1\" content=\"Escrito por\" \/>\n\t<meta name=\"twitter:data1\" content=\"Nexo Informativo\" \/>\n\t<meta name=\"twitter:label2\" content=\"Tiempo de lectura\" \/>\n\t<meta name=\"twitter:data2\" content=\"2 minutos\" \/>\n<script type=\"application\/ld+json\" class=\"yoast-schema-graph\">{\"@context\":\"https:\/\/schema.org\",\"@graph\":[{\"@type\":\"Article\",\"@id\":\"https:\/\/www.nexoinformativo.mx\/index.php\/2024\/10\/13\/arrancan-obras-preliminares-del-tren-mexico-queretaro-preven-tres-anos-de-construccion\/#article\",\"isPartOf\":{\"@id\":\"https:\/\/www.nexoinformativo.mx\/index.php\/2024\/10\/13\/arrancan-obras-preliminares-del-tren-mexico-queretaro-preven-tres-anos-de-construccion\/\"},\"author\":{\"name\":\"Nexo Informativo\",\"@id\":\"https:\/\/www.nexoinformativo.mx\/#\/schema\/person\/7749d380ba08c8ca00d7bc76fd907b7d\"},\"headline\":\"Arrancan obras preliminares del Tren M\u00e9xico-Quer\u00e9taro: Prev\u00e9n tres a\u00f1os de construcci\u00f3n\",\"datePublished\":\"2024-10-13T18:00:41+00:00\",\"dateModified\":\"2024-10-14T01:19:47+00:00\",\"mainEntityOfPage\":{\"@id\":\"https:\/\/www.nexoinformativo.mx\/index.php\/2024\/10\/13\/arrancan-obras-preliminares-del-tren-mexico-queretaro-preven-tres-anos-de-construccion\/\"},\"wordCount\":334,\"commentCount\":0,\"publisher\":{\"@id\":\"https:\/\/www.nexoinformativo.mx\/#organization\"},\"image\":{\"@id\":\"https:\/\/www.nexoinformativo.mx\/index.php\/2024\/10\/13\/arrancan-obras-preliminares-del-tren-mexico-queretaro-preven-tres-anos-de-construccion\/#primaryimage\"},\"thumbnailUrl\":\"https:\/\/www.nexoinformativo.mx\/wp-content\/uploads\/2024\/10\/IMG_6907-e1728867841861.jpg\",\"keywords\":[\"Conectividad\",\"Infraestructura\",\"MovilidadSostenible\",\"TrenMexicoQuer\u00e9taro\"],\"articleSection\":[\"Nacional\",\"\u00daltima Hora\"],\"inLanguage\":\"es\",\"potentialAction\":[{\"@type\":\"CommentAction\",\"name\":\"Comment\",\"target\":[\"https:\/\/www.nexoinformativo.mx\/index.php\/2024\/10\/13\/arrancan-obras-preliminares-del-tren-mexico-queretaro-preven-tres-anos-de-construccion\/#respond\"]}]},{\"@type\":\"WebPage\",\"@id\":\"https:\/\/www.nexoinformativo.mx\/index.php\/2024\/10\/13\/arrancan-obras-preliminares-del-tren-mexico-queretaro-preven-tres-anos-de-construccion\/\",\"url\":\"https:\/\/www.nexoinformativo.mx\/index.php\/2024\/10\/13\/arrancan-obras-preliminares-del-tren-mexico-queretaro-preven-tres-anos-de-construccion\/\",\"name\":\"Arrancan obras preliminares del Tren M\u00e9xico-Quer\u00e9taro: Prev\u00e9n tres a\u00f1os de construcci\u00f3n | Nexo Informativo Santiago de Quer\u00e9taro\",\"isPartOf\":{\"@id\":\"https:\/\/www.nexoinformativo.mx\/#website\"},\"primaryImageOfPage\":{\"@id\":\"https:\/\/www.nexoinformativo.mx\/index.php\/2024\/10\/13\/arrancan-obras-preliminares-del-tren-mexico-queretaro-preven-tres-anos-de-construccion\/#primaryimage\"},\"image\":{\"@id\":\"https:\/\/www.nexoinformativo.mx\/index.php\/2024\/10\/13\/arrancan-obras-preliminares-del-tren-mexico-queretaro-preven-tres-anos-de-construccion\/#primaryimage\"},\"thumbnailUrl\":\"https:\/\/www.nexoinformativo.mx\/wp-content\/uploads\/2024\/10\/IMG_6907-e1728867841861.jpg\",\"datePublished\":\"2024-10-13T18:00:41+00:00\",\"dateModified\":\"2024-10-14T01:19:47+00:00\",\"breadcrumb\":{\"@id\":\"https:\/\/www.nexoinformativo.mx\/index.php\/2024\/10\/13\/arrancan-obras-preliminares-del-tren-mexico-queretaro-preven-tres-anos-de-construccion\/#breadcrumb\"},\"inLanguage\":\"es\",\"potentialAction\":[{\"@type\":\"ReadAction\",\"target\":[\"https:\/\/www.nexoinformativo.mx\/index.php\/2024\/10\/13\/arrancan-obras-preliminares-del-tren-mexico-queretaro-preven-tres-anos-de-construccion\/\"]}]},{\"@type\":\"ImageObject\",\"inLanguage\":\"es\",\"@id\":\"https:\/\/www.nexoinformativo.mx\/index.php\/2024\/10\/13\/arrancan-obras-preliminares-del-tren-mexico-queretaro-preven-tres-anos-de-construccion\/#primaryimage\",\"url\":\"https:\/\/www.nexoinformativo.mx\/wp-content\/uploads\/2024\/10\/IMG_6907-e1728867841861.jpg\",\"contentUrl\":\"https:\/\/www.nexoinformativo.mx\/wp-content\/uploads\/2024\/10\/IMG_6907-e1728867841861.jpg\",\"width\":800,\"height\":450},{\"@type\":\"BreadcrumbList\",\"@id\":\"https:\/\/www.nexoinformativo.mx\/index.php\/2024\/10\/13\/arrancan-obras-preliminares-del-tren-mexico-queretaro-preven-tres-anos-de-construccion\/#breadcrumb\",\"itemListElement\":[{\"@type\":\"ListItem\",\"position\":1,\"name\":\"Inicio\",\"item\":\"https:\/\/www.nexoinformativo.mx\/\"},{\"@type\":\"ListItem\",\"position\":2,\"name\":\"Arrancan obras preliminares del Tren M\u00e9xico-Quer\u00e9taro: Prev\u00e9n tres a\u00f1os de construcci\u00f3n\"}]},{\"@type\":\"WebSite\",\"@id\":\"https:\/\/www.nexoinformativo.mx\/#website\",\"url\":\"https:\/\/www.nexoinformativo.mx\/\",\"name\":\"Nexo Informativo Santiago de Quer\u00e9taro\",\"description\":\"Explora NexoInformativo y convi\u00e9rtete en parte de una comunidad que valora el conocimiento y la verdad. Tu nexoinformativo es tu puente hacia una comprensi\u00f3n m\u00e1s profunda del mundo que te rodea.\",\"publisher\":{\"@id\":\"https:\/\/www.nexoinformativo.mx\/#organization\"},\"potentialAction\":[{\"@type\":\"SearchAction\",\"target\":{\"@type\":\"EntryPoint\",\"urlTemplate\":\"https:\/\/www.nexoinformativo.mx\/?s={search_term_string}\"},\"query-input\":{\"@type\":\"PropertyValueSpecification\",\"valueRequired\":true,\"valueName\":\"search_term_string\"}}],\"inLanguage\":\"es\"},{\"@type\":\"Organization\",\"@id\":\"https:\/\/www.nexoinformativo.mx\/#organization\",\"name\":\"Nexo Informativo Santiago de Quer\u00e9taro\",\"url\":\"https:\/\/www.nexoinformativo.mx\/\",\"logo\":{\"@type\":\"ImageObject\",\"inLanguage\":\"es\",\"@id\":\"https:\/\/www.nexoinformativo.mx\/#\/schema\/logo\/image\/\",\"url\":\"https:\/\/www.nexoinformativo.mx\/wp-content\/uploads\/2024\/07\/nexoi-trasparente-2.png\",\"contentUrl\":\"https:\/\/www.nexoinformativo.mx\/wp-content\/uploads\/2024\/07\/nexoi-trasparente-2.png\",\"width\":816,\"height\":339,\"caption\":\"Nexo Informativo Santiago de Quer\u00e9taro\"},\"image\":{\"@id\":\"https:\/\/www.nexoinformativo.mx\/#\/schema\/logo\/image\/\"},\"sameAs\":[\"https:\/\/www.facebook.com\/people\/Nexo-Informativo\/61564066885511\/\"]},{\"@type\":\"Person\",\"@id\":\"https:\/\/www.nexoinformativo.mx\/#\/schema\/person\/7749d380ba08c8ca00d7bc76fd907b7d\",\"name\":\"Nexo Informativo\",\"image\":{\"@type\":\"ImageObject\",\"inLanguage\":\"es\",\"@id\":\"https:\/\/www.nexoinformativo.mx\/#\/schema\/person\/image\/\",\"url\":\"https:\/\/secure.gravatar.com\/avatar\/dde2928154642a13d95f87ddf1ea9718fe2b46760a005c53e41ff5ad610704e6?s=96&d=mm&r=g\",\"contentUrl\":\"https:\/\/secure.gravatar.com\/avatar\/dde2928154642a13d95f87ddf1ea9718fe2b46760a005c53e41ff5ad610704e6?s=96&d=mm&r=g\",\"caption\":\"Nexo Informativo\"},\"url\":\"https:\/\/www.nexoinformativo.mx\/index.php\/author\/edicion\/\"}]}<\/script>\n<!-- \/ Yoast SEO plugin. -->","yoast_head_json":{"title":"Arrancan obras preliminares del Tren M\u00e9xico-Quer\u00e9taro: Prev\u00e9n tres a\u00f1os de construcci\u00f3n | Nexo Informativo Santiago de Quer\u00e9taro","robots":{"index":"index","follow":"follow","max-snippet":"max-snippet:-1","max-image-preview":"max-image-preview:large","max-video-preview":"max-video-preview:-1"},"canonical":"https:\/\/www.nexoinformativo.mx\/index.php\/2024\/10\/13\/arrancan-obras-preliminares-del-tren-mexico-queretaro-preven-tres-anos-de-construccion\/","og_locale":"es_MX","og_type":"article","og_title":"Arrancan obras preliminares del Tren M\u00e9xico-Quer\u00e9taro: Prev\u00e9n tres a\u00f1os de construcci\u00f3n | Nexo Informativo Santiago de Quer\u00e9taro","og_description":"Este domingo marcar\u00e1 el inicio de los trabajos preliminares para la construcci\u00f3n del tren de pasajeros que conectar\u00e1 la Ciudad de M\u00e9xico con Quer\u00e9taro. Este ambicioso proyecto, que comenzar\u00e1 formalmente en abril de 2025, promete reducir en un 40% el tiempo de traslado entre ambas ciudades. &nbsp; La presidenta de M\u00e9xico, Claudia Sheinbaum Pardo, confirm\u00f3 [&hellip;]","og_url":"https:\/\/www.nexoinformativo.mx\/index.php\/2024\/10\/13\/arrancan-obras-preliminares-del-tren-mexico-queretaro-preven-tres-anos-de-construccion\/","og_site_name":"Nexo Informativo Santiago de Quer\u00e9taro","article_publisher":"https:\/\/www.facebook.com\/people\/Nexo-Informativo\/61564066885511\/","article_published_time":"2024-10-13T18:00:41+00:00","article_modified_time":"2024-10-14T01:19:47+00:00","og_image":[{"width":800,"height":450,"url":"https:\/\/www.nexoinformativo.mx\/wp-content\/uploads\/2024\/10\/IMG_6907-e1728867841861.jpg","type":"image\/jpeg"}],"author":"Nexo Informativo","twitter_card":"summary_large_image","twitter_misc":{"Escrito por":"Nexo Informativo","Tiempo de lectura":"2 minutos"},"schema":{"@context":"https:\/\/schema.org","@graph":[{"@type":"Article","@id":"https:\/\/www.nexoinformativo.mx\/index.php\/2024\/10\/13\/arrancan-obras-preliminares-del-tren-mexico-queretaro-preven-tres-anos-de-construccion\/#article","isPartOf":{"@id":"https:\/\/www.nexoinformativo.mx\/index.php\/2024\/10\/13\/arrancan-obras-preliminares-del-tren-mexico-queretaro-preven-tres-anos-de-construccion\/"},"author":{"name":"Nexo Informativo","@id":"https:\/\/www.nexoinformativo.mx\/#\/schema\/person\/7749d380ba08c8ca00d7bc76fd907b7d"},"headline":"Arrancan obras preliminares del Tren M\u00e9xico-Quer\u00e9taro: Prev\u00e9n tres a\u00f1os de construcci\u00f3n","datePublished":"2024-10-13T18:00:41+00:00","dateModified":"2024-10-14T01:19:47+00:00","mainEntityOfPage":{"@id":"https:\/\/www.nexoinformativo.mx\/index.php\/2024\/10\/13\/arrancan-obras-preliminares-del-tren-mexico-queretaro-preven-tres-anos-de-construccion\/"},"wordCount":334,"commentCount":0,"publisher":{"@id":"https:\/\/www.nexoinformativo.mx\/#organization"},"image":{"@id":"https:\/\/www.nexoinformativo.mx\/index.php\/2024\/10\/13\/arrancan-obras-preliminares-del-tren-mexico-queretaro-preven-tres-anos-de-construccion\/#primaryimage"},"thumbnailUrl":"https:\/\/www.nexoinformativo.mx\/wp-content\/uploads\/2024\/10\/IMG_6907-e1728867841861.jpg","keywords":["Conectividad","Infraestructura","MovilidadSostenible","TrenMexicoQuer\u00e9taro"],"articleSection":["Nacional","\u00daltima Hora"],"inLanguage":"es","potentialAction":[{"@type":"CommentAction","name":"Comment","target":["https:\/\/www.nexoinformativo.mx\/index.php\/2024\/10\/13\/arrancan-obras-preliminares-del-tren-mexico-queretaro-preven-tres-anos-de-construccion\/#respond"]}]},{"@type":"WebPage","@id":"https:\/\/www.nexoinformativo.mx\/index.php\/2024\/10\/13\/arrancan-obras-preliminares-del-tren-mexico-queretaro-preven-tres-anos-de-construccion\/","url":"https:\/\/www.nexoinformativo.mx\/index.php\/2024\/10\/13\/arrancan-obras-preliminares-del-tren-mexico-queretaro-preven-tres-anos-de-construccion\/","name":"Arrancan obras preliminares del Tren M\u00e9xico-Quer\u00e9taro: Prev\u00e9n tres a\u00f1os de construcci\u00f3n | Nexo Informativo Santiago de Quer\u00e9taro","isPartOf":{"@id":"https:\/\/www.nexoinformativo.mx\/#website"},"primaryImageOfPage":{"@id":"https:\/\/www.nexoinformativo.mx\/index.php\/2024\/10\/13\/arrancan-obras-preliminares-del-tren-mexico-queretaro-preven-tres-anos-de-construccion\/#primaryimage"},"image":{"@id":"https:\/\/www.nexoinformativo.mx\/index.php\/2024\/10\/13\/arrancan-obras-preliminares-del-tren-mexico-queretaro-preven-tres-anos-de-construccion\/#primaryimage"},"thumbnailUrl":"https:\/\/www.nexoinformativo.mx\/wp-content\/uploads\/2024\/10\/IMG_6907-e1728867841861.jpg","datePublished":"2024-10-13T18:00:41+00:00","dateModified":"2024-10-14T01:19:47+00:00","breadcrumb":{"@id":"https:\/\/www.nexoinformativo.mx\/index.php\/2024\/10\/13\/arrancan-obras-preliminares-del-tren-mexico-queretaro-preven-tres-anos-de-construccion\/#breadcrumb"},"inLanguage":"es","potentialAction":[{"@type":"ReadAction","target":["https:\/\/www.nexoinformativo.mx\/index.php\/2024\/10\/13\/arrancan-obras-preliminares-del-tren-mexico-queretaro-preven-tres-anos-de-construccion\/"]}]},{"@type":"ImageObject","inLanguage":"es","@id":"https:\/\/www.nexoinformativo.mx\/index.php\/2024\/10\/13\/arrancan-obras-preliminares-del-tren-mexico-queretaro-preven-tres-anos-de-construccion\/#primaryimage","url":"https:\/\/www.nexoinformativo.mx\/wp-content\/uploads\/2024\/10\/IMG_6907-e1728867841861.jpg","contentUrl":"https:\/\/www.nexoinformativo.mx\/wp-content\/uploads\/2024\/10\/IMG_6907-e1728867841861.jpg","width":800,"height":450},{"@type":"BreadcrumbList","@id":"https:\/\/www.nexoinformativo.mx\/index.php\/2024\/10\/13\/arrancan-obras-preliminares-del-tren-mexico-queretaro-preven-tres-anos-de-construccion\/#breadcrumb","itemListElement":[{"@type":"ListItem","position":1,"name":"Inicio","item":"https:\/\/www.nexoinformativo.mx\/"},{"@type":"ListItem","position":2,"name":"Arrancan obras preliminares del Tren M\u00e9xico-Quer\u00e9taro: Prev\u00e9n tres a\u00f1os de construcci\u00f3n"}]},{"@type":"WebSite","@id":"https:\/\/www.nexoinformativo.mx\/#website","url":"https:\/\/www.nexoinformativo.mx\/","name":"Nexo Informativo Santiago de Quer\u00e9taro","description":"Explora NexoInformativo y convi\u00e9rtete en parte de una comunidad que valora el conocimiento y la verdad. Tu nexoinformativo es tu puente hacia una comprensi\u00f3n m\u00e1s profunda del mundo que te rodea.","publisher":{"@id":"https:\/\/www.nexoinformativo.mx\/#organization"},"potentialAction":[{"@type":"SearchAction","target":{"@type":"EntryPoint","urlTemplate":"https:\/\/www.nexoinformativo.mx\/?s={search_term_string}"},"query-input":{"@type":"PropertyValueSpecification","valueRequired":true,"valueName":"search_term_string"}}],"inLanguage":"es"},{"@type":"Organization","@id":"https:\/\/www.nexoinformativo.mx\/#organization","name":"Nexo Informativo Santiago de Quer\u00e9taro","url":"https:\/\/www.nexoinformativo.mx\/","logo":{"@type":"ImageObject","inLanguage":"es","@id":"https:\/\/www.nexoinformativo.mx\/#\/schema\/logo\/image\/","url":"https:\/\/www.nexoinformativo.mx\/wp-content\/uploads\/2024\/07\/nexoi-trasparente-2.png","contentUrl":"https:\/\/www.nexoinformativo.mx\/wp-content\/uploads\/2024\/07\/nexoi-trasparente-2.png","width":816,"height":339,"caption":"Nexo Informativo Santiago de Quer\u00e9taro"},"image":{"@id":"https:\/\/www.nexoinformativo.mx\/#\/schema\/logo\/image\/"},"sameAs":["https:\/\/www.facebook.com\/people\/Nexo-Informativo\/61564066885511\/"]},{"@type":"Person","@id":"https:\/\/www.nexoinformativo.mx\/#\/schema\/person\/7749d380ba08c8ca00d7bc76fd907b7d","name":"Nexo Informativo","image":{"@type":"ImageObject","inLanguage":"es","@id":"https:\/\/www.nexoinformativo.mx\/#\/schema\/person\/image\/","url":"https:\/\/secure.gravatar.com\/avatar\/dde2928154642a13d95f87ddf1ea9718fe2b46760a005c53e41ff5ad610704e6?s=96&d=mm&r=g","contentUrl":"https:\/\/secure.gravatar.com\/avatar\/dde2928154642a13d95f87ddf1ea9718fe2b46760a005c53e41ff5ad610704e6?s=96&d=mm&r=g","caption":"Nexo Informativo"},"url":"https:\/\/www.nexoinformativo.mx\/index.php\/author\/edicion\/"}]}},"_links":{"self":[{"href":"https:\/\/www.nexoinformativo.mx\/index.php\/wp-json\/wp\/v2\/posts\/3330","targetHints":{"allow":["GET"]}}],"collection":[{"href":"https:\/\/www.nexoinformativo.mx\/index.php\/wp-json\/wp\/v2\/posts"}],"about":[{"href":"https:\/\/www.nexoinformativo.mx\/index.php\/wp-json\/wp\/v2\/types\/post"}],"author":[{"embeddable":true,"href":"https:\/\/www.nexoinformativo.mx\/index.php\/wp-json\/wp\/v2\/users\/3"}],"replies":[{"embeddable":true,"href":"https:\/\/www.nexoinformativo.mx\/index.php\/wp-json\/wp\/v2\/comments?post=3330"}],"version-history":[{"count":6,"href":"https:\/\/www.nexoinformativo.mx\/index.php\/wp-json\/wp\/v2\/posts\/3330\/revisions"}],"predecessor-version":[{"id":3338,"href":"https:\/\/www.nexoinformativo.mx\/index.php\/wp-json\/wp\/v2\/posts\/3330\/revisions\/3338"}],"wp:featuredmedia":[{"embeddable":true,"href":"https:\/\/www.nexoinformativo.mx\/index.php\/wp-json\/wp\/v2\/media\/3331"}],"wp:attachment":[{"href":"https:\/\/www.nexoinformativo.mx\/index.php\/wp-json\/wp\/v2\/media?parent=3330"}],"wp:term":[{"taxonomy":"category","embeddable":true,"href":"https:\/\/www.nexoinformativo.mx\/index.php\/wp-json\/wp\/v2\/categories?post=3330"},{"taxonomy":"post_tag","embeddable":true,"href":"https:\/\/www.nexoinformativo.mx\/index.php\/wp-json\/wp\/v2\/tags?post=3330"}],"curies":[{"name":"wp","href":"https:\/\/api.w.org\/{rel}","templated":true}]}}