{"id":3339,"date":"2024-10-14T11:00:21","date_gmt":"2024-10-14T17:00:21","guid":{"rendered":"https:\/\/www.nexoinformativo.mx\/?p=3339"},"modified":"2024-10-14T13:24:12","modified_gmt":"2024-10-14T19:24:12","slug":"emiten-alerta-en-toliman-por-intoxicacion-con-clembuterol","status":"publish","type":"post","link":"https:\/\/www.nexoinformativo.mx\/index.php\/2024\/10\/14\/emiten-alerta-en-toliman-por-intoxicacion-con-clembuterol\/","title":{"rendered":"Emiten alerta en Tolim\u00e1n por intoxicaci\u00f3n con Clembuterol \u00a0"},"content":{"rendered":"<p style=\"text-align: justify;\">El municipio de Tolim\u00e1n ha emitido una alerta para la poblaci\u00f3n debido a una emergencia por intoxicaci\u00f3n alimentaria relacionada con el consumo de carne de res contaminada con clembuterol. Esta advertencia se dio en coordinaci\u00f3n con las autoridades sanitarias, quienes est\u00e1n llevando a cabo investigaciones para garantizar la seguridad de los ciudadanos.<\/p>\n<p>&nbsp;<\/p>\n<p style=\"text-align: justify;\">\nEl presidente municipal, Alejo S\u00e1nchez de Santiago, hizo un llamado a los habitantes para que eviten consumir carne de res hasta nuevo aviso. \u201cYa se ha estabilizado el tema que se present\u00f3 a nivel municipio y, si presentan s\u00edntomas como temblores, dolor de cabeza o mareos, por favor asistan al centro de salud para ser atendidos\u201d, recomend\u00f3 S\u00e1nchez de Santiago.<\/p>\n<p>&nbsp;<\/p>\n<p style=\"text-align: justify;\">\nLos s\u00edntomas de intoxicaci\u00f3n incluyen dolor de cabeza, mareos, temblores y taquicardia. En caso de experimentar alguno de estos, es crucial acudir de inmediato al centro de salud. \u201cTodo el personal m\u00e9dico est\u00e1 disponible y hay medicamentos necesarios para atender a los afectados. Es muy importante que no se automediquen, ya que esto podr\u00eda empeorar su situaci\u00f3n\u201d, advirti\u00f3 el presidente municipal.<\/p>\n<p>&nbsp;<\/p>\n<p style=\"text-align: justify;\">\nLas autoridades seguir\u00e1n trabajando para esclarecer el origen de esta contaminaci\u00f3n y asegurar que la carne que se ofrece a la poblaci\u00f3n sea segura. La salud y el bienestar de los ciudadanos son una prioridad, por lo que las recomendaciones deben ser seguidas con seriedad.<\/p>\n<p>&nbsp;<\/p>\n<p>&nbsp;<\/p>\n<p style=\"text-align: center;\">\u00a1Informaci\u00f3n que transforma!<\/p>\n","protected":false},"excerpt":{"rendered":"<p>El municipio de Tolim\u00e1n ha emitido una alerta para la poblaci\u00f3n debido a una emergencia por intoxicaci\u00f3n alimentaria relacionada con el consumo de carne de res contaminada con clembuterol.<\/p>\n","protected":false},"author":3,"featured_media":3340,"comment_status":"open","ping_status":"open","sticky":false,"template":"","format":"standard","meta":{"footnotes":""},"categories":[65,58],"tags":[1322,1324,1323,319],"class_list":["post-3339","post","type-post","status-publish","format-standard","has-post-thumbnail","hentry","category-municipios","category-ultima-hora","tag-alertatoliman","tag-clembuterol","tag-intoxicacion","tag-saludpublica"],"yoast_head":"<!-- This site is optimized with the Yoast SEO plugin v25.0 - https:\/\/yoast.com\/wordpress\/plugins\/seo\/ -->\n<title>Emiten alerta en Tolim\u00e1n por intoxicaci\u00f3n con Clembuterol \u00a0 | Nexo Informativo Santiago de Quer\u00e9taro<\/title>\n<meta name=\"description\" content=\"Emiten alerta en Tolim\u00e1n por intoxicaci\u00f3n con Clembuterol \u00a0\" \/>\n<meta name=\"robots\" content=\"index, follow, max-snippet:-1, max-image-preview:large, max-video-preview:-1\" \/>\n<link rel=\"canonical\" href=\"https:\/\/www.nexoinformativo.mx\/index.php\/2024\/10\/14\/emiten-alerta-en-toliman-por-intoxicacion-con-clembuterol\/\" \/>\n<meta property=\"og:locale\" content=\"es_MX\" \/>\n<meta property=\"og:type\" content=\"article\" \/>\n<meta property=\"og:title\" content=\"Emiten alerta en Tolim\u00e1n por intoxicaci\u00f3n con Clembuterol \u00a0 | Nexo Informativo Santiago de Quer\u00e9taro\" \/>\n<meta property=\"og:description\" content=\"Emiten alerta en Tolim\u00e1n por intoxicaci\u00f3n con Clembuterol \u00a0\" \/>\n<meta property=\"og:url\" content=\"https:\/\/www.nexoinformativo.mx\/index.php\/2024\/10\/14\/emiten-alerta-en-toliman-por-intoxicacion-con-clembuterol\/\" \/>\n<meta property=\"og:site_name\" content=\"Nexo Informativo Santiago de Quer\u00e9taro\" \/>\n<meta property=\"article:publisher\" content=\"https:\/\/www.facebook.com\/people\/Nexo-Informativo\/61564066885511\/\" \/>\n<meta property=\"article:published_time\" content=\"2024-10-14T17:00:21+00:00\" \/>\n<meta property=\"article:modified_time\" content=\"2024-10-14T19:24:12+00:00\" \/>\n<meta property=\"og:image\" content=\"https:\/\/www.nexoinformativo.mx\/wp-content\/uploads\/2024\/10\/PHOTO-2024-10-14-11-53-26-e1728929768105.jpg\" \/>\n\t<meta property=\"og:image:width\" content=\"800\" \/>\n\t<meta property=\"og:image:height\" content=\"675\" \/>\n\t<meta property=\"og:image:type\" content=\"image\/jpeg\" \/>\n<meta name=\"author\" content=\"Nexo Informativo\" \/>\n<meta name=\"twitter:card\" content=\"summary_large_image\" \/>\n<meta name=\"twitter:label1\" content=\"Escrito por\" \/>\n\t<meta name=\"twitter:data1\" content=\"Nexo Informativo\" \/>\n\t<meta name=\"twitter:label2\" content=\"Tiempo de lectura\" \/>\n\t<meta name=\"twitter:data2\" content=\"2 minutos\" \/>\n<script type=\"application\/ld+json\" class=\"yoast-schema-graph\">{\"@context\":\"https:\/\/schema.org\",\"@graph\":[{\"@type\":\"Article\",\"@id\":\"https:\/\/www.nexoinformativo.mx\/index.php\/2024\/10\/14\/emiten-alerta-en-toliman-por-intoxicacion-con-clembuterol\/#article\",\"isPartOf\":{\"@id\":\"https:\/\/www.nexoinformativo.mx\/index.php\/2024\/10\/14\/emiten-alerta-en-toliman-por-intoxicacion-con-clembuterol\/\"},\"author\":{\"name\":\"Nexo Informativo\",\"@id\":\"https:\/\/www.nexoinformativo.mx\/#\/schema\/person\/7749d380ba08c8ca00d7bc76fd907b7d\"},\"headline\":\"Emiten alerta en Tolim\u00e1n por intoxicaci\u00f3n con Clembuterol \u00a0\",\"datePublished\":\"2024-10-14T17:00:21+00:00\",\"dateModified\":\"2024-10-14T19:24:12+00:00\",\"mainEntityOfPage\":{\"@id\":\"https:\/\/www.nexoinformativo.mx\/index.php\/2024\/10\/14\/emiten-alerta-en-toliman-por-intoxicacion-con-clembuterol\/\"},\"wordCount\":253,\"commentCount\":0,\"publisher\":{\"@id\":\"https:\/\/www.nexoinformativo.mx\/#organization\"},\"image\":{\"@id\":\"https:\/\/www.nexoinformativo.mx\/index.php\/2024\/10\/14\/emiten-alerta-en-toliman-por-intoxicacion-con-clembuterol\/#primaryimage\"},\"thumbnailUrl\":\"https:\/\/www.nexoinformativo.mx\/wp-content\/uploads\/2024\/10\/PHOTO-2024-10-14-11-53-26-e1728929768105.jpg\",\"keywords\":[\"AlertaTolim\u00e1n\",\"Clembuterol\",\"Intoxicaci\u00f3n\",\"SaludP\u00fablica\"],\"articleSection\":[\"Municipios\",\"\u00daltima Hora\"],\"inLanguage\":\"es\",\"potentialAction\":[{\"@type\":\"CommentAction\",\"name\":\"Comment\",\"target\":[\"https:\/\/www.nexoinformativo.mx\/index.php\/2024\/10\/14\/emiten-alerta-en-toliman-por-intoxicacion-con-clembuterol\/#respond\"]}]},{\"@type\":\"WebPage\",\"@id\":\"https:\/\/www.nexoinformativo.mx\/index.php\/2024\/10\/14\/emiten-alerta-en-toliman-por-intoxicacion-con-clembuterol\/\",\"url\":\"https:\/\/www.nexoinformativo.mx\/index.php\/2024\/10\/14\/emiten-alerta-en-toliman-por-intoxicacion-con-clembuterol\/\",\"name\":\"Emiten alerta en Tolim\u00e1n por intoxicaci\u00f3n con Clembuterol \u00a0 | Nexo Informativo Santiago de Quer\u00e9taro\",\"isPartOf\":{\"@id\":\"https:\/\/www.nexoinformativo.mx\/#website\"},\"primaryImageOfPage\":{\"@id\":\"https:\/\/www.nexoinformativo.mx\/index.php\/2024\/10\/14\/emiten-alerta-en-toliman-por-intoxicacion-con-clembuterol\/#primaryimage\"},\"image\":{\"@id\":\"https:\/\/www.nexoinformativo.mx\/index.php\/2024\/10\/14\/emiten-alerta-en-toliman-por-intoxicacion-con-clembuterol\/#primaryimage\"},\"thumbnailUrl\":\"https:\/\/www.nexoinformativo.mx\/wp-content\/uploads\/2024\/10\/PHOTO-2024-10-14-11-53-26-e1728929768105.jpg\",\"datePublished\":\"2024-10-14T17:00:21+00:00\",\"dateModified\":\"2024-10-14T19:24:12+00:00\",\"description\":\"Emiten alerta en Tolim\u00e1n por intoxicaci\u00f3n con Clembuterol \u00a0\",\"breadcrumb\":{\"@id\":\"https:\/\/www.nexoinformativo.mx\/index.php\/2024\/10\/14\/emiten-alerta-en-toliman-por-intoxicacion-con-clembuterol\/#breadcrumb\"},\"inLanguage\":\"es\",\"potentialAction\":[{\"@type\":\"ReadAction\",\"target\":[\"https:\/\/www.nexoinformativo.mx\/index.php\/2024\/10\/14\/emiten-alerta-en-toliman-por-intoxicacion-con-clembuterol\/\"]}]},{\"@type\":\"ImageObject\",\"inLanguage\":\"es\",\"@id\":\"https:\/\/www.nexoinformativo.mx\/index.php\/2024\/10\/14\/emiten-alerta-en-toliman-por-intoxicacion-con-clembuterol\/#primaryimage\",\"url\":\"https:\/\/www.nexoinformativo.mx\/wp-content\/uploads\/2024\/10\/PHOTO-2024-10-14-11-53-26-e1728929768105.jpg\",\"contentUrl\":\"https:\/\/www.nexoinformativo.mx\/wp-content\/uploads\/2024\/10\/PHOTO-2024-10-14-11-53-26-e1728929768105.jpg\",\"width\":800,\"height\":675},{\"@type\":\"BreadcrumbList\",\"@id\":\"https:\/\/www.nexoinformativo.mx\/index.php\/2024\/10\/14\/emiten-alerta-en-toliman-por-intoxicacion-con-clembuterol\/#breadcrumb\",\"itemListElement\":[{\"@type\":\"ListItem\",\"position\":1,\"name\":\"Inicio\",\"item\":\"https:\/\/www.nexoinformativo.mx\/\"},{\"@type\":\"ListItem\",\"position\":2,\"name\":\"Emiten alerta en Tolim\u00e1n por intoxicaci\u00f3n con Clembuterol \u00a0\"}]},{\"@type\":\"WebSite\",\"@id\":\"https:\/\/www.nexoinformativo.mx\/#website\",\"url\":\"https:\/\/www.nexoinformativo.mx\/\",\"name\":\"Nexo Informativo Santiago de Quer\u00e9taro\",\"description\":\"Explora NexoInformativo y convi\u00e9rtete en parte de una comunidad que valora el conocimiento y la verdad. Tu nexoinformativo es tu puente hacia una comprensi\u00f3n m\u00e1s profunda del mundo que te rodea.\",\"publisher\":{\"@id\":\"https:\/\/www.nexoinformativo.mx\/#organization\"},\"potentialAction\":[{\"@type\":\"SearchAction\",\"target\":{\"@type\":\"EntryPoint\",\"urlTemplate\":\"https:\/\/www.nexoinformativo.mx\/?s={search_term_string}\"},\"query-input\":{\"@type\":\"PropertyValueSpecification\",\"valueRequired\":true,\"valueName\":\"search_term_string\"}}],\"inLanguage\":\"es\"},{\"@type\":\"Organization\",\"@id\":\"https:\/\/www.nexoinformativo.mx\/#organization\",\"name\":\"Nexo Informativo Santiago de Quer\u00e9taro\",\"url\":\"https:\/\/www.nexoinformativo.mx\/\",\"logo\":{\"@type\":\"ImageObject\",\"inLanguage\":\"es\",\"@id\":\"https:\/\/www.nexoinformativo.mx\/#\/schema\/logo\/image\/\",\"url\":\"https:\/\/www.nexoinformativo.mx\/wp-content\/uploads\/2024\/07\/nexoi-trasparente-2.png\",\"contentUrl\":\"https:\/\/www.nexoinformativo.mx\/wp-content\/uploads\/2024\/07\/nexoi-trasparente-2.png\",\"width\":816,\"height\":339,\"caption\":\"Nexo Informativo Santiago de Quer\u00e9taro\"},\"image\":{\"@id\":\"https:\/\/www.nexoinformativo.mx\/#\/schema\/logo\/image\/\"},\"sameAs\":[\"https:\/\/www.facebook.com\/people\/Nexo-Informativo\/61564066885511\/\"]},{\"@type\":\"Person\",\"@id\":\"https:\/\/www.nexoinformativo.mx\/#\/schema\/person\/7749d380ba08c8ca00d7bc76fd907b7d\",\"name\":\"Nexo Informativo\",\"image\":{\"@type\":\"ImageObject\",\"inLanguage\":\"es\",\"@id\":\"https:\/\/www.nexoinformativo.mx\/#\/schema\/person\/image\/\",\"url\":\"https:\/\/secure.gravatar.com\/avatar\/dde2928154642a13d95f87ddf1ea9718fe2b46760a005c53e41ff5ad610704e6?s=96&d=mm&r=g\",\"contentUrl\":\"https:\/\/secure.gravatar.com\/avatar\/dde2928154642a13d95f87ddf1ea9718fe2b46760a005c53e41ff5ad610704e6?s=96&d=mm&r=g\",\"caption\":\"Nexo Informativo\"},\"url\":\"https:\/\/www.nexoinformativo.mx\/index.php\/author\/edicion\/\"}]}<\/script>\n<!-- \/ Yoast SEO plugin. -->","yoast_head_json":{"title":"Emiten alerta en Tolim\u00e1n por intoxicaci\u00f3n con Clembuterol \u00a0 | Nexo Informativo Santiago de Quer\u00e9taro","description":"Emiten alerta en Tolim\u00e1n por intoxicaci\u00f3n con Clembuterol \u00a0","robots":{"index":"index","follow":"follow","max-snippet":"max-snippet:-1","max-image-preview":"max-image-preview:large","max-video-preview":"max-video-preview:-1"},"canonical":"https:\/\/www.nexoinformativo.mx\/index.php\/2024\/10\/14\/emiten-alerta-en-toliman-por-intoxicacion-con-clembuterol\/","og_locale":"es_MX","og_type":"article","og_title":"Emiten alerta en Tolim\u00e1n por intoxicaci\u00f3n con Clembuterol \u00a0 | Nexo Informativo Santiago de Quer\u00e9taro","og_description":"Emiten alerta en Tolim\u00e1n por intoxicaci\u00f3n con Clembuterol \u00a0","og_url":"https:\/\/www.nexoinformativo.mx\/index.php\/2024\/10\/14\/emiten-alerta-en-toliman-por-intoxicacion-con-clembuterol\/","og_site_name":"Nexo Informativo Santiago de Quer\u00e9taro","article_publisher":"https:\/\/www.facebook.com\/people\/Nexo-Informativo\/61564066885511\/","article_published_time":"2024-10-14T17:00:21+00:00","article_modified_time":"2024-10-14T19:24:12+00:00","og_image":[{"width":800,"height":675,"url":"https:\/\/www.nexoinformativo.mx\/wp-content\/uploads\/2024\/10\/PHOTO-2024-10-14-11-53-26-e1728929768105.jpg","type":"image\/jpeg"}],"author":"Nexo Informativo","twitter_card":"summary_large_image","twitter_misc":{"Escrito por":"Nexo Informativo","Tiempo de lectura":"2 minutos"},"schema":{"@context":"https:\/\/schema.org","@graph":[{"@type":"Article","@id":"https:\/\/www.nexoinformativo.mx\/index.php\/2024\/10\/14\/emiten-alerta-en-toliman-por-intoxicacion-con-clembuterol\/#article","isPartOf":{"@id":"https:\/\/www.nexoinformativo.mx\/index.php\/2024\/10\/14\/emiten-alerta-en-toliman-por-intoxicacion-con-clembuterol\/"},"author":{"name":"Nexo Informativo","@id":"https:\/\/www.nexoinformativo.mx\/#\/schema\/person\/7749d380ba08c8ca00d7bc76fd907b7d"},"headline":"Emiten alerta en Tolim\u00e1n por intoxicaci\u00f3n con Clembuterol \u00a0","datePublished":"2024-10-14T17:00:21+00:00","dateModified":"2024-10-14T19:24:12+00:00","mainEntityOfPage":{"@id":"https:\/\/www.nexoinformativo.mx\/index.php\/2024\/10\/14\/emiten-alerta-en-toliman-por-intoxicacion-con-clembuterol\/"},"wordCount":253,"commentCount":0,"publisher":{"@id":"https:\/\/www.nexoinformativo.mx\/#organization"},"image":{"@id":"https:\/\/www.nexoinformativo.mx\/index.php\/2024\/10\/14\/emiten-alerta-en-toliman-por-intoxicacion-con-clembuterol\/#primaryimage"},"thumbnailUrl":"https:\/\/www.nexoinformativo.mx\/wp-content\/uploads\/2024\/10\/PHOTO-2024-10-14-11-53-26-e1728929768105.jpg","keywords":["AlertaTolim\u00e1n","Clembuterol","Intoxicaci\u00f3n","SaludP\u00fablica"],"articleSection":["Municipios","\u00daltima Hora"],"inLanguage":"es","potentialAction":[{"@type":"CommentAction","name":"Comment","target":["https:\/\/www.nexoinformativo.mx\/index.php\/2024\/10\/14\/emiten-alerta-en-toliman-por-intoxicacion-con-clembuterol\/#respond"]}]},{"@type":"WebPage","@id":"https:\/\/www.nexoinformativo.mx\/index.php\/2024\/10\/14\/emiten-alerta-en-toliman-por-intoxicacion-con-clembuterol\/","url":"https:\/\/www.nexoinformativo.mx\/index.php\/2024\/10\/14\/emiten-alerta-en-toliman-por-intoxicacion-con-clembuterol\/","name":"Emiten alerta en Tolim\u00e1n por intoxicaci\u00f3n con Clembuterol \u00a0 | Nexo Informativo Santiago de Quer\u00e9taro","isPartOf":{"@id":"https:\/\/www.nexoinformativo.mx\/#website"},"primaryImageOfPage":{"@id":"https:\/\/www.nexoinformativo.mx\/index.php\/2024\/10\/14\/emiten-alerta-en-toliman-por-intoxicacion-con-clembuterol\/#primaryimage"},"image":{"@id":"https:\/\/www.nexoinformativo.mx\/index.php\/2024\/10\/14\/emiten-alerta-en-toliman-por-intoxicacion-con-clembuterol\/#primaryimage"},"thumbnailUrl":"https:\/\/www.nexoinformativo.mx\/wp-content\/uploads\/2024\/10\/PHOTO-2024-10-14-11-53-26-e1728929768105.jpg","datePublished":"2024-10-14T17:00:21+00:00","dateModified":"2024-10-14T19:24:12+00:00","description":"Emiten alerta en Tolim\u00e1n por intoxicaci\u00f3n con Clembuterol \u00a0","breadcrumb":{"@id":"https:\/\/www.nexoinformativo.mx\/index.php\/2024\/10\/14\/emiten-alerta-en-toliman-por-intoxicacion-con-clembuterol\/#breadcrumb"},"inLanguage":"es","potentialAction":[{"@type":"ReadAction","target":["https:\/\/www.nexoinformativo.mx\/index.php\/2024\/10\/14\/emiten-alerta-en-toliman-por-intoxicacion-con-clembuterol\/"]}]},{"@type":"ImageObject","inLanguage":"es","@id":"https:\/\/www.nexoinformativo.mx\/index.php\/2024\/10\/14\/emiten-alerta-en-toliman-por-intoxicacion-con-clembuterol\/#primaryimage","url":"https:\/\/www.nexoinformativo.mx\/wp-content\/uploads\/2024\/10\/PHOTO-2024-10-14-11-53-26-e1728929768105.jpg","contentUrl":"https:\/\/www.nexoinformativo.mx\/wp-content\/uploads\/2024\/10\/PHOTO-2024-10-14-11-53-26-e1728929768105.jpg","width":800,"height":675},{"@type":"BreadcrumbList","@id":"https:\/\/www.nexoinformativo.mx\/index.php\/2024\/10\/14\/emiten-alerta-en-toliman-por-intoxicacion-con-clembuterol\/#breadcrumb","itemListElement":[{"@type":"ListItem","position":1,"name":"Inicio","item":"https:\/\/www.nexoinformativo.mx\/"},{"@type":"ListItem","position":2,"name":"Emiten alerta en Tolim\u00e1n por intoxicaci\u00f3n con Clembuterol \u00a0"}]},{"@type":"WebSite","@id":"https:\/\/www.nexoinformativo.mx\/#website","url":"https:\/\/www.nexoinformativo.mx\/","name":"Nexo Informativo Santiago de Quer\u00e9taro","description":"Explora NexoInformativo y convi\u00e9rtete en parte de una comunidad que valora el conocimiento y la verdad. Tu nexoinformativo es tu puente hacia una comprensi\u00f3n m\u00e1s profunda del mundo que te rodea.","publisher":{"@id":"https:\/\/www.nexoinformativo.mx\/#organization"},"potentialAction":[{"@type":"SearchAction","target":{"@type":"EntryPoint","urlTemplate":"https:\/\/www.nexoinformativo.mx\/?s={search_term_string}"},"query-input":{"@type":"PropertyValueSpecification","valueRequired":true,"valueName":"search_term_string"}}],"inLanguage":"es"},{"@type":"Organization","@id":"https:\/\/www.nexoinformativo.mx\/#organization","name":"Nexo Informativo Santiago de Quer\u00e9taro","url":"https:\/\/www.nexoinformativo.mx\/","logo":{"@type":"ImageObject","inLanguage":"es","@id":"https:\/\/www.nexoinformativo.mx\/#\/schema\/logo\/image\/","url":"https:\/\/www.nexoinformativo.mx\/wp-content\/uploads\/2024\/07\/nexoi-trasparente-2.png","contentUrl":"https:\/\/www.nexoinformativo.mx\/wp-content\/uploads\/2024\/07\/nexoi-trasparente-2.png","width":816,"height":339,"caption":"Nexo Informativo Santiago de Quer\u00e9taro"},"image":{"@id":"https:\/\/www.nexoinformativo.mx\/#\/schema\/logo\/image\/"},"sameAs":["https:\/\/www.facebook.com\/people\/Nexo-Informativo\/61564066885511\/"]},{"@type":"Person","@id":"https:\/\/www.nexoinformativo.mx\/#\/schema\/person\/7749d380ba08c8ca00d7bc76fd907b7d","name":"Nexo Informativo","image":{"@type":"ImageObject","inLanguage":"es","@id":"https:\/\/www.nexoinformativo.mx\/#\/schema\/person\/image\/","url":"https:\/\/secure.gravatar.com\/avatar\/dde2928154642a13d95f87ddf1ea9718fe2b46760a005c53e41ff5ad610704e6?s=96&d=mm&r=g","contentUrl":"https:\/\/secure.gravatar.com\/avatar\/dde2928154642a13d95f87ddf1ea9718fe2b46760a005c53e41ff5ad610704e6?s=96&d=mm&r=g","caption":"Nexo Informativo"},"url":"https:\/\/www.nexoinformativo.mx\/index.php\/author\/edicion\/"}]}},"_links":{"self":[{"href":"https:\/\/www.nexoinformativo.mx\/index.php\/wp-json\/wp\/v2\/posts\/3339","targetHints":{"allow":["GET"]}}],"collection":[{"href":"https:\/\/www.nexoinformativo.mx\/index.php\/wp-json\/wp\/v2\/posts"}],"about":[{"href":"https:\/\/www.nexoinformativo.mx\/index.php\/wp-json\/wp\/v2\/types\/post"}],"author":[{"embeddable":true,"href":"https:\/\/www.nexoinformativo.mx\/index.php\/wp-json\/wp\/v2\/users\/3"}],"replies":[{"embeddable":true,"href":"https:\/\/www.nexoinformativo.mx\/index.php\/wp-json\/wp\/v2\/comments?post=3339"}],"version-history":[{"count":4,"href":"https:\/\/www.nexoinformativo.mx\/index.php\/wp-json\/wp\/v2\/posts\/3339\/revisions"}],"predecessor-version":[{"id":3360,"href":"https:\/\/www.nexoinformativo.mx\/index.php\/wp-json\/wp\/v2\/posts\/3339\/revisions\/3360"}],"wp:featuredmedia":[{"embeddable":true,"href":"https:\/\/www.nexoinformativo.mx\/index.php\/wp-json\/wp\/v2\/media\/3340"}],"wp:attachment":[{"href":"https:\/\/www.nexoinformativo.mx\/index.php\/wp-json\/wp\/v2\/media?parent=3339"}],"wp:term":[{"taxonomy":"category","embeddable":true,"href":"https:\/\/www.nexoinformativo.mx\/index.php\/wp-json\/wp\/v2\/categories?post=3339"},{"taxonomy":"post_tag","embeddable":true,"href":"https:\/\/www.nexoinformativo.mx\/index.php\/wp-json\/wp\/v2\/tags?post=3339"}],"curies":[{"name":"wp","href":"https:\/\/api.w.org\/{rel}","templated":true}]}}