{"id":3354,"date":"2024-10-14T11:35:03","date_gmt":"2024-10-14T17:35:03","guid":{"rendered":"https:\/\/www.nexoinformativo.mx\/?p=3354"},"modified":"2024-10-14T13:25:44","modified_gmt":"2024-10-14T19:25:44","slug":"23-personas-remitidas-al-torito-y-la-vaquita-durante-el-fin-de-semana-en-queretaro","status":"publish","type":"post","link":"https:\/\/www.nexoinformativo.mx\/index.php\/2024\/10\/14\/23-personas-remitidas-al-torito-y-la-vaquita-durante-el-fin-de-semana-en-queretaro\/","title":{"rendered":"23 Personas Remitidas al Torito y la Vaquita durante el Fin de Semana en Quer\u00e9taro"},"content":{"rendered":"<p style=\"text-align: justify;\">Las autoridades municipales de Quer\u00e9taro llevaron a cabo un exitoso operativo alcohol\u00edmetro del 9 al 12 de octubre, en el que 23 personas fueron enviadas al Torito y la Vaquita por exceder los niveles de alcoholemia permitidos.<\/p>\n<\/p>\n<p>&nbsp;<\/p>\n<p style=\"text-align: justify;\">Este operativo se realiz\u00f3 en diversas calles de la capital queretana, con el objetivo de prevenir accidentes automovil\u00edsticos relacionados con el consumo de alcohol. Durante el operativo, se realizaron un total de 502 pruebas de alcoholemia, de las cuales 28 resultaron positivas. Como consecuencia, 23 veh\u00edculos fueron remitidos al corral\u00f3n.<\/p>\n<p>&nbsp;<\/p>\n<p style=\"text-align: justify;\">De las personas detenidas, 18 fueron hombres y 5 mujeres, quienes fueron enviadas al Centro de Infracciones Municipales por Alcoholimetr\u00eda (C.I.M.A.) para cumplir con las sanciones correspondientes. Las autoridades recalcaron que el operativo de alcoholimetr\u00eda es fundamental para proteger la vida e integridad de los ciudadanos.<\/p>\n<\/p>\n<p>&nbsp;<\/p>\n<p style=\"text-align: justify;\">La ingesta de alcohol puede tener consecuencias graves al volante, y con estas acciones se busca reducir el riesgo de accidentes en la demarcaci\u00f3n. La seguridad vial sigue siendo una prioridad para el municipio, y se continuar\u00e1n implementando estrategias que fomenten el respeto a las normas de tr\u00e1nsito y la responsabilidad al manejar.<\/p>\n","protected":false},"excerpt":{"rendered":"<p>Las autoridades municipales de Quer\u00e9taro llevaron a cabo un exitoso operativo alcohol\u00edmetro del 9 al 12 de octubre, en el que 23 personas fueron enviadas al Torito y la Vaquita por exceder los niveles de alcoholemia permitidos. &nbsp; Este operativo se realiz\u00f3 en diversas calles de la capital queretana, con el objetivo de prevenir accidentes [&hellip;]<\/p>\n","protected":false},"author":3,"featured_media":3355,"comment_status":"open","ping_status":"open","sticky":false,"template":"","format":"standard","meta":{"footnotes":""},"categories":[137,58],"tags":[1329,1330,133,151],"class_list":["post-3354","post","type-post","status-publish","format-standard","has-post-thumbnail","hentry","category-sucesos","category-ultima-hora","tag-operativoalcoholimetro","tag-prevenciondeaccidentes","tag-queretaro","tag-seguridadvial"],"yoast_head":"<!-- This site is optimized with the Yoast SEO plugin v25.0 - https:\/\/yoast.com\/wordpress\/plugins\/seo\/ -->\n<title>23 Personas Remitidas al Torito y la Vaquita durante el Fin de Semana en Quer\u00e9taro | Nexo Informativo Santiago de Quer\u00e9taro<\/title>\n<meta name=\"robots\" content=\"index, follow, max-snippet:-1, max-image-preview:large, max-video-preview:-1\" \/>\n<link rel=\"canonical\" href=\"https:\/\/www.nexoinformativo.mx\/index.php\/2024\/10\/14\/23-personas-remitidas-al-torito-y-la-vaquita-durante-el-fin-de-semana-en-queretaro\/\" \/>\n<meta property=\"og:locale\" content=\"es_MX\" \/>\n<meta property=\"og:type\" content=\"article\" \/>\n<meta property=\"og:title\" content=\"23 Personas Remitidas al Torito y la Vaquita durante el Fin de Semana en Quer\u00e9taro | Nexo Informativo Santiago de Quer\u00e9taro\" \/>\n<meta property=\"og:description\" content=\"Las autoridades municipales de Quer\u00e9taro llevaron a cabo un exitoso operativo alcohol\u00edmetro del 9 al 12 de octubre, en el que 23 personas fueron enviadas al Torito y la Vaquita por exceder los niveles de alcoholemia permitidos. &nbsp; Este operativo se realiz\u00f3 en diversas calles de la capital queretana, con el objetivo de prevenir accidentes [&hellip;]\" \/>\n<meta property=\"og:url\" content=\"https:\/\/www.nexoinformativo.mx\/index.php\/2024\/10\/14\/23-personas-remitidas-al-torito-y-la-vaquita-durante-el-fin-de-semana-en-queretaro\/\" \/>\n<meta property=\"og:site_name\" content=\"Nexo Informativo Santiago de Quer\u00e9taro\" \/>\n<meta property=\"article:publisher\" content=\"https:\/\/www.facebook.com\/people\/Nexo-Informativo\/61564066885511\/\" \/>\n<meta property=\"article:published_time\" content=\"2024-10-14T17:35:03+00:00\" \/>\n<meta property=\"article:modified_time\" content=\"2024-10-14T19:25:44+00:00\" \/>\n<meta property=\"og:image\" content=\"https:\/\/www.nexoinformativo.mx\/wp-content\/uploads\/2024\/10\/PHOTO-2024-10-14-11-53-27-e1728930895648.jpg\" \/>\n\t<meta property=\"og:image:width\" content=\"800\" \/>\n\t<meta property=\"og:image:height\" content=\"533\" \/>\n\t<meta property=\"og:image:type\" content=\"image\/jpeg\" \/>\n<meta name=\"author\" content=\"Nexo Informativo\" \/>\n<meta name=\"twitter:card\" content=\"summary_large_image\" \/>\n<meta name=\"twitter:label1\" content=\"Escrito por\" \/>\n\t<meta name=\"twitter:data1\" content=\"Nexo Informativo\" \/>\n\t<meta name=\"twitter:label2\" content=\"Tiempo de lectura\" \/>\n\t<meta name=\"twitter:data2\" content=\"2 minutos\" \/>\n<script type=\"application\/ld+json\" class=\"yoast-schema-graph\">{\"@context\":\"https:\/\/schema.org\",\"@graph\":[{\"@type\":\"Article\",\"@id\":\"https:\/\/www.nexoinformativo.mx\/index.php\/2024\/10\/14\/23-personas-remitidas-al-torito-y-la-vaquita-durante-el-fin-de-semana-en-queretaro\/#article\",\"isPartOf\":{\"@id\":\"https:\/\/www.nexoinformativo.mx\/index.php\/2024\/10\/14\/23-personas-remitidas-al-torito-y-la-vaquita-durante-el-fin-de-semana-en-queretaro\/\"},\"author\":{\"name\":\"Nexo Informativo\",\"@id\":\"https:\/\/www.nexoinformativo.mx\/#\/schema\/person\/7749d380ba08c8ca00d7bc76fd907b7d\"},\"headline\":\"23 Personas Remitidas al Torito y la Vaquita durante el Fin de Semana en Quer\u00e9taro\",\"datePublished\":\"2024-10-14T17:35:03+00:00\",\"dateModified\":\"2024-10-14T19:25:44+00:00\",\"mainEntityOfPage\":{\"@id\":\"https:\/\/www.nexoinformativo.mx\/index.php\/2024\/10\/14\/23-personas-remitidas-al-torito-y-la-vaquita-durante-el-fin-de-semana-en-queretaro\/\"},\"wordCount\":209,\"commentCount\":0,\"publisher\":{\"@id\":\"https:\/\/www.nexoinformativo.mx\/#organization\"},\"image\":{\"@id\":\"https:\/\/www.nexoinformativo.mx\/index.php\/2024\/10\/14\/23-personas-remitidas-al-torito-y-la-vaquita-durante-el-fin-de-semana-en-queretaro\/#primaryimage\"},\"thumbnailUrl\":\"https:\/\/www.nexoinformativo.mx\/wp-content\/uploads\/2024\/10\/PHOTO-2024-10-14-11-53-27-e1728930895648.jpg\",\"keywords\":[\"OperativoAlcohol\u00edmetro\",\"Prevenci\u00f3nDeAccidentes\",\"Quer\u00e9taro\",\"seguridadvial\"],\"articleSection\":[\"Sucesos\",\"\u00daltima Hora\"],\"inLanguage\":\"es\",\"potentialAction\":[{\"@type\":\"CommentAction\",\"name\":\"Comment\",\"target\":[\"https:\/\/www.nexoinformativo.mx\/index.php\/2024\/10\/14\/23-personas-remitidas-al-torito-y-la-vaquita-durante-el-fin-de-semana-en-queretaro\/#respond\"]}]},{\"@type\":\"WebPage\",\"@id\":\"https:\/\/www.nexoinformativo.mx\/index.php\/2024\/10\/14\/23-personas-remitidas-al-torito-y-la-vaquita-durante-el-fin-de-semana-en-queretaro\/\",\"url\":\"https:\/\/www.nexoinformativo.mx\/index.php\/2024\/10\/14\/23-personas-remitidas-al-torito-y-la-vaquita-durante-el-fin-de-semana-en-queretaro\/\",\"name\":\"23 Personas Remitidas al Torito y la Vaquita durante el Fin de Semana en Quer\u00e9taro | Nexo Informativo Santiago de Quer\u00e9taro\",\"isPartOf\":{\"@id\":\"https:\/\/www.nexoinformativo.mx\/#website\"},\"primaryImageOfPage\":{\"@id\":\"https:\/\/www.nexoinformativo.mx\/index.php\/2024\/10\/14\/23-personas-remitidas-al-torito-y-la-vaquita-durante-el-fin-de-semana-en-queretaro\/#primaryimage\"},\"image\":{\"@id\":\"https:\/\/www.nexoinformativo.mx\/index.php\/2024\/10\/14\/23-personas-remitidas-al-torito-y-la-vaquita-durante-el-fin-de-semana-en-queretaro\/#primaryimage\"},\"thumbnailUrl\":\"https:\/\/www.nexoinformativo.mx\/wp-content\/uploads\/2024\/10\/PHOTO-2024-10-14-11-53-27-e1728930895648.jpg\",\"datePublished\":\"2024-10-14T17:35:03+00:00\",\"dateModified\":\"2024-10-14T19:25:44+00:00\",\"breadcrumb\":{\"@id\":\"https:\/\/www.nexoinformativo.mx\/index.php\/2024\/10\/14\/23-personas-remitidas-al-torito-y-la-vaquita-durante-el-fin-de-semana-en-queretaro\/#breadcrumb\"},\"inLanguage\":\"es\",\"potentialAction\":[{\"@type\":\"ReadAction\",\"target\":[\"https:\/\/www.nexoinformativo.mx\/index.php\/2024\/10\/14\/23-personas-remitidas-al-torito-y-la-vaquita-durante-el-fin-de-semana-en-queretaro\/\"]}]},{\"@type\":\"ImageObject\",\"inLanguage\":\"es\",\"@id\":\"https:\/\/www.nexoinformativo.mx\/index.php\/2024\/10\/14\/23-personas-remitidas-al-torito-y-la-vaquita-durante-el-fin-de-semana-en-queretaro\/#primaryimage\",\"url\":\"https:\/\/www.nexoinformativo.mx\/wp-content\/uploads\/2024\/10\/PHOTO-2024-10-14-11-53-27-e1728930895648.jpg\",\"contentUrl\":\"https:\/\/www.nexoinformativo.mx\/wp-content\/uploads\/2024\/10\/PHOTO-2024-10-14-11-53-27-e1728930895648.jpg\",\"width\":800,\"height\":533},{\"@type\":\"BreadcrumbList\",\"@id\":\"https:\/\/www.nexoinformativo.mx\/index.php\/2024\/10\/14\/23-personas-remitidas-al-torito-y-la-vaquita-durante-el-fin-de-semana-en-queretaro\/#breadcrumb\",\"itemListElement\":[{\"@type\":\"ListItem\",\"position\":1,\"name\":\"Inicio\",\"item\":\"https:\/\/www.nexoinformativo.mx\/\"},{\"@type\":\"ListItem\",\"position\":2,\"name\":\"23 Personas Remitidas al Torito y la Vaquita durante el Fin de Semana en Quer\u00e9taro\"}]},{\"@type\":\"WebSite\",\"@id\":\"https:\/\/www.nexoinformativo.mx\/#website\",\"url\":\"https:\/\/www.nexoinformativo.mx\/\",\"name\":\"Nexo Informativo Santiago de Quer\u00e9taro\",\"description\":\"Explora NexoInformativo y convi\u00e9rtete en parte de una comunidad que valora el conocimiento y la verdad. Tu nexoinformativo es tu puente hacia una comprensi\u00f3n m\u00e1s profunda del mundo que te rodea.\",\"publisher\":{\"@id\":\"https:\/\/www.nexoinformativo.mx\/#organization\"},\"potentialAction\":[{\"@type\":\"SearchAction\",\"target\":{\"@type\":\"EntryPoint\",\"urlTemplate\":\"https:\/\/www.nexoinformativo.mx\/?s={search_term_string}\"},\"query-input\":{\"@type\":\"PropertyValueSpecification\",\"valueRequired\":true,\"valueName\":\"search_term_string\"}}],\"inLanguage\":\"es\"},{\"@type\":\"Organization\",\"@id\":\"https:\/\/www.nexoinformativo.mx\/#organization\",\"name\":\"Nexo Informativo Santiago de Quer\u00e9taro\",\"url\":\"https:\/\/www.nexoinformativo.mx\/\",\"logo\":{\"@type\":\"ImageObject\",\"inLanguage\":\"es\",\"@id\":\"https:\/\/www.nexoinformativo.mx\/#\/schema\/logo\/image\/\",\"url\":\"https:\/\/www.nexoinformativo.mx\/wp-content\/uploads\/2024\/07\/nexoi-trasparente-2.png\",\"contentUrl\":\"https:\/\/www.nexoinformativo.mx\/wp-content\/uploads\/2024\/07\/nexoi-trasparente-2.png\",\"width\":816,\"height\":339,\"caption\":\"Nexo Informativo Santiago de Quer\u00e9taro\"},\"image\":{\"@id\":\"https:\/\/www.nexoinformativo.mx\/#\/schema\/logo\/image\/\"},\"sameAs\":[\"https:\/\/www.facebook.com\/people\/Nexo-Informativo\/61564066885511\/\"]},{\"@type\":\"Person\",\"@id\":\"https:\/\/www.nexoinformativo.mx\/#\/schema\/person\/7749d380ba08c8ca00d7bc76fd907b7d\",\"name\":\"Nexo Informativo\",\"image\":{\"@type\":\"ImageObject\",\"inLanguage\":\"es\",\"@id\":\"https:\/\/www.nexoinformativo.mx\/#\/schema\/person\/image\/\",\"url\":\"https:\/\/secure.gravatar.com\/avatar\/dde2928154642a13d95f87ddf1ea9718fe2b46760a005c53e41ff5ad610704e6?s=96&d=mm&r=g\",\"contentUrl\":\"https:\/\/secure.gravatar.com\/avatar\/dde2928154642a13d95f87ddf1ea9718fe2b46760a005c53e41ff5ad610704e6?s=96&d=mm&r=g\",\"caption\":\"Nexo Informativo\"},\"url\":\"https:\/\/www.nexoinformativo.mx\/index.php\/author\/edicion\/\"}]}<\/script>\n<!-- \/ Yoast SEO plugin. -->","yoast_head_json":{"title":"23 Personas Remitidas al Torito y la Vaquita durante el Fin de Semana en Quer\u00e9taro | Nexo Informativo Santiago de Quer\u00e9taro","robots":{"index":"index","follow":"follow","max-snippet":"max-snippet:-1","max-image-preview":"max-image-preview:large","max-video-preview":"max-video-preview:-1"},"canonical":"https:\/\/www.nexoinformativo.mx\/index.php\/2024\/10\/14\/23-personas-remitidas-al-torito-y-la-vaquita-durante-el-fin-de-semana-en-queretaro\/","og_locale":"es_MX","og_type":"article","og_title":"23 Personas Remitidas al Torito y la Vaquita durante el Fin de Semana en Quer\u00e9taro | Nexo Informativo Santiago de Quer\u00e9taro","og_description":"Las autoridades municipales de Quer\u00e9taro llevaron a cabo un exitoso operativo alcohol\u00edmetro del 9 al 12 de octubre, en el que 23 personas fueron enviadas al Torito y la Vaquita por exceder los niveles de alcoholemia permitidos. &nbsp; Este operativo se realiz\u00f3 en diversas calles de la capital queretana, con el objetivo de prevenir accidentes [&hellip;]","og_url":"https:\/\/www.nexoinformativo.mx\/index.php\/2024\/10\/14\/23-personas-remitidas-al-torito-y-la-vaquita-durante-el-fin-de-semana-en-queretaro\/","og_site_name":"Nexo Informativo Santiago de Quer\u00e9taro","article_publisher":"https:\/\/www.facebook.com\/people\/Nexo-Informativo\/61564066885511\/","article_published_time":"2024-10-14T17:35:03+00:00","article_modified_time":"2024-10-14T19:25:44+00:00","og_image":[{"width":800,"height":533,"url":"https:\/\/www.nexoinformativo.mx\/wp-content\/uploads\/2024\/10\/PHOTO-2024-10-14-11-53-27-e1728930895648.jpg","type":"image\/jpeg"}],"author":"Nexo Informativo","twitter_card":"summary_large_image","twitter_misc":{"Escrito por":"Nexo Informativo","Tiempo de lectura":"2 minutos"},"schema":{"@context":"https:\/\/schema.org","@graph":[{"@type":"Article","@id":"https:\/\/www.nexoinformativo.mx\/index.php\/2024\/10\/14\/23-personas-remitidas-al-torito-y-la-vaquita-durante-el-fin-de-semana-en-queretaro\/#article","isPartOf":{"@id":"https:\/\/www.nexoinformativo.mx\/index.php\/2024\/10\/14\/23-personas-remitidas-al-torito-y-la-vaquita-durante-el-fin-de-semana-en-queretaro\/"},"author":{"name":"Nexo Informativo","@id":"https:\/\/www.nexoinformativo.mx\/#\/schema\/person\/7749d380ba08c8ca00d7bc76fd907b7d"},"headline":"23 Personas Remitidas al Torito y la Vaquita durante el Fin de Semana en Quer\u00e9taro","datePublished":"2024-10-14T17:35:03+00:00","dateModified":"2024-10-14T19:25:44+00:00","mainEntityOfPage":{"@id":"https:\/\/www.nexoinformativo.mx\/index.php\/2024\/10\/14\/23-personas-remitidas-al-torito-y-la-vaquita-durante-el-fin-de-semana-en-queretaro\/"},"wordCount":209,"commentCount":0,"publisher":{"@id":"https:\/\/www.nexoinformativo.mx\/#organization"},"image":{"@id":"https:\/\/www.nexoinformativo.mx\/index.php\/2024\/10\/14\/23-personas-remitidas-al-torito-y-la-vaquita-durante-el-fin-de-semana-en-queretaro\/#primaryimage"},"thumbnailUrl":"https:\/\/www.nexoinformativo.mx\/wp-content\/uploads\/2024\/10\/PHOTO-2024-10-14-11-53-27-e1728930895648.jpg","keywords":["OperativoAlcohol\u00edmetro","Prevenci\u00f3nDeAccidentes","Quer\u00e9taro","seguridadvial"],"articleSection":["Sucesos","\u00daltima Hora"],"inLanguage":"es","potentialAction":[{"@type":"CommentAction","name":"Comment","target":["https:\/\/www.nexoinformativo.mx\/index.php\/2024\/10\/14\/23-personas-remitidas-al-torito-y-la-vaquita-durante-el-fin-de-semana-en-queretaro\/#respond"]}]},{"@type":"WebPage","@id":"https:\/\/www.nexoinformativo.mx\/index.php\/2024\/10\/14\/23-personas-remitidas-al-torito-y-la-vaquita-durante-el-fin-de-semana-en-queretaro\/","url":"https:\/\/www.nexoinformativo.mx\/index.php\/2024\/10\/14\/23-personas-remitidas-al-torito-y-la-vaquita-durante-el-fin-de-semana-en-queretaro\/","name":"23 Personas Remitidas al Torito y la Vaquita durante el Fin de Semana en Quer\u00e9taro | Nexo Informativo Santiago de Quer\u00e9taro","isPartOf":{"@id":"https:\/\/www.nexoinformativo.mx\/#website"},"primaryImageOfPage":{"@id":"https:\/\/www.nexoinformativo.mx\/index.php\/2024\/10\/14\/23-personas-remitidas-al-torito-y-la-vaquita-durante-el-fin-de-semana-en-queretaro\/#primaryimage"},"image":{"@id":"https:\/\/www.nexoinformativo.mx\/index.php\/2024\/10\/14\/23-personas-remitidas-al-torito-y-la-vaquita-durante-el-fin-de-semana-en-queretaro\/#primaryimage"},"thumbnailUrl":"https:\/\/www.nexoinformativo.mx\/wp-content\/uploads\/2024\/10\/PHOTO-2024-10-14-11-53-27-e1728930895648.jpg","datePublished":"2024-10-14T17:35:03+00:00","dateModified":"2024-10-14T19:25:44+00:00","breadcrumb":{"@id":"https:\/\/www.nexoinformativo.mx\/index.php\/2024\/10\/14\/23-personas-remitidas-al-torito-y-la-vaquita-durante-el-fin-de-semana-en-queretaro\/#breadcrumb"},"inLanguage":"es","potentialAction":[{"@type":"ReadAction","target":["https:\/\/www.nexoinformativo.mx\/index.php\/2024\/10\/14\/23-personas-remitidas-al-torito-y-la-vaquita-durante-el-fin-de-semana-en-queretaro\/"]}]},{"@type":"ImageObject","inLanguage":"es","@id":"https:\/\/www.nexoinformativo.mx\/index.php\/2024\/10\/14\/23-personas-remitidas-al-torito-y-la-vaquita-durante-el-fin-de-semana-en-queretaro\/#primaryimage","url":"https:\/\/www.nexoinformativo.mx\/wp-content\/uploads\/2024\/10\/PHOTO-2024-10-14-11-53-27-e1728930895648.jpg","contentUrl":"https:\/\/www.nexoinformativo.mx\/wp-content\/uploads\/2024\/10\/PHOTO-2024-10-14-11-53-27-e1728930895648.jpg","width":800,"height":533},{"@type":"BreadcrumbList","@id":"https:\/\/www.nexoinformativo.mx\/index.php\/2024\/10\/14\/23-personas-remitidas-al-torito-y-la-vaquita-durante-el-fin-de-semana-en-queretaro\/#breadcrumb","itemListElement":[{"@type":"ListItem","position":1,"name":"Inicio","item":"https:\/\/www.nexoinformativo.mx\/"},{"@type":"ListItem","position":2,"name":"23 Personas Remitidas al Torito y la Vaquita durante el Fin de Semana en Quer\u00e9taro"}]},{"@type":"WebSite","@id":"https:\/\/www.nexoinformativo.mx\/#website","url":"https:\/\/www.nexoinformativo.mx\/","name":"Nexo Informativo Santiago de Quer\u00e9taro","description":"Explora NexoInformativo y convi\u00e9rtete en parte de una comunidad que valora el conocimiento y la verdad. Tu nexoinformativo es tu puente hacia una comprensi\u00f3n m\u00e1s profunda del mundo que te rodea.","publisher":{"@id":"https:\/\/www.nexoinformativo.mx\/#organization"},"potentialAction":[{"@type":"SearchAction","target":{"@type":"EntryPoint","urlTemplate":"https:\/\/www.nexoinformativo.mx\/?s={search_term_string}"},"query-input":{"@type":"PropertyValueSpecification","valueRequired":true,"valueName":"search_term_string"}}],"inLanguage":"es"},{"@type":"Organization","@id":"https:\/\/www.nexoinformativo.mx\/#organization","name":"Nexo Informativo Santiago de Quer\u00e9taro","url":"https:\/\/www.nexoinformativo.mx\/","logo":{"@type":"ImageObject","inLanguage":"es","@id":"https:\/\/www.nexoinformativo.mx\/#\/schema\/logo\/image\/","url":"https:\/\/www.nexoinformativo.mx\/wp-content\/uploads\/2024\/07\/nexoi-trasparente-2.png","contentUrl":"https:\/\/www.nexoinformativo.mx\/wp-content\/uploads\/2024\/07\/nexoi-trasparente-2.png","width":816,"height":339,"caption":"Nexo Informativo Santiago de Quer\u00e9taro"},"image":{"@id":"https:\/\/www.nexoinformativo.mx\/#\/schema\/logo\/image\/"},"sameAs":["https:\/\/www.facebook.com\/people\/Nexo-Informativo\/61564066885511\/"]},{"@type":"Person","@id":"https:\/\/www.nexoinformativo.mx\/#\/schema\/person\/7749d380ba08c8ca00d7bc76fd907b7d","name":"Nexo Informativo","image":{"@type":"ImageObject","inLanguage":"es","@id":"https:\/\/www.nexoinformativo.mx\/#\/schema\/person\/image\/","url":"https:\/\/secure.gravatar.com\/avatar\/dde2928154642a13d95f87ddf1ea9718fe2b46760a005c53e41ff5ad610704e6?s=96&d=mm&r=g","contentUrl":"https:\/\/secure.gravatar.com\/avatar\/dde2928154642a13d95f87ddf1ea9718fe2b46760a005c53e41ff5ad610704e6?s=96&d=mm&r=g","caption":"Nexo Informativo"},"url":"https:\/\/www.nexoinformativo.mx\/index.php\/author\/edicion\/"}]}},"_links":{"self":[{"href":"https:\/\/www.nexoinformativo.mx\/index.php\/wp-json\/wp\/v2\/posts\/3354","targetHints":{"allow":["GET"]}}],"collection":[{"href":"https:\/\/www.nexoinformativo.mx\/index.php\/wp-json\/wp\/v2\/posts"}],"about":[{"href":"https:\/\/www.nexoinformativo.mx\/index.php\/wp-json\/wp\/v2\/types\/post"}],"author":[{"embeddable":true,"href":"https:\/\/www.nexoinformativo.mx\/index.php\/wp-json\/wp\/v2\/users\/3"}],"replies":[{"embeddable":true,"href":"https:\/\/www.nexoinformativo.mx\/index.php\/wp-json\/wp\/v2\/comments?post=3354"}],"version-history":[{"count":2,"href":"https:\/\/www.nexoinformativo.mx\/index.php\/wp-json\/wp\/v2\/posts\/3354\/revisions"}],"predecessor-version":[{"id":3358,"href":"https:\/\/www.nexoinformativo.mx\/index.php\/wp-json\/wp\/v2\/posts\/3354\/revisions\/3358"}],"wp:featuredmedia":[{"embeddable":true,"href":"https:\/\/www.nexoinformativo.mx\/index.php\/wp-json\/wp\/v2\/media\/3355"}],"wp:attachment":[{"href":"https:\/\/www.nexoinformativo.mx\/index.php\/wp-json\/wp\/v2\/media?parent=3354"}],"wp:term":[{"taxonomy":"category","embeddable":true,"href":"https:\/\/www.nexoinformativo.mx\/index.php\/wp-json\/wp\/v2\/categories?post=3354"},{"taxonomy":"post_tag","embeddable":true,"href":"https:\/\/www.nexoinformativo.mx\/index.php\/wp-json\/wp\/v2\/tags?post=3354"}],"curies":[{"name":"wp","href":"https:\/\/api.w.org\/{rel}","templated":true}]}}