{"id":3361,"date":"2024-10-14T12:00:15","date_gmt":"2024-10-14T18:00:15","guid":{"rendered":"https:\/\/www.nexoinformativo.mx\/?p=3361"},"modified":"2024-10-14T13:26:16","modified_gmt":"2024-10-14T19:26:16","slug":"detienen-a-hombre-en-queretaro-con-arma-de-fuego-y-cartuchos-policias-de-la-secretaria-de-seguridad-publica-municipal-de-queretaro-sspmq","status":"publish","type":"post","link":"https:\/\/www.nexoinformativo.mx\/index.php\/2024\/10\/14\/detienen-a-hombre-en-queretaro-con-arma-de-fuego-y-cartuchos-policias-de-la-secretaria-de-seguridad-publica-municipal-de-queretaro-sspmq\/","title":{"rendered":"Detienen a Hombre en Quer\u00e9taro con Arma de Fuego y Cartuchos Polic\u00edas de la Secretar\u00eda de Seguridad P\u00fablica Municipal de Quer\u00e9taro (SSPMQ)"},"content":{"rendered":"<div dir=\"auto\" style=\"text-align: justify;\">Los polic\u00edas lograron inhibir una situaci\u00f3n de riesgo al detener a un hombre en posesi\u00f3n de un arma de fuego y cartuchos. La intervenci\u00f3n se llev\u00f3 a cabo tras un operativo de b\u00fasqueda de una camioneta Chevrolet, que hab\u00eda sido reportada como presuntamente involucrada en un robo.<\/div>\n<p>&nbsp;<\/p>\n<div dir=\"auto\"><\/div>\n<div dir=\"auto\" style=\"text-align: justify;\">Gracias a los lectores de placas conectados al Centro de Comando de Quer\u00e9taro, las autoridades detectaron la camioneta en circulaci\u00f3n. Tras varios recorridos, los oficiales la localizaron sobre la avenida Plan de San Luis, en las inmediaciones de Eduardo Loarca Castillo.<\/div>\n<p>&nbsp;<\/p>\n<div dir=\"auto\"><\/div>\n<div dir=\"auto\" style=\"text-align: justify;\">Al darle alcance al conductor y explicarle el motivo de la intervenci\u00f3n, se procedi\u00f3 a realizar una revisi\u00f3n preventiva. Durante la inspecci\u00f3n, los polic\u00edas encontraron un arma de fuego entre la ropa del detenido, la cual no contaba con el permiso correspondiente para su portaci\u00f3n, as\u00ed como varios cartuchos.<\/div>\n<p>&nbsp;<\/p>\n<div dir=\"auto\"><\/div>\n<div dir=\"auto\" style=\"text-align: justify;\">Debido a esto, el hombre fue informado sobre sus derechos y posteriormente puesto a disposici\u00f3n de las autoridades competentes por el delito de violaci\u00f3n a la Ley Federal de Armas de Fuego y Explosivos. La r\u00e1pida actuaci\u00f3n de la SSPMQ destaca su compromiso con la seguridad de los ciudadanos y la prevenci\u00f3n de delitos en la capital queretana.<\/div>\n<p>&nbsp;<\/p>\n<div dir=\"auto\"><\/div>\n<div dir=\"auto\" style=\"text-align: center;\"><em><strong>\u00a1Informaci\u00f3n que transforma!<\/strong><\/em><\/div>\n","protected":false},"excerpt":{"rendered":"<p>Los polic\u00edas lograron inhibir una situaci\u00f3n de riesgo al detener a un hombre en posesi\u00f3n de un arma de fuego y cartuchos. La intervenci\u00f3n se llev\u00f3 a cabo tras un operativo de b\u00fasqueda de una camioneta Chevrolet, que hab\u00eda sido reportada como presuntamente involucrada en un robo. &nbsp; Gracias a los lectores de placas conectados [&hellip;]<\/p>\n","protected":false},"author":3,"featured_media":3362,"comment_status":"open","ping_status":"open","sticky":false,"template":"","format":"standard","meta":{"footnotes":""},"categories":[137,58],"tags":[1331,155,266,722],"class_list":["post-3361","post","type-post","status-publish","format-standard","has-post-thumbnail","hentry","category-sucesos","category-ultima-hora","tag-armasdefuego","tag-detencion","tag-seguridadqueretaro","tag-sspmq"],"yoast_head":"<!-- This site is optimized with the Yoast SEO plugin v25.0 - https:\/\/yoast.com\/wordpress\/plugins\/seo\/ -->\n<title>Detienen a Hombre en Quer\u00e9taro con Arma de Fuego y Cartuchos Polic\u00edas de la Secretar\u00eda de Seguridad P\u00fablica Municipal de Quer\u00e9taro (SSPMQ) | Nexo Informativo Santiago de Quer\u00e9taro<\/title>\n<meta name=\"robots\" content=\"index, follow, max-snippet:-1, max-image-preview:large, max-video-preview:-1\" \/>\n<link rel=\"canonical\" href=\"https:\/\/www.nexoinformativo.mx\/index.php\/2024\/10\/14\/detienen-a-hombre-en-queretaro-con-arma-de-fuego-y-cartuchos-policias-de-la-secretaria-de-seguridad-publica-municipal-de-queretaro-sspmq\/\" \/>\n<meta property=\"og:locale\" content=\"es_MX\" \/>\n<meta property=\"og:type\" content=\"article\" \/>\n<meta property=\"og:title\" content=\"Detienen a Hombre en Quer\u00e9taro con Arma de Fuego y Cartuchos Polic\u00edas de la Secretar\u00eda de Seguridad P\u00fablica Municipal de Quer\u00e9taro (SSPMQ) | Nexo Informativo Santiago de Quer\u00e9taro\" \/>\n<meta property=\"og:description\" content=\"Los polic\u00edas lograron inhibir una situaci\u00f3n de riesgo al detener a un hombre en posesi\u00f3n de un arma de fuego y cartuchos. La intervenci\u00f3n se llev\u00f3 a cabo tras un operativo de b\u00fasqueda de una camioneta Chevrolet, que hab\u00eda sido reportada como presuntamente involucrada en un robo. &nbsp; Gracias a los lectores de placas conectados [&hellip;]\" \/>\n<meta property=\"og:url\" content=\"https:\/\/www.nexoinformativo.mx\/index.php\/2024\/10\/14\/detienen-a-hombre-en-queretaro-con-arma-de-fuego-y-cartuchos-policias-de-la-secretaria-de-seguridad-publica-municipal-de-queretaro-sspmq\/\" \/>\n<meta property=\"og:site_name\" content=\"Nexo Informativo Santiago de Quer\u00e9taro\" \/>\n<meta property=\"article:publisher\" content=\"https:\/\/www.facebook.com\/people\/Nexo-Informativo\/61564066885511\/\" \/>\n<meta property=\"article:published_time\" content=\"2024-10-14T18:00:15+00:00\" \/>\n<meta property=\"article:modified_time\" content=\"2024-10-14T19:26:16+00:00\" \/>\n<meta property=\"og:image\" content=\"https:\/\/www.nexoinformativo.mx\/wp-content\/uploads\/2024\/10\/PHOTO-2024-10-14-12-15-36-e1728933603636.jpg\" \/>\n\t<meta property=\"og:image:width\" content=\"800\" \/>\n\t<meta property=\"og:image:height\" content=\"1029\" \/>\n\t<meta property=\"og:image:type\" content=\"image\/jpeg\" \/>\n<meta name=\"author\" content=\"Nexo Informativo\" \/>\n<meta name=\"twitter:card\" content=\"summary_large_image\" \/>\n<meta name=\"twitter:label1\" content=\"Escrito por\" \/>\n\t<meta name=\"twitter:data1\" content=\"Nexo Informativo\" \/>\n\t<meta name=\"twitter:label2\" content=\"Tiempo de lectura\" \/>\n\t<meta name=\"twitter:data2\" content=\"2 minutos\" \/>\n<script type=\"application\/ld+json\" class=\"yoast-schema-graph\">{\"@context\":\"https:\/\/schema.org\",\"@graph\":[{\"@type\":\"Article\",\"@id\":\"https:\/\/www.nexoinformativo.mx\/index.php\/2024\/10\/14\/detienen-a-hombre-en-queretaro-con-arma-de-fuego-y-cartuchos-policias-de-la-secretaria-de-seguridad-publica-municipal-de-queretaro-sspmq\/#article\",\"isPartOf\":{\"@id\":\"https:\/\/www.nexoinformativo.mx\/index.php\/2024\/10\/14\/detienen-a-hombre-en-queretaro-con-arma-de-fuego-y-cartuchos-policias-de-la-secretaria-de-seguridad-publica-municipal-de-queretaro-sspmq\/\"},\"author\":{\"name\":\"Nexo Informativo\",\"@id\":\"https:\/\/www.nexoinformativo.mx\/#\/schema\/person\/7749d380ba08c8ca00d7bc76fd907b7d\"},\"headline\":\"Detienen a Hombre en Quer\u00e9taro con Arma de Fuego y Cartuchos Polic\u00edas de la Secretar\u00eda de Seguridad P\u00fablica Municipal de Quer\u00e9taro (SSPMQ)\",\"datePublished\":\"2024-10-14T18:00:15+00:00\",\"dateModified\":\"2024-10-14T19:26:16+00:00\",\"mainEntityOfPage\":{\"@id\":\"https:\/\/www.nexoinformativo.mx\/index.php\/2024\/10\/14\/detienen-a-hombre-en-queretaro-con-arma-de-fuego-y-cartuchos-policias-de-la-secretaria-de-seguridad-publica-municipal-de-queretaro-sspmq\/\"},\"wordCount\":248,\"commentCount\":0,\"publisher\":{\"@id\":\"https:\/\/www.nexoinformativo.mx\/#organization\"},\"image\":{\"@id\":\"https:\/\/www.nexoinformativo.mx\/index.php\/2024\/10\/14\/detienen-a-hombre-en-queretaro-con-arma-de-fuego-y-cartuchos-policias-de-la-secretaria-de-seguridad-publica-municipal-de-queretaro-sspmq\/#primaryimage\"},\"thumbnailUrl\":\"https:\/\/www.nexoinformativo.mx\/wp-content\/uploads\/2024\/10\/PHOTO-2024-10-14-12-15-36-e1728933603636.jpg\",\"keywords\":[\"ArmasDeFuego\",\"Detenci\u00f3n\",\"SeguridadQueretaro\",\"SSPMQ\"],\"articleSection\":[\"Sucesos\",\"\u00daltima Hora\"],\"inLanguage\":\"es\",\"potentialAction\":[{\"@type\":\"CommentAction\",\"name\":\"Comment\",\"target\":[\"https:\/\/www.nexoinformativo.mx\/index.php\/2024\/10\/14\/detienen-a-hombre-en-queretaro-con-arma-de-fuego-y-cartuchos-policias-de-la-secretaria-de-seguridad-publica-municipal-de-queretaro-sspmq\/#respond\"]}]},{\"@type\":\"WebPage\",\"@id\":\"https:\/\/www.nexoinformativo.mx\/index.php\/2024\/10\/14\/detienen-a-hombre-en-queretaro-con-arma-de-fuego-y-cartuchos-policias-de-la-secretaria-de-seguridad-publica-municipal-de-queretaro-sspmq\/\",\"url\":\"https:\/\/www.nexoinformativo.mx\/index.php\/2024\/10\/14\/detienen-a-hombre-en-queretaro-con-arma-de-fuego-y-cartuchos-policias-de-la-secretaria-de-seguridad-publica-municipal-de-queretaro-sspmq\/\",\"name\":\"Detienen a Hombre en Quer\u00e9taro con Arma de Fuego y Cartuchos Polic\u00edas de la Secretar\u00eda de Seguridad P\u00fablica Municipal de Quer\u00e9taro (SSPMQ) | Nexo Informativo Santiago de Quer\u00e9taro\",\"isPartOf\":{\"@id\":\"https:\/\/www.nexoinformativo.mx\/#website\"},\"primaryImageOfPage\":{\"@id\":\"https:\/\/www.nexoinformativo.mx\/index.php\/2024\/10\/14\/detienen-a-hombre-en-queretaro-con-arma-de-fuego-y-cartuchos-policias-de-la-secretaria-de-seguridad-publica-municipal-de-queretaro-sspmq\/#primaryimage\"},\"image\":{\"@id\":\"https:\/\/www.nexoinformativo.mx\/index.php\/2024\/10\/14\/detienen-a-hombre-en-queretaro-con-arma-de-fuego-y-cartuchos-policias-de-la-secretaria-de-seguridad-publica-municipal-de-queretaro-sspmq\/#primaryimage\"},\"thumbnailUrl\":\"https:\/\/www.nexoinformativo.mx\/wp-content\/uploads\/2024\/10\/PHOTO-2024-10-14-12-15-36-e1728933603636.jpg\",\"datePublished\":\"2024-10-14T18:00:15+00:00\",\"dateModified\":\"2024-10-14T19:26:16+00:00\",\"breadcrumb\":{\"@id\":\"https:\/\/www.nexoinformativo.mx\/index.php\/2024\/10\/14\/detienen-a-hombre-en-queretaro-con-arma-de-fuego-y-cartuchos-policias-de-la-secretaria-de-seguridad-publica-municipal-de-queretaro-sspmq\/#breadcrumb\"},\"inLanguage\":\"es\",\"potentialAction\":[{\"@type\":\"ReadAction\",\"target\":[\"https:\/\/www.nexoinformativo.mx\/index.php\/2024\/10\/14\/detienen-a-hombre-en-queretaro-con-arma-de-fuego-y-cartuchos-policias-de-la-secretaria-de-seguridad-publica-municipal-de-queretaro-sspmq\/\"]}]},{\"@type\":\"ImageObject\",\"inLanguage\":\"es\",\"@id\":\"https:\/\/www.nexoinformativo.mx\/index.php\/2024\/10\/14\/detienen-a-hombre-en-queretaro-con-arma-de-fuego-y-cartuchos-policias-de-la-secretaria-de-seguridad-publica-municipal-de-queretaro-sspmq\/#primaryimage\",\"url\":\"https:\/\/www.nexoinformativo.mx\/wp-content\/uploads\/2024\/10\/PHOTO-2024-10-14-12-15-36-e1728933603636.jpg\",\"contentUrl\":\"https:\/\/www.nexoinformativo.mx\/wp-content\/uploads\/2024\/10\/PHOTO-2024-10-14-12-15-36-e1728933603636.jpg\",\"width\":800,\"height\":1029},{\"@type\":\"BreadcrumbList\",\"@id\":\"https:\/\/www.nexoinformativo.mx\/index.php\/2024\/10\/14\/detienen-a-hombre-en-queretaro-con-arma-de-fuego-y-cartuchos-policias-de-la-secretaria-de-seguridad-publica-municipal-de-queretaro-sspmq\/#breadcrumb\",\"itemListElement\":[{\"@type\":\"ListItem\",\"position\":1,\"name\":\"Inicio\",\"item\":\"https:\/\/www.nexoinformativo.mx\/\"},{\"@type\":\"ListItem\",\"position\":2,\"name\":\"Detienen a Hombre en Quer\u00e9taro con Arma de Fuego y Cartuchos Polic\u00edas de la Secretar\u00eda de Seguridad P\u00fablica Municipal de Quer\u00e9taro (SSPMQ)\"}]},{\"@type\":\"WebSite\",\"@id\":\"https:\/\/www.nexoinformativo.mx\/#website\",\"url\":\"https:\/\/www.nexoinformativo.mx\/\",\"name\":\"Nexo Informativo Santiago de Quer\u00e9taro\",\"description\":\"Explora NexoInformativo y convi\u00e9rtete en parte de una comunidad que valora el conocimiento y la verdad. Tu nexoinformativo es tu puente hacia una comprensi\u00f3n m\u00e1s profunda del mundo que te rodea.\",\"publisher\":{\"@id\":\"https:\/\/www.nexoinformativo.mx\/#organization\"},\"potentialAction\":[{\"@type\":\"SearchAction\",\"target\":{\"@type\":\"EntryPoint\",\"urlTemplate\":\"https:\/\/www.nexoinformativo.mx\/?s={search_term_string}\"},\"query-input\":{\"@type\":\"PropertyValueSpecification\",\"valueRequired\":true,\"valueName\":\"search_term_string\"}}],\"inLanguage\":\"es\"},{\"@type\":\"Organization\",\"@id\":\"https:\/\/www.nexoinformativo.mx\/#organization\",\"name\":\"Nexo Informativo Santiago de Quer\u00e9taro\",\"url\":\"https:\/\/www.nexoinformativo.mx\/\",\"logo\":{\"@type\":\"ImageObject\",\"inLanguage\":\"es\",\"@id\":\"https:\/\/www.nexoinformativo.mx\/#\/schema\/logo\/image\/\",\"url\":\"https:\/\/www.nexoinformativo.mx\/wp-content\/uploads\/2024\/07\/nexoi-trasparente-2.png\",\"contentUrl\":\"https:\/\/www.nexoinformativo.mx\/wp-content\/uploads\/2024\/07\/nexoi-trasparente-2.png\",\"width\":816,\"height\":339,\"caption\":\"Nexo Informativo Santiago de Quer\u00e9taro\"},\"image\":{\"@id\":\"https:\/\/www.nexoinformativo.mx\/#\/schema\/logo\/image\/\"},\"sameAs\":[\"https:\/\/www.facebook.com\/people\/Nexo-Informativo\/61564066885511\/\"]},{\"@type\":\"Person\",\"@id\":\"https:\/\/www.nexoinformativo.mx\/#\/schema\/person\/7749d380ba08c8ca00d7bc76fd907b7d\",\"name\":\"Nexo Informativo\",\"image\":{\"@type\":\"ImageObject\",\"inLanguage\":\"es\",\"@id\":\"https:\/\/www.nexoinformativo.mx\/#\/schema\/person\/image\/\",\"url\":\"https:\/\/secure.gravatar.com\/avatar\/dde2928154642a13d95f87ddf1ea9718fe2b46760a005c53e41ff5ad610704e6?s=96&d=mm&r=g\",\"contentUrl\":\"https:\/\/secure.gravatar.com\/avatar\/dde2928154642a13d95f87ddf1ea9718fe2b46760a005c53e41ff5ad610704e6?s=96&d=mm&r=g\",\"caption\":\"Nexo Informativo\"},\"url\":\"https:\/\/www.nexoinformativo.mx\/index.php\/author\/edicion\/\"}]}<\/script>\n<!-- \/ Yoast SEO plugin. -->","yoast_head_json":{"title":"Detienen a Hombre en Quer\u00e9taro con Arma de Fuego y Cartuchos Polic\u00edas de la Secretar\u00eda de Seguridad P\u00fablica Municipal de Quer\u00e9taro (SSPMQ) | Nexo Informativo Santiago de Quer\u00e9taro","robots":{"index":"index","follow":"follow","max-snippet":"max-snippet:-1","max-image-preview":"max-image-preview:large","max-video-preview":"max-video-preview:-1"},"canonical":"https:\/\/www.nexoinformativo.mx\/index.php\/2024\/10\/14\/detienen-a-hombre-en-queretaro-con-arma-de-fuego-y-cartuchos-policias-de-la-secretaria-de-seguridad-publica-municipal-de-queretaro-sspmq\/","og_locale":"es_MX","og_type":"article","og_title":"Detienen a Hombre en Quer\u00e9taro con Arma de Fuego y Cartuchos Polic\u00edas de la Secretar\u00eda de Seguridad P\u00fablica Municipal de Quer\u00e9taro (SSPMQ) | Nexo Informativo Santiago de Quer\u00e9taro","og_description":"Los polic\u00edas lograron inhibir una situaci\u00f3n de riesgo al detener a un hombre en posesi\u00f3n de un arma de fuego y cartuchos. La intervenci\u00f3n se llev\u00f3 a cabo tras un operativo de b\u00fasqueda de una camioneta Chevrolet, que hab\u00eda sido reportada como presuntamente involucrada en un robo. &nbsp; Gracias a los lectores de placas conectados [&hellip;]","og_url":"https:\/\/www.nexoinformativo.mx\/index.php\/2024\/10\/14\/detienen-a-hombre-en-queretaro-con-arma-de-fuego-y-cartuchos-policias-de-la-secretaria-de-seguridad-publica-municipal-de-queretaro-sspmq\/","og_site_name":"Nexo Informativo Santiago de Quer\u00e9taro","article_publisher":"https:\/\/www.facebook.com\/people\/Nexo-Informativo\/61564066885511\/","article_published_time":"2024-10-14T18:00:15+00:00","article_modified_time":"2024-10-14T19:26:16+00:00","og_image":[{"width":800,"height":1029,"url":"https:\/\/www.nexoinformativo.mx\/wp-content\/uploads\/2024\/10\/PHOTO-2024-10-14-12-15-36-e1728933603636.jpg","type":"image\/jpeg"}],"author":"Nexo Informativo","twitter_card":"summary_large_image","twitter_misc":{"Escrito por":"Nexo Informativo","Tiempo de lectura":"2 minutos"},"schema":{"@context":"https:\/\/schema.org","@graph":[{"@type":"Article","@id":"https:\/\/www.nexoinformativo.mx\/index.php\/2024\/10\/14\/detienen-a-hombre-en-queretaro-con-arma-de-fuego-y-cartuchos-policias-de-la-secretaria-de-seguridad-publica-municipal-de-queretaro-sspmq\/#article","isPartOf":{"@id":"https:\/\/www.nexoinformativo.mx\/index.php\/2024\/10\/14\/detienen-a-hombre-en-queretaro-con-arma-de-fuego-y-cartuchos-policias-de-la-secretaria-de-seguridad-publica-municipal-de-queretaro-sspmq\/"},"author":{"name":"Nexo Informativo","@id":"https:\/\/www.nexoinformativo.mx\/#\/schema\/person\/7749d380ba08c8ca00d7bc76fd907b7d"},"headline":"Detienen a Hombre en Quer\u00e9taro con Arma de Fuego y Cartuchos Polic\u00edas de la Secretar\u00eda de Seguridad P\u00fablica Municipal de Quer\u00e9taro (SSPMQ)","datePublished":"2024-10-14T18:00:15+00:00","dateModified":"2024-10-14T19:26:16+00:00","mainEntityOfPage":{"@id":"https:\/\/www.nexoinformativo.mx\/index.php\/2024\/10\/14\/detienen-a-hombre-en-queretaro-con-arma-de-fuego-y-cartuchos-policias-de-la-secretaria-de-seguridad-publica-municipal-de-queretaro-sspmq\/"},"wordCount":248,"commentCount":0,"publisher":{"@id":"https:\/\/www.nexoinformativo.mx\/#organization"},"image":{"@id":"https:\/\/www.nexoinformativo.mx\/index.php\/2024\/10\/14\/detienen-a-hombre-en-queretaro-con-arma-de-fuego-y-cartuchos-policias-de-la-secretaria-de-seguridad-publica-municipal-de-queretaro-sspmq\/#primaryimage"},"thumbnailUrl":"https:\/\/www.nexoinformativo.mx\/wp-content\/uploads\/2024\/10\/PHOTO-2024-10-14-12-15-36-e1728933603636.jpg","keywords":["ArmasDeFuego","Detenci\u00f3n","SeguridadQueretaro","SSPMQ"],"articleSection":["Sucesos","\u00daltima Hora"],"inLanguage":"es","potentialAction":[{"@type":"CommentAction","name":"Comment","target":["https:\/\/www.nexoinformativo.mx\/index.php\/2024\/10\/14\/detienen-a-hombre-en-queretaro-con-arma-de-fuego-y-cartuchos-policias-de-la-secretaria-de-seguridad-publica-municipal-de-queretaro-sspmq\/#respond"]}]},{"@type":"WebPage","@id":"https:\/\/www.nexoinformativo.mx\/index.php\/2024\/10\/14\/detienen-a-hombre-en-queretaro-con-arma-de-fuego-y-cartuchos-policias-de-la-secretaria-de-seguridad-publica-municipal-de-queretaro-sspmq\/","url":"https:\/\/www.nexoinformativo.mx\/index.php\/2024\/10\/14\/detienen-a-hombre-en-queretaro-con-arma-de-fuego-y-cartuchos-policias-de-la-secretaria-de-seguridad-publica-municipal-de-queretaro-sspmq\/","name":"Detienen a Hombre en Quer\u00e9taro con Arma de Fuego y Cartuchos Polic\u00edas de la Secretar\u00eda de Seguridad P\u00fablica Municipal de Quer\u00e9taro (SSPMQ) | Nexo Informativo Santiago de Quer\u00e9taro","isPartOf":{"@id":"https:\/\/www.nexoinformativo.mx\/#website"},"primaryImageOfPage":{"@id":"https:\/\/www.nexoinformativo.mx\/index.php\/2024\/10\/14\/detienen-a-hombre-en-queretaro-con-arma-de-fuego-y-cartuchos-policias-de-la-secretaria-de-seguridad-publica-municipal-de-queretaro-sspmq\/#primaryimage"},"image":{"@id":"https:\/\/www.nexoinformativo.mx\/index.php\/2024\/10\/14\/detienen-a-hombre-en-queretaro-con-arma-de-fuego-y-cartuchos-policias-de-la-secretaria-de-seguridad-publica-municipal-de-queretaro-sspmq\/#primaryimage"},"thumbnailUrl":"https:\/\/www.nexoinformativo.mx\/wp-content\/uploads\/2024\/10\/PHOTO-2024-10-14-12-15-36-e1728933603636.jpg","datePublished":"2024-10-14T18:00:15+00:00","dateModified":"2024-10-14T19:26:16+00:00","breadcrumb":{"@id":"https:\/\/www.nexoinformativo.mx\/index.php\/2024\/10\/14\/detienen-a-hombre-en-queretaro-con-arma-de-fuego-y-cartuchos-policias-de-la-secretaria-de-seguridad-publica-municipal-de-queretaro-sspmq\/#breadcrumb"},"inLanguage":"es","potentialAction":[{"@type":"ReadAction","target":["https:\/\/www.nexoinformativo.mx\/index.php\/2024\/10\/14\/detienen-a-hombre-en-queretaro-con-arma-de-fuego-y-cartuchos-policias-de-la-secretaria-de-seguridad-publica-municipal-de-queretaro-sspmq\/"]}]},{"@type":"ImageObject","inLanguage":"es","@id":"https:\/\/www.nexoinformativo.mx\/index.php\/2024\/10\/14\/detienen-a-hombre-en-queretaro-con-arma-de-fuego-y-cartuchos-policias-de-la-secretaria-de-seguridad-publica-municipal-de-queretaro-sspmq\/#primaryimage","url":"https:\/\/www.nexoinformativo.mx\/wp-content\/uploads\/2024\/10\/PHOTO-2024-10-14-12-15-36-e1728933603636.jpg","contentUrl":"https:\/\/www.nexoinformativo.mx\/wp-content\/uploads\/2024\/10\/PHOTO-2024-10-14-12-15-36-e1728933603636.jpg","width":800,"height":1029},{"@type":"BreadcrumbList","@id":"https:\/\/www.nexoinformativo.mx\/index.php\/2024\/10\/14\/detienen-a-hombre-en-queretaro-con-arma-de-fuego-y-cartuchos-policias-de-la-secretaria-de-seguridad-publica-municipal-de-queretaro-sspmq\/#breadcrumb","itemListElement":[{"@type":"ListItem","position":1,"name":"Inicio","item":"https:\/\/www.nexoinformativo.mx\/"},{"@type":"ListItem","position":2,"name":"Detienen a Hombre en Quer\u00e9taro con Arma de Fuego y Cartuchos Polic\u00edas de la Secretar\u00eda de Seguridad P\u00fablica Municipal de Quer\u00e9taro (SSPMQ)"}]},{"@type":"WebSite","@id":"https:\/\/www.nexoinformativo.mx\/#website","url":"https:\/\/www.nexoinformativo.mx\/","name":"Nexo Informativo Santiago de Quer\u00e9taro","description":"Explora NexoInformativo y convi\u00e9rtete en parte de una comunidad que valora el conocimiento y la verdad. Tu nexoinformativo es tu puente hacia una comprensi\u00f3n m\u00e1s profunda del mundo que te rodea.","publisher":{"@id":"https:\/\/www.nexoinformativo.mx\/#organization"},"potentialAction":[{"@type":"SearchAction","target":{"@type":"EntryPoint","urlTemplate":"https:\/\/www.nexoinformativo.mx\/?s={search_term_string}"},"query-input":{"@type":"PropertyValueSpecification","valueRequired":true,"valueName":"search_term_string"}}],"inLanguage":"es"},{"@type":"Organization","@id":"https:\/\/www.nexoinformativo.mx\/#organization","name":"Nexo Informativo Santiago de Quer\u00e9taro","url":"https:\/\/www.nexoinformativo.mx\/","logo":{"@type":"ImageObject","inLanguage":"es","@id":"https:\/\/www.nexoinformativo.mx\/#\/schema\/logo\/image\/","url":"https:\/\/www.nexoinformativo.mx\/wp-content\/uploads\/2024\/07\/nexoi-trasparente-2.png","contentUrl":"https:\/\/www.nexoinformativo.mx\/wp-content\/uploads\/2024\/07\/nexoi-trasparente-2.png","width":816,"height":339,"caption":"Nexo Informativo Santiago de Quer\u00e9taro"},"image":{"@id":"https:\/\/www.nexoinformativo.mx\/#\/schema\/logo\/image\/"},"sameAs":["https:\/\/www.facebook.com\/people\/Nexo-Informativo\/61564066885511\/"]},{"@type":"Person","@id":"https:\/\/www.nexoinformativo.mx\/#\/schema\/person\/7749d380ba08c8ca00d7bc76fd907b7d","name":"Nexo Informativo","image":{"@type":"ImageObject","inLanguage":"es","@id":"https:\/\/www.nexoinformativo.mx\/#\/schema\/person\/image\/","url":"https:\/\/secure.gravatar.com\/avatar\/dde2928154642a13d95f87ddf1ea9718fe2b46760a005c53e41ff5ad610704e6?s=96&d=mm&r=g","contentUrl":"https:\/\/secure.gravatar.com\/avatar\/dde2928154642a13d95f87ddf1ea9718fe2b46760a005c53e41ff5ad610704e6?s=96&d=mm&r=g","caption":"Nexo Informativo"},"url":"https:\/\/www.nexoinformativo.mx\/index.php\/author\/edicion\/"}]}},"_links":{"self":[{"href":"https:\/\/www.nexoinformativo.mx\/index.php\/wp-json\/wp\/v2\/posts\/3361","targetHints":{"allow":["GET"]}}],"collection":[{"href":"https:\/\/www.nexoinformativo.mx\/index.php\/wp-json\/wp\/v2\/posts"}],"about":[{"href":"https:\/\/www.nexoinformativo.mx\/index.php\/wp-json\/wp\/v2\/types\/post"}],"author":[{"embeddable":true,"href":"https:\/\/www.nexoinformativo.mx\/index.php\/wp-json\/wp\/v2\/users\/3"}],"replies":[{"embeddable":true,"href":"https:\/\/www.nexoinformativo.mx\/index.php\/wp-json\/wp\/v2\/comments?post=3361"}],"version-history":[{"count":8,"href":"https:\/\/www.nexoinformativo.mx\/index.php\/wp-json\/wp\/v2\/posts\/3361\/revisions"}],"predecessor-version":[{"id":3372,"href":"https:\/\/www.nexoinformativo.mx\/index.php\/wp-json\/wp\/v2\/posts\/3361\/revisions\/3372"}],"wp:featuredmedia":[{"embeddable":true,"href":"https:\/\/www.nexoinformativo.mx\/index.php\/wp-json\/wp\/v2\/media\/3362"}],"wp:attachment":[{"href":"https:\/\/www.nexoinformativo.mx\/index.php\/wp-json\/wp\/v2\/media?parent=3361"}],"wp:term":[{"taxonomy":"category","embeddable":true,"href":"https:\/\/www.nexoinformativo.mx\/index.php\/wp-json\/wp\/v2\/categories?post=3361"},{"taxonomy":"post_tag","embeddable":true,"href":"https:\/\/www.nexoinformativo.mx\/index.php\/wp-json\/wp\/v2\/tags?post=3361"}],"curies":[{"name":"wp","href":"https:\/\/api.w.org\/{rel}","templated":true}]}}