{"id":3385,"date":"2024-10-14T14:00:38","date_gmt":"2024-10-14T20:00:38","guid":{"rendered":"https:\/\/www.nexoinformativo.mx\/?p=3385"},"modified":"2024-10-14T14:36:28","modified_gmt":"2024-10-14T20:36:28","slug":"sedea-investigara-intoxicacion-por-clembuterol-en-toliman","status":"publish","type":"post","link":"https:\/\/www.nexoinformativo.mx\/index.php\/2024\/10\/14\/sedea-investigara-intoxicacion-por-clembuterol-en-toliman\/","title":{"rendered":"SEDEA investigar\u00e1 intoxicaci\u00f3n por clembuterol en Tolim\u00e1n"},"content":{"rendered":"<p style=\"text-align: justify;\">El secretario de Desarrollo Agropecuario de Quer\u00e9taro <strong>(SEDEA)<\/strong>, Rosendo Anaya, anunci\u00f3 que se abrir\u00e1 una investigaci\u00f3n sobre un posible caso de intoxicaci\u00f3n por clembuterol en Tolim\u00e1n. Varias personas habr\u00edan resultado afectadas tras consumir carne contaminada con este qu\u00edmico, que se utiliza ilegalmente para la engorda de animales.<\/p>\n<p>&nbsp;<\/p>\n<p style=\"text-align: justify;\">Anaya explic\u00f3 que, aunque a\u00fan no se ha confirmado oficialmente que el clembuterol sea la causa, est\u00e1n a la espera de que la Secretar\u00eda de Salud emita un dictamen definitivo sobre el caso.<\/p>\n<p>&nbsp;<\/p>\n<p style=\"text-align: justify;\"><strong>&#8220;No hemos recibido informes oficiales de intoxicaci\u00f3n por clembuterol. Estamos esperando la resoluci\u00f3n de las autoridades competentes para tomar las medidas necesarias&#8221;<\/strong>, coment\u00f3.<\/p>\n<p>&nbsp;<\/p>\n<p style=\"text-align: justify;\">El uso de clembuterol est\u00e1 prohibido en la engorda de animales, y la SEDEA realiza revisiones constantes en los rastros para evitar su utilizaci\u00f3n. Anaya subray\u00f3 que una vez que se confirmen los hechos, se tomar\u00e1n las acciones correspondientes para evitar futuros casos.<\/p>\n<p>&nbsp;<\/p>\n<p style=\"text-align: center;\"><em><strong>\u00a1Informaci\u00f3n que transformaci\u00f3n!<\/strong><\/em><\/p>\n","protected":false},"excerpt":{"rendered":"<p>El secretario de Desarrollo Agropecuario de Quer\u00e9taro (SEDEA), Rosendo Anaya, anunci\u00f3 que se abrir\u00e1 una investigaci\u00f3n sobre un posible caso de intoxicaci\u00f3n por clembuterol en Tolim\u00e1n.<\/p>\n","protected":false},"author":3,"featured_media":3386,"comment_status":"open","ping_status":"open","sticky":false,"template":"","format":"standard","meta":{"footnotes":""},"categories":[137,58],"tags":[1324,139,131,1333],"class_list":["post-3385","post","type-post","status-publish","format-standard","has-post-thumbnail","hentry","category-sucesos","category-ultima-hora","tag-clembuterol","tag-salud","tag-seguridad","tag-toliman"],"yoast_head":"<!-- This site is optimized with the Yoast SEO plugin v25.0 - https:\/\/yoast.com\/wordpress\/plugins\/seo\/ -->\n<title>SEDEA investigar\u00e1 intoxicaci\u00f3n por clembuterol en Tolim\u00e1n | Nexo Informativo Santiago de Quer\u00e9taro<\/title>\n<meta name=\"description\" content=\"SEDEA investigar\u00e1 intoxicaci\u00f3n por clembuterol en Tolim\u00e1n\" \/>\n<meta name=\"robots\" content=\"index, follow, max-snippet:-1, max-image-preview:large, max-video-preview:-1\" \/>\n<link rel=\"canonical\" href=\"https:\/\/www.nexoinformativo.mx\/index.php\/2024\/10\/14\/sedea-investigara-intoxicacion-por-clembuterol-en-toliman\/\" \/>\n<meta property=\"og:locale\" content=\"es_MX\" \/>\n<meta property=\"og:type\" content=\"article\" \/>\n<meta property=\"og:title\" content=\"SEDEA investigar\u00e1 intoxicaci\u00f3n por clembuterol en Tolim\u00e1n | Nexo Informativo Santiago de Quer\u00e9taro\" \/>\n<meta property=\"og:description\" content=\"SEDEA investigar\u00e1 intoxicaci\u00f3n por clembuterol en Tolim\u00e1n\" \/>\n<meta property=\"og:url\" content=\"https:\/\/www.nexoinformativo.mx\/index.php\/2024\/10\/14\/sedea-investigara-intoxicacion-por-clembuterol-en-toliman\/\" \/>\n<meta property=\"og:site_name\" content=\"Nexo Informativo Santiago de Quer\u00e9taro\" \/>\n<meta property=\"article:publisher\" content=\"https:\/\/www.facebook.com\/people\/Nexo-Informativo\/61564066885511\/\" \/>\n<meta property=\"article:published_time\" content=\"2024-10-14T20:00:38+00:00\" \/>\n<meta property=\"article:modified_time\" content=\"2024-10-14T20:36:28+00:00\" \/>\n<meta property=\"og:image\" content=\"https:\/\/www.nexoinformativo.mx\/wp-content\/uploads\/2024\/10\/PHOTO-2024-10-14-13-34-50-2-e1728938040707.jpg\" \/>\n\t<meta property=\"og:image:width\" content=\"800\" \/>\n\t<meta property=\"og:image:height\" content=\"616\" \/>\n\t<meta property=\"og:image:type\" content=\"image\/jpeg\" \/>\n<meta name=\"author\" content=\"Nexo Informativo\" \/>\n<meta name=\"twitter:card\" content=\"summary_large_image\" \/>\n<meta name=\"twitter:label1\" content=\"Escrito por\" \/>\n\t<meta name=\"twitter:data1\" content=\"Nexo Informativo\" \/>\n\t<meta name=\"twitter:label2\" content=\"Tiempo de lectura\" \/>\n\t<meta name=\"twitter:data2\" content=\"1 minuto\" \/>\n<script type=\"application\/ld+json\" class=\"yoast-schema-graph\">{\"@context\":\"https:\/\/schema.org\",\"@graph\":[{\"@type\":\"Article\",\"@id\":\"https:\/\/www.nexoinformativo.mx\/index.php\/2024\/10\/14\/sedea-investigara-intoxicacion-por-clembuterol-en-toliman\/#article\",\"isPartOf\":{\"@id\":\"https:\/\/www.nexoinformativo.mx\/index.php\/2024\/10\/14\/sedea-investigara-intoxicacion-por-clembuterol-en-toliman\/\"},\"author\":{\"name\":\"Nexo Informativo\",\"@id\":\"https:\/\/www.nexoinformativo.mx\/#\/schema\/person\/7749d380ba08c8ca00d7bc76fd907b7d\"},\"headline\":\"SEDEA investigar\u00e1 intoxicaci\u00f3n por clembuterol en Tolim\u00e1n\",\"datePublished\":\"2024-10-14T20:00:38+00:00\",\"dateModified\":\"2024-10-14T20:36:28+00:00\",\"mainEntityOfPage\":{\"@id\":\"https:\/\/www.nexoinformativo.mx\/index.php\/2024\/10\/14\/sedea-investigara-intoxicacion-por-clembuterol-en-toliman\/\"},\"wordCount\":177,\"commentCount\":0,\"publisher\":{\"@id\":\"https:\/\/www.nexoinformativo.mx\/#organization\"},\"image\":{\"@id\":\"https:\/\/www.nexoinformativo.mx\/index.php\/2024\/10\/14\/sedea-investigara-intoxicacion-por-clembuterol-en-toliman\/#primaryimage\"},\"thumbnailUrl\":\"https:\/\/www.nexoinformativo.mx\/wp-content\/uploads\/2024\/10\/PHOTO-2024-10-14-13-34-50-2-e1728938040707.jpg\",\"keywords\":[\"Clembuterol\",\"salud\",\"Seguridad\",\"Toliman\"],\"articleSection\":[\"Sucesos\",\"\u00daltima Hora\"],\"inLanguage\":\"es\",\"potentialAction\":[{\"@type\":\"CommentAction\",\"name\":\"Comment\",\"target\":[\"https:\/\/www.nexoinformativo.mx\/index.php\/2024\/10\/14\/sedea-investigara-intoxicacion-por-clembuterol-en-toliman\/#respond\"]}]},{\"@type\":\"WebPage\",\"@id\":\"https:\/\/www.nexoinformativo.mx\/index.php\/2024\/10\/14\/sedea-investigara-intoxicacion-por-clembuterol-en-toliman\/\",\"url\":\"https:\/\/www.nexoinformativo.mx\/index.php\/2024\/10\/14\/sedea-investigara-intoxicacion-por-clembuterol-en-toliman\/\",\"name\":\"SEDEA investigar\u00e1 intoxicaci\u00f3n por clembuterol en Tolim\u00e1n | Nexo Informativo Santiago de Quer\u00e9taro\",\"isPartOf\":{\"@id\":\"https:\/\/www.nexoinformativo.mx\/#website\"},\"primaryImageOfPage\":{\"@id\":\"https:\/\/www.nexoinformativo.mx\/index.php\/2024\/10\/14\/sedea-investigara-intoxicacion-por-clembuterol-en-toliman\/#primaryimage\"},\"image\":{\"@id\":\"https:\/\/www.nexoinformativo.mx\/index.php\/2024\/10\/14\/sedea-investigara-intoxicacion-por-clembuterol-en-toliman\/#primaryimage\"},\"thumbnailUrl\":\"https:\/\/www.nexoinformativo.mx\/wp-content\/uploads\/2024\/10\/PHOTO-2024-10-14-13-34-50-2-e1728938040707.jpg\",\"datePublished\":\"2024-10-14T20:00:38+00:00\",\"dateModified\":\"2024-10-14T20:36:28+00:00\",\"description\":\"SEDEA investigar\u00e1 intoxicaci\u00f3n por clembuterol en Tolim\u00e1n\",\"breadcrumb\":{\"@id\":\"https:\/\/www.nexoinformativo.mx\/index.php\/2024\/10\/14\/sedea-investigara-intoxicacion-por-clembuterol-en-toliman\/#breadcrumb\"},\"inLanguage\":\"es\",\"potentialAction\":[{\"@type\":\"ReadAction\",\"target\":[\"https:\/\/www.nexoinformativo.mx\/index.php\/2024\/10\/14\/sedea-investigara-intoxicacion-por-clembuterol-en-toliman\/\"]}]},{\"@type\":\"ImageObject\",\"inLanguage\":\"es\",\"@id\":\"https:\/\/www.nexoinformativo.mx\/index.php\/2024\/10\/14\/sedea-investigara-intoxicacion-por-clembuterol-en-toliman\/#primaryimage\",\"url\":\"https:\/\/www.nexoinformativo.mx\/wp-content\/uploads\/2024\/10\/PHOTO-2024-10-14-13-34-50-2-e1728938040707.jpg\",\"contentUrl\":\"https:\/\/www.nexoinformativo.mx\/wp-content\/uploads\/2024\/10\/PHOTO-2024-10-14-13-34-50-2-e1728938040707.jpg\",\"width\":800,\"height\":616},{\"@type\":\"BreadcrumbList\",\"@id\":\"https:\/\/www.nexoinformativo.mx\/index.php\/2024\/10\/14\/sedea-investigara-intoxicacion-por-clembuterol-en-toliman\/#breadcrumb\",\"itemListElement\":[{\"@type\":\"ListItem\",\"position\":1,\"name\":\"Inicio\",\"item\":\"https:\/\/www.nexoinformativo.mx\/\"},{\"@type\":\"ListItem\",\"position\":2,\"name\":\"SEDEA investigar\u00e1 intoxicaci\u00f3n por clembuterol en Tolim\u00e1n\"}]},{\"@type\":\"WebSite\",\"@id\":\"https:\/\/www.nexoinformativo.mx\/#website\",\"url\":\"https:\/\/www.nexoinformativo.mx\/\",\"name\":\"Nexo Informativo Santiago de Quer\u00e9taro\",\"description\":\"Explora NexoInformativo y convi\u00e9rtete en parte de una comunidad que valora el conocimiento y la verdad. Tu nexoinformativo es tu puente hacia una comprensi\u00f3n m\u00e1s profunda del mundo que te rodea.\",\"publisher\":{\"@id\":\"https:\/\/www.nexoinformativo.mx\/#organization\"},\"potentialAction\":[{\"@type\":\"SearchAction\",\"target\":{\"@type\":\"EntryPoint\",\"urlTemplate\":\"https:\/\/www.nexoinformativo.mx\/?s={search_term_string}\"},\"query-input\":{\"@type\":\"PropertyValueSpecification\",\"valueRequired\":true,\"valueName\":\"search_term_string\"}}],\"inLanguage\":\"es\"},{\"@type\":\"Organization\",\"@id\":\"https:\/\/www.nexoinformativo.mx\/#organization\",\"name\":\"Nexo Informativo Santiago de Quer\u00e9taro\",\"url\":\"https:\/\/www.nexoinformativo.mx\/\",\"logo\":{\"@type\":\"ImageObject\",\"inLanguage\":\"es\",\"@id\":\"https:\/\/www.nexoinformativo.mx\/#\/schema\/logo\/image\/\",\"url\":\"https:\/\/www.nexoinformativo.mx\/wp-content\/uploads\/2024\/07\/nexoi-trasparente-2.png\",\"contentUrl\":\"https:\/\/www.nexoinformativo.mx\/wp-content\/uploads\/2024\/07\/nexoi-trasparente-2.png\",\"width\":816,\"height\":339,\"caption\":\"Nexo Informativo Santiago de Quer\u00e9taro\"},\"image\":{\"@id\":\"https:\/\/www.nexoinformativo.mx\/#\/schema\/logo\/image\/\"},\"sameAs\":[\"https:\/\/www.facebook.com\/people\/Nexo-Informativo\/61564066885511\/\"]},{\"@type\":\"Person\",\"@id\":\"https:\/\/www.nexoinformativo.mx\/#\/schema\/person\/7749d380ba08c8ca00d7bc76fd907b7d\",\"name\":\"Nexo Informativo\",\"image\":{\"@type\":\"ImageObject\",\"inLanguage\":\"es\",\"@id\":\"https:\/\/www.nexoinformativo.mx\/#\/schema\/person\/image\/\",\"url\":\"https:\/\/secure.gravatar.com\/avatar\/dde2928154642a13d95f87ddf1ea9718fe2b46760a005c53e41ff5ad610704e6?s=96&d=mm&r=g\",\"contentUrl\":\"https:\/\/secure.gravatar.com\/avatar\/dde2928154642a13d95f87ddf1ea9718fe2b46760a005c53e41ff5ad610704e6?s=96&d=mm&r=g\",\"caption\":\"Nexo Informativo\"},\"url\":\"https:\/\/www.nexoinformativo.mx\/index.php\/author\/edicion\/\"}]}<\/script>\n<!-- \/ Yoast SEO plugin. -->","yoast_head_json":{"title":"SEDEA investigar\u00e1 intoxicaci\u00f3n por clembuterol en Tolim\u00e1n | Nexo Informativo Santiago de Quer\u00e9taro","description":"SEDEA investigar\u00e1 intoxicaci\u00f3n por clembuterol en Tolim\u00e1n","robots":{"index":"index","follow":"follow","max-snippet":"max-snippet:-1","max-image-preview":"max-image-preview:large","max-video-preview":"max-video-preview:-1"},"canonical":"https:\/\/www.nexoinformativo.mx\/index.php\/2024\/10\/14\/sedea-investigara-intoxicacion-por-clembuterol-en-toliman\/","og_locale":"es_MX","og_type":"article","og_title":"SEDEA investigar\u00e1 intoxicaci\u00f3n por clembuterol en Tolim\u00e1n | Nexo Informativo Santiago de Quer\u00e9taro","og_description":"SEDEA investigar\u00e1 intoxicaci\u00f3n por clembuterol en Tolim\u00e1n","og_url":"https:\/\/www.nexoinformativo.mx\/index.php\/2024\/10\/14\/sedea-investigara-intoxicacion-por-clembuterol-en-toliman\/","og_site_name":"Nexo Informativo Santiago de Quer\u00e9taro","article_publisher":"https:\/\/www.facebook.com\/people\/Nexo-Informativo\/61564066885511\/","article_published_time":"2024-10-14T20:00:38+00:00","article_modified_time":"2024-10-14T20:36:28+00:00","og_image":[{"width":800,"height":616,"url":"https:\/\/www.nexoinformativo.mx\/wp-content\/uploads\/2024\/10\/PHOTO-2024-10-14-13-34-50-2-e1728938040707.jpg","type":"image\/jpeg"}],"author":"Nexo Informativo","twitter_card":"summary_large_image","twitter_misc":{"Escrito por":"Nexo Informativo","Tiempo de lectura":"1 minuto"},"schema":{"@context":"https:\/\/schema.org","@graph":[{"@type":"Article","@id":"https:\/\/www.nexoinformativo.mx\/index.php\/2024\/10\/14\/sedea-investigara-intoxicacion-por-clembuterol-en-toliman\/#article","isPartOf":{"@id":"https:\/\/www.nexoinformativo.mx\/index.php\/2024\/10\/14\/sedea-investigara-intoxicacion-por-clembuterol-en-toliman\/"},"author":{"name":"Nexo Informativo","@id":"https:\/\/www.nexoinformativo.mx\/#\/schema\/person\/7749d380ba08c8ca00d7bc76fd907b7d"},"headline":"SEDEA investigar\u00e1 intoxicaci\u00f3n por clembuterol en Tolim\u00e1n","datePublished":"2024-10-14T20:00:38+00:00","dateModified":"2024-10-14T20:36:28+00:00","mainEntityOfPage":{"@id":"https:\/\/www.nexoinformativo.mx\/index.php\/2024\/10\/14\/sedea-investigara-intoxicacion-por-clembuterol-en-toliman\/"},"wordCount":177,"commentCount":0,"publisher":{"@id":"https:\/\/www.nexoinformativo.mx\/#organization"},"image":{"@id":"https:\/\/www.nexoinformativo.mx\/index.php\/2024\/10\/14\/sedea-investigara-intoxicacion-por-clembuterol-en-toliman\/#primaryimage"},"thumbnailUrl":"https:\/\/www.nexoinformativo.mx\/wp-content\/uploads\/2024\/10\/PHOTO-2024-10-14-13-34-50-2-e1728938040707.jpg","keywords":["Clembuterol","salud","Seguridad","Toliman"],"articleSection":["Sucesos","\u00daltima Hora"],"inLanguage":"es","potentialAction":[{"@type":"CommentAction","name":"Comment","target":["https:\/\/www.nexoinformativo.mx\/index.php\/2024\/10\/14\/sedea-investigara-intoxicacion-por-clembuterol-en-toliman\/#respond"]}]},{"@type":"WebPage","@id":"https:\/\/www.nexoinformativo.mx\/index.php\/2024\/10\/14\/sedea-investigara-intoxicacion-por-clembuterol-en-toliman\/","url":"https:\/\/www.nexoinformativo.mx\/index.php\/2024\/10\/14\/sedea-investigara-intoxicacion-por-clembuterol-en-toliman\/","name":"SEDEA investigar\u00e1 intoxicaci\u00f3n por clembuterol en Tolim\u00e1n | Nexo Informativo Santiago de Quer\u00e9taro","isPartOf":{"@id":"https:\/\/www.nexoinformativo.mx\/#website"},"primaryImageOfPage":{"@id":"https:\/\/www.nexoinformativo.mx\/index.php\/2024\/10\/14\/sedea-investigara-intoxicacion-por-clembuterol-en-toliman\/#primaryimage"},"image":{"@id":"https:\/\/www.nexoinformativo.mx\/index.php\/2024\/10\/14\/sedea-investigara-intoxicacion-por-clembuterol-en-toliman\/#primaryimage"},"thumbnailUrl":"https:\/\/www.nexoinformativo.mx\/wp-content\/uploads\/2024\/10\/PHOTO-2024-10-14-13-34-50-2-e1728938040707.jpg","datePublished":"2024-10-14T20:00:38+00:00","dateModified":"2024-10-14T20:36:28+00:00","description":"SEDEA investigar\u00e1 intoxicaci\u00f3n por clembuterol en Tolim\u00e1n","breadcrumb":{"@id":"https:\/\/www.nexoinformativo.mx\/index.php\/2024\/10\/14\/sedea-investigara-intoxicacion-por-clembuterol-en-toliman\/#breadcrumb"},"inLanguage":"es","potentialAction":[{"@type":"ReadAction","target":["https:\/\/www.nexoinformativo.mx\/index.php\/2024\/10\/14\/sedea-investigara-intoxicacion-por-clembuterol-en-toliman\/"]}]},{"@type":"ImageObject","inLanguage":"es","@id":"https:\/\/www.nexoinformativo.mx\/index.php\/2024\/10\/14\/sedea-investigara-intoxicacion-por-clembuterol-en-toliman\/#primaryimage","url":"https:\/\/www.nexoinformativo.mx\/wp-content\/uploads\/2024\/10\/PHOTO-2024-10-14-13-34-50-2-e1728938040707.jpg","contentUrl":"https:\/\/www.nexoinformativo.mx\/wp-content\/uploads\/2024\/10\/PHOTO-2024-10-14-13-34-50-2-e1728938040707.jpg","width":800,"height":616},{"@type":"BreadcrumbList","@id":"https:\/\/www.nexoinformativo.mx\/index.php\/2024\/10\/14\/sedea-investigara-intoxicacion-por-clembuterol-en-toliman\/#breadcrumb","itemListElement":[{"@type":"ListItem","position":1,"name":"Inicio","item":"https:\/\/www.nexoinformativo.mx\/"},{"@type":"ListItem","position":2,"name":"SEDEA investigar\u00e1 intoxicaci\u00f3n por clembuterol en Tolim\u00e1n"}]},{"@type":"WebSite","@id":"https:\/\/www.nexoinformativo.mx\/#website","url":"https:\/\/www.nexoinformativo.mx\/","name":"Nexo Informativo Santiago de Quer\u00e9taro","description":"Explora NexoInformativo y convi\u00e9rtete en parte de una comunidad que valora el conocimiento y la verdad. Tu nexoinformativo es tu puente hacia una comprensi\u00f3n m\u00e1s profunda del mundo que te rodea.","publisher":{"@id":"https:\/\/www.nexoinformativo.mx\/#organization"},"potentialAction":[{"@type":"SearchAction","target":{"@type":"EntryPoint","urlTemplate":"https:\/\/www.nexoinformativo.mx\/?s={search_term_string}"},"query-input":{"@type":"PropertyValueSpecification","valueRequired":true,"valueName":"search_term_string"}}],"inLanguage":"es"},{"@type":"Organization","@id":"https:\/\/www.nexoinformativo.mx\/#organization","name":"Nexo Informativo Santiago de Quer\u00e9taro","url":"https:\/\/www.nexoinformativo.mx\/","logo":{"@type":"ImageObject","inLanguage":"es","@id":"https:\/\/www.nexoinformativo.mx\/#\/schema\/logo\/image\/","url":"https:\/\/www.nexoinformativo.mx\/wp-content\/uploads\/2024\/07\/nexoi-trasparente-2.png","contentUrl":"https:\/\/www.nexoinformativo.mx\/wp-content\/uploads\/2024\/07\/nexoi-trasparente-2.png","width":816,"height":339,"caption":"Nexo Informativo Santiago de Quer\u00e9taro"},"image":{"@id":"https:\/\/www.nexoinformativo.mx\/#\/schema\/logo\/image\/"},"sameAs":["https:\/\/www.facebook.com\/people\/Nexo-Informativo\/61564066885511\/"]},{"@type":"Person","@id":"https:\/\/www.nexoinformativo.mx\/#\/schema\/person\/7749d380ba08c8ca00d7bc76fd907b7d","name":"Nexo Informativo","image":{"@type":"ImageObject","inLanguage":"es","@id":"https:\/\/www.nexoinformativo.mx\/#\/schema\/person\/image\/","url":"https:\/\/secure.gravatar.com\/avatar\/dde2928154642a13d95f87ddf1ea9718fe2b46760a005c53e41ff5ad610704e6?s=96&d=mm&r=g","contentUrl":"https:\/\/secure.gravatar.com\/avatar\/dde2928154642a13d95f87ddf1ea9718fe2b46760a005c53e41ff5ad610704e6?s=96&d=mm&r=g","caption":"Nexo Informativo"},"url":"https:\/\/www.nexoinformativo.mx\/index.php\/author\/edicion\/"}]}},"_links":{"self":[{"href":"https:\/\/www.nexoinformativo.mx\/index.php\/wp-json\/wp\/v2\/posts\/3385","targetHints":{"allow":["GET"]}}],"collection":[{"href":"https:\/\/www.nexoinformativo.mx\/index.php\/wp-json\/wp\/v2\/posts"}],"about":[{"href":"https:\/\/www.nexoinformativo.mx\/index.php\/wp-json\/wp\/v2\/types\/post"}],"author":[{"embeddable":true,"href":"https:\/\/www.nexoinformativo.mx\/index.php\/wp-json\/wp\/v2\/users\/3"}],"replies":[{"embeddable":true,"href":"https:\/\/www.nexoinformativo.mx\/index.php\/wp-json\/wp\/v2\/comments?post=3385"}],"version-history":[{"count":6,"href":"https:\/\/www.nexoinformativo.mx\/index.php\/wp-json\/wp\/v2\/posts\/3385\/revisions"}],"predecessor-version":[{"id":3388,"href":"https:\/\/www.nexoinformativo.mx\/index.php\/wp-json\/wp\/v2\/posts\/3385\/revisions\/3388"}],"wp:featuredmedia":[{"embeddable":true,"href":"https:\/\/www.nexoinformativo.mx\/index.php\/wp-json\/wp\/v2\/media\/3386"}],"wp:attachment":[{"href":"https:\/\/www.nexoinformativo.mx\/index.php\/wp-json\/wp\/v2\/media?parent=3385"}],"wp:term":[{"taxonomy":"category","embeddable":true,"href":"https:\/\/www.nexoinformativo.mx\/index.php\/wp-json\/wp\/v2\/categories?post=3385"},{"taxonomy":"post_tag","embeddable":true,"href":"https:\/\/www.nexoinformativo.mx\/index.php\/wp-json\/wp\/v2\/tags?post=3385"}],"curies":[{"name":"wp","href":"https:\/\/api.w.org\/{rel}","templated":true}]}}