{"id":3403,"date":"2024-10-14T14:00:33","date_gmt":"2024-10-14T20:00:33","guid":{"rendered":"https:\/\/www.nexoinformativo.mx\/?p=3403"},"modified":"2024-10-14T15:01:17","modified_gmt":"2024-10-14T21:01:17","slug":"ugr-solicita-investigar-origen-de-la-carne-contaminada-con-clembuterol-en-toliman","status":"publish","type":"post","link":"https:\/\/www.nexoinformativo.mx\/index.php\/2024\/10\/14\/ugr-solicita-investigar-origen-de-la-carne-contaminada-con-clembuterol-en-toliman\/","title":{"rendered":"UGR solicita investigar origen de la carne contaminada con clembuterol en Tolim\u00e1n"},"content":{"rendered":"<p style=\"text-align: justify;\">El presidente de la Uni\u00f3n Ganadera Regional <strong>(UGR)<\/strong>, Romualdo Moreno, hizo un llamado para investigar el origen de la carne contaminada con clembuterol que provoc\u00f3 la intoxicaci\u00f3n de varias personas en el municipio de Tolim\u00e1n, Quer\u00e9taro. Moreno enfatiz\u00f3 la importancia de sancionar a los responsables para evitar futuros incidentes que pongan en riesgo la salud.<\/p>\n<p>&nbsp;<\/p>\n<p style=\"text-align: justify;\">Aunque los rastros tipo TIF en Quer\u00e9taro operan correctamente, Moreno sugiri\u00f3 que el problema pudo haberse originado fuera del estado, registrando incidentes previos en Aguascalientes. Subray\u00f3 la necesidad de verificar la calidad de la carne y de garantizar que los establecimientos est\u00e9n regulados.<\/p>\n<p>&nbsp;<\/p>\n<p style=\"text-align: justify;\">El l\u00edder ganadero tambi\u00e9n advirti\u00f3 sobre la existencia de casas de matanza clandestinas, que a\u00fan no han sido plenamente identificadas, y exhort\u00f3 a la ciudadan\u00eda a denunciarlas para evitar m\u00e1s problemas de este tipo. Las autoridades contin\u00faan investigando para dar con el responsable de distribuir la carne.<\/p>\n<p>&nbsp;<\/p>\n<p style=\"text-align: center;\"><em><strong>\u00a1Informaci\u00f3n que transforma!<\/strong><\/em><\/p>\n","protected":false},"excerpt":{"rendered":"<p>El presidente de la Uni\u00f3n Ganadera Regional (UGR), Romualdo Moreno, hizo un llamado para investigar el origen de la carne contaminada con clembuterol que provoc\u00f3 la intoxicaci\u00f3n de varias personas en el municipio de Tolim\u00e1n, Quer\u00e9taro. Moreno enfatiz\u00f3 la importancia de sancionar a los responsables para evitar futuros incidentes que pongan en riesgo la salud. [&hellip;]<\/p>\n","protected":false},"author":3,"featured_media":3404,"comment_status":"open","ping_status":"open","sticky":false,"template":"","format":"standard","meta":{"footnotes":""},"categories":[137,58],"tags":[1337,1324,319,1338],"class_list":["post-3403","post","type-post","status-publish","format-standard","has-post-thumbnail","hentry","category-sucesos","category-ultima-hora","tag-carnesegura","tag-clembuterol","tag-saludpublica","tag-ugrqueretaro"],"yoast_head":"<!-- This site is optimized with the Yoast SEO plugin v25.0 - https:\/\/yoast.com\/wordpress\/plugins\/seo\/ -->\n<title>UGR solicita investigar origen de la carne contaminada con clembuterol en Tolim\u00e1n | Nexo Informativo Santiago de Quer\u00e9taro<\/title>\n<meta name=\"description\" content=\"UGR solicita investigar origen de la carne contaminada con clembuterol en Tolim\u00e1n\" \/>\n<meta name=\"robots\" content=\"index, follow, max-snippet:-1, max-image-preview:large, max-video-preview:-1\" \/>\n<link rel=\"canonical\" href=\"https:\/\/www.nexoinformativo.mx\/index.php\/2024\/10\/14\/ugr-solicita-investigar-origen-de-la-carne-contaminada-con-clembuterol-en-toliman\/\" \/>\n<meta property=\"og:locale\" content=\"es_MX\" \/>\n<meta property=\"og:type\" content=\"article\" \/>\n<meta property=\"og:title\" content=\"UGR solicita investigar origen de la carne contaminada con clembuterol en Tolim\u00e1n | Nexo Informativo Santiago de Quer\u00e9taro\" \/>\n<meta property=\"og:description\" content=\"UGR solicita investigar origen de la carne contaminada con clembuterol en Tolim\u00e1n\" \/>\n<meta property=\"og:url\" content=\"https:\/\/www.nexoinformativo.mx\/index.php\/2024\/10\/14\/ugr-solicita-investigar-origen-de-la-carne-contaminada-con-clembuterol-en-toliman\/\" \/>\n<meta property=\"og:site_name\" content=\"Nexo Informativo Santiago de Quer\u00e9taro\" \/>\n<meta property=\"article:publisher\" content=\"https:\/\/www.facebook.com\/people\/Nexo-Informativo\/61564066885511\/\" \/>\n<meta property=\"article:published_time\" content=\"2024-10-14T20:00:33+00:00\" \/>\n<meta property=\"article:modified_time\" content=\"2024-10-14T21:01:17+00:00\" \/>\n<meta property=\"og:image\" content=\"https:\/\/www.nexoinformativo.mx\/wp-content\/uploads\/2024\/10\/PHOTO-2024-10-14-13-49-20-e1728938931810.jpg\" \/>\n\t<meta property=\"og:image:width\" content=\"800\" \/>\n\t<meta property=\"og:image:height\" content=\"359\" \/>\n\t<meta property=\"og:image:type\" content=\"image\/jpeg\" \/>\n<meta name=\"author\" content=\"Nexo Informativo\" \/>\n<meta name=\"twitter:card\" content=\"summary_large_image\" \/>\n<meta name=\"twitter:label1\" content=\"Escrito por\" \/>\n\t<meta name=\"twitter:data1\" content=\"Nexo Informativo\" \/>\n\t<meta name=\"twitter:label2\" content=\"Tiempo de lectura\" \/>\n\t<meta name=\"twitter:data2\" content=\"1 minuto\" \/>\n<script type=\"application\/ld+json\" class=\"yoast-schema-graph\">{\"@context\":\"https:\/\/schema.org\",\"@graph\":[{\"@type\":\"Article\",\"@id\":\"https:\/\/www.nexoinformativo.mx\/index.php\/2024\/10\/14\/ugr-solicita-investigar-origen-de-la-carne-contaminada-con-clembuterol-en-toliman\/#article\",\"isPartOf\":{\"@id\":\"https:\/\/www.nexoinformativo.mx\/index.php\/2024\/10\/14\/ugr-solicita-investigar-origen-de-la-carne-contaminada-con-clembuterol-en-toliman\/\"},\"author\":{\"name\":\"Nexo Informativo\",\"@id\":\"https:\/\/www.nexoinformativo.mx\/#\/schema\/person\/7749d380ba08c8ca00d7bc76fd907b7d\"},\"headline\":\"UGR solicita investigar origen de la carne contaminada con clembuterol en Tolim\u00e1n\",\"datePublished\":\"2024-10-14T20:00:33+00:00\",\"dateModified\":\"2024-10-14T21:01:17+00:00\",\"mainEntityOfPage\":{\"@id\":\"https:\/\/www.nexoinformativo.mx\/index.php\/2024\/10\/14\/ugr-solicita-investigar-origen-de-la-carne-contaminada-con-clembuterol-en-toliman\/\"},\"wordCount\":177,\"commentCount\":0,\"publisher\":{\"@id\":\"https:\/\/www.nexoinformativo.mx\/#organization\"},\"image\":{\"@id\":\"https:\/\/www.nexoinformativo.mx\/index.php\/2024\/10\/14\/ugr-solicita-investigar-origen-de-la-carne-contaminada-con-clembuterol-en-toliman\/#primaryimage\"},\"thumbnailUrl\":\"https:\/\/www.nexoinformativo.mx\/wp-content\/uploads\/2024\/10\/PHOTO-2024-10-14-13-49-20-e1728938931810.jpg\",\"keywords\":[\"CarneSegura\",\"Clembuterol\",\"SaludP\u00fablica\",\"UGRQuer\u00e9taro\"],\"articleSection\":[\"Sucesos\",\"\u00daltima Hora\"],\"inLanguage\":\"es\",\"potentialAction\":[{\"@type\":\"CommentAction\",\"name\":\"Comment\",\"target\":[\"https:\/\/www.nexoinformativo.mx\/index.php\/2024\/10\/14\/ugr-solicita-investigar-origen-de-la-carne-contaminada-con-clembuterol-en-toliman\/#respond\"]}]},{\"@type\":\"WebPage\",\"@id\":\"https:\/\/www.nexoinformativo.mx\/index.php\/2024\/10\/14\/ugr-solicita-investigar-origen-de-la-carne-contaminada-con-clembuterol-en-toliman\/\",\"url\":\"https:\/\/www.nexoinformativo.mx\/index.php\/2024\/10\/14\/ugr-solicita-investigar-origen-de-la-carne-contaminada-con-clembuterol-en-toliman\/\",\"name\":\"UGR solicita investigar origen de la carne contaminada con clembuterol en Tolim\u00e1n | Nexo Informativo Santiago de Quer\u00e9taro\",\"isPartOf\":{\"@id\":\"https:\/\/www.nexoinformativo.mx\/#website\"},\"primaryImageOfPage\":{\"@id\":\"https:\/\/www.nexoinformativo.mx\/index.php\/2024\/10\/14\/ugr-solicita-investigar-origen-de-la-carne-contaminada-con-clembuterol-en-toliman\/#primaryimage\"},\"image\":{\"@id\":\"https:\/\/www.nexoinformativo.mx\/index.php\/2024\/10\/14\/ugr-solicita-investigar-origen-de-la-carne-contaminada-con-clembuterol-en-toliman\/#primaryimage\"},\"thumbnailUrl\":\"https:\/\/www.nexoinformativo.mx\/wp-content\/uploads\/2024\/10\/PHOTO-2024-10-14-13-49-20-e1728938931810.jpg\",\"datePublished\":\"2024-10-14T20:00:33+00:00\",\"dateModified\":\"2024-10-14T21:01:17+00:00\",\"description\":\"UGR solicita investigar origen de la carne contaminada con clembuterol en Tolim\u00e1n\",\"breadcrumb\":{\"@id\":\"https:\/\/www.nexoinformativo.mx\/index.php\/2024\/10\/14\/ugr-solicita-investigar-origen-de-la-carne-contaminada-con-clembuterol-en-toliman\/#breadcrumb\"},\"inLanguage\":\"es\",\"potentialAction\":[{\"@type\":\"ReadAction\",\"target\":[\"https:\/\/www.nexoinformativo.mx\/index.php\/2024\/10\/14\/ugr-solicita-investigar-origen-de-la-carne-contaminada-con-clembuterol-en-toliman\/\"]}]},{\"@type\":\"ImageObject\",\"inLanguage\":\"es\",\"@id\":\"https:\/\/www.nexoinformativo.mx\/index.php\/2024\/10\/14\/ugr-solicita-investigar-origen-de-la-carne-contaminada-con-clembuterol-en-toliman\/#primaryimage\",\"url\":\"https:\/\/www.nexoinformativo.mx\/wp-content\/uploads\/2024\/10\/PHOTO-2024-10-14-13-49-20-e1728938931810.jpg\",\"contentUrl\":\"https:\/\/www.nexoinformativo.mx\/wp-content\/uploads\/2024\/10\/PHOTO-2024-10-14-13-49-20-e1728938931810.jpg\",\"width\":800,\"height\":359},{\"@type\":\"BreadcrumbList\",\"@id\":\"https:\/\/www.nexoinformativo.mx\/index.php\/2024\/10\/14\/ugr-solicita-investigar-origen-de-la-carne-contaminada-con-clembuterol-en-toliman\/#breadcrumb\",\"itemListElement\":[{\"@type\":\"ListItem\",\"position\":1,\"name\":\"Inicio\",\"item\":\"https:\/\/www.nexoinformativo.mx\/\"},{\"@type\":\"ListItem\",\"position\":2,\"name\":\"UGR solicita investigar origen de la carne contaminada con clembuterol en Tolim\u00e1n\"}]},{\"@type\":\"WebSite\",\"@id\":\"https:\/\/www.nexoinformativo.mx\/#website\",\"url\":\"https:\/\/www.nexoinformativo.mx\/\",\"name\":\"Nexo Informativo Santiago de Quer\u00e9taro\",\"description\":\"Explora NexoInformativo y convi\u00e9rtete en parte de una comunidad que valora el conocimiento y la verdad. Tu nexoinformativo es tu puente hacia una comprensi\u00f3n m\u00e1s profunda del mundo que te rodea.\",\"publisher\":{\"@id\":\"https:\/\/www.nexoinformativo.mx\/#organization\"},\"potentialAction\":[{\"@type\":\"SearchAction\",\"target\":{\"@type\":\"EntryPoint\",\"urlTemplate\":\"https:\/\/www.nexoinformativo.mx\/?s={search_term_string}\"},\"query-input\":{\"@type\":\"PropertyValueSpecification\",\"valueRequired\":true,\"valueName\":\"search_term_string\"}}],\"inLanguage\":\"es\"},{\"@type\":\"Organization\",\"@id\":\"https:\/\/www.nexoinformativo.mx\/#organization\",\"name\":\"Nexo Informativo Santiago de Quer\u00e9taro\",\"url\":\"https:\/\/www.nexoinformativo.mx\/\",\"logo\":{\"@type\":\"ImageObject\",\"inLanguage\":\"es\",\"@id\":\"https:\/\/www.nexoinformativo.mx\/#\/schema\/logo\/image\/\",\"url\":\"https:\/\/www.nexoinformativo.mx\/wp-content\/uploads\/2024\/07\/nexoi-trasparente-2.png\",\"contentUrl\":\"https:\/\/www.nexoinformativo.mx\/wp-content\/uploads\/2024\/07\/nexoi-trasparente-2.png\",\"width\":816,\"height\":339,\"caption\":\"Nexo Informativo Santiago de Quer\u00e9taro\"},\"image\":{\"@id\":\"https:\/\/www.nexoinformativo.mx\/#\/schema\/logo\/image\/\"},\"sameAs\":[\"https:\/\/www.facebook.com\/people\/Nexo-Informativo\/61564066885511\/\"]},{\"@type\":\"Person\",\"@id\":\"https:\/\/www.nexoinformativo.mx\/#\/schema\/person\/7749d380ba08c8ca00d7bc76fd907b7d\",\"name\":\"Nexo Informativo\",\"image\":{\"@type\":\"ImageObject\",\"inLanguage\":\"es\",\"@id\":\"https:\/\/www.nexoinformativo.mx\/#\/schema\/person\/image\/\",\"url\":\"https:\/\/secure.gravatar.com\/avatar\/dde2928154642a13d95f87ddf1ea9718fe2b46760a005c53e41ff5ad610704e6?s=96&d=mm&r=g\",\"contentUrl\":\"https:\/\/secure.gravatar.com\/avatar\/dde2928154642a13d95f87ddf1ea9718fe2b46760a005c53e41ff5ad610704e6?s=96&d=mm&r=g\",\"caption\":\"Nexo Informativo\"},\"url\":\"https:\/\/www.nexoinformativo.mx\/index.php\/author\/edicion\/\"}]}<\/script>\n<!-- \/ Yoast SEO plugin. -->","yoast_head_json":{"title":"UGR solicita investigar origen de la carne contaminada con clembuterol en Tolim\u00e1n | Nexo Informativo Santiago de Quer\u00e9taro","description":"UGR solicita investigar origen de la carne contaminada con clembuterol en Tolim\u00e1n","robots":{"index":"index","follow":"follow","max-snippet":"max-snippet:-1","max-image-preview":"max-image-preview:large","max-video-preview":"max-video-preview:-1"},"canonical":"https:\/\/www.nexoinformativo.mx\/index.php\/2024\/10\/14\/ugr-solicita-investigar-origen-de-la-carne-contaminada-con-clembuterol-en-toliman\/","og_locale":"es_MX","og_type":"article","og_title":"UGR solicita investigar origen de la carne contaminada con clembuterol en Tolim\u00e1n | Nexo Informativo Santiago de Quer\u00e9taro","og_description":"UGR solicita investigar origen de la carne contaminada con clembuterol en Tolim\u00e1n","og_url":"https:\/\/www.nexoinformativo.mx\/index.php\/2024\/10\/14\/ugr-solicita-investigar-origen-de-la-carne-contaminada-con-clembuterol-en-toliman\/","og_site_name":"Nexo Informativo Santiago de Quer\u00e9taro","article_publisher":"https:\/\/www.facebook.com\/people\/Nexo-Informativo\/61564066885511\/","article_published_time":"2024-10-14T20:00:33+00:00","article_modified_time":"2024-10-14T21:01:17+00:00","og_image":[{"width":800,"height":359,"url":"https:\/\/www.nexoinformativo.mx\/wp-content\/uploads\/2024\/10\/PHOTO-2024-10-14-13-49-20-e1728938931810.jpg","type":"image\/jpeg"}],"author":"Nexo Informativo","twitter_card":"summary_large_image","twitter_misc":{"Escrito por":"Nexo Informativo","Tiempo de lectura":"1 minuto"},"schema":{"@context":"https:\/\/schema.org","@graph":[{"@type":"Article","@id":"https:\/\/www.nexoinformativo.mx\/index.php\/2024\/10\/14\/ugr-solicita-investigar-origen-de-la-carne-contaminada-con-clembuterol-en-toliman\/#article","isPartOf":{"@id":"https:\/\/www.nexoinformativo.mx\/index.php\/2024\/10\/14\/ugr-solicita-investigar-origen-de-la-carne-contaminada-con-clembuterol-en-toliman\/"},"author":{"name":"Nexo Informativo","@id":"https:\/\/www.nexoinformativo.mx\/#\/schema\/person\/7749d380ba08c8ca00d7bc76fd907b7d"},"headline":"UGR solicita investigar origen de la carne contaminada con clembuterol en Tolim\u00e1n","datePublished":"2024-10-14T20:00:33+00:00","dateModified":"2024-10-14T21:01:17+00:00","mainEntityOfPage":{"@id":"https:\/\/www.nexoinformativo.mx\/index.php\/2024\/10\/14\/ugr-solicita-investigar-origen-de-la-carne-contaminada-con-clembuterol-en-toliman\/"},"wordCount":177,"commentCount":0,"publisher":{"@id":"https:\/\/www.nexoinformativo.mx\/#organization"},"image":{"@id":"https:\/\/www.nexoinformativo.mx\/index.php\/2024\/10\/14\/ugr-solicita-investigar-origen-de-la-carne-contaminada-con-clembuterol-en-toliman\/#primaryimage"},"thumbnailUrl":"https:\/\/www.nexoinformativo.mx\/wp-content\/uploads\/2024\/10\/PHOTO-2024-10-14-13-49-20-e1728938931810.jpg","keywords":["CarneSegura","Clembuterol","SaludP\u00fablica","UGRQuer\u00e9taro"],"articleSection":["Sucesos","\u00daltima Hora"],"inLanguage":"es","potentialAction":[{"@type":"CommentAction","name":"Comment","target":["https:\/\/www.nexoinformativo.mx\/index.php\/2024\/10\/14\/ugr-solicita-investigar-origen-de-la-carne-contaminada-con-clembuterol-en-toliman\/#respond"]}]},{"@type":"WebPage","@id":"https:\/\/www.nexoinformativo.mx\/index.php\/2024\/10\/14\/ugr-solicita-investigar-origen-de-la-carne-contaminada-con-clembuterol-en-toliman\/","url":"https:\/\/www.nexoinformativo.mx\/index.php\/2024\/10\/14\/ugr-solicita-investigar-origen-de-la-carne-contaminada-con-clembuterol-en-toliman\/","name":"UGR solicita investigar origen de la carne contaminada con clembuterol en Tolim\u00e1n | Nexo Informativo Santiago de Quer\u00e9taro","isPartOf":{"@id":"https:\/\/www.nexoinformativo.mx\/#website"},"primaryImageOfPage":{"@id":"https:\/\/www.nexoinformativo.mx\/index.php\/2024\/10\/14\/ugr-solicita-investigar-origen-de-la-carne-contaminada-con-clembuterol-en-toliman\/#primaryimage"},"image":{"@id":"https:\/\/www.nexoinformativo.mx\/index.php\/2024\/10\/14\/ugr-solicita-investigar-origen-de-la-carne-contaminada-con-clembuterol-en-toliman\/#primaryimage"},"thumbnailUrl":"https:\/\/www.nexoinformativo.mx\/wp-content\/uploads\/2024\/10\/PHOTO-2024-10-14-13-49-20-e1728938931810.jpg","datePublished":"2024-10-14T20:00:33+00:00","dateModified":"2024-10-14T21:01:17+00:00","description":"UGR solicita investigar origen de la carne contaminada con clembuterol en Tolim\u00e1n","breadcrumb":{"@id":"https:\/\/www.nexoinformativo.mx\/index.php\/2024\/10\/14\/ugr-solicita-investigar-origen-de-la-carne-contaminada-con-clembuterol-en-toliman\/#breadcrumb"},"inLanguage":"es","potentialAction":[{"@type":"ReadAction","target":["https:\/\/www.nexoinformativo.mx\/index.php\/2024\/10\/14\/ugr-solicita-investigar-origen-de-la-carne-contaminada-con-clembuterol-en-toliman\/"]}]},{"@type":"ImageObject","inLanguage":"es","@id":"https:\/\/www.nexoinformativo.mx\/index.php\/2024\/10\/14\/ugr-solicita-investigar-origen-de-la-carne-contaminada-con-clembuterol-en-toliman\/#primaryimage","url":"https:\/\/www.nexoinformativo.mx\/wp-content\/uploads\/2024\/10\/PHOTO-2024-10-14-13-49-20-e1728938931810.jpg","contentUrl":"https:\/\/www.nexoinformativo.mx\/wp-content\/uploads\/2024\/10\/PHOTO-2024-10-14-13-49-20-e1728938931810.jpg","width":800,"height":359},{"@type":"BreadcrumbList","@id":"https:\/\/www.nexoinformativo.mx\/index.php\/2024\/10\/14\/ugr-solicita-investigar-origen-de-la-carne-contaminada-con-clembuterol-en-toliman\/#breadcrumb","itemListElement":[{"@type":"ListItem","position":1,"name":"Inicio","item":"https:\/\/www.nexoinformativo.mx\/"},{"@type":"ListItem","position":2,"name":"UGR solicita investigar origen de la carne contaminada con clembuterol en Tolim\u00e1n"}]},{"@type":"WebSite","@id":"https:\/\/www.nexoinformativo.mx\/#website","url":"https:\/\/www.nexoinformativo.mx\/","name":"Nexo Informativo Santiago de Quer\u00e9taro","description":"Explora NexoInformativo y convi\u00e9rtete en parte de una comunidad que valora el conocimiento y la verdad. Tu nexoinformativo es tu puente hacia una comprensi\u00f3n m\u00e1s profunda del mundo que te rodea.","publisher":{"@id":"https:\/\/www.nexoinformativo.mx\/#organization"},"potentialAction":[{"@type":"SearchAction","target":{"@type":"EntryPoint","urlTemplate":"https:\/\/www.nexoinformativo.mx\/?s={search_term_string}"},"query-input":{"@type":"PropertyValueSpecification","valueRequired":true,"valueName":"search_term_string"}}],"inLanguage":"es"},{"@type":"Organization","@id":"https:\/\/www.nexoinformativo.mx\/#organization","name":"Nexo Informativo Santiago de Quer\u00e9taro","url":"https:\/\/www.nexoinformativo.mx\/","logo":{"@type":"ImageObject","inLanguage":"es","@id":"https:\/\/www.nexoinformativo.mx\/#\/schema\/logo\/image\/","url":"https:\/\/www.nexoinformativo.mx\/wp-content\/uploads\/2024\/07\/nexoi-trasparente-2.png","contentUrl":"https:\/\/www.nexoinformativo.mx\/wp-content\/uploads\/2024\/07\/nexoi-trasparente-2.png","width":816,"height":339,"caption":"Nexo Informativo Santiago de Quer\u00e9taro"},"image":{"@id":"https:\/\/www.nexoinformativo.mx\/#\/schema\/logo\/image\/"},"sameAs":["https:\/\/www.facebook.com\/people\/Nexo-Informativo\/61564066885511\/"]},{"@type":"Person","@id":"https:\/\/www.nexoinformativo.mx\/#\/schema\/person\/7749d380ba08c8ca00d7bc76fd907b7d","name":"Nexo Informativo","image":{"@type":"ImageObject","inLanguage":"es","@id":"https:\/\/www.nexoinformativo.mx\/#\/schema\/person\/image\/","url":"https:\/\/secure.gravatar.com\/avatar\/dde2928154642a13d95f87ddf1ea9718fe2b46760a005c53e41ff5ad610704e6?s=96&d=mm&r=g","contentUrl":"https:\/\/secure.gravatar.com\/avatar\/dde2928154642a13d95f87ddf1ea9718fe2b46760a005c53e41ff5ad610704e6?s=96&d=mm&r=g","caption":"Nexo Informativo"},"url":"https:\/\/www.nexoinformativo.mx\/index.php\/author\/edicion\/"}]}},"_links":{"self":[{"href":"https:\/\/www.nexoinformativo.mx\/index.php\/wp-json\/wp\/v2\/posts\/3403","targetHints":{"allow":["GET"]}}],"collection":[{"href":"https:\/\/www.nexoinformativo.mx\/index.php\/wp-json\/wp\/v2\/posts"}],"about":[{"href":"https:\/\/www.nexoinformativo.mx\/index.php\/wp-json\/wp\/v2\/types\/post"}],"author":[{"embeddable":true,"href":"https:\/\/www.nexoinformativo.mx\/index.php\/wp-json\/wp\/v2\/users\/3"}],"replies":[{"embeddable":true,"href":"https:\/\/www.nexoinformativo.mx\/index.php\/wp-json\/wp\/v2\/comments?post=3403"}],"version-history":[{"count":2,"href":"https:\/\/www.nexoinformativo.mx\/index.php\/wp-json\/wp\/v2\/posts\/3403\/revisions"}],"predecessor-version":[{"id":3407,"href":"https:\/\/www.nexoinformativo.mx\/index.php\/wp-json\/wp\/v2\/posts\/3403\/revisions\/3407"}],"wp:featuredmedia":[{"embeddable":true,"href":"https:\/\/www.nexoinformativo.mx\/index.php\/wp-json\/wp\/v2\/media\/3404"}],"wp:attachment":[{"href":"https:\/\/www.nexoinformativo.mx\/index.php\/wp-json\/wp\/v2\/media?parent=3403"}],"wp:term":[{"taxonomy":"category","embeddable":true,"href":"https:\/\/www.nexoinformativo.mx\/index.php\/wp-json\/wp\/v2\/categories?post=3403"},{"taxonomy":"post_tag","embeddable":true,"href":"https:\/\/www.nexoinformativo.mx\/index.php\/wp-json\/wp\/v2\/tags?post=3403"}],"curies":[{"name":"wp","href":"https:\/\/api.w.org\/{rel}","templated":true}]}}