{"id":3408,"date":"2024-10-14T14:30:04","date_gmt":"2024-10-14T20:30:04","guid":{"rendered":"https:\/\/www.nexoinformativo.mx\/?p=3408"},"modified":"2024-10-14T15:00:37","modified_gmt":"2024-10-14T21:00:37","slug":"el-dif-arranca-colecta-invernal-para-apoyar-a-comunidades-vulnerables","status":"publish","type":"post","link":"https:\/\/www.nexoinformativo.mx\/index.php\/2024\/10\/14\/el-dif-arranca-colecta-invernal-para-apoyar-a-comunidades-vulnerables\/","title":{"rendered":"El DIF arranca colecta invernal para apoyar a comunidades vulnerables"},"content":{"rendered":"<p style=\"text-align: justify;\">Este d\u00eda, Car Herrera, presidenta del Sistema Estatal DIF, dio inicio a la colecta de cobijas, una iniciativa destinada a ayudar a las personas m\u00e1s vulnerables ante las bajas temperaturas del invierno. Durante el arranque, Herrera destac\u00f3 la importancia de la generosidad y empat\u00eda hacia las comunidades que sufren los efectos del fr\u00edo.<\/p>\n<p>&nbsp;<\/p>\n<p>Se\u00f1alando la importancia de ser emp\u00e1ticos y generosos, con la poblaci\u00f3n que viven en zonas donde las temperaturas bajan considerablemente esta temporada, especialmente en las comunidades de la zona serrana y el semidesierto.<\/p>\n<p>&nbsp;<\/p>\n<p style=\"text-align: justify;\">Se estar\u00e1n recibiendo las donaciones a partir de hoy en el Sistema Estatal en Plaza de Armas, Casa de la Mujer sobre la Av. Pie de la cuesta, en el CRIQ, en las imediaciones del estadio Corregidora y en la planta de Almacenamiento del Sistema DIF Estatal ubicada en Av. Tecnol\u00f3gico con Av. Universidad.<\/p>\n<p>&nbsp;<\/p>\n<p>&nbsp;<\/p>\n<p style=\"text-align: center;\"><em><strong>\u00a1Informaci\u00f3n que transforma!<\/strong><\/em><\/p>\n","protected":false},"excerpt":{"rendered":"<p>Este d\u00eda, Car Herrera, presidenta del Sistema Estatal DIF, dio inicio a la colecta de cobijas, una iniciativa destinada a ayudar a las personas m\u00e1s vulnerables ante las bajas temperaturas del invierno. Durante el arranque, Herrera destac\u00f3 la importancia de la generosidad y empat\u00eda hacia las comunidades que sufren los efectos del fr\u00edo. &nbsp; Se\u00f1alando [&hellip;]<\/p>\n","protected":false},"author":3,"featured_media":3409,"comment_status":"open","ping_status":"open","sticky":false,"template":"","format":"standard","meta":{"footnotes":""},"categories":[65,58],"tags":[1340,1339,1194,133],"class_list":["post-3408","post","type-post","status-publish","format-standard","has-post-thumbnail","hentry","category-municipios","category-ultima-hora","tag-bajastemperaturas","tag-colectainvernal","tag-dif","tag-queretaro"],"yoast_head":"<!-- This site is optimized with the Yoast SEO plugin v25.0 - https:\/\/yoast.com\/wordpress\/plugins\/seo\/ -->\n<title>El DIF arranca colecta invernal para apoyar a comunidades vulnerables | Nexo Informativo Santiago de Quer\u00e9taro<\/title>\n<meta name=\"description\" content=\"El DIF arranca colecta invernal para apoyar a comunidades vulnerables\" \/>\n<meta name=\"robots\" content=\"index, follow, max-snippet:-1, max-image-preview:large, max-video-preview:-1\" \/>\n<link rel=\"canonical\" href=\"https:\/\/www.nexoinformativo.mx\/index.php\/2024\/10\/14\/el-dif-arranca-colecta-invernal-para-apoyar-a-comunidades-vulnerables\/\" \/>\n<meta property=\"og:locale\" content=\"es_MX\" \/>\n<meta property=\"og:type\" content=\"article\" \/>\n<meta property=\"og:title\" content=\"El DIF arranca colecta invernal para apoyar a comunidades vulnerables | Nexo Informativo Santiago de Quer\u00e9taro\" \/>\n<meta property=\"og:description\" content=\"El DIF arranca colecta invernal para apoyar a comunidades vulnerables\" \/>\n<meta property=\"og:url\" content=\"https:\/\/www.nexoinformativo.mx\/index.php\/2024\/10\/14\/el-dif-arranca-colecta-invernal-para-apoyar-a-comunidades-vulnerables\/\" \/>\n<meta property=\"og:site_name\" content=\"Nexo Informativo Santiago de Quer\u00e9taro\" \/>\n<meta property=\"article:publisher\" content=\"https:\/\/www.facebook.com\/people\/Nexo-Informativo\/61564066885511\/\" \/>\n<meta property=\"article:published_time\" content=\"2024-10-14T20:30:04+00:00\" \/>\n<meta property=\"article:modified_time\" content=\"2024-10-14T21:00:37+00:00\" \/>\n<meta property=\"og:image\" content=\"https:\/\/www.nexoinformativo.mx\/wp-content\/uploads\/2024\/10\/PHOTO-2024-10-14-13-53-09-e1728939216987.jpg\" \/>\n\t<meta property=\"og:image:width\" content=\"800\" \/>\n\t<meta property=\"og:image:height\" content=\"600\" \/>\n\t<meta property=\"og:image:type\" content=\"image\/jpeg\" \/>\n<meta name=\"author\" content=\"Nexo Informativo\" \/>\n<meta name=\"twitter:card\" content=\"summary_large_image\" \/>\n<meta name=\"twitter:label1\" content=\"Escrito por\" \/>\n\t<meta name=\"twitter:data1\" content=\"Nexo Informativo\" \/>\n\t<meta name=\"twitter:label2\" content=\"Tiempo de lectura\" \/>\n\t<meta name=\"twitter:data2\" content=\"1 minuto\" \/>\n<script type=\"application\/ld+json\" class=\"yoast-schema-graph\">{\"@context\":\"https:\/\/schema.org\",\"@graph\":[{\"@type\":\"Article\",\"@id\":\"https:\/\/www.nexoinformativo.mx\/index.php\/2024\/10\/14\/el-dif-arranca-colecta-invernal-para-apoyar-a-comunidades-vulnerables\/#article\",\"isPartOf\":{\"@id\":\"https:\/\/www.nexoinformativo.mx\/index.php\/2024\/10\/14\/el-dif-arranca-colecta-invernal-para-apoyar-a-comunidades-vulnerables\/\"},\"author\":{\"name\":\"Nexo Informativo\",\"@id\":\"https:\/\/www.nexoinformativo.mx\/#\/schema\/person\/7749d380ba08c8ca00d7bc76fd907b7d\"},\"headline\":\"El DIF arranca colecta invernal para apoyar a comunidades vulnerables\",\"datePublished\":\"2024-10-14T20:30:04+00:00\",\"dateModified\":\"2024-10-14T21:00:37+00:00\",\"mainEntityOfPage\":{\"@id\":\"https:\/\/www.nexoinformativo.mx\/index.php\/2024\/10\/14\/el-dif-arranca-colecta-invernal-para-apoyar-a-comunidades-vulnerables\/\"},\"wordCount\":167,\"commentCount\":0,\"publisher\":{\"@id\":\"https:\/\/www.nexoinformativo.mx\/#organization\"},\"image\":{\"@id\":\"https:\/\/www.nexoinformativo.mx\/index.php\/2024\/10\/14\/el-dif-arranca-colecta-invernal-para-apoyar-a-comunidades-vulnerables\/#primaryimage\"},\"thumbnailUrl\":\"https:\/\/www.nexoinformativo.mx\/wp-content\/uploads\/2024\/10\/PHOTO-2024-10-14-13-53-09-e1728939216987.jpg\",\"keywords\":[\"bajasTemperaturas\",\"ColectaInvernal\",\"DIF\",\"Quer\u00e9taro\"],\"articleSection\":[\"Municipios\",\"\u00daltima Hora\"],\"inLanguage\":\"es\",\"potentialAction\":[{\"@type\":\"CommentAction\",\"name\":\"Comment\",\"target\":[\"https:\/\/www.nexoinformativo.mx\/index.php\/2024\/10\/14\/el-dif-arranca-colecta-invernal-para-apoyar-a-comunidades-vulnerables\/#respond\"]}]},{\"@type\":\"WebPage\",\"@id\":\"https:\/\/www.nexoinformativo.mx\/index.php\/2024\/10\/14\/el-dif-arranca-colecta-invernal-para-apoyar-a-comunidades-vulnerables\/\",\"url\":\"https:\/\/www.nexoinformativo.mx\/index.php\/2024\/10\/14\/el-dif-arranca-colecta-invernal-para-apoyar-a-comunidades-vulnerables\/\",\"name\":\"El DIF arranca colecta invernal para apoyar a comunidades vulnerables | Nexo Informativo Santiago de Quer\u00e9taro\",\"isPartOf\":{\"@id\":\"https:\/\/www.nexoinformativo.mx\/#website\"},\"primaryImageOfPage\":{\"@id\":\"https:\/\/www.nexoinformativo.mx\/index.php\/2024\/10\/14\/el-dif-arranca-colecta-invernal-para-apoyar-a-comunidades-vulnerables\/#primaryimage\"},\"image\":{\"@id\":\"https:\/\/www.nexoinformativo.mx\/index.php\/2024\/10\/14\/el-dif-arranca-colecta-invernal-para-apoyar-a-comunidades-vulnerables\/#primaryimage\"},\"thumbnailUrl\":\"https:\/\/www.nexoinformativo.mx\/wp-content\/uploads\/2024\/10\/PHOTO-2024-10-14-13-53-09-e1728939216987.jpg\",\"datePublished\":\"2024-10-14T20:30:04+00:00\",\"dateModified\":\"2024-10-14T21:00:37+00:00\",\"description\":\"El DIF arranca colecta invernal para apoyar a comunidades vulnerables\",\"breadcrumb\":{\"@id\":\"https:\/\/www.nexoinformativo.mx\/index.php\/2024\/10\/14\/el-dif-arranca-colecta-invernal-para-apoyar-a-comunidades-vulnerables\/#breadcrumb\"},\"inLanguage\":\"es\",\"potentialAction\":[{\"@type\":\"ReadAction\",\"target\":[\"https:\/\/www.nexoinformativo.mx\/index.php\/2024\/10\/14\/el-dif-arranca-colecta-invernal-para-apoyar-a-comunidades-vulnerables\/\"]}]},{\"@type\":\"ImageObject\",\"inLanguage\":\"es\",\"@id\":\"https:\/\/www.nexoinformativo.mx\/index.php\/2024\/10\/14\/el-dif-arranca-colecta-invernal-para-apoyar-a-comunidades-vulnerables\/#primaryimage\",\"url\":\"https:\/\/www.nexoinformativo.mx\/wp-content\/uploads\/2024\/10\/PHOTO-2024-10-14-13-53-09-e1728939216987.jpg\",\"contentUrl\":\"https:\/\/www.nexoinformativo.mx\/wp-content\/uploads\/2024\/10\/PHOTO-2024-10-14-13-53-09-e1728939216987.jpg\",\"width\":800,\"height\":600},{\"@type\":\"BreadcrumbList\",\"@id\":\"https:\/\/www.nexoinformativo.mx\/index.php\/2024\/10\/14\/el-dif-arranca-colecta-invernal-para-apoyar-a-comunidades-vulnerables\/#breadcrumb\",\"itemListElement\":[{\"@type\":\"ListItem\",\"position\":1,\"name\":\"Inicio\",\"item\":\"https:\/\/www.nexoinformativo.mx\/\"},{\"@type\":\"ListItem\",\"position\":2,\"name\":\"El DIF arranca colecta invernal para apoyar a comunidades vulnerables\"}]},{\"@type\":\"WebSite\",\"@id\":\"https:\/\/www.nexoinformativo.mx\/#website\",\"url\":\"https:\/\/www.nexoinformativo.mx\/\",\"name\":\"Nexo Informativo Santiago de Quer\u00e9taro\",\"description\":\"Explora NexoInformativo y convi\u00e9rtete en parte de una comunidad que valora el conocimiento y la verdad. Tu nexoinformativo es tu puente hacia una comprensi\u00f3n m\u00e1s profunda del mundo que te rodea.\",\"publisher\":{\"@id\":\"https:\/\/www.nexoinformativo.mx\/#organization\"},\"potentialAction\":[{\"@type\":\"SearchAction\",\"target\":{\"@type\":\"EntryPoint\",\"urlTemplate\":\"https:\/\/www.nexoinformativo.mx\/?s={search_term_string}\"},\"query-input\":{\"@type\":\"PropertyValueSpecification\",\"valueRequired\":true,\"valueName\":\"search_term_string\"}}],\"inLanguage\":\"es\"},{\"@type\":\"Organization\",\"@id\":\"https:\/\/www.nexoinformativo.mx\/#organization\",\"name\":\"Nexo Informativo Santiago de Quer\u00e9taro\",\"url\":\"https:\/\/www.nexoinformativo.mx\/\",\"logo\":{\"@type\":\"ImageObject\",\"inLanguage\":\"es\",\"@id\":\"https:\/\/www.nexoinformativo.mx\/#\/schema\/logo\/image\/\",\"url\":\"https:\/\/www.nexoinformativo.mx\/wp-content\/uploads\/2024\/07\/nexoi-trasparente-2.png\",\"contentUrl\":\"https:\/\/www.nexoinformativo.mx\/wp-content\/uploads\/2024\/07\/nexoi-trasparente-2.png\",\"width\":816,\"height\":339,\"caption\":\"Nexo Informativo Santiago de Quer\u00e9taro\"},\"image\":{\"@id\":\"https:\/\/www.nexoinformativo.mx\/#\/schema\/logo\/image\/\"},\"sameAs\":[\"https:\/\/www.facebook.com\/people\/Nexo-Informativo\/61564066885511\/\"]},{\"@type\":\"Person\",\"@id\":\"https:\/\/www.nexoinformativo.mx\/#\/schema\/person\/7749d380ba08c8ca00d7bc76fd907b7d\",\"name\":\"Nexo Informativo\",\"image\":{\"@type\":\"ImageObject\",\"inLanguage\":\"es\",\"@id\":\"https:\/\/www.nexoinformativo.mx\/#\/schema\/person\/image\/\",\"url\":\"https:\/\/secure.gravatar.com\/avatar\/dde2928154642a13d95f87ddf1ea9718fe2b46760a005c53e41ff5ad610704e6?s=96&d=mm&r=g\",\"contentUrl\":\"https:\/\/secure.gravatar.com\/avatar\/dde2928154642a13d95f87ddf1ea9718fe2b46760a005c53e41ff5ad610704e6?s=96&d=mm&r=g\",\"caption\":\"Nexo Informativo\"},\"url\":\"https:\/\/www.nexoinformativo.mx\/index.php\/author\/edicion\/\"}]}<\/script>\n<!-- \/ Yoast SEO plugin. -->","yoast_head_json":{"title":"El DIF arranca colecta invernal para apoyar a comunidades vulnerables | Nexo Informativo Santiago de Quer\u00e9taro","description":"El DIF arranca colecta invernal para apoyar a comunidades vulnerables","robots":{"index":"index","follow":"follow","max-snippet":"max-snippet:-1","max-image-preview":"max-image-preview:large","max-video-preview":"max-video-preview:-1"},"canonical":"https:\/\/www.nexoinformativo.mx\/index.php\/2024\/10\/14\/el-dif-arranca-colecta-invernal-para-apoyar-a-comunidades-vulnerables\/","og_locale":"es_MX","og_type":"article","og_title":"El DIF arranca colecta invernal para apoyar a comunidades vulnerables | Nexo Informativo Santiago de Quer\u00e9taro","og_description":"El DIF arranca colecta invernal para apoyar a comunidades vulnerables","og_url":"https:\/\/www.nexoinformativo.mx\/index.php\/2024\/10\/14\/el-dif-arranca-colecta-invernal-para-apoyar-a-comunidades-vulnerables\/","og_site_name":"Nexo Informativo Santiago de Quer\u00e9taro","article_publisher":"https:\/\/www.facebook.com\/people\/Nexo-Informativo\/61564066885511\/","article_published_time":"2024-10-14T20:30:04+00:00","article_modified_time":"2024-10-14T21:00:37+00:00","og_image":[{"width":800,"height":600,"url":"https:\/\/www.nexoinformativo.mx\/wp-content\/uploads\/2024\/10\/PHOTO-2024-10-14-13-53-09-e1728939216987.jpg","type":"image\/jpeg"}],"author":"Nexo Informativo","twitter_card":"summary_large_image","twitter_misc":{"Escrito por":"Nexo Informativo","Tiempo de lectura":"1 minuto"},"schema":{"@context":"https:\/\/schema.org","@graph":[{"@type":"Article","@id":"https:\/\/www.nexoinformativo.mx\/index.php\/2024\/10\/14\/el-dif-arranca-colecta-invernal-para-apoyar-a-comunidades-vulnerables\/#article","isPartOf":{"@id":"https:\/\/www.nexoinformativo.mx\/index.php\/2024\/10\/14\/el-dif-arranca-colecta-invernal-para-apoyar-a-comunidades-vulnerables\/"},"author":{"name":"Nexo Informativo","@id":"https:\/\/www.nexoinformativo.mx\/#\/schema\/person\/7749d380ba08c8ca00d7bc76fd907b7d"},"headline":"El DIF arranca colecta invernal para apoyar a comunidades vulnerables","datePublished":"2024-10-14T20:30:04+00:00","dateModified":"2024-10-14T21:00:37+00:00","mainEntityOfPage":{"@id":"https:\/\/www.nexoinformativo.mx\/index.php\/2024\/10\/14\/el-dif-arranca-colecta-invernal-para-apoyar-a-comunidades-vulnerables\/"},"wordCount":167,"commentCount":0,"publisher":{"@id":"https:\/\/www.nexoinformativo.mx\/#organization"},"image":{"@id":"https:\/\/www.nexoinformativo.mx\/index.php\/2024\/10\/14\/el-dif-arranca-colecta-invernal-para-apoyar-a-comunidades-vulnerables\/#primaryimage"},"thumbnailUrl":"https:\/\/www.nexoinformativo.mx\/wp-content\/uploads\/2024\/10\/PHOTO-2024-10-14-13-53-09-e1728939216987.jpg","keywords":["bajasTemperaturas","ColectaInvernal","DIF","Quer\u00e9taro"],"articleSection":["Municipios","\u00daltima Hora"],"inLanguage":"es","potentialAction":[{"@type":"CommentAction","name":"Comment","target":["https:\/\/www.nexoinformativo.mx\/index.php\/2024\/10\/14\/el-dif-arranca-colecta-invernal-para-apoyar-a-comunidades-vulnerables\/#respond"]}]},{"@type":"WebPage","@id":"https:\/\/www.nexoinformativo.mx\/index.php\/2024\/10\/14\/el-dif-arranca-colecta-invernal-para-apoyar-a-comunidades-vulnerables\/","url":"https:\/\/www.nexoinformativo.mx\/index.php\/2024\/10\/14\/el-dif-arranca-colecta-invernal-para-apoyar-a-comunidades-vulnerables\/","name":"El DIF arranca colecta invernal para apoyar a comunidades vulnerables | Nexo Informativo Santiago de Quer\u00e9taro","isPartOf":{"@id":"https:\/\/www.nexoinformativo.mx\/#website"},"primaryImageOfPage":{"@id":"https:\/\/www.nexoinformativo.mx\/index.php\/2024\/10\/14\/el-dif-arranca-colecta-invernal-para-apoyar-a-comunidades-vulnerables\/#primaryimage"},"image":{"@id":"https:\/\/www.nexoinformativo.mx\/index.php\/2024\/10\/14\/el-dif-arranca-colecta-invernal-para-apoyar-a-comunidades-vulnerables\/#primaryimage"},"thumbnailUrl":"https:\/\/www.nexoinformativo.mx\/wp-content\/uploads\/2024\/10\/PHOTO-2024-10-14-13-53-09-e1728939216987.jpg","datePublished":"2024-10-14T20:30:04+00:00","dateModified":"2024-10-14T21:00:37+00:00","description":"El DIF arranca colecta invernal para apoyar a comunidades vulnerables","breadcrumb":{"@id":"https:\/\/www.nexoinformativo.mx\/index.php\/2024\/10\/14\/el-dif-arranca-colecta-invernal-para-apoyar-a-comunidades-vulnerables\/#breadcrumb"},"inLanguage":"es","potentialAction":[{"@type":"ReadAction","target":["https:\/\/www.nexoinformativo.mx\/index.php\/2024\/10\/14\/el-dif-arranca-colecta-invernal-para-apoyar-a-comunidades-vulnerables\/"]}]},{"@type":"ImageObject","inLanguage":"es","@id":"https:\/\/www.nexoinformativo.mx\/index.php\/2024\/10\/14\/el-dif-arranca-colecta-invernal-para-apoyar-a-comunidades-vulnerables\/#primaryimage","url":"https:\/\/www.nexoinformativo.mx\/wp-content\/uploads\/2024\/10\/PHOTO-2024-10-14-13-53-09-e1728939216987.jpg","contentUrl":"https:\/\/www.nexoinformativo.mx\/wp-content\/uploads\/2024\/10\/PHOTO-2024-10-14-13-53-09-e1728939216987.jpg","width":800,"height":600},{"@type":"BreadcrumbList","@id":"https:\/\/www.nexoinformativo.mx\/index.php\/2024\/10\/14\/el-dif-arranca-colecta-invernal-para-apoyar-a-comunidades-vulnerables\/#breadcrumb","itemListElement":[{"@type":"ListItem","position":1,"name":"Inicio","item":"https:\/\/www.nexoinformativo.mx\/"},{"@type":"ListItem","position":2,"name":"El DIF arranca colecta invernal para apoyar a comunidades vulnerables"}]},{"@type":"WebSite","@id":"https:\/\/www.nexoinformativo.mx\/#website","url":"https:\/\/www.nexoinformativo.mx\/","name":"Nexo Informativo Santiago de Quer\u00e9taro","description":"Explora NexoInformativo y convi\u00e9rtete en parte de una comunidad que valora el conocimiento y la verdad. Tu nexoinformativo es tu puente hacia una comprensi\u00f3n m\u00e1s profunda del mundo que te rodea.","publisher":{"@id":"https:\/\/www.nexoinformativo.mx\/#organization"},"potentialAction":[{"@type":"SearchAction","target":{"@type":"EntryPoint","urlTemplate":"https:\/\/www.nexoinformativo.mx\/?s={search_term_string}"},"query-input":{"@type":"PropertyValueSpecification","valueRequired":true,"valueName":"search_term_string"}}],"inLanguage":"es"},{"@type":"Organization","@id":"https:\/\/www.nexoinformativo.mx\/#organization","name":"Nexo Informativo Santiago de Quer\u00e9taro","url":"https:\/\/www.nexoinformativo.mx\/","logo":{"@type":"ImageObject","inLanguage":"es","@id":"https:\/\/www.nexoinformativo.mx\/#\/schema\/logo\/image\/","url":"https:\/\/www.nexoinformativo.mx\/wp-content\/uploads\/2024\/07\/nexoi-trasparente-2.png","contentUrl":"https:\/\/www.nexoinformativo.mx\/wp-content\/uploads\/2024\/07\/nexoi-trasparente-2.png","width":816,"height":339,"caption":"Nexo Informativo Santiago de Quer\u00e9taro"},"image":{"@id":"https:\/\/www.nexoinformativo.mx\/#\/schema\/logo\/image\/"},"sameAs":["https:\/\/www.facebook.com\/people\/Nexo-Informativo\/61564066885511\/"]},{"@type":"Person","@id":"https:\/\/www.nexoinformativo.mx\/#\/schema\/person\/7749d380ba08c8ca00d7bc76fd907b7d","name":"Nexo Informativo","image":{"@type":"ImageObject","inLanguage":"es","@id":"https:\/\/www.nexoinformativo.mx\/#\/schema\/person\/image\/","url":"https:\/\/secure.gravatar.com\/avatar\/dde2928154642a13d95f87ddf1ea9718fe2b46760a005c53e41ff5ad610704e6?s=96&d=mm&r=g","contentUrl":"https:\/\/secure.gravatar.com\/avatar\/dde2928154642a13d95f87ddf1ea9718fe2b46760a005c53e41ff5ad610704e6?s=96&d=mm&r=g","caption":"Nexo Informativo"},"url":"https:\/\/www.nexoinformativo.mx\/index.php\/author\/edicion\/"}]}},"_links":{"self":[{"href":"https:\/\/www.nexoinformativo.mx\/index.php\/wp-json\/wp\/v2\/posts\/3408","targetHints":{"allow":["GET"]}}],"collection":[{"href":"https:\/\/www.nexoinformativo.mx\/index.php\/wp-json\/wp\/v2\/posts"}],"about":[{"href":"https:\/\/www.nexoinformativo.mx\/index.php\/wp-json\/wp\/v2\/types\/post"}],"author":[{"embeddable":true,"href":"https:\/\/www.nexoinformativo.mx\/index.php\/wp-json\/wp\/v2\/users\/3"}],"replies":[{"embeddable":true,"href":"https:\/\/www.nexoinformativo.mx\/index.php\/wp-json\/wp\/v2\/comments?post=3408"}],"version-history":[{"count":3,"href":"https:\/\/www.nexoinformativo.mx\/index.php\/wp-json\/wp\/v2\/posts\/3408\/revisions"}],"predecessor-version":[{"id":3411,"href":"https:\/\/www.nexoinformativo.mx\/index.php\/wp-json\/wp\/v2\/posts\/3408\/revisions\/3411"}],"wp:featuredmedia":[{"embeddable":true,"href":"https:\/\/www.nexoinformativo.mx\/index.php\/wp-json\/wp\/v2\/media\/3409"}],"wp:attachment":[{"href":"https:\/\/www.nexoinformativo.mx\/index.php\/wp-json\/wp\/v2\/media?parent=3408"}],"wp:term":[{"taxonomy":"category","embeddable":true,"href":"https:\/\/www.nexoinformativo.mx\/index.php\/wp-json\/wp\/v2\/categories?post=3408"},{"taxonomy":"post_tag","embeddable":true,"href":"https:\/\/www.nexoinformativo.mx\/index.php\/wp-json\/wp\/v2\/tags?post=3408"}],"curies":[{"name":"wp","href":"https:\/\/api.w.org\/{rel}","templated":true}]}}