{"id":3427,"date":"2024-10-14T16:00:03","date_gmt":"2024-10-14T22:00:03","guid":{"rendered":"https:\/\/www.nexoinformativo.mx\/?p=3427"},"modified":"2024-10-14T17:34:56","modified_gmt":"2024-10-14T23:34:56","slug":"stephen-ibaraki-debemos-prepararnos-para-el-futuro-tecnologico-de-los-proximos-cinco-anos","status":"publish","type":"post","link":"https:\/\/www.nexoinformativo.mx\/index.php\/2024\/10\/14\/stephen-ibaraki-debemos-prepararnos-para-el-futuro-tecnologico-de-los-proximos-cinco-anos\/","title":{"rendered":"Stephen Ibaraki: &#8220;Debemos prepararnos para el futuro tecnol\u00f3gico de los pr\u00f3ximos cinco a\u00f1os&#8221;"},"content":{"rendered":"<p style=\"text-align: justify;\">Stephen Ibaraki, destacado asesor tecnol\u00f3gico internacional, ha advertido sobre la r\u00e1pida evoluci\u00f3n de la inteligencia artificial (IA) y su impacto disruptivo en todos los \u00e1mbitos de la vida. Durante una conferencia reciente, el tecn\u00f3logo canadiense destac\u00f3 la urgencia de prepararse para los cambios dr\u00e1sticos que la tecnolog\u00eda traer\u00e1 en los pr\u00f3ximos 5 a\u00f1os.<\/p>\n<p>&nbsp;<\/p>\n<p style=\"text-align: justify;\">Ibaraki subray\u00f3 que la IA se est\u00e1 convirtiendo en una herramienta clave en sectores como la salud, la educaci\u00f3n y la industria. Sin embargo, su creciente influencia plantea retos importantes para la sociedad y el mercado laboral. La automatizaci\u00f3n y el uso de algoritmos avanzados podr\u00edan transformar la forma en que trabajamos y nos comunicamos, lo que obliga a las organizaciones y la fuerza laboral a adaptarse.<\/p>\n<p>&nbsp;<\/p>\n<p style=\"text-align: justify;\">Seg\u00fan Ibaraki, es crucial que las empresas inviertan en la capacitaci\u00f3n continua de sus empleados, no solo para que dominen las nuevas herramientas digitales, sino tambi\u00e9n para aprender a colaborar eficientemente con sistemas automatizados. Este enfoque ayudar\u00e1 a minimizar los riesgos asociados con la disrupci\u00f3n tecnol\u00f3gica y permitir\u00e1 una transici\u00f3n m\u00e1s fluida hacia el futuro digital.<\/p>\n<p>&nbsp;<\/p>\n<p style=\"text-align: justify;\">Ibaraki concluy\u00f3 se\u00f1alando que &#8220;<strong>la clave no est\u00e1 en adaptarse al cambio cuando ocurre, sino en anticiparse a \u00e9l&#8221;<\/strong>. La humanidad debe estar preparada para enfrentar los desaf\u00edos que traer\u00e1 esta evoluci\u00f3n tecnol\u00f3gica y aprovechar sus beneficios.<\/p>\n<p>&nbsp;<\/p>\n<p style=\"text-align: center;\"><em><strong>\u00a1Informaci\u00f3n que transforma!<\/strong><\/em><\/p>\n","protected":false},"excerpt":{"rendered":"<p>Stephen Ibaraki, destacado asesor tecnol\u00f3gico internacional, ha advertido sobre la r\u00e1pida evoluci\u00f3n de la inteligencia artificial (IA) y su impacto disruptivo en todos los \u00e1mbitos de la vida. Durante una conferencia reciente, el tecn\u00f3logo canadiense destac\u00f3 la urgencia de prepararse para los cambios dr\u00e1sticos que la tecnolog\u00eda traer\u00e1 en los pr\u00f3ximos 5 a\u00f1os. &nbsp; Ibaraki [&hellip;]<\/p>\n","protected":false},"author":3,"featured_media":3430,"comment_status":"open","ping_status":"open","sticky":false,"template":"","format":"standard","meta":{"footnotes":""},"categories":[13,58],"tags":[1347,341,1128,1348],"class_list":["post-3427","post","type-post","status-publish","format-standard","has-post-thumbnail","hentry","category-tecnologia","category-ultima-hora","tag-futurotecnologico","tag-innovacion","tag-inteligenciaartificial","tag-transformaciondigital"],"yoast_head":"<!-- This site is optimized with the Yoast SEO plugin v25.0 - https:\/\/yoast.com\/wordpress\/plugins\/seo\/ -->\n<title>Stephen Ibaraki: &quot;Debemos prepararnos para el futuro tecnol\u00f3gico de los pr\u00f3ximos cinco a\u00f1os&quot; | Nexo Informativo Santiago de Quer\u00e9taro<\/title>\n<meta name=\"robots\" content=\"index, follow, max-snippet:-1, max-image-preview:large, max-video-preview:-1\" \/>\n<link rel=\"canonical\" href=\"https:\/\/www.nexoinformativo.mx\/index.php\/2024\/10\/14\/stephen-ibaraki-debemos-prepararnos-para-el-futuro-tecnologico-de-los-proximos-cinco-anos\/\" \/>\n<meta property=\"og:locale\" content=\"es_MX\" \/>\n<meta property=\"og:type\" content=\"article\" \/>\n<meta property=\"og:title\" content=\"Stephen Ibaraki: &quot;Debemos prepararnos para el futuro tecnol\u00f3gico de los pr\u00f3ximos cinco a\u00f1os&quot; | Nexo Informativo Santiago de Quer\u00e9taro\" \/>\n<meta property=\"og:description\" content=\"Stephen Ibaraki, destacado asesor tecnol\u00f3gico internacional, ha advertido sobre la r\u00e1pida evoluci\u00f3n de la inteligencia artificial (IA) y su impacto disruptivo en todos los \u00e1mbitos de la vida. Durante una conferencia reciente, el tecn\u00f3logo canadiense destac\u00f3 la urgencia de prepararse para los cambios dr\u00e1sticos que la tecnolog\u00eda traer\u00e1 en los pr\u00f3ximos 5 a\u00f1os. &nbsp; Ibaraki [&hellip;]\" \/>\n<meta property=\"og:url\" content=\"https:\/\/www.nexoinformativo.mx\/index.php\/2024\/10\/14\/stephen-ibaraki-debemos-prepararnos-para-el-futuro-tecnologico-de-los-proximos-cinco-anos\/\" \/>\n<meta property=\"og:site_name\" content=\"Nexo Informativo Santiago de Quer\u00e9taro\" \/>\n<meta property=\"article:publisher\" content=\"https:\/\/www.facebook.com\/people\/Nexo-Informativo\/61564066885511\/\" \/>\n<meta property=\"article:published_time\" content=\"2024-10-14T22:00:03+00:00\" \/>\n<meta property=\"article:modified_time\" content=\"2024-10-14T23:34:56+00:00\" \/>\n<meta property=\"og:image\" content=\"https:\/\/www.nexoinformativo.mx\/wp-content\/uploads\/2024\/10\/IMG_6920.jpg\" \/>\n\t<meta property=\"og:image:width\" content=\"495\" \/>\n\t<meta property=\"og:image:height\" content=\"620\" \/>\n\t<meta property=\"og:image:type\" content=\"image\/jpeg\" \/>\n<meta name=\"author\" content=\"Nexo Informativo\" \/>\n<meta name=\"twitter:card\" content=\"summary_large_image\" \/>\n<meta name=\"twitter:label1\" content=\"Escrito por\" \/>\n\t<meta name=\"twitter:data1\" content=\"Nexo Informativo\" \/>\n\t<meta name=\"twitter:label2\" content=\"Tiempo de lectura\" \/>\n\t<meta name=\"twitter:data2\" content=\"2 minutos\" \/>\n<script type=\"application\/ld+json\" class=\"yoast-schema-graph\">{\"@context\":\"https:\/\/schema.org\",\"@graph\":[{\"@type\":\"Article\",\"@id\":\"https:\/\/www.nexoinformativo.mx\/index.php\/2024\/10\/14\/stephen-ibaraki-debemos-prepararnos-para-el-futuro-tecnologico-de-los-proximos-cinco-anos\/#article\",\"isPartOf\":{\"@id\":\"https:\/\/www.nexoinformativo.mx\/index.php\/2024\/10\/14\/stephen-ibaraki-debemos-prepararnos-para-el-futuro-tecnologico-de-los-proximos-cinco-anos\/\"},\"author\":{\"name\":\"Nexo Informativo\",\"@id\":\"https:\/\/www.nexoinformativo.mx\/#\/schema\/person\/7749d380ba08c8ca00d7bc76fd907b7d\"},\"headline\":\"Stephen Ibaraki: &#8220;Debemos prepararnos para el futuro tecnol\u00f3gico de los pr\u00f3ximos cinco a\u00f1os&#8221;\",\"datePublished\":\"2024-10-14T22:00:03+00:00\",\"dateModified\":\"2024-10-14T23:34:56+00:00\",\"mainEntityOfPage\":{\"@id\":\"https:\/\/www.nexoinformativo.mx\/index.php\/2024\/10\/14\/stephen-ibaraki-debemos-prepararnos-para-el-futuro-tecnologico-de-los-proximos-cinco-anos\/\"},\"wordCount\":258,\"commentCount\":0,\"publisher\":{\"@id\":\"https:\/\/www.nexoinformativo.mx\/#organization\"},\"image\":{\"@id\":\"https:\/\/www.nexoinformativo.mx\/index.php\/2024\/10\/14\/stephen-ibaraki-debemos-prepararnos-para-el-futuro-tecnologico-de-los-proximos-cinco-anos\/#primaryimage\"},\"thumbnailUrl\":\"https:\/\/www.nexoinformativo.mx\/wp-content\/uploads\/2024\/10\/IMG_6920.jpg\",\"keywords\":[\"FuturoTecnol\u00f3gico\",\"Innovaci\u00f3n\",\"InteligenciaArtificial\",\"Transformaci\u00f3nDigital\"],\"articleSection\":[\"Tecnolog\u00eda\",\"\u00daltima Hora\"],\"inLanguage\":\"es\",\"potentialAction\":[{\"@type\":\"CommentAction\",\"name\":\"Comment\",\"target\":[\"https:\/\/www.nexoinformativo.mx\/index.php\/2024\/10\/14\/stephen-ibaraki-debemos-prepararnos-para-el-futuro-tecnologico-de-los-proximos-cinco-anos\/#respond\"]}]},{\"@type\":\"WebPage\",\"@id\":\"https:\/\/www.nexoinformativo.mx\/index.php\/2024\/10\/14\/stephen-ibaraki-debemos-prepararnos-para-el-futuro-tecnologico-de-los-proximos-cinco-anos\/\",\"url\":\"https:\/\/www.nexoinformativo.mx\/index.php\/2024\/10\/14\/stephen-ibaraki-debemos-prepararnos-para-el-futuro-tecnologico-de-los-proximos-cinco-anos\/\",\"name\":\"Stephen Ibaraki: \\\"Debemos prepararnos para el futuro tecnol\u00f3gico de los pr\u00f3ximos cinco a\u00f1os\\\" | Nexo Informativo Santiago de Quer\u00e9taro\",\"isPartOf\":{\"@id\":\"https:\/\/www.nexoinformativo.mx\/#website\"},\"primaryImageOfPage\":{\"@id\":\"https:\/\/www.nexoinformativo.mx\/index.php\/2024\/10\/14\/stephen-ibaraki-debemos-prepararnos-para-el-futuro-tecnologico-de-los-proximos-cinco-anos\/#primaryimage\"},\"image\":{\"@id\":\"https:\/\/www.nexoinformativo.mx\/index.php\/2024\/10\/14\/stephen-ibaraki-debemos-prepararnos-para-el-futuro-tecnologico-de-los-proximos-cinco-anos\/#primaryimage\"},\"thumbnailUrl\":\"https:\/\/www.nexoinformativo.mx\/wp-content\/uploads\/2024\/10\/IMG_6920.jpg\",\"datePublished\":\"2024-10-14T22:00:03+00:00\",\"dateModified\":\"2024-10-14T23:34:56+00:00\",\"breadcrumb\":{\"@id\":\"https:\/\/www.nexoinformativo.mx\/index.php\/2024\/10\/14\/stephen-ibaraki-debemos-prepararnos-para-el-futuro-tecnologico-de-los-proximos-cinco-anos\/#breadcrumb\"},\"inLanguage\":\"es\",\"potentialAction\":[{\"@type\":\"ReadAction\",\"target\":[\"https:\/\/www.nexoinformativo.mx\/index.php\/2024\/10\/14\/stephen-ibaraki-debemos-prepararnos-para-el-futuro-tecnologico-de-los-proximos-cinco-anos\/\"]}]},{\"@type\":\"ImageObject\",\"inLanguage\":\"es\",\"@id\":\"https:\/\/www.nexoinformativo.mx\/index.php\/2024\/10\/14\/stephen-ibaraki-debemos-prepararnos-para-el-futuro-tecnologico-de-los-proximos-cinco-anos\/#primaryimage\",\"url\":\"https:\/\/www.nexoinformativo.mx\/wp-content\/uploads\/2024\/10\/IMG_6920.jpg\",\"contentUrl\":\"https:\/\/www.nexoinformativo.mx\/wp-content\/uploads\/2024\/10\/IMG_6920.jpg\",\"width\":495,\"height\":620},{\"@type\":\"BreadcrumbList\",\"@id\":\"https:\/\/www.nexoinformativo.mx\/index.php\/2024\/10\/14\/stephen-ibaraki-debemos-prepararnos-para-el-futuro-tecnologico-de-los-proximos-cinco-anos\/#breadcrumb\",\"itemListElement\":[{\"@type\":\"ListItem\",\"position\":1,\"name\":\"Inicio\",\"item\":\"https:\/\/www.nexoinformativo.mx\/\"},{\"@type\":\"ListItem\",\"position\":2,\"name\":\"Stephen Ibaraki: &#8220;Debemos prepararnos para el futuro tecnol\u00f3gico de los pr\u00f3ximos cinco a\u00f1os&#8221;\"}]},{\"@type\":\"WebSite\",\"@id\":\"https:\/\/www.nexoinformativo.mx\/#website\",\"url\":\"https:\/\/www.nexoinformativo.mx\/\",\"name\":\"Nexo Informativo Santiago de Quer\u00e9taro\",\"description\":\"Explora NexoInformativo y convi\u00e9rtete en parte de una comunidad que valora el conocimiento y la verdad. Tu nexoinformativo es tu puente hacia una comprensi\u00f3n m\u00e1s profunda del mundo que te rodea.\",\"publisher\":{\"@id\":\"https:\/\/www.nexoinformativo.mx\/#organization\"},\"potentialAction\":[{\"@type\":\"SearchAction\",\"target\":{\"@type\":\"EntryPoint\",\"urlTemplate\":\"https:\/\/www.nexoinformativo.mx\/?s={search_term_string}\"},\"query-input\":{\"@type\":\"PropertyValueSpecification\",\"valueRequired\":true,\"valueName\":\"search_term_string\"}}],\"inLanguage\":\"es\"},{\"@type\":\"Organization\",\"@id\":\"https:\/\/www.nexoinformativo.mx\/#organization\",\"name\":\"Nexo Informativo Santiago de Quer\u00e9taro\",\"url\":\"https:\/\/www.nexoinformativo.mx\/\",\"logo\":{\"@type\":\"ImageObject\",\"inLanguage\":\"es\",\"@id\":\"https:\/\/www.nexoinformativo.mx\/#\/schema\/logo\/image\/\",\"url\":\"https:\/\/www.nexoinformativo.mx\/wp-content\/uploads\/2024\/07\/nexoi-trasparente-2.png\",\"contentUrl\":\"https:\/\/www.nexoinformativo.mx\/wp-content\/uploads\/2024\/07\/nexoi-trasparente-2.png\",\"width\":816,\"height\":339,\"caption\":\"Nexo Informativo Santiago de Quer\u00e9taro\"},\"image\":{\"@id\":\"https:\/\/www.nexoinformativo.mx\/#\/schema\/logo\/image\/\"},\"sameAs\":[\"https:\/\/www.facebook.com\/people\/Nexo-Informativo\/61564066885511\/\"]},{\"@type\":\"Person\",\"@id\":\"https:\/\/www.nexoinformativo.mx\/#\/schema\/person\/7749d380ba08c8ca00d7bc76fd907b7d\",\"name\":\"Nexo Informativo\",\"image\":{\"@type\":\"ImageObject\",\"inLanguage\":\"es\",\"@id\":\"https:\/\/www.nexoinformativo.mx\/#\/schema\/person\/image\/\",\"url\":\"https:\/\/secure.gravatar.com\/avatar\/dde2928154642a13d95f87ddf1ea9718fe2b46760a005c53e41ff5ad610704e6?s=96&d=mm&r=g\",\"contentUrl\":\"https:\/\/secure.gravatar.com\/avatar\/dde2928154642a13d95f87ddf1ea9718fe2b46760a005c53e41ff5ad610704e6?s=96&d=mm&r=g\",\"caption\":\"Nexo Informativo\"},\"url\":\"https:\/\/www.nexoinformativo.mx\/index.php\/author\/edicion\/\"}]}<\/script>\n<!-- \/ Yoast SEO plugin. -->","yoast_head_json":{"title":"Stephen Ibaraki: \"Debemos prepararnos para el futuro tecnol\u00f3gico de los pr\u00f3ximos cinco a\u00f1os\" | Nexo Informativo Santiago de Quer\u00e9taro","robots":{"index":"index","follow":"follow","max-snippet":"max-snippet:-1","max-image-preview":"max-image-preview:large","max-video-preview":"max-video-preview:-1"},"canonical":"https:\/\/www.nexoinformativo.mx\/index.php\/2024\/10\/14\/stephen-ibaraki-debemos-prepararnos-para-el-futuro-tecnologico-de-los-proximos-cinco-anos\/","og_locale":"es_MX","og_type":"article","og_title":"Stephen Ibaraki: \"Debemos prepararnos para el futuro tecnol\u00f3gico de los pr\u00f3ximos cinco a\u00f1os\" | Nexo Informativo Santiago de Quer\u00e9taro","og_description":"Stephen Ibaraki, destacado asesor tecnol\u00f3gico internacional, ha advertido sobre la r\u00e1pida evoluci\u00f3n de la inteligencia artificial (IA) y su impacto disruptivo en todos los \u00e1mbitos de la vida. Durante una conferencia reciente, el tecn\u00f3logo canadiense destac\u00f3 la urgencia de prepararse para los cambios dr\u00e1sticos que la tecnolog\u00eda traer\u00e1 en los pr\u00f3ximos 5 a\u00f1os. &nbsp; Ibaraki [&hellip;]","og_url":"https:\/\/www.nexoinformativo.mx\/index.php\/2024\/10\/14\/stephen-ibaraki-debemos-prepararnos-para-el-futuro-tecnologico-de-los-proximos-cinco-anos\/","og_site_name":"Nexo Informativo Santiago de Quer\u00e9taro","article_publisher":"https:\/\/www.facebook.com\/people\/Nexo-Informativo\/61564066885511\/","article_published_time":"2024-10-14T22:00:03+00:00","article_modified_time":"2024-10-14T23:34:56+00:00","og_image":[{"width":495,"height":620,"url":"https:\/\/www.nexoinformativo.mx\/wp-content\/uploads\/2024\/10\/IMG_6920.jpg","type":"image\/jpeg"}],"author":"Nexo Informativo","twitter_card":"summary_large_image","twitter_misc":{"Escrito por":"Nexo Informativo","Tiempo de lectura":"2 minutos"},"schema":{"@context":"https:\/\/schema.org","@graph":[{"@type":"Article","@id":"https:\/\/www.nexoinformativo.mx\/index.php\/2024\/10\/14\/stephen-ibaraki-debemos-prepararnos-para-el-futuro-tecnologico-de-los-proximos-cinco-anos\/#article","isPartOf":{"@id":"https:\/\/www.nexoinformativo.mx\/index.php\/2024\/10\/14\/stephen-ibaraki-debemos-prepararnos-para-el-futuro-tecnologico-de-los-proximos-cinco-anos\/"},"author":{"name":"Nexo Informativo","@id":"https:\/\/www.nexoinformativo.mx\/#\/schema\/person\/7749d380ba08c8ca00d7bc76fd907b7d"},"headline":"Stephen Ibaraki: &#8220;Debemos prepararnos para el futuro tecnol\u00f3gico de los pr\u00f3ximos cinco a\u00f1os&#8221;","datePublished":"2024-10-14T22:00:03+00:00","dateModified":"2024-10-14T23:34:56+00:00","mainEntityOfPage":{"@id":"https:\/\/www.nexoinformativo.mx\/index.php\/2024\/10\/14\/stephen-ibaraki-debemos-prepararnos-para-el-futuro-tecnologico-de-los-proximos-cinco-anos\/"},"wordCount":258,"commentCount":0,"publisher":{"@id":"https:\/\/www.nexoinformativo.mx\/#organization"},"image":{"@id":"https:\/\/www.nexoinformativo.mx\/index.php\/2024\/10\/14\/stephen-ibaraki-debemos-prepararnos-para-el-futuro-tecnologico-de-los-proximos-cinco-anos\/#primaryimage"},"thumbnailUrl":"https:\/\/www.nexoinformativo.mx\/wp-content\/uploads\/2024\/10\/IMG_6920.jpg","keywords":["FuturoTecnol\u00f3gico","Innovaci\u00f3n","InteligenciaArtificial","Transformaci\u00f3nDigital"],"articleSection":["Tecnolog\u00eda","\u00daltima Hora"],"inLanguage":"es","potentialAction":[{"@type":"CommentAction","name":"Comment","target":["https:\/\/www.nexoinformativo.mx\/index.php\/2024\/10\/14\/stephen-ibaraki-debemos-prepararnos-para-el-futuro-tecnologico-de-los-proximos-cinco-anos\/#respond"]}]},{"@type":"WebPage","@id":"https:\/\/www.nexoinformativo.mx\/index.php\/2024\/10\/14\/stephen-ibaraki-debemos-prepararnos-para-el-futuro-tecnologico-de-los-proximos-cinco-anos\/","url":"https:\/\/www.nexoinformativo.mx\/index.php\/2024\/10\/14\/stephen-ibaraki-debemos-prepararnos-para-el-futuro-tecnologico-de-los-proximos-cinco-anos\/","name":"Stephen Ibaraki: \"Debemos prepararnos para el futuro tecnol\u00f3gico de los pr\u00f3ximos cinco a\u00f1os\" | Nexo Informativo Santiago de Quer\u00e9taro","isPartOf":{"@id":"https:\/\/www.nexoinformativo.mx\/#website"},"primaryImageOfPage":{"@id":"https:\/\/www.nexoinformativo.mx\/index.php\/2024\/10\/14\/stephen-ibaraki-debemos-prepararnos-para-el-futuro-tecnologico-de-los-proximos-cinco-anos\/#primaryimage"},"image":{"@id":"https:\/\/www.nexoinformativo.mx\/index.php\/2024\/10\/14\/stephen-ibaraki-debemos-prepararnos-para-el-futuro-tecnologico-de-los-proximos-cinco-anos\/#primaryimage"},"thumbnailUrl":"https:\/\/www.nexoinformativo.mx\/wp-content\/uploads\/2024\/10\/IMG_6920.jpg","datePublished":"2024-10-14T22:00:03+00:00","dateModified":"2024-10-14T23:34:56+00:00","breadcrumb":{"@id":"https:\/\/www.nexoinformativo.mx\/index.php\/2024\/10\/14\/stephen-ibaraki-debemos-prepararnos-para-el-futuro-tecnologico-de-los-proximos-cinco-anos\/#breadcrumb"},"inLanguage":"es","potentialAction":[{"@type":"ReadAction","target":["https:\/\/www.nexoinformativo.mx\/index.php\/2024\/10\/14\/stephen-ibaraki-debemos-prepararnos-para-el-futuro-tecnologico-de-los-proximos-cinco-anos\/"]}]},{"@type":"ImageObject","inLanguage":"es","@id":"https:\/\/www.nexoinformativo.mx\/index.php\/2024\/10\/14\/stephen-ibaraki-debemos-prepararnos-para-el-futuro-tecnologico-de-los-proximos-cinco-anos\/#primaryimage","url":"https:\/\/www.nexoinformativo.mx\/wp-content\/uploads\/2024\/10\/IMG_6920.jpg","contentUrl":"https:\/\/www.nexoinformativo.mx\/wp-content\/uploads\/2024\/10\/IMG_6920.jpg","width":495,"height":620},{"@type":"BreadcrumbList","@id":"https:\/\/www.nexoinformativo.mx\/index.php\/2024\/10\/14\/stephen-ibaraki-debemos-prepararnos-para-el-futuro-tecnologico-de-los-proximos-cinco-anos\/#breadcrumb","itemListElement":[{"@type":"ListItem","position":1,"name":"Inicio","item":"https:\/\/www.nexoinformativo.mx\/"},{"@type":"ListItem","position":2,"name":"Stephen Ibaraki: &#8220;Debemos prepararnos para el futuro tecnol\u00f3gico de los pr\u00f3ximos cinco a\u00f1os&#8221;"}]},{"@type":"WebSite","@id":"https:\/\/www.nexoinformativo.mx\/#website","url":"https:\/\/www.nexoinformativo.mx\/","name":"Nexo Informativo Santiago de Quer\u00e9taro","description":"Explora NexoInformativo y convi\u00e9rtete en parte de una comunidad que valora el conocimiento y la verdad. Tu nexoinformativo es tu puente hacia una comprensi\u00f3n m\u00e1s profunda del mundo que te rodea.","publisher":{"@id":"https:\/\/www.nexoinformativo.mx\/#organization"},"potentialAction":[{"@type":"SearchAction","target":{"@type":"EntryPoint","urlTemplate":"https:\/\/www.nexoinformativo.mx\/?s={search_term_string}"},"query-input":{"@type":"PropertyValueSpecification","valueRequired":true,"valueName":"search_term_string"}}],"inLanguage":"es"},{"@type":"Organization","@id":"https:\/\/www.nexoinformativo.mx\/#organization","name":"Nexo Informativo Santiago de Quer\u00e9taro","url":"https:\/\/www.nexoinformativo.mx\/","logo":{"@type":"ImageObject","inLanguage":"es","@id":"https:\/\/www.nexoinformativo.mx\/#\/schema\/logo\/image\/","url":"https:\/\/www.nexoinformativo.mx\/wp-content\/uploads\/2024\/07\/nexoi-trasparente-2.png","contentUrl":"https:\/\/www.nexoinformativo.mx\/wp-content\/uploads\/2024\/07\/nexoi-trasparente-2.png","width":816,"height":339,"caption":"Nexo Informativo Santiago de Quer\u00e9taro"},"image":{"@id":"https:\/\/www.nexoinformativo.mx\/#\/schema\/logo\/image\/"},"sameAs":["https:\/\/www.facebook.com\/people\/Nexo-Informativo\/61564066885511\/"]},{"@type":"Person","@id":"https:\/\/www.nexoinformativo.mx\/#\/schema\/person\/7749d380ba08c8ca00d7bc76fd907b7d","name":"Nexo Informativo","image":{"@type":"ImageObject","inLanguage":"es","@id":"https:\/\/www.nexoinformativo.mx\/#\/schema\/person\/image\/","url":"https:\/\/secure.gravatar.com\/avatar\/dde2928154642a13d95f87ddf1ea9718fe2b46760a005c53e41ff5ad610704e6?s=96&d=mm&r=g","contentUrl":"https:\/\/secure.gravatar.com\/avatar\/dde2928154642a13d95f87ddf1ea9718fe2b46760a005c53e41ff5ad610704e6?s=96&d=mm&r=g","caption":"Nexo Informativo"},"url":"https:\/\/www.nexoinformativo.mx\/index.php\/author\/edicion\/"}]}},"_links":{"self":[{"href":"https:\/\/www.nexoinformativo.mx\/index.php\/wp-json\/wp\/v2\/posts\/3427","targetHints":{"allow":["GET"]}}],"collection":[{"href":"https:\/\/www.nexoinformativo.mx\/index.php\/wp-json\/wp\/v2\/posts"}],"about":[{"href":"https:\/\/www.nexoinformativo.mx\/index.php\/wp-json\/wp\/v2\/types\/post"}],"author":[{"embeddable":true,"href":"https:\/\/www.nexoinformativo.mx\/index.php\/wp-json\/wp\/v2\/users\/3"}],"replies":[{"embeddable":true,"href":"https:\/\/www.nexoinformativo.mx\/index.php\/wp-json\/wp\/v2\/comments?post=3427"}],"version-history":[{"count":5,"href":"https:\/\/www.nexoinformativo.mx\/index.php\/wp-json\/wp\/v2\/posts\/3427\/revisions"}],"predecessor-version":[{"id":3429,"href":"https:\/\/www.nexoinformativo.mx\/index.php\/wp-json\/wp\/v2\/posts\/3427\/revisions\/3429"}],"wp:featuredmedia":[{"embeddable":true,"href":"https:\/\/www.nexoinformativo.mx\/index.php\/wp-json\/wp\/v2\/media\/3430"}],"wp:attachment":[{"href":"https:\/\/www.nexoinformativo.mx\/index.php\/wp-json\/wp\/v2\/media?parent=3427"}],"wp:term":[{"taxonomy":"category","embeddable":true,"href":"https:\/\/www.nexoinformativo.mx\/index.php\/wp-json\/wp\/v2\/categories?post=3427"},{"taxonomy":"post_tag","embeddable":true,"href":"https:\/\/www.nexoinformativo.mx\/index.php\/wp-json\/wp\/v2\/tags?post=3427"}],"curies":[{"name":"wp","href":"https:\/\/api.w.org\/{rel}","templated":true}]}}