{"id":3444,"date":"2024-10-14T20:30:33","date_gmt":"2024-10-15T02:30:33","guid":{"rendered":"https:\/\/www.nexoinformativo.mx\/?p=3444"},"modified":"2024-10-14T22:55:21","modified_gmt":"2024-10-15T04:55:21","slug":"corregidora-lanza-programa-de-deteccion-gratuita-de-cancer-de-mama","status":"publish","type":"post","link":"https:\/\/www.nexoinformativo.mx\/index.php\/2024\/10\/14\/corregidora-lanza-programa-de-deteccion-gratuita-de-cancer-de-mama\/","title":{"rendered":"Corregidora lanza programa de detecci\u00f3n gratuita de c\u00e1ncer de mama"},"content":{"rendered":"<p style=\"text-align: justify;\">En el marco del Mes de la Concientizaci\u00f3n Sobre el C\u00e1ncer de Mama, el presidente municipal de Corregidora, Chepe Guerrero, present\u00f3 el programa <strong>&#8220;A paso Firme, Juntas Contra el C\u00e1ncer&#8221;<\/strong>, que busca beneficiar a m\u00e1s de 400 mujeres de Corregidora con estudios gratuitos de detecci\u00f3n de c\u00e1ncer de mama.<\/p>\n<p>&nbsp;<\/p>\n<p style=\"text-align: justify;\">El objetivo es detectar de manera temprana el c\u00e1ncer de mama y c\u00e9rvicouterino, y as\u00ed combatir la primera causa de muerte en la poblaci\u00f3n femenina a nivel mundial.<\/p>\n<p>&nbsp;<\/p>\n<p style=\"text-align: justify;\">Chepe Guerrero manifest\u00f3 que unir\u00e1n fuerzas para luchar contra la principal causa de muerte en mujeres a nivel global, que es el c\u00e1ncer de mama, mediante programas de prevenci\u00f3n, campa\u00f1as de conciencia y tratamientos.<\/p>\n<p>&nbsp;<\/p>\n<p style=\"text-align: justify;\">&#8220;No est\u00e1n solas; juntos vamos a luchar contra el c\u00e1ncer de mama y cervicouterino. En mi gobierno, la salud integral de las mujeres y las familias ser\u00e1 la base de nuestro progreso social, ya que sin salud no hay progreso. Ustedes, las mujeres, son el orgullo de este municipio. No permitiremos que el c\u00e1ncer siga quit\u00e1ndonos la vida de nuestras hijas, hermanas, madres o abuelas&#8221;, enfatiz\u00f3.<\/p>\n<p>&nbsp;<\/p>\n<p>El programa, que se llevar\u00e1 a cabo los d\u00edas 22, 23 y 25 de octubre en las instalaciones de la Secretar\u00eda Municipal de la Mujer, ofrecer\u00e1 estudios de papanicolaou, pruebas de VPH y citas para mastograf\u00edas.<\/p>\n<p>&nbsp;<\/p>\n<p style=\"text-align: center;\"><em><strong>\u00a1Informaci\u00f3n que transforma!<\/strong><\/em><\/p>\n<p>&nbsp;<\/p>\n<p>&nbsp;<\/p>\n","protected":false},"excerpt":{"rendered":"<p>En el marco del Mes de la Concientizaci\u00f3n Sobre el C\u00e1ncer de Mama, el presidente municipal de Corregidora, Chepe Guerrero, present\u00f3 el programa &#8220;A paso Firme, Juntas Contra el C\u00e1ncer&#8221;.<\/p>\n","protected":false},"author":3,"featured_media":3445,"comment_status":"open","ping_status":"open","sticky":false,"template":"","format":"standard","meta":{"footnotes":""},"categories":[65,58],"tags":[1356,1358,1357,1359],"class_list":["post-3444","post","type-post","status-publish","format-standard","has-post-thumbnail","hentry","category-municipios","category-ultima-hora","tag-cancerdemama","tag-corregidoracontraelcancer","tag-deteccion-gratuita","tag-saludintegral"],"yoast_head":"<!-- This site is optimized with the Yoast SEO plugin v25.0 - https:\/\/yoast.com\/wordpress\/plugins\/seo\/ -->\n<title>Corregidora lanza programa de detecci\u00f3n gratuita de c\u00e1ncer de mama | Nexo Informativo Santiago de Quer\u00e9taro<\/title>\n<meta name=\"description\" content=\"Corregidora lanza programa de detecci\u00f3n gratuita de c\u00e1ncer de mama\" \/>\n<meta name=\"robots\" content=\"index, follow, max-snippet:-1, max-image-preview:large, max-video-preview:-1\" \/>\n<link rel=\"canonical\" href=\"https:\/\/www.nexoinformativo.mx\/index.php\/2024\/10\/14\/corregidora-lanza-programa-de-deteccion-gratuita-de-cancer-de-mama\/\" \/>\n<meta property=\"og:locale\" content=\"es_MX\" \/>\n<meta property=\"og:type\" content=\"article\" \/>\n<meta property=\"og:title\" content=\"Corregidora lanza programa de detecci\u00f3n gratuita de c\u00e1ncer de mama | Nexo Informativo Santiago de Quer\u00e9taro\" \/>\n<meta property=\"og:description\" content=\"Corregidora lanza programa de detecci\u00f3n gratuita de c\u00e1ncer de mama\" \/>\n<meta property=\"og:url\" content=\"https:\/\/www.nexoinformativo.mx\/index.php\/2024\/10\/14\/corregidora-lanza-programa-de-deteccion-gratuita-de-cancer-de-mama\/\" \/>\n<meta property=\"og:site_name\" content=\"Nexo Informativo Santiago de Quer\u00e9taro\" \/>\n<meta property=\"article:publisher\" content=\"https:\/\/www.facebook.com\/people\/Nexo-Informativo\/61564066885511\/\" \/>\n<meta property=\"article:published_time\" content=\"2024-10-15T02:30:33+00:00\" \/>\n<meta property=\"article:modified_time\" content=\"2024-10-15T04:55:21+00:00\" \/>\n<meta property=\"og:image\" content=\"https:\/\/www.nexoinformativo.mx\/wp-content\/uploads\/2024\/10\/PHOTO-2024-10-14-22-41-12-e1728967880746.jpg\" \/>\n\t<meta property=\"og:image:width\" content=\"800\" \/>\n\t<meta property=\"og:image:height\" content=\"1000\" \/>\n\t<meta property=\"og:image:type\" content=\"image\/jpeg\" \/>\n<meta name=\"author\" content=\"Nexo Informativo\" \/>\n<meta name=\"twitter:card\" content=\"summary_large_image\" \/>\n<meta name=\"twitter:label1\" content=\"Escrito por\" \/>\n\t<meta name=\"twitter:data1\" content=\"Nexo Informativo\" \/>\n\t<meta name=\"twitter:label2\" content=\"Tiempo de lectura\" \/>\n\t<meta name=\"twitter:data2\" content=\"2 minutos\" \/>\n<script type=\"application\/ld+json\" class=\"yoast-schema-graph\">{\"@context\":\"https:\/\/schema.org\",\"@graph\":[{\"@type\":\"Article\",\"@id\":\"https:\/\/www.nexoinformativo.mx\/index.php\/2024\/10\/14\/corregidora-lanza-programa-de-deteccion-gratuita-de-cancer-de-mama\/#article\",\"isPartOf\":{\"@id\":\"https:\/\/www.nexoinformativo.mx\/index.php\/2024\/10\/14\/corregidora-lanza-programa-de-deteccion-gratuita-de-cancer-de-mama\/\"},\"author\":{\"name\":\"Nexo Informativo\",\"@id\":\"https:\/\/www.nexoinformativo.mx\/#\/schema\/person\/7749d380ba08c8ca00d7bc76fd907b7d\"},\"headline\":\"Corregidora lanza programa de detecci\u00f3n gratuita de c\u00e1ncer de mama\",\"datePublished\":\"2024-10-15T02:30:33+00:00\",\"dateModified\":\"2024-10-15T04:55:21+00:00\",\"mainEntityOfPage\":{\"@id\":\"https:\/\/www.nexoinformativo.mx\/index.php\/2024\/10\/14\/corregidora-lanza-programa-de-deteccion-gratuita-de-cancer-de-mama\/\"},\"wordCount\":252,\"commentCount\":0,\"publisher\":{\"@id\":\"https:\/\/www.nexoinformativo.mx\/#organization\"},\"image\":{\"@id\":\"https:\/\/www.nexoinformativo.mx\/index.php\/2024\/10\/14\/corregidora-lanza-programa-de-deteccion-gratuita-de-cancer-de-mama\/#primaryimage\"},\"thumbnailUrl\":\"https:\/\/www.nexoinformativo.mx\/wp-content\/uploads\/2024\/10\/PHOTO-2024-10-14-22-41-12-e1728967880746.jpg\",\"keywords\":[\"C\u00e1ncerDeMama\",\"CorregidoraContraElC\u00e1ncer\",\"Detecci\u00f3n Gratuita\",\"SaludIntegral\"],\"articleSection\":[\"Municipios\",\"\u00daltima Hora\"],\"inLanguage\":\"es\",\"potentialAction\":[{\"@type\":\"CommentAction\",\"name\":\"Comment\",\"target\":[\"https:\/\/www.nexoinformativo.mx\/index.php\/2024\/10\/14\/corregidora-lanza-programa-de-deteccion-gratuita-de-cancer-de-mama\/#respond\"]}]},{\"@type\":\"WebPage\",\"@id\":\"https:\/\/www.nexoinformativo.mx\/index.php\/2024\/10\/14\/corregidora-lanza-programa-de-deteccion-gratuita-de-cancer-de-mama\/\",\"url\":\"https:\/\/www.nexoinformativo.mx\/index.php\/2024\/10\/14\/corregidora-lanza-programa-de-deteccion-gratuita-de-cancer-de-mama\/\",\"name\":\"Corregidora lanza programa de detecci\u00f3n gratuita de c\u00e1ncer de mama | Nexo Informativo Santiago de Quer\u00e9taro\",\"isPartOf\":{\"@id\":\"https:\/\/www.nexoinformativo.mx\/#website\"},\"primaryImageOfPage\":{\"@id\":\"https:\/\/www.nexoinformativo.mx\/index.php\/2024\/10\/14\/corregidora-lanza-programa-de-deteccion-gratuita-de-cancer-de-mama\/#primaryimage\"},\"image\":{\"@id\":\"https:\/\/www.nexoinformativo.mx\/index.php\/2024\/10\/14\/corregidora-lanza-programa-de-deteccion-gratuita-de-cancer-de-mama\/#primaryimage\"},\"thumbnailUrl\":\"https:\/\/www.nexoinformativo.mx\/wp-content\/uploads\/2024\/10\/PHOTO-2024-10-14-22-41-12-e1728967880746.jpg\",\"datePublished\":\"2024-10-15T02:30:33+00:00\",\"dateModified\":\"2024-10-15T04:55:21+00:00\",\"description\":\"Corregidora lanza programa de detecci\u00f3n gratuita de c\u00e1ncer de mama\",\"breadcrumb\":{\"@id\":\"https:\/\/www.nexoinformativo.mx\/index.php\/2024\/10\/14\/corregidora-lanza-programa-de-deteccion-gratuita-de-cancer-de-mama\/#breadcrumb\"},\"inLanguage\":\"es\",\"potentialAction\":[{\"@type\":\"ReadAction\",\"target\":[\"https:\/\/www.nexoinformativo.mx\/index.php\/2024\/10\/14\/corregidora-lanza-programa-de-deteccion-gratuita-de-cancer-de-mama\/\"]}]},{\"@type\":\"ImageObject\",\"inLanguage\":\"es\",\"@id\":\"https:\/\/www.nexoinformativo.mx\/index.php\/2024\/10\/14\/corregidora-lanza-programa-de-deteccion-gratuita-de-cancer-de-mama\/#primaryimage\",\"url\":\"https:\/\/www.nexoinformativo.mx\/wp-content\/uploads\/2024\/10\/PHOTO-2024-10-14-22-41-12-e1728967880746.jpg\",\"contentUrl\":\"https:\/\/www.nexoinformativo.mx\/wp-content\/uploads\/2024\/10\/PHOTO-2024-10-14-22-41-12-e1728967880746.jpg\",\"width\":800,\"height\":1000},{\"@type\":\"BreadcrumbList\",\"@id\":\"https:\/\/www.nexoinformativo.mx\/index.php\/2024\/10\/14\/corregidora-lanza-programa-de-deteccion-gratuita-de-cancer-de-mama\/#breadcrumb\",\"itemListElement\":[{\"@type\":\"ListItem\",\"position\":1,\"name\":\"Inicio\",\"item\":\"https:\/\/www.nexoinformativo.mx\/\"},{\"@type\":\"ListItem\",\"position\":2,\"name\":\"Corregidora lanza programa de detecci\u00f3n gratuita de c\u00e1ncer de mama\"}]},{\"@type\":\"WebSite\",\"@id\":\"https:\/\/www.nexoinformativo.mx\/#website\",\"url\":\"https:\/\/www.nexoinformativo.mx\/\",\"name\":\"Nexo Informativo Santiago de Quer\u00e9taro\",\"description\":\"Explora NexoInformativo y convi\u00e9rtete en parte de una comunidad que valora el conocimiento y la verdad. Tu nexoinformativo es tu puente hacia una comprensi\u00f3n m\u00e1s profunda del mundo que te rodea.\",\"publisher\":{\"@id\":\"https:\/\/www.nexoinformativo.mx\/#organization\"},\"potentialAction\":[{\"@type\":\"SearchAction\",\"target\":{\"@type\":\"EntryPoint\",\"urlTemplate\":\"https:\/\/www.nexoinformativo.mx\/?s={search_term_string}\"},\"query-input\":{\"@type\":\"PropertyValueSpecification\",\"valueRequired\":true,\"valueName\":\"search_term_string\"}}],\"inLanguage\":\"es\"},{\"@type\":\"Organization\",\"@id\":\"https:\/\/www.nexoinformativo.mx\/#organization\",\"name\":\"Nexo Informativo Santiago de Quer\u00e9taro\",\"url\":\"https:\/\/www.nexoinformativo.mx\/\",\"logo\":{\"@type\":\"ImageObject\",\"inLanguage\":\"es\",\"@id\":\"https:\/\/www.nexoinformativo.mx\/#\/schema\/logo\/image\/\",\"url\":\"https:\/\/www.nexoinformativo.mx\/wp-content\/uploads\/2024\/07\/nexoi-trasparente-2.png\",\"contentUrl\":\"https:\/\/www.nexoinformativo.mx\/wp-content\/uploads\/2024\/07\/nexoi-trasparente-2.png\",\"width\":816,\"height\":339,\"caption\":\"Nexo Informativo Santiago de Quer\u00e9taro\"},\"image\":{\"@id\":\"https:\/\/www.nexoinformativo.mx\/#\/schema\/logo\/image\/\"},\"sameAs\":[\"https:\/\/www.facebook.com\/people\/Nexo-Informativo\/61564066885511\/\"]},{\"@type\":\"Person\",\"@id\":\"https:\/\/www.nexoinformativo.mx\/#\/schema\/person\/7749d380ba08c8ca00d7bc76fd907b7d\",\"name\":\"Nexo Informativo\",\"image\":{\"@type\":\"ImageObject\",\"inLanguage\":\"es\",\"@id\":\"https:\/\/www.nexoinformativo.mx\/#\/schema\/person\/image\/\",\"url\":\"https:\/\/secure.gravatar.com\/avatar\/dde2928154642a13d95f87ddf1ea9718fe2b46760a005c53e41ff5ad610704e6?s=96&d=mm&r=g\",\"contentUrl\":\"https:\/\/secure.gravatar.com\/avatar\/dde2928154642a13d95f87ddf1ea9718fe2b46760a005c53e41ff5ad610704e6?s=96&d=mm&r=g\",\"caption\":\"Nexo Informativo\"},\"url\":\"https:\/\/www.nexoinformativo.mx\/index.php\/author\/edicion\/\"}]}<\/script>\n<!-- \/ Yoast SEO plugin. -->","yoast_head_json":{"title":"Corregidora lanza programa de detecci\u00f3n gratuita de c\u00e1ncer de mama | Nexo Informativo Santiago de Quer\u00e9taro","description":"Corregidora lanza programa de detecci\u00f3n gratuita de c\u00e1ncer de mama","robots":{"index":"index","follow":"follow","max-snippet":"max-snippet:-1","max-image-preview":"max-image-preview:large","max-video-preview":"max-video-preview:-1"},"canonical":"https:\/\/www.nexoinformativo.mx\/index.php\/2024\/10\/14\/corregidora-lanza-programa-de-deteccion-gratuita-de-cancer-de-mama\/","og_locale":"es_MX","og_type":"article","og_title":"Corregidora lanza programa de detecci\u00f3n gratuita de c\u00e1ncer de mama | Nexo Informativo Santiago de Quer\u00e9taro","og_description":"Corregidora lanza programa de detecci\u00f3n gratuita de c\u00e1ncer de mama","og_url":"https:\/\/www.nexoinformativo.mx\/index.php\/2024\/10\/14\/corregidora-lanza-programa-de-deteccion-gratuita-de-cancer-de-mama\/","og_site_name":"Nexo Informativo Santiago de Quer\u00e9taro","article_publisher":"https:\/\/www.facebook.com\/people\/Nexo-Informativo\/61564066885511\/","article_published_time":"2024-10-15T02:30:33+00:00","article_modified_time":"2024-10-15T04:55:21+00:00","og_image":[{"width":800,"height":1000,"url":"https:\/\/www.nexoinformativo.mx\/wp-content\/uploads\/2024\/10\/PHOTO-2024-10-14-22-41-12-e1728967880746.jpg","type":"image\/jpeg"}],"author":"Nexo Informativo","twitter_card":"summary_large_image","twitter_misc":{"Escrito por":"Nexo Informativo","Tiempo de lectura":"2 minutos"},"schema":{"@context":"https:\/\/schema.org","@graph":[{"@type":"Article","@id":"https:\/\/www.nexoinformativo.mx\/index.php\/2024\/10\/14\/corregidora-lanza-programa-de-deteccion-gratuita-de-cancer-de-mama\/#article","isPartOf":{"@id":"https:\/\/www.nexoinformativo.mx\/index.php\/2024\/10\/14\/corregidora-lanza-programa-de-deteccion-gratuita-de-cancer-de-mama\/"},"author":{"name":"Nexo Informativo","@id":"https:\/\/www.nexoinformativo.mx\/#\/schema\/person\/7749d380ba08c8ca00d7bc76fd907b7d"},"headline":"Corregidora lanza programa de detecci\u00f3n gratuita de c\u00e1ncer de mama","datePublished":"2024-10-15T02:30:33+00:00","dateModified":"2024-10-15T04:55:21+00:00","mainEntityOfPage":{"@id":"https:\/\/www.nexoinformativo.mx\/index.php\/2024\/10\/14\/corregidora-lanza-programa-de-deteccion-gratuita-de-cancer-de-mama\/"},"wordCount":252,"commentCount":0,"publisher":{"@id":"https:\/\/www.nexoinformativo.mx\/#organization"},"image":{"@id":"https:\/\/www.nexoinformativo.mx\/index.php\/2024\/10\/14\/corregidora-lanza-programa-de-deteccion-gratuita-de-cancer-de-mama\/#primaryimage"},"thumbnailUrl":"https:\/\/www.nexoinformativo.mx\/wp-content\/uploads\/2024\/10\/PHOTO-2024-10-14-22-41-12-e1728967880746.jpg","keywords":["C\u00e1ncerDeMama","CorregidoraContraElC\u00e1ncer","Detecci\u00f3n Gratuita","SaludIntegral"],"articleSection":["Municipios","\u00daltima Hora"],"inLanguage":"es","potentialAction":[{"@type":"CommentAction","name":"Comment","target":["https:\/\/www.nexoinformativo.mx\/index.php\/2024\/10\/14\/corregidora-lanza-programa-de-deteccion-gratuita-de-cancer-de-mama\/#respond"]}]},{"@type":"WebPage","@id":"https:\/\/www.nexoinformativo.mx\/index.php\/2024\/10\/14\/corregidora-lanza-programa-de-deteccion-gratuita-de-cancer-de-mama\/","url":"https:\/\/www.nexoinformativo.mx\/index.php\/2024\/10\/14\/corregidora-lanza-programa-de-deteccion-gratuita-de-cancer-de-mama\/","name":"Corregidora lanza programa de detecci\u00f3n gratuita de c\u00e1ncer de mama | Nexo Informativo Santiago de Quer\u00e9taro","isPartOf":{"@id":"https:\/\/www.nexoinformativo.mx\/#website"},"primaryImageOfPage":{"@id":"https:\/\/www.nexoinformativo.mx\/index.php\/2024\/10\/14\/corregidora-lanza-programa-de-deteccion-gratuita-de-cancer-de-mama\/#primaryimage"},"image":{"@id":"https:\/\/www.nexoinformativo.mx\/index.php\/2024\/10\/14\/corregidora-lanza-programa-de-deteccion-gratuita-de-cancer-de-mama\/#primaryimage"},"thumbnailUrl":"https:\/\/www.nexoinformativo.mx\/wp-content\/uploads\/2024\/10\/PHOTO-2024-10-14-22-41-12-e1728967880746.jpg","datePublished":"2024-10-15T02:30:33+00:00","dateModified":"2024-10-15T04:55:21+00:00","description":"Corregidora lanza programa de detecci\u00f3n gratuita de c\u00e1ncer de mama","breadcrumb":{"@id":"https:\/\/www.nexoinformativo.mx\/index.php\/2024\/10\/14\/corregidora-lanza-programa-de-deteccion-gratuita-de-cancer-de-mama\/#breadcrumb"},"inLanguage":"es","potentialAction":[{"@type":"ReadAction","target":["https:\/\/www.nexoinformativo.mx\/index.php\/2024\/10\/14\/corregidora-lanza-programa-de-deteccion-gratuita-de-cancer-de-mama\/"]}]},{"@type":"ImageObject","inLanguage":"es","@id":"https:\/\/www.nexoinformativo.mx\/index.php\/2024\/10\/14\/corregidora-lanza-programa-de-deteccion-gratuita-de-cancer-de-mama\/#primaryimage","url":"https:\/\/www.nexoinformativo.mx\/wp-content\/uploads\/2024\/10\/PHOTO-2024-10-14-22-41-12-e1728967880746.jpg","contentUrl":"https:\/\/www.nexoinformativo.mx\/wp-content\/uploads\/2024\/10\/PHOTO-2024-10-14-22-41-12-e1728967880746.jpg","width":800,"height":1000},{"@type":"BreadcrumbList","@id":"https:\/\/www.nexoinformativo.mx\/index.php\/2024\/10\/14\/corregidora-lanza-programa-de-deteccion-gratuita-de-cancer-de-mama\/#breadcrumb","itemListElement":[{"@type":"ListItem","position":1,"name":"Inicio","item":"https:\/\/www.nexoinformativo.mx\/"},{"@type":"ListItem","position":2,"name":"Corregidora lanza programa de detecci\u00f3n gratuita de c\u00e1ncer de mama"}]},{"@type":"WebSite","@id":"https:\/\/www.nexoinformativo.mx\/#website","url":"https:\/\/www.nexoinformativo.mx\/","name":"Nexo Informativo Santiago de Quer\u00e9taro","description":"Explora NexoInformativo y convi\u00e9rtete en parte de una comunidad que valora el conocimiento y la verdad. Tu nexoinformativo es tu puente hacia una comprensi\u00f3n m\u00e1s profunda del mundo que te rodea.","publisher":{"@id":"https:\/\/www.nexoinformativo.mx\/#organization"},"potentialAction":[{"@type":"SearchAction","target":{"@type":"EntryPoint","urlTemplate":"https:\/\/www.nexoinformativo.mx\/?s={search_term_string}"},"query-input":{"@type":"PropertyValueSpecification","valueRequired":true,"valueName":"search_term_string"}}],"inLanguage":"es"},{"@type":"Organization","@id":"https:\/\/www.nexoinformativo.mx\/#organization","name":"Nexo Informativo Santiago de Quer\u00e9taro","url":"https:\/\/www.nexoinformativo.mx\/","logo":{"@type":"ImageObject","inLanguage":"es","@id":"https:\/\/www.nexoinformativo.mx\/#\/schema\/logo\/image\/","url":"https:\/\/www.nexoinformativo.mx\/wp-content\/uploads\/2024\/07\/nexoi-trasparente-2.png","contentUrl":"https:\/\/www.nexoinformativo.mx\/wp-content\/uploads\/2024\/07\/nexoi-trasparente-2.png","width":816,"height":339,"caption":"Nexo Informativo Santiago de Quer\u00e9taro"},"image":{"@id":"https:\/\/www.nexoinformativo.mx\/#\/schema\/logo\/image\/"},"sameAs":["https:\/\/www.facebook.com\/people\/Nexo-Informativo\/61564066885511\/"]},{"@type":"Person","@id":"https:\/\/www.nexoinformativo.mx\/#\/schema\/person\/7749d380ba08c8ca00d7bc76fd907b7d","name":"Nexo Informativo","image":{"@type":"ImageObject","inLanguage":"es","@id":"https:\/\/www.nexoinformativo.mx\/#\/schema\/person\/image\/","url":"https:\/\/secure.gravatar.com\/avatar\/dde2928154642a13d95f87ddf1ea9718fe2b46760a005c53e41ff5ad610704e6?s=96&d=mm&r=g","contentUrl":"https:\/\/secure.gravatar.com\/avatar\/dde2928154642a13d95f87ddf1ea9718fe2b46760a005c53e41ff5ad610704e6?s=96&d=mm&r=g","caption":"Nexo Informativo"},"url":"https:\/\/www.nexoinformativo.mx\/index.php\/author\/edicion\/"}]}},"_links":{"self":[{"href":"https:\/\/www.nexoinformativo.mx\/index.php\/wp-json\/wp\/v2\/posts\/3444","targetHints":{"allow":["GET"]}}],"collection":[{"href":"https:\/\/www.nexoinformativo.mx\/index.php\/wp-json\/wp\/v2\/posts"}],"about":[{"href":"https:\/\/www.nexoinformativo.mx\/index.php\/wp-json\/wp\/v2\/types\/post"}],"author":[{"embeddable":true,"href":"https:\/\/www.nexoinformativo.mx\/index.php\/wp-json\/wp\/v2\/users\/3"}],"replies":[{"embeddable":true,"href":"https:\/\/www.nexoinformativo.mx\/index.php\/wp-json\/wp\/v2\/comments?post=3444"}],"version-history":[{"count":4,"href":"https:\/\/www.nexoinformativo.mx\/index.php\/wp-json\/wp\/v2\/posts\/3444\/revisions"}],"predecessor-version":[{"id":3450,"href":"https:\/\/www.nexoinformativo.mx\/index.php\/wp-json\/wp\/v2\/posts\/3444\/revisions\/3450"}],"wp:featuredmedia":[{"embeddable":true,"href":"https:\/\/www.nexoinformativo.mx\/index.php\/wp-json\/wp\/v2\/media\/3445"}],"wp:attachment":[{"href":"https:\/\/www.nexoinformativo.mx\/index.php\/wp-json\/wp\/v2\/media?parent=3444"}],"wp:term":[{"taxonomy":"category","embeddable":true,"href":"https:\/\/www.nexoinformativo.mx\/index.php\/wp-json\/wp\/v2\/categories?post=3444"},{"taxonomy":"post_tag","embeddable":true,"href":"https:\/\/www.nexoinformativo.mx\/index.php\/wp-json\/wp\/v2\/tags?post=3444"}],"curies":[{"name":"wp","href":"https:\/\/api.w.org\/{rel}","templated":true}]}}