{"id":3451,"date":"2024-10-15T10:00:59","date_gmt":"2024-10-15T16:00:59","guid":{"rendered":"https:\/\/www.nexoinformativo.mx\/?p=3451"},"modified":"2024-10-15T11:50:51","modified_gmt":"2024-10-15T17:50:51","slug":"secretaria-de-salud-atiende-casos-de-intoxicacion-alimentaria-en-toliman","status":"publish","type":"post","link":"https:\/\/www.nexoinformativo.mx\/index.php\/2024\/10\/15\/secretaria-de-salud-atiende-casos-de-intoxicacion-alimentaria-en-toliman\/","title":{"rendered":"Secretar\u00eda de Salud atiende casos de intoxicaci\u00f3n alimentaria en Tolim\u00e1n"},"content":{"rendered":"<p style=\"text-align: justify;\">La Secretar\u00eda de Salud del estado <strong>(SESA)<\/strong> inform\u00f3 que el 13 de octubre se registraron 36 casos probables de intoxicaci\u00f3n alimentaria en el municipio de Tolim\u00e1n. Los afectados presentaron s\u00edntomas tras el consumo de alimentos, y actualmente se investigan otros 100 casos para determinar si est\u00e1n relacionados.<\/p>\n<p>&nbsp;<\/p>\n<p style=\"text-align: justify;\">El personal de Protecci\u00f3n contra Riesgos Sanitarios realiz\u00f3 inspecciones en carnicer\u00edas locales, encontrando un establecimiento en malas condiciones higi\u00e9nicas, lo que provoc\u00f3 su clausura temporal. Estas acciones forman parte de las medidas preventivas que la SESA ha implementado para identificar el origen del agente causante de las intoxicaciones y evitar su propagaci\u00f3n.<\/p>\n<p>&nbsp;<\/p>\n<p style=\"text-align: justify;\">El gobierno municipal de Tolim\u00e1n, a trav\u00e9s de un comunicado, exhort\u00f3 a la poblaci\u00f3n a no consumir carne de res mientras contin\u00faan las investigaciones. El presidente municipal, Alejo S\u00e1nchez, ha estado supervisando la situaci\u00f3n y visit\u00f3 el centro de salud donde los pacientes est\u00e1n siendo atendidos por personal m\u00e9dico estatal.<\/p>\n<p>&nbsp;<\/p>\n<p style=\"text-align: justify;\">S\u00e1nchez tambi\u00e9n invit\u00f3 a los habitantes del municipio a acudir al centro de salud si presentan s\u00edntomas de intoxicaci\u00f3n y recomend\u00f3 no automedicarse.<\/p>\n<p>&nbsp;<\/p>\n<p style=\"text-align: center;\"><em><strong>\u00a1Informaci\u00f3n que transforma!<\/strong><\/em><\/p>\n","protected":false},"excerpt":{"rendered":"<p>La Secretar\u00eda de Salud del estado (SESA) inform\u00f3 que el 13 de octubre se registraron 36 casos probables de intoxicaci\u00f3n alimentaria en el municipio de Tolim\u00e1n.<\/p>\n","protected":false},"author":3,"featured_media":3452,"comment_status":"open","ping_status":"open","sticky":false,"template":"","format":"standard","meta":{"footnotes":""},"categories":[65,58],"tags":[1360,1361,319,1333],"class_list":["post-3451","post","type-post","status-publish","format-standard","has-post-thumbnail","hentry","category-municipios","category-ultima-hora","tag-intoxicacionalimentaria","tag-riesgossanitarios","tag-saludpublica","tag-toliman"],"yoast_head":"<!-- This site is optimized with the Yoast SEO plugin v25.0 - https:\/\/yoast.com\/wordpress\/plugins\/seo\/ -->\n<title>Secretar\u00eda de Salud atiende casos de intoxicaci\u00f3n alimentaria en Tolim\u00e1n | Nexo Informativo Santiago de Quer\u00e9taro<\/title>\n<meta name=\"description\" content=\"Secretar\u00eda de Salud atiende casos de intoxicaci\u00f3n alimentaria en Tolim\u00e1n\" \/>\n<meta name=\"robots\" content=\"index, follow, max-snippet:-1, max-image-preview:large, max-video-preview:-1\" \/>\n<link rel=\"canonical\" href=\"https:\/\/www.nexoinformativo.mx\/index.php\/2024\/10\/15\/secretaria-de-salud-atiende-casos-de-intoxicacion-alimentaria-en-toliman\/\" \/>\n<meta property=\"og:locale\" content=\"es_MX\" \/>\n<meta property=\"og:type\" content=\"article\" \/>\n<meta property=\"og:title\" content=\"Secretar\u00eda de Salud atiende casos de intoxicaci\u00f3n alimentaria en Tolim\u00e1n | Nexo Informativo Santiago de Quer\u00e9taro\" \/>\n<meta property=\"og:description\" content=\"Secretar\u00eda de Salud atiende casos de intoxicaci\u00f3n alimentaria en Tolim\u00e1n\" \/>\n<meta property=\"og:url\" content=\"https:\/\/www.nexoinformativo.mx\/index.php\/2024\/10\/15\/secretaria-de-salud-atiende-casos-de-intoxicacion-alimentaria-en-toliman\/\" \/>\n<meta property=\"og:site_name\" content=\"Nexo Informativo Santiago de Quer\u00e9taro\" \/>\n<meta property=\"article:publisher\" content=\"https:\/\/www.facebook.com\/people\/Nexo-Informativo\/61564066885511\/\" \/>\n<meta property=\"article:published_time\" content=\"2024-10-15T16:00:59+00:00\" \/>\n<meta property=\"article:modified_time\" content=\"2024-10-15T17:50:51+00:00\" \/>\n<meta property=\"og:image\" content=\"https:\/\/www.nexoinformativo.mx\/wp-content\/uploads\/2024\/10\/PHOTO-2024-10-15-11-09-36-e1729014560518.jpg\" \/>\n\t<meta property=\"og:image:width\" content=\"800\" \/>\n\t<meta property=\"og:image:height\" content=\"1067\" \/>\n\t<meta property=\"og:image:type\" content=\"image\/jpeg\" \/>\n<meta name=\"author\" content=\"Nexo Informativo\" \/>\n<meta name=\"twitter:card\" content=\"summary_large_image\" \/>\n<meta name=\"twitter:label1\" content=\"Escrito por\" \/>\n\t<meta name=\"twitter:data1\" content=\"Nexo Informativo\" \/>\n\t<meta name=\"twitter:label2\" content=\"Tiempo de lectura\" \/>\n\t<meta name=\"twitter:data2\" content=\"2 minutos\" \/>\n<script type=\"application\/ld+json\" class=\"yoast-schema-graph\">{\"@context\":\"https:\/\/schema.org\",\"@graph\":[{\"@type\":\"Article\",\"@id\":\"https:\/\/www.nexoinformativo.mx\/index.php\/2024\/10\/15\/secretaria-de-salud-atiende-casos-de-intoxicacion-alimentaria-en-toliman\/#article\",\"isPartOf\":{\"@id\":\"https:\/\/www.nexoinformativo.mx\/index.php\/2024\/10\/15\/secretaria-de-salud-atiende-casos-de-intoxicacion-alimentaria-en-toliman\/\"},\"author\":{\"name\":\"Nexo Informativo\",\"@id\":\"https:\/\/www.nexoinformativo.mx\/#\/schema\/person\/7749d380ba08c8ca00d7bc76fd907b7d\"},\"headline\":\"Secretar\u00eda de Salud atiende casos de intoxicaci\u00f3n alimentaria en Tolim\u00e1n\",\"datePublished\":\"2024-10-15T16:00:59+00:00\",\"dateModified\":\"2024-10-15T17:50:51+00:00\",\"mainEntityOfPage\":{\"@id\":\"https:\/\/www.nexoinformativo.mx\/index.php\/2024\/10\/15\/secretaria-de-salud-atiende-casos-de-intoxicacion-alimentaria-en-toliman\/\"},\"wordCount\":211,\"commentCount\":0,\"publisher\":{\"@id\":\"https:\/\/www.nexoinformativo.mx\/#organization\"},\"image\":{\"@id\":\"https:\/\/www.nexoinformativo.mx\/index.php\/2024\/10\/15\/secretaria-de-salud-atiende-casos-de-intoxicacion-alimentaria-en-toliman\/#primaryimage\"},\"thumbnailUrl\":\"https:\/\/www.nexoinformativo.mx\/wp-content\/uploads\/2024\/10\/PHOTO-2024-10-15-11-09-36-e1729014560518.jpg\",\"keywords\":[\"Intoxicaci\u00f3nAlimentaria\",\"RiesgosSanitarios\",\"SaludP\u00fablica\",\"Toliman\"],\"articleSection\":[\"Municipios\",\"\u00daltima Hora\"],\"inLanguage\":\"es\",\"potentialAction\":[{\"@type\":\"CommentAction\",\"name\":\"Comment\",\"target\":[\"https:\/\/www.nexoinformativo.mx\/index.php\/2024\/10\/15\/secretaria-de-salud-atiende-casos-de-intoxicacion-alimentaria-en-toliman\/#respond\"]}]},{\"@type\":\"WebPage\",\"@id\":\"https:\/\/www.nexoinformativo.mx\/index.php\/2024\/10\/15\/secretaria-de-salud-atiende-casos-de-intoxicacion-alimentaria-en-toliman\/\",\"url\":\"https:\/\/www.nexoinformativo.mx\/index.php\/2024\/10\/15\/secretaria-de-salud-atiende-casos-de-intoxicacion-alimentaria-en-toliman\/\",\"name\":\"Secretar\u00eda de Salud atiende casos de intoxicaci\u00f3n alimentaria en Tolim\u00e1n | Nexo Informativo Santiago de Quer\u00e9taro\",\"isPartOf\":{\"@id\":\"https:\/\/www.nexoinformativo.mx\/#website\"},\"primaryImageOfPage\":{\"@id\":\"https:\/\/www.nexoinformativo.mx\/index.php\/2024\/10\/15\/secretaria-de-salud-atiende-casos-de-intoxicacion-alimentaria-en-toliman\/#primaryimage\"},\"image\":{\"@id\":\"https:\/\/www.nexoinformativo.mx\/index.php\/2024\/10\/15\/secretaria-de-salud-atiende-casos-de-intoxicacion-alimentaria-en-toliman\/#primaryimage\"},\"thumbnailUrl\":\"https:\/\/www.nexoinformativo.mx\/wp-content\/uploads\/2024\/10\/PHOTO-2024-10-15-11-09-36-e1729014560518.jpg\",\"datePublished\":\"2024-10-15T16:00:59+00:00\",\"dateModified\":\"2024-10-15T17:50:51+00:00\",\"description\":\"Secretar\u00eda de Salud atiende casos de intoxicaci\u00f3n alimentaria en Tolim\u00e1n\",\"breadcrumb\":{\"@id\":\"https:\/\/www.nexoinformativo.mx\/index.php\/2024\/10\/15\/secretaria-de-salud-atiende-casos-de-intoxicacion-alimentaria-en-toliman\/#breadcrumb\"},\"inLanguage\":\"es\",\"potentialAction\":[{\"@type\":\"ReadAction\",\"target\":[\"https:\/\/www.nexoinformativo.mx\/index.php\/2024\/10\/15\/secretaria-de-salud-atiende-casos-de-intoxicacion-alimentaria-en-toliman\/\"]}]},{\"@type\":\"ImageObject\",\"inLanguage\":\"es\",\"@id\":\"https:\/\/www.nexoinformativo.mx\/index.php\/2024\/10\/15\/secretaria-de-salud-atiende-casos-de-intoxicacion-alimentaria-en-toliman\/#primaryimage\",\"url\":\"https:\/\/www.nexoinformativo.mx\/wp-content\/uploads\/2024\/10\/PHOTO-2024-10-15-11-09-36-e1729014560518.jpg\",\"contentUrl\":\"https:\/\/www.nexoinformativo.mx\/wp-content\/uploads\/2024\/10\/PHOTO-2024-10-15-11-09-36-e1729014560518.jpg\",\"width\":800,\"height\":1067},{\"@type\":\"BreadcrumbList\",\"@id\":\"https:\/\/www.nexoinformativo.mx\/index.php\/2024\/10\/15\/secretaria-de-salud-atiende-casos-de-intoxicacion-alimentaria-en-toliman\/#breadcrumb\",\"itemListElement\":[{\"@type\":\"ListItem\",\"position\":1,\"name\":\"Inicio\",\"item\":\"https:\/\/www.nexoinformativo.mx\/\"},{\"@type\":\"ListItem\",\"position\":2,\"name\":\"Secretar\u00eda de Salud atiende casos de intoxicaci\u00f3n alimentaria en Tolim\u00e1n\"}]},{\"@type\":\"WebSite\",\"@id\":\"https:\/\/www.nexoinformativo.mx\/#website\",\"url\":\"https:\/\/www.nexoinformativo.mx\/\",\"name\":\"Nexo Informativo Santiago de Quer\u00e9taro\",\"description\":\"Explora NexoInformativo y convi\u00e9rtete en parte de una comunidad que valora el conocimiento y la verdad. Tu nexoinformativo es tu puente hacia una comprensi\u00f3n m\u00e1s profunda del mundo que te rodea.\",\"publisher\":{\"@id\":\"https:\/\/www.nexoinformativo.mx\/#organization\"},\"potentialAction\":[{\"@type\":\"SearchAction\",\"target\":{\"@type\":\"EntryPoint\",\"urlTemplate\":\"https:\/\/www.nexoinformativo.mx\/?s={search_term_string}\"},\"query-input\":{\"@type\":\"PropertyValueSpecification\",\"valueRequired\":true,\"valueName\":\"search_term_string\"}}],\"inLanguage\":\"es\"},{\"@type\":\"Organization\",\"@id\":\"https:\/\/www.nexoinformativo.mx\/#organization\",\"name\":\"Nexo Informativo Santiago de Quer\u00e9taro\",\"url\":\"https:\/\/www.nexoinformativo.mx\/\",\"logo\":{\"@type\":\"ImageObject\",\"inLanguage\":\"es\",\"@id\":\"https:\/\/www.nexoinformativo.mx\/#\/schema\/logo\/image\/\",\"url\":\"https:\/\/www.nexoinformativo.mx\/wp-content\/uploads\/2024\/07\/nexoi-trasparente-2.png\",\"contentUrl\":\"https:\/\/www.nexoinformativo.mx\/wp-content\/uploads\/2024\/07\/nexoi-trasparente-2.png\",\"width\":816,\"height\":339,\"caption\":\"Nexo Informativo Santiago de Quer\u00e9taro\"},\"image\":{\"@id\":\"https:\/\/www.nexoinformativo.mx\/#\/schema\/logo\/image\/\"},\"sameAs\":[\"https:\/\/www.facebook.com\/people\/Nexo-Informativo\/61564066885511\/\"]},{\"@type\":\"Person\",\"@id\":\"https:\/\/www.nexoinformativo.mx\/#\/schema\/person\/7749d380ba08c8ca00d7bc76fd907b7d\",\"name\":\"Nexo Informativo\",\"image\":{\"@type\":\"ImageObject\",\"inLanguage\":\"es\",\"@id\":\"https:\/\/www.nexoinformativo.mx\/#\/schema\/person\/image\/\",\"url\":\"https:\/\/secure.gravatar.com\/avatar\/dde2928154642a13d95f87ddf1ea9718fe2b46760a005c53e41ff5ad610704e6?s=96&d=mm&r=g\",\"contentUrl\":\"https:\/\/secure.gravatar.com\/avatar\/dde2928154642a13d95f87ddf1ea9718fe2b46760a005c53e41ff5ad610704e6?s=96&d=mm&r=g\",\"caption\":\"Nexo Informativo\"},\"url\":\"https:\/\/www.nexoinformativo.mx\/index.php\/author\/edicion\/\"}]}<\/script>\n<!-- \/ Yoast SEO plugin. -->","yoast_head_json":{"title":"Secretar\u00eda de Salud atiende casos de intoxicaci\u00f3n alimentaria en Tolim\u00e1n | Nexo Informativo Santiago de Quer\u00e9taro","description":"Secretar\u00eda de Salud atiende casos de intoxicaci\u00f3n alimentaria en Tolim\u00e1n","robots":{"index":"index","follow":"follow","max-snippet":"max-snippet:-1","max-image-preview":"max-image-preview:large","max-video-preview":"max-video-preview:-1"},"canonical":"https:\/\/www.nexoinformativo.mx\/index.php\/2024\/10\/15\/secretaria-de-salud-atiende-casos-de-intoxicacion-alimentaria-en-toliman\/","og_locale":"es_MX","og_type":"article","og_title":"Secretar\u00eda de Salud atiende casos de intoxicaci\u00f3n alimentaria en Tolim\u00e1n | Nexo Informativo Santiago de Quer\u00e9taro","og_description":"Secretar\u00eda de Salud atiende casos de intoxicaci\u00f3n alimentaria en Tolim\u00e1n","og_url":"https:\/\/www.nexoinformativo.mx\/index.php\/2024\/10\/15\/secretaria-de-salud-atiende-casos-de-intoxicacion-alimentaria-en-toliman\/","og_site_name":"Nexo Informativo Santiago de Quer\u00e9taro","article_publisher":"https:\/\/www.facebook.com\/people\/Nexo-Informativo\/61564066885511\/","article_published_time":"2024-10-15T16:00:59+00:00","article_modified_time":"2024-10-15T17:50:51+00:00","og_image":[{"width":800,"height":1067,"url":"https:\/\/www.nexoinformativo.mx\/wp-content\/uploads\/2024\/10\/PHOTO-2024-10-15-11-09-36-e1729014560518.jpg","type":"image\/jpeg"}],"author":"Nexo Informativo","twitter_card":"summary_large_image","twitter_misc":{"Escrito por":"Nexo Informativo","Tiempo de lectura":"2 minutos"},"schema":{"@context":"https:\/\/schema.org","@graph":[{"@type":"Article","@id":"https:\/\/www.nexoinformativo.mx\/index.php\/2024\/10\/15\/secretaria-de-salud-atiende-casos-de-intoxicacion-alimentaria-en-toliman\/#article","isPartOf":{"@id":"https:\/\/www.nexoinformativo.mx\/index.php\/2024\/10\/15\/secretaria-de-salud-atiende-casos-de-intoxicacion-alimentaria-en-toliman\/"},"author":{"name":"Nexo Informativo","@id":"https:\/\/www.nexoinformativo.mx\/#\/schema\/person\/7749d380ba08c8ca00d7bc76fd907b7d"},"headline":"Secretar\u00eda de Salud atiende casos de intoxicaci\u00f3n alimentaria en Tolim\u00e1n","datePublished":"2024-10-15T16:00:59+00:00","dateModified":"2024-10-15T17:50:51+00:00","mainEntityOfPage":{"@id":"https:\/\/www.nexoinformativo.mx\/index.php\/2024\/10\/15\/secretaria-de-salud-atiende-casos-de-intoxicacion-alimentaria-en-toliman\/"},"wordCount":211,"commentCount":0,"publisher":{"@id":"https:\/\/www.nexoinformativo.mx\/#organization"},"image":{"@id":"https:\/\/www.nexoinformativo.mx\/index.php\/2024\/10\/15\/secretaria-de-salud-atiende-casos-de-intoxicacion-alimentaria-en-toliman\/#primaryimage"},"thumbnailUrl":"https:\/\/www.nexoinformativo.mx\/wp-content\/uploads\/2024\/10\/PHOTO-2024-10-15-11-09-36-e1729014560518.jpg","keywords":["Intoxicaci\u00f3nAlimentaria","RiesgosSanitarios","SaludP\u00fablica","Toliman"],"articleSection":["Municipios","\u00daltima Hora"],"inLanguage":"es","potentialAction":[{"@type":"CommentAction","name":"Comment","target":["https:\/\/www.nexoinformativo.mx\/index.php\/2024\/10\/15\/secretaria-de-salud-atiende-casos-de-intoxicacion-alimentaria-en-toliman\/#respond"]}]},{"@type":"WebPage","@id":"https:\/\/www.nexoinformativo.mx\/index.php\/2024\/10\/15\/secretaria-de-salud-atiende-casos-de-intoxicacion-alimentaria-en-toliman\/","url":"https:\/\/www.nexoinformativo.mx\/index.php\/2024\/10\/15\/secretaria-de-salud-atiende-casos-de-intoxicacion-alimentaria-en-toliman\/","name":"Secretar\u00eda de Salud atiende casos de intoxicaci\u00f3n alimentaria en Tolim\u00e1n | Nexo Informativo Santiago de Quer\u00e9taro","isPartOf":{"@id":"https:\/\/www.nexoinformativo.mx\/#website"},"primaryImageOfPage":{"@id":"https:\/\/www.nexoinformativo.mx\/index.php\/2024\/10\/15\/secretaria-de-salud-atiende-casos-de-intoxicacion-alimentaria-en-toliman\/#primaryimage"},"image":{"@id":"https:\/\/www.nexoinformativo.mx\/index.php\/2024\/10\/15\/secretaria-de-salud-atiende-casos-de-intoxicacion-alimentaria-en-toliman\/#primaryimage"},"thumbnailUrl":"https:\/\/www.nexoinformativo.mx\/wp-content\/uploads\/2024\/10\/PHOTO-2024-10-15-11-09-36-e1729014560518.jpg","datePublished":"2024-10-15T16:00:59+00:00","dateModified":"2024-10-15T17:50:51+00:00","description":"Secretar\u00eda de Salud atiende casos de intoxicaci\u00f3n alimentaria en Tolim\u00e1n","breadcrumb":{"@id":"https:\/\/www.nexoinformativo.mx\/index.php\/2024\/10\/15\/secretaria-de-salud-atiende-casos-de-intoxicacion-alimentaria-en-toliman\/#breadcrumb"},"inLanguage":"es","potentialAction":[{"@type":"ReadAction","target":["https:\/\/www.nexoinformativo.mx\/index.php\/2024\/10\/15\/secretaria-de-salud-atiende-casos-de-intoxicacion-alimentaria-en-toliman\/"]}]},{"@type":"ImageObject","inLanguage":"es","@id":"https:\/\/www.nexoinformativo.mx\/index.php\/2024\/10\/15\/secretaria-de-salud-atiende-casos-de-intoxicacion-alimentaria-en-toliman\/#primaryimage","url":"https:\/\/www.nexoinformativo.mx\/wp-content\/uploads\/2024\/10\/PHOTO-2024-10-15-11-09-36-e1729014560518.jpg","contentUrl":"https:\/\/www.nexoinformativo.mx\/wp-content\/uploads\/2024\/10\/PHOTO-2024-10-15-11-09-36-e1729014560518.jpg","width":800,"height":1067},{"@type":"BreadcrumbList","@id":"https:\/\/www.nexoinformativo.mx\/index.php\/2024\/10\/15\/secretaria-de-salud-atiende-casos-de-intoxicacion-alimentaria-en-toliman\/#breadcrumb","itemListElement":[{"@type":"ListItem","position":1,"name":"Inicio","item":"https:\/\/www.nexoinformativo.mx\/"},{"@type":"ListItem","position":2,"name":"Secretar\u00eda de Salud atiende casos de intoxicaci\u00f3n alimentaria en Tolim\u00e1n"}]},{"@type":"WebSite","@id":"https:\/\/www.nexoinformativo.mx\/#website","url":"https:\/\/www.nexoinformativo.mx\/","name":"Nexo Informativo Santiago de Quer\u00e9taro","description":"Explora NexoInformativo y convi\u00e9rtete en parte de una comunidad que valora el conocimiento y la verdad. Tu nexoinformativo es tu puente hacia una comprensi\u00f3n m\u00e1s profunda del mundo que te rodea.","publisher":{"@id":"https:\/\/www.nexoinformativo.mx\/#organization"},"potentialAction":[{"@type":"SearchAction","target":{"@type":"EntryPoint","urlTemplate":"https:\/\/www.nexoinformativo.mx\/?s={search_term_string}"},"query-input":{"@type":"PropertyValueSpecification","valueRequired":true,"valueName":"search_term_string"}}],"inLanguage":"es"},{"@type":"Organization","@id":"https:\/\/www.nexoinformativo.mx\/#organization","name":"Nexo Informativo Santiago de Quer\u00e9taro","url":"https:\/\/www.nexoinformativo.mx\/","logo":{"@type":"ImageObject","inLanguage":"es","@id":"https:\/\/www.nexoinformativo.mx\/#\/schema\/logo\/image\/","url":"https:\/\/www.nexoinformativo.mx\/wp-content\/uploads\/2024\/07\/nexoi-trasparente-2.png","contentUrl":"https:\/\/www.nexoinformativo.mx\/wp-content\/uploads\/2024\/07\/nexoi-trasparente-2.png","width":816,"height":339,"caption":"Nexo Informativo Santiago de Quer\u00e9taro"},"image":{"@id":"https:\/\/www.nexoinformativo.mx\/#\/schema\/logo\/image\/"},"sameAs":["https:\/\/www.facebook.com\/people\/Nexo-Informativo\/61564066885511\/"]},{"@type":"Person","@id":"https:\/\/www.nexoinformativo.mx\/#\/schema\/person\/7749d380ba08c8ca00d7bc76fd907b7d","name":"Nexo Informativo","image":{"@type":"ImageObject","inLanguage":"es","@id":"https:\/\/www.nexoinformativo.mx\/#\/schema\/person\/image\/","url":"https:\/\/secure.gravatar.com\/avatar\/dde2928154642a13d95f87ddf1ea9718fe2b46760a005c53e41ff5ad610704e6?s=96&d=mm&r=g","contentUrl":"https:\/\/secure.gravatar.com\/avatar\/dde2928154642a13d95f87ddf1ea9718fe2b46760a005c53e41ff5ad610704e6?s=96&d=mm&r=g","caption":"Nexo Informativo"},"url":"https:\/\/www.nexoinformativo.mx\/index.php\/author\/edicion\/"}]}},"_links":{"self":[{"href":"https:\/\/www.nexoinformativo.mx\/index.php\/wp-json\/wp\/v2\/posts\/3451","targetHints":{"allow":["GET"]}}],"collection":[{"href":"https:\/\/www.nexoinformativo.mx\/index.php\/wp-json\/wp\/v2\/posts"}],"about":[{"href":"https:\/\/www.nexoinformativo.mx\/index.php\/wp-json\/wp\/v2\/types\/post"}],"author":[{"embeddable":true,"href":"https:\/\/www.nexoinformativo.mx\/index.php\/wp-json\/wp\/v2\/users\/3"}],"replies":[{"embeddable":true,"href":"https:\/\/www.nexoinformativo.mx\/index.php\/wp-json\/wp\/v2\/comments?post=3451"}],"version-history":[{"count":3,"href":"https:\/\/www.nexoinformativo.mx\/index.php\/wp-json\/wp\/v2\/posts\/3451\/revisions"}],"predecessor-version":[{"id":3456,"href":"https:\/\/www.nexoinformativo.mx\/index.php\/wp-json\/wp\/v2\/posts\/3451\/revisions\/3456"}],"wp:featuredmedia":[{"embeddable":true,"href":"https:\/\/www.nexoinformativo.mx\/index.php\/wp-json\/wp\/v2\/media\/3452"}],"wp:attachment":[{"href":"https:\/\/www.nexoinformativo.mx\/index.php\/wp-json\/wp\/v2\/media?parent=3451"}],"wp:term":[{"taxonomy":"category","embeddable":true,"href":"https:\/\/www.nexoinformativo.mx\/index.php\/wp-json\/wp\/v2\/categories?post=3451"},{"taxonomy":"post_tag","embeddable":true,"href":"https:\/\/www.nexoinformativo.mx\/index.php\/wp-json\/wp\/v2\/tags?post=3451"}],"curies":[{"name":"wp","href":"https:\/\/api.w.org\/{rel}","templated":true}]}}