{"id":3457,"date":"2024-10-15T10:00:59","date_gmt":"2024-10-15T16:00:59","guid":{"rendered":"https:\/\/www.nexoinformativo.mx\/?p=3457"},"modified":"2024-10-15T15:25:20","modified_gmt":"2024-10-15T21:25:20","slug":"violento-robo-en-el-centro-de-queretaro-maestro-y-su-hermana-agredidos-por-banda-delictiva","status":"publish","type":"post","link":"https:\/\/www.nexoinformativo.mx\/index.php\/2024\/10\/15\/violento-robo-en-el-centro-de-queretaro-maestro-y-su-hermana-agredidos-por-banda-delictiva\/","title":{"rendered":"Violento robo en el centro de Quer\u00e9taro: Maestro Aurelio Olvera y su hermana agredidos por banda delictiva"},"content":{"rendered":"<p style=\"text-align: justify;\">Un violento robo sacudi\u00f3 el centro de la ciudad de Quer\u00e9taro la tarde de ayer, cuando una banda de seis delincuentes irrumpi\u00f3 en el domicilio del maestro Aurelio Olvera Monta\u00f1o, ubicado en las inmediaciones de la Plazuela Mariano de las Casas. El grupo, compuesto por dos mujeres y cuatro hombres, someti\u00f3 al profesor y su hermana.<\/p>\n<p>&nbsp;<\/p>\n<p style=\"text-align: justify;\">Los agresores, utilizando enga\u00f1os, lograron entrar en la vivienda tras tocar la puerta y pedir agua. La hermana del profesor, abri\u00f3 la puerta, permitiendo as\u00ed el ingreso de la banda. Minutos despu\u00e9s, el maestro Olvera Monta\u00f1o lleg\u00f3 a domicilio, siendo tambi\u00e9n sometido por los delincuentes. Las v\u00edctimas fueron golpeadas y amarradas mientras los ladrones saqueaban la casa, llev\u00e1ndose joyas y otras pertenencias de valor.<\/p>\n<p>&nbsp;<\/p>\n<p style=\"text-align: justify;\">Tras el asalto, las personas afectadas tardaron aproximadamente dos horas en desatarse y pedir auxilio. Elementos de la polic\u00eda y param\u00e9dicos llegaron al lugar para atender a los heridos, aunque hasta el cierre de esta nota no se ha informado mas.<\/p>\n<p>&nbsp;<\/p>\n<p style=\"text-align: justify;\">Este tipo de robos, ha ido en aumento, especialmente en domicilios habitados por personas mayores. Seg\u00fan datos del Secretariado Ejecutivo del Sistema Nacional de Seguridad, en Quer\u00e9taro se denunciaron 59 robos a casa habitaci\u00f3n con violencia hasta el mes de agosto, un promedio de siete por meses. Sin embargo, no se ha registrado ninguna detenci\u00f3n relevante.<\/p>\n<p>&nbsp;<\/p>\n<p style=\"text-align: center;\"><em><strong>\u00a1Informaci\u00f3n que transforma!<\/strong><\/em><\/p>\n<p>&nbsp;<\/p>\n","protected":false},"excerpt":{"rendered":"<p>Un violento robo sacudi\u00f3 el centro de la ciudad de Quer\u00e9taro la tarde de ayer, cuando una banda de seis delincuentes irrumpi\u00f3 en el domicilio del maestro Aurelio Olvera Monta\u00f1o, ubicado en las inmediaciones de la Plazuela Mariano de las Casas. El grupo, compuesto por dos mujeres y cuatro hombres, someti\u00f3 al profesor y su [&hellip;]<\/p>\n","protected":false},"author":3,"featured_media":3489,"comment_status":"open","ping_status":"open","sticky":false,"template":"","format":"standard","meta":{"footnotes":""},"categories":[137,58],"tags":[1362,1363,476,1212],"class_list":["post-3457","post","type-post","status-publish","format-standard","has-post-thumbnail","hentry","category-sucesos","category-ultima-hora","tag-delincuenciaqueretaro","tag-justiciaparaqueretaro","tag-queretaroseguridad","tag-roboconviolencia"],"yoast_head":"<!-- This site is optimized with the Yoast SEO plugin v25.0 - https:\/\/yoast.com\/wordpress\/plugins\/seo\/ -->\n<title>Violento robo en el centro de Quer\u00e9taro: Maestro Aurelio Olvera y su hermana agredidos por banda delictiva | Nexo Informativo Santiago de Quer\u00e9taro<\/title>\n<meta name=\"description\" content=\"Violento robo en el centro de Quer\u00e9taro: Maestro y su hermana agredidos por banda delictiva\" \/>\n<meta name=\"robots\" content=\"index, follow, max-snippet:-1, max-image-preview:large, max-video-preview:-1\" \/>\n<link rel=\"canonical\" href=\"https:\/\/www.nexoinformativo.mx\/index.php\/2024\/10\/15\/violento-robo-en-el-centro-de-queretaro-maestro-y-su-hermana-agredidos-por-banda-delictiva\/\" \/>\n<meta property=\"og:locale\" content=\"es_MX\" \/>\n<meta property=\"og:type\" content=\"article\" \/>\n<meta property=\"og:title\" content=\"Violento robo en el centro de Quer\u00e9taro: Maestro Aurelio Olvera y su hermana agredidos por banda delictiva | Nexo Informativo Santiago de Quer\u00e9taro\" \/>\n<meta property=\"og:description\" content=\"Violento robo en el centro de Quer\u00e9taro: Maestro y su hermana agredidos por banda delictiva\" \/>\n<meta property=\"og:url\" content=\"https:\/\/www.nexoinformativo.mx\/index.php\/2024\/10\/15\/violento-robo-en-el-centro-de-queretaro-maestro-y-su-hermana-agredidos-por-banda-delictiva\/\" \/>\n<meta property=\"og:site_name\" content=\"Nexo Informativo Santiago de Quer\u00e9taro\" \/>\n<meta property=\"article:publisher\" content=\"https:\/\/www.facebook.com\/people\/Nexo-Informativo\/61564066885511\/\" \/>\n<meta property=\"article:published_time\" content=\"2024-10-15T16:00:59+00:00\" \/>\n<meta property=\"article:modified_time\" content=\"2024-10-15T21:25:20+00:00\" \/>\n<meta property=\"og:image\" content=\"https:\/\/www.nexoinformativo.mx\/wp-content\/uploads\/2024\/10\/IMG_6933.jpg\" \/>\n\t<meta property=\"og:image:width\" content=\"820\" \/>\n\t<meta property=\"og:image:height\" content=\"865\" \/>\n\t<meta property=\"og:image:type\" content=\"image\/jpeg\" \/>\n<meta name=\"author\" content=\"Nexo Informativo\" \/>\n<meta name=\"twitter:card\" content=\"summary_large_image\" \/>\n<meta name=\"twitter:label1\" content=\"Escrito por\" \/>\n\t<meta name=\"twitter:data1\" content=\"Nexo Informativo\" \/>\n\t<meta name=\"twitter:label2\" content=\"Tiempo de lectura\" \/>\n\t<meta name=\"twitter:data2\" content=\"2 minutos\" \/>\n<script type=\"application\/ld+json\" class=\"yoast-schema-graph\">{\"@context\":\"https:\/\/schema.org\",\"@graph\":[{\"@type\":\"Article\",\"@id\":\"https:\/\/www.nexoinformativo.mx\/index.php\/2024\/10\/15\/violento-robo-en-el-centro-de-queretaro-maestro-y-su-hermana-agredidos-por-banda-delictiva\/#article\",\"isPartOf\":{\"@id\":\"https:\/\/www.nexoinformativo.mx\/index.php\/2024\/10\/15\/violento-robo-en-el-centro-de-queretaro-maestro-y-su-hermana-agredidos-por-banda-delictiva\/\"},\"author\":{\"name\":\"Nexo Informativo\",\"@id\":\"https:\/\/www.nexoinformativo.mx\/#\/schema\/person\/7749d380ba08c8ca00d7bc76fd907b7d\"},\"headline\":\"Violento robo en el centro de Quer\u00e9taro: Maestro Aurelio Olvera y su hermana agredidos por banda delictiva\",\"datePublished\":\"2024-10-15T16:00:59+00:00\",\"dateModified\":\"2024-10-15T21:25:20+00:00\",\"mainEntityOfPage\":{\"@id\":\"https:\/\/www.nexoinformativo.mx\/index.php\/2024\/10\/15\/violento-robo-en-el-centro-de-queretaro-maestro-y-su-hermana-agredidos-por-banda-delictiva\/\"},\"wordCount\":257,\"commentCount\":0,\"publisher\":{\"@id\":\"https:\/\/www.nexoinformativo.mx\/#organization\"},\"image\":{\"@id\":\"https:\/\/www.nexoinformativo.mx\/index.php\/2024\/10\/15\/violento-robo-en-el-centro-de-queretaro-maestro-y-su-hermana-agredidos-por-banda-delictiva\/#primaryimage\"},\"thumbnailUrl\":\"https:\/\/www.nexoinformativo.mx\/wp-content\/uploads\/2024\/10\/IMG_6933.jpg\",\"keywords\":[\"DelincuenciaQuer\u00e9taro\",\"JusticiaParaQueretaro\",\"Quer\u00e9taroSeguridad\",\"RoboConViolencia\"],\"articleSection\":[\"Sucesos\",\"\u00daltima Hora\"],\"inLanguage\":\"es\",\"potentialAction\":[{\"@type\":\"CommentAction\",\"name\":\"Comment\",\"target\":[\"https:\/\/www.nexoinformativo.mx\/index.php\/2024\/10\/15\/violento-robo-en-el-centro-de-queretaro-maestro-y-su-hermana-agredidos-por-banda-delictiva\/#respond\"]}]},{\"@type\":\"WebPage\",\"@id\":\"https:\/\/www.nexoinformativo.mx\/index.php\/2024\/10\/15\/violento-robo-en-el-centro-de-queretaro-maestro-y-su-hermana-agredidos-por-banda-delictiva\/\",\"url\":\"https:\/\/www.nexoinformativo.mx\/index.php\/2024\/10\/15\/violento-robo-en-el-centro-de-queretaro-maestro-y-su-hermana-agredidos-por-banda-delictiva\/\",\"name\":\"Violento robo en el centro de Quer\u00e9taro: Maestro Aurelio Olvera y su hermana agredidos por banda delictiva | Nexo Informativo Santiago de Quer\u00e9taro\",\"isPartOf\":{\"@id\":\"https:\/\/www.nexoinformativo.mx\/#website\"},\"primaryImageOfPage\":{\"@id\":\"https:\/\/www.nexoinformativo.mx\/index.php\/2024\/10\/15\/violento-robo-en-el-centro-de-queretaro-maestro-y-su-hermana-agredidos-por-banda-delictiva\/#primaryimage\"},\"image\":{\"@id\":\"https:\/\/www.nexoinformativo.mx\/index.php\/2024\/10\/15\/violento-robo-en-el-centro-de-queretaro-maestro-y-su-hermana-agredidos-por-banda-delictiva\/#primaryimage\"},\"thumbnailUrl\":\"https:\/\/www.nexoinformativo.mx\/wp-content\/uploads\/2024\/10\/IMG_6933.jpg\",\"datePublished\":\"2024-10-15T16:00:59+00:00\",\"dateModified\":\"2024-10-15T21:25:20+00:00\",\"description\":\"Violento robo en el centro de Quer\u00e9taro: Maestro y su hermana agredidos por banda delictiva\",\"breadcrumb\":{\"@id\":\"https:\/\/www.nexoinformativo.mx\/index.php\/2024\/10\/15\/violento-robo-en-el-centro-de-queretaro-maestro-y-su-hermana-agredidos-por-banda-delictiva\/#breadcrumb\"},\"inLanguage\":\"es\",\"potentialAction\":[{\"@type\":\"ReadAction\",\"target\":[\"https:\/\/www.nexoinformativo.mx\/index.php\/2024\/10\/15\/violento-robo-en-el-centro-de-queretaro-maestro-y-su-hermana-agredidos-por-banda-delictiva\/\"]}]},{\"@type\":\"ImageObject\",\"inLanguage\":\"es\",\"@id\":\"https:\/\/www.nexoinformativo.mx\/index.php\/2024\/10\/15\/violento-robo-en-el-centro-de-queretaro-maestro-y-su-hermana-agredidos-por-banda-delictiva\/#primaryimage\",\"url\":\"https:\/\/www.nexoinformativo.mx\/wp-content\/uploads\/2024\/10\/IMG_6933.jpg\",\"contentUrl\":\"https:\/\/www.nexoinformativo.mx\/wp-content\/uploads\/2024\/10\/IMG_6933.jpg\",\"width\":820,\"height\":865},{\"@type\":\"BreadcrumbList\",\"@id\":\"https:\/\/www.nexoinformativo.mx\/index.php\/2024\/10\/15\/violento-robo-en-el-centro-de-queretaro-maestro-y-su-hermana-agredidos-por-banda-delictiva\/#breadcrumb\",\"itemListElement\":[{\"@type\":\"ListItem\",\"position\":1,\"name\":\"Inicio\",\"item\":\"https:\/\/www.nexoinformativo.mx\/\"},{\"@type\":\"ListItem\",\"position\":2,\"name\":\"Violento robo en el centro de Quer\u00e9taro: Maestro Aurelio Olvera y su hermana agredidos por banda delictiva\"}]},{\"@type\":\"WebSite\",\"@id\":\"https:\/\/www.nexoinformativo.mx\/#website\",\"url\":\"https:\/\/www.nexoinformativo.mx\/\",\"name\":\"Nexo Informativo Santiago de Quer\u00e9taro\",\"description\":\"Explora NexoInformativo y convi\u00e9rtete en parte de una comunidad que valora el conocimiento y la verdad. Tu nexoinformativo es tu puente hacia una comprensi\u00f3n m\u00e1s profunda del mundo que te rodea.\",\"publisher\":{\"@id\":\"https:\/\/www.nexoinformativo.mx\/#organization\"},\"potentialAction\":[{\"@type\":\"SearchAction\",\"target\":{\"@type\":\"EntryPoint\",\"urlTemplate\":\"https:\/\/www.nexoinformativo.mx\/?s={search_term_string}\"},\"query-input\":{\"@type\":\"PropertyValueSpecification\",\"valueRequired\":true,\"valueName\":\"search_term_string\"}}],\"inLanguage\":\"es\"},{\"@type\":\"Organization\",\"@id\":\"https:\/\/www.nexoinformativo.mx\/#organization\",\"name\":\"Nexo Informativo Santiago de Quer\u00e9taro\",\"url\":\"https:\/\/www.nexoinformativo.mx\/\",\"logo\":{\"@type\":\"ImageObject\",\"inLanguage\":\"es\",\"@id\":\"https:\/\/www.nexoinformativo.mx\/#\/schema\/logo\/image\/\",\"url\":\"https:\/\/www.nexoinformativo.mx\/wp-content\/uploads\/2024\/07\/nexoi-trasparente-2.png\",\"contentUrl\":\"https:\/\/www.nexoinformativo.mx\/wp-content\/uploads\/2024\/07\/nexoi-trasparente-2.png\",\"width\":816,\"height\":339,\"caption\":\"Nexo Informativo Santiago de Quer\u00e9taro\"},\"image\":{\"@id\":\"https:\/\/www.nexoinformativo.mx\/#\/schema\/logo\/image\/\"},\"sameAs\":[\"https:\/\/www.facebook.com\/people\/Nexo-Informativo\/61564066885511\/\"]},{\"@type\":\"Person\",\"@id\":\"https:\/\/www.nexoinformativo.mx\/#\/schema\/person\/7749d380ba08c8ca00d7bc76fd907b7d\",\"name\":\"Nexo Informativo\",\"image\":{\"@type\":\"ImageObject\",\"inLanguage\":\"es\",\"@id\":\"https:\/\/www.nexoinformativo.mx\/#\/schema\/person\/image\/\",\"url\":\"https:\/\/secure.gravatar.com\/avatar\/dde2928154642a13d95f87ddf1ea9718fe2b46760a005c53e41ff5ad610704e6?s=96&d=mm&r=g\",\"contentUrl\":\"https:\/\/secure.gravatar.com\/avatar\/dde2928154642a13d95f87ddf1ea9718fe2b46760a005c53e41ff5ad610704e6?s=96&d=mm&r=g\",\"caption\":\"Nexo Informativo\"},\"url\":\"https:\/\/www.nexoinformativo.mx\/index.php\/author\/edicion\/\"}]}<\/script>\n<!-- \/ Yoast SEO plugin. -->","yoast_head_json":{"title":"Violento robo en el centro de Quer\u00e9taro: Maestro Aurelio Olvera y su hermana agredidos por banda delictiva | Nexo Informativo Santiago de Quer\u00e9taro","description":"Violento robo en el centro de Quer\u00e9taro: Maestro y su hermana agredidos por banda delictiva","robots":{"index":"index","follow":"follow","max-snippet":"max-snippet:-1","max-image-preview":"max-image-preview:large","max-video-preview":"max-video-preview:-1"},"canonical":"https:\/\/www.nexoinformativo.mx\/index.php\/2024\/10\/15\/violento-robo-en-el-centro-de-queretaro-maestro-y-su-hermana-agredidos-por-banda-delictiva\/","og_locale":"es_MX","og_type":"article","og_title":"Violento robo en el centro de Quer\u00e9taro: Maestro Aurelio Olvera y su hermana agredidos por banda delictiva | Nexo Informativo Santiago de Quer\u00e9taro","og_description":"Violento robo en el centro de Quer\u00e9taro: Maestro y su hermana agredidos por banda delictiva","og_url":"https:\/\/www.nexoinformativo.mx\/index.php\/2024\/10\/15\/violento-robo-en-el-centro-de-queretaro-maestro-y-su-hermana-agredidos-por-banda-delictiva\/","og_site_name":"Nexo Informativo Santiago de Quer\u00e9taro","article_publisher":"https:\/\/www.facebook.com\/people\/Nexo-Informativo\/61564066885511\/","article_published_time":"2024-10-15T16:00:59+00:00","article_modified_time":"2024-10-15T21:25:20+00:00","og_image":[{"width":820,"height":865,"url":"https:\/\/www.nexoinformativo.mx\/wp-content\/uploads\/2024\/10\/IMG_6933.jpg","type":"image\/jpeg"}],"author":"Nexo Informativo","twitter_card":"summary_large_image","twitter_misc":{"Escrito por":"Nexo Informativo","Tiempo de lectura":"2 minutos"},"schema":{"@context":"https:\/\/schema.org","@graph":[{"@type":"Article","@id":"https:\/\/www.nexoinformativo.mx\/index.php\/2024\/10\/15\/violento-robo-en-el-centro-de-queretaro-maestro-y-su-hermana-agredidos-por-banda-delictiva\/#article","isPartOf":{"@id":"https:\/\/www.nexoinformativo.mx\/index.php\/2024\/10\/15\/violento-robo-en-el-centro-de-queretaro-maestro-y-su-hermana-agredidos-por-banda-delictiva\/"},"author":{"name":"Nexo Informativo","@id":"https:\/\/www.nexoinformativo.mx\/#\/schema\/person\/7749d380ba08c8ca00d7bc76fd907b7d"},"headline":"Violento robo en el centro de Quer\u00e9taro: Maestro Aurelio Olvera y su hermana agredidos por banda delictiva","datePublished":"2024-10-15T16:00:59+00:00","dateModified":"2024-10-15T21:25:20+00:00","mainEntityOfPage":{"@id":"https:\/\/www.nexoinformativo.mx\/index.php\/2024\/10\/15\/violento-robo-en-el-centro-de-queretaro-maestro-y-su-hermana-agredidos-por-banda-delictiva\/"},"wordCount":257,"commentCount":0,"publisher":{"@id":"https:\/\/www.nexoinformativo.mx\/#organization"},"image":{"@id":"https:\/\/www.nexoinformativo.mx\/index.php\/2024\/10\/15\/violento-robo-en-el-centro-de-queretaro-maestro-y-su-hermana-agredidos-por-banda-delictiva\/#primaryimage"},"thumbnailUrl":"https:\/\/www.nexoinformativo.mx\/wp-content\/uploads\/2024\/10\/IMG_6933.jpg","keywords":["DelincuenciaQuer\u00e9taro","JusticiaParaQueretaro","Quer\u00e9taroSeguridad","RoboConViolencia"],"articleSection":["Sucesos","\u00daltima Hora"],"inLanguage":"es","potentialAction":[{"@type":"CommentAction","name":"Comment","target":["https:\/\/www.nexoinformativo.mx\/index.php\/2024\/10\/15\/violento-robo-en-el-centro-de-queretaro-maestro-y-su-hermana-agredidos-por-banda-delictiva\/#respond"]}]},{"@type":"WebPage","@id":"https:\/\/www.nexoinformativo.mx\/index.php\/2024\/10\/15\/violento-robo-en-el-centro-de-queretaro-maestro-y-su-hermana-agredidos-por-banda-delictiva\/","url":"https:\/\/www.nexoinformativo.mx\/index.php\/2024\/10\/15\/violento-robo-en-el-centro-de-queretaro-maestro-y-su-hermana-agredidos-por-banda-delictiva\/","name":"Violento robo en el centro de Quer\u00e9taro: Maestro Aurelio Olvera y su hermana agredidos por banda delictiva | Nexo Informativo Santiago de Quer\u00e9taro","isPartOf":{"@id":"https:\/\/www.nexoinformativo.mx\/#website"},"primaryImageOfPage":{"@id":"https:\/\/www.nexoinformativo.mx\/index.php\/2024\/10\/15\/violento-robo-en-el-centro-de-queretaro-maestro-y-su-hermana-agredidos-por-banda-delictiva\/#primaryimage"},"image":{"@id":"https:\/\/www.nexoinformativo.mx\/index.php\/2024\/10\/15\/violento-robo-en-el-centro-de-queretaro-maestro-y-su-hermana-agredidos-por-banda-delictiva\/#primaryimage"},"thumbnailUrl":"https:\/\/www.nexoinformativo.mx\/wp-content\/uploads\/2024\/10\/IMG_6933.jpg","datePublished":"2024-10-15T16:00:59+00:00","dateModified":"2024-10-15T21:25:20+00:00","description":"Violento robo en el centro de Quer\u00e9taro: Maestro y su hermana agredidos por banda delictiva","breadcrumb":{"@id":"https:\/\/www.nexoinformativo.mx\/index.php\/2024\/10\/15\/violento-robo-en-el-centro-de-queretaro-maestro-y-su-hermana-agredidos-por-banda-delictiva\/#breadcrumb"},"inLanguage":"es","potentialAction":[{"@type":"ReadAction","target":["https:\/\/www.nexoinformativo.mx\/index.php\/2024\/10\/15\/violento-robo-en-el-centro-de-queretaro-maestro-y-su-hermana-agredidos-por-banda-delictiva\/"]}]},{"@type":"ImageObject","inLanguage":"es","@id":"https:\/\/www.nexoinformativo.mx\/index.php\/2024\/10\/15\/violento-robo-en-el-centro-de-queretaro-maestro-y-su-hermana-agredidos-por-banda-delictiva\/#primaryimage","url":"https:\/\/www.nexoinformativo.mx\/wp-content\/uploads\/2024\/10\/IMG_6933.jpg","contentUrl":"https:\/\/www.nexoinformativo.mx\/wp-content\/uploads\/2024\/10\/IMG_6933.jpg","width":820,"height":865},{"@type":"BreadcrumbList","@id":"https:\/\/www.nexoinformativo.mx\/index.php\/2024\/10\/15\/violento-robo-en-el-centro-de-queretaro-maestro-y-su-hermana-agredidos-por-banda-delictiva\/#breadcrumb","itemListElement":[{"@type":"ListItem","position":1,"name":"Inicio","item":"https:\/\/www.nexoinformativo.mx\/"},{"@type":"ListItem","position":2,"name":"Violento robo en el centro de Quer\u00e9taro: Maestro Aurelio Olvera y su hermana agredidos por banda delictiva"}]},{"@type":"WebSite","@id":"https:\/\/www.nexoinformativo.mx\/#website","url":"https:\/\/www.nexoinformativo.mx\/","name":"Nexo Informativo Santiago de Quer\u00e9taro","description":"Explora NexoInformativo y convi\u00e9rtete en parte de una comunidad que valora el conocimiento y la verdad. Tu nexoinformativo es tu puente hacia una comprensi\u00f3n m\u00e1s profunda del mundo que te rodea.","publisher":{"@id":"https:\/\/www.nexoinformativo.mx\/#organization"},"potentialAction":[{"@type":"SearchAction","target":{"@type":"EntryPoint","urlTemplate":"https:\/\/www.nexoinformativo.mx\/?s={search_term_string}"},"query-input":{"@type":"PropertyValueSpecification","valueRequired":true,"valueName":"search_term_string"}}],"inLanguage":"es"},{"@type":"Organization","@id":"https:\/\/www.nexoinformativo.mx\/#organization","name":"Nexo Informativo Santiago de Quer\u00e9taro","url":"https:\/\/www.nexoinformativo.mx\/","logo":{"@type":"ImageObject","inLanguage":"es","@id":"https:\/\/www.nexoinformativo.mx\/#\/schema\/logo\/image\/","url":"https:\/\/www.nexoinformativo.mx\/wp-content\/uploads\/2024\/07\/nexoi-trasparente-2.png","contentUrl":"https:\/\/www.nexoinformativo.mx\/wp-content\/uploads\/2024\/07\/nexoi-trasparente-2.png","width":816,"height":339,"caption":"Nexo Informativo Santiago de Quer\u00e9taro"},"image":{"@id":"https:\/\/www.nexoinformativo.mx\/#\/schema\/logo\/image\/"},"sameAs":["https:\/\/www.facebook.com\/people\/Nexo-Informativo\/61564066885511\/"]},{"@type":"Person","@id":"https:\/\/www.nexoinformativo.mx\/#\/schema\/person\/7749d380ba08c8ca00d7bc76fd907b7d","name":"Nexo Informativo","image":{"@type":"ImageObject","inLanguage":"es","@id":"https:\/\/www.nexoinformativo.mx\/#\/schema\/person\/image\/","url":"https:\/\/secure.gravatar.com\/avatar\/dde2928154642a13d95f87ddf1ea9718fe2b46760a005c53e41ff5ad610704e6?s=96&d=mm&r=g","contentUrl":"https:\/\/secure.gravatar.com\/avatar\/dde2928154642a13d95f87ddf1ea9718fe2b46760a005c53e41ff5ad610704e6?s=96&d=mm&r=g","caption":"Nexo Informativo"},"url":"https:\/\/www.nexoinformativo.mx\/index.php\/author\/edicion\/"}]}},"_links":{"self":[{"href":"https:\/\/www.nexoinformativo.mx\/index.php\/wp-json\/wp\/v2\/posts\/3457","targetHints":{"allow":["GET"]}}],"collection":[{"href":"https:\/\/www.nexoinformativo.mx\/index.php\/wp-json\/wp\/v2\/posts"}],"about":[{"href":"https:\/\/www.nexoinformativo.mx\/index.php\/wp-json\/wp\/v2\/types\/post"}],"author":[{"embeddable":true,"href":"https:\/\/www.nexoinformativo.mx\/index.php\/wp-json\/wp\/v2\/users\/3"}],"replies":[{"embeddable":true,"href":"https:\/\/www.nexoinformativo.mx\/index.php\/wp-json\/wp\/v2\/comments?post=3457"}],"version-history":[{"count":8,"href":"https:\/\/www.nexoinformativo.mx\/index.php\/wp-json\/wp\/v2\/posts\/3457\/revisions"}],"predecessor-version":[{"id":3488,"href":"https:\/\/www.nexoinformativo.mx\/index.php\/wp-json\/wp\/v2\/posts\/3457\/revisions\/3488"}],"wp:featuredmedia":[{"embeddable":true,"href":"https:\/\/www.nexoinformativo.mx\/index.php\/wp-json\/wp\/v2\/media\/3489"}],"wp:attachment":[{"href":"https:\/\/www.nexoinformativo.mx\/index.php\/wp-json\/wp\/v2\/media?parent=3457"}],"wp:term":[{"taxonomy":"category","embeddable":true,"href":"https:\/\/www.nexoinformativo.mx\/index.php\/wp-json\/wp\/v2\/categories?post=3457"},{"taxonomy":"post_tag","embeddable":true,"href":"https:\/\/www.nexoinformativo.mx\/index.php\/wp-json\/wp\/v2\/tags?post=3457"}],"curies":[{"name":"wp","href":"https:\/\/api.w.org\/{rel}","templated":true}]}}