{"id":3497,"date":"2024-10-15T12:00:14","date_gmt":"2024-10-15T18:00:14","guid":{"rendered":"https:\/\/www.nexoinformativo.mx\/?p=3497"},"modified":"2024-10-15T15:51:13","modified_gmt":"2024-10-15T21:51:13","slug":"inicia-la-campana-de-vacunacion-contra-la-influenza-en-el-estado","status":"publish","type":"post","link":"https:\/\/www.nexoinformativo.mx\/index.php\/2024\/10\/15\/inicia-la-campana-de-vacunacion-contra-la-influenza-en-el-estado\/","title":{"rendered":"Inicia la Campa\u00f1a de Vacunaci\u00f3n Contra la Influenza en el Estado"},"content":{"rendered":"<div dir=\"auto\" style=\"text-align: justify;\">La secretaria de Salud del Estado, Martina P\u00e9rez, anunci\u00f3 el inicio de la campa\u00f1a de vacunaci\u00f3n contra la influenza estacional, que comenzar\u00e1 a aplicarse a partir de hoy. Esta campa\u00f1a est\u00e1 dirigida a personas en situaci\u00f3n de vulnerabilidad, con el objetivo de proteger a los grupos m\u00e1s susceptibles.<\/div>\n<\/p>\n<p>&nbsp;<\/p>\n<div dir=\"auto\"><\/div>\n<div dir=\"auto\" style=\"text-align: justify;\">Durante una entrevista, P\u00e9rez detall\u00f3 que se tiene previsto aplicar alrededor de 500 mil dosis, una cifra similar a la de la campa\u00f1a del a\u00f1o pasado. <strong>\u201cLa vacuna se administrar\u00e1 a grupos prioritarios, incluyendo a adultos mayores, ni\u00f1os de 6 a 59 meses de edad, mujeres embarazadas, personal de salud y personas con comorbilidades\u201d<\/strong>, explic\u00f3 la secretaria.<\/div>\n<\/p>\n<p>&nbsp;<\/p>\n<div dir=\"auto\"><\/div>\n<div dir=\"auto\" style=\"text-align: justify;\">La vacunaci\u00f3n se llevar\u00e1 a cabo en los centros de salud y en unidades de medicina familiar. Adem\u00e1s, se instalar\u00e1n m\u00f3dulos en diferentes ubicaciones, incluyendo uno en la Plaza de Armas del Centro Hist\u00f3rico, para facilitar el acceso a la vacuna.<\/div>\n<\/p>\n<p>&nbsp;<\/p>\n<div dir=\"auto\"><\/div>\n<div dir=\"auto\" style=\"text-align: justify;\">La secretaria de Salud hizo un llamado a la poblaci\u00f3n para que acuda a vacunarse y as\u00ed contribuir a la prevenci\u00f3n de la influenza. Con esta campa\u00f1a, el gobierno estatal busca reforzar las medidas de salud p\u00fablica y asegurar la protecci\u00f3n de la comunidad durante la temporada de influenza.<\/div>\n<\/p>\n<p>&nbsp;<\/p>\n<div dir=\"auto\"><\/div>\n<div dir=\"auto\"><\/div>\n<div dir=\"auto\" style=\"text-align: center;\"><em><strong>\u00a1Informaci\u00f3n que transforma!<\/strong><\/em><\/div>\n","protected":false},"excerpt":{"rendered":"<p>La secretaria de Salud del Estado, Martina P\u00e9rez, anunci\u00f3 el inicio de la campa\u00f1a de vacunaci\u00f3n contra la influenza estacional, que comenzar\u00e1 a aplicarse a partir de hoy.<\/p>\n","protected":false},"author":3,"featured_media":3498,"comment_status":"open","ping_status":"open","sticky":false,"template":"","format":"standard","meta":{"footnotes":""},"categories":[42,58],"tags":[1375,806,319,1374],"class_list":["post-3497","post","type-post","status-publish","format-standard","has-post-thumbnail","hentry","category-estado","category-ultima-hora","tag-influenza2024","tag-prevencion","tag-saludpublica","tag-vacunacioninfluenza"],"yoast_head":"<!-- This site is optimized with the Yoast SEO plugin v25.0 - https:\/\/yoast.com\/wordpress\/plugins\/seo\/ -->\n<title>Inicia la Campa\u00f1a de Vacunaci\u00f3n Contra la Influenza en el Estado | Nexo Informativo Santiago de Quer\u00e9taro<\/title>\n<meta name=\"description\" content=\"Inicia la Campa\u00f1a de Vacunaci\u00f3n Contra la Influenza en el Estado\" \/>\n<meta name=\"robots\" content=\"index, follow, max-snippet:-1, max-image-preview:large, max-video-preview:-1\" \/>\n<link rel=\"canonical\" href=\"https:\/\/www.nexoinformativo.mx\/index.php\/2024\/10\/15\/inicia-la-campana-de-vacunacion-contra-la-influenza-en-el-estado\/\" \/>\n<meta property=\"og:locale\" content=\"es_MX\" \/>\n<meta property=\"og:type\" content=\"article\" \/>\n<meta property=\"og:title\" content=\"Inicia la Campa\u00f1a de Vacunaci\u00f3n Contra la Influenza en el Estado | Nexo Informativo Santiago de Quer\u00e9taro\" \/>\n<meta property=\"og:description\" content=\"Inicia la Campa\u00f1a de Vacunaci\u00f3n Contra la Influenza en el Estado\" \/>\n<meta property=\"og:url\" content=\"https:\/\/www.nexoinformativo.mx\/index.php\/2024\/10\/15\/inicia-la-campana-de-vacunacion-contra-la-influenza-en-el-estado\/\" \/>\n<meta property=\"og:site_name\" content=\"Nexo Informativo Santiago de Quer\u00e9taro\" \/>\n<meta property=\"article:publisher\" content=\"https:\/\/www.facebook.com\/people\/Nexo-Informativo\/61564066885511\/\" \/>\n<meta property=\"article:published_time\" content=\"2024-10-15T18:00:14+00:00\" \/>\n<meta property=\"article:modified_time\" content=\"2024-10-15T21:51:13+00:00\" \/>\n<meta property=\"og:image\" content=\"https:\/\/www.nexoinformativo.mx\/wp-content\/uploads\/2024\/10\/PHOTO-2024-10-15-15-11-26-e1729028957860.jpg\" \/>\n\t<meta property=\"og:image:width\" content=\"800\" \/>\n\t<meta property=\"og:image:height\" content=\"600\" \/>\n\t<meta property=\"og:image:type\" content=\"image\/jpeg\" \/>\n<meta name=\"author\" content=\"Nexo Informativo\" \/>\n<meta name=\"twitter:card\" content=\"summary_large_image\" \/>\n<meta name=\"twitter:label1\" content=\"Escrito por\" \/>\n\t<meta name=\"twitter:data1\" content=\"Nexo Informativo\" \/>\n\t<meta name=\"twitter:label2\" content=\"Tiempo de lectura\" \/>\n\t<meta name=\"twitter:data2\" content=\"2 minutos\" \/>\n<script type=\"application\/ld+json\" class=\"yoast-schema-graph\">{\"@context\":\"https:\/\/schema.org\",\"@graph\":[{\"@type\":\"Article\",\"@id\":\"https:\/\/www.nexoinformativo.mx\/index.php\/2024\/10\/15\/inicia-la-campana-de-vacunacion-contra-la-influenza-en-el-estado\/#article\",\"isPartOf\":{\"@id\":\"https:\/\/www.nexoinformativo.mx\/index.php\/2024\/10\/15\/inicia-la-campana-de-vacunacion-contra-la-influenza-en-el-estado\/\"},\"author\":{\"name\":\"Nexo Informativo\",\"@id\":\"https:\/\/www.nexoinformativo.mx\/#\/schema\/person\/7749d380ba08c8ca00d7bc76fd907b7d\"},\"headline\":\"Inicia la Campa\u00f1a de Vacunaci\u00f3n Contra la Influenza en el Estado\",\"datePublished\":\"2024-10-15T18:00:14+00:00\",\"dateModified\":\"2024-10-15T21:51:13+00:00\",\"mainEntityOfPage\":{\"@id\":\"https:\/\/www.nexoinformativo.mx\/index.php\/2024\/10\/15\/inicia-la-campana-de-vacunacion-contra-la-influenza-en-el-estado\/\"},\"wordCount\":233,\"commentCount\":0,\"publisher\":{\"@id\":\"https:\/\/www.nexoinformativo.mx\/#organization\"},\"image\":{\"@id\":\"https:\/\/www.nexoinformativo.mx\/index.php\/2024\/10\/15\/inicia-la-campana-de-vacunacion-contra-la-influenza-en-el-estado\/#primaryimage\"},\"thumbnailUrl\":\"https:\/\/www.nexoinformativo.mx\/wp-content\/uploads\/2024\/10\/PHOTO-2024-10-15-15-11-26-e1729028957860.jpg\",\"keywords\":[\"Influenza2024\",\"Prevenci\u00f3n\",\"SaludP\u00fablica\",\"Vacunaci\u00f3nInfluenza\"],\"articleSection\":[\"Estado\",\"\u00daltima Hora\"],\"inLanguage\":\"es\",\"potentialAction\":[{\"@type\":\"CommentAction\",\"name\":\"Comment\",\"target\":[\"https:\/\/www.nexoinformativo.mx\/index.php\/2024\/10\/15\/inicia-la-campana-de-vacunacion-contra-la-influenza-en-el-estado\/#respond\"]}]},{\"@type\":\"WebPage\",\"@id\":\"https:\/\/www.nexoinformativo.mx\/index.php\/2024\/10\/15\/inicia-la-campana-de-vacunacion-contra-la-influenza-en-el-estado\/\",\"url\":\"https:\/\/www.nexoinformativo.mx\/index.php\/2024\/10\/15\/inicia-la-campana-de-vacunacion-contra-la-influenza-en-el-estado\/\",\"name\":\"Inicia la Campa\u00f1a de Vacunaci\u00f3n Contra la Influenza en el Estado | Nexo Informativo Santiago de Quer\u00e9taro\",\"isPartOf\":{\"@id\":\"https:\/\/www.nexoinformativo.mx\/#website\"},\"primaryImageOfPage\":{\"@id\":\"https:\/\/www.nexoinformativo.mx\/index.php\/2024\/10\/15\/inicia-la-campana-de-vacunacion-contra-la-influenza-en-el-estado\/#primaryimage\"},\"image\":{\"@id\":\"https:\/\/www.nexoinformativo.mx\/index.php\/2024\/10\/15\/inicia-la-campana-de-vacunacion-contra-la-influenza-en-el-estado\/#primaryimage\"},\"thumbnailUrl\":\"https:\/\/www.nexoinformativo.mx\/wp-content\/uploads\/2024\/10\/PHOTO-2024-10-15-15-11-26-e1729028957860.jpg\",\"datePublished\":\"2024-10-15T18:00:14+00:00\",\"dateModified\":\"2024-10-15T21:51:13+00:00\",\"description\":\"Inicia la Campa\u00f1a de Vacunaci\u00f3n Contra la Influenza en el Estado\",\"breadcrumb\":{\"@id\":\"https:\/\/www.nexoinformativo.mx\/index.php\/2024\/10\/15\/inicia-la-campana-de-vacunacion-contra-la-influenza-en-el-estado\/#breadcrumb\"},\"inLanguage\":\"es\",\"potentialAction\":[{\"@type\":\"ReadAction\",\"target\":[\"https:\/\/www.nexoinformativo.mx\/index.php\/2024\/10\/15\/inicia-la-campana-de-vacunacion-contra-la-influenza-en-el-estado\/\"]}]},{\"@type\":\"ImageObject\",\"inLanguage\":\"es\",\"@id\":\"https:\/\/www.nexoinformativo.mx\/index.php\/2024\/10\/15\/inicia-la-campana-de-vacunacion-contra-la-influenza-en-el-estado\/#primaryimage\",\"url\":\"https:\/\/www.nexoinformativo.mx\/wp-content\/uploads\/2024\/10\/PHOTO-2024-10-15-15-11-26-e1729028957860.jpg\",\"contentUrl\":\"https:\/\/www.nexoinformativo.mx\/wp-content\/uploads\/2024\/10\/PHOTO-2024-10-15-15-11-26-e1729028957860.jpg\",\"width\":800,\"height\":600},{\"@type\":\"BreadcrumbList\",\"@id\":\"https:\/\/www.nexoinformativo.mx\/index.php\/2024\/10\/15\/inicia-la-campana-de-vacunacion-contra-la-influenza-en-el-estado\/#breadcrumb\",\"itemListElement\":[{\"@type\":\"ListItem\",\"position\":1,\"name\":\"Inicio\",\"item\":\"https:\/\/www.nexoinformativo.mx\/\"},{\"@type\":\"ListItem\",\"position\":2,\"name\":\"Inicia la Campa\u00f1a de Vacunaci\u00f3n Contra la Influenza en el Estado\"}]},{\"@type\":\"WebSite\",\"@id\":\"https:\/\/www.nexoinformativo.mx\/#website\",\"url\":\"https:\/\/www.nexoinformativo.mx\/\",\"name\":\"Nexo Informativo Santiago de Quer\u00e9taro\",\"description\":\"Explora NexoInformativo y convi\u00e9rtete en parte de una comunidad que valora el conocimiento y la verdad. Tu nexoinformativo es tu puente hacia una comprensi\u00f3n m\u00e1s profunda del mundo que te rodea.\",\"publisher\":{\"@id\":\"https:\/\/www.nexoinformativo.mx\/#organization\"},\"potentialAction\":[{\"@type\":\"SearchAction\",\"target\":{\"@type\":\"EntryPoint\",\"urlTemplate\":\"https:\/\/www.nexoinformativo.mx\/?s={search_term_string}\"},\"query-input\":{\"@type\":\"PropertyValueSpecification\",\"valueRequired\":true,\"valueName\":\"search_term_string\"}}],\"inLanguage\":\"es\"},{\"@type\":\"Organization\",\"@id\":\"https:\/\/www.nexoinformativo.mx\/#organization\",\"name\":\"Nexo Informativo Santiago de Quer\u00e9taro\",\"url\":\"https:\/\/www.nexoinformativo.mx\/\",\"logo\":{\"@type\":\"ImageObject\",\"inLanguage\":\"es\",\"@id\":\"https:\/\/www.nexoinformativo.mx\/#\/schema\/logo\/image\/\",\"url\":\"https:\/\/www.nexoinformativo.mx\/wp-content\/uploads\/2024\/07\/nexoi-trasparente-2.png\",\"contentUrl\":\"https:\/\/www.nexoinformativo.mx\/wp-content\/uploads\/2024\/07\/nexoi-trasparente-2.png\",\"width\":816,\"height\":339,\"caption\":\"Nexo Informativo Santiago de Quer\u00e9taro\"},\"image\":{\"@id\":\"https:\/\/www.nexoinformativo.mx\/#\/schema\/logo\/image\/\"},\"sameAs\":[\"https:\/\/www.facebook.com\/people\/Nexo-Informativo\/61564066885511\/\"]},{\"@type\":\"Person\",\"@id\":\"https:\/\/www.nexoinformativo.mx\/#\/schema\/person\/7749d380ba08c8ca00d7bc76fd907b7d\",\"name\":\"Nexo Informativo\",\"image\":{\"@type\":\"ImageObject\",\"inLanguage\":\"es\",\"@id\":\"https:\/\/www.nexoinformativo.mx\/#\/schema\/person\/image\/\",\"url\":\"https:\/\/secure.gravatar.com\/avatar\/dde2928154642a13d95f87ddf1ea9718fe2b46760a005c53e41ff5ad610704e6?s=96&d=mm&r=g\",\"contentUrl\":\"https:\/\/secure.gravatar.com\/avatar\/dde2928154642a13d95f87ddf1ea9718fe2b46760a005c53e41ff5ad610704e6?s=96&d=mm&r=g\",\"caption\":\"Nexo Informativo\"},\"url\":\"https:\/\/www.nexoinformativo.mx\/index.php\/author\/edicion\/\"}]}<\/script>\n<!-- \/ Yoast SEO plugin. -->","yoast_head_json":{"title":"Inicia la Campa\u00f1a de Vacunaci\u00f3n Contra la Influenza en el Estado | Nexo Informativo Santiago de Quer\u00e9taro","description":"Inicia la Campa\u00f1a de Vacunaci\u00f3n Contra la Influenza en el Estado","robots":{"index":"index","follow":"follow","max-snippet":"max-snippet:-1","max-image-preview":"max-image-preview:large","max-video-preview":"max-video-preview:-1"},"canonical":"https:\/\/www.nexoinformativo.mx\/index.php\/2024\/10\/15\/inicia-la-campana-de-vacunacion-contra-la-influenza-en-el-estado\/","og_locale":"es_MX","og_type":"article","og_title":"Inicia la Campa\u00f1a de Vacunaci\u00f3n Contra la Influenza en el Estado | Nexo Informativo Santiago de Quer\u00e9taro","og_description":"Inicia la Campa\u00f1a de Vacunaci\u00f3n Contra la Influenza en el Estado","og_url":"https:\/\/www.nexoinformativo.mx\/index.php\/2024\/10\/15\/inicia-la-campana-de-vacunacion-contra-la-influenza-en-el-estado\/","og_site_name":"Nexo Informativo Santiago de Quer\u00e9taro","article_publisher":"https:\/\/www.facebook.com\/people\/Nexo-Informativo\/61564066885511\/","article_published_time":"2024-10-15T18:00:14+00:00","article_modified_time":"2024-10-15T21:51:13+00:00","og_image":[{"width":800,"height":600,"url":"https:\/\/www.nexoinformativo.mx\/wp-content\/uploads\/2024\/10\/PHOTO-2024-10-15-15-11-26-e1729028957860.jpg","type":"image\/jpeg"}],"author":"Nexo Informativo","twitter_card":"summary_large_image","twitter_misc":{"Escrito por":"Nexo Informativo","Tiempo de lectura":"2 minutos"},"schema":{"@context":"https:\/\/schema.org","@graph":[{"@type":"Article","@id":"https:\/\/www.nexoinformativo.mx\/index.php\/2024\/10\/15\/inicia-la-campana-de-vacunacion-contra-la-influenza-en-el-estado\/#article","isPartOf":{"@id":"https:\/\/www.nexoinformativo.mx\/index.php\/2024\/10\/15\/inicia-la-campana-de-vacunacion-contra-la-influenza-en-el-estado\/"},"author":{"name":"Nexo Informativo","@id":"https:\/\/www.nexoinformativo.mx\/#\/schema\/person\/7749d380ba08c8ca00d7bc76fd907b7d"},"headline":"Inicia la Campa\u00f1a de Vacunaci\u00f3n Contra la Influenza en el Estado","datePublished":"2024-10-15T18:00:14+00:00","dateModified":"2024-10-15T21:51:13+00:00","mainEntityOfPage":{"@id":"https:\/\/www.nexoinformativo.mx\/index.php\/2024\/10\/15\/inicia-la-campana-de-vacunacion-contra-la-influenza-en-el-estado\/"},"wordCount":233,"commentCount":0,"publisher":{"@id":"https:\/\/www.nexoinformativo.mx\/#organization"},"image":{"@id":"https:\/\/www.nexoinformativo.mx\/index.php\/2024\/10\/15\/inicia-la-campana-de-vacunacion-contra-la-influenza-en-el-estado\/#primaryimage"},"thumbnailUrl":"https:\/\/www.nexoinformativo.mx\/wp-content\/uploads\/2024\/10\/PHOTO-2024-10-15-15-11-26-e1729028957860.jpg","keywords":["Influenza2024","Prevenci\u00f3n","SaludP\u00fablica","Vacunaci\u00f3nInfluenza"],"articleSection":["Estado","\u00daltima Hora"],"inLanguage":"es","potentialAction":[{"@type":"CommentAction","name":"Comment","target":["https:\/\/www.nexoinformativo.mx\/index.php\/2024\/10\/15\/inicia-la-campana-de-vacunacion-contra-la-influenza-en-el-estado\/#respond"]}]},{"@type":"WebPage","@id":"https:\/\/www.nexoinformativo.mx\/index.php\/2024\/10\/15\/inicia-la-campana-de-vacunacion-contra-la-influenza-en-el-estado\/","url":"https:\/\/www.nexoinformativo.mx\/index.php\/2024\/10\/15\/inicia-la-campana-de-vacunacion-contra-la-influenza-en-el-estado\/","name":"Inicia la Campa\u00f1a de Vacunaci\u00f3n Contra la Influenza en el Estado | Nexo Informativo Santiago de Quer\u00e9taro","isPartOf":{"@id":"https:\/\/www.nexoinformativo.mx\/#website"},"primaryImageOfPage":{"@id":"https:\/\/www.nexoinformativo.mx\/index.php\/2024\/10\/15\/inicia-la-campana-de-vacunacion-contra-la-influenza-en-el-estado\/#primaryimage"},"image":{"@id":"https:\/\/www.nexoinformativo.mx\/index.php\/2024\/10\/15\/inicia-la-campana-de-vacunacion-contra-la-influenza-en-el-estado\/#primaryimage"},"thumbnailUrl":"https:\/\/www.nexoinformativo.mx\/wp-content\/uploads\/2024\/10\/PHOTO-2024-10-15-15-11-26-e1729028957860.jpg","datePublished":"2024-10-15T18:00:14+00:00","dateModified":"2024-10-15T21:51:13+00:00","description":"Inicia la Campa\u00f1a de Vacunaci\u00f3n Contra la Influenza en el Estado","breadcrumb":{"@id":"https:\/\/www.nexoinformativo.mx\/index.php\/2024\/10\/15\/inicia-la-campana-de-vacunacion-contra-la-influenza-en-el-estado\/#breadcrumb"},"inLanguage":"es","potentialAction":[{"@type":"ReadAction","target":["https:\/\/www.nexoinformativo.mx\/index.php\/2024\/10\/15\/inicia-la-campana-de-vacunacion-contra-la-influenza-en-el-estado\/"]}]},{"@type":"ImageObject","inLanguage":"es","@id":"https:\/\/www.nexoinformativo.mx\/index.php\/2024\/10\/15\/inicia-la-campana-de-vacunacion-contra-la-influenza-en-el-estado\/#primaryimage","url":"https:\/\/www.nexoinformativo.mx\/wp-content\/uploads\/2024\/10\/PHOTO-2024-10-15-15-11-26-e1729028957860.jpg","contentUrl":"https:\/\/www.nexoinformativo.mx\/wp-content\/uploads\/2024\/10\/PHOTO-2024-10-15-15-11-26-e1729028957860.jpg","width":800,"height":600},{"@type":"BreadcrumbList","@id":"https:\/\/www.nexoinformativo.mx\/index.php\/2024\/10\/15\/inicia-la-campana-de-vacunacion-contra-la-influenza-en-el-estado\/#breadcrumb","itemListElement":[{"@type":"ListItem","position":1,"name":"Inicio","item":"https:\/\/www.nexoinformativo.mx\/"},{"@type":"ListItem","position":2,"name":"Inicia la Campa\u00f1a de Vacunaci\u00f3n Contra la Influenza en el Estado"}]},{"@type":"WebSite","@id":"https:\/\/www.nexoinformativo.mx\/#website","url":"https:\/\/www.nexoinformativo.mx\/","name":"Nexo Informativo Santiago de Quer\u00e9taro","description":"Explora NexoInformativo y convi\u00e9rtete en parte de una comunidad que valora el conocimiento y la verdad. Tu nexoinformativo es tu puente hacia una comprensi\u00f3n m\u00e1s profunda del mundo que te rodea.","publisher":{"@id":"https:\/\/www.nexoinformativo.mx\/#organization"},"potentialAction":[{"@type":"SearchAction","target":{"@type":"EntryPoint","urlTemplate":"https:\/\/www.nexoinformativo.mx\/?s={search_term_string}"},"query-input":{"@type":"PropertyValueSpecification","valueRequired":true,"valueName":"search_term_string"}}],"inLanguage":"es"},{"@type":"Organization","@id":"https:\/\/www.nexoinformativo.mx\/#organization","name":"Nexo Informativo Santiago de Quer\u00e9taro","url":"https:\/\/www.nexoinformativo.mx\/","logo":{"@type":"ImageObject","inLanguage":"es","@id":"https:\/\/www.nexoinformativo.mx\/#\/schema\/logo\/image\/","url":"https:\/\/www.nexoinformativo.mx\/wp-content\/uploads\/2024\/07\/nexoi-trasparente-2.png","contentUrl":"https:\/\/www.nexoinformativo.mx\/wp-content\/uploads\/2024\/07\/nexoi-trasparente-2.png","width":816,"height":339,"caption":"Nexo Informativo Santiago de Quer\u00e9taro"},"image":{"@id":"https:\/\/www.nexoinformativo.mx\/#\/schema\/logo\/image\/"},"sameAs":["https:\/\/www.facebook.com\/people\/Nexo-Informativo\/61564066885511\/"]},{"@type":"Person","@id":"https:\/\/www.nexoinformativo.mx\/#\/schema\/person\/7749d380ba08c8ca00d7bc76fd907b7d","name":"Nexo Informativo","image":{"@type":"ImageObject","inLanguage":"es","@id":"https:\/\/www.nexoinformativo.mx\/#\/schema\/person\/image\/","url":"https:\/\/secure.gravatar.com\/avatar\/dde2928154642a13d95f87ddf1ea9718fe2b46760a005c53e41ff5ad610704e6?s=96&d=mm&r=g","contentUrl":"https:\/\/secure.gravatar.com\/avatar\/dde2928154642a13d95f87ddf1ea9718fe2b46760a005c53e41ff5ad610704e6?s=96&d=mm&r=g","caption":"Nexo Informativo"},"url":"https:\/\/www.nexoinformativo.mx\/index.php\/author\/edicion\/"}]}},"_links":{"self":[{"href":"https:\/\/www.nexoinformativo.mx\/index.php\/wp-json\/wp\/v2\/posts\/3497","targetHints":{"allow":["GET"]}}],"collection":[{"href":"https:\/\/www.nexoinformativo.mx\/index.php\/wp-json\/wp\/v2\/posts"}],"about":[{"href":"https:\/\/www.nexoinformativo.mx\/index.php\/wp-json\/wp\/v2\/types\/post"}],"author":[{"embeddable":true,"href":"https:\/\/www.nexoinformativo.mx\/index.php\/wp-json\/wp\/v2\/users\/3"}],"replies":[{"embeddable":true,"href":"https:\/\/www.nexoinformativo.mx\/index.php\/wp-json\/wp\/v2\/comments?post=3497"}],"version-history":[{"count":5,"href":"https:\/\/www.nexoinformativo.mx\/index.php\/wp-json\/wp\/v2\/posts\/3497\/revisions"}],"predecessor-version":[{"id":3502,"href":"https:\/\/www.nexoinformativo.mx\/index.php\/wp-json\/wp\/v2\/posts\/3497\/revisions\/3502"}],"wp:featuredmedia":[{"embeddable":true,"href":"https:\/\/www.nexoinformativo.mx\/index.php\/wp-json\/wp\/v2\/media\/3498"}],"wp:attachment":[{"href":"https:\/\/www.nexoinformativo.mx\/index.php\/wp-json\/wp\/v2\/media?parent=3497"}],"wp:term":[{"taxonomy":"category","embeddable":true,"href":"https:\/\/www.nexoinformativo.mx\/index.php\/wp-json\/wp\/v2\/categories?post=3497"},{"taxonomy":"post_tag","embeddable":true,"href":"https:\/\/www.nexoinformativo.mx\/index.php\/wp-json\/wp\/v2\/tags?post=3497"}],"curies":[{"name":"wp","href":"https:\/\/api.w.org\/{rel}","templated":true}]}}