{"id":3526,"date":"2024-10-16T06:00:48","date_gmt":"2024-10-16T12:00:48","guid":{"rendered":"https:\/\/www.nexoinformativo.mx\/?p=3526"},"modified":"2024-10-16T06:32:37","modified_gmt":"2024-10-16T12:32:37","slug":"cea-suspende-servicio-de-agua-en-queretaro-este-miercoles","status":"publish","type":"post","link":"https:\/\/www.nexoinformativo.mx\/index.php\/2024\/10\/16\/cea-suspende-servicio-de-agua-en-queretaro-este-miercoles\/","title":{"rendered":"CEA Suspende Servicio de Agua en Quer\u00e9taro este Mi\u00e9rcoles"},"content":{"rendered":"<div dir=\"auto\" style=\"text-align: justify;\">La Comisi\u00f3n Estatal de Aguas <strong>(CEA)<\/strong> ha anunciado la suspensi\u00f3n del servicio de agua potable en el municipio de Quer\u00e9taro para hoy mi\u00e9rcoles 16 de octubre. Esta interrupci\u00f3n afectar\u00e1 principalmente a las colonias Villas de Santiago y Unidad Nacional, y se llevar\u00e1 a cabo desde las 8:00 de la ma\u00f1ana hasta las 5:00 de la tarde.<\/div>\n<\/p>\n<p>&nbsp;<\/p>\n<div dir=\"auto\" style=\"text-align: justify;\">La raz\u00f3n de esta suspensi\u00f3n es la realizaci\u00f3n de trabajos de interconexi\u00f3n por parte de la Comisi\u00f3n Estatal de Infraestructura (CEI). La CEA ha informado que el suministro de agua comenzar\u00e1 a restablecerse de manera paulatina a partir de la madrugada del jueves 17 de octubre.<\/div>\n<\/p>\n<p>&nbsp;<\/p>\n<div dir=\"auto\" style=\"text-align: justify;\">Se recomienda a los habitantes de las colonias afectadas que tomen las precauciones necesarias y almacenen suficiente agua para cubrir sus necesidades b\u00e1sicas durante el tiempo que no habr\u00e1 servicio. La CEA tambi\u00e9n exhorta a la poblaci\u00f3n a estar atentos a los comunicados en sus redes sociales para m\u00e1s informaci\u00f3n.<\/div>\n<\/p>\n<p>&nbsp;<\/p>\n<div dir=\"auto\" style=\"text-align: justify;\">La colaboraci\u00f3n de los ciudadanos es fundamental para facilitar estos trabajos de infraestructura, que buscan mejorar el suministro de agua en la regi\u00f3n.<\/div>\n<\/p>\n<p>&nbsp;<\/p>\n<div dir=\"auto\"><\/div>\n<div dir=\"auto\" style=\"text-align: center;\"><em><strong>\u00a1Informaci\u00f3n que transforma!<\/strong><\/em><\/div>\n","protected":false},"excerpt":{"rendered":"<p>La Comisi\u00f3n Estatal de Aguas (CEA) ha anunciado la suspensi\u00f3n del servicio de agua potable en el municipio de Quer\u00e9taro para hoy mi\u00e9rcoles 16 de octubre.<\/p>\n","protected":false},"author":3,"featured_media":3527,"comment_status":"open","ping_status":"open","sticky":false,"template":"","format":"standard","meta":{"footnotes":""},"categories":[65,58],"tags":[1387,1385,71,1384,1386],"class_list":["post-3526","post","type-post","status-publish","format-standard","has-post-thumbnail","hentry","category-municipios","category-ultima-hora","tag-agua","tag-coloniavillasdesantiago","tag-qro","tag-suspensionservicio","tag-unidadnacional"],"yoast_head":"<!-- This site is optimized with the Yoast SEO plugin v25.0 - https:\/\/yoast.com\/wordpress\/plugins\/seo\/ -->\n<title>CEA Suspende Servicio de Agua en Quer\u00e9taro este Mi\u00e9rcoles | Nexo Informativo Santiago de Quer\u00e9taro<\/title>\n<meta name=\"description\" content=\"CEA Suspende Servicio de Agua en Quer\u00e9taro este Mi\u00e9rcoles\" \/>\n<meta name=\"robots\" content=\"index, follow, max-snippet:-1, max-image-preview:large, max-video-preview:-1\" \/>\n<link rel=\"canonical\" href=\"https:\/\/www.nexoinformativo.mx\/index.php\/2024\/10\/16\/cea-suspende-servicio-de-agua-en-queretaro-este-miercoles\/\" \/>\n<meta property=\"og:locale\" content=\"es_MX\" \/>\n<meta property=\"og:type\" content=\"article\" \/>\n<meta property=\"og:title\" content=\"CEA Suspende Servicio de Agua en Quer\u00e9taro este Mi\u00e9rcoles | Nexo Informativo Santiago de Quer\u00e9taro\" \/>\n<meta property=\"og:description\" content=\"CEA Suspende Servicio de Agua en Quer\u00e9taro este Mi\u00e9rcoles\" \/>\n<meta property=\"og:url\" content=\"https:\/\/www.nexoinformativo.mx\/index.php\/2024\/10\/16\/cea-suspende-servicio-de-agua-en-queretaro-este-miercoles\/\" \/>\n<meta property=\"og:site_name\" content=\"Nexo Informativo Santiago de Quer\u00e9taro\" \/>\n<meta property=\"article:publisher\" content=\"https:\/\/www.facebook.com\/people\/Nexo-Informativo\/61564066885511\/\" \/>\n<meta property=\"article:published_time\" content=\"2024-10-16T12:00:48+00:00\" \/>\n<meta property=\"article:modified_time\" content=\"2024-10-16T12:32:37+00:00\" \/>\n<meta property=\"og:image\" content=\"https:\/\/www.nexoinformativo.mx\/wp-content\/uploads\/2024\/10\/IMG_6949.jpg\" \/>\n\t<meta property=\"og:image:width\" content=\"779\" \/>\n\t<meta property=\"og:image:height\" content=\"908\" \/>\n\t<meta property=\"og:image:type\" content=\"image\/jpeg\" \/>\n<meta name=\"author\" content=\"Nexo Informativo\" \/>\n<meta name=\"twitter:card\" content=\"summary_large_image\" \/>\n<meta name=\"twitter:label1\" content=\"Escrito por\" \/>\n\t<meta name=\"twitter:data1\" content=\"Nexo Informativo\" \/>\n\t<meta name=\"twitter:label2\" content=\"Tiempo de lectura\" \/>\n\t<meta name=\"twitter:data2\" content=\"2 minutos\" \/>\n<script type=\"application\/ld+json\" class=\"yoast-schema-graph\">{\"@context\":\"https:\/\/schema.org\",\"@graph\":[{\"@type\":\"Article\",\"@id\":\"https:\/\/www.nexoinformativo.mx\/index.php\/2024\/10\/16\/cea-suspende-servicio-de-agua-en-queretaro-este-miercoles\/#article\",\"isPartOf\":{\"@id\":\"https:\/\/www.nexoinformativo.mx\/index.php\/2024\/10\/16\/cea-suspende-servicio-de-agua-en-queretaro-este-miercoles\/\"},\"author\":{\"name\":\"Nexo Informativo\",\"@id\":\"https:\/\/www.nexoinformativo.mx\/#\/schema\/person\/7749d380ba08c8ca00d7bc76fd907b7d\"},\"headline\":\"CEA Suspende Servicio de Agua en Quer\u00e9taro este Mi\u00e9rcoles\",\"datePublished\":\"2024-10-16T12:00:48+00:00\",\"dateModified\":\"2024-10-16T12:32:37+00:00\",\"mainEntityOfPage\":{\"@id\":\"https:\/\/www.nexoinformativo.mx\/index.php\/2024\/10\/16\/cea-suspende-servicio-de-agua-en-queretaro-este-miercoles\/\"},\"wordCount\":208,\"commentCount\":0,\"publisher\":{\"@id\":\"https:\/\/www.nexoinformativo.mx\/#organization\"},\"image\":{\"@id\":\"https:\/\/www.nexoinformativo.mx\/index.php\/2024\/10\/16\/cea-suspende-servicio-de-agua-en-queretaro-este-miercoles\/#primaryimage\"},\"thumbnailUrl\":\"https:\/\/www.nexoinformativo.mx\/wp-content\/uploads\/2024\/10\/IMG_6949.jpg\",\"keywords\":[\"agua\",\"ColoniaVillasDeSantiago\",\"qro\",\"Suspensi\u00f3nServicio\",\"UnidadNacional\"],\"articleSection\":[\"Municipios\",\"\u00daltima Hora\"],\"inLanguage\":\"es\",\"potentialAction\":[{\"@type\":\"CommentAction\",\"name\":\"Comment\",\"target\":[\"https:\/\/www.nexoinformativo.mx\/index.php\/2024\/10\/16\/cea-suspende-servicio-de-agua-en-queretaro-este-miercoles\/#respond\"]}]},{\"@type\":\"WebPage\",\"@id\":\"https:\/\/www.nexoinformativo.mx\/index.php\/2024\/10\/16\/cea-suspende-servicio-de-agua-en-queretaro-este-miercoles\/\",\"url\":\"https:\/\/www.nexoinformativo.mx\/index.php\/2024\/10\/16\/cea-suspende-servicio-de-agua-en-queretaro-este-miercoles\/\",\"name\":\"CEA Suspende Servicio de Agua en Quer\u00e9taro este Mi\u00e9rcoles | Nexo Informativo Santiago de Quer\u00e9taro\",\"isPartOf\":{\"@id\":\"https:\/\/www.nexoinformativo.mx\/#website\"},\"primaryImageOfPage\":{\"@id\":\"https:\/\/www.nexoinformativo.mx\/index.php\/2024\/10\/16\/cea-suspende-servicio-de-agua-en-queretaro-este-miercoles\/#primaryimage\"},\"image\":{\"@id\":\"https:\/\/www.nexoinformativo.mx\/index.php\/2024\/10\/16\/cea-suspende-servicio-de-agua-en-queretaro-este-miercoles\/#primaryimage\"},\"thumbnailUrl\":\"https:\/\/www.nexoinformativo.mx\/wp-content\/uploads\/2024\/10\/IMG_6949.jpg\",\"datePublished\":\"2024-10-16T12:00:48+00:00\",\"dateModified\":\"2024-10-16T12:32:37+00:00\",\"description\":\"CEA Suspende Servicio de Agua en Quer\u00e9taro este Mi\u00e9rcoles\",\"breadcrumb\":{\"@id\":\"https:\/\/www.nexoinformativo.mx\/index.php\/2024\/10\/16\/cea-suspende-servicio-de-agua-en-queretaro-este-miercoles\/#breadcrumb\"},\"inLanguage\":\"es\",\"potentialAction\":[{\"@type\":\"ReadAction\",\"target\":[\"https:\/\/www.nexoinformativo.mx\/index.php\/2024\/10\/16\/cea-suspende-servicio-de-agua-en-queretaro-este-miercoles\/\"]}]},{\"@type\":\"ImageObject\",\"inLanguage\":\"es\",\"@id\":\"https:\/\/www.nexoinformativo.mx\/index.php\/2024\/10\/16\/cea-suspende-servicio-de-agua-en-queretaro-este-miercoles\/#primaryimage\",\"url\":\"https:\/\/www.nexoinformativo.mx\/wp-content\/uploads\/2024\/10\/IMG_6949.jpg\",\"contentUrl\":\"https:\/\/www.nexoinformativo.mx\/wp-content\/uploads\/2024\/10\/IMG_6949.jpg\",\"width\":779,\"height\":908,\"caption\":\"Screenshot\"},{\"@type\":\"BreadcrumbList\",\"@id\":\"https:\/\/www.nexoinformativo.mx\/index.php\/2024\/10\/16\/cea-suspende-servicio-de-agua-en-queretaro-este-miercoles\/#breadcrumb\",\"itemListElement\":[{\"@type\":\"ListItem\",\"position\":1,\"name\":\"Inicio\",\"item\":\"https:\/\/www.nexoinformativo.mx\/\"},{\"@type\":\"ListItem\",\"position\":2,\"name\":\"CEA Suspende Servicio de Agua en Quer\u00e9taro este Mi\u00e9rcoles\"}]},{\"@type\":\"WebSite\",\"@id\":\"https:\/\/www.nexoinformativo.mx\/#website\",\"url\":\"https:\/\/www.nexoinformativo.mx\/\",\"name\":\"Nexo Informativo Santiago de Quer\u00e9taro\",\"description\":\"Explora NexoInformativo y convi\u00e9rtete en parte de una comunidad que valora el conocimiento y la verdad. Tu nexoinformativo es tu puente hacia una comprensi\u00f3n m\u00e1s profunda del mundo que te rodea.\",\"publisher\":{\"@id\":\"https:\/\/www.nexoinformativo.mx\/#organization\"},\"potentialAction\":[{\"@type\":\"SearchAction\",\"target\":{\"@type\":\"EntryPoint\",\"urlTemplate\":\"https:\/\/www.nexoinformativo.mx\/?s={search_term_string}\"},\"query-input\":{\"@type\":\"PropertyValueSpecification\",\"valueRequired\":true,\"valueName\":\"search_term_string\"}}],\"inLanguage\":\"es\"},{\"@type\":\"Organization\",\"@id\":\"https:\/\/www.nexoinformativo.mx\/#organization\",\"name\":\"Nexo Informativo Santiago de Quer\u00e9taro\",\"url\":\"https:\/\/www.nexoinformativo.mx\/\",\"logo\":{\"@type\":\"ImageObject\",\"inLanguage\":\"es\",\"@id\":\"https:\/\/www.nexoinformativo.mx\/#\/schema\/logo\/image\/\",\"url\":\"https:\/\/www.nexoinformativo.mx\/wp-content\/uploads\/2024\/07\/nexoi-trasparente-2.png\",\"contentUrl\":\"https:\/\/www.nexoinformativo.mx\/wp-content\/uploads\/2024\/07\/nexoi-trasparente-2.png\",\"width\":816,\"height\":339,\"caption\":\"Nexo Informativo Santiago de Quer\u00e9taro\"},\"image\":{\"@id\":\"https:\/\/www.nexoinformativo.mx\/#\/schema\/logo\/image\/\"},\"sameAs\":[\"https:\/\/www.facebook.com\/people\/Nexo-Informativo\/61564066885511\/\"]},{\"@type\":\"Person\",\"@id\":\"https:\/\/www.nexoinformativo.mx\/#\/schema\/person\/7749d380ba08c8ca00d7bc76fd907b7d\",\"name\":\"Nexo Informativo\",\"image\":{\"@type\":\"ImageObject\",\"inLanguage\":\"es\",\"@id\":\"https:\/\/www.nexoinformativo.mx\/#\/schema\/person\/image\/\",\"url\":\"https:\/\/secure.gravatar.com\/avatar\/dde2928154642a13d95f87ddf1ea9718fe2b46760a005c53e41ff5ad610704e6?s=96&d=mm&r=g\",\"contentUrl\":\"https:\/\/secure.gravatar.com\/avatar\/dde2928154642a13d95f87ddf1ea9718fe2b46760a005c53e41ff5ad610704e6?s=96&d=mm&r=g\",\"caption\":\"Nexo Informativo\"},\"url\":\"https:\/\/www.nexoinformativo.mx\/index.php\/author\/edicion\/\"}]}<\/script>\n<!-- \/ Yoast SEO plugin. -->","yoast_head_json":{"title":"CEA Suspende Servicio de Agua en Quer\u00e9taro este Mi\u00e9rcoles | Nexo Informativo Santiago de Quer\u00e9taro","description":"CEA Suspende Servicio de Agua en Quer\u00e9taro este Mi\u00e9rcoles","robots":{"index":"index","follow":"follow","max-snippet":"max-snippet:-1","max-image-preview":"max-image-preview:large","max-video-preview":"max-video-preview:-1"},"canonical":"https:\/\/www.nexoinformativo.mx\/index.php\/2024\/10\/16\/cea-suspende-servicio-de-agua-en-queretaro-este-miercoles\/","og_locale":"es_MX","og_type":"article","og_title":"CEA Suspende Servicio de Agua en Quer\u00e9taro este Mi\u00e9rcoles | Nexo Informativo Santiago de Quer\u00e9taro","og_description":"CEA Suspende Servicio de Agua en Quer\u00e9taro este Mi\u00e9rcoles","og_url":"https:\/\/www.nexoinformativo.mx\/index.php\/2024\/10\/16\/cea-suspende-servicio-de-agua-en-queretaro-este-miercoles\/","og_site_name":"Nexo Informativo Santiago de Quer\u00e9taro","article_publisher":"https:\/\/www.facebook.com\/people\/Nexo-Informativo\/61564066885511\/","article_published_time":"2024-10-16T12:00:48+00:00","article_modified_time":"2024-10-16T12:32:37+00:00","og_image":[{"width":779,"height":908,"url":"https:\/\/www.nexoinformativo.mx\/wp-content\/uploads\/2024\/10\/IMG_6949.jpg","type":"image\/jpeg"}],"author":"Nexo Informativo","twitter_card":"summary_large_image","twitter_misc":{"Escrito por":"Nexo Informativo","Tiempo de lectura":"2 minutos"},"schema":{"@context":"https:\/\/schema.org","@graph":[{"@type":"Article","@id":"https:\/\/www.nexoinformativo.mx\/index.php\/2024\/10\/16\/cea-suspende-servicio-de-agua-en-queretaro-este-miercoles\/#article","isPartOf":{"@id":"https:\/\/www.nexoinformativo.mx\/index.php\/2024\/10\/16\/cea-suspende-servicio-de-agua-en-queretaro-este-miercoles\/"},"author":{"name":"Nexo Informativo","@id":"https:\/\/www.nexoinformativo.mx\/#\/schema\/person\/7749d380ba08c8ca00d7bc76fd907b7d"},"headline":"CEA Suspende Servicio de Agua en Quer\u00e9taro este Mi\u00e9rcoles","datePublished":"2024-10-16T12:00:48+00:00","dateModified":"2024-10-16T12:32:37+00:00","mainEntityOfPage":{"@id":"https:\/\/www.nexoinformativo.mx\/index.php\/2024\/10\/16\/cea-suspende-servicio-de-agua-en-queretaro-este-miercoles\/"},"wordCount":208,"commentCount":0,"publisher":{"@id":"https:\/\/www.nexoinformativo.mx\/#organization"},"image":{"@id":"https:\/\/www.nexoinformativo.mx\/index.php\/2024\/10\/16\/cea-suspende-servicio-de-agua-en-queretaro-este-miercoles\/#primaryimage"},"thumbnailUrl":"https:\/\/www.nexoinformativo.mx\/wp-content\/uploads\/2024\/10\/IMG_6949.jpg","keywords":["agua","ColoniaVillasDeSantiago","qro","Suspensi\u00f3nServicio","UnidadNacional"],"articleSection":["Municipios","\u00daltima Hora"],"inLanguage":"es","potentialAction":[{"@type":"CommentAction","name":"Comment","target":["https:\/\/www.nexoinformativo.mx\/index.php\/2024\/10\/16\/cea-suspende-servicio-de-agua-en-queretaro-este-miercoles\/#respond"]}]},{"@type":"WebPage","@id":"https:\/\/www.nexoinformativo.mx\/index.php\/2024\/10\/16\/cea-suspende-servicio-de-agua-en-queretaro-este-miercoles\/","url":"https:\/\/www.nexoinformativo.mx\/index.php\/2024\/10\/16\/cea-suspende-servicio-de-agua-en-queretaro-este-miercoles\/","name":"CEA Suspende Servicio de Agua en Quer\u00e9taro este Mi\u00e9rcoles | Nexo Informativo Santiago de Quer\u00e9taro","isPartOf":{"@id":"https:\/\/www.nexoinformativo.mx\/#website"},"primaryImageOfPage":{"@id":"https:\/\/www.nexoinformativo.mx\/index.php\/2024\/10\/16\/cea-suspende-servicio-de-agua-en-queretaro-este-miercoles\/#primaryimage"},"image":{"@id":"https:\/\/www.nexoinformativo.mx\/index.php\/2024\/10\/16\/cea-suspende-servicio-de-agua-en-queretaro-este-miercoles\/#primaryimage"},"thumbnailUrl":"https:\/\/www.nexoinformativo.mx\/wp-content\/uploads\/2024\/10\/IMG_6949.jpg","datePublished":"2024-10-16T12:00:48+00:00","dateModified":"2024-10-16T12:32:37+00:00","description":"CEA Suspende Servicio de Agua en Quer\u00e9taro este Mi\u00e9rcoles","breadcrumb":{"@id":"https:\/\/www.nexoinformativo.mx\/index.php\/2024\/10\/16\/cea-suspende-servicio-de-agua-en-queretaro-este-miercoles\/#breadcrumb"},"inLanguage":"es","potentialAction":[{"@type":"ReadAction","target":["https:\/\/www.nexoinformativo.mx\/index.php\/2024\/10\/16\/cea-suspende-servicio-de-agua-en-queretaro-este-miercoles\/"]}]},{"@type":"ImageObject","inLanguage":"es","@id":"https:\/\/www.nexoinformativo.mx\/index.php\/2024\/10\/16\/cea-suspende-servicio-de-agua-en-queretaro-este-miercoles\/#primaryimage","url":"https:\/\/www.nexoinformativo.mx\/wp-content\/uploads\/2024\/10\/IMG_6949.jpg","contentUrl":"https:\/\/www.nexoinformativo.mx\/wp-content\/uploads\/2024\/10\/IMG_6949.jpg","width":779,"height":908,"caption":"Screenshot"},{"@type":"BreadcrumbList","@id":"https:\/\/www.nexoinformativo.mx\/index.php\/2024\/10\/16\/cea-suspende-servicio-de-agua-en-queretaro-este-miercoles\/#breadcrumb","itemListElement":[{"@type":"ListItem","position":1,"name":"Inicio","item":"https:\/\/www.nexoinformativo.mx\/"},{"@type":"ListItem","position":2,"name":"CEA Suspende Servicio de Agua en Quer\u00e9taro este Mi\u00e9rcoles"}]},{"@type":"WebSite","@id":"https:\/\/www.nexoinformativo.mx\/#website","url":"https:\/\/www.nexoinformativo.mx\/","name":"Nexo Informativo Santiago de Quer\u00e9taro","description":"Explora NexoInformativo y convi\u00e9rtete en parte de una comunidad que valora el conocimiento y la verdad. Tu nexoinformativo es tu puente hacia una comprensi\u00f3n m\u00e1s profunda del mundo que te rodea.","publisher":{"@id":"https:\/\/www.nexoinformativo.mx\/#organization"},"potentialAction":[{"@type":"SearchAction","target":{"@type":"EntryPoint","urlTemplate":"https:\/\/www.nexoinformativo.mx\/?s={search_term_string}"},"query-input":{"@type":"PropertyValueSpecification","valueRequired":true,"valueName":"search_term_string"}}],"inLanguage":"es"},{"@type":"Organization","@id":"https:\/\/www.nexoinformativo.mx\/#organization","name":"Nexo Informativo Santiago de Quer\u00e9taro","url":"https:\/\/www.nexoinformativo.mx\/","logo":{"@type":"ImageObject","inLanguage":"es","@id":"https:\/\/www.nexoinformativo.mx\/#\/schema\/logo\/image\/","url":"https:\/\/www.nexoinformativo.mx\/wp-content\/uploads\/2024\/07\/nexoi-trasparente-2.png","contentUrl":"https:\/\/www.nexoinformativo.mx\/wp-content\/uploads\/2024\/07\/nexoi-trasparente-2.png","width":816,"height":339,"caption":"Nexo Informativo Santiago de Quer\u00e9taro"},"image":{"@id":"https:\/\/www.nexoinformativo.mx\/#\/schema\/logo\/image\/"},"sameAs":["https:\/\/www.facebook.com\/people\/Nexo-Informativo\/61564066885511\/"]},{"@type":"Person","@id":"https:\/\/www.nexoinformativo.mx\/#\/schema\/person\/7749d380ba08c8ca00d7bc76fd907b7d","name":"Nexo Informativo","image":{"@type":"ImageObject","inLanguage":"es","@id":"https:\/\/www.nexoinformativo.mx\/#\/schema\/person\/image\/","url":"https:\/\/secure.gravatar.com\/avatar\/dde2928154642a13d95f87ddf1ea9718fe2b46760a005c53e41ff5ad610704e6?s=96&d=mm&r=g","contentUrl":"https:\/\/secure.gravatar.com\/avatar\/dde2928154642a13d95f87ddf1ea9718fe2b46760a005c53e41ff5ad610704e6?s=96&d=mm&r=g","caption":"Nexo Informativo"},"url":"https:\/\/www.nexoinformativo.mx\/index.php\/author\/edicion\/"}]}},"_links":{"self":[{"href":"https:\/\/www.nexoinformativo.mx\/index.php\/wp-json\/wp\/v2\/posts\/3526","targetHints":{"allow":["GET"]}}],"collection":[{"href":"https:\/\/www.nexoinformativo.mx\/index.php\/wp-json\/wp\/v2\/posts"}],"about":[{"href":"https:\/\/www.nexoinformativo.mx\/index.php\/wp-json\/wp\/v2\/types\/post"}],"author":[{"embeddable":true,"href":"https:\/\/www.nexoinformativo.mx\/index.php\/wp-json\/wp\/v2\/users\/3"}],"replies":[{"embeddable":true,"href":"https:\/\/www.nexoinformativo.mx\/index.php\/wp-json\/wp\/v2\/comments?post=3526"}],"version-history":[{"count":4,"href":"https:\/\/www.nexoinformativo.mx\/index.php\/wp-json\/wp\/v2\/posts\/3526\/revisions"}],"predecessor-version":[{"id":3529,"href":"https:\/\/www.nexoinformativo.mx\/index.php\/wp-json\/wp\/v2\/posts\/3526\/revisions\/3529"}],"wp:featuredmedia":[{"embeddable":true,"href":"https:\/\/www.nexoinformativo.mx\/index.php\/wp-json\/wp\/v2\/media\/3527"}],"wp:attachment":[{"href":"https:\/\/www.nexoinformativo.mx\/index.php\/wp-json\/wp\/v2\/media?parent=3526"}],"wp:term":[{"taxonomy":"category","embeddable":true,"href":"https:\/\/www.nexoinformativo.mx\/index.php\/wp-json\/wp\/v2\/categories?post=3526"},{"taxonomy":"post_tag","embeddable":true,"href":"https:\/\/www.nexoinformativo.mx\/index.php\/wp-json\/wp\/v2\/tags?post=3526"}],"curies":[{"name":"wp","href":"https:\/\/api.w.org\/{rel}","templated":true}]}}