{"id":3538,"date":"2024-10-16T07:30:04","date_gmt":"2024-10-16T13:30:04","guid":{"rendered":"https:\/\/www.nexoinformativo.mx\/?p=3538"},"modified":"2024-10-16T08:29:33","modified_gmt":"2024-10-16T14:29:33","slug":"coordinacion-interinstitucional-para-la-seguridad-en-la-feria-internacional-ganadera-de-queretaro-2024","status":"publish","type":"post","link":"https:\/\/www.nexoinformativo.mx\/index.php\/2024\/10\/16\/coordinacion-interinstitucional-para-la-seguridad-en-la-feria-internacional-ganadera-de-queretaro-2024\/","title":{"rendered":"Coordinaci\u00f3n interinstitucional para la seguridad en la Feria Internacional Ganadera de Quer\u00e9taro 2024"},"content":{"rendered":"<div id=\":qt\" style=\"text-align: justify;\">Autoridades federales, estatales y municipales se reunieron recientemente en la Sala de Juntas del Eco Centro Expositor para llevar a cabo una junta interinstitucional, con el objetivo de garantizar la seguridad en la Feria Internacional Ganadera de Quer\u00e9taro (FIGQ) 2024.<\/div>\n<div class=\"\">\n<div id=\":qv\" class=\"ii gt\">\n<div id=\":qu\" class=\"a3s aiL \">\n<div dir=\"auto\" style=\"text-align: justify;\">\n<p>La reuni\u00f3n fue encabezada por Romualdo Moreno, presidente de la Uni\u00f3n Ganadera Regional de Quer\u00e9taro (UGRQ) y de la FIGQ 2024, junto al director general del evento, Luis Enrique Gonz\u00e1lez.<\/p>\n<p>Durante el encuentro, se cont\u00f3 con la presencia de representantes de diversas instituciones, incluyendo la Guardia Nacional, la XVII Zona Militar, la Secretar\u00eda de Gobierno del Estado, la Secretar\u00eda de Seguridad Ciudadana del estado de Quer\u00e9taro (PoEs), la Secretar\u00eda de Turismo, la Agencia de Movilidad y la Secretar\u00eda de Seguridad P\u00fablica Municipal (SSPM) de El Marqu\u00e9s entre otros.<\/p>\n<p>Uno de los puntos clave de la reuni\u00f3n fue la confirmaci\u00f3n de la participaci\u00f3n de la Guardia Nacional y el Ej\u00e9rcito Militar, que se encargar\u00e1n de la seguridad durante el evento, as\u00ed como la exposici\u00f3n de las Fuerzas Armadas. Adem\u00e1s, se discutieron detalles sobre la participaci\u00f3n de productores locales y artesanos de todo el estado, quienes estar\u00e1n presentes en la Nave A, promovidos por las secretar\u00edas de Turismo y Sedea.<\/p>\n<p>Pr\u00f3ximamente, las autoridades dar\u00e1n a conocer a la ciudadan\u00eda los acuerdos alcanzados para garantizar la movilidad de los visitantes a la FIGQ 2024. Esto incluir\u00e1 informaci\u00f3n sobre las rutas, el costo y el n\u00famero de camiones del servicio p\u00fablico que ofrecer\u00e1n transporte, as\u00ed como las vialidades disponibles para automovilistas en la zona del Eco Centro.<\/p>\n<p style=\"text-align: center;\">\u00a1Informaci\u00f3n que transforma!<\/p>\n<\/div>\n<div dir=\"auto\" style=\"text-align: justify;\"><\/div>\n<\/div>\n<\/div>\n<\/div>\n","protected":false},"excerpt":{"rendered":"<p>Autoridades federales, estatales y municipales se reunieron recientemente en la Sala de Juntas del Eco Centro Expositor para llevar a cabo una junta interinstitucional,<\/p>\n","protected":false},"author":3,"featured_media":3539,"comment_status":"open","ping_status":"open","sticky":false,"template":"","format":"standard","meta":{"footnotes":""},"categories":[50],"tags":[1390,293,133,131],"class_list":["post-3538","post","type-post","status-publish","format-standard","has-post-thumbnail","hentry","category-espectaculos","tag-coordinacioninterinstitucional","tag-figq2024","tag-queretaro","tag-seguridad"],"yoast_head":"<!-- This site is optimized with the Yoast SEO plugin v25.0 - https:\/\/yoast.com\/wordpress\/plugins\/seo\/ -->\n<title>Coordinaci\u00f3n interinstitucional para la seguridad en la Feria Internacional Ganadera de Quer\u00e9taro 2024 | Nexo Informativo Santiago de Quer\u00e9taro<\/title>\n<meta name=\"description\" content=\"Coordinaci\u00f3n interinstitucional para la seguridad en la Feria Internacional Ganadera de Quer\u00e9taro 2024\" \/>\n<meta name=\"robots\" content=\"index, follow, max-snippet:-1, max-image-preview:large, max-video-preview:-1\" \/>\n<link rel=\"canonical\" href=\"https:\/\/www.nexoinformativo.mx\/index.php\/2024\/10\/16\/coordinacion-interinstitucional-para-la-seguridad-en-la-feria-internacional-ganadera-de-queretaro-2024\/\" \/>\n<meta property=\"og:locale\" content=\"es_MX\" \/>\n<meta property=\"og:type\" content=\"article\" \/>\n<meta property=\"og:title\" content=\"Coordinaci\u00f3n interinstitucional para la seguridad en la Feria Internacional Ganadera de Quer\u00e9taro 2024 | Nexo Informativo Santiago de Quer\u00e9taro\" \/>\n<meta property=\"og:description\" content=\"Coordinaci\u00f3n interinstitucional para la seguridad en la Feria Internacional Ganadera de Quer\u00e9taro 2024\" \/>\n<meta property=\"og:url\" content=\"https:\/\/www.nexoinformativo.mx\/index.php\/2024\/10\/16\/coordinacion-interinstitucional-para-la-seguridad-en-la-feria-internacional-ganadera-de-queretaro-2024\/\" \/>\n<meta property=\"og:site_name\" content=\"Nexo Informativo Santiago de Quer\u00e9taro\" \/>\n<meta property=\"article:publisher\" content=\"https:\/\/www.facebook.com\/people\/Nexo-Informativo\/61564066885511\/\" \/>\n<meta property=\"article:published_time\" content=\"2024-10-16T13:30:04+00:00\" \/>\n<meta property=\"article:modified_time\" content=\"2024-10-16T14:29:33+00:00\" \/>\n<meta property=\"og:image\" content=\"https:\/\/www.nexoinformativo.mx\/wp-content\/uploads\/2024\/10\/PHOTO-2024-10-16-07-50-01-e1729088509161.jpg\" \/>\n\t<meta property=\"og:image:width\" content=\"800\" \/>\n\t<meta property=\"og:image:height\" content=\"1000\" \/>\n\t<meta property=\"og:image:type\" content=\"image\/jpeg\" \/>\n<meta name=\"author\" content=\"Nexo Informativo\" \/>\n<meta name=\"twitter:card\" content=\"summary_large_image\" \/>\n<meta name=\"twitter:label1\" content=\"Escrito por\" \/>\n\t<meta name=\"twitter:data1\" content=\"Nexo Informativo\" \/>\n\t<meta name=\"twitter:label2\" content=\"Tiempo de lectura\" \/>\n\t<meta name=\"twitter:data2\" content=\"2 minutos\" \/>\n<script type=\"application\/ld+json\" class=\"yoast-schema-graph\">{\"@context\":\"https:\/\/schema.org\",\"@graph\":[{\"@type\":\"Article\",\"@id\":\"https:\/\/www.nexoinformativo.mx\/index.php\/2024\/10\/16\/coordinacion-interinstitucional-para-la-seguridad-en-la-feria-internacional-ganadera-de-queretaro-2024\/#article\",\"isPartOf\":{\"@id\":\"https:\/\/www.nexoinformativo.mx\/index.php\/2024\/10\/16\/coordinacion-interinstitucional-para-la-seguridad-en-la-feria-internacional-ganadera-de-queretaro-2024\/\"},\"author\":{\"name\":\"Nexo Informativo\",\"@id\":\"https:\/\/www.nexoinformativo.mx\/#\/schema\/person\/7749d380ba08c8ca00d7bc76fd907b7d\"},\"headline\":\"Coordinaci\u00f3n interinstitucional para la seguridad en la Feria Internacional Ganadera de Quer\u00e9taro 2024\",\"datePublished\":\"2024-10-16T13:30:04+00:00\",\"dateModified\":\"2024-10-16T14:29:33+00:00\",\"mainEntityOfPage\":{\"@id\":\"https:\/\/www.nexoinformativo.mx\/index.php\/2024\/10\/16\/coordinacion-interinstitucional-para-la-seguridad-en-la-feria-internacional-ganadera-de-queretaro-2024\/\"},\"wordCount\":297,\"commentCount\":0,\"publisher\":{\"@id\":\"https:\/\/www.nexoinformativo.mx\/#organization\"},\"image\":{\"@id\":\"https:\/\/www.nexoinformativo.mx\/index.php\/2024\/10\/16\/coordinacion-interinstitucional-para-la-seguridad-en-la-feria-internacional-ganadera-de-queretaro-2024\/#primaryimage\"},\"thumbnailUrl\":\"https:\/\/www.nexoinformativo.mx\/wp-content\/uploads\/2024\/10\/PHOTO-2024-10-16-07-50-01-e1729088509161.jpg\",\"keywords\":[\"Coordinaci\u00f3nInterinstitucional\",\"FIGQ2024\",\"Quer\u00e9taro\",\"Seguridad\"],\"articleSection\":[\"Espect\u00e1culos\"],\"inLanguage\":\"es\",\"potentialAction\":[{\"@type\":\"CommentAction\",\"name\":\"Comment\",\"target\":[\"https:\/\/www.nexoinformativo.mx\/index.php\/2024\/10\/16\/coordinacion-interinstitucional-para-la-seguridad-en-la-feria-internacional-ganadera-de-queretaro-2024\/#respond\"]}]},{\"@type\":\"WebPage\",\"@id\":\"https:\/\/www.nexoinformativo.mx\/index.php\/2024\/10\/16\/coordinacion-interinstitucional-para-la-seguridad-en-la-feria-internacional-ganadera-de-queretaro-2024\/\",\"url\":\"https:\/\/www.nexoinformativo.mx\/index.php\/2024\/10\/16\/coordinacion-interinstitucional-para-la-seguridad-en-la-feria-internacional-ganadera-de-queretaro-2024\/\",\"name\":\"Coordinaci\u00f3n interinstitucional para la seguridad en la Feria Internacional Ganadera de Quer\u00e9taro 2024 | Nexo Informativo Santiago de Quer\u00e9taro\",\"isPartOf\":{\"@id\":\"https:\/\/www.nexoinformativo.mx\/#website\"},\"primaryImageOfPage\":{\"@id\":\"https:\/\/www.nexoinformativo.mx\/index.php\/2024\/10\/16\/coordinacion-interinstitucional-para-la-seguridad-en-la-feria-internacional-ganadera-de-queretaro-2024\/#primaryimage\"},\"image\":{\"@id\":\"https:\/\/www.nexoinformativo.mx\/index.php\/2024\/10\/16\/coordinacion-interinstitucional-para-la-seguridad-en-la-feria-internacional-ganadera-de-queretaro-2024\/#primaryimage\"},\"thumbnailUrl\":\"https:\/\/www.nexoinformativo.mx\/wp-content\/uploads\/2024\/10\/PHOTO-2024-10-16-07-50-01-e1729088509161.jpg\",\"datePublished\":\"2024-10-16T13:30:04+00:00\",\"dateModified\":\"2024-10-16T14:29:33+00:00\",\"description\":\"Coordinaci\u00f3n interinstitucional para la seguridad en la Feria Internacional Ganadera de Quer\u00e9taro 2024\",\"breadcrumb\":{\"@id\":\"https:\/\/www.nexoinformativo.mx\/index.php\/2024\/10\/16\/coordinacion-interinstitucional-para-la-seguridad-en-la-feria-internacional-ganadera-de-queretaro-2024\/#breadcrumb\"},\"inLanguage\":\"es\",\"potentialAction\":[{\"@type\":\"ReadAction\",\"target\":[\"https:\/\/www.nexoinformativo.mx\/index.php\/2024\/10\/16\/coordinacion-interinstitucional-para-la-seguridad-en-la-feria-internacional-ganadera-de-queretaro-2024\/\"]}]},{\"@type\":\"ImageObject\",\"inLanguage\":\"es\",\"@id\":\"https:\/\/www.nexoinformativo.mx\/index.php\/2024\/10\/16\/coordinacion-interinstitucional-para-la-seguridad-en-la-feria-internacional-ganadera-de-queretaro-2024\/#primaryimage\",\"url\":\"https:\/\/www.nexoinformativo.mx\/wp-content\/uploads\/2024\/10\/PHOTO-2024-10-16-07-50-01-e1729088509161.jpg\",\"contentUrl\":\"https:\/\/www.nexoinformativo.mx\/wp-content\/uploads\/2024\/10\/PHOTO-2024-10-16-07-50-01-e1729088509161.jpg\",\"width\":800,\"height\":1000},{\"@type\":\"BreadcrumbList\",\"@id\":\"https:\/\/www.nexoinformativo.mx\/index.php\/2024\/10\/16\/coordinacion-interinstitucional-para-la-seguridad-en-la-feria-internacional-ganadera-de-queretaro-2024\/#breadcrumb\",\"itemListElement\":[{\"@type\":\"ListItem\",\"position\":1,\"name\":\"Inicio\",\"item\":\"https:\/\/www.nexoinformativo.mx\/\"},{\"@type\":\"ListItem\",\"position\":2,\"name\":\"Coordinaci\u00f3n interinstitucional para la seguridad en la Feria Internacional Ganadera de Quer\u00e9taro 2024\"}]},{\"@type\":\"WebSite\",\"@id\":\"https:\/\/www.nexoinformativo.mx\/#website\",\"url\":\"https:\/\/www.nexoinformativo.mx\/\",\"name\":\"Nexo Informativo Santiago de Quer\u00e9taro\",\"description\":\"Explora NexoInformativo y convi\u00e9rtete en parte de una comunidad que valora el conocimiento y la verdad. Tu nexoinformativo es tu puente hacia una comprensi\u00f3n m\u00e1s profunda del mundo que te rodea.\",\"publisher\":{\"@id\":\"https:\/\/www.nexoinformativo.mx\/#organization\"},\"potentialAction\":[{\"@type\":\"SearchAction\",\"target\":{\"@type\":\"EntryPoint\",\"urlTemplate\":\"https:\/\/www.nexoinformativo.mx\/?s={search_term_string}\"},\"query-input\":{\"@type\":\"PropertyValueSpecification\",\"valueRequired\":true,\"valueName\":\"search_term_string\"}}],\"inLanguage\":\"es\"},{\"@type\":\"Organization\",\"@id\":\"https:\/\/www.nexoinformativo.mx\/#organization\",\"name\":\"Nexo Informativo Santiago de Quer\u00e9taro\",\"url\":\"https:\/\/www.nexoinformativo.mx\/\",\"logo\":{\"@type\":\"ImageObject\",\"inLanguage\":\"es\",\"@id\":\"https:\/\/www.nexoinformativo.mx\/#\/schema\/logo\/image\/\",\"url\":\"https:\/\/www.nexoinformativo.mx\/wp-content\/uploads\/2024\/07\/nexoi-trasparente-2.png\",\"contentUrl\":\"https:\/\/www.nexoinformativo.mx\/wp-content\/uploads\/2024\/07\/nexoi-trasparente-2.png\",\"width\":816,\"height\":339,\"caption\":\"Nexo Informativo Santiago de Quer\u00e9taro\"},\"image\":{\"@id\":\"https:\/\/www.nexoinformativo.mx\/#\/schema\/logo\/image\/\"},\"sameAs\":[\"https:\/\/www.facebook.com\/people\/Nexo-Informativo\/61564066885511\/\"]},{\"@type\":\"Person\",\"@id\":\"https:\/\/www.nexoinformativo.mx\/#\/schema\/person\/7749d380ba08c8ca00d7bc76fd907b7d\",\"name\":\"Nexo Informativo\",\"image\":{\"@type\":\"ImageObject\",\"inLanguage\":\"es\",\"@id\":\"https:\/\/www.nexoinformativo.mx\/#\/schema\/person\/image\/\",\"url\":\"https:\/\/secure.gravatar.com\/avatar\/dde2928154642a13d95f87ddf1ea9718fe2b46760a005c53e41ff5ad610704e6?s=96&d=mm&r=g\",\"contentUrl\":\"https:\/\/secure.gravatar.com\/avatar\/dde2928154642a13d95f87ddf1ea9718fe2b46760a005c53e41ff5ad610704e6?s=96&d=mm&r=g\",\"caption\":\"Nexo Informativo\"},\"url\":\"https:\/\/www.nexoinformativo.mx\/index.php\/author\/edicion\/\"}]}<\/script>\n<!-- \/ Yoast SEO plugin. -->","yoast_head_json":{"title":"Coordinaci\u00f3n interinstitucional para la seguridad en la Feria Internacional Ganadera de Quer\u00e9taro 2024 | Nexo Informativo Santiago de Quer\u00e9taro","description":"Coordinaci\u00f3n interinstitucional para la seguridad en la Feria Internacional Ganadera de Quer\u00e9taro 2024","robots":{"index":"index","follow":"follow","max-snippet":"max-snippet:-1","max-image-preview":"max-image-preview:large","max-video-preview":"max-video-preview:-1"},"canonical":"https:\/\/www.nexoinformativo.mx\/index.php\/2024\/10\/16\/coordinacion-interinstitucional-para-la-seguridad-en-la-feria-internacional-ganadera-de-queretaro-2024\/","og_locale":"es_MX","og_type":"article","og_title":"Coordinaci\u00f3n interinstitucional para la seguridad en la Feria Internacional Ganadera de Quer\u00e9taro 2024 | Nexo Informativo Santiago de Quer\u00e9taro","og_description":"Coordinaci\u00f3n interinstitucional para la seguridad en la Feria Internacional Ganadera de Quer\u00e9taro 2024","og_url":"https:\/\/www.nexoinformativo.mx\/index.php\/2024\/10\/16\/coordinacion-interinstitucional-para-la-seguridad-en-la-feria-internacional-ganadera-de-queretaro-2024\/","og_site_name":"Nexo Informativo Santiago de Quer\u00e9taro","article_publisher":"https:\/\/www.facebook.com\/people\/Nexo-Informativo\/61564066885511\/","article_published_time":"2024-10-16T13:30:04+00:00","article_modified_time":"2024-10-16T14:29:33+00:00","og_image":[{"width":800,"height":1000,"url":"https:\/\/www.nexoinformativo.mx\/wp-content\/uploads\/2024\/10\/PHOTO-2024-10-16-07-50-01-e1729088509161.jpg","type":"image\/jpeg"}],"author":"Nexo Informativo","twitter_card":"summary_large_image","twitter_misc":{"Escrito por":"Nexo Informativo","Tiempo de lectura":"2 minutos"},"schema":{"@context":"https:\/\/schema.org","@graph":[{"@type":"Article","@id":"https:\/\/www.nexoinformativo.mx\/index.php\/2024\/10\/16\/coordinacion-interinstitucional-para-la-seguridad-en-la-feria-internacional-ganadera-de-queretaro-2024\/#article","isPartOf":{"@id":"https:\/\/www.nexoinformativo.mx\/index.php\/2024\/10\/16\/coordinacion-interinstitucional-para-la-seguridad-en-la-feria-internacional-ganadera-de-queretaro-2024\/"},"author":{"name":"Nexo Informativo","@id":"https:\/\/www.nexoinformativo.mx\/#\/schema\/person\/7749d380ba08c8ca00d7bc76fd907b7d"},"headline":"Coordinaci\u00f3n interinstitucional para la seguridad en la Feria Internacional Ganadera de Quer\u00e9taro 2024","datePublished":"2024-10-16T13:30:04+00:00","dateModified":"2024-10-16T14:29:33+00:00","mainEntityOfPage":{"@id":"https:\/\/www.nexoinformativo.mx\/index.php\/2024\/10\/16\/coordinacion-interinstitucional-para-la-seguridad-en-la-feria-internacional-ganadera-de-queretaro-2024\/"},"wordCount":297,"commentCount":0,"publisher":{"@id":"https:\/\/www.nexoinformativo.mx\/#organization"},"image":{"@id":"https:\/\/www.nexoinformativo.mx\/index.php\/2024\/10\/16\/coordinacion-interinstitucional-para-la-seguridad-en-la-feria-internacional-ganadera-de-queretaro-2024\/#primaryimage"},"thumbnailUrl":"https:\/\/www.nexoinformativo.mx\/wp-content\/uploads\/2024\/10\/PHOTO-2024-10-16-07-50-01-e1729088509161.jpg","keywords":["Coordinaci\u00f3nInterinstitucional","FIGQ2024","Quer\u00e9taro","Seguridad"],"articleSection":["Espect\u00e1culos"],"inLanguage":"es","potentialAction":[{"@type":"CommentAction","name":"Comment","target":["https:\/\/www.nexoinformativo.mx\/index.php\/2024\/10\/16\/coordinacion-interinstitucional-para-la-seguridad-en-la-feria-internacional-ganadera-de-queretaro-2024\/#respond"]}]},{"@type":"WebPage","@id":"https:\/\/www.nexoinformativo.mx\/index.php\/2024\/10\/16\/coordinacion-interinstitucional-para-la-seguridad-en-la-feria-internacional-ganadera-de-queretaro-2024\/","url":"https:\/\/www.nexoinformativo.mx\/index.php\/2024\/10\/16\/coordinacion-interinstitucional-para-la-seguridad-en-la-feria-internacional-ganadera-de-queretaro-2024\/","name":"Coordinaci\u00f3n interinstitucional para la seguridad en la Feria Internacional Ganadera de Quer\u00e9taro 2024 | Nexo Informativo Santiago de Quer\u00e9taro","isPartOf":{"@id":"https:\/\/www.nexoinformativo.mx\/#website"},"primaryImageOfPage":{"@id":"https:\/\/www.nexoinformativo.mx\/index.php\/2024\/10\/16\/coordinacion-interinstitucional-para-la-seguridad-en-la-feria-internacional-ganadera-de-queretaro-2024\/#primaryimage"},"image":{"@id":"https:\/\/www.nexoinformativo.mx\/index.php\/2024\/10\/16\/coordinacion-interinstitucional-para-la-seguridad-en-la-feria-internacional-ganadera-de-queretaro-2024\/#primaryimage"},"thumbnailUrl":"https:\/\/www.nexoinformativo.mx\/wp-content\/uploads\/2024\/10\/PHOTO-2024-10-16-07-50-01-e1729088509161.jpg","datePublished":"2024-10-16T13:30:04+00:00","dateModified":"2024-10-16T14:29:33+00:00","description":"Coordinaci\u00f3n interinstitucional para la seguridad en la Feria Internacional Ganadera de Quer\u00e9taro 2024","breadcrumb":{"@id":"https:\/\/www.nexoinformativo.mx\/index.php\/2024\/10\/16\/coordinacion-interinstitucional-para-la-seguridad-en-la-feria-internacional-ganadera-de-queretaro-2024\/#breadcrumb"},"inLanguage":"es","potentialAction":[{"@type":"ReadAction","target":["https:\/\/www.nexoinformativo.mx\/index.php\/2024\/10\/16\/coordinacion-interinstitucional-para-la-seguridad-en-la-feria-internacional-ganadera-de-queretaro-2024\/"]}]},{"@type":"ImageObject","inLanguage":"es","@id":"https:\/\/www.nexoinformativo.mx\/index.php\/2024\/10\/16\/coordinacion-interinstitucional-para-la-seguridad-en-la-feria-internacional-ganadera-de-queretaro-2024\/#primaryimage","url":"https:\/\/www.nexoinformativo.mx\/wp-content\/uploads\/2024\/10\/PHOTO-2024-10-16-07-50-01-e1729088509161.jpg","contentUrl":"https:\/\/www.nexoinformativo.mx\/wp-content\/uploads\/2024\/10\/PHOTO-2024-10-16-07-50-01-e1729088509161.jpg","width":800,"height":1000},{"@type":"BreadcrumbList","@id":"https:\/\/www.nexoinformativo.mx\/index.php\/2024\/10\/16\/coordinacion-interinstitucional-para-la-seguridad-en-la-feria-internacional-ganadera-de-queretaro-2024\/#breadcrumb","itemListElement":[{"@type":"ListItem","position":1,"name":"Inicio","item":"https:\/\/www.nexoinformativo.mx\/"},{"@type":"ListItem","position":2,"name":"Coordinaci\u00f3n interinstitucional para la seguridad en la Feria Internacional Ganadera de Quer\u00e9taro 2024"}]},{"@type":"WebSite","@id":"https:\/\/www.nexoinformativo.mx\/#website","url":"https:\/\/www.nexoinformativo.mx\/","name":"Nexo Informativo Santiago de Quer\u00e9taro","description":"Explora NexoInformativo y convi\u00e9rtete en parte de una comunidad que valora el conocimiento y la verdad. Tu nexoinformativo es tu puente hacia una comprensi\u00f3n m\u00e1s profunda del mundo que te rodea.","publisher":{"@id":"https:\/\/www.nexoinformativo.mx\/#organization"},"potentialAction":[{"@type":"SearchAction","target":{"@type":"EntryPoint","urlTemplate":"https:\/\/www.nexoinformativo.mx\/?s={search_term_string}"},"query-input":{"@type":"PropertyValueSpecification","valueRequired":true,"valueName":"search_term_string"}}],"inLanguage":"es"},{"@type":"Organization","@id":"https:\/\/www.nexoinformativo.mx\/#organization","name":"Nexo Informativo Santiago de Quer\u00e9taro","url":"https:\/\/www.nexoinformativo.mx\/","logo":{"@type":"ImageObject","inLanguage":"es","@id":"https:\/\/www.nexoinformativo.mx\/#\/schema\/logo\/image\/","url":"https:\/\/www.nexoinformativo.mx\/wp-content\/uploads\/2024\/07\/nexoi-trasparente-2.png","contentUrl":"https:\/\/www.nexoinformativo.mx\/wp-content\/uploads\/2024\/07\/nexoi-trasparente-2.png","width":816,"height":339,"caption":"Nexo Informativo Santiago de Quer\u00e9taro"},"image":{"@id":"https:\/\/www.nexoinformativo.mx\/#\/schema\/logo\/image\/"},"sameAs":["https:\/\/www.facebook.com\/people\/Nexo-Informativo\/61564066885511\/"]},{"@type":"Person","@id":"https:\/\/www.nexoinformativo.mx\/#\/schema\/person\/7749d380ba08c8ca00d7bc76fd907b7d","name":"Nexo Informativo","image":{"@type":"ImageObject","inLanguage":"es","@id":"https:\/\/www.nexoinformativo.mx\/#\/schema\/person\/image\/","url":"https:\/\/secure.gravatar.com\/avatar\/dde2928154642a13d95f87ddf1ea9718fe2b46760a005c53e41ff5ad610704e6?s=96&d=mm&r=g","contentUrl":"https:\/\/secure.gravatar.com\/avatar\/dde2928154642a13d95f87ddf1ea9718fe2b46760a005c53e41ff5ad610704e6?s=96&d=mm&r=g","caption":"Nexo Informativo"},"url":"https:\/\/www.nexoinformativo.mx\/index.php\/author\/edicion\/"}]}},"_links":{"self":[{"href":"https:\/\/www.nexoinformativo.mx\/index.php\/wp-json\/wp\/v2\/posts\/3538","targetHints":{"allow":["GET"]}}],"collection":[{"href":"https:\/\/www.nexoinformativo.mx\/index.php\/wp-json\/wp\/v2\/posts"}],"about":[{"href":"https:\/\/www.nexoinformativo.mx\/index.php\/wp-json\/wp\/v2\/types\/post"}],"author":[{"embeddable":true,"href":"https:\/\/www.nexoinformativo.mx\/index.php\/wp-json\/wp\/v2\/users\/3"}],"replies":[{"embeddable":true,"href":"https:\/\/www.nexoinformativo.mx\/index.php\/wp-json\/wp\/v2\/comments?post=3538"}],"version-history":[{"count":10,"href":"https:\/\/www.nexoinformativo.mx\/index.php\/wp-json\/wp\/v2\/posts\/3538\/revisions"}],"predecessor-version":[{"id":3550,"href":"https:\/\/www.nexoinformativo.mx\/index.php\/wp-json\/wp\/v2\/posts\/3538\/revisions\/3550"}],"wp:featuredmedia":[{"embeddable":true,"href":"https:\/\/www.nexoinformativo.mx\/index.php\/wp-json\/wp\/v2\/media\/3539"}],"wp:attachment":[{"href":"https:\/\/www.nexoinformativo.mx\/index.php\/wp-json\/wp\/v2\/media?parent=3538"}],"wp:term":[{"taxonomy":"category","embeddable":true,"href":"https:\/\/www.nexoinformativo.mx\/index.php\/wp-json\/wp\/v2\/categories?post=3538"},{"taxonomy":"post_tag","embeddable":true,"href":"https:\/\/www.nexoinformativo.mx\/index.php\/wp-json\/wp\/v2\/tags?post=3538"}],"curies":[{"name":"wp","href":"https:\/\/api.w.org\/{rel}","templated":true}]}}