{"id":3548,"date":"2024-10-16T08:00:38","date_gmt":"2024-10-16T14:00:38","guid":{"rendered":"https:\/\/www.nexoinformativo.mx\/?p=3548"},"modified":"2024-10-16T08:36:57","modified_gmt":"2024-10-16T14:36:57","slug":"chepe-guerrero-entrega-urbanizacion-de-calles-en-la-negreta-el-presidente-municipal-de-corregidora","status":"publish","type":"post","link":"https:\/\/www.nexoinformativo.mx\/index.php\/2024\/10\/16\/chepe-guerrero-entrega-urbanizacion-de-calles-en-la-negreta-el-presidente-municipal-de-corregidora\/","title":{"rendered":"Chepe Guerrero entrega urbanizaci\u00f3n de calles en La Negreta el presidente municipal de Corregidora"},"content":{"rendered":"<div dir=\"auto\" style=\"text-align: justify;\">Chepe Guerrero, hizo entrega de casi siete mil metros cuadrados de calles urbanizadas en la colonia Rinc\u00f3n de Guadalupe. Esta obra social busca atender las necesidades inmediatas de los habitantes de Corregidora y mejorar la calidad de vida en la comunidad.<\/div>\n<\/p>\n<p>&nbsp;<\/p>\n<div dir=\"auto\"><\/div>\n<div dir=\"auto\" style=\"text-align: justify;\">Durante el evento, Guerrero destac\u00f3 que m\u00e1s de mil 825 personas se beneficiar\u00e1n directamente de estas obras, que incluyen empedrado ahogado en cemento, pasos peatonales, topes vehiculares, pintado de guarniciones e instalaci\u00f3n de se\u00f1alamientos preventivos.<\/div>\n<\/p>\n<p>&nbsp;<\/p>\n<div dir=\"auto\"><\/div>\n<div dir=\"auto\" style=\"text-align: justify;\">Adem\u00e1s, se llevaron a cabo reparaciones y sustituciones en la red de agua potable, as\u00ed como en las tomas domiciliarias y descargas sanitarias. El presidente municipal reafirm\u00f3 su compromiso de trabajar en la regularizaci\u00f3n territorial para que los ciudadanos tengan acceso a m\u00e1s servicios. &#8220;Hoy quiero recordarles lo que dije en campa\u00f1a. Estamos trabajando muy fuerte en el tema de la regularizaci\u00f3n territorial&#8221;, enfatiz\u00f3 Guerrero.<\/div>\n<\/p>\n<p>&nbsp;<\/p>\n<div dir=\"auto\"><\/div>\n<div dir=\"auto\" style=\"text-align: justify;\">Asimismo, instruy\u00f3 a su equipo a ser sensibles y a poner especial atenci\u00f3n en este proceso para que se lleve a cabo de manera r\u00e1pida y efectiva. Con esta entrega, el gobierno municipal de Corregidora avanza firmemente en la resoluci\u00f3n de las carencias sociales y la mejora de la infraestructura p\u00fablica, garantizando un entorno m\u00e1s seguro y accesible para Corregidora.<\/div>\n<\/p>\n<p>&nbsp;<\/p>\n<div dir=\"auto\"><\/div>\n<div dir=\"auto\" style=\"text-align: center;\"><em><strong>\u00a1Informaci\u00f3n que transforma!<\/strong><\/em><\/div>\n<div dir=\"auto\"><\/div>\n","protected":false},"excerpt":{"rendered":"<p>Chepe Guerrero, hizo entrega de casi siete mil metros cuadrados de calles urbanizadas en la colonia Rinc\u00f3n de Guadalupe<\/p>\n","protected":false},"author":3,"featured_media":3551,"comment_status":"open","ping_status":"open","sticky":false,"template":"","format":"standard","meta":{"footnotes":""},"categories":[65,58],"tags":[237,233,1392,1391],"class_list":["post-3548","post","type-post","status-publish","format-standard","has-post-thumbnail","hentry","category-municipios","category-ultima-hora","tag-chepeguerrero","tag-corregidora","tag-obrasocial","tag-urbanizacion"],"yoast_head":"<!-- This site is optimized with the Yoast SEO plugin v25.0 - https:\/\/yoast.com\/wordpress\/plugins\/seo\/ -->\n<title>Chepe Guerrero entrega urbanizaci\u00f3n de calles en La Negreta el presidente municipal de Corregidora | Nexo Informativo Santiago de Quer\u00e9taro<\/title>\n<meta name=\"description\" content=\"Chepe Guerrero entrega urbanizaci\u00f3n de calles en La Negreta el presidente municipal de Corregidora\" \/>\n<meta name=\"robots\" content=\"index, follow, max-snippet:-1, max-image-preview:large, max-video-preview:-1\" \/>\n<link rel=\"canonical\" href=\"https:\/\/www.nexoinformativo.mx\/index.php\/2024\/10\/16\/chepe-guerrero-entrega-urbanizacion-de-calles-en-la-negreta-el-presidente-municipal-de-corregidora\/\" \/>\n<meta property=\"og:locale\" content=\"es_MX\" \/>\n<meta property=\"og:type\" content=\"article\" \/>\n<meta property=\"og:title\" content=\"Chepe Guerrero entrega urbanizaci\u00f3n de calles en La Negreta el presidente municipal de Corregidora | Nexo Informativo Santiago de Quer\u00e9taro\" \/>\n<meta property=\"og:description\" content=\"Chepe Guerrero entrega urbanizaci\u00f3n de calles en La Negreta el presidente municipal de Corregidora\" \/>\n<meta property=\"og:url\" content=\"https:\/\/www.nexoinformativo.mx\/index.php\/2024\/10\/16\/chepe-guerrero-entrega-urbanizacion-de-calles-en-la-negreta-el-presidente-municipal-de-corregidora\/\" \/>\n<meta property=\"og:site_name\" content=\"Nexo Informativo Santiago de Quer\u00e9taro\" \/>\n<meta property=\"article:publisher\" content=\"https:\/\/www.facebook.com\/people\/Nexo-Informativo\/61564066885511\/\" \/>\n<meta property=\"article:published_time\" content=\"2024-10-16T14:00:38+00:00\" \/>\n<meta property=\"article:modified_time\" content=\"2024-10-16T14:36:57+00:00\" \/>\n<meta property=\"og:image\" content=\"https:\/\/www.nexoinformativo.mx\/wp-content\/uploads\/2024\/10\/PHOTO-2024-10-16-07-41-22-e1729089046137.jpg\" \/>\n\t<meta property=\"og:image:width\" content=\"800\" \/>\n\t<meta property=\"og:image:height\" content=\"1000\" \/>\n\t<meta property=\"og:image:type\" content=\"image\/jpeg\" \/>\n<meta name=\"author\" content=\"Nexo Informativo\" \/>\n<meta name=\"twitter:card\" content=\"summary_large_image\" \/>\n<meta name=\"twitter:label1\" content=\"Escrito por\" \/>\n\t<meta name=\"twitter:data1\" content=\"Nexo Informativo\" \/>\n\t<meta name=\"twitter:label2\" content=\"Tiempo de lectura\" \/>\n\t<meta name=\"twitter:data2\" content=\"2 minutos\" \/>\n<script type=\"application\/ld+json\" class=\"yoast-schema-graph\">{\"@context\":\"https:\/\/schema.org\",\"@graph\":[{\"@type\":\"Article\",\"@id\":\"https:\/\/www.nexoinformativo.mx\/index.php\/2024\/10\/16\/chepe-guerrero-entrega-urbanizacion-de-calles-en-la-negreta-el-presidente-municipal-de-corregidora\/#article\",\"isPartOf\":{\"@id\":\"https:\/\/www.nexoinformativo.mx\/index.php\/2024\/10\/16\/chepe-guerrero-entrega-urbanizacion-de-calles-en-la-negreta-el-presidente-municipal-de-corregidora\/\"},\"author\":{\"name\":\"Nexo Informativo\",\"@id\":\"https:\/\/www.nexoinformativo.mx\/#\/schema\/person\/7749d380ba08c8ca00d7bc76fd907b7d\"},\"headline\":\"Chepe Guerrero entrega urbanizaci\u00f3n de calles en La Negreta el presidente municipal de Corregidora\",\"datePublished\":\"2024-10-16T14:00:38+00:00\",\"dateModified\":\"2024-10-16T14:36:57+00:00\",\"mainEntityOfPage\":{\"@id\":\"https:\/\/www.nexoinformativo.mx\/index.php\/2024\/10\/16\/chepe-guerrero-entrega-urbanizacion-de-calles-en-la-negreta-el-presidente-municipal-de-corregidora\/\"},\"wordCount\":238,\"commentCount\":0,\"publisher\":{\"@id\":\"https:\/\/www.nexoinformativo.mx\/#organization\"},\"image\":{\"@id\":\"https:\/\/www.nexoinformativo.mx\/index.php\/2024\/10\/16\/chepe-guerrero-entrega-urbanizacion-de-calles-en-la-negreta-el-presidente-municipal-de-corregidora\/#primaryimage\"},\"thumbnailUrl\":\"https:\/\/www.nexoinformativo.mx\/wp-content\/uploads\/2024\/10\/PHOTO-2024-10-16-07-41-22-e1729089046137.jpg\",\"keywords\":[\"ChepeGuerrero\",\"Corregidora\",\"ObraSocial\",\"Urbanizaci\u00f3n\"],\"articleSection\":[\"Municipios\",\"\u00daltima Hora\"],\"inLanguage\":\"es\",\"potentialAction\":[{\"@type\":\"CommentAction\",\"name\":\"Comment\",\"target\":[\"https:\/\/www.nexoinformativo.mx\/index.php\/2024\/10\/16\/chepe-guerrero-entrega-urbanizacion-de-calles-en-la-negreta-el-presidente-municipal-de-corregidora\/#respond\"]}]},{\"@type\":\"WebPage\",\"@id\":\"https:\/\/www.nexoinformativo.mx\/index.php\/2024\/10\/16\/chepe-guerrero-entrega-urbanizacion-de-calles-en-la-negreta-el-presidente-municipal-de-corregidora\/\",\"url\":\"https:\/\/www.nexoinformativo.mx\/index.php\/2024\/10\/16\/chepe-guerrero-entrega-urbanizacion-de-calles-en-la-negreta-el-presidente-municipal-de-corregidora\/\",\"name\":\"Chepe Guerrero entrega urbanizaci\u00f3n de calles en La Negreta el presidente municipal de Corregidora | Nexo Informativo Santiago de Quer\u00e9taro\",\"isPartOf\":{\"@id\":\"https:\/\/www.nexoinformativo.mx\/#website\"},\"primaryImageOfPage\":{\"@id\":\"https:\/\/www.nexoinformativo.mx\/index.php\/2024\/10\/16\/chepe-guerrero-entrega-urbanizacion-de-calles-en-la-negreta-el-presidente-municipal-de-corregidora\/#primaryimage\"},\"image\":{\"@id\":\"https:\/\/www.nexoinformativo.mx\/index.php\/2024\/10\/16\/chepe-guerrero-entrega-urbanizacion-de-calles-en-la-negreta-el-presidente-municipal-de-corregidora\/#primaryimage\"},\"thumbnailUrl\":\"https:\/\/www.nexoinformativo.mx\/wp-content\/uploads\/2024\/10\/PHOTO-2024-10-16-07-41-22-e1729089046137.jpg\",\"datePublished\":\"2024-10-16T14:00:38+00:00\",\"dateModified\":\"2024-10-16T14:36:57+00:00\",\"description\":\"Chepe Guerrero entrega urbanizaci\u00f3n de calles en La Negreta el presidente municipal de Corregidora\",\"breadcrumb\":{\"@id\":\"https:\/\/www.nexoinformativo.mx\/index.php\/2024\/10\/16\/chepe-guerrero-entrega-urbanizacion-de-calles-en-la-negreta-el-presidente-municipal-de-corregidora\/#breadcrumb\"},\"inLanguage\":\"es\",\"potentialAction\":[{\"@type\":\"ReadAction\",\"target\":[\"https:\/\/www.nexoinformativo.mx\/index.php\/2024\/10\/16\/chepe-guerrero-entrega-urbanizacion-de-calles-en-la-negreta-el-presidente-municipal-de-corregidora\/\"]}]},{\"@type\":\"ImageObject\",\"inLanguage\":\"es\",\"@id\":\"https:\/\/www.nexoinformativo.mx\/index.php\/2024\/10\/16\/chepe-guerrero-entrega-urbanizacion-de-calles-en-la-negreta-el-presidente-municipal-de-corregidora\/#primaryimage\",\"url\":\"https:\/\/www.nexoinformativo.mx\/wp-content\/uploads\/2024\/10\/PHOTO-2024-10-16-07-41-22-e1729089046137.jpg\",\"contentUrl\":\"https:\/\/www.nexoinformativo.mx\/wp-content\/uploads\/2024\/10\/PHOTO-2024-10-16-07-41-22-e1729089046137.jpg\",\"width\":800,\"height\":1000},{\"@type\":\"BreadcrumbList\",\"@id\":\"https:\/\/www.nexoinformativo.mx\/index.php\/2024\/10\/16\/chepe-guerrero-entrega-urbanizacion-de-calles-en-la-negreta-el-presidente-municipal-de-corregidora\/#breadcrumb\",\"itemListElement\":[{\"@type\":\"ListItem\",\"position\":1,\"name\":\"Inicio\",\"item\":\"https:\/\/www.nexoinformativo.mx\/\"},{\"@type\":\"ListItem\",\"position\":2,\"name\":\"Chepe Guerrero entrega urbanizaci\u00f3n de calles en La Negreta el presidente municipal de Corregidora\"}]},{\"@type\":\"WebSite\",\"@id\":\"https:\/\/www.nexoinformativo.mx\/#website\",\"url\":\"https:\/\/www.nexoinformativo.mx\/\",\"name\":\"Nexo Informativo Santiago de Quer\u00e9taro\",\"description\":\"Explora NexoInformativo y convi\u00e9rtete en parte de una comunidad que valora el conocimiento y la verdad. Tu nexoinformativo es tu puente hacia una comprensi\u00f3n m\u00e1s profunda del mundo que te rodea.\",\"publisher\":{\"@id\":\"https:\/\/www.nexoinformativo.mx\/#organization\"},\"potentialAction\":[{\"@type\":\"SearchAction\",\"target\":{\"@type\":\"EntryPoint\",\"urlTemplate\":\"https:\/\/www.nexoinformativo.mx\/?s={search_term_string}\"},\"query-input\":{\"@type\":\"PropertyValueSpecification\",\"valueRequired\":true,\"valueName\":\"search_term_string\"}}],\"inLanguage\":\"es\"},{\"@type\":\"Organization\",\"@id\":\"https:\/\/www.nexoinformativo.mx\/#organization\",\"name\":\"Nexo Informativo Santiago de Quer\u00e9taro\",\"url\":\"https:\/\/www.nexoinformativo.mx\/\",\"logo\":{\"@type\":\"ImageObject\",\"inLanguage\":\"es\",\"@id\":\"https:\/\/www.nexoinformativo.mx\/#\/schema\/logo\/image\/\",\"url\":\"https:\/\/www.nexoinformativo.mx\/wp-content\/uploads\/2024\/07\/nexoi-trasparente-2.png\",\"contentUrl\":\"https:\/\/www.nexoinformativo.mx\/wp-content\/uploads\/2024\/07\/nexoi-trasparente-2.png\",\"width\":816,\"height\":339,\"caption\":\"Nexo Informativo Santiago de Quer\u00e9taro\"},\"image\":{\"@id\":\"https:\/\/www.nexoinformativo.mx\/#\/schema\/logo\/image\/\"},\"sameAs\":[\"https:\/\/www.facebook.com\/people\/Nexo-Informativo\/61564066885511\/\"]},{\"@type\":\"Person\",\"@id\":\"https:\/\/www.nexoinformativo.mx\/#\/schema\/person\/7749d380ba08c8ca00d7bc76fd907b7d\",\"name\":\"Nexo Informativo\",\"image\":{\"@type\":\"ImageObject\",\"inLanguage\":\"es\",\"@id\":\"https:\/\/www.nexoinformativo.mx\/#\/schema\/person\/image\/\",\"url\":\"https:\/\/secure.gravatar.com\/avatar\/dde2928154642a13d95f87ddf1ea9718fe2b46760a005c53e41ff5ad610704e6?s=96&d=mm&r=g\",\"contentUrl\":\"https:\/\/secure.gravatar.com\/avatar\/dde2928154642a13d95f87ddf1ea9718fe2b46760a005c53e41ff5ad610704e6?s=96&d=mm&r=g\",\"caption\":\"Nexo Informativo\"},\"url\":\"https:\/\/www.nexoinformativo.mx\/index.php\/author\/edicion\/\"}]}<\/script>\n<!-- \/ Yoast SEO plugin. -->","yoast_head_json":{"title":"Chepe Guerrero entrega urbanizaci\u00f3n de calles en La Negreta el presidente municipal de Corregidora | Nexo Informativo Santiago de Quer\u00e9taro","description":"Chepe Guerrero entrega urbanizaci\u00f3n de calles en La Negreta el presidente municipal de Corregidora","robots":{"index":"index","follow":"follow","max-snippet":"max-snippet:-1","max-image-preview":"max-image-preview:large","max-video-preview":"max-video-preview:-1"},"canonical":"https:\/\/www.nexoinformativo.mx\/index.php\/2024\/10\/16\/chepe-guerrero-entrega-urbanizacion-de-calles-en-la-negreta-el-presidente-municipal-de-corregidora\/","og_locale":"es_MX","og_type":"article","og_title":"Chepe Guerrero entrega urbanizaci\u00f3n de calles en La Negreta el presidente municipal de Corregidora | Nexo Informativo Santiago de Quer\u00e9taro","og_description":"Chepe Guerrero entrega urbanizaci\u00f3n de calles en La Negreta el presidente municipal de Corregidora","og_url":"https:\/\/www.nexoinformativo.mx\/index.php\/2024\/10\/16\/chepe-guerrero-entrega-urbanizacion-de-calles-en-la-negreta-el-presidente-municipal-de-corregidora\/","og_site_name":"Nexo Informativo Santiago de Quer\u00e9taro","article_publisher":"https:\/\/www.facebook.com\/people\/Nexo-Informativo\/61564066885511\/","article_published_time":"2024-10-16T14:00:38+00:00","article_modified_time":"2024-10-16T14:36:57+00:00","og_image":[{"width":800,"height":1000,"url":"https:\/\/www.nexoinformativo.mx\/wp-content\/uploads\/2024\/10\/PHOTO-2024-10-16-07-41-22-e1729089046137.jpg","type":"image\/jpeg"}],"author":"Nexo Informativo","twitter_card":"summary_large_image","twitter_misc":{"Escrito por":"Nexo Informativo","Tiempo de lectura":"2 minutos"},"schema":{"@context":"https:\/\/schema.org","@graph":[{"@type":"Article","@id":"https:\/\/www.nexoinformativo.mx\/index.php\/2024\/10\/16\/chepe-guerrero-entrega-urbanizacion-de-calles-en-la-negreta-el-presidente-municipal-de-corregidora\/#article","isPartOf":{"@id":"https:\/\/www.nexoinformativo.mx\/index.php\/2024\/10\/16\/chepe-guerrero-entrega-urbanizacion-de-calles-en-la-negreta-el-presidente-municipal-de-corregidora\/"},"author":{"name":"Nexo Informativo","@id":"https:\/\/www.nexoinformativo.mx\/#\/schema\/person\/7749d380ba08c8ca00d7bc76fd907b7d"},"headline":"Chepe Guerrero entrega urbanizaci\u00f3n de calles en La Negreta el presidente municipal de Corregidora","datePublished":"2024-10-16T14:00:38+00:00","dateModified":"2024-10-16T14:36:57+00:00","mainEntityOfPage":{"@id":"https:\/\/www.nexoinformativo.mx\/index.php\/2024\/10\/16\/chepe-guerrero-entrega-urbanizacion-de-calles-en-la-negreta-el-presidente-municipal-de-corregidora\/"},"wordCount":238,"commentCount":0,"publisher":{"@id":"https:\/\/www.nexoinformativo.mx\/#organization"},"image":{"@id":"https:\/\/www.nexoinformativo.mx\/index.php\/2024\/10\/16\/chepe-guerrero-entrega-urbanizacion-de-calles-en-la-negreta-el-presidente-municipal-de-corregidora\/#primaryimage"},"thumbnailUrl":"https:\/\/www.nexoinformativo.mx\/wp-content\/uploads\/2024\/10\/PHOTO-2024-10-16-07-41-22-e1729089046137.jpg","keywords":["ChepeGuerrero","Corregidora","ObraSocial","Urbanizaci\u00f3n"],"articleSection":["Municipios","\u00daltima Hora"],"inLanguage":"es","potentialAction":[{"@type":"CommentAction","name":"Comment","target":["https:\/\/www.nexoinformativo.mx\/index.php\/2024\/10\/16\/chepe-guerrero-entrega-urbanizacion-de-calles-en-la-negreta-el-presidente-municipal-de-corregidora\/#respond"]}]},{"@type":"WebPage","@id":"https:\/\/www.nexoinformativo.mx\/index.php\/2024\/10\/16\/chepe-guerrero-entrega-urbanizacion-de-calles-en-la-negreta-el-presidente-municipal-de-corregidora\/","url":"https:\/\/www.nexoinformativo.mx\/index.php\/2024\/10\/16\/chepe-guerrero-entrega-urbanizacion-de-calles-en-la-negreta-el-presidente-municipal-de-corregidora\/","name":"Chepe Guerrero entrega urbanizaci\u00f3n de calles en La Negreta el presidente municipal de Corregidora | Nexo Informativo Santiago de Quer\u00e9taro","isPartOf":{"@id":"https:\/\/www.nexoinformativo.mx\/#website"},"primaryImageOfPage":{"@id":"https:\/\/www.nexoinformativo.mx\/index.php\/2024\/10\/16\/chepe-guerrero-entrega-urbanizacion-de-calles-en-la-negreta-el-presidente-municipal-de-corregidora\/#primaryimage"},"image":{"@id":"https:\/\/www.nexoinformativo.mx\/index.php\/2024\/10\/16\/chepe-guerrero-entrega-urbanizacion-de-calles-en-la-negreta-el-presidente-municipal-de-corregidora\/#primaryimage"},"thumbnailUrl":"https:\/\/www.nexoinformativo.mx\/wp-content\/uploads\/2024\/10\/PHOTO-2024-10-16-07-41-22-e1729089046137.jpg","datePublished":"2024-10-16T14:00:38+00:00","dateModified":"2024-10-16T14:36:57+00:00","description":"Chepe Guerrero entrega urbanizaci\u00f3n de calles en La Negreta el presidente municipal de Corregidora","breadcrumb":{"@id":"https:\/\/www.nexoinformativo.mx\/index.php\/2024\/10\/16\/chepe-guerrero-entrega-urbanizacion-de-calles-en-la-negreta-el-presidente-municipal-de-corregidora\/#breadcrumb"},"inLanguage":"es","potentialAction":[{"@type":"ReadAction","target":["https:\/\/www.nexoinformativo.mx\/index.php\/2024\/10\/16\/chepe-guerrero-entrega-urbanizacion-de-calles-en-la-negreta-el-presidente-municipal-de-corregidora\/"]}]},{"@type":"ImageObject","inLanguage":"es","@id":"https:\/\/www.nexoinformativo.mx\/index.php\/2024\/10\/16\/chepe-guerrero-entrega-urbanizacion-de-calles-en-la-negreta-el-presidente-municipal-de-corregidora\/#primaryimage","url":"https:\/\/www.nexoinformativo.mx\/wp-content\/uploads\/2024\/10\/PHOTO-2024-10-16-07-41-22-e1729089046137.jpg","contentUrl":"https:\/\/www.nexoinformativo.mx\/wp-content\/uploads\/2024\/10\/PHOTO-2024-10-16-07-41-22-e1729089046137.jpg","width":800,"height":1000},{"@type":"BreadcrumbList","@id":"https:\/\/www.nexoinformativo.mx\/index.php\/2024\/10\/16\/chepe-guerrero-entrega-urbanizacion-de-calles-en-la-negreta-el-presidente-municipal-de-corregidora\/#breadcrumb","itemListElement":[{"@type":"ListItem","position":1,"name":"Inicio","item":"https:\/\/www.nexoinformativo.mx\/"},{"@type":"ListItem","position":2,"name":"Chepe Guerrero entrega urbanizaci\u00f3n de calles en La Negreta el presidente municipal de Corregidora"}]},{"@type":"WebSite","@id":"https:\/\/www.nexoinformativo.mx\/#website","url":"https:\/\/www.nexoinformativo.mx\/","name":"Nexo Informativo Santiago de Quer\u00e9taro","description":"Explora NexoInformativo y convi\u00e9rtete en parte de una comunidad que valora el conocimiento y la verdad. Tu nexoinformativo es tu puente hacia una comprensi\u00f3n m\u00e1s profunda del mundo que te rodea.","publisher":{"@id":"https:\/\/www.nexoinformativo.mx\/#organization"},"potentialAction":[{"@type":"SearchAction","target":{"@type":"EntryPoint","urlTemplate":"https:\/\/www.nexoinformativo.mx\/?s={search_term_string}"},"query-input":{"@type":"PropertyValueSpecification","valueRequired":true,"valueName":"search_term_string"}}],"inLanguage":"es"},{"@type":"Organization","@id":"https:\/\/www.nexoinformativo.mx\/#organization","name":"Nexo Informativo Santiago de Quer\u00e9taro","url":"https:\/\/www.nexoinformativo.mx\/","logo":{"@type":"ImageObject","inLanguage":"es","@id":"https:\/\/www.nexoinformativo.mx\/#\/schema\/logo\/image\/","url":"https:\/\/www.nexoinformativo.mx\/wp-content\/uploads\/2024\/07\/nexoi-trasparente-2.png","contentUrl":"https:\/\/www.nexoinformativo.mx\/wp-content\/uploads\/2024\/07\/nexoi-trasparente-2.png","width":816,"height":339,"caption":"Nexo Informativo Santiago de Quer\u00e9taro"},"image":{"@id":"https:\/\/www.nexoinformativo.mx\/#\/schema\/logo\/image\/"},"sameAs":["https:\/\/www.facebook.com\/people\/Nexo-Informativo\/61564066885511\/"]},{"@type":"Person","@id":"https:\/\/www.nexoinformativo.mx\/#\/schema\/person\/7749d380ba08c8ca00d7bc76fd907b7d","name":"Nexo Informativo","image":{"@type":"ImageObject","inLanguage":"es","@id":"https:\/\/www.nexoinformativo.mx\/#\/schema\/person\/image\/","url":"https:\/\/secure.gravatar.com\/avatar\/dde2928154642a13d95f87ddf1ea9718fe2b46760a005c53e41ff5ad610704e6?s=96&d=mm&r=g","contentUrl":"https:\/\/secure.gravatar.com\/avatar\/dde2928154642a13d95f87ddf1ea9718fe2b46760a005c53e41ff5ad610704e6?s=96&d=mm&r=g","caption":"Nexo Informativo"},"url":"https:\/\/www.nexoinformativo.mx\/index.php\/author\/edicion\/"}]}},"_links":{"self":[{"href":"https:\/\/www.nexoinformativo.mx\/index.php\/wp-json\/wp\/v2\/posts\/3548","targetHints":{"allow":["GET"]}}],"collection":[{"href":"https:\/\/www.nexoinformativo.mx\/index.php\/wp-json\/wp\/v2\/posts"}],"about":[{"href":"https:\/\/www.nexoinformativo.mx\/index.php\/wp-json\/wp\/v2\/types\/post"}],"author":[{"embeddable":true,"href":"https:\/\/www.nexoinformativo.mx\/index.php\/wp-json\/wp\/v2\/users\/3"}],"replies":[{"embeddable":true,"href":"https:\/\/www.nexoinformativo.mx\/index.php\/wp-json\/wp\/v2\/comments?post=3548"}],"version-history":[{"count":4,"href":"https:\/\/www.nexoinformativo.mx\/index.php\/wp-json\/wp\/v2\/posts\/3548\/revisions"}],"predecessor-version":[{"id":3553,"href":"https:\/\/www.nexoinformativo.mx\/index.php\/wp-json\/wp\/v2\/posts\/3548\/revisions\/3553"}],"wp:featuredmedia":[{"embeddable":true,"href":"https:\/\/www.nexoinformativo.mx\/index.php\/wp-json\/wp\/v2\/media\/3551"}],"wp:attachment":[{"href":"https:\/\/www.nexoinformativo.mx\/index.php\/wp-json\/wp\/v2\/media?parent=3548"}],"wp:term":[{"taxonomy":"category","embeddable":true,"href":"https:\/\/www.nexoinformativo.mx\/index.php\/wp-json\/wp\/v2\/categories?post=3548"},{"taxonomy":"post_tag","embeddable":true,"href":"https:\/\/www.nexoinformativo.mx\/index.php\/wp-json\/wp\/v2\/tags?post=3548"}],"curies":[{"name":"wp","href":"https:\/\/api.w.org\/{rel}","templated":true}]}}