{"id":3563,"date":"2024-10-16T12:30:52","date_gmt":"2024-10-16T18:30:52","guid":{"rendered":"https:\/\/www.nexoinformativo.mx\/?p=3563"},"modified":"2024-10-16T14:29:24","modified_gmt":"2024-10-16T20:29:24","slug":"gobierno-de-queretaro-alista-propuesta-de-presupuesto-2025-sin-aumento-de-impuestos","status":"publish","type":"post","link":"https:\/\/www.nexoinformativo.mx\/index.php\/2024\/10\/16\/gobierno-de-queretaro-alista-propuesta-de-presupuesto-2025-sin-aumento-de-impuestos\/","title":{"rendered":"Gobierno de Quer\u00e9taro alista propuesta de presupuesto 2025 sin aumento de impuestos"},"content":{"rendered":"<p style=\"text-align: justify;\">El gobernador de Quer\u00e9taro, Mauricio Kuri Gonz\u00e1lez, anunci\u00f3 que la Secretar\u00eda de Finanzas del Estado ya est\u00e1 preparando la propuesta del presupuesto estatal y el paquete econ\u00f3mico para 2025. Este presupuesto tendr\u00e1 como objetivo principal fortalecer los programas sociales sin la creaci\u00f3n ni el aumento.<\/p>\n<p>&nbsp;<\/p>\n<p style=\"text-align: justify;\">Kuri explic\u00f3 que el presupuesto podr\u00eda aumentar dependiendo del crecimiento econ\u00f3mico que registre el pa\u00eds. Adem\u00e1s, destac\u00f3 que el Gobierno de Quer\u00e9taro continuar\u00e1 con estrategias de austeridad para poder destinar m\u00e1s recursos a obras prioritarias en beneficio de los ciudadanos.<\/p>\n<p>&nbsp;<\/p>\n<p style=\"text-align: justify;\">Finalmente, Kuri hizo un llamado a los legisladores federales de Quer\u00e9taro, en especial a aquellos del Partido Acci\u00f3n Nacional <strong>(PAN)<\/strong>, para gestionar m\u00e1s recursos federales destinados a proyectos.<\/p>\n<p>&nbsp;<\/p>\n<p style=\"text-align: center;\"><em><strong>\u00a1Informaci\u00f3n que transforma!<\/strong><\/em><\/p>\n","protected":false},"excerpt":{"rendered":"<p>El gobernador de Quer\u00e9taro, Mauricio Kuri Gonz\u00e1lez, anunci\u00f3 que la Secretar\u00eda de Finanzas del Estado ya est\u00e1 preparando la propuesta del presupuesto estatal y el paquete econ\u00f3mico para 2025.<\/p>\n","protected":false},"author":3,"featured_media":3564,"comment_status":"open","ping_status":"open","sticky":false,"template":"","format":"standard","meta":{"footnotes":""},"categories":[42,58],"tags":[1396,599,1395,133],"class_list":["post-3563","post","type-post","status-publish","format-standard","has-post-thumbnail","hentry","category-estado","category-ultima-hora","tag-fortalecimientosocial","tag-gobiernoresponsable","tag-presupuesto2025","tag-queretaro"],"yoast_head":"<!-- This site is optimized with the Yoast SEO plugin v25.0 - https:\/\/yoast.com\/wordpress\/plugins\/seo\/ -->\n<title>Gobierno de Quer\u00e9taro alista propuesta de presupuesto 2025 sin aumento de impuestos | Nexo Informativo Santiago de Quer\u00e9taro<\/title>\n<meta name=\"description\" content=\"Gobierno de Quer\u00e9taro alista propuesta de presupuesto 2025 sin aumento de impuestos\" \/>\n<meta name=\"robots\" content=\"index, follow, max-snippet:-1, max-image-preview:large, max-video-preview:-1\" \/>\n<link rel=\"canonical\" href=\"https:\/\/www.nexoinformativo.mx\/index.php\/2024\/10\/16\/gobierno-de-queretaro-alista-propuesta-de-presupuesto-2025-sin-aumento-de-impuestos\/\" \/>\n<meta property=\"og:locale\" content=\"es_MX\" \/>\n<meta property=\"og:type\" content=\"article\" \/>\n<meta property=\"og:title\" content=\"Gobierno de Quer\u00e9taro alista propuesta de presupuesto 2025 sin aumento de impuestos | Nexo Informativo Santiago de Quer\u00e9taro\" \/>\n<meta property=\"og:description\" content=\"Gobierno de Quer\u00e9taro alista propuesta de presupuesto 2025 sin aumento de impuestos\" \/>\n<meta property=\"og:url\" content=\"https:\/\/www.nexoinformativo.mx\/index.php\/2024\/10\/16\/gobierno-de-queretaro-alista-propuesta-de-presupuesto-2025-sin-aumento-de-impuestos\/\" \/>\n<meta property=\"og:site_name\" content=\"Nexo Informativo Santiago de Quer\u00e9taro\" \/>\n<meta property=\"article:publisher\" content=\"https:\/\/www.facebook.com\/people\/Nexo-Informativo\/61564066885511\/\" \/>\n<meta property=\"article:published_time\" content=\"2024-10-16T18:30:52+00:00\" \/>\n<meta property=\"article:modified_time\" content=\"2024-10-16T20:29:24+00:00\" \/>\n<meta property=\"og:image\" content=\"https:\/\/www.nexoinformativo.mx\/wp-content\/uploads\/2024\/10\/PHOTO-2024-10-16-13-58-17-e1729110480241.jpg\" \/>\n\t<meta property=\"og:image:width\" content=\"800\" \/>\n\t<meta property=\"og:image:height\" content=\"533\" \/>\n\t<meta property=\"og:image:type\" content=\"image\/jpeg\" \/>\n<meta name=\"author\" content=\"Nexo Informativo\" \/>\n<meta name=\"twitter:card\" content=\"summary_large_image\" \/>\n<meta name=\"twitter:label1\" content=\"Escrito por\" \/>\n\t<meta name=\"twitter:data1\" content=\"Nexo Informativo\" \/>\n\t<meta name=\"twitter:label2\" content=\"Tiempo de lectura\" \/>\n\t<meta name=\"twitter:data2\" content=\"1 minuto\" \/>\n<script type=\"application\/ld+json\" class=\"yoast-schema-graph\">{\"@context\":\"https:\/\/schema.org\",\"@graph\":[{\"@type\":\"Article\",\"@id\":\"https:\/\/www.nexoinformativo.mx\/index.php\/2024\/10\/16\/gobierno-de-queretaro-alista-propuesta-de-presupuesto-2025-sin-aumento-de-impuestos\/#article\",\"isPartOf\":{\"@id\":\"https:\/\/www.nexoinformativo.mx\/index.php\/2024\/10\/16\/gobierno-de-queretaro-alista-propuesta-de-presupuesto-2025-sin-aumento-de-impuestos\/\"},\"author\":{\"name\":\"Nexo Informativo\",\"@id\":\"https:\/\/www.nexoinformativo.mx\/#\/schema\/person\/7749d380ba08c8ca00d7bc76fd907b7d\"},\"headline\":\"Gobierno de Quer\u00e9taro alista propuesta de presupuesto 2025 sin aumento de impuestos\",\"datePublished\":\"2024-10-16T18:30:52+00:00\",\"dateModified\":\"2024-10-16T20:29:24+00:00\",\"mainEntityOfPage\":{\"@id\":\"https:\/\/www.nexoinformativo.mx\/index.php\/2024\/10\/16\/gobierno-de-queretaro-alista-propuesta-de-presupuesto-2025-sin-aumento-de-impuestos\/\"},\"wordCount\":145,\"commentCount\":0,\"publisher\":{\"@id\":\"https:\/\/www.nexoinformativo.mx\/#organization\"},\"image\":{\"@id\":\"https:\/\/www.nexoinformativo.mx\/index.php\/2024\/10\/16\/gobierno-de-queretaro-alista-propuesta-de-presupuesto-2025-sin-aumento-de-impuestos\/#primaryimage\"},\"thumbnailUrl\":\"https:\/\/www.nexoinformativo.mx\/wp-content\/uploads\/2024\/10\/PHOTO-2024-10-16-13-58-17-e1729110480241.jpg\",\"keywords\":[\"FortalecimientoSocial\",\"GobiernoResponsable\",\"Presupuesto2025\",\"Quer\u00e9taro\"],\"articleSection\":[\"Estado\",\"\u00daltima Hora\"],\"inLanguage\":\"es\",\"potentialAction\":[{\"@type\":\"CommentAction\",\"name\":\"Comment\",\"target\":[\"https:\/\/www.nexoinformativo.mx\/index.php\/2024\/10\/16\/gobierno-de-queretaro-alista-propuesta-de-presupuesto-2025-sin-aumento-de-impuestos\/#respond\"]}]},{\"@type\":\"WebPage\",\"@id\":\"https:\/\/www.nexoinformativo.mx\/index.php\/2024\/10\/16\/gobierno-de-queretaro-alista-propuesta-de-presupuesto-2025-sin-aumento-de-impuestos\/\",\"url\":\"https:\/\/www.nexoinformativo.mx\/index.php\/2024\/10\/16\/gobierno-de-queretaro-alista-propuesta-de-presupuesto-2025-sin-aumento-de-impuestos\/\",\"name\":\"Gobierno de Quer\u00e9taro alista propuesta de presupuesto 2025 sin aumento de impuestos | Nexo Informativo Santiago de Quer\u00e9taro\",\"isPartOf\":{\"@id\":\"https:\/\/www.nexoinformativo.mx\/#website\"},\"primaryImageOfPage\":{\"@id\":\"https:\/\/www.nexoinformativo.mx\/index.php\/2024\/10\/16\/gobierno-de-queretaro-alista-propuesta-de-presupuesto-2025-sin-aumento-de-impuestos\/#primaryimage\"},\"image\":{\"@id\":\"https:\/\/www.nexoinformativo.mx\/index.php\/2024\/10\/16\/gobierno-de-queretaro-alista-propuesta-de-presupuesto-2025-sin-aumento-de-impuestos\/#primaryimage\"},\"thumbnailUrl\":\"https:\/\/www.nexoinformativo.mx\/wp-content\/uploads\/2024\/10\/PHOTO-2024-10-16-13-58-17-e1729110480241.jpg\",\"datePublished\":\"2024-10-16T18:30:52+00:00\",\"dateModified\":\"2024-10-16T20:29:24+00:00\",\"description\":\"Gobierno de Quer\u00e9taro alista propuesta de presupuesto 2025 sin aumento de impuestos\",\"breadcrumb\":{\"@id\":\"https:\/\/www.nexoinformativo.mx\/index.php\/2024\/10\/16\/gobierno-de-queretaro-alista-propuesta-de-presupuesto-2025-sin-aumento-de-impuestos\/#breadcrumb\"},\"inLanguage\":\"es\",\"potentialAction\":[{\"@type\":\"ReadAction\",\"target\":[\"https:\/\/www.nexoinformativo.mx\/index.php\/2024\/10\/16\/gobierno-de-queretaro-alista-propuesta-de-presupuesto-2025-sin-aumento-de-impuestos\/\"]}]},{\"@type\":\"ImageObject\",\"inLanguage\":\"es\",\"@id\":\"https:\/\/www.nexoinformativo.mx\/index.php\/2024\/10\/16\/gobierno-de-queretaro-alista-propuesta-de-presupuesto-2025-sin-aumento-de-impuestos\/#primaryimage\",\"url\":\"https:\/\/www.nexoinformativo.mx\/wp-content\/uploads\/2024\/10\/PHOTO-2024-10-16-13-58-17-e1729110480241.jpg\",\"contentUrl\":\"https:\/\/www.nexoinformativo.mx\/wp-content\/uploads\/2024\/10\/PHOTO-2024-10-16-13-58-17-e1729110480241.jpg\",\"width\":800,\"height\":533},{\"@type\":\"BreadcrumbList\",\"@id\":\"https:\/\/www.nexoinformativo.mx\/index.php\/2024\/10\/16\/gobierno-de-queretaro-alista-propuesta-de-presupuesto-2025-sin-aumento-de-impuestos\/#breadcrumb\",\"itemListElement\":[{\"@type\":\"ListItem\",\"position\":1,\"name\":\"Inicio\",\"item\":\"https:\/\/www.nexoinformativo.mx\/\"},{\"@type\":\"ListItem\",\"position\":2,\"name\":\"Gobierno de Quer\u00e9taro alista propuesta de presupuesto 2025 sin aumento de impuestos\"}]},{\"@type\":\"WebSite\",\"@id\":\"https:\/\/www.nexoinformativo.mx\/#website\",\"url\":\"https:\/\/www.nexoinformativo.mx\/\",\"name\":\"Nexo Informativo Santiago de Quer\u00e9taro\",\"description\":\"Explora NexoInformativo y convi\u00e9rtete en parte de una comunidad que valora el conocimiento y la verdad. Tu nexoinformativo es tu puente hacia una comprensi\u00f3n m\u00e1s profunda del mundo que te rodea.\",\"publisher\":{\"@id\":\"https:\/\/www.nexoinformativo.mx\/#organization\"},\"potentialAction\":[{\"@type\":\"SearchAction\",\"target\":{\"@type\":\"EntryPoint\",\"urlTemplate\":\"https:\/\/www.nexoinformativo.mx\/?s={search_term_string}\"},\"query-input\":{\"@type\":\"PropertyValueSpecification\",\"valueRequired\":true,\"valueName\":\"search_term_string\"}}],\"inLanguage\":\"es\"},{\"@type\":\"Organization\",\"@id\":\"https:\/\/www.nexoinformativo.mx\/#organization\",\"name\":\"Nexo Informativo Santiago de Quer\u00e9taro\",\"url\":\"https:\/\/www.nexoinformativo.mx\/\",\"logo\":{\"@type\":\"ImageObject\",\"inLanguage\":\"es\",\"@id\":\"https:\/\/www.nexoinformativo.mx\/#\/schema\/logo\/image\/\",\"url\":\"https:\/\/www.nexoinformativo.mx\/wp-content\/uploads\/2024\/07\/nexoi-trasparente-2.png\",\"contentUrl\":\"https:\/\/www.nexoinformativo.mx\/wp-content\/uploads\/2024\/07\/nexoi-trasparente-2.png\",\"width\":816,\"height\":339,\"caption\":\"Nexo Informativo Santiago de Quer\u00e9taro\"},\"image\":{\"@id\":\"https:\/\/www.nexoinformativo.mx\/#\/schema\/logo\/image\/\"},\"sameAs\":[\"https:\/\/www.facebook.com\/people\/Nexo-Informativo\/61564066885511\/\"]},{\"@type\":\"Person\",\"@id\":\"https:\/\/www.nexoinformativo.mx\/#\/schema\/person\/7749d380ba08c8ca00d7bc76fd907b7d\",\"name\":\"Nexo Informativo\",\"image\":{\"@type\":\"ImageObject\",\"inLanguage\":\"es\",\"@id\":\"https:\/\/www.nexoinformativo.mx\/#\/schema\/person\/image\/\",\"url\":\"https:\/\/secure.gravatar.com\/avatar\/dde2928154642a13d95f87ddf1ea9718fe2b46760a005c53e41ff5ad610704e6?s=96&d=mm&r=g\",\"contentUrl\":\"https:\/\/secure.gravatar.com\/avatar\/dde2928154642a13d95f87ddf1ea9718fe2b46760a005c53e41ff5ad610704e6?s=96&d=mm&r=g\",\"caption\":\"Nexo Informativo\"},\"url\":\"https:\/\/www.nexoinformativo.mx\/index.php\/author\/edicion\/\"}]}<\/script>\n<!-- \/ Yoast SEO plugin. -->","yoast_head_json":{"title":"Gobierno de Quer\u00e9taro alista propuesta de presupuesto 2025 sin aumento de impuestos | Nexo Informativo Santiago de Quer\u00e9taro","description":"Gobierno de Quer\u00e9taro alista propuesta de presupuesto 2025 sin aumento de impuestos","robots":{"index":"index","follow":"follow","max-snippet":"max-snippet:-1","max-image-preview":"max-image-preview:large","max-video-preview":"max-video-preview:-1"},"canonical":"https:\/\/www.nexoinformativo.mx\/index.php\/2024\/10\/16\/gobierno-de-queretaro-alista-propuesta-de-presupuesto-2025-sin-aumento-de-impuestos\/","og_locale":"es_MX","og_type":"article","og_title":"Gobierno de Quer\u00e9taro alista propuesta de presupuesto 2025 sin aumento de impuestos | Nexo Informativo Santiago de Quer\u00e9taro","og_description":"Gobierno de Quer\u00e9taro alista propuesta de presupuesto 2025 sin aumento de impuestos","og_url":"https:\/\/www.nexoinformativo.mx\/index.php\/2024\/10\/16\/gobierno-de-queretaro-alista-propuesta-de-presupuesto-2025-sin-aumento-de-impuestos\/","og_site_name":"Nexo Informativo Santiago de Quer\u00e9taro","article_publisher":"https:\/\/www.facebook.com\/people\/Nexo-Informativo\/61564066885511\/","article_published_time":"2024-10-16T18:30:52+00:00","article_modified_time":"2024-10-16T20:29:24+00:00","og_image":[{"width":800,"height":533,"url":"https:\/\/www.nexoinformativo.mx\/wp-content\/uploads\/2024\/10\/PHOTO-2024-10-16-13-58-17-e1729110480241.jpg","type":"image\/jpeg"}],"author":"Nexo Informativo","twitter_card":"summary_large_image","twitter_misc":{"Escrito por":"Nexo Informativo","Tiempo de lectura":"1 minuto"},"schema":{"@context":"https:\/\/schema.org","@graph":[{"@type":"Article","@id":"https:\/\/www.nexoinformativo.mx\/index.php\/2024\/10\/16\/gobierno-de-queretaro-alista-propuesta-de-presupuesto-2025-sin-aumento-de-impuestos\/#article","isPartOf":{"@id":"https:\/\/www.nexoinformativo.mx\/index.php\/2024\/10\/16\/gobierno-de-queretaro-alista-propuesta-de-presupuesto-2025-sin-aumento-de-impuestos\/"},"author":{"name":"Nexo Informativo","@id":"https:\/\/www.nexoinformativo.mx\/#\/schema\/person\/7749d380ba08c8ca00d7bc76fd907b7d"},"headline":"Gobierno de Quer\u00e9taro alista propuesta de presupuesto 2025 sin aumento de impuestos","datePublished":"2024-10-16T18:30:52+00:00","dateModified":"2024-10-16T20:29:24+00:00","mainEntityOfPage":{"@id":"https:\/\/www.nexoinformativo.mx\/index.php\/2024\/10\/16\/gobierno-de-queretaro-alista-propuesta-de-presupuesto-2025-sin-aumento-de-impuestos\/"},"wordCount":145,"commentCount":0,"publisher":{"@id":"https:\/\/www.nexoinformativo.mx\/#organization"},"image":{"@id":"https:\/\/www.nexoinformativo.mx\/index.php\/2024\/10\/16\/gobierno-de-queretaro-alista-propuesta-de-presupuesto-2025-sin-aumento-de-impuestos\/#primaryimage"},"thumbnailUrl":"https:\/\/www.nexoinformativo.mx\/wp-content\/uploads\/2024\/10\/PHOTO-2024-10-16-13-58-17-e1729110480241.jpg","keywords":["FortalecimientoSocial","GobiernoResponsable","Presupuesto2025","Quer\u00e9taro"],"articleSection":["Estado","\u00daltima Hora"],"inLanguage":"es","potentialAction":[{"@type":"CommentAction","name":"Comment","target":["https:\/\/www.nexoinformativo.mx\/index.php\/2024\/10\/16\/gobierno-de-queretaro-alista-propuesta-de-presupuesto-2025-sin-aumento-de-impuestos\/#respond"]}]},{"@type":"WebPage","@id":"https:\/\/www.nexoinformativo.mx\/index.php\/2024\/10\/16\/gobierno-de-queretaro-alista-propuesta-de-presupuesto-2025-sin-aumento-de-impuestos\/","url":"https:\/\/www.nexoinformativo.mx\/index.php\/2024\/10\/16\/gobierno-de-queretaro-alista-propuesta-de-presupuesto-2025-sin-aumento-de-impuestos\/","name":"Gobierno de Quer\u00e9taro alista propuesta de presupuesto 2025 sin aumento de impuestos | Nexo Informativo Santiago de Quer\u00e9taro","isPartOf":{"@id":"https:\/\/www.nexoinformativo.mx\/#website"},"primaryImageOfPage":{"@id":"https:\/\/www.nexoinformativo.mx\/index.php\/2024\/10\/16\/gobierno-de-queretaro-alista-propuesta-de-presupuesto-2025-sin-aumento-de-impuestos\/#primaryimage"},"image":{"@id":"https:\/\/www.nexoinformativo.mx\/index.php\/2024\/10\/16\/gobierno-de-queretaro-alista-propuesta-de-presupuesto-2025-sin-aumento-de-impuestos\/#primaryimage"},"thumbnailUrl":"https:\/\/www.nexoinformativo.mx\/wp-content\/uploads\/2024\/10\/PHOTO-2024-10-16-13-58-17-e1729110480241.jpg","datePublished":"2024-10-16T18:30:52+00:00","dateModified":"2024-10-16T20:29:24+00:00","description":"Gobierno de Quer\u00e9taro alista propuesta de presupuesto 2025 sin aumento de impuestos","breadcrumb":{"@id":"https:\/\/www.nexoinformativo.mx\/index.php\/2024\/10\/16\/gobierno-de-queretaro-alista-propuesta-de-presupuesto-2025-sin-aumento-de-impuestos\/#breadcrumb"},"inLanguage":"es","potentialAction":[{"@type":"ReadAction","target":["https:\/\/www.nexoinformativo.mx\/index.php\/2024\/10\/16\/gobierno-de-queretaro-alista-propuesta-de-presupuesto-2025-sin-aumento-de-impuestos\/"]}]},{"@type":"ImageObject","inLanguage":"es","@id":"https:\/\/www.nexoinformativo.mx\/index.php\/2024\/10\/16\/gobierno-de-queretaro-alista-propuesta-de-presupuesto-2025-sin-aumento-de-impuestos\/#primaryimage","url":"https:\/\/www.nexoinformativo.mx\/wp-content\/uploads\/2024\/10\/PHOTO-2024-10-16-13-58-17-e1729110480241.jpg","contentUrl":"https:\/\/www.nexoinformativo.mx\/wp-content\/uploads\/2024\/10\/PHOTO-2024-10-16-13-58-17-e1729110480241.jpg","width":800,"height":533},{"@type":"BreadcrumbList","@id":"https:\/\/www.nexoinformativo.mx\/index.php\/2024\/10\/16\/gobierno-de-queretaro-alista-propuesta-de-presupuesto-2025-sin-aumento-de-impuestos\/#breadcrumb","itemListElement":[{"@type":"ListItem","position":1,"name":"Inicio","item":"https:\/\/www.nexoinformativo.mx\/"},{"@type":"ListItem","position":2,"name":"Gobierno de Quer\u00e9taro alista propuesta de presupuesto 2025 sin aumento de impuestos"}]},{"@type":"WebSite","@id":"https:\/\/www.nexoinformativo.mx\/#website","url":"https:\/\/www.nexoinformativo.mx\/","name":"Nexo Informativo Santiago de Quer\u00e9taro","description":"Explora NexoInformativo y convi\u00e9rtete en parte de una comunidad que valora el conocimiento y la verdad. Tu nexoinformativo es tu puente hacia una comprensi\u00f3n m\u00e1s profunda del mundo que te rodea.","publisher":{"@id":"https:\/\/www.nexoinformativo.mx\/#organization"},"potentialAction":[{"@type":"SearchAction","target":{"@type":"EntryPoint","urlTemplate":"https:\/\/www.nexoinformativo.mx\/?s={search_term_string}"},"query-input":{"@type":"PropertyValueSpecification","valueRequired":true,"valueName":"search_term_string"}}],"inLanguage":"es"},{"@type":"Organization","@id":"https:\/\/www.nexoinformativo.mx\/#organization","name":"Nexo Informativo Santiago de Quer\u00e9taro","url":"https:\/\/www.nexoinformativo.mx\/","logo":{"@type":"ImageObject","inLanguage":"es","@id":"https:\/\/www.nexoinformativo.mx\/#\/schema\/logo\/image\/","url":"https:\/\/www.nexoinformativo.mx\/wp-content\/uploads\/2024\/07\/nexoi-trasparente-2.png","contentUrl":"https:\/\/www.nexoinformativo.mx\/wp-content\/uploads\/2024\/07\/nexoi-trasparente-2.png","width":816,"height":339,"caption":"Nexo Informativo Santiago de Quer\u00e9taro"},"image":{"@id":"https:\/\/www.nexoinformativo.mx\/#\/schema\/logo\/image\/"},"sameAs":["https:\/\/www.facebook.com\/people\/Nexo-Informativo\/61564066885511\/"]},{"@type":"Person","@id":"https:\/\/www.nexoinformativo.mx\/#\/schema\/person\/7749d380ba08c8ca00d7bc76fd907b7d","name":"Nexo Informativo","image":{"@type":"ImageObject","inLanguage":"es","@id":"https:\/\/www.nexoinformativo.mx\/#\/schema\/person\/image\/","url":"https:\/\/secure.gravatar.com\/avatar\/dde2928154642a13d95f87ddf1ea9718fe2b46760a005c53e41ff5ad610704e6?s=96&d=mm&r=g","contentUrl":"https:\/\/secure.gravatar.com\/avatar\/dde2928154642a13d95f87ddf1ea9718fe2b46760a005c53e41ff5ad610704e6?s=96&d=mm&r=g","caption":"Nexo Informativo"},"url":"https:\/\/www.nexoinformativo.mx\/index.php\/author\/edicion\/"}]}},"_links":{"self":[{"href":"https:\/\/www.nexoinformativo.mx\/index.php\/wp-json\/wp\/v2\/posts\/3563","targetHints":{"allow":["GET"]}}],"collection":[{"href":"https:\/\/www.nexoinformativo.mx\/index.php\/wp-json\/wp\/v2\/posts"}],"about":[{"href":"https:\/\/www.nexoinformativo.mx\/index.php\/wp-json\/wp\/v2\/types\/post"}],"author":[{"embeddable":true,"href":"https:\/\/www.nexoinformativo.mx\/index.php\/wp-json\/wp\/v2\/users\/3"}],"replies":[{"embeddable":true,"href":"https:\/\/www.nexoinformativo.mx\/index.php\/wp-json\/wp\/v2\/comments?post=3563"}],"version-history":[{"count":3,"href":"https:\/\/www.nexoinformativo.mx\/index.php\/wp-json\/wp\/v2\/posts\/3563\/revisions"}],"predecessor-version":[{"id":3567,"href":"https:\/\/www.nexoinformativo.mx\/index.php\/wp-json\/wp\/v2\/posts\/3563\/revisions\/3567"}],"wp:featuredmedia":[{"embeddable":true,"href":"https:\/\/www.nexoinformativo.mx\/index.php\/wp-json\/wp\/v2\/media\/3564"}],"wp:attachment":[{"href":"https:\/\/www.nexoinformativo.mx\/index.php\/wp-json\/wp\/v2\/media?parent=3563"}],"wp:term":[{"taxonomy":"category","embeddable":true,"href":"https:\/\/www.nexoinformativo.mx\/index.php\/wp-json\/wp\/v2\/categories?post=3563"},{"taxonomy":"post_tag","embeddable":true,"href":"https:\/\/www.nexoinformativo.mx\/index.php\/wp-json\/wp\/v2\/tags?post=3563"}],"curies":[{"name":"wp","href":"https:\/\/api.w.org\/{rel}","templated":true}]}}