{"id":3568,"date":"2024-10-16T13:00:35","date_gmt":"2024-10-16T19:00:35","guid":{"rendered":"https:\/\/www.nexoinformativo.mx\/?p=3568"},"modified":"2024-10-16T14:39:29","modified_gmt":"2024-10-16T20:39:29","slug":"investigan-agresion-a-estudiante-de-secundaria-en-jalpan-de-serra","status":"publish","type":"post","link":"https:\/\/www.nexoinformativo.mx\/index.php\/2024\/10\/16\/investigan-agresion-a-estudiante-de-secundaria-en-jalpan-de-serra\/","title":{"rendered":"Investigan agresi\u00f3n a estudiante de secundaria en Jalpan de Serra"},"content":{"rendered":"<p style=\"text-align: justify;\">La Secretar\u00eda de Educaci\u00f3n del Estado de Quer\u00e9taro <strong>(SEDEQ)<\/strong> investiga la agresi\u00f3n con arma blanca a un estudiante de secundaria en el municipio de Jalpan de Serra. La titular de la dependencia, Martha Elena Soto Obreg\u00f3n, inform\u00f3 que se est\u00e1 verificando si el agresor es alumno del Colegio de Bachilleres del Estado de Quer\u00e9taro <strong>(COBAQ)<\/strong> Plantel 4.<\/p>\n<p>&nbsp;<\/p>\n<p style=\"text-align: justify;\">Para determinar el incidente ocurrido el 15 de octubre en el Parque San Nicol\u00e1s, donde una ri\u00f1a termin\u00f3 con un joven lesionado. Hasta el momento, las autoridades no han confirmado la identidad del agresor ni su v\u00ednculo con la instituci\u00f3n educativa mencionada.<\/p>\n<p>&nbsp;<\/p>\n<p style=\"text-align: justify;\"><strong>&#8220;Seguimos con la calidad de presunto estudiante, a\u00fan no se tiene certeza de su identidad ni si pertenece al COBAQ. Estamos en contacto con el hospital general y las autoridades de seguridad para esclarecer los hechos&#8221;<\/strong>, explic\u00f3 Soto Obreg\u00f3n.<\/p>\n<p>&nbsp;<\/p>\n<p style=\"text-align: justify;\">En caso de confirmarse que el agresor es un estudiante del nivel medio superior, la SEDEQ implementar\u00e1 medidas de prevenci\u00f3n dentro de la escuela, no solo a nivel de sal\u00f3n de clases, sino tambi\u00e9n en toda la instituci\u00f3n. La secretar\u00eda subray\u00f3 que la educaci\u00f3n tiene un papel preventivo en este tipo de situaciones, aunque la agresi\u00f3n en s\u00ed trasciende lo estrictamente educativo.<\/p>\n<p>&nbsp;<\/p>\n<p style=\"text-align: center;\"><em><strong>\u00a1Informaci\u00f3n que transforma!<\/strong><\/em><\/p>\n","protected":false},"excerpt":{"rendered":"<p>La Secretar\u00eda de Educaci\u00f3n del Estado de Quer\u00e9taro (SEDEQ) investiga la agresi\u00f3n con arma blanca a un estudiante de secundaria en el municipio de Jalpan de Serra. La titular de la dependencia, Martha Elena Soto Obreg\u00f3n, inform\u00f3 que se est\u00e1 verificando si el agresor es alumno del Colegio de Bachilleres del Estado de Quer\u00e9taro (COBAQ) [&hellip;]<\/p>\n","protected":false},"author":3,"featured_media":3570,"comment_status":"open","ping_status":"open","sticky":false,"template":"","format":"standard","meta":{"footnotes":""},"categories":[42,58],"tags":[495,1397,1398,673],"class_list":["post-3568","post","type-post","status-publish","format-standard","has-post-thumbnail","hentry","category-estado","category-ultima-hora","tag-educacionqueretaro","tag-quereraro","tag-sedeq","tag-seguridadescolar"],"yoast_head":"<!-- This site is optimized with the Yoast SEO plugin v25.0 - https:\/\/yoast.com\/wordpress\/plugins\/seo\/ -->\n<title>Investigan agresi\u00f3n a estudiante de secundaria en Jalpan de Serra | Nexo Informativo Santiago de Quer\u00e9taro<\/title>\n<meta name=\"description\" content=\"Investigan agresi\u00f3n a estudiante de secundaria en Jalpan de Serra\" \/>\n<meta name=\"robots\" content=\"index, follow, max-snippet:-1, max-image-preview:large, max-video-preview:-1\" \/>\n<link rel=\"canonical\" href=\"https:\/\/www.nexoinformativo.mx\/index.php\/2024\/10\/16\/investigan-agresion-a-estudiante-de-secundaria-en-jalpan-de-serra\/\" \/>\n<meta property=\"og:locale\" content=\"es_MX\" \/>\n<meta property=\"og:type\" content=\"article\" \/>\n<meta property=\"og:title\" content=\"Investigan agresi\u00f3n a estudiante de secundaria en Jalpan de Serra | Nexo Informativo Santiago de Quer\u00e9taro\" \/>\n<meta property=\"og:description\" content=\"Investigan agresi\u00f3n a estudiante de secundaria en Jalpan de Serra\" \/>\n<meta property=\"og:url\" content=\"https:\/\/www.nexoinformativo.mx\/index.php\/2024\/10\/16\/investigan-agresion-a-estudiante-de-secundaria-en-jalpan-de-serra\/\" \/>\n<meta property=\"og:site_name\" content=\"Nexo Informativo Santiago de Quer\u00e9taro\" \/>\n<meta property=\"article:publisher\" content=\"https:\/\/www.facebook.com\/people\/Nexo-Informativo\/61564066885511\/\" \/>\n<meta property=\"article:published_time\" content=\"2024-10-16T19:00:35+00:00\" \/>\n<meta property=\"article:modified_time\" content=\"2024-10-16T20:39:29+00:00\" \/>\n<meta property=\"og:image\" content=\"https:\/\/www.nexoinformativo.mx\/wp-content\/uploads\/2024\/10\/PHOTO-2024-10-16-13-58-18-2-e1729111071449.jpg\" \/>\n\t<meta property=\"og:image:width\" content=\"800\" \/>\n\t<meta property=\"og:image:height\" content=\"1067\" \/>\n\t<meta property=\"og:image:type\" content=\"image\/jpeg\" \/>\n<meta name=\"author\" content=\"Nexo Informativo\" \/>\n<meta name=\"twitter:card\" content=\"summary_large_image\" \/>\n<meta name=\"twitter:label1\" content=\"Escrito por\" \/>\n\t<meta name=\"twitter:data1\" content=\"Nexo Informativo\" \/>\n\t<meta name=\"twitter:label2\" content=\"Tiempo de lectura\" \/>\n\t<meta name=\"twitter:data2\" content=\"2 minutos\" \/>\n<script type=\"application\/ld+json\" class=\"yoast-schema-graph\">{\"@context\":\"https:\/\/schema.org\",\"@graph\":[{\"@type\":\"Article\",\"@id\":\"https:\/\/www.nexoinformativo.mx\/index.php\/2024\/10\/16\/investigan-agresion-a-estudiante-de-secundaria-en-jalpan-de-serra\/#article\",\"isPartOf\":{\"@id\":\"https:\/\/www.nexoinformativo.mx\/index.php\/2024\/10\/16\/investigan-agresion-a-estudiante-de-secundaria-en-jalpan-de-serra\/\"},\"author\":{\"name\":\"Nexo Informativo\",\"@id\":\"https:\/\/www.nexoinformativo.mx\/#\/schema\/person\/7749d380ba08c8ca00d7bc76fd907b7d\"},\"headline\":\"Investigan agresi\u00f3n a estudiante de secundaria en Jalpan de Serra\",\"datePublished\":\"2024-10-16T19:00:35+00:00\",\"dateModified\":\"2024-10-16T20:39:29+00:00\",\"mainEntityOfPage\":{\"@id\":\"https:\/\/www.nexoinformativo.mx\/index.php\/2024\/10\/16\/investigan-agresion-a-estudiante-de-secundaria-en-jalpan-de-serra\/\"},\"wordCount\":236,\"commentCount\":0,\"publisher\":{\"@id\":\"https:\/\/www.nexoinformativo.mx\/#organization\"},\"image\":{\"@id\":\"https:\/\/www.nexoinformativo.mx\/index.php\/2024\/10\/16\/investigan-agresion-a-estudiante-de-secundaria-en-jalpan-de-serra\/#primaryimage\"},\"thumbnailUrl\":\"https:\/\/www.nexoinformativo.mx\/wp-content\/uploads\/2024\/10\/PHOTO-2024-10-16-13-58-18-2-e1729111071449.jpg\",\"keywords\":[\"Educaci\u00f3nQuer\u00e9taro\",\"Quereraro\",\"SEDEQ\",\"SeguridadEscolar\"],\"articleSection\":[\"Estado\",\"\u00daltima Hora\"],\"inLanguage\":\"es\",\"potentialAction\":[{\"@type\":\"CommentAction\",\"name\":\"Comment\",\"target\":[\"https:\/\/www.nexoinformativo.mx\/index.php\/2024\/10\/16\/investigan-agresion-a-estudiante-de-secundaria-en-jalpan-de-serra\/#respond\"]}]},{\"@type\":\"WebPage\",\"@id\":\"https:\/\/www.nexoinformativo.mx\/index.php\/2024\/10\/16\/investigan-agresion-a-estudiante-de-secundaria-en-jalpan-de-serra\/\",\"url\":\"https:\/\/www.nexoinformativo.mx\/index.php\/2024\/10\/16\/investigan-agresion-a-estudiante-de-secundaria-en-jalpan-de-serra\/\",\"name\":\"Investigan agresi\u00f3n a estudiante de secundaria en Jalpan de Serra | Nexo Informativo Santiago de Quer\u00e9taro\",\"isPartOf\":{\"@id\":\"https:\/\/www.nexoinformativo.mx\/#website\"},\"primaryImageOfPage\":{\"@id\":\"https:\/\/www.nexoinformativo.mx\/index.php\/2024\/10\/16\/investigan-agresion-a-estudiante-de-secundaria-en-jalpan-de-serra\/#primaryimage\"},\"image\":{\"@id\":\"https:\/\/www.nexoinformativo.mx\/index.php\/2024\/10\/16\/investigan-agresion-a-estudiante-de-secundaria-en-jalpan-de-serra\/#primaryimage\"},\"thumbnailUrl\":\"https:\/\/www.nexoinformativo.mx\/wp-content\/uploads\/2024\/10\/PHOTO-2024-10-16-13-58-18-2-e1729111071449.jpg\",\"datePublished\":\"2024-10-16T19:00:35+00:00\",\"dateModified\":\"2024-10-16T20:39:29+00:00\",\"description\":\"Investigan agresi\u00f3n a estudiante de secundaria en Jalpan de Serra\",\"breadcrumb\":{\"@id\":\"https:\/\/www.nexoinformativo.mx\/index.php\/2024\/10\/16\/investigan-agresion-a-estudiante-de-secundaria-en-jalpan-de-serra\/#breadcrumb\"},\"inLanguage\":\"es\",\"potentialAction\":[{\"@type\":\"ReadAction\",\"target\":[\"https:\/\/www.nexoinformativo.mx\/index.php\/2024\/10\/16\/investigan-agresion-a-estudiante-de-secundaria-en-jalpan-de-serra\/\"]}]},{\"@type\":\"ImageObject\",\"inLanguage\":\"es\",\"@id\":\"https:\/\/www.nexoinformativo.mx\/index.php\/2024\/10\/16\/investigan-agresion-a-estudiante-de-secundaria-en-jalpan-de-serra\/#primaryimage\",\"url\":\"https:\/\/www.nexoinformativo.mx\/wp-content\/uploads\/2024\/10\/PHOTO-2024-10-16-13-58-18-2-e1729111071449.jpg\",\"contentUrl\":\"https:\/\/www.nexoinformativo.mx\/wp-content\/uploads\/2024\/10\/PHOTO-2024-10-16-13-58-18-2-e1729111071449.jpg\",\"width\":800,\"height\":1067},{\"@type\":\"BreadcrumbList\",\"@id\":\"https:\/\/www.nexoinformativo.mx\/index.php\/2024\/10\/16\/investigan-agresion-a-estudiante-de-secundaria-en-jalpan-de-serra\/#breadcrumb\",\"itemListElement\":[{\"@type\":\"ListItem\",\"position\":1,\"name\":\"Inicio\",\"item\":\"https:\/\/www.nexoinformativo.mx\/\"},{\"@type\":\"ListItem\",\"position\":2,\"name\":\"Investigan agresi\u00f3n a estudiante de secundaria en Jalpan de Serra\"}]},{\"@type\":\"WebSite\",\"@id\":\"https:\/\/www.nexoinformativo.mx\/#website\",\"url\":\"https:\/\/www.nexoinformativo.mx\/\",\"name\":\"Nexo Informativo Santiago de Quer\u00e9taro\",\"description\":\"Explora NexoInformativo y convi\u00e9rtete en parte de una comunidad que valora el conocimiento y la verdad. Tu nexoinformativo es tu puente hacia una comprensi\u00f3n m\u00e1s profunda del mundo que te rodea.\",\"publisher\":{\"@id\":\"https:\/\/www.nexoinformativo.mx\/#organization\"},\"potentialAction\":[{\"@type\":\"SearchAction\",\"target\":{\"@type\":\"EntryPoint\",\"urlTemplate\":\"https:\/\/www.nexoinformativo.mx\/?s={search_term_string}\"},\"query-input\":{\"@type\":\"PropertyValueSpecification\",\"valueRequired\":true,\"valueName\":\"search_term_string\"}}],\"inLanguage\":\"es\"},{\"@type\":\"Organization\",\"@id\":\"https:\/\/www.nexoinformativo.mx\/#organization\",\"name\":\"Nexo Informativo Santiago de Quer\u00e9taro\",\"url\":\"https:\/\/www.nexoinformativo.mx\/\",\"logo\":{\"@type\":\"ImageObject\",\"inLanguage\":\"es\",\"@id\":\"https:\/\/www.nexoinformativo.mx\/#\/schema\/logo\/image\/\",\"url\":\"https:\/\/www.nexoinformativo.mx\/wp-content\/uploads\/2024\/07\/nexoi-trasparente-2.png\",\"contentUrl\":\"https:\/\/www.nexoinformativo.mx\/wp-content\/uploads\/2024\/07\/nexoi-trasparente-2.png\",\"width\":816,\"height\":339,\"caption\":\"Nexo Informativo Santiago de Quer\u00e9taro\"},\"image\":{\"@id\":\"https:\/\/www.nexoinformativo.mx\/#\/schema\/logo\/image\/\"},\"sameAs\":[\"https:\/\/www.facebook.com\/people\/Nexo-Informativo\/61564066885511\/\"]},{\"@type\":\"Person\",\"@id\":\"https:\/\/www.nexoinformativo.mx\/#\/schema\/person\/7749d380ba08c8ca00d7bc76fd907b7d\",\"name\":\"Nexo Informativo\",\"image\":{\"@type\":\"ImageObject\",\"inLanguage\":\"es\",\"@id\":\"https:\/\/www.nexoinformativo.mx\/#\/schema\/person\/image\/\",\"url\":\"https:\/\/secure.gravatar.com\/avatar\/dde2928154642a13d95f87ddf1ea9718fe2b46760a005c53e41ff5ad610704e6?s=96&d=mm&r=g\",\"contentUrl\":\"https:\/\/secure.gravatar.com\/avatar\/dde2928154642a13d95f87ddf1ea9718fe2b46760a005c53e41ff5ad610704e6?s=96&d=mm&r=g\",\"caption\":\"Nexo Informativo\"},\"url\":\"https:\/\/www.nexoinformativo.mx\/index.php\/author\/edicion\/\"}]}<\/script>\n<!-- \/ Yoast SEO plugin. -->","yoast_head_json":{"title":"Investigan agresi\u00f3n a estudiante de secundaria en Jalpan de Serra | Nexo Informativo Santiago de Quer\u00e9taro","description":"Investigan agresi\u00f3n a estudiante de secundaria en Jalpan de Serra","robots":{"index":"index","follow":"follow","max-snippet":"max-snippet:-1","max-image-preview":"max-image-preview:large","max-video-preview":"max-video-preview:-1"},"canonical":"https:\/\/www.nexoinformativo.mx\/index.php\/2024\/10\/16\/investigan-agresion-a-estudiante-de-secundaria-en-jalpan-de-serra\/","og_locale":"es_MX","og_type":"article","og_title":"Investigan agresi\u00f3n a estudiante de secundaria en Jalpan de Serra | Nexo Informativo Santiago de Quer\u00e9taro","og_description":"Investigan agresi\u00f3n a estudiante de secundaria en Jalpan de Serra","og_url":"https:\/\/www.nexoinformativo.mx\/index.php\/2024\/10\/16\/investigan-agresion-a-estudiante-de-secundaria-en-jalpan-de-serra\/","og_site_name":"Nexo Informativo Santiago de Quer\u00e9taro","article_publisher":"https:\/\/www.facebook.com\/people\/Nexo-Informativo\/61564066885511\/","article_published_time":"2024-10-16T19:00:35+00:00","article_modified_time":"2024-10-16T20:39:29+00:00","og_image":[{"width":800,"height":1067,"url":"https:\/\/www.nexoinformativo.mx\/wp-content\/uploads\/2024\/10\/PHOTO-2024-10-16-13-58-18-2-e1729111071449.jpg","type":"image\/jpeg"}],"author":"Nexo Informativo","twitter_card":"summary_large_image","twitter_misc":{"Escrito por":"Nexo Informativo","Tiempo de lectura":"2 minutos"},"schema":{"@context":"https:\/\/schema.org","@graph":[{"@type":"Article","@id":"https:\/\/www.nexoinformativo.mx\/index.php\/2024\/10\/16\/investigan-agresion-a-estudiante-de-secundaria-en-jalpan-de-serra\/#article","isPartOf":{"@id":"https:\/\/www.nexoinformativo.mx\/index.php\/2024\/10\/16\/investigan-agresion-a-estudiante-de-secundaria-en-jalpan-de-serra\/"},"author":{"name":"Nexo Informativo","@id":"https:\/\/www.nexoinformativo.mx\/#\/schema\/person\/7749d380ba08c8ca00d7bc76fd907b7d"},"headline":"Investigan agresi\u00f3n a estudiante de secundaria en Jalpan de Serra","datePublished":"2024-10-16T19:00:35+00:00","dateModified":"2024-10-16T20:39:29+00:00","mainEntityOfPage":{"@id":"https:\/\/www.nexoinformativo.mx\/index.php\/2024\/10\/16\/investigan-agresion-a-estudiante-de-secundaria-en-jalpan-de-serra\/"},"wordCount":236,"commentCount":0,"publisher":{"@id":"https:\/\/www.nexoinformativo.mx\/#organization"},"image":{"@id":"https:\/\/www.nexoinformativo.mx\/index.php\/2024\/10\/16\/investigan-agresion-a-estudiante-de-secundaria-en-jalpan-de-serra\/#primaryimage"},"thumbnailUrl":"https:\/\/www.nexoinformativo.mx\/wp-content\/uploads\/2024\/10\/PHOTO-2024-10-16-13-58-18-2-e1729111071449.jpg","keywords":["Educaci\u00f3nQuer\u00e9taro","Quereraro","SEDEQ","SeguridadEscolar"],"articleSection":["Estado","\u00daltima Hora"],"inLanguage":"es","potentialAction":[{"@type":"CommentAction","name":"Comment","target":["https:\/\/www.nexoinformativo.mx\/index.php\/2024\/10\/16\/investigan-agresion-a-estudiante-de-secundaria-en-jalpan-de-serra\/#respond"]}]},{"@type":"WebPage","@id":"https:\/\/www.nexoinformativo.mx\/index.php\/2024\/10\/16\/investigan-agresion-a-estudiante-de-secundaria-en-jalpan-de-serra\/","url":"https:\/\/www.nexoinformativo.mx\/index.php\/2024\/10\/16\/investigan-agresion-a-estudiante-de-secundaria-en-jalpan-de-serra\/","name":"Investigan agresi\u00f3n a estudiante de secundaria en Jalpan de Serra | Nexo Informativo Santiago de Quer\u00e9taro","isPartOf":{"@id":"https:\/\/www.nexoinformativo.mx\/#website"},"primaryImageOfPage":{"@id":"https:\/\/www.nexoinformativo.mx\/index.php\/2024\/10\/16\/investigan-agresion-a-estudiante-de-secundaria-en-jalpan-de-serra\/#primaryimage"},"image":{"@id":"https:\/\/www.nexoinformativo.mx\/index.php\/2024\/10\/16\/investigan-agresion-a-estudiante-de-secundaria-en-jalpan-de-serra\/#primaryimage"},"thumbnailUrl":"https:\/\/www.nexoinformativo.mx\/wp-content\/uploads\/2024\/10\/PHOTO-2024-10-16-13-58-18-2-e1729111071449.jpg","datePublished":"2024-10-16T19:00:35+00:00","dateModified":"2024-10-16T20:39:29+00:00","description":"Investigan agresi\u00f3n a estudiante de secundaria en Jalpan de Serra","breadcrumb":{"@id":"https:\/\/www.nexoinformativo.mx\/index.php\/2024\/10\/16\/investigan-agresion-a-estudiante-de-secundaria-en-jalpan-de-serra\/#breadcrumb"},"inLanguage":"es","potentialAction":[{"@type":"ReadAction","target":["https:\/\/www.nexoinformativo.mx\/index.php\/2024\/10\/16\/investigan-agresion-a-estudiante-de-secundaria-en-jalpan-de-serra\/"]}]},{"@type":"ImageObject","inLanguage":"es","@id":"https:\/\/www.nexoinformativo.mx\/index.php\/2024\/10\/16\/investigan-agresion-a-estudiante-de-secundaria-en-jalpan-de-serra\/#primaryimage","url":"https:\/\/www.nexoinformativo.mx\/wp-content\/uploads\/2024\/10\/PHOTO-2024-10-16-13-58-18-2-e1729111071449.jpg","contentUrl":"https:\/\/www.nexoinformativo.mx\/wp-content\/uploads\/2024\/10\/PHOTO-2024-10-16-13-58-18-2-e1729111071449.jpg","width":800,"height":1067},{"@type":"BreadcrumbList","@id":"https:\/\/www.nexoinformativo.mx\/index.php\/2024\/10\/16\/investigan-agresion-a-estudiante-de-secundaria-en-jalpan-de-serra\/#breadcrumb","itemListElement":[{"@type":"ListItem","position":1,"name":"Inicio","item":"https:\/\/www.nexoinformativo.mx\/"},{"@type":"ListItem","position":2,"name":"Investigan agresi\u00f3n a estudiante de secundaria en Jalpan de Serra"}]},{"@type":"WebSite","@id":"https:\/\/www.nexoinformativo.mx\/#website","url":"https:\/\/www.nexoinformativo.mx\/","name":"Nexo Informativo Santiago de Quer\u00e9taro","description":"Explora NexoInformativo y convi\u00e9rtete en parte de una comunidad que valora el conocimiento y la verdad. Tu nexoinformativo es tu puente hacia una comprensi\u00f3n m\u00e1s profunda del mundo que te rodea.","publisher":{"@id":"https:\/\/www.nexoinformativo.mx\/#organization"},"potentialAction":[{"@type":"SearchAction","target":{"@type":"EntryPoint","urlTemplate":"https:\/\/www.nexoinformativo.mx\/?s={search_term_string}"},"query-input":{"@type":"PropertyValueSpecification","valueRequired":true,"valueName":"search_term_string"}}],"inLanguage":"es"},{"@type":"Organization","@id":"https:\/\/www.nexoinformativo.mx\/#organization","name":"Nexo Informativo Santiago de Quer\u00e9taro","url":"https:\/\/www.nexoinformativo.mx\/","logo":{"@type":"ImageObject","inLanguage":"es","@id":"https:\/\/www.nexoinformativo.mx\/#\/schema\/logo\/image\/","url":"https:\/\/www.nexoinformativo.mx\/wp-content\/uploads\/2024\/07\/nexoi-trasparente-2.png","contentUrl":"https:\/\/www.nexoinformativo.mx\/wp-content\/uploads\/2024\/07\/nexoi-trasparente-2.png","width":816,"height":339,"caption":"Nexo Informativo Santiago de Quer\u00e9taro"},"image":{"@id":"https:\/\/www.nexoinformativo.mx\/#\/schema\/logo\/image\/"},"sameAs":["https:\/\/www.facebook.com\/people\/Nexo-Informativo\/61564066885511\/"]},{"@type":"Person","@id":"https:\/\/www.nexoinformativo.mx\/#\/schema\/person\/7749d380ba08c8ca00d7bc76fd907b7d","name":"Nexo Informativo","image":{"@type":"ImageObject","inLanguage":"es","@id":"https:\/\/www.nexoinformativo.mx\/#\/schema\/person\/image\/","url":"https:\/\/secure.gravatar.com\/avatar\/dde2928154642a13d95f87ddf1ea9718fe2b46760a005c53e41ff5ad610704e6?s=96&d=mm&r=g","contentUrl":"https:\/\/secure.gravatar.com\/avatar\/dde2928154642a13d95f87ddf1ea9718fe2b46760a005c53e41ff5ad610704e6?s=96&d=mm&r=g","caption":"Nexo Informativo"},"url":"https:\/\/www.nexoinformativo.mx\/index.php\/author\/edicion\/"}]}},"_links":{"self":[{"href":"https:\/\/www.nexoinformativo.mx\/index.php\/wp-json\/wp\/v2\/posts\/3568","targetHints":{"allow":["GET"]}}],"collection":[{"href":"https:\/\/www.nexoinformativo.mx\/index.php\/wp-json\/wp\/v2\/posts"}],"about":[{"href":"https:\/\/www.nexoinformativo.mx\/index.php\/wp-json\/wp\/v2\/types\/post"}],"author":[{"embeddable":true,"href":"https:\/\/www.nexoinformativo.mx\/index.php\/wp-json\/wp\/v2\/users\/3"}],"replies":[{"embeddable":true,"href":"https:\/\/www.nexoinformativo.mx\/index.php\/wp-json\/wp\/v2\/comments?post=3568"}],"version-history":[{"count":5,"href":"https:\/\/www.nexoinformativo.mx\/index.php\/wp-json\/wp\/v2\/posts\/3568\/revisions"}],"predecessor-version":[{"id":3572,"href":"https:\/\/www.nexoinformativo.mx\/index.php\/wp-json\/wp\/v2\/posts\/3568\/revisions\/3572"}],"wp:featuredmedia":[{"embeddable":true,"href":"https:\/\/www.nexoinformativo.mx\/index.php\/wp-json\/wp\/v2\/media\/3570"}],"wp:attachment":[{"href":"https:\/\/www.nexoinformativo.mx\/index.php\/wp-json\/wp\/v2\/media?parent=3568"}],"wp:term":[{"taxonomy":"category","embeddable":true,"href":"https:\/\/www.nexoinformativo.mx\/index.php\/wp-json\/wp\/v2\/categories?post=3568"},{"taxonomy":"post_tag","embeddable":true,"href":"https:\/\/www.nexoinformativo.mx\/index.php\/wp-json\/wp\/v2\/tags?post=3568"}],"curies":[{"name":"wp","href":"https:\/\/api.w.org\/{rel}","templated":true}]}}