{"id":3583,"date":"2024-10-16T14:00:55","date_gmt":"2024-10-16T20:00:55","guid":{"rendered":"https:\/\/www.nexoinformativo.mx\/?p=3583"},"modified":"2024-10-16T15:02:05","modified_gmt":"2024-10-16T21:02:05","slug":"buscaran-renovar-convenio-para-garantizar-abasto-de-agua-en-queretaro","status":"publish","type":"post","link":"https:\/\/www.nexoinformativo.mx\/index.php\/2024\/10\/16\/buscaran-renovar-convenio-para-garantizar-abasto-de-agua-en-queretaro\/","title":{"rendered":"Buscar\u00e1n renovar convenio para garantizar abasto de agua en Quer\u00e9taro"},"content":{"rendered":"<p dir=\"auto\" style=\"text-align: justify;\">Luis Alberto Vega Ricoy, vocal ejecutivo de la Comisi\u00f3n Estatal de Aguas <strong>(CEA)<\/strong> de Quer\u00e9taro, anunci\u00f3 que se est\u00e1 trabajando en la renovaci\u00f3n de un convenio de colaboraci\u00f3n con el Gobierno de M\u00e9xico. Este acuerdo tiene como objetivo impulsar proyectos de abastecimiento de agua potable para garantizar el suministro a la poblaci\u00f3n.<\/p>\n<\/p>\n<p>&nbsp;<\/p>\n<p dir=\"auto\" style=\"text-align: justify;\">Vega Ricoy inform\u00f3 que este jueves se reunir\u00e1 con el director de la Comisi\u00f3n Nacional del Agua <strong>(CONAGUA)<\/strong> para continuar el di\u00e1logo sobre los detalles del proyecto de abastecimiento. El funcionario mencionado que est\u00e1n a la espera de que el Gobierno federal anuncie los proyectos espec\u00edficos con los que apoyar\u00e1 a los estados.<\/p>\n<\/p>\n<p>&nbsp;<\/p>\n<p style=\"text-align: justify;\">La colaboraci\u00f3n con el Gobierno de M\u00e9xico ser\u00e1 clave para mejorar y fortalecer el acceso al agua en el estado, ante los desaf\u00edos actuales de disponibilidad.<\/p>\n<\/p>\n<p>&nbsp;<\/p>\n<p style=\"text-align: center;\"><em><strong>\u00a1Informaci\u00f3n que transforma!<\/strong><\/em><\/p>\n","protected":false},"excerpt":{"rendered":"<p>Luis Alberto Vega Ricoy, vocal ejecutivo de la Comisi\u00f3n Estatal de Aguas (CEA) de Quer\u00e9taro, anunci\u00f3 que se est\u00e1 trabajando en la renovaci\u00f3n de un convenio de colaboraci\u00f3n con el Gobierno de M\u00e9xico. Este acuerdo tiene como objetivo impulsar proyectos de abastecimiento de agua potable para garantizar el suministro a la poblaci\u00f3n. &nbsp; Vega Ricoy [&hellip;]<\/p>\n","protected":false},"author":3,"featured_media":3584,"comment_status":"open","ping_status":"open","sticky":false,"template":"","format":"standard","meta":{"footnotes":""},"categories":[42,58],"tags":[1404,785,1403,1401,1402],"class_list":["post-3583","post","type-post","status-publish","format-standard","has-post-thumbnail","hentry","category-estado","category-ultima-hora","tag-abasto","tag-aguaqueretaro","tag-proyectocea","tag-reajuste","tag-salarial"],"yoast_head":"<!-- This site is optimized with the Yoast SEO plugin v25.0 - https:\/\/yoast.com\/wordpress\/plugins\/seo\/ -->\n<title>Buscar\u00e1n renovar convenio para garantizar abasto de agua en Quer\u00e9taro | Nexo Informativo Santiago de Quer\u00e9taro<\/title>\n<meta name=\"robots\" content=\"index, follow, max-snippet:-1, max-image-preview:large, max-video-preview:-1\" \/>\n<link rel=\"canonical\" href=\"https:\/\/www.nexoinformativo.mx\/index.php\/2024\/10\/16\/buscaran-renovar-convenio-para-garantizar-abasto-de-agua-en-queretaro\/\" \/>\n<meta property=\"og:locale\" content=\"es_MX\" \/>\n<meta property=\"og:type\" content=\"article\" \/>\n<meta property=\"og:title\" content=\"Buscar\u00e1n renovar convenio para garantizar abasto de agua en Quer\u00e9taro | Nexo Informativo Santiago de Quer\u00e9taro\" \/>\n<meta property=\"og:description\" content=\"Luis Alberto Vega Ricoy, vocal ejecutivo de la Comisi\u00f3n Estatal de Aguas (CEA) de Quer\u00e9taro, anunci\u00f3 que se est\u00e1 trabajando en la renovaci\u00f3n de un convenio de colaboraci\u00f3n con el Gobierno de M\u00e9xico. Este acuerdo tiene como objetivo impulsar proyectos de abastecimiento de agua potable para garantizar el suministro a la poblaci\u00f3n. &nbsp; Vega Ricoy [&hellip;]\" \/>\n<meta property=\"og:url\" content=\"https:\/\/www.nexoinformativo.mx\/index.php\/2024\/10\/16\/buscaran-renovar-convenio-para-garantizar-abasto-de-agua-en-queretaro\/\" \/>\n<meta property=\"og:site_name\" content=\"Nexo Informativo Santiago de Quer\u00e9taro\" \/>\n<meta property=\"article:publisher\" content=\"https:\/\/www.facebook.com\/people\/Nexo-Informativo\/61564066885511\/\" \/>\n<meta property=\"article:published_time\" content=\"2024-10-16T20:00:55+00:00\" \/>\n<meta property=\"article:modified_time\" content=\"2024-10-16T21:02:05+00:00\" \/>\n<meta property=\"og:image\" content=\"https:\/\/www.nexoinformativo.mx\/wp-content\/uploads\/2024\/10\/PHOTO-2024-10-16-13-58-18-1-e1729112355259.jpg\" \/>\n\t<meta property=\"og:image:width\" content=\"800\" \/>\n\t<meta property=\"og:image:height\" content=\"533\" \/>\n\t<meta property=\"og:image:type\" content=\"image\/jpeg\" \/>\n<meta name=\"author\" content=\"Nexo Informativo\" \/>\n<meta name=\"twitter:card\" content=\"summary_large_image\" \/>\n<meta name=\"twitter:label1\" content=\"Escrito por\" \/>\n\t<meta name=\"twitter:data1\" content=\"Nexo Informativo\" \/>\n\t<meta name=\"twitter:label2\" content=\"Tiempo de lectura\" \/>\n\t<meta name=\"twitter:data2\" content=\"1 minuto\" \/>\n<script type=\"application\/ld+json\" class=\"yoast-schema-graph\">{\"@context\":\"https:\/\/schema.org\",\"@graph\":[{\"@type\":\"Article\",\"@id\":\"https:\/\/www.nexoinformativo.mx\/index.php\/2024\/10\/16\/buscaran-renovar-convenio-para-garantizar-abasto-de-agua-en-queretaro\/#article\",\"isPartOf\":{\"@id\":\"https:\/\/www.nexoinformativo.mx\/index.php\/2024\/10\/16\/buscaran-renovar-convenio-para-garantizar-abasto-de-agua-en-queretaro\/\"},\"author\":{\"name\":\"Nexo Informativo\",\"@id\":\"https:\/\/www.nexoinformativo.mx\/#\/schema\/person\/7749d380ba08c8ca00d7bc76fd907b7d\"},\"headline\":\"Buscar\u00e1n renovar convenio para garantizar abasto de agua en Quer\u00e9taro\",\"datePublished\":\"2024-10-16T20:00:55+00:00\",\"dateModified\":\"2024-10-16T21:02:05+00:00\",\"mainEntityOfPage\":{\"@id\":\"https:\/\/www.nexoinformativo.mx\/index.php\/2024\/10\/16\/buscaran-renovar-convenio-para-garantizar-abasto-de-agua-en-queretaro\/\"},\"wordCount\":163,\"commentCount\":0,\"publisher\":{\"@id\":\"https:\/\/www.nexoinformativo.mx\/#organization\"},\"image\":{\"@id\":\"https:\/\/www.nexoinformativo.mx\/index.php\/2024\/10\/16\/buscaran-renovar-convenio-para-garantizar-abasto-de-agua-en-queretaro\/#primaryimage\"},\"thumbnailUrl\":\"https:\/\/www.nexoinformativo.mx\/wp-content\/uploads\/2024\/10\/PHOTO-2024-10-16-13-58-18-1-e1729112355259.jpg\",\"keywords\":[\"Abasto\",\"AguaQuer\u00e9taro\",\"ProyectoCEA\",\"Reajuste\",\"salarial\"],\"articleSection\":[\"Estado\",\"\u00daltima Hora\"],\"inLanguage\":\"es\",\"potentialAction\":[{\"@type\":\"CommentAction\",\"name\":\"Comment\",\"target\":[\"https:\/\/www.nexoinformativo.mx\/index.php\/2024\/10\/16\/buscaran-renovar-convenio-para-garantizar-abasto-de-agua-en-queretaro\/#respond\"]}]},{\"@type\":\"WebPage\",\"@id\":\"https:\/\/www.nexoinformativo.mx\/index.php\/2024\/10\/16\/buscaran-renovar-convenio-para-garantizar-abasto-de-agua-en-queretaro\/\",\"url\":\"https:\/\/www.nexoinformativo.mx\/index.php\/2024\/10\/16\/buscaran-renovar-convenio-para-garantizar-abasto-de-agua-en-queretaro\/\",\"name\":\"Buscar\u00e1n renovar convenio para garantizar abasto de agua en Quer\u00e9taro | Nexo Informativo Santiago de Quer\u00e9taro\",\"isPartOf\":{\"@id\":\"https:\/\/www.nexoinformativo.mx\/#website\"},\"primaryImageOfPage\":{\"@id\":\"https:\/\/www.nexoinformativo.mx\/index.php\/2024\/10\/16\/buscaran-renovar-convenio-para-garantizar-abasto-de-agua-en-queretaro\/#primaryimage\"},\"image\":{\"@id\":\"https:\/\/www.nexoinformativo.mx\/index.php\/2024\/10\/16\/buscaran-renovar-convenio-para-garantizar-abasto-de-agua-en-queretaro\/#primaryimage\"},\"thumbnailUrl\":\"https:\/\/www.nexoinformativo.mx\/wp-content\/uploads\/2024\/10\/PHOTO-2024-10-16-13-58-18-1-e1729112355259.jpg\",\"datePublished\":\"2024-10-16T20:00:55+00:00\",\"dateModified\":\"2024-10-16T21:02:05+00:00\",\"breadcrumb\":{\"@id\":\"https:\/\/www.nexoinformativo.mx\/index.php\/2024\/10\/16\/buscaran-renovar-convenio-para-garantizar-abasto-de-agua-en-queretaro\/#breadcrumb\"},\"inLanguage\":\"es\",\"potentialAction\":[{\"@type\":\"ReadAction\",\"target\":[\"https:\/\/www.nexoinformativo.mx\/index.php\/2024\/10\/16\/buscaran-renovar-convenio-para-garantizar-abasto-de-agua-en-queretaro\/\"]}]},{\"@type\":\"ImageObject\",\"inLanguage\":\"es\",\"@id\":\"https:\/\/www.nexoinformativo.mx\/index.php\/2024\/10\/16\/buscaran-renovar-convenio-para-garantizar-abasto-de-agua-en-queretaro\/#primaryimage\",\"url\":\"https:\/\/www.nexoinformativo.mx\/wp-content\/uploads\/2024\/10\/PHOTO-2024-10-16-13-58-18-1-e1729112355259.jpg\",\"contentUrl\":\"https:\/\/www.nexoinformativo.mx\/wp-content\/uploads\/2024\/10\/PHOTO-2024-10-16-13-58-18-1-e1729112355259.jpg\",\"width\":800,\"height\":533},{\"@type\":\"BreadcrumbList\",\"@id\":\"https:\/\/www.nexoinformativo.mx\/index.php\/2024\/10\/16\/buscaran-renovar-convenio-para-garantizar-abasto-de-agua-en-queretaro\/#breadcrumb\",\"itemListElement\":[{\"@type\":\"ListItem\",\"position\":1,\"name\":\"Inicio\",\"item\":\"https:\/\/www.nexoinformativo.mx\/\"},{\"@type\":\"ListItem\",\"position\":2,\"name\":\"Buscar\u00e1n renovar convenio para garantizar abasto de agua en Quer\u00e9taro\"}]},{\"@type\":\"WebSite\",\"@id\":\"https:\/\/www.nexoinformativo.mx\/#website\",\"url\":\"https:\/\/www.nexoinformativo.mx\/\",\"name\":\"Nexo Informativo Santiago de Quer\u00e9taro\",\"description\":\"Explora NexoInformativo y convi\u00e9rtete en parte de una comunidad que valora el conocimiento y la verdad. Tu nexoinformativo es tu puente hacia una comprensi\u00f3n m\u00e1s profunda del mundo que te rodea.\",\"publisher\":{\"@id\":\"https:\/\/www.nexoinformativo.mx\/#organization\"},\"potentialAction\":[{\"@type\":\"SearchAction\",\"target\":{\"@type\":\"EntryPoint\",\"urlTemplate\":\"https:\/\/www.nexoinformativo.mx\/?s={search_term_string}\"},\"query-input\":{\"@type\":\"PropertyValueSpecification\",\"valueRequired\":true,\"valueName\":\"search_term_string\"}}],\"inLanguage\":\"es\"},{\"@type\":\"Organization\",\"@id\":\"https:\/\/www.nexoinformativo.mx\/#organization\",\"name\":\"Nexo Informativo Santiago de Quer\u00e9taro\",\"url\":\"https:\/\/www.nexoinformativo.mx\/\",\"logo\":{\"@type\":\"ImageObject\",\"inLanguage\":\"es\",\"@id\":\"https:\/\/www.nexoinformativo.mx\/#\/schema\/logo\/image\/\",\"url\":\"https:\/\/www.nexoinformativo.mx\/wp-content\/uploads\/2024\/07\/nexoi-trasparente-2.png\",\"contentUrl\":\"https:\/\/www.nexoinformativo.mx\/wp-content\/uploads\/2024\/07\/nexoi-trasparente-2.png\",\"width\":816,\"height\":339,\"caption\":\"Nexo Informativo Santiago de Quer\u00e9taro\"},\"image\":{\"@id\":\"https:\/\/www.nexoinformativo.mx\/#\/schema\/logo\/image\/\"},\"sameAs\":[\"https:\/\/www.facebook.com\/people\/Nexo-Informativo\/61564066885511\/\"]},{\"@type\":\"Person\",\"@id\":\"https:\/\/www.nexoinformativo.mx\/#\/schema\/person\/7749d380ba08c8ca00d7bc76fd907b7d\",\"name\":\"Nexo Informativo\",\"image\":{\"@type\":\"ImageObject\",\"inLanguage\":\"es\",\"@id\":\"https:\/\/www.nexoinformativo.mx\/#\/schema\/person\/image\/\",\"url\":\"https:\/\/secure.gravatar.com\/avatar\/dde2928154642a13d95f87ddf1ea9718fe2b46760a005c53e41ff5ad610704e6?s=96&d=mm&r=g\",\"contentUrl\":\"https:\/\/secure.gravatar.com\/avatar\/dde2928154642a13d95f87ddf1ea9718fe2b46760a005c53e41ff5ad610704e6?s=96&d=mm&r=g\",\"caption\":\"Nexo Informativo\"},\"url\":\"https:\/\/www.nexoinformativo.mx\/index.php\/author\/edicion\/\"}]}<\/script>\n<!-- \/ Yoast SEO plugin. -->","yoast_head_json":{"title":"Buscar\u00e1n renovar convenio para garantizar abasto de agua en Quer\u00e9taro | Nexo Informativo Santiago de Quer\u00e9taro","robots":{"index":"index","follow":"follow","max-snippet":"max-snippet:-1","max-image-preview":"max-image-preview:large","max-video-preview":"max-video-preview:-1"},"canonical":"https:\/\/www.nexoinformativo.mx\/index.php\/2024\/10\/16\/buscaran-renovar-convenio-para-garantizar-abasto-de-agua-en-queretaro\/","og_locale":"es_MX","og_type":"article","og_title":"Buscar\u00e1n renovar convenio para garantizar abasto de agua en Quer\u00e9taro | Nexo Informativo Santiago de Quer\u00e9taro","og_description":"Luis Alberto Vega Ricoy, vocal ejecutivo de la Comisi\u00f3n Estatal de Aguas (CEA) de Quer\u00e9taro, anunci\u00f3 que se est\u00e1 trabajando en la renovaci\u00f3n de un convenio de colaboraci\u00f3n con el Gobierno de M\u00e9xico. Este acuerdo tiene como objetivo impulsar proyectos de abastecimiento de agua potable para garantizar el suministro a la poblaci\u00f3n. &nbsp; Vega Ricoy [&hellip;]","og_url":"https:\/\/www.nexoinformativo.mx\/index.php\/2024\/10\/16\/buscaran-renovar-convenio-para-garantizar-abasto-de-agua-en-queretaro\/","og_site_name":"Nexo Informativo Santiago de Quer\u00e9taro","article_publisher":"https:\/\/www.facebook.com\/people\/Nexo-Informativo\/61564066885511\/","article_published_time":"2024-10-16T20:00:55+00:00","article_modified_time":"2024-10-16T21:02:05+00:00","og_image":[{"width":800,"height":533,"url":"https:\/\/www.nexoinformativo.mx\/wp-content\/uploads\/2024\/10\/PHOTO-2024-10-16-13-58-18-1-e1729112355259.jpg","type":"image\/jpeg"}],"author":"Nexo Informativo","twitter_card":"summary_large_image","twitter_misc":{"Escrito por":"Nexo Informativo","Tiempo de lectura":"1 minuto"},"schema":{"@context":"https:\/\/schema.org","@graph":[{"@type":"Article","@id":"https:\/\/www.nexoinformativo.mx\/index.php\/2024\/10\/16\/buscaran-renovar-convenio-para-garantizar-abasto-de-agua-en-queretaro\/#article","isPartOf":{"@id":"https:\/\/www.nexoinformativo.mx\/index.php\/2024\/10\/16\/buscaran-renovar-convenio-para-garantizar-abasto-de-agua-en-queretaro\/"},"author":{"name":"Nexo Informativo","@id":"https:\/\/www.nexoinformativo.mx\/#\/schema\/person\/7749d380ba08c8ca00d7bc76fd907b7d"},"headline":"Buscar\u00e1n renovar convenio para garantizar abasto de agua en Quer\u00e9taro","datePublished":"2024-10-16T20:00:55+00:00","dateModified":"2024-10-16T21:02:05+00:00","mainEntityOfPage":{"@id":"https:\/\/www.nexoinformativo.mx\/index.php\/2024\/10\/16\/buscaran-renovar-convenio-para-garantizar-abasto-de-agua-en-queretaro\/"},"wordCount":163,"commentCount":0,"publisher":{"@id":"https:\/\/www.nexoinformativo.mx\/#organization"},"image":{"@id":"https:\/\/www.nexoinformativo.mx\/index.php\/2024\/10\/16\/buscaran-renovar-convenio-para-garantizar-abasto-de-agua-en-queretaro\/#primaryimage"},"thumbnailUrl":"https:\/\/www.nexoinformativo.mx\/wp-content\/uploads\/2024\/10\/PHOTO-2024-10-16-13-58-18-1-e1729112355259.jpg","keywords":["Abasto","AguaQuer\u00e9taro","ProyectoCEA","Reajuste","salarial"],"articleSection":["Estado","\u00daltima Hora"],"inLanguage":"es","potentialAction":[{"@type":"CommentAction","name":"Comment","target":["https:\/\/www.nexoinformativo.mx\/index.php\/2024\/10\/16\/buscaran-renovar-convenio-para-garantizar-abasto-de-agua-en-queretaro\/#respond"]}]},{"@type":"WebPage","@id":"https:\/\/www.nexoinformativo.mx\/index.php\/2024\/10\/16\/buscaran-renovar-convenio-para-garantizar-abasto-de-agua-en-queretaro\/","url":"https:\/\/www.nexoinformativo.mx\/index.php\/2024\/10\/16\/buscaran-renovar-convenio-para-garantizar-abasto-de-agua-en-queretaro\/","name":"Buscar\u00e1n renovar convenio para garantizar abasto de agua en Quer\u00e9taro | Nexo Informativo Santiago de Quer\u00e9taro","isPartOf":{"@id":"https:\/\/www.nexoinformativo.mx\/#website"},"primaryImageOfPage":{"@id":"https:\/\/www.nexoinformativo.mx\/index.php\/2024\/10\/16\/buscaran-renovar-convenio-para-garantizar-abasto-de-agua-en-queretaro\/#primaryimage"},"image":{"@id":"https:\/\/www.nexoinformativo.mx\/index.php\/2024\/10\/16\/buscaran-renovar-convenio-para-garantizar-abasto-de-agua-en-queretaro\/#primaryimage"},"thumbnailUrl":"https:\/\/www.nexoinformativo.mx\/wp-content\/uploads\/2024\/10\/PHOTO-2024-10-16-13-58-18-1-e1729112355259.jpg","datePublished":"2024-10-16T20:00:55+00:00","dateModified":"2024-10-16T21:02:05+00:00","breadcrumb":{"@id":"https:\/\/www.nexoinformativo.mx\/index.php\/2024\/10\/16\/buscaran-renovar-convenio-para-garantizar-abasto-de-agua-en-queretaro\/#breadcrumb"},"inLanguage":"es","potentialAction":[{"@type":"ReadAction","target":["https:\/\/www.nexoinformativo.mx\/index.php\/2024\/10\/16\/buscaran-renovar-convenio-para-garantizar-abasto-de-agua-en-queretaro\/"]}]},{"@type":"ImageObject","inLanguage":"es","@id":"https:\/\/www.nexoinformativo.mx\/index.php\/2024\/10\/16\/buscaran-renovar-convenio-para-garantizar-abasto-de-agua-en-queretaro\/#primaryimage","url":"https:\/\/www.nexoinformativo.mx\/wp-content\/uploads\/2024\/10\/PHOTO-2024-10-16-13-58-18-1-e1729112355259.jpg","contentUrl":"https:\/\/www.nexoinformativo.mx\/wp-content\/uploads\/2024\/10\/PHOTO-2024-10-16-13-58-18-1-e1729112355259.jpg","width":800,"height":533},{"@type":"BreadcrumbList","@id":"https:\/\/www.nexoinformativo.mx\/index.php\/2024\/10\/16\/buscaran-renovar-convenio-para-garantizar-abasto-de-agua-en-queretaro\/#breadcrumb","itemListElement":[{"@type":"ListItem","position":1,"name":"Inicio","item":"https:\/\/www.nexoinformativo.mx\/"},{"@type":"ListItem","position":2,"name":"Buscar\u00e1n renovar convenio para garantizar abasto de agua en Quer\u00e9taro"}]},{"@type":"WebSite","@id":"https:\/\/www.nexoinformativo.mx\/#website","url":"https:\/\/www.nexoinformativo.mx\/","name":"Nexo Informativo Santiago de Quer\u00e9taro","description":"Explora NexoInformativo y convi\u00e9rtete en parte de una comunidad que valora el conocimiento y la verdad. Tu nexoinformativo es tu puente hacia una comprensi\u00f3n m\u00e1s profunda del mundo que te rodea.","publisher":{"@id":"https:\/\/www.nexoinformativo.mx\/#organization"},"potentialAction":[{"@type":"SearchAction","target":{"@type":"EntryPoint","urlTemplate":"https:\/\/www.nexoinformativo.mx\/?s={search_term_string}"},"query-input":{"@type":"PropertyValueSpecification","valueRequired":true,"valueName":"search_term_string"}}],"inLanguage":"es"},{"@type":"Organization","@id":"https:\/\/www.nexoinformativo.mx\/#organization","name":"Nexo Informativo Santiago de Quer\u00e9taro","url":"https:\/\/www.nexoinformativo.mx\/","logo":{"@type":"ImageObject","inLanguage":"es","@id":"https:\/\/www.nexoinformativo.mx\/#\/schema\/logo\/image\/","url":"https:\/\/www.nexoinformativo.mx\/wp-content\/uploads\/2024\/07\/nexoi-trasparente-2.png","contentUrl":"https:\/\/www.nexoinformativo.mx\/wp-content\/uploads\/2024\/07\/nexoi-trasparente-2.png","width":816,"height":339,"caption":"Nexo Informativo Santiago de Quer\u00e9taro"},"image":{"@id":"https:\/\/www.nexoinformativo.mx\/#\/schema\/logo\/image\/"},"sameAs":["https:\/\/www.facebook.com\/people\/Nexo-Informativo\/61564066885511\/"]},{"@type":"Person","@id":"https:\/\/www.nexoinformativo.mx\/#\/schema\/person\/7749d380ba08c8ca00d7bc76fd907b7d","name":"Nexo Informativo","image":{"@type":"ImageObject","inLanguage":"es","@id":"https:\/\/www.nexoinformativo.mx\/#\/schema\/person\/image\/","url":"https:\/\/secure.gravatar.com\/avatar\/dde2928154642a13d95f87ddf1ea9718fe2b46760a005c53e41ff5ad610704e6?s=96&d=mm&r=g","contentUrl":"https:\/\/secure.gravatar.com\/avatar\/dde2928154642a13d95f87ddf1ea9718fe2b46760a005c53e41ff5ad610704e6?s=96&d=mm&r=g","caption":"Nexo Informativo"},"url":"https:\/\/www.nexoinformativo.mx\/index.php\/author\/edicion\/"}]}},"_links":{"self":[{"href":"https:\/\/www.nexoinformativo.mx\/index.php\/wp-json\/wp\/v2\/posts\/3583","targetHints":{"allow":["GET"]}}],"collection":[{"href":"https:\/\/www.nexoinformativo.mx\/index.php\/wp-json\/wp\/v2\/posts"}],"about":[{"href":"https:\/\/www.nexoinformativo.mx\/index.php\/wp-json\/wp\/v2\/types\/post"}],"author":[{"embeddable":true,"href":"https:\/\/www.nexoinformativo.mx\/index.php\/wp-json\/wp\/v2\/users\/3"}],"replies":[{"embeddable":true,"href":"https:\/\/www.nexoinformativo.mx\/index.php\/wp-json\/wp\/v2\/comments?post=3583"}],"version-history":[{"count":5,"href":"https:\/\/www.nexoinformativo.mx\/index.php\/wp-json\/wp\/v2\/posts\/3583\/revisions"}],"predecessor-version":[{"id":3586,"href":"https:\/\/www.nexoinformativo.mx\/index.php\/wp-json\/wp\/v2\/posts\/3583\/revisions\/3586"}],"wp:featuredmedia":[{"embeddable":true,"href":"https:\/\/www.nexoinformativo.mx\/index.php\/wp-json\/wp\/v2\/media\/3584"}],"wp:attachment":[{"href":"https:\/\/www.nexoinformativo.mx\/index.php\/wp-json\/wp\/v2\/media?parent=3583"}],"wp:term":[{"taxonomy":"category","embeddable":true,"href":"https:\/\/www.nexoinformativo.mx\/index.php\/wp-json\/wp\/v2\/categories?post=3583"},{"taxonomy":"post_tag","embeddable":true,"href":"https:\/\/www.nexoinformativo.mx\/index.php\/wp-json\/wp\/v2\/tags?post=3583"}],"curies":[{"name":"wp","href":"https:\/\/api.w.org\/{rel}","templated":true}]}}