{"id":3629,"date":"2024-10-17T07:00:36","date_gmt":"2024-10-17T13:00:36","guid":{"rendered":"https:\/\/www.nexoinformativo.mx\/?p=3629"},"modified":"2024-10-17T09:36:02","modified_gmt":"2024-10-17T15:36:02","slug":"felifer-macias-nombra-a-federico-guillermo-de-los-cobos-como-nuevo-secretario-general-de-gobierno","status":"publish","type":"post","link":"https:\/\/www.nexoinformativo.mx\/index.php\/2024\/10\/17\/felifer-macias-nombra-a-federico-guillermo-de-los-cobos-como-nuevo-secretario-general-de-gobierno\/","title":{"rendered":"Felifer Mac\u00edas nombra a Federico Guillermo De Los Cobos como nuevo Secretario General de Gobierno"},"content":{"rendered":"<p style=\"text-align: justify;\">El presidente municipal de Quer\u00e9taro, Felifer Mac\u00edas, anunci\u00f3 el nombramiento de Federico Guillermo De Los Cobos y Vega como nuevo Secretario General de Gobierno. Federico asume el cargo en sustituci\u00f3n de Mart\u00edn Arango, quien se retira para atender asuntos personales.<\/p>\n<p>&nbsp;<\/p>\n<p style=\"text-align: justify;\">El alcalde agradeci\u00f3 a Arango por su dedicaci\u00f3n y trabajo, dese\u00e1ndole \u00e9xito en sus futuros proyectos. Federico De Los Cobos es licenciado en Administraci\u00f3n y Negocios Internacionales por la Houston Baptist University, en Texas, y cuenta con una s\u00f3lida trayectoria en la administraci\u00f3n p\u00fablica.<\/p>\n<p>&nbsp;<\/p>\n<p style=\"text-align: justify;\">Entre sus cargos destacan su reciente cargo como Subsecretario de Gobierno del Estado de Quer\u00e9taro y su experiencia como Director de Gobierno y Consejero T\u00e9cnico en diversos per\u00edodos. Felifer Mac\u00edas encomend\u00f3 al nuevo secretario la tarea de reforzar la seguridad, el orden y la coordinaci\u00f3n interinstitucional en el municipio.<\/p>\n<p>&nbsp;<\/p>\n<p style=\"text-align: justify;\">Asimismo, le inst\u00f3 a mantener una administraci\u00f3n cercana a los ciudadanos, priorizando las pol\u00edticas p\u00fablicas que benefician a la comunidad queretana.<\/p>\n<p>&nbsp;<\/p>\n<p style=\"text-align: center;\"><em><strong>\u00a1Informaci\u00f3n que transforma!<\/strong><\/em><\/p>\n","protected":false},"excerpt":{"rendered":"<p>Felifer Mac\u00edas nombra a Federico Guillermo De Los Cobos como nuevo Secretario General de Gobierno.<\/p>\n","protected":false},"author":3,"featured_media":3630,"comment_status":"open","ping_status":"open","sticky":false,"template":"","format":"standard","meta":{"footnotes":""},"categories":[65,58],"tags":[1406,1407,1405,242],"class_list":["post-3629","post","type-post","status-publish","format-standard","has-post-thumbnail","hentry","category-municipios","category-ultima-hora","tag-administracionpublica","tag-gobiernocercano","tag-nuevosecretario","tag-queretaroseguro"],"yoast_head":"<!-- This site is optimized with the Yoast SEO plugin v25.0 - https:\/\/yoast.com\/wordpress\/plugins\/seo\/ -->\n<title>Felifer Mac\u00edas nombra a Federico Guillermo De Los Cobos como nuevo Secretario General de Gobierno | Nexo Informativo Santiago de Quer\u00e9taro<\/title>\n<meta name=\"description\" content=\"El presidente municipal de Quer\u00e9taro, Felifer Mac\u00edas, anunci\u00f3 el nombramiento de Federico Guillermo De Los Cobos y Vega como nuevo Secretario General de Gobierno.\" \/>\n<meta name=\"robots\" content=\"index, follow, max-snippet:-1, max-image-preview:large, max-video-preview:-1\" \/>\n<link rel=\"canonical\" href=\"https:\/\/www.nexoinformativo.mx\/index.php\/2024\/10\/17\/felifer-macias-nombra-a-federico-guillermo-de-los-cobos-como-nuevo-secretario-general-de-gobierno\/\" \/>\n<meta property=\"og:locale\" content=\"es_MX\" \/>\n<meta property=\"og:type\" content=\"article\" \/>\n<meta property=\"og:title\" content=\"Felifer Mac\u00edas nombra a Federico Guillermo De Los Cobos como nuevo Secretario General de Gobierno | Nexo Informativo Santiago de Quer\u00e9taro\" \/>\n<meta property=\"og:description\" content=\"El presidente municipal de Quer\u00e9taro, Felifer Mac\u00edas, anunci\u00f3 el nombramiento de Federico Guillermo De Los Cobos y Vega como nuevo Secretario General de Gobierno.\" \/>\n<meta property=\"og:url\" content=\"https:\/\/www.nexoinformativo.mx\/index.php\/2024\/10\/17\/felifer-macias-nombra-a-federico-guillermo-de-los-cobos-como-nuevo-secretario-general-de-gobierno\/\" \/>\n<meta property=\"og:site_name\" content=\"Nexo Informativo Santiago de Quer\u00e9taro\" \/>\n<meta property=\"article:publisher\" content=\"https:\/\/www.facebook.com\/people\/Nexo-Informativo\/61564066885511\/\" \/>\n<meta property=\"article:published_time\" content=\"2024-10-17T13:00:36+00:00\" \/>\n<meta property=\"article:modified_time\" content=\"2024-10-17T15:36:02+00:00\" \/>\n<meta property=\"og:image\" content=\"https:\/\/www.nexoinformativo.mx\/wp-content\/uploads\/2024\/10\/PHOTO-2024-10-16-17-39-30-e1729179288687.jpg\" \/>\n\t<meta property=\"og:image:width\" content=\"800\" \/>\n\t<meta property=\"og:image:height\" content=\"533\" \/>\n\t<meta property=\"og:image:type\" content=\"image\/jpeg\" \/>\n<meta name=\"author\" content=\"Nexo Informativo\" \/>\n<meta name=\"twitter:card\" content=\"summary_large_image\" \/>\n<meta name=\"twitter:label1\" content=\"Escrito por\" \/>\n\t<meta name=\"twitter:data1\" content=\"Nexo Informativo\" \/>\n\t<meta name=\"twitter:label2\" content=\"Tiempo de lectura\" \/>\n\t<meta name=\"twitter:data2\" content=\"1 minuto\" \/>\n<script type=\"application\/ld+json\" class=\"yoast-schema-graph\">{\"@context\":\"https:\/\/schema.org\",\"@graph\":[{\"@type\":\"Article\",\"@id\":\"https:\/\/www.nexoinformativo.mx\/index.php\/2024\/10\/17\/felifer-macias-nombra-a-federico-guillermo-de-los-cobos-como-nuevo-secretario-general-de-gobierno\/#article\",\"isPartOf\":{\"@id\":\"https:\/\/www.nexoinformativo.mx\/index.php\/2024\/10\/17\/felifer-macias-nombra-a-federico-guillermo-de-los-cobos-como-nuevo-secretario-general-de-gobierno\/\"},\"author\":{\"name\":\"Nexo Informativo\",\"@id\":\"https:\/\/www.nexoinformativo.mx\/#\/schema\/person\/7749d380ba08c8ca00d7bc76fd907b7d\"},\"headline\":\"Felifer Mac\u00edas nombra a Federico Guillermo De Los Cobos como nuevo Secretario General de Gobierno\",\"datePublished\":\"2024-10-17T13:00:36+00:00\",\"dateModified\":\"2024-10-17T15:36:02+00:00\",\"mainEntityOfPage\":{\"@id\":\"https:\/\/www.nexoinformativo.mx\/index.php\/2024\/10\/17\/felifer-macias-nombra-a-federico-guillermo-de-los-cobos-como-nuevo-secretario-general-de-gobierno\/\"},\"wordCount\":196,\"commentCount\":0,\"publisher\":{\"@id\":\"https:\/\/www.nexoinformativo.mx\/#organization\"},\"image\":{\"@id\":\"https:\/\/www.nexoinformativo.mx\/index.php\/2024\/10\/17\/felifer-macias-nombra-a-federico-guillermo-de-los-cobos-como-nuevo-secretario-general-de-gobierno\/#primaryimage\"},\"thumbnailUrl\":\"https:\/\/www.nexoinformativo.mx\/wp-content\/uploads\/2024\/10\/PHOTO-2024-10-16-17-39-30-e1729179288687.jpg\",\"keywords\":[\"Administraci\u00f3nP\u00fablica\",\"GobiernoCercano\",\"NuevoSecretario\",\"QueretaroSeguro\"],\"articleSection\":[\"Municipios\",\"\u00daltima Hora\"],\"inLanguage\":\"es\",\"potentialAction\":[{\"@type\":\"CommentAction\",\"name\":\"Comment\",\"target\":[\"https:\/\/www.nexoinformativo.mx\/index.php\/2024\/10\/17\/felifer-macias-nombra-a-federico-guillermo-de-los-cobos-como-nuevo-secretario-general-de-gobierno\/#respond\"]}]},{\"@type\":\"WebPage\",\"@id\":\"https:\/\/www.nexoinformativo.mx\/index.php\/2024\/10\/17\/felifer-macias-nombra-a-federico-guillermo-de-los-cobos-como-nuevo-secretario-general-de-gobierno\/\",\"url\":\"https:\/\/www.nexoinformativo.mx\/index.php\/2024\/10\/17\/felifer-macias-nombra-a-federico-guillermo-de-los-cobos-como-nuevo-secretario-general-de-gobierno\/\",\"name\":\"Felifer Mac\u00edas nombra a Federico Guillermo De Los Cobos como nuevo Secretario General de Gobierno | Nexo Informativo Santiago de Quer\u00e9taro\",\"isPartOf\":{\"@id\":\"https:\/\/www.nexoinformativo.mx\/#website\"},\"primaryImageOfPage\":{\"@id\":\"https:\/\/www.nexoinformativo.mx\/index.php\/2024\/10\/17\/felifer-macias-nombra-a-federico-guillermo-de-los-cobos-como-nuevo-secretario-general-de-gobierno\/#primaryimage\"},\"image\":{\"@id\":\"https:\/\/www.nexoinformativo.mx\/index.php\/2024\/10\/17\/felifer-macias-nombra-a-federico-guillermo-de-los-cobos-como-nuevo-secretario-general-de-gobierno\/#primaryimage\"},\"thumbnailUrl\":\"https:\/\/www.nexoinformativo.mx\/wp-content\/uploads\/2024\/10\/PHOTO-2024-10-16-17-39-30-e1729179288687.jpg\",\"datePublished\":\"2024-10-17T13:00:36+00:00\",\"dateModified\":\"2024-10-17T15:36:02+00:00\",\"description\":\"El presidente municipal de Quer\u00e9taro, Felifer Mac\u00edas, anunci\u00f3 el nombramiento de Federico Guillermo De Los Cobos y Vega como nuevo Secretario General de Gobierno.\",\"breadcrumb\":{\"@id\":\"https:\/\/www.nexoinformativo.mx\/index.php\/2024\/10\/17\/felifer-macias-nombra-a-federico-guillermo-de-los-cobos-como-nuevo-secretario-general-de-gobierno\/#breadcrumb\"},\"inLanguage\":\"es\",\"potentialAction\":[{\"@type\":\"ReadAction\",\"target\":[\"https:\/\/www.nexoinformativo.mx\/index.php\/2024\/10\/17\/felifer-macias-nombra-a-federico-guillermo-de-los-cobos-como-nuevo-secretario-general-de-gobierno\/\"]}]},{\"@type\":\"ImageObject\",\"inLanguage\":\"es\",\"@id\":\"https:\/\/www.nexoinformativo.mx\/index.php\/2024\/10\/17\/felifer-macias-nombra-a-federico-guillermo-de-los-cobos-como-nuevo-secretario-general-de-gobierno\/#primaryimage\",\"url\":\"https:\/\/www.nexoinformativo.mx\/wp-content\/uploads\/2024\/10\/PHOTO-2024-10-16-17-39-30-e1729179288687.jpg\",\"contentUrl\":\"https:\/\/www.nexoinformativo.mx\/wp-content\/uploads\/2024\/10\/PHOTO-2024-10-16-17-39-30-e1729179288687.jpg\",\"width\":800,\"height\":533},{\"@type\":\"BreadcrumbList\",\"@id\":\"https:\/\/www.nexoinformativo.mx\/index.php\/2024\/10\/17\/felifer-macias-nombra-a-federico-guillermo-de-los-cobos-como-nuevo-secretario-general-de-gobierno\/#breadcrumb\",\"itemListElement\":[{\"@type\":\"ListItem\",\"position\":1,\"name\":\"Inicio\",\"item\":\"https:\/\/www.nexoinformativo.mx\/\"},{\"@type\":\"ListItem\",\"position\":2,\"name\":\"Felifer Mac\u00edas nombra a Federico Guillermo De Los Cobos como nuevo Secretario General de Gobierno\"}]},{\"@type\":\"WebSite\",\"@id\":\"https:\/\/www.nexoinformativo.mx\/#website\",\"url\":\"https:\/\/www.nexoinformativo.mx\/\",\"name\":\"Nexo Informativo Santiago de Quer\u00e9taro\",\"description\":\"Explora NexoInformativo y convi\u00e9rtete en parte de una comunidad que valora el conocimiento y la verdad. Tu nexoinformativo es tu puente hacia una comprensi\u00f3n m\u00e1s profunda del mundo que te rodea.\",\"publisher\":{\"@id\":\"https:\/\/www.nexoinformativo.mx\/#organization\"},\"potentialAction\":[{\"@type\":\"SearchAction\",\"target\":{\"@type\":\"EntryPoint\",\"urlTemplate\":\"https:\/\/www.nexoinformativo.mx\/?s={search_term_string}\"},\"query-input\":{\"@type\":\"PropertyValueSpecification\",\"valueRequired\":true,\"valueName\":\"search_term_string\"}}],\"inLanguage\":\"es\"},{\"@type\":\"Organization\",\"@id\":\"https:\/\/www.nexoinformativo.mx\/#organization\",\"name\":\"Nexo Informativo Santiago de Quer\u00e9taro\",\"url\":\"https:\/\/www.nexoinformativo.mx\/\",\"logo\":{\"@type\":\"ImageObject\",\"inLanguage\":\"es\",\"@id\":\"https:\/\/www.nexoinformativo.mx\/#\/schema\/logo\/image\/\",\"url\":\"https:\/\/www.nexoinformativo.mx\/wp-content\/uploads\/2024\/07\/nexoi-trasparente-2.png\",\"contentUrl\":\"https:\/\/www.nexoinformativo.mx\/wp-content\/uploads\/2024\/07\/nexoi-trasparente-2.png\",\"width\":816,\"height\":339,\"caption\":\"Nexo Informativo Santiago de Quer\u00e9taro\"},\"image\":{\"@id\":\"https:\/\/www.nexoinformativo.mx\/#\/schema\/logo\/image\/\"},\"sameAs\":[\"https:\/\/www.facebook.com\/people\/Nexo-Informativo\/61564066885511\/\"]},{\"@type\":\"Person\",\"@id\":\"https:\/\/www.nexoinformativo.mx\/#\/schema\/person\/7749d380ba08c8ca00d7bc76fd907b7d\",\"name\":\"Nexo Informativo\",\"image\":{\"@type\":\"ImageObject\",\"inLanguage\":\"es\",\"@id\":\"https:\/\/www.nexoinformativo.mx\/#\/schema\/person\/image\/\",\"url\":\"https:\/\/secure.gravatar.com\/avatar\/dde2928154642a13d95f87ddf1ea9718fe2b46760a005c53e41ff5ad610704e6?s=96&d=mm&r=g\",\"contentUrl\":\"https:\/\/secure.gravatar.com\/avatar\/dde2928154642a13d95f87ddf1ea9718fe2b46760a005c53e41ff5ad610704e6?s=96&d=mm&r=g\",\"caption\":\"Nexo Informativo\"},\"url\":\"https:\/\/www.nexoinformativo.mx\/index.php\/author\/edicion\/\"}]}<\/script>\n<!-- \/ Yoast SEO plugin. -->","yoast_head_json":{"title":"Felifer Mac\u00edas nombra a Federico Guillermo De Los Cobos como nuevo Secretario General de Gobierno | Nexo Informativo Santiago de Quer\u00e9taro","description":"El presidente municipal de Quer\u00e9taro, Felifer Mac\u00edas, anunci\u00f3 el nombramiento de Federico Guillermo De Los Cobos y Vega como nuevo Secretario General de Gobierno.","robots":{"index":"index","follow":"follow","max-snippet":"max-snippet:-1","max-image-preview":"max-image-preview:large","max-video-preview":"max-video-preview:-1"},"canonical":"https:\/\/www.nexoinformativo.mx\/index.php\/2024\/10\/17\/felifer-macias-nombra-a-federico-guillermo-de-los-cobos-como-nuevo-secretario-general-de-gobierno\/","og_locale":"es_MX","og_type":"article","og_title":"Felifer Mac\u00edas nombra a Federico Guillermo De Los Cobos como nuevo Secretario General de Gobierno | Nexo Informativo Santiago de Quer\u00e9taro","og_description":"El presidente municipal de Quer\u00e9taro, Felifer Mac\u00edas, anunci\u00f3 el nombramiento de Federico Guillermo De Los Cobos y Vega como nuevo Secretario General de Gobierno.","og_url":"https:\/\/www.nexoinformativo.mx\/index.php\/2024\/10\/17\/felifer-macias-nombra-a-federico-guillermo-de-los-cobos-como-nuevo-secretario-general-de-gobierno\/","og_site_name":"Nexo Informativo Santiago de Quer\u00e9taro","article_publisher":"https:\/\/www.facebook.com\/people\/Nexo-Informativo\/61564066885511\/","article_published_time":"2024-10-17T13:00:36+00:00","article_modified_time":"2024-10-17T15:36:02+00:00","og_image":[{"width":800,"height":533,"url":"https:\/\/www.nexoinformativo.mx\/wp-content\/uploads\/2024\/10\/PHOTO-2024-10-16-17-39-30-e1729179288687.jpg","type":"image\/jpeg"}],"author":"Nexo Informativo","twitter_card":"summary_large_image","twitter_misc":{"Escrito por":"Nexo Informativo","Tiempo de lectura":"1 minuto"},"schema":{"@context":"https:\/\/schema.org","@graph":[{"@type":"Article","@id":"https:\/\/www.nexoinformativo.mx\/index.php\/2024\/10\/17\/felifer-macias-nombra-a-federico-guillermo-de-los-cobos-como-nuevo-secretario-general-de-gobierno\/#article","isPartOf":{"@id":"https:\/\/www.nexoinformativo.mx\/index.php\/2024\/10\/17\/felifer-macias-nombra-a-federico-guillermo-de-los-cobos-como-nuevo-secretario-general-de-gobierno\/"},"author":{"name":"Nexo Informativo","@id":"https:\/\/www.nexoinformativo.mx\/#\/schema\/person\/7749d380ba08c8ca00d7bc76fd907b7d"},"headline":"Felifer Mac\u00edas nombra a Federico Guillermo De Los Cobos como nuevo Secretario General de Gobierno","datePublished":"2024-10-17T13:00:36+00:00","dateModified":"2024-10-17T15:36:02+00:00","mainEntityOfPage":{"@id":"https:\/\/www.nexoinformativo.mx\/index.php\/2024\/10\/17\/felifer-macias-nombra-a-federico-guillermo-de-los-cobos-como-nuevo-secretario-general-de-gobierno\/"},"wordCount":196,"commentCount":0,"publisher":{"@id":"https:\/\/www.nexoinformativo.mx\/#organization"},"image":{"@id":"https:\/\/www.nexoinformativo.mx\/index.php\/2024\/10\/17\/felifer-macias-nombra-a-federico-guillermo-de-los-cobos-como-nuevo-secretario-general-de-gobierno\/#primaryimage"},"thumbnailUrl":"https:\/\/www.nexoinformativo.mx\/wp-content\/uploads\/2024\/10\/PHOTO-2024-10-16-17-39-30-e1729179288687.jpg","keywords":["Administraci\u00f3nP\u00fablica","GobiernoCercano","NuevoSecretario","QueretaroSeguro"],"articleSection":["Municipios","\u00daltima Hora"],"inLanguage":"es","potentialAction":[{"@type":"CommentAction","name":"Comment","target":["https:\/\/www.nexoinformativo.mx\/index.php\/2024\/10\/17\/felifer-macias-nombra-a-federico-guillermo-de-los-cobos-como-nuevo-secretario-general-de-gobierno\/#respond"]}]},{"@type":"WebPage","@id":"https:\/\/www.nexoinformativo.mx\/index.php\/2024\/10\/17\/felifer-macias-nombra-a-federico-guillermo-de-los-cobos-como-nuevo-secretario-general-de-gobierno\/","url":"https:\/\/www.nexoinformativo.mx\/index.php\/2024\/10\/17\/felifer-macias-nombra-a-federico-guillermo-de-los-cobos-como-nuevo-secretario-general-de-gobierno\/","name":"Felifer Mac\u00edas nombra a Federico Guillermo De Los Cobos como nuevo Secretario General de Gobierno | Nexo Informativo Santiago de Quer\u00e9taro","isPartOf":{"@id":"https:\/\/www.nexoinformativo.mx\/#website"},"primaryImageOfPage":{"@id":"https:\/\/www.nexoinformativo.mx\/index.php\/2024\/10\/17\/felifer-macias-nombra-a-federico-guillermo-de-los-cobos-como-nuevo-secretario-general-de-gobierno\/#primaryimage"},"image":{"@id":"https:\/\/www.nexoinformativo.mx\/index.php\/2024\/10\/17\/felifer-macias-nombra-a-federico-guillermo-de-los-cobos-como-nuevo-secretario-general-de-gobierno\/#primaryimage"},"thumbnailUrl":"https:\/\/www.nexoinformativo.mx\/wp-content\/uploads\/2024\/10\/PHOTO-2024-10-16-17-39-30-e1729179288687.jpg","datePublished":"2024-10-17T13:00:36+00:00","dateModified":"2024-10-17T15:36:02+00:00","description":"El presidente municipal de Quer\u00e9taro, Felifer Mac\u00edas, anunci\u00f3 el nombramiento de Federico Guillermo De Los Cobos y Vega como nuevo Secretario General de Gobierno.","breadcrumb":{"@id":"https:\/\/www.nexoinformativo.mx\/index.php\/2024\/10\/17\/felifer-macias-nombra-a-federico-guillermo-de-los-cobos-como-nuevo-secretario-general-de-gobierno\/#breadcrumb"},"inLanguage":"es","potentialAction":[{"@type":"ReadAction","target":["https:\/\/www.nexoinformativo.mx\/index.php\/2024\/10\/17\/felifer-macias-nombra-a-federico-guillermo-de-los-cobos-como-nuevo-secretario-general-de-gobierno\/"]}]},{"@type":"ImageObject","inLanguage":"es","@id":"https:\/\/www.nexoinformativo.mx\/index.php\/2024\/10\/17\/felifer-macias-nombra-a-federico-guillermo-de-los-cobos-como-nuevo-secretario-general-de-gobierno\/#primaryimage","url":"https:\/\/www.nexoinformativo.mx\/wp-content\/uploads\/2024\/10\/PHOTO-2024-10-16-17-39-30-e1729179288687.jpg","contentUrl":"https:\/\/www.nexoinformativo.mx\/wp-content\/uploads\/2024\/10\/PHOTO-2024-10-16-17-39-30-e1729179288687.jpg","width":800,"height":533},{"@type":"BreadcrumbList","@id":"https:\/\/www.nexoinformativo.mx\/index.php\/2024\/10\/17\/felifer-macias-nombra-a-federico-guillermo-de-los-cobos-como-nuevo-secretario-general-de-gobierno\/#breadcrumb","itemListElement":[{"@type":"ListItem","position":1,"name":"Inicio","item":"https:\/\/www.nexoinformativo.mx\/"},{"@type":"ListItem","position":2,"name":"Felifer Mac\u00edas nombra a Federico Guillermo De Los Cobos como nuevo Secretario General de Gobierno"}]},{"@type":"WebSite","@id":"https:\/\/www.nexoinformativo.mx\/#website","url":"https:\/\/www.nexoinformativo.mx\/","name":"Nexo Informativo Santiago de Quer\u00e9taro","description":"Explora NexoInformativo y convi\u00e9rtete en parte de una comunidad que valora el conocimiento y la verdad. Tu nexoinformativo es tu puente hacia una comprensi\u00f3n m\u00e1s profunda del mundo que te rodea.","publisher":{"@id":"https:\/\/www.nexoinformativo.mx\/#organization"},"potentialAction":[{"@type":"SearchAction","target":{"@type":"EntryPoint","urlTemplate":"https:\/\/www.nexoinformativo.mx\/?s={search_term_string}"},"query-input":{"@type":"PropertyValueSpecification","valueRequired":true,"valueName":"search_term_string"}}],"inLanguage":"es"},{"@type":"Organization","@id":"https:\/\/www.nexoinformativo.mx\/#organization","name":"Nexo Informativo Santiago de Quer\u00e9taro","url":"https:\/\/www.nexoinformativo.mx\/","logo":{"@type":"ImageObject","inLanguage":"es","@id":"https:\/\/www.nexoinformativo.mx\/#\/schema\/logo\/image\/","url":"https:\/\/www.nexoinformativo.mx\/wp-content\/uploads\/2024\/07\/nexoi-trasparente-2.png","contentUrl":"https:\/\/www.nexoinformativo.mx\/wp-content\/uploads\/2024\/07\/nexoi-trasparente-2.png","width":816,"height":339,"caption":"Nexo Informativo Santiago de Quer\u00e9taro"},"image":{"@id":"https:\/\/www.nexoinformativo.mx\/#\/schema\/logo\/image\/"},"sameAs":["https:\/\/www.facebook.com\/people\/Nexo-Informativo\/61564066885511\/"]},{"@type":"Person","@id":"https:\/\/www.nexoinformativo.mx\/#\/schema\/person\/7749d380ba08c8ca00d7bc76fd907b7d","name":"Nexo Informativo","image":{"@type":"ImageObject","inLanguage":"es","@id":"https:\/\/www.nexoinformativo.mx\/#\/schema\/person\/image\/","url":"https:\/\/secure.gravatar.com\/avatar\/dde2928154642a13d95f87ddf1ea9718fe2b46760a005c53e41ff5ad610704e6?s=96&d=mm&r=g","contentUrl":"https:\/\/secure.gravatar.com\/avatar\/dde2928154642a13d95f87ddf1ea9718fe2b46760a005c53e41ff5ad610704e6?s=96&d=mm&r=g","caption":"Nexo Informativo"},"url":"https:\/\/www.nexoinformativo.mx\/index.php\/author\/edicion\/"}]}},"_links":{"self":[{"href":"https:\/\/www.nexoinformativo.mx\/index.php\/wp-json\/wp\/v2\/posts\/3629","targetHints":{"allow":["GET"]}}],"collection":[{"href":"https:\/\/www.nexoinformativo.mx\/index.php\/wp-json\/wp\/v2\/posts"}],"about":[{"href":"https:\/\/www.nexoinformativo.mx\/index.php\/wp-json\/wp\/v2\/types\/post"}],"author":[{"embeddable":true,"href":"https:\/\/www.nexoinformativo.mx\/index.php\/wp-json\/wp\/v2\/users\/3"}],"replies":[{"embeddable":true,"href":"https:\/\/www.nexoinformativo.mx\/index.php\/wp-json\/wp\/v2\/comments?post=3629"}],"version-history":[{"count":4,"href":"https:\/\/www.nexoinformativo.mx\/index.php\/wp-json\/wp\/v2\/posts\/3629\/revisions"}],"predecessor-version":[{"id":3632,"href":"https:\/\/www.nexoinformativo.mx\/index.php\/wp-json\/wp\/v2\/posts\/3629\/revisions\/3632"}],"wp:featuredmedia":[{"embeddable":true,"href":"https:\/\/www.nexoinformativo.mx\/index.php\/wp-json\/wp\/v2\/media\/3630"}],"wp:attachment":[{"href":"https:\/\/www.nexoinformativo.mx\/index.php\/wp-json\/wp\/v2\/media?parent=3629"}],"wp:term":[{"taxonomy":"category","embeddable":true,"href":"https:\/\/www.nexoinformativo.mx\/index.php\/wp-json\/wp\/v2\/categories?post=3629"},{"taxonomy":"post_tag","embeddable":true,"href":"https:\/\/www.nexoinformativo.mx\/index.php\/wp-json\/wp\/v2\/tags?post=3629"}],"curies":[{"name":"wp","href":"https:\/\/api.w.org\/{rel}","templated":true}]}}