{"id":3660,"date":"2024-10-17T10:00:06","date_gmt":"2024-10-17T16:00:06","guid":{"rendered":"https:\/\/www.nexoinformativo.mx\/?p=3660"},"modified":"2024-10-17T13:02:11","modified_gmt":"2024-10-17T19:02:11","slug":"bienestar-abre-convocatoria-para-contratar-personal-medico-y-de-enfermeria-en-el-programa-salud-casa-por-casa","status":"publish","type":"post","link":"https:\/\/www.nexoinformativo.mx\/index.php\/2024\/10\/17\/bienestar-abre-convocatoria-para-contratar-personal-medico-y-de-enfermeria-en-el-programa-salud-casa-por-casa\/","title":{"rendered":"Bienestar abre convocatoria para contratar personal m\u00e9dico y de enfermer\u00eda en el programa Salud Casa por Casa\u00a0"},"content":{"rendered":"<p style=\"text-align: justify;\">La Secretar\u00eda de Bienestar, encabezada por Ariadna Montiel Reyes, ha lanzado una convocatoria para contratar a m\u00e9dicos y enfermeras que participen en el programa &#8220;Salud Casa por Casa&#8221;. Este programa tiene como objetivo brindar atenci\u00f3n y seguimiento m\u00e9dico a los derechohabientes de Pensiones para el Bienestar de las Personas Adultas Mayores y con Discapacidad.<\/p>\n<p>&nbsp;<\/p>\n<p style=\"text-align: justify;\">Los interesados en formar parte de este importante programa pueden presentar su solicitud y documentos del 21 de octubre al 15 de noviembre en los M\u00f3dulos de Bienestar, donde actualmente se registra a las beneficiarias de la Pensi\u00f3n Mujeres Bienestar.<\/p>\n<p>&nbsp;<\/p>\n<p style=\"text-align: justify;\">Para encontrar el m\u00f3dulo m\u00e1s cercano, se puede consultar la p\u00e1gina oficial de la Secretar\u00eda de Bienestar en <a href=\"http:\/\/gob.mx\/bienestar\">gob.mx\/bienestar<\/a><\/p>\n<p>&nbsp;<\/p>\n<p style=\"text-align: justify;\">Requisitos para la Solicitud Los aspirantes deber\u00e1n presentar los siguientes documentos en original y copia:<\/p>\n<p style=\"text-align: justify;\">\u00a01. Licenciatura en medicina, enfermer\u00eda o en una profesi\u00f3n relacionada con la salud (t\u00edtulo y c\u00e9dula profesional).<\/p>\n<p style=\"text-align: justify;\">2. Identificaci\u00f3n oficial vigente (credencial para votar, pasaporte, cartilla, c\u00e9dula profesional, credencial de Inapam o carta de identidad).<\/p>\n<p style=\"text-align: justify;\">3. CURP (de reciente impresi\u00f3n).<\/p>\n<p style=\"text-align: justify;\">4. Comprobante de domicilio (no mayor a seis meses: tel\u00e9fono, luz, gas, agua o predial).<\/p>\n<p style=\"text-align: justify;\">5. Comprobante de nivel m\u00e1ximo de estudios (puede ser el mismo documento presentado en el primer punto).<\/p>\n<p style=\"text-align: justify;\">6. Formato de contrataci\u00f3n (se entrega exclusivamente en los m\u00f3dulos de registro y es totalmente gratuito).<\/p>\n<p>&nbsp;<\/p>\n<p style=\"text-align: justify;\">La secretaria Montiel enfatiz\u00f3 que, entre octubre y diciembre, se est\u00e1 llevando a cabo el Censo Salud y Bienestar, en el que servidores de la naci\u00f3n visitan las casas de adultos mayores y personas con discapacidad para aplicar un cuestionario de salud.<\/p>\n<p>&nbsp;<\/p>\n<p style=\"text-align: justify;\">A partir de febrero del pr\u00f3ximo a\u00f1o, el personal m\u00e9dico y de enfermer\u00eda comenzar\u00e1 a realizar visitas personalizadas para dar seguimiento y consolidar el derecho a la salud de estas poblaciones vulnerables.<\/p>\n<p>&nbsp;<\/p>\n<p style=\"text-align: center;\"><em><strong>1Informaci\u00f3n que transforma!<\/strong><\/em><\/p>\n","protected":false},"excerpt":{"rendered":"<p>La Secretar\u00eda de Bienestar, encabezada por Ariadna Montiel Reyes, ha lanzado una convocatoria para contratar a m\u00e9dicos y enfermeras que participen en el programa &#8220;Salud Casa por Casa&#8221;. Este programa tiene como objetivo brindar atenci\u00f3n y seguimiento m\u00e9dico a los derechohabientes de Pensiones para el Bienestar de las Personas Adultas Mayores y con Discapacidad. &nbsp; [&hellip;]<\/p>\n","protected":false},"author":3,"featured_media":3645,"comment_status":"open","ping_status":"open","sticky":false,"template":"","format":"standard","meta":{"footnotes":""},"categories":[88,58],"tags":[1414,1415,319,1413],"class_list":["post-3660","post","type-post","status-publish","format-standard","has-post-thumbnail","hentry","category-nacional","category-ultima-hora","tag-cofepris","tag-influenza","tag-saludpublica","tag-vacunascovid"],"yoast_head":"<!-- This site is optimized with the Yoast SEO plugin v25.0 - https:\/\/yoast.com\/wordpress\/plugins\/seo\/ -->\n<title>Bienestar abre convocatoria para contratar personal m\u00e9dico y de enfermer\u00eda en el programa Salud Casa por Casa\u00a0 | Nexo Informativo Santiago de Quer\u00e9taro<\/title>\n<meta name=\"description\" content=\"Bienestar abre convocatoria para contratar personal m\u00e9dico y de enfermer\u00eda en el programa Salud Casa por Casa\u00a0\" \/>\n<meta name=\"robots\" content=\"index, follow, max-snippet:-1, max-image-preview:large, max-video-preview:-1\" \/>\n<link rel=\"canonical\" href=\"https:\/\/www.nexoinformativo.mx\/index.php\/2024\/10\/17\/bienestar-abre-convocatoria-para-contratar-personal-medico-y-de-enfermeria-en-el-programa-salud-casa-por-casa\/\" \/>\n<meta property=\"og:locale\" content=\"es_MX\" \/>\n<meta property=\"og:type\" content=\"article\" \/>\n<meta property=\"og:title\" content=\"Bienestar abre convocatoria para contratar personal m\u00e9dico y de enfermer\u00eda en el programa Salud Casa por Casa\u00a0 | Nexo Informativo Santiago de Quer\u00e9taro\" \/>\n<meta property=\"og:description\" content=\"Bienestar abre convocatoria para contratar personal m\u00e9dico y de enfermer\u00eda en el programa Salud Casa por Casa\u00a0\" \/>\n<meta property=\"og:url\" content=\"https:\/\/www.nexoinformativo.mx\/index.php\/2024\/10\/17\/bienestar-abre-convocatoria-para-contratar-personal-medico-y-de-enfermeria-en-el-programa-salud-casa-por-casa\/\" \/>\n<meta property=\"og:site_name\" content=\"Nexo Informativo Santiago de Quer\u00e9taro\" \/>\n<meta property=\"article:publisher\" content=\"https:\/\/www.facebook.com\/people\/Nexo-Informativo\/61564066885511\/\" \/>\n<meta property=\"article:published_time\" content=\"2024-10-17T16:00:06+00:00\" \/>\n<meta property=\"article:modified_time\" content=\"2024-10-17T19:02:11+00:00\" \/>\n<meta property=\"og:image\" content=\"https:\/\/www.nexoinformativo.mx\/wp-content\/uploads\/2024\/10\/IMG_6967-e1729190678138.jpg\" \/>\n\t<meta property=\"og:image:width\" content=\"800\" \/>\n\t<meta property=\"og:image:height\" content=\"1001\" \/>\n\t<meta property=\"og:image:type\" content=\"image\/jpeg\" \/>\n<meta name=\"author\" content=\"Nexo Informativo\" \/>\n<meta name=\"twitter:card\" content=\"summary_large_image\" \/>\n<meta name=\"twitter:label1\" content=\"Escrito por\" \/>\n\t<meta name=\"twitter:data1\" content=\"Nexo Informativo\" \/>\n\t<meta name=\"twitter:label2\" content=\"Tiempo de lectura\" \/>\n\t<meta name=\"twitter:data2\" content=\"2 minutos\" \/>\n<script type=\"application\/ld+json\" class=\"yoast-schema-graph\">{\"@context\":\"https:\/\/schema.org\",\"@graph\":[{\"@type\":\"Article\",\"@id\":\"https:\/\/www.nexoinformativo.mx\/index.php\/2024\/10\/17\/bienestar-abre-convocatoria-para-contratar-personal-medico-y-de-enfermeria-en-el-programa-salud-casa-por-casa\/#article\",\"isPartOf\":{\"@id\":\"https:\/\/www.nexoinformativo.mx\/index.php\/2024\/10\/17\/bienestar-abre-convocatoria-para-contratar-personal-medico-y-de-enfermeria-en-el-programa-salud-casa-por-casa\/\"},\"author\":{\"name\":\"Nexo Informativo\",\"@id\":\"https:\/\/www.nexoinformativo.mx\/#\/schema\/person\/7749d380ba08c8ca00d7bc76fd907b7d\"},\"headline\":\"Bienestar abre convocatoria para contratar personal m\u00e9dico y de enfermer\u00eda en el programa Salud Casa por Casa\u00a0\",\"datePublished\":\"2024-10-17T16:00:06+00:00\",\"dateModified\":\"2024-10-17T19:02:11+00:00\",\"mainEntityOfPage\":{\"@id\":\"https:\/\/www.nexoinformativo.mx\/index.php\/2024\/10\/17\/bienestar-abre-convocatoria-para-contratar-personal-medico-y-de-enfermeria-en-el-programa-salud-casa-por-casa\/\"},\"wordCount\":340,\"commentCount\":0,\"publisher\":{\"@id\":\"https:\/\/www.nexoinformativo.mx\/#organization\"},\"image\":{\"@id\":\"https:\/\/www.nexoinformativo.mx\/index.php\/2024\/10\/17\/bienestar-abre-convocatoria-para-contratar-personal-medico-y-de-enfermeria-en-el-programa-salud-casa-por-casa\/#primaryimage\"},\"thumbnailUrl\":\"https:\/\/www.nexoinformativo.mx\/wp-content\/uploads\/2024\/10\/IMG_6967-e1729190678138.jpg\",\"keywords\":[\"Cofepris\",\"Influenza\",\"SaludP\u00fablica\",\"VacunasCovid\"],\"articleSection\":[\"Nacional\",\"\u00daltima Hora\"],\"inLanguage\":\"es\",\"potentialAction\":[{\"@type\":\"CommentAction\",\"name\":\"Comment\",\"target\":[\"https:\/\/www.nexoinformativo.mx\/index.php\/2024\/10\/17\/bienestar-abre-convocatoria-para-contratar-personal-medico-y-de-enfermeria-en-el-programa-salud-casa-por-casa\/#respond\"]}]},{\"@type\":\"WebPage\",\"@id\":\"https:\/\/www.nexoinformativo.mx\/index.php\/2024\/10\/17\/bienestar-abre-convocatoria-para-contratar-personal-medico-y-de-enfermeria-en-el-programa-salud-casa-por-casa\/\",\"url\":\"https:\/\/www.nexoinformativo.mx\/index.php\/2024\/10\/17\/bienestar-abre-convocatoria-para-contratar-personal-medico-y-de-enfermeria-en-el-programa-salud-casa-por-casa\/\",\"name\":\"Bienestar abre convocatoria para contratar personal m\u00e9dico y de enfermer\u00eda en el programa Salud Casa por Casa\u00a0 | Nexo Informativo Santiago de Quer\u00e9taro\",\"isPartOf\":{\"@id\":\"https:\/\/www.nexoinformativo.mx\/#website\"},\"primaryImageOfPage\":{\"@id\":\"https:\/\/www.nexoinformativo.mx\/index.php\/2024\/10\/17\/bienestar-abre-convocatoria-para-contratar-personal-medico-y-de-enfermeria-en-el-programa-salud-casa-por-casa\/#primaryimage\"},\"image\":{\"@id\":\"https:\/\/www.nexoinformativo.mx\/index.php\/2024\/10\/17\/bienestar-abre-convocatoria-para-contratar-personal-medico-y-de-enfermeria-en-el-programa-salud-casa-por-casa\/#primaryimage\"},\"thumbnailUrl\":\"https:\/\/www.nexoinformativo.mx\/wp-content\/uploads\/2024\/10\/IMG_6967-e1729190678138.jpg\",\"datePublished\":\"2024-10-17T16:00:06+00:00\",\"dateModified\":\"2024-10-17T19:02:11+00:00\",\"description\":\"Bienestar abre convocatoria para contratar personal m\u00e9dico y de enfermer\u00eda en el programa Salud Casa por Casa\u00a0\",\"breadcrumb\":{\"@id\":\"https:\/\/www.nexoinformativo.mx\/index.php\/2024\/10\/17\/bienestar-abre-convocatoria-para-contratar-personal-medico-y-de-enfermeria-en-el-programa-salud-casa-por-casa\/#breadcrumb\"},\"inLanguage\":\"es\",\"potentialAction\":[{\"@type\":\"ReadAction\",\"target\":[\"https:\/\/www.nexoinformativo.mx\/index.php\/2024\/10\/17\/bienestar-abre-convocatoria-para-contratar-personal-medico-y-de-enfermeria-en-el-programa-salud-casa-por-casa\/\"]}]},{\"@type\":\"ImageObject\",\"inLanguage\":\"es\",\"@id\":\"https:\/\/www.nexoinformativo.mx\/index.php\/2024\/10\/17\/bienestar-abre-convocatoria-para-contratar-personal-medico-y-de-enfermeria-en-el-programa-salud-casa-por-casa\/#primaryimage\",\"url\":\"https:\/\/www.nexoinformativo.mx\/wp-content\/uploads\/2024\/10\/IMG_6967-e1729190678138.jpg\",\"contentUrl\":\"https:\/\/www.nexoinformativo.mx\/wp-content\/uploads\/2024\/10\/IMG_6967-e1729190678138.jpg\",\"width\":800,\"height\":1001},{\"@type\":\"BreadcrumbList\",\"@id\":\"https:\/\/www.nexoinformativo.mx\/index.php\/2024\/10\/17\/bienestar-abre-convocatoria-para-contratar-personal-medico-y-de-enfermeria-en-el-programa-salud-casa-por-casa\/#breadcrumb\",\"itemListElement\":[{\"@type\":\"ListItem\",\"position\":1,\"name\":\"Inicio\",\"item\":\"https:\/\/www.nexoinformativo.mx\/\"},{\"@type\":\"ListItem\",\"position\":2,\"name\":\"Bienestar abre convocatoria para contratar personal m\u00e9dico y de enfermer\u00eda en el programa Salud Casa por Casa\u00a0\"}]},{\"@type\":\"WebSite\",\"@id\":\"https:\/\/www.nexoinformativo.mx\/#website\",\"url\":\"https:\/\/www.nexoinformativo.mx\/\",\"name\":\"Nexo Informativo Santiago de Quer\u00e9taro\",\"description\":\"Explora NexoInformativo y convi\u00e9rtete en parte de una comunidad que valora el conocimiento y la verdad. Tu nexoinformativo es tu puente hacia una comprensi\u00f3n m\u00e1s profunda del mundo que te rodea.\",\"publisher\":{\"@id\":\"https:\/\/www.nexoinformativo.mx\/#organization\"},\"potentialAction\":[{\"@type\":\"SearchAction\",\"target\":{\"@type\":\"EntryPoint\",\"urlTemplate\":\"https:\/\/www.nexoinformativo.mx\/?s={search_term_string}\"},\"query-input\":{\"@type\":\"PropertyValueSpecification\",\"valueRequired\":true,\"valueName\":\"search_term_string\"}}],\"inLanguage\":\"es\"},{\"@type\":\"Organization\",\"@id\":\"https:\/\/www.nexoinformativo.mx\/#organization\",\"name\":\"Nexo Informativo Santiago de Quer\u00e9taro\",\"url\":\"https:\/\/www.nexoinformativo.mx\/\",\"logo\":{\"@type\":\"ImageObject\",\"inLanguage\":\"es\",\"@id\":\"https:\/\/www.nexoinformativo.mx\/#\/schema\/logo\/image\/\",\"url\":\"https:\/\/www.nexoinformativo.mx\/wp-content\/uploads\/2024\/07\/nexoi-trasparente-2.png\",\"contentUrl\":\"https:\/\/www.nexoinformativo.mx\/wp-content\/uploads\/2024\/07\/nexoi-trasparente-2.png\",\"width\":816,\"height\":339,\"caption\":\"Nexo Informativo Santiago de Quer\u00e9taro\"},\"image\":{\"@id\":\"https:\/\/www.nexoinformativo.mx\/#\/schema\/logo\/image\/\"},\"sameAs\":[\"https:\/\/www.facebook.com\/people\/Nexo-Informativo\/61564066885511\/\"]},{\"@type\":\"Person\",\"@id\":\"https:\/\/www.nexoinformativo.mx\/#\/schema\/person\/7749d380ba08c8ca00d7bc76fd907b7d\",\"name\":\"Nexo Informativo\",\"image\":{\"@type\":\"ImageObject\",\"inLanguage\":\"es\",\"@id\":\"https:\/\/www.nexoinformativo.mx\/#\/schema\/person\/image\/\",\"url\":\"https:\/\/secure.gravatar.com\/avatar\/dde2928154642a13d95f87ddf1ea9718fe2b46760a005c53e41ff5ad610704e6?s=96&d=mm&r=g\",\"contentUrl\":\"https:\/\/secure.gravatar.com\/avatar\/dde2928154642a13d95f87ddf1ea9718fe2b46760a005c53e41ff5ad610704e6?s=96&d=mm&r=g\",\"caption\":\"Nexo Informativo\"},\"url\":\"https:\/\/www.nexoinformativo.mx\/index.php\/author\/edicion\/\"}]}<\/script>\n<!-- \/ Yoast SEO plugin. -->","yoast_head_json":{"title":"Bienestar abre convocatoria para contratar personal m\u00e9dico y de enfermer\u00eda en el programa Salud Casa por Casa\u00a0 | Nexo Informativo Santiago de Quer\u00e9taro","description":"Bienestar abre convocatoria para contratar personal m\u00e9dico y de enfermer\u00eda en el programa Salud Casa por Casa\u00a0","robots":{"index":"index","follow":"follow","max-snippet":"max-snippet:-1","max-image-preview":"max-image-preview:large","max-video-preview":"max-video-preview:-1"},"canonical":"https:\/\/www.nexoinformativo.mx\/index.php\/2024\/10\/17\/bienestar-abre-convocatoria-para-contratar-personal-medico-y-de-enfermeria-en-el-programa-salud-casa-por-casa\/","og_locale":"es_MX","og_type":"article","og_title":"Bienestar abre convocatoria para contratar personal m\u00e9dico y de enfermer\u00eda en el programa Salud Casa por Casa\u00a0 | Nexo Informativo Santiago de Quer\u00e9taro","og_description":"Bienestar abre convocatoria para contratar personal m\u00e9dico y de enfermer\u00eda en el programa Salud Casa por Casa\u00a0","og_url":"https:\/\/www.nexoinformativo.mx\/index.php\/2024\/10\/17\/bienestar-abre-convocatoria-para-contratar-personal-medico-y-de-enfermeria-en-el-programa-salud-casa-por-casa\/","og_site_name":"Nexo Informativo Santiago de Quer\u00e9taro","article_publisher":"https:\/\/www.facebook.com\/people\/Nexo-Informativo\/61564066885511\/","article_published_time":"2024-10-17T16:00:06+00:00","article_modified_time":"2024-10-17T19:02:11+00:00","og_image":[{"width":800,"height":1001,"url":"https:\/\/www.nexoinformativo.mx\/wp-content\/uploads\/2024\/10\/IMG_6967-e1729190678138.jpg","type":"image\/jpeg"}],"author":"Nexo Informativo","twitter_card":"summary_large_image","twitter_misc":{"Escrito por":"Nexo Informativo","Tiempo de lectura":"2 minutos"},"schema":{"@context":"https:\/\/schema.org","@graph":[{"@type":"Article","@id":"https:\/\/www.nexoinformativo.mx\/index.php\/2024\/10\/17\/bienestar-abre-convocatoria-para-contratar-personal-medico-y-de-enfermeria-en-el-programa-salud-casa-por-casa\/#article","isPartOf":{"@id":"https:\/\/www.nexoinformativo.mx\/index.php\/2024\/10\/17\/bienestar-abre-convocatoria-para-contratar-personal-medico-y-de-enfermeria-en-el-programa-salud-casa-por-casa\/"},"author":{"name":"Nexo Informativo","@id":"https:\/\/www.nexoinformativo.mx\/#\/schema\/person\/7749d380ba08c8ca00d7bc76fd907b7d"},"headline":"Bienestar abre convocatoria para contratar personal m\u00e9dico y de enfermer\u00eda en el programa Salud Casa por Casa\u00a0","datePublished":"2024-10-17T16:00:06+00:00","dateModified":"2024-10-17T19:02:11+00:00","mainEntityOfPage":{"@id":"https:\/\/www.nexoinformativo.mx\/index.php\/2024\/10\/17\/bienestar-abre-convocatoria-para-contratar-personal-medico-y-de-enfermeria-en-el-programa-salud-casa-por-casa\/"},"wordCount":340,"commentCount":0,"publisher":{"@id":"https:\/\/www.nexoinformativo.mx\/#organization"},"image":{"@id":"https:\/\/www.nexoinformativo.mx\/index.php\/2024\/10\/17\/bienestar-abre-convocatoria-para-contratar-personal-medico-y-de-enfermeria-en-el-programa-salud-casa-por-casa\/#primaryimage"},"thumbnailUrl":"https:\/\/www.nexoinformativo.mx\/wp-content\/uploads\/2024\/10\/IMG_6967-e1729190678138.jpg","keywords":["Cofepris","Influenza","SaludP\u00fablica","VacunasCovid"],"articleSection":["Nacional","\u00daltima Hora"],"inLanguage":"es","potentialAction":[{"@type":"CommentAction","name":"Comment","target":["https:\/\/www.nexoinformativo.mx\/index.php\/2024\/10\/17\/bienestar-abre-convocatoria-para-contratar-personal-medico-y-de-enfermeria-en-el-programa-salud-casa-por-casa\/#respond"]}]},{"@type":"WebPage","@id":"https:\/\/www.nexoinformativo.mx\/index.php\/2024\/10\/17\/bienestar-abre-convocatoria-para-contratar-personal-medico-y-de-enfermeria-en-el-programa-salud-casa-por-casa\/","url":"https:\/\/www.nexoinformativo.mx\/index.php\/2024\/10\/17\/bienestar-abre-convocatoria-para-contratar-personal-medico-y-de-enfermeria-en-el-programa-salud-casa-por-casa\/","name":"Bienestar abre convocatoria para contratar personal m\u00e9dico y de enfermer\u00eda en el programa Salud Casa por Casa\u00a0 | Nexo Informativo Santiago de Quer\u00e9taro","isPartOf":{"@id":"https:\/\/www.nexoinformativo.mx\/#website"},"primaryImageOfPage":{"@id":"https:\/\/www.nexoinformativo.mx\/index.php\/2024\/10\/17\/bienestar-abre-convocatoria-para-contratar-personal-medico-y-de-enfermeria-en-el-programa-salud-casa-por-casa\/#primaryimage"},"image":{"@id":"https:\/\/www.nexoinformativo.mx\/index.php\/2024\/10\/17\/bienestar-abre-convocatoria-para-contratar-personal-medico-y-de-enfermeria-en-el-programa-salud-casa-por-casa\/#primaryimage"},"thumbnailUrl":"https:\/\/www.nexoinformativo.mx\/wp-content\/uploads\/2024\/10\/IMG_6967-e1729190678138.jpg","datePublished":"2024-10-17T16:00:06+00:00","dateModified":"2024-10-17T19:02:11+00:00","description":"Bienestar abre convocatoria para contratar personal m\u00e9dico y de enfermer\u00eda en el programa Salud Casa por Casa\u00a0","breadcrumb":{"@id":"https:\/\/www.nexoinformativo.mx\/index.php\/2024\/10\/17\/bienestar-abre-convocatoria-para-contratar-personal-medico-y-de-enfermeria-en-el-programa-salud-casa-por-casa\/#breadcrumb"},"inLanguage":"es","potentialAction":[{"@type":"ReadAction","target":["https:\/\/www.nexoinformativo.mx\/index.php\/2024\/10\/17\/bienestar-abre-convocatoria-para-contratar-personal-medico-y-de-enfermeria-en-el-programa-salud-casa-por-casa\/"]}]},{"@type":"ImageObject","inLanguage":"es","@id":"https:\/\/www.nexoinformativo.mx\/index.php\/2024\/10\/17\/bienestar-abre-convocatoria-para-contratar-personal-medico-y-de-enfermeria-en-el-programa-salud-casa-por-casa\/#primaryimage","url":"https:\/\/www.nexoinformativo.mx\/wp-content\/uploads\/2024\/10\/IMG_6967-e1729190678138.jpg","contentUrl":"https:\/\/www.nexoinformativo.mx\/wp-content\/uploads\/2024\/10\/IMG_6967-e1729190678138.jpg","width":800,"height":1001},{"@type":"BreadcrumbList","@id":"https:\/\/www.nexoinformativo.mx\/index.php\/2024\/10\/17\/bienestar-abre-convocatoria-para-contratar-personal-medico-y-de-enfermeria-en-el-programa-salud-casa-por-casa\/#breadcrumb","itemListElement":[{"@type":"ListItem","position":1,"name":"Inicio","item":"https:\/\/www.nexoinformativo.mx\/"},{"@type":"ListItem","position":2,"name":"Bienestar abre convocatoria para contratar personal m\u00e9dico y de enfermer\u00eda en el programa Salud Casa por Casa\u00a0"}]},{"@type":"WebSite","@id":"https:\/\/www.nexoinformativo.mx\/#website","url":"https:\/\/www.nexoinformativo.mx\/","name":"Nexo Informativo Santiago de Quer\u00e9taro","description":"Explora NexoInformativo y convi\u00e9rtete en parte de una comunidad que valora el conocimiento y la verdad. Tu nexoinformativo es tu puente hacia una comprensi\u00f3n m\u00e1s profunda del mundo que te rodea.","publisher":{"@id":"https:\/\/www.nexoinformativo.mx\/#organization"},"potentialAction":[{"@type":"SearchAction","target":{"@type":"EntryPoint","urlTemplate":"https:\/\/www.nexoinformativo.mx\/?s={search_term_string}"},"query-input":{"@type":"PropertyValueSpecification","valueRequired":true,"valueName":"search_term_string"}}],"inLanguage":"es"},{"@type":"Organization","@id":"https:\/\/www.nexoinformativo.mx\/#organization","name":"Nexo Informativo Santiago de Quer\u00e9taro","url":"https:\/\/www.nexoinformativo.mx\/","logo":{"@type":"ImageObject","inLanguage":"es","@id":"https:\/\/www.nexoinformativo.mx\/#\/schema\/logo\/image\/","url":"https:\/\/www.nexoinformativo.mx\/wp-content\/uploads\/2024\/07\/nexoi-trasparente-2.png","contentUrl":"https:\/\/www.nexoinformativo.mx\/wp-content\/uploads\/2024\/07\/nexoi-trasparente-2.png","width":816,"height":339,"caption":"Nexo Informativo Santiago de Quer\u00e9taro"},"image":{"@id":"https:\/\/www.nexoinformativo.mx\/#\/schema\/logo\/image\/"},"sameAs":["https:\/\/www.facebook.com\/people\/Nexo-Informativo\/61564066885511\/"]},{"@type":"Person","@id":"https:\/\/www.nexoinformativo.mx\/#\/schema\/person\/7749d380ba08c8ca00d7bc76fd907b7d","name":"Nexo Informativo","image":{"@type":"ImageObject","inLanguage":"es","@id":"https:\/\/www.nexoinformativo.mx\/#\/schema\/person\/image\/","url":"https:\/\/secure.gravatar.com\/avatar\/dde2928154642a13d95f87ddf1ea9718fe2b46760a005c53e41ff5ad610704e6?s=96&d=mm&r=g","contentUrl":"https:\/\/secure.gravatar.com\/avatar\/dde2928154642a13d95f87ddf1ea9718fe2b46760a005c53e41ff5ad610704e6?s=96&d=mm&r=g","caption":"Nexo Informativo"},"url":"https:\/\/www.nexoinformativo.mx\/index.php\/author\/edicion\/"}]}},"_links":{"self":[{"href":"https:\/\/www.nexoinformativo.mx\/index.php\/wp-json\/wp\/v2\/posts\/3660","targetHints":{"allow":["GET"]}}],"collection":[{"href":"https:\/\/www.nexoinformativo.mx\/index.php\/wp-json\/wp\/v2\/posts"}],"about":[{"href":"https:\/\/www.nexoinformativo.mx\/index.php\/wp-json\/wp\/v2\/types\/post"}],"author":[{"embeddable":true,"href":"https:\/\/www.nexoinformativo.mx\/index.php\/wp-json\/wp\/v2\/users\/3"}],"replies":[{"embeddable":true,"href":"https:\/\/www.nexoinformativo.mx\/index.php\/wp-json\/wp\/v2\/comments?post=3660"}],"version-history":[{"count":5,"href":"https:\/\/www.nexoinformativo.mx\/index.php\/wp-json\/wp\/v2\/posts\/3660\/revisions"}],"predecessor-version":[{"id":3662,"href":"https:\/\/www.nexoinformativo.mx\/index.php\/wp-json\/wp\/v2\/posts\/3660\/revisions\/3662"}],"wp:featuredmedia":[{"embeddable":true,"href":"https:\/\/www.nexoinformativo.mx\/index.php\/wp-json\/wp\/v2\/media\/3645"}],"wp:attachment":[{"href":"https:\/\/www.nexoinformativo.mx\/index.php\/wp-json\/wp\/v2\/media?parent=3660"}],"wp:term":[{"taxonomy":"category","embeddable":true,"href":"https:\/\/www.nexoinformativo.mx\/index.php\/wp-json\/wp\/v2\/categories?post=3660"},{"taxonomy":"post_tag","embeddable":true,"href":"https:\/\/www.nexoinformativo.mx\/index.php\/wp-json\/wp\/v2\/tags?post=3660"}],"curies":[{"name":"wp","href":"https:\/\/api.w.org\/{rel}","templated":true}]}}