{"id":3677,"date":"2024-10-17T13:00:27","date_gmt":"2024-10-17T19:00:27","guid":{"rendered":"https:\/\/www.nexoinformativo.mx\/?p=3677"},"modified":"2024-10-17T13:36:06","modified_gmt":"2024-10-17T19:36:06","slug":"mujeres-rurales-en-el-centro-de-las-prioridades-de-la-secretaria-de-agricultura-y-desarrollo-rural","status":"publish","type":"post","link":"https:\/\/www.nexoinformativo.mx\/index.php\/2024\/10\/17\/mujeres-rurales-en-el-centro-de-las-prioridades-de-la-secretaria-de-agricultura-y-desarrollo-rural\/","title":{"rendered":"Mujeres rurales en el centro de las prioridades de la Secretar\u00eda de Agricultura y Desarrollo Rural\u00a0"},"content":{"rendered":"<div dir=\"auto\" style=\"text-align: justify;\">En el marco del D\u00eda Internacional de las Mujeres Rurales, la Secretar\u00eda de Agricultura y Desarrollo Rural <strong>(SADER)<\/strong> reafirm\u00f3 su compromiso de poner a las mujeres rurales en el centro de sus pol\u00edticas. El secretario de la SADER, Julio Berdegu\u00e9, junto a la subsecretaria de Ordenamiento Territorial y Agrario, Griselda Mart\u00ednez, y la secretaria de las Mujeres, Citlalli Hern\u00e1ndez, encabezaron un evento conmemorativo que destac\u00f3 el papel fundamental de las mujeres.<\/div>\n<p>&nbsp;<\/p>\n<div dir=\"auto\" style=\"text-align: justify;\"><\/div>\n<div dir=\"auto\" style=\"text-align: justify;\">De acuerdo con datos del <strong>INEGI<\/strong>, en M\u00e9xico hay 67 millones de mujeres, de las cuales el 21% reside en zonas rurales. Estas mujeres enfrentan desaf\u00edos significativos, incluyendo la triple discriminaci\u00f3n, y muchas viven en condiciones de pobreza. Durante el evento, se reconoci\u00f3 la labor de mujeres en la agricultura, pesca y artesan\u00edas, provenientes de siete entidades del pa\u00eds, incluyendo Michoac\u00e1n, Hidalgo, Puebla y Oaxaca.<\/div>\n<p>&nbsp;<\/p>\n<div dir=\"auto\" style=\"text-align: justify;\"><\/div>\n<div dir=\"auto\" style=\"text-align: justify;\">La comunera pur\u00e9pecha, Elo\u00edsa Bautista Campos, expres\u00f3 su orgullo por contar con una mujer en la presidencia, un s\u00edmbolo de progreso para las mujeres de M\u00e9xico. Las estad\u00edsticas son alarmantes: de las 14.1 millones de mujeres que residen en zonas rurales, 8.1 millones viven en pobreza.<\/div>\n<p>&nbsp;<\/p>\n<div dir=\"auto\"><\/div>\n<div dir=\"auto\" style=\"text-align: justify;\">Por ello, la presidenta Claudia Sheinbaum ha enfatizado que uno de los principales retos de su administraci\u00f3n es reducir la pobreza extrema y crear mejores oportunidades para las mujeres rurales e ind\u00edgenas.<\/div>\n<p>&nbsp;<\/p>\n<div dir=\"auto\" style=\"text-align: justify;\"><\/div>\n<div dir=\"auto\" style=\"text-align: justify;\">La secretaria Citlalli Hern\u00e1ndez Mora destac\u00f3 la importancia de este d\u00eda para impulsar acciones en favor de las mujeres rurales e ind\u00edgenas, quienes son clave en el desarrollo de sus comunidades y la econom\u00eda nacional. Mar\u00eda Trinidad Gonz\u00e1lez, una productora h\u00f1\u00e4h\u00f1u de Hidalgo, subray\u00f3 la importancia de transmitir conocimientos y habilidades a las futuras generaciones.<\/div>\n<p>&nbsp;<\/p>\n<div dir=\"auto\"><\/div>\n<div dir=\"auto\" style=\"text-align: justify;\">Este evento no solo celebr\u00f3 a las mujeres rurales, sino que tambi\u00e9n lanz\u00f3 un llamado a la acci\u00f3n para fortalecer los programas destinados a apoyar a este sector crucial de la poblaci\u00f3n.<\/div>\n<p>&nbsp;<\/p>\n<div dir=\"auto\"><\/div>\n<div dir=\"auto\" style=\"text-align: center;\"><em><strong>\u00a1Informaci\u00f3n que transforma!<\/strong><\/em><\/div>\n","protected":false},"excerpt":{"rendered":"<p>En el marco del D\u00eda Internacional de las Mujeres Rurales, la Secretar\u00eda de Agricultura y Desarrollo Rural (SADER) reafirm\u00f3 su compromiso de poner a las mujeres rurales en el centro de sus pol\u00edticas. El secretario de la SADER, Julio Berdegu\u00e9, junto a la subsecretaria de Ordenamiento Territorial y Agrario, Griselda Mart\u00ednez, y la secretaria de [&hellip;]<\/p>\n","protected":false},"author":3,"featured_media":3678,"comment_status":"open","ping_status":"open","sticky":false,"template":"","format":"standard","meta":{"footnotes":""},"categories":[88,58],"tags":[1204,1277,1417,1416],"class_list":["post-3677","post","type-post","status-publish","format-standard","has-post-thumbnail","hentry","category-nacional","category-ultima-hora","tag-agricultura","tag-desarrollorural","tag-empoderamientofemenino","tag-mujeresrurales"],"yoast_head":"<!-- This site is optimized with the Yoast SEO plugin v25.0 - https:\/\/yoast.com\/wordpress\/plugins\/seo\/ -->\n<title>Mujeres rurales en el centro de las prioridades de la Secretar\u00eda de Agricultura y Desarrollo Rural\u00a0 | Nexo Informativo Santiago de Quer\u00e9taro<\/title>\n<meta name=\"robots\" content=\"index, follow, max-snippet:-1, max-image-preview:large, max-video-preview:-1\" \/>\n<link rel=\"canonical\" href=\"https:\/\/www.nexoinformativo.mx\/index.php\/2024\/10\/17\/mujeres-rurales-en-el-centro-de-las-prioridades-de-la-secretaria-de-agricultura-y-desarrollo-rural\/\" \/>\n<meta property=\"og:locale\" content=\"es_MX\" \/>\n<meta property=\"og:type\" content=\"article\" \/>\n<meta property=\"og:title\" content=\"Mujeres rurales en el centro de las prioridades de la Secretar\u00eda de Agricultura y Desarrollo Rural\u00a0 | Nexo Informativo Santiago de Quer\u00e9taro\" \/>\n<meta property=\"og:description\" content=\"En el marco del D\u00eda Internacional de las Mujeres Rurales, la Secretar\u00eda de Agricultura y Desarrollo Rural (SADER) reafirm\u00f3 su compromiso de poner a las mujeres rurales en el centro de sus pol\u00edticas. El secretario de la SADER, Julio Berdegu\u00e9, junto a la subsecretaria de Ordenamiento Territorial y Agrario, Griselda Mart\u00ednez, y la secretaria de [&hellip;]\" \/>\n<meta property=\"og:url\" content=\"https:\/\/www.nexoinformativo.mx\/index.php\/2024\/10\/17\/mujeres-rurales-en-el-centro-de-las-prioridades-de-la-secretaria-de-agricultura-y-desarrollo-rural\/\" \/>\n<meta property=\"og:site_name\" content=\"Nexo Informativo Santiago de Quer\u00e9taro\" \/>\n<meta property=\"article:publisher\" content=\"https:\/\/www.facebook.com\/people\/Nexo-Informativo\/61564066885511\/\" \/>\n<meta property=\"article:published_time\" content=\"2024-10-17T19:00:27+00:00\" \/>\n<meta property=\"article:modified_time\" content=\"2024-10-17T19:36:06+00:00\" \/>\n<meta property=\"og:image\" content=\"https:\/\/www.nexoinformativo.mx\/wp-content\/uploads\/2024\/10\/IMG_6968.jpg\" \/>\n\t<meta property=\"og:image:width\" content=\"650\" \/>\n\t<meta property=\"og:image:height\" content=\"337\" \/>\n\t<meta property=\"og:image:type\" content=\"image\/jpeg\" \/>\n<meta name=\"author\" content=\"Nexo Informativo\" \/>\n<meta name=\"twitter:card\" content=\"summary_large_image\" \/>\n<meta name=\"twitter:label1\" content=\"Escrito por\" \/>\n\t<meta name=\"twitter:data1\" content=\"Nexo Informativo\" \/>\n\t<meta name=\"twitter:label2\" content=\"Tiempo de lectura\" \/>\n\t<meta name=\"twitter:data2\" content=\"2 minutos\" \/>\n<script type=\"application\/ld+json\" class=\"yoast-schema-graph\">{\"@context\":\"https:\/\/schema.org\",\"@graph\":[{\"@type\":\"Article\",\"@id\":\"https:\/\/www.nexoinformativo.mx\/index.php\/2024\/10\/17\/mujeres-rurales-en-el-centro-de-las-prioridades-de-la-secretaria-de-agricultura-y-desarrollo-rural\/#article\",\"isPartOf\":{\"@id\":\"https:\/\/www.nexoinformativo.mx\/index.php\/2024\/10\/17\/mujeres-rurales-en-el-centro-de-las-prioridades-de-la-secretaria-de-agricultura-y-desarrollo-rural\/\"},\"author\":{\"name\":\"Nexo Informativo\",\"@id\":\"https:\/\/www.nexoinformativo.mx\/#\/schema\/person\/7749d380ba08c8ca00d7bc76fd907b7d\"},\"headline\":\"Mujeres rurales en el centro de las prioridades de la Secretar\u00eda de Agricultura y Desarrollo Rural\u00a0\",\"datePublished\":\"2024-10-17T19:00:27+00:00\",\"dateModified\":\"2024-10-17T19:36:06+00:00\",\"mainEntityOfPage\":{\"@id\":\"https:\/\/www.nexoinformativo.mx\/index.php\/2024\/10\/17\/mujeres-rurales-en-el-centro-de-las-prioridades-de-la-secretaria-de-agricultura-y-desarrollo-rural\/\"},\"wordCount\":353,\"commentCount\":0,\"publisher\":{\"@id\":\"https:\/\/www.nexoinformativo.mx\/#organization\"},\"image\":{\"@id\":\"https:\/\/www.nexoinformativo.mx\/index.php\/2024\/10\/17\/mujeres-rurales-en-el-centro-de-las-prioridades-de-la-secretaria-de-agricultura-y-desarrollo-rural\/#primaryimage\"},\"thumbnailUrl\":\"https:\/\/www.nexoinformativo.mx\/wp-content\/uploads\/2024\/10\/IMG_6968.jpg\",\"keywords\":[\"Agricultura\",\"DesarrolloRural\",\"EmpoderamientoFemenino\",\"MujeresRurales\"],\"articleSection\":[\"Nacional\",\"\u00daltima Hora\"],\"inLanguage\":\"es\",\"potentialAction\":[{\"@type\":\"CommentAction\",\"name\":\"Comment\",\"target\":[\"https:\/\/www.nexoinformativo.mx\/index.php\/2024\/10\/17\/mujeres-rurales-en-el-centro-de-las-prioridades-de-la-secretaria-de-agricultura-y-desarrollo-rural\/#respond\"]}]},{\"@type\":\"WebPage\",\"@id\":\"https:\/\/www.nexoinformativo.mx\/index.php\/2024\/10\/17\/mujeres-rurales-en-el-centro-de-las-prioridades-de-la-secretaria-de-agricultura-y-desarrollo-rural\/\",\"url\":\"https:\/\/www.nexoinformativo.mx\/index.php\/2024\/10\/17\/mujeres-rurales-en-el-centro-de-las-prioridades-de-la-secretaria-de-agricultura-y-desarrollo-rural\/\",\"name\":\"Mujeres rurales en el centro de las prioridades de la Secretar\u00eda de Agricultura y Desarrollo Rural\u00a0 | Nexo Informativo Santiago de Quer\u00e9taro\",\"isPartOf\":{\"@id\":\"https:\/\/www.nexoinformativo.mx\/#website\"},\"primaryImageOfPage\":{\"@id\":\"https:\/\/www.nexoinformativo.mx\/index.php\/2024\/10\/17\/mujeres-rurales-en-el-centro-de-las-prioridades-de-la-secretaria-de-agricultura-y-desarrollo-rural\/#primaryimage\"},\"image\":{\"@id\":\"https:\/\/www.nexoinformativo.mx\/index.php\/2024\/10\/17\/mujeres-rurales-en-el-centro-de-las-prioridades-de-la-secretaria-de-agricultura-y-desarrollo-rural\/#primaryimage\"},\"thumbnailUrl\":\"https:\/\/www.nexoinformativo.mx\/wp-content\/uploads\/2024\/10\/IMG_6968.jpg\",\"datePublished\":\"2024-10-17T19:00:27+00:00\",\"dateModified\":\"2024-10-17T19:36:06+00:00\",\"breadcrumb\":{\"@id\":\"https:\/\/www.nexoinformativo.mx\/index.php\/2024\/10\/17\/mujeres-rurales-en-el-centro-de-las-prioridades-de-la-secretaria-de-agricultura-y-desarrollo-rural\/#breadcrumb\"},\"inLanguage\":\"es\",\"potentialAction\":[{\"@type\":\"ReadAction\",\"target\":[\"https:\/\/www.nexoinformativo.mx\/index.php\/2024\/10\/17\/mujeres-rurales-en-el-centro-de-las-prioridades-de-la-secretaria-de-agricultura-y-desarrollo-rural\/\"]}]},{\"@type\":\"ImageObject\",\"inLanguage\":\"es\",\"@id\":\"https:\/\/www.nexoinformativo.mx\/index.php\/2024\/10\/17\/mujeres-rurales-en-el-centro-de-las-prioridades-de-la-secretaria-de-agricultura-y-desarrollo-rural\/#primaryimage\",\"url\":\"https:\/\/www.nexoinformativo.mx\/wp-content\/uploads\/2024\/10\/IMG_6968.jpg\",\"contentUrl\":\"https:\/\/www.nexoinformativo.mx\/wp-content\/uploads\/2024\/10\/IMG_6968.jpg\",\"width\":650,\"height\":337},{\"@type\":\"BreadcrumbList\",\"@id\":\"https:\/\/www.nexoinformativo.mx\/index.php\/2024\/10\/17\/mujeres-rurales-en-el-centro-de-las-prioridades-de-la-secretaria-de-agricultura-y-desarrollo-rural\/#breadcrumb\",\"itemListElement\":[{\"@type\":\"ListItem\",\"position\":1,\"name\":\"Inicio\",\"item\":\"https:\/\/www.nexoinformativo.mx\/\"},{\"@type\":\"ListItem\",\"position\":2,\"name\":\"Mujeres rurales en el centro de las prioridades de la Secretar\u00eda de Agricultura y Desarrollo Rural\u00a0\"}]},{\"@type\":\"WebSite\",\"@id\":\"https:\/\/www.nexoinformativo.mx\/#website\",\"url\":\"https:\/\/www.nexoinformativo.mx\/\",\"name\":\"Nexo Informativo Santiago de Quer\u00e9taro\",\"description\":\"Explora NexoInformativo y convi\u00e9rtete en parte de una comunidad que valora el conocimiento y la verdad. Tu nexoinformativo es tu puente hacia una comprensi\u00f3n m\u00e1s profunda del mundo que te rodea.\",\"publisher\":{\"@id\":\"https:\/\/www.nexoinformativo.mx\/#organization\"},\"potentialAction\":[{\"@type\":\"SearchAction\",\"target\":{\"@type\":\"EntryPoint\",\"urlTemplate\":\"https:\/\/www.nexoinformativo.mx\/?s={search_term_string}\"},\"query-input\":{\"@type\":\"PropertyValueSpecification\",\"valueRequired\":true,\"valueName\":\"search_term_string\"}}],\"inLanguage\":\"es\"},{\"@type\":\"Organization\",\"@id\":\"https:\/\/www.nexoinformativo.mx\/#organization\",\"name\":\"Nexo Informativo Santiago de Quer\u00e9taro\",\"url\":\"https:\/\/www.nexoinformativo.mx\/\",\"logo\":{\"@type\":\"ImageObject\",\"inLanguage\":\"es\",\"@id\":\"https:\/\/www.nexoinformativo.mx\/#\/schema\/logo\/image\/\",\"url\":\"https:\/\/www.nexoinformativo.mx\/wp-content\/uploads\/2024\/07\/nexoi-trasparente-2.png\",\"contentUrl\":\"https:\/\/www.nexoinformativo.mx\/wp-content\/uploads\/2024\/07\/nexoi-trasparente-2.png\",\"width\":816,\"height\":339,\"caption\":\"Nexo Informativo Santiago de Quer\u00e9taro\"},\"image\":{\"@id\":\"https:\/\/www.nexoinformativo.mx\/#\/schema\/logo\/image\/\"},\"sameAs\":[\"https:\/\/www.facebook.com\/people\/Nexo-Informativo\/61564066885511\/\"]},{\"@type\":\"Person\",\"@id\":\"https:\/\/www.nexoinformativo.mx\/#\/schema\/person\/7749d380ba08c8ca00d7bc76fd907b7d\",\"name\":\"Nexo Informativo\",\"image\":{\"@type\":\"ImageObject\",\"inLanguage\":\"es\",\"@id\":\"https:\/\/www.nexoinformativo.mx\/#\/schema\/person\/image\/\",\"url\":\"https:\/\/secure.gravatar.com\/avatar\/dde2928154642a13d95f87ddf1ea9718fe2b46760a005c53e41ff5ad610704e6?s=96&d=mm&r=g\",\"contentUrl\":\"https:\/\/secure.gravatar.com\/avatar\/dde2928154642a13d95f87ddf1ea9718fe2b46760a005c53e41ff5ad610704e6?s=96&d=mm&r=g\",\"caption\":\"Nexo Informativo\"},\"url\":\"https:\/\/www.nexoinformativo.mx\/index.php\/author\/edicion\/\"}]}<\/script>\n<!-- \/ Yoast SEO plugin. -->","yoast_head_json":{"title":"Mujeres rurales en el centro de las prioridades de la Secretar\u00eda de Agricultura y Desarrollo Rural\u00a0 | Nexo Informativo Santiago de Quer\u00e9taro","robots":{"index":"index","follow":"follow","max-snippet":"max-snippet:-1","max-image-preview":"max-image-preview:large","max-video-preview":"max-video-preview:-1"},"canonical":"https:\/\/www.nexoinformativo.mx\/index.php\/2024\/10\/17\/mujeres-rurales-en-el-centro-de-las-prioridades-de-la-secretaria-de-agricultura-y-desarrollo-rural\/","og_locale":"es_MX","og_type":"article","og_title":"Mujeres rurales en el centro de las prioridades de la Secretar\u00eda de Agricultura y Desarrollo Rural\u00a0 | Nexo Informativo Santiago de Quer\u00e9taro","og_description":"En el marco del D\u00eda Internacional de las Mujeres Rurales, la Secretar\u00eda de Agricultura y Desarrollo Rural (SADER) reafirm\u00f3 su compromiso de poner a las mujeres rurales en el centro de sus pol\u00edticas. El secretario de la SADER, Julio Berdegu\u00e9, junto a la subsecretaria de Ordenamiento Territorial y Agrario, Griselda Mart\u00ednez, y la secretaria de [&hellip;]","og_url":"https:\/\/www.nexoinformativo.mx\/index.php\/2024\/10\/17\/mujeres-rurales-en-el-centro-de-las-prioridades-de-la-secretaria-de-agricultura-y-desarrollo-rural\/","og_site_name":"Nexo Informativo Santiago de Quer\u00e9taro","article_publisher":"https:\/\/www.facebook.com\/people\/Nexo-Informativo\/61564066885511\/","article_published_time":"2024-10-17T19:00:27+00:00","article_modified_time":"2024-10-17T19:36:06+00:00","og_image":[{"width":650,"height":337,"url":"https:\/\/www.nexoinformativo.mx\/wp-content\/uploads\/2024\/10\/IMG_6968.jpg","type":"image\/jpeg"}],"author":"Nexo Informativo","twitter_card":"summary_large_image","twitter_misc":{"Escrito por":"Nexo Informativo","Tiempo de lectura":"2 minutos"},"schema":{"@context":"https:\/\/schema.org","@graph":[{"@type":"Article","@id":"https:\/\/www.nexoinformativo.mx\/index.php\/2024\/10\/17\/mujeres-rurales-en-el-centro-de-las-prioridades-de-la-secretaria-de-agricultura-y-desarrollo-rural\/#article","isPartOf":{"@id":"https:\/\/www.nexoinformativo.mx\/index.php\/2024\/10\/17\/mujeres-rurales-en-el-centro-de-las-prioridades-de-la-secretaria-de-agricultura-y-desarrollo-rural\/"},"author":{"name":"Nexo Informativo","@id":"https:\/\/www.nexoinformativo.mx\/#\/schema\/person\/7749d380ba08c8ca00d7bc76fd907b7d"},"headline":"Mujeres rurales en el centro de las prioridades de la Secretar\u00eda de Agricultura y Desarrollo Rural\u00a0","datePublished":"2024-10-17T19:00:27+00:00","dateModified":"2024-10-17T19:36:06+00:00","mainEntityOfPage":{"@id":"https:\/\/www.nexoinformativo.mx\/index.php\/2024\/10\/17\/mujeres-rurales-en-el-centro-de-las-prioridades-de-la-secretaria-de-agricultura-y-desarrollo-rural\/"},"wordCount":353,"commentCount":0,"publisher":{"@id":"https:\/\/www.nexoinformativo.mx\/#organization"},"image":{"@id":"https:\/\/www.nexoinformativo.mx\/index.php\/2024\/10\/17\/mujeres-rurales-en-el-centro-de-las-prioridades-de-la-secretaria-de-agricultura-y-desarrollo-rural\/#primaryimage"},"thumbnailUrl":"https:\/\/www.nexoinformativo.mx\/wp-content\/uploads\/2024\/10\/IMG_6968.jpg","keywords":["Agricultura","DesarrolloRural","EmpoderamientoFemenino","MujeresRurales"],"articleSection":["Nacional","\u00daltima Hora"],"inLanguage":"es","potentialAction":[{"@type":"CommentAction","name":"Comment","target":["https:\/\/www.nexoinformativo.mx\/index.php\/2024\/10\/17\/mujeres-rurales-en-el-centro-de-las-prioridades-de-la-secretaria-de-agricultura-y-desarrollo-rural\/#respond"]}]},{"@type":"WebPage","@id":"https:\/\/www.nexoinformativo.mx\/index.php\/2024\/10\/17\/mujeres-rurales-en-el-centro-de-las-prioridades-de-la-secretaria-de-agricultura-y-desarrollo-rural\/","url":"https:\/\/www.nexoinformativo.mx\/index.php\/2024\/10\/17\/mujeres-rurales-en-el-centro-de-las-prioridades-de-la-secretaria-de-agricultura-y-desarrollo-rural\/","name":"Mujeres rurales en el centro de las prioridades de la Secretar\u00eda de Agricultura y Desarrollo Rural\u00a0 | Nexo Informativo Santiago de Quer\u00e9taro","isPartOf":{"@id":"https:\/\/www.nexoinformativo.mx\/#website"},"primaryImageOfPage":{"@id":"https:\/\/www.nexoinformativo.mx\/index.php\/2024\/10\/17\/mujeres-rurales-en-el-centro-de-las-prioridades-de-la-secretaria-de-agricultura-y-desarrollo-rural\/#primaryimage"},"image":{"@id":"https:\/\/www.nexoinformativo.mx\/index.php\/2024\/10\/17\/mujeres-rurales-en-el-centro-de-las-prioridades-de-la-secretaria-de-agricultura-y-desarrollo-rural\/#primaryimage"},"thumbnailUrl":"https:\/\/www.nexoinformativo.mx\/wp-content\/uploads\/2024\/10\/IMG_6968.jpg","datePublished":"2024-10-17T19:00:27+00:00","dateModified":"2024-10-17T19:36:06+00:00","breadcrumb":{"@id":"https:\/\/www.nexoinformativo.mx\/index.php\/2024\/10\/17\/mujeres-rurales-en-el-centro-de-las-prioridades-de-la-secretaria-de-agricultura-y-desarrollo-rural\/#breadcrumb"},"inLanguage":"es","potentialAction":[{"@type":"ReadAction","target":["https:\/\/www.nexoinformativo.mx\/index.php\/2024\/10\/17\/mujeres-rurales-en-el-centro-de-las-prioridades-de-la-secretaria-de-agricultura-y-desarrollo-rural\/"]}]},{"@type":"ImageObject","inLanguage":"es","@id":"https:\/\/www.nexoinformativo.mx\/index.php\/2024\/10\/17\/mujeres-rurales-en-el-centro-de-las-prioridades-de-la-secretaria-de-agricultura-y-desarrollo-rural\/#primaryimage","url":"https:\/\/www.nexoinformativo.mx\/wp-content\/uploads\/2024\/10\/IMG_6968.jpg","contentUrl":"https:\/\/www.nexoinformativo.mx\/wp-content\/uploads\/2024\/10\/IMG_6968.jpg","width":650,"height":337},{"@type":"BreadcrumbList","@id":"https:\/\/www.nexoinformativo.mx\/index.php\/2024\/10\/17\/mujeres-rurales-en-el-centro-de-las-prioridades-de-la-secretaria-de-agricultura-y-desarrollo-rural\/#breadcrumb","itemListElement":[{"@type":"ListItem","position":1,"name":"Inicio","item":"https:\/\/www.nexoinformativo.mx\/"},{"@type":"ListItem","position":2,"name":"Mujeres rurales en el centro de las prioridades de la Secretar\u00eda de Agricultura y Desarrollo Rural\u00a0"}]},{"@type":"WebSite","@id":"https:\/\/www.nexoinformativo.mx\/#website","url":"https:\/\/www.nexoinformativo.mx\/","name":"Nexo Informativo Santiago de Quer\u00e9taro","description":"Explora NexoInformativo y convi\u00e9rtete en parte de una comunidad que valora el conocimiento y la verdad. Tu nexoinformativo es tu puente hacia una comprensi\u00f3n m\u00e1s profunda del mundo que te rodea.","publisher":{"@id":"https:\/\/www.nexoinformativo.mx\/#organization"},"potentialAction":[{"@type":"SearchAction","target":{"@type":"EntryPoint","urlTemplate":"https:\/\/www.nexoinformativo.mx\/?s={search_term_string}"},"query-input":{"@type":"PropertyValueSpecification","valueRequired":true,"valueName":"search_term_string"}}],"inLanguage":"es"},{"@type":"Organization","@id":"https:\/\/www.nexoinformativo.mx\/#organization","name":"Nexo Informativo Santiago de Quer\u00e9taro","url":"https:\/\/www.nexoinformativo.mx\/","logo":{"@type":"ImageObject","inLanguage":"es","@id":"https:\/\/www.nexoinformativo.mx\/#\/schema\/logo\/image\/","url":"https:\/\/www.nexoinformativo.mx\/wp-content\/uploads\/2024\/07\/nexoi-trasparente-2.png","contentUrl":"https:\/\/www.nexoinformativo.mx\/wp-content\/uploads\/2024\/07\/nexoi-trasparente-2.png","width":816,"height":339,"caption":"Nexo Informativo Santiago de Quer\u00e9taro"},"image":{"@id":"https:\/\/www.nexoinformativo.mx\/#\/schema\/logo\/image\/"},"sameAs":["https:\/\/www.facebook.com\/people\/Nexo-Informativo\/61564066885511\/"]},{"@type":"Person","@id":"https:\/\/www.nexoinformativo.mx\/#\/schema\/person\/7749d380ba08c8ca00d7bc76fd907b7d","name":"Nexo Informativo","image":{"@type":"ImageObject","inLanguage":"es","@id":"https:\/\/www.nexoinformativo.mx\/#\/schema\/person\/image\/","url":"https:\/\/secure.gravatar.com\/avatar\/dde2928154642a13d95f87ddf1ea9718fe2b46760a005c53e41ff5ad610704e6?s=96&d=mm&r=g","contentUrl":"https:\/\/secure.gravatar.com\/avatar\/dde2928154642a13d95f87ddf1ea9718fe2b46760a005c53e41ff5ad610704e6?s=96&d=mm&r=g","caption":"Nexo Informativo"},"url":"https:\/\/www.nexoinformativo.mx\/index.php\/author\/edicion\/"}]}},"_links":{"self":[{"href":"https:\/\/www.nexoinformativo.mx\/index.php\/wp-json\/wp\/v2\/posts\/3677","targetHints":{"allow":["GET"]}}],"collection":[{"href":"https:\/\/www.nexoinformativo.mx\/index.php\/wp-json\/wp\/v2\/posts"}],"about":[{"href":"https:\/\/www.nexoinformativo.mx\/index.php\/wp-json\/wp\/v2\/types\/post"}],"author":[{"embeddable":true,"href":"https:\/\/www.nexoinformativo.mx\/index.php\/wp-json\/wp\/v2\/users\/3"}],"replies":[{"embeddable":true,"href":"https:\/\/www.nexoinformativo.mx\/index.php\/wp-json\/wp\/v2\/comments?post=3677"}],"version-history":[{"count":10,"href":"https:\/\/www.nexoinformativo.mx\/index.php\/wp-json\/wp\/v2\/posts\/3677\/revisions"}],"predecessor-version":[{"id":3689,"href":"https:\/\/www.nexoinformativo.mx\/index.php\/wp-json\/wp\/v2\/posts\/3677\/revisions\/3689"}],"wp:featuredmedia":[{"embeddable":true,"href":"https:\/\/www.nexoinformativo.mx\/index.php\/wp-json\/wp\/v2\/media\/3678"}],"wp:attachment":[{"href":"https:\/\/www.nexoinformativo.mx\/index.php\/wp-json\/wp\/v2\/media?parent=3677"}],"wp:term":[{"taxonomy":"category","embeddable":true,"href":"https:\/\/www.nexoinformativo.mx\/index.php\/wp-json\/wp\/v2\/categories?post=3677"},{"taxonomy":"post_tag","embeddable":true,"href":"https:\/\/www.nexoinformativo.mx\/index.php\/wp-json\/wp\/v2\/tags?post=3677"}],"curies":[{"name":"wp","href":"https:\/\/api.w.org\/{rel}","templated":true}]}}