{"id":3703,"date":"2024-10-17T13:30:34","date_gmt":"2024-10-17T19:30:34","guid":{"rendered":"https:\/\/www.nexoinformativo.mx\/?p=3703"},"modified":"2024-10-17T17:35:41","modified_gmt":"2024-10-17T23:35:41","slug":"car-herrera-de-kuri-presenta-su-tercer-informe-de-actividades-del-dif-estatal-2","status":"publish","type":"post","link":"https:\/\/www.nexoinformativo.mx\/index.php\/2024\/10\/17\/car-herrera-de-kuri-presenta-su-tercer-informe-de-actividades-del-dif-estatal-2\/","title":{"rendered":"Car Herrera de Kuri presenta su tercer informe de actividades del DIF Estatal"},"content":{"rendered":"<p style=\"text-align: justify;\">En un evento significativo, Car Herrera de Kuri, presidenta del DIF Estatal, present\u00f3 su tercer informe de actividades del Sistema Estatal del DIF. Durante la presentaci\u00f3n, destac\u00f3 el apoyo brindado a m\u00e1s de 195 mil personas en el estado, quienes recibieron m\u00e1s de 160 mil servicios y apoyos, abarcando mas de 110 comunidades en los 18 municipios de Quer\u00e9taro.<\/p>\n<p>&nbsp;<\/p>\n<p style=\"text-align: justify;\">Herrera de Kuri explic\u00f3 que las acciones del DIF se organizan en tres ejes principales: cercan\u00eda, cuidado y comunidades. En el primer eje, se enfatiz\u00f3 el compromiso de atender a las personas m\u00e1s vulnerables de la regi\u00f3n.<\/p>\n<p>&nbsp;<\/p>\n<p style=\"text-align: justify;\">Uno de los logros m\u00e1s destacados fue la construcci\u00f3n del Centro Regional de Desarrollo Humano para Personas Adultas Mayores <strong>\u201cConsuelo Mart\u00ednez de G\u00f3mez\u201d<\/strong> en San Juan del R\u00edo. Beneficiado a habitantes de nueve municipios, ofreciendo un espacio adecuado para programas y servicios enfocados en las necesidades de los adultos mayores.<\/p>\n<p>&nbsp;<\/p>\n<p style=\"text-align: justify;\">Adem\u00e1s, se mencion\u00f3 la construcci\u00f3n de albergues como <strong>\u2018N\u00e4n\u00e4\u2019 y \u2018Dos Corazones\u2019<\/strong>, que ofrecer\u00e1n apoyo a mujeres embarazadas y a familias de pacientes internados en el Hospital del Ni\u00f1o y la Mujer en la capital queretana.<\/p>\n<p>&nbsp;<\/p>\n<p style=\"text-align: justify;\">\u201cGracias al sistema de protecci\u00f3n y cuidado del DIF, hemos podido apoyar a m\u00e1s de 208 mil personas en situaci\u00f3n vulnerable\u201d, subray\u00f3 Car. Por \u00faltimo, destac\u00f3 el trabajo conjunto con m\u00e1s de 300 asociaciones de la sociedad civil, empresas del sector privado y voluntarios, que lograron impactar positivamente la vida de 47 mil personas.<\/p>\n<p>&nbsp;<\/p>\n<p style=\"text-align: justify;\">El informe refleja el compromiso del DIF Estatal por mejorar la calidad de vida de los queretanos m\u00e1s necesitados, fomentando la solidaridad y el apoyo comunitario.<\/p>\n<p>&nbsp;<\/p>\n<p style=\"text-align: center;\"><em><strong>\u00a1Informaci\u00f3n que transforma!<\/strong><\/em><\/p>\n","protected":false},"excerpt":{"rendered":"<p>En un evento significativo, Car Herrera de Kuri, presidenta del DIF Estatal, present\u00f3 su tercer informe de actividades del Sistema Estatal del DIF.<\/p>\n","protected":false},"author":3,"featured_media":3726,"comment_status":"open","ping_status":"open","sticky":false,"template":"","format":"standard","meta":{"footnotes":""},"categories":[42,58],"tags":[1420,1419,1418,133],"class_list":["post-3703","post","type-post","status-publish","format-standard","has-post-thumbnail","hentry","category-estado","category-ultima-hora","tag-apoyosocial","tag-carherreradekuri","tag-difestatal","tag-queretaro"],"yoast_head":"<!-- This site is optimized with the Yoast SEO plugin v25.0 - https:\/\/yoast.com\/wordpress\/plugins\/seo\/ -->\n<title>Car Herrera de Kuri presenta su tercer informe de actividades del DIF Estatal | Nexo Informativo Santiago de Quer\u00e9taro<\/title>\n<meta name=\"description\" content=\"Car Herrera de Kuri presenta su tercer informe de Actividades del DIF Estatal\" \/>\n<meta name=\"robots\" content=\"index, follow, max-snippet:-1, max-image-preview:large, max-video-preview:-1\" \/>\n<link rel=\"canonical\" href=\"https:\/\/www.nexoinformativo.mx\/index.php\/2024\/10\/17\/car-herrera-de-kuri-presenta-su-tercer-informe-de-actividades-del-dif-estatal-2\/\" \/>\n<meta property=\"og:locale\" content=\"es_MX\" \/>\n<meta property=\"og:type\" content=\"article\" \/>\n<meta property=\"og:title\" content=\"Car Herrera de Kuri presenta su tercer informe de actividades del DIF Estatal | Nexo Informativo Santiago de Quer\u00e9taro\" \/>\n<meta property=\"og:description\" content=\"Car Herrera de Kuri presenta su tercer informe de Actividades del DIF Estatal\" \/>\n<meta property=\"og:url\" content=\"https:\/\/www.nexoinformativo.mx\/index.php\/2024\/10\/17\/car-herrera-de-kuri-presenta-su-tercer-informe-de-actividades-del-dif-estatal-2\/\" \/>\n<meta property=\"og:site_name\" content=\"Nexo Informativo Santiago de Quer\u00e9taro\" \/>\n<meta property=\"article:publisher\" content=\"https:\/\/www.facebook.com\/people\/Nexo-Informativo\/61564066885511\/\" \/>\n<meta property=\"article:published_time\" content=\"2024-10-17T19:30:34+00:00\" \/>\n<meta property=\"article:modified_time\" content=\"2024-10-17T23:35:41+00:00\" \/>\n<meta property=\"og:image\" content=\"https:\/\/www.nexoinformativo.mx\/wp-content\/uploads\/2024\/10\/IMG_6978.jpg\" \/>\n\t<meta property=\"og:image:width\" content=\"782\" \/>\n\t<meta property=\"og:image:height\" content=\"600\" \/>\n\t<meta property=\"og:image:type\" content=\"image\/jpeg\" \/>\n<meta name=\"author\" content=\"Nexo Informativo\" \/>\n<meta name=\"twitter:card\" content=\"summary_large_image\" \/>\n<meta name=\"twitter:label1\" content=\"Escrito por\" \/>\n\t<meta name=\"twitter:data1\" content=\"Nexo Informativo\" \/>\n\t<meta name=\"twitter:label2\" content=\"Tiempo de lectura\" \/>\n\t<meta name=\"twitter:data2\" content=\"2 minutos\" \/>\n<script type=\"application\/ld+json\" class=\"yoast-schema-graph\">{\"@context\":\"https:\/\/schema.org\",\"@graph\":[{\"@type\":\"Article\",\"@id\":\"https:\/\/www.nexoinformativo.mx\/index.php\/2024\/10\/17\/car-herrera-de-kuri-presenta-su-tercer-informe-de-actividades-del-dif-estatal-2\/#article\",\"isPartOf\":{\"@id\":\"https:\/\/www.nexoinformativo.mx\/index.php\/2024\/10\/17\/car-herrera-de-kuri-presenta-su-tercer-informe-de-actividades-del-dif-estatal-2\/\"},\"author\":{\"name\":\"Nexo Informativo\",\"@id\":\"https:\/\/www.nexoinformativo.mx\/#\/schema\/person\/7749d380ba08c8ca00d7bc76fd907b7d\"},\"headline\":\"Car Herrera de Kuri presenta su tercer informe de actividades del DIF Estatal\",\"datePublished\":\"2024-10-17T19:30:34+00:00\",\"dateModified\":\"2024-10-17T23:35:41+00:00\",\"mainEntityOfPage\":{\"@id\":\"https:\/\/www.nexoinformativo.mx\/index.php\/2024\/10\/17\/car-herrera-de-kuri-presenta-su-tercer-informe-de-actividades-del-dif-estatal-2\/\"},\"wordCount\":300,\"commentCount\":0,\"publisher\":{\"@id\":\"https:\/\/www.nexoinformativo.mx\/#organization\"},\"image\":{\"@id\":\"https:\/\/www.nexoinformativo.mx\/index.php\/2024\/10\/17\/car-herrera-de-kuri-presenta-su-tercer-informe-de-actividades-del-dif-estatal-2\/#primaryimage\"},\"thumbnailUrl\":\"https:\/\/www.nexoinformativo.mx\/wp-content\/uploads\/2024\/10\/IMG_6978.jpg\",\"keywords\":[\"ApoyoSocial\",\"CarHerreraDeKuri\",\"DIFEstatal\",\"Quer\u00e9taro\"],\"articleSection\":[\"Estado\",\"\u00daltima Hora\"],\"inLanguage\":\"es\",\"potentialAction\":[{\"@type\":\"CommentAction\",\"name\":\"Comment\",\"target\":[\"https:\/\/www.nexoinformativo.mx\/index.php\/2024\/10\/17\/car-herrera-de-kuri-presenta-su-tercer-informe-de-actividades-del-dif-estatal-2\/#respond\"]}]},{\"@type\":\"WebPage\",\"@id\":\"https:\/\/www.nexoinformativo.mx\/index.php\/2024\/10\/17\/car-herrera-de-kuri-presenta-su-tercer-informe-de-actividades-del-dif-estatal-2\/\",\"url\":\"https:\/\/www.nexoinformativo.mx\/index.php\/2024\/10\/17\/car-herrera-de-kuri-presenta-su-tercer-informe-de-actividades-del-dif-estatal-2\/\",\"name\":\"Car Herrera de Kuri presenta su tercer informe de actividades del DIF Estatal | Nexo Informativo Santiago de Quer\u00e9taro\",\"isPartOf\":{\"@id\":\"https:\/\/www.nexoinformativo.mx\/#website\"},\"primaryImageOfPage\":{\"@id\":\"https:\/\/www.nexoinformativo.mx\/index.php\/2024\/10\/17\/car-herrera-de-kuri-presenta-su-tercer-informe-de-actividades-del-dif-estatal-2\/#primaryimage\"},\"image\":{\"@id\":\"https:\/\/www.nexoinformativo.mx\/index.php\/2024\/10\/17\/car-herrera-de-kuri-presenta-su-tercer-informe-de-actividades-del-dif-estatal-2\/#primaryimage\"},\"thumbnailUrl\":\"https:\/\/www.nexoinformativo.mx\/wp-content\/uploads\/2024\/10\/IMG_6978.jpg\",\"datePublished\":\"2024-10-17T19:30:34+00:00\",\"dateModified\":\"2024-10-17T23:35:41+00:00\",\"description\":\"Car Herrera de Kuri presenta su tercer informe de Actividades del DIF Estatal\",\"breadcrumb\":{\"@id\":\"https:\/\/www.nexoinformativo.mx\/index.php\/2024\/10\/17\/car-herrera-de-kuri-presenta-su-tercer-informe-de-actividades-del-dif-estatal-2\/#breadcrumb\"},\"inLanguage\":\"es\",\"potentialAction\":[{\"@type\":\"ReadAction\",\"target\":[\"https:\/\/www.nexoinformativo.mx\/index.php\/2024\/10\/17\/car-herrera-de-kuri-presenta-su-tercer-informe-de-actividades-del-dif-estatal-2\/\"]}]},{\"@type\":\"ImageObject\",\"inLanguage\":\"es\",\"@id\":\"https:\/\/www.nexoinformativo.mx\/index.php\/2024\/10\/17\/car-herrera-de-kuri-presenta-su-tercer-informe-de-actividades-del-dif-estatal-2\/#primaryimage\",\"url\":\"https:\/\/www.nexoinformativo.mx\/wp-content\/uploads\/2024\/10\/IMG_6978.jpg\",\"contentUrl\":\"https:\/\/www.nexoinformativo.mx\/wp-content\/uploads\/2024\/10\/IMG_6978.jpg\",\"width\":782,\"height\":600,\"caption\":\"Screenshot\"},{\"@type\":\"BreadcrumbList\",\"@id\":\"https:\/\/www.nexoinformativo.mx\/index.php\/2024\/10\/17\/car-herrera-de-kuri-presenta-su-tercer-informe-de-actividades-del-dif-estatal-2\/#breadcrumb\",\"itemListElement\":[{\"@type\":\"ListItem\",\"position\":1,\"name\":\"Inicio\",\"item\":\"https:\/\/www.nexoinformativo.mx\/\"},{\"@type\":\"ListItem\",\"position\":2,\"name\":\"Car Herrera de Kuri presenta su tercer informe de actividades del DIF Estatal\"}]},{\"@type\":\"WebSite\",\"@id\":\"https:\/\/www.nexoinformativo.mx\/#website\",\"url\":\"https:\/\/www.nexoinformativo.mx\/\",\"name\":\"Nexo Informativo Santiago de Quer\u00e9taro\",\"description\":\"Explora NexoInformativo y convi\u00e9rtete en parte de una comunidad que valora el conocimiento y la verdad. Tu nexoinformativo es tu puente hacia una comprensi\u00f3n m\u00e1s profunda del mundo que te rodea.\",\"publisher\":{\"@id\":\"https:\/\/www.nexoinformativo.mx\/#organization\"},\"potentialAction\":[{\"@type\":\"SearchAction\",\"target\":{\"@type\":\"EntryPoint\",\"urlTemplate\":\"https:\/\/www.nexoinformativo.mx\/?s={search_term_string}\"},\"query-input\":{\"@type\":\"PropertyValueSpecification\",\"valueRequired\":true,\"valueName\":\"search_term_string\"}}],\"inLanguage\":\"es\"},{\"@type\":\"Organization\",\"@id\":\"https:\/\/www.nexoinformativo.mx\/#organization\",\"name\":\"Nexo Informativo Santiago de Quer\u00e9taro\",\"url\":\"https:\/\/www.nexoinformativo.mx\/\",\"logo\":{\"@type\":\"ImageObject\",\"inLanguage\":\"es\",\"@id\":\"https:\/\/www.nexoinformativo.mx\/#\/schema\/logo\/image\/\",\"url\":\"https:\/\/www.nexoinformativo.mx\/wp-content\/uploads\/2024\/07\/nexoi-trasparente-2.png\",\"contentUrl\":\"https:\/\/www.nexoinformativo.mx\/wp-content\/uploads\/2024\/07\/nexoi-trasparente-2.png\",\"width\":816,\"height\":339,\"caption\":\"Nexo Informativo Santiago de Quer\u00e9taro\"},\"image\":{\"@id\":\"https:\/\/www.nexoinformativo.mx\/#\/schema\/logo\/image\/\"},\"sameAs\":[\"https:\/\/www.facebook.com\/people\/Nexo-Informativo\/61564066885511\/\"]},{\"@type\":\"Person\",\"@id\":\"https:\/\/www.nexoinformativo.mx\/#\/schema\/person\/7749d380ba08c8ca00d7bc76fd907b7d\",\"name\":\"Nexo Informativo\",\"image\":{\"@type\":\"ImageObject\",\"inLanguage\":\"es\",\"@id\":\"https:\/\/www.nexoinformativo.mx\/#\/schema\/person\/image\/\",\"url\":\"https:\/\/secure.gravatar.com\/avatar\/dde2928154642a13d95f87ddf1ea9718fe2b46760a005c53e41ff5ad610704e6?s=96&d=mm&r=g\",\"contentUrl\":\"https:\/\/secure.gravatar.com\/avatar\/dde2928154642a13d95f87ddf1ea9718fe2b46760a005c53e41ff5ad610704e6?s=96&d=mm&r=g\",\"caption\":\"Nexo Informativo\"},\"url\":\"https:\/\/www.nexoinformativo.mx\/index.php\/author\/edicion\/\"}]}<\/script>\n<!-- \/ Yoast SEO plugin. -->","yoast_head_json":{"title":"Car Herrera de Kuri presenta su tercer informe de actividades del DIF Estatal | Nexo Informativo Santiago de Quer\u00e9taro","description":"Car Herrera de Kuri presenta su tercer informe de Actividades del DIF Estatal","robots":{"index":"index","follow":"follow","max-snippet":"max-snippet:-1","max-image-preview":"max-image-preview:large","max-video-preview":"max-video-preview:-1"},"canonical":"https:\/\/www.nexoinformativo.mx\/index.php\/2024\/10\/17\/car-herrera-de-kuri-presenta-su-tercer-informe-de-actividades-del-dif-estatal-2\/","og_locale":"es_MX","og_type":"article","og_title":"Car Herrera de Kuri presenta su tercer informe de actividades del DIF Estatal | Nexo Informativo Santiago de Quer\u00e9taro","og_description":"Car Herrera de Kuri presenta su tercer informe de Actividades del DIF Estatal","og_url":"https:\/\/www.nexoinformativo.mx\/index.php\/2024\/10\/17\/car-herrera-de-kuri-presenta-su-tercer-informe-de-actividades-del-dif-estatal-2\/","og_site_name":"Nexo Informativo Santiago de Quer\u00e9taro","article_publisher":"https:\/\/www.facebook.com\/people\/Nexo-Informativo\/61564066885511\/","article_published_time":"2024-10-17T19:30:34+00:00","article_modified_time":"2024-10-17T23:35:41+00:00","og_image":[{"width":782,"height":600,"url":"https:\/\/www.nexoinformativo.mx\/wp-content\/uploads\/2024\/10\/IMG_6978.jpg","type":"image\/jpeg"}],"author":"Nexo Informativo","twitter_card":"summary_large_image","twitter_misc":{"Escrito por":"Nexo Informativo","Tiempo de lectura":"2 minutos"},"schema":{"@context":"https:\/\/schema.org","@graph":[{"@type":"Article","@id":"https:\/\/www.nexoinformativo.mx\/index.php\/2024\/10\/17\/car-herrera-de-kuri-presenta-su-tercer-informe-de-actividades-del-dif-estatal-2\/#article","isPartOf":{"@id":"https:\/\/www.nexoinformativo.mx\/index.php\/2024\/10\/17\/car-herrera-de-kuri-presenta-su-tercer-informe-de-actividades-del-dif-estatal-2\/"},"author":{"name":"Nexo Informativo","@id":"https:\/\/www.nexoinformativo.mx\/#\/schema\/person\/7749d380ba08c8ca00d7bc76fd907b7d"},"headline":"Car Herrera de Kuri presenta su tercer informe de actividades del DIF Estatal","datePublished":"2024-10-17T19:30:34+00:00","dateModified":"2024-10-17T23:35:41+00:00","mainEntityOfPage":{"@id":"https:\/\/www.nexoinformativo.mx\/index.php\/2024\/10\/17\/car-herrera-de-kuri-presenta-su-tercer-informe-de-actividades-del-dif-estatal-2\/"},"wordCount":300,"commentCount":0,"publisher":{"@id":"https:\/\/www.nexoinformativo.mx\/#organization"},"image":{"@id":"https:\/\/www.nexoinformativo.mx\/index.php\/2024\/10\/17\/car-herrera-de-kuri-presenta-su-tercer-informe-de-actividades-del-dif-estatal-2\/#primaryimage"},"thumbnailUrl":"https:\/\/www.nexoinformativo.mx\/wp-content\/uploads\/2024\/10\/IMG_6978.jpg","keywords":["ApoyoSocial","CarHerreraDeKuri","DIFEstatal","Quer\u00e9taro"],"articleSection":["Estado","\u00daltima Hora"],"inLanguage":"es","potentialAction":[{"@type":"CommentAction","name":"Comment","target":["https:\/\/www.nexoinformativo.mx\/index.php\/2024\/10\/17\/car-herrera-de-kuri-presenta-su-tercer-informe-de-actividades-del-dif-estatal-2\/#respond"]}]},{"@type":"WebPage","@id":"https:\/\/www.nexoinformativo.mx\/index.php\/2024\/10\/17\/car-herrera-de-kuri-presenta-su-tercer-informe-de-actividades-del-dif-estatal-2\/","url":"https:\/\/www.nexoinformativo.mx\/index.php\/2024\/10\/17\/car-herrera-de-kuri-presenta-su-tercer-informe-de-actividades-del-dif-estatal-2\/","name":"Car Herrera de Kuri presenta su tercer informe de actividades del DIF Estatal | Nexo Informativo Santiago de Quer\u00e9taro","isPartOf":{"@id":"https:\/\/www.nexoinformativo.mx\/#website"},"primaryImageOfPage":{"@id":"https:\/\/www.nexoinformativo.mx\/index.php\/2024\/10\/17\/car-herrera-de-kuri-presenta-su-tercer-informe-de-actividades-del-dif-estatal-2\/#primaryimage"},"image":{"@id":"https:\/\/www.nexoinformativo.mx\/index.php\/2024\/10\/17\/car-herrera-de-kuri-presenta-su-tercer-informe-de-actividades-del-dif-estatal-2\/#primaryimage"},"thumbnailUrl":"https:\/\/www.nexoinformativo.mx\/wp-content\/uploads\/2024\/10\/IMG_6978.jpg","datePublished":"2024-10-17T19:30:34+00:00","dateModified":"2024-10-17T23:35:41+00:00","description":"Car Herrera de Kuri presenta su tercer informe de Actividades del DIF Estatal","breadcrumb":{"@id":"https:\/\/www.nexoinformativo.mx\/index.php\/2024\/10\/17\/car-herrera-de-kuri-presenta-su-tercer-informe-de-actividades-del-dif-estatal-2\/#breadcrumb"},"inLanguage":"es","potentialAction":[{"@type":"ReadAction","target":["https:\/\/www.nexoinformativo.mx\/index.php\/2024\/10\/17\/car-herrera-de-kuri-presenta-su-tercer-informe-de-actividades-del-dif-estatal-2\/"]}]},{"@type":"ImageObject","inLanguage":"es","@id":"https:\/\/www.nexoinformativo.mx\/index.php\/2024\/10\/17\/car-herrera-de-kuri-presenta-su-tercer-informe-de-actividades-del-dif-estatal-2\/#primaryimage","url":"https:\/\/www.nexoinformativo.mx\/wp-content\/uploads\/2024\/10\/IMG_6978.jpg","contentUrl":"https:\/\/www.nexoinformativo.mx\/wp-content\/uploads\/2024\/10\/IMG_6978.jpg","width":782,"height":600,"caption":"Screenshot"},{"@type":"BreadcrumbList","@id":"https:\/\/www.nexoinformativo.mx\/index.php\/2024\/10\/17\/car-herrera-de-kuri-presenta-su-tercer-informe-de-actividades-del-dif-estatal-2\/#breadcrumb","itemListElement":[{"@type":"ListItem","position":1,"name":"Inicio","item":"https:\/\/www.nexoinformativo.mx\/"},{"@type":"ListItem","position":2,"name":"Car Herrera de Kuri presenta su tercer informe de actividades del DIF Estatal"}]},{"@type":"WebSite","@id":"https:\/\/www.nexoinformativo.mx\/#website","url":"https:\/\/www.nexoinformativo.mx\/","name":"Nexo Informativo Santiago de Quer\u00e9taro","description":"Explora NexoInformativo y convi\u00e9rtete en parte de una comunidad que valora el conocimiento y la verdad. Tu nexoinformativo es tu puente hacia una comprensi\u00f3n m\u00e1s profunda del mundo que te rodea.","publisher":{"@id":"https:\/\/www.nexoinformativo.mx\/#organization"},"potentialAction":[{"@type":"SearchAction","target":{"@type":"EntryPoint","urlTemplate":"https:\/\/www.nexoinformativo.mx\/?s={search_term_string}"},"query-input":{"@type":"PropertyValueSpecification","valueRequired":true,"valueName":"search_term_string"}}],"inLanguage":"es"},{"@type":"Organization","@id":"https:\/\/www.nexoinformativo.mx\/#organization","name":"Nexo Informativo Santiago de Quer\u00e9taro","url":"https:\/\/www.nexoinformativo.mx\/","logo":{"@type":"ImageObject","inLanguage":"es","@id":"https:\/\/www.nexoinformativo.mx\/#\/schema\/logo\/image\/","url":"https:\/\/www.nexoinformativo.mx\/wp-content\/uploads\/2024\/07\/nexoi-trasparente-2.png","contentUrl":"https:\/\/www.nexoinformativo.mx\/wp-content\/uploads\/2024\/07\/nexoi-trasparente-2.png","width":816,"height":339,"caption":"Nexo Informativo Santiago de Quer\u00e9taro"},"image":{"@id":"https:\/\/www.nexoinformativo.mx\/#\/schema\/logo\/image\/"},"sameAs":["https:\/\/www.facebook.com\/people\/Nexo-Informativo\/61564066885511\/"]},{"@type":"Person","@id":"https:\/\/www.nexoinformativo.mx\/#\/schema\/person\/7749d380ba08c8ca00d7bc76fd907b7d","name":"Nexo Informativo","image":{"@type":"ImageObject","inLanguage":"es","@id":"https:\/\/www.nexoinformativo.mx\/#\/schema\/person\/image\/","url":"https:\/\/secure.gravatar.com\/avatar\/dde2928154642a13d95f87ddf1ea9718fe2b46760a005c53e41ff5ad610704e6?s=96&d=mm&r=g","contentUrl":"https:\/\/secure.gravatar.com\/avatar\/dde2928154642a13d95f87ddf1ea9718fe2b46760a005c53e41ff5ad610704e6?s=96&d=mm&r=g","caption":"Nexo Informativo"},"url":"https:\/\/www.nexoinformativo.mx\/index.php\/author\/edicion\/"}]}},"_links":{"self":[{"href":"https:\/\/www.nexoinformativo.mx\/index.php\/wp-json\/wp\/v2\/posts\/3703","targetHints":{"allow":["GET"]}}],"collection":[{"href":"https:\/\/www.nexoinformativo.mx\/index.php\/wp-json\/wp\/v2\/posts"}],"about":[{"href":"https:\/\/www.nexoinformativo.mx\/index.php\/wp-json\/wp\/v2\/types\/post"}],"author":[{"embeddable":true,"href":"https:\/\/www.nexoinformativo.mx\/index.php\/wp-json\/wp\/v2\/users\/3"}],"replies":[{"embeddable":true,"href":"https:\/\/www.nexoinformativo.mx\/index.php\/wp-json\/wp\/v2\/comments?post=3703"}],"version-history":[{"count":7,"href":"https:\/\/www.nexoinformativo.mx\/index.php\/wp-json\/wp\/v2\/posts\/3703\/revisions"}],"predecessor-version":[{"id":3705,"href":"https:\/\/www.nexoinformativo.mx\/index.php\/wp-json\/wp\/v2\/posts\/3703\/revisions\/3705"}],"wp:featuredmedia":[{"embeddable":true,"href":"https:\/\/www.nexoinformativo.mx\/index.php\/wp-json\/wp\/v2\/media\/3726"}],"wp:attachment":[{"href":"https:\/\/www.nexoinformativo.mx\/index.php\/wp-json\/wp\/v2\/media?parent=3703"}],"wp:term":[{"taxonomy":"category","embeddable":true,"href":"https:\/\/www.nexoinformativo.mx\/index.php\/wp-json\/wp\/v2\/categories?post=3703"},{"taxonomy":"post_tag","embeddable":true,"href":"https:\/\/www.nexoinformativo.mx\/index.php\/wp-json\/wp\/v2\/tags?post=3703"}],"curies":[{"name":"wp","href":"https:\/\/api.w.org\/{rel}","templated":true}]}}