{"id":3712,"date":"2024-10-17T15:00:40","date_gmt":"2024-10-17T21:00:40","guid":{"rendered":"https:\/\/www.nexoinformativo.mx\/?p=3712"},"modified":"2024-10-17T16:51:32","modified_gmt":"2024-10-17T22:51:32","slug":"pinal-de-amoles-se-prepara-para-la-temporada-de-bajas-temperaturas","status":"publish","type":"post","link":"https:\/\/www.nexoinformativo.mx\/index.php\/2024\/10\/17\/pinal-de-amoles-se-prepara-para-la-temporada-de-bajas-temperaturas\/","title":{"rendered":"Pinal de Amoles se prepara para la temporada de bajas temperaturas"},"content":{"rendered":"<p style=\"text-align: justify;\">El municipio de Pinal de Amoles, conocido por su clima monta\u00f1oso, se prepara para enfrentar las bajas temperaturas que llegar\u00e1n en noviembre, seg\u00fan inform\u00f3 Guadalupe Ram\u00edrez, presidenta municipal.<\/p>\n<p>&nbsp;<\/p>\n<p style=\"text-align: justify;\">Las autoridades locales han identificado tres espacios que podr\u00edan ser habilitados como albergues en caso de que las temperaturas extremas lo requieran, con pron\u00f3sticos que podr\u00edan llegar a -3\u00b0C en las zonas m\u00e1s altas que son monitoreadas por Protecci\u00f3n civil.<\/p>\n<p>&nbsp;<\/p>\n<p style=\"text-align: justify;\">Ram\u00edrez Plaza explic\u00f3 que, a\u00fan no se han habilitado los albergues, ya se han registrado temperaturas m\u00ednimas de 5\u00b0C en las ma\u00f1anas. &#8220;<strong>Esperamos que en noviembre las temperaturas desciendan m\u00e1s, por lo que estamos listos con tres lugares habilitados como albergues&#8221;<\/strong>, detall\u00f3<\/p>\n<p>&nbsp;<\/p>\n<p style=\"text-align: justify;\">Con la llegada del invierno, Pinal de Amoles toma medidas preventivas para cuidar a sus habitantes y evitar afectaciones mayores debido a las bajas temperaturas.<\/p>\n<p>&nbsp;<\/p>\n<p style=\"text-align: justify;\">Las autoridades invitan a la poblaci\u00f3n a mantenerse informada y seguir las recomendaciones de Protecci\u00f3n Civil para estar preparados ante cualquier contingencia y reportar cualquier situaci\u00f3n de emergencia al 911.<\/p>\n<p>&nbsp;<\/p>\n<p style=\"text-align: center;\"><em><strong>\u00a1Informaci\u00f3n que transforma!<\/strong><\/em><\/p>\n","protected":false},"excerpt":{"rendered":"<p>El municipio de Pinal de Amoles, conocido por su clima monta\u00f1oso, se prepara para enfrentar las bajas temperaturas que llegar\u00e1n en noviembre, seg\u00fan inform\u00f3 Guadalupe Ram\u00edrez, presidenta municipal. &nbsp; Las autoridades locales han identificado tres espacios que podr\u00edan ser habilitados como albergues en caso de que las temperaturas extremas lo requieran, con pron\u00f3sticos que podr\u00edan [&hellip;]<\/p>\n","protected":false},"author":3,"featured_media":3713,"comment_status":"open","ping_status":"open","sticky":false,"template":"","format":"standard","meta":{"footnotes":""},"categories":[65,58],"tags":[1209,1421,1422,154],"class_list":["post-3712","post","type-post","status-publish","format-standard","has-post-thumbnail","hentry","category-municipios","category-ultima-hora","tag-albergues","tag-frioenpinaldeamoles","tag-inviernoqueretaro","tag-proteccioncivil"],"yoast_head":"<!-- This site is optimized with the Yoast SEO plugin v25.0 - https:\/\/yoast.com\/wordpress\/plugins\/seo\/ -->\n<title>Pinal de Amoles se prepara para la temporada de bajas temperaturas | Nexo Informativo Santiago de Quer\u00e9taro<\/title>\n<meta name=\"description\" content=\"Pinal de Amoles se prepara para la temporada de bajas temperaturas\" \/>\n<meta name=\"robots\" content=\"index, follow, max-snippet:-1, max-image-preview:large, max-video-preview:-1\" \/>\n<link rel=\"canonical\" href=\"https:\/\/www.nexoinformativo.mx\/index.php\/2024\/10\/17\/pinal-de-amoles-se-prepara-para-la-temporada-de-bajas-temperaturas\/\" \/>\n<meta property=\"og:locale\" content=\"es_MX\" \/>\n<meta property=\"og:type\" content=\"article\" \/>\n<meta property=\"og:title\" content=\"Pinal de Amoles se prepara para la temporada de bajas temperaturas | Nexo Informativo Santiago de Quer\u00e9taro\" \/>\n<meta property=\"og:description\" content=\"Pinal de Amoles se prepara para la temporada de bajas temperaturas\" \/>\n<meta property=\"og:url\" content=\"https:\/\/www.nexoinformativo.mx\/index.php\/2024\/10\/17\/pinal-de-amoles-se-prepara-para-la-temporada-de-bajas-temperaturas\/\" \/>\n<meta property=\"og:site_name\" content=\"Nexo Informativo Santiago de Quer\u00e9taro\" \/>\n<meta property=\"article:publisher\" content=\"https:\/\/www.facebook.com\/people\/Nexo-Informativo\/61564066885511\/\" \/>\n<meta property=\"article:published_time\" content=\"2024-10-17T21:00:40+00:00\" \/>\n<meta property=\"article:modified_time\" content=\"2024-10-17T22:51:32+00:00\" \/>\n<meta property=\"og:image\" content=\"https:\/\/www.nexoinformativo.mx\/wp-content\/uploads\/2024\/10\/PHOTO-2024-10-17-15-49-57-e1729205407842.jpg\" \/>\n\t<meta property=\"og:image:width\" content=\"800\" \/>\n\t<meta property=\"og:image:height\" content=\"1000\" \/>\n\t<meta property=\"og:image:type\" content=\"image\/jpeg\" \/>\n<meta name=\"author\" content=\"Nexo Informativo\" \/>\n<meta name=\"twitter:card\" content=\"summary_large_image\" \/>\n<meta name=\"twitter:label1\" content=\"Escrito por\" \/>\n\t<meta name=\"twitter:data1\" content=\"Nexo Informativo\" \/>\n\t<meta name=\"twitter:label2\" content=\"Tiempo de lectura\" \/>\n\t<meta name=\"twitter:data2\" content=\"1 minuto\" \/>\n<script type=\"application\/ld+json\" class=\"yoast-schema-graph\">{\"@context\":\"https:\/\/schema.org\",\"@graph\":[{\"@type\":\"Article\",\"@id\":\"https:\/\/www.nexoinformativo.mx\/index.php\/2024\/10\/17\/pinal-de-amoles-se-prepara-para-la-temporada-de-bajas-temperaturas\/#article\",\"isPartOf\":{\"@id\":\"https:\/\/www.nexoinformativo.mx\/index.php\/2024\/10\/17\/pinal-de-amoles-se-prepara-para-la-temporada-de-bajas-temperaturas\/\"},\"author\":{\"name\":\"Nexo Informativo\",\"@id\":\"https:\/\/www.nexoinformativo.mx\/#\/schema\/person\/7749d380ba08c8ca00d7bc76fd907b7d\"},\"headline\":\"Pinal de Amoles se prepara para la temporada de bajas temperaturas\",\"datePublished\":\"2024-10-17T21:00:40+00:00\",\"dateModified\":\"2024-10-17T22:51:32+00:00\",\"mainEntityOfPage\":{\"@id\":\"https:\/\/www.nexoinformativo.mx\/index.php\/2024\/10\/17\/pinal-de-amoles-se-prepara-para-la-temporada-de-bajas-temperaturas\/\"},\"wordCount\":202,\"commentCount\":0,\"publisher\":{\"@id\":\"https:\/\/www.nexoinformativo.mx\/#organization\"},\"image\":{\"@id\":\"https:\/\/www.nexoinformativo.mx\/index.php\/2024\/10\/17\/pinal-de-amoles-se-prepara-para-la-temporada-de-bajas-temperaturas\/#primaryimage\"},\"thumbnailUrl\":\"https:\/\/www.nexoinformativo.mx\/wp-content\/uploads\/2024\/10\/PHOTO-2024-10-17-15-49-57-e1729205407842.jpg\",\"keywords\":[\"Albergues\",\"Fr\u00edoEnPinalDeAmoles\",\"InviernoQuer\u00e9taro\",\"proteccioncivil\"],\"articleSection\":[\"Municipios\",\"\u00daltima Hora\"],\"inLanguage\":\"es\",\"potentialAction\":[{\"@type\":\"CommentAction\",\"name\":\"Comment\",\"target\":[\"https:\/\/www.nexoinformativo.mx\/index.php\/2024\/10\/17\/pinal-de-amoles-se-prepara-para-la-temporada-de-bajas-temperaturas\/#respond\"]}]},{\"@type\":\"WebPage\",\"@id\":\"https:\/\/www.nexoinformativo.mx\/index.php\/2024\/10\/17\/pinal-de-amoles-se-prepara-para-la-temporada-de-bajas-temperaturas\/\",\"url\":\"https:\/\/www.nexoinformativo.mx\/index.php\/2024\/10\/17\/pinal-de-amoles-se-prepara-para-la-temporada-de-bajas-temperaturas\/\",\"name\":\"Pinal de Amoles se prepara para la temporada de bajas temperaturas | Nexo Informativo Santiago de Quer\u00e9taro\",\"isPartOf\":{\"@id\":\"https:\/\/www.nexoinformativo.mx\/#website\"},\"primaryImageOfPage\":{\"@id\":\"https:\/\/www.nexoinformativo.mx\/index.php\/2024\/10\/17\/pinal-de-amoles-se-prepara-para-la-temporada-de-bajas-temperaturas\/#primaryimage\"},\"image\":{\"@id\":\"https:\/\/www.nexoinformativo.mx\/index.php\/2024\/10\/17\/pinal-de-amoles-se-prepara-para-la-temporada-de-bajas-temperaturas\/#primaryimage\"},\"thumbnailUrl\":\"https:\/\/www.nexoinformativo.mx\/wp-content\/uploads\/2024\/10\/PHOTO-2024-10-17-15-49-57-e1729205407842.jpg\",\"datePublished\":\"2024-10-17T21:00:40+00:00\",\"dateModified\":\"2024-10-17T22:51:32+00:00\",\"description\":\"Pinal de Amoles se prepara para la temporada de bajas temperaturas\",\"breadcrumb\":{\"@id\":\"https:\/\/www.nexoinformativo.mx\/index.php\/2024\/10\/17\/pinal-de-amoles-se-prepara-para-la-temporada-de-bajas-temperaturas\/#breadcrumb\"},\"inLanguage\":\"es\",\"potentialAction\":[{\"@type\":\"ReadAction\",\"target\":[\"https:\/\/www.nexoinformativo.mx\/index.php\/2024\/10\/17\/pinal-de-amoles-se-prepara-para-la-temporada-de-bajas-temperaturas\/\"]}]},{\"@type\":\"ImageObject\",\"inLanguage\":\"es\",\"@id\":\"https:\/\/www.nexoinformativo.mx\/index.php\/2024\/10\/17\/pinal-de-amoles-se-prepara-para-la-temporada-de-bajas-temperaturas\/#primaryimage\",\"url\":\"https:\/\/www.nexoinformativo.mx\/wp-content\/uploads\/2024\/10\/PHOTO-2024-10-17-15-49-57-e1729205407842.jpg\",\"contentUrl\":\"https:\/\/www.nexoinformativo.mx\/wp-content\/uploads\/2024\/10\/PHOTO-2024-10-17-15-49-57-e1729205407842.jpg\",\"width\":800,\"height\":1000},{\"@type\":\"BreadcrumbList\",\"@id\":\"https:\/\/www.nexoinformativo.mx\/index.php\/2024\/10\/17\/pinal-de-amoles-se-prepara-para-la-temporada-de-bajas-temperaturas\/#breadcrumb\",\"itemListElement\":[{\"@type\":\"ListItem\",\"position\":1,\"name\":\"Inicio\",\"item\":\"https:\/\/www.nexoinformativo.mx\/\"},{\"@type\":\"ListItem\",\"position\":2,\"name\":\"Pinal de Amoles se prepara para la temporada de bajas temperaturas\"}]},{\"@type\":\"WebSite\",\"@id\":\"https:\/\/www.nexoinformativo.mx\/#website\",\"url\":\"https:\/\/www.nexoinformativo.mx\/\",\"name\":\"Nexo Informativo Santiago de Quer\u00e9taro\",\"description\":\"Explora NexoInformativo y convi\u00e9rtete en parte de una comunidad que valora el conocimiento y la verdad. Tu nexoinformativo es tu puente hacia una comprensi\u00f3n m\u00e1s profunda del mundo que te rodea.\",\"publisher\":{\"@id\":\"https:\/\/www.nexoinformativo.mx\/#organization\"},\"potentialAction\":[{\"@type\":\"SearchAction\",\"target\":{\"@type\":\"EntryPoint\",\"urlTemplate\":\"https:\/\/www.nexoinformativo.mx\/?s={search_term_string}\"},\"query-input\":{\"@type\":\"PropertyValueSpecification\",\"valueRequired\":true,\"valueName\":\"search_term_string\"}}],\"inLanguage\":\"es\"},{\"@type\":\"Organization\",\"@id\":\"https:\/\/www.nexoinformativo.mx\/#organization\",\"name\":\"Nexo Informativo Santiago de Quer\u00e9taro\",\"url\":\"https:\/\/www.nexoinformativo.mx\/\",\"logo\":{\"@type\":\"ImageObject\",\"inLanguage\":\"es\",\"@id\":\"https:\/\/www.nexoinformativo.mx\/#\/schema\/logo\/image\/\",\"url\":\"https:\/\/www.nexoinformativo.mx\/wp-content\/uploads\/2024\/07\/nexoi-trasparente-2.png\",\"contentUrl\":\"https:\/\/www.nexoinformativo.mx\/wp-content\/uploads\/2024\/07\/nexoi-trasparente-2.png\",\"width\":816,\"height\":339,\"caption\":\"Nexo Informativo Santiago de Quer\u00e9taro\"},\"image\":{\"@id\":\"https:\/\/www.nexoinformativo.mx\/#\/schema\/logo\/image\/\"},\"sameAs\":[\"https:\/\/www.facebook.com\/people\/Nexo-Informativo\/61564066885511\/\"]},{\"@type\":\"Person\",\"@id\":\"https:\/\/www.nexoinformativo.mx\/#\/schema\/person\/7749d380ba08c8ca00d7bc76fd907b7d\",\"name\":\"Nexo Informativo\",\"image\":{\"@type\":\"ImageObject\",\"inLanguage\":\"es\",\"@id\":\"https:\/\/www.nexoinformativo.mx\/#\/schema\/person\/image\/\",\"url\":\"https:\/\/secure.gravatar.com\/avatar\/dde2928154642a13d95f87ddf1ea9718fe2b46760a005c53e41ff5ad610704e6?s=96&d=mm&r=g\",\"contentUrl\":\"https:\/\/secure.gravatar.com\/avatar\/dde2928154642a13d95f87ddf1ea9718fe2b46760a005c53e41ff5ad610704e6?s=96&d=mm&r=g\",\"caption\":\"Nexo Informativo\"},\"url\":\"https:\/\/www.nexoinformativo.mx\/index.php\/author\/edicion\/\"}]}<\/script>\n<!-- \/ Yoast SEO plugin. -->","yoast_head_json":{"title":"Pinal de Amoles se prepara para la temporada de bajas temperaturas | Nexo Informativo Santiago de Quer\u00e9taro","description":"Pinal de Amoles se prepara para la temporada de bajas temperaturas","robots":{"index":"index","follow":"follow","max-snippet":"max-snippet:-1","max-image-preview":"max-image-preview:large","max-video-preview":"max-video-preview:-1"},"canonical":"https:\/\/www.nexoinformativo.mx\/index.php\/2024\/10\/17\/pinal-de-amoles-se-prepara-para-la-temporada-de-bajas-temperaturas\/","og_locale":"es_MX","og_type":"article","og_title":"Pinal de Amoles se prepara para la temporada de bajas temperaturas | Nexo Informativo Santiago de Quer\u00e9taro","og_description":"Pinal de Amoles se prepara para la temporada de bajas temperaturas","og_url":"https:\/\/www.nexoinformativo.mx\/index.php\/2024\/10\/17\/pinal-de-amoles-se-prepara-para-la-temporada-de-bajas-temperaturas\/","og_site_name":"Nexo Informativo Santiago de Quer\u00e9taro","article_publisher":"https:\/\/www.facebook.com\/people\/Nexo-Informativo\/61564066885511\/","article_published_time":"2024-10-17T21:00:40+00:00","article_modified_time":"2024-10-17T22:51:32+00:00","og_image":[{"width":800,"height":1000,"url":"https:\/\/www.nexoinformativo.mx\/wp-content\/uploads\/2024\/10\/PHOTO-2024-10-17-15-49-57-e1729205407842.jpg","type":"image\/jpeg"}],"author":"Nexo Informativo","twitter_card":"summary_large_image","twitter_misc":{"Escrito por":"Nexo Informativo","Tiempo de lectura":"1 minuto"},"schema":{"@context":"https:\/\/schema.org","@graph":[{"@type":"Article","@id":"https:\/\/www.nexoinformativo.mx\/index.php\/2024\/10\/17\/pinal-de-amoles-se-prepara-para-la-temporada-de-bajas-temperaturas\/#article","isPartOf":{"@id":"https:\/\/www.nexoinformativo.mx\/index.php\/2024\/10\/17\/pinal-de-amoles-se-prepara-para-la-temporada-de-bajas-temperaturas\/"},"author":{"name":"Nexo Informativo","@id":"https:\/\/www.nexoinformativo.mx\/#\/schema\/person\/7749d380ba08c8ca00d7bc76fd907b7d"},"headline":"Pinal de Amoles se prepara para la temporada de bajas temperaturas","datePublished":"2024-10-17T21:00:40+00:00","dateModified":"2024-10-17T22:51:32+00:00","mainEntityOfPage":{"@id":"https:\/\/www.nexoinformativo.mx\/index.php\/2024\/10\/17\/pinal-de-amoles-se-prepara-para-la-temporada-de-bajas-temperaturas\/"},"wordCount":202,"commentCount":0,"publisher":{"@id":"https:\/\/www.nexoinformativo.mx\/#organization"},"image":{"@id":"https:\/\/www.nexoinformativo.mx\/index.php\/2024\/10\/17\/pinal-de-amoles-se-prepara-para-la-temporada-de-bajas-temperaturas\/#primaryimage"},"thumbnailUrl":"https:\/\/www.nexoinformativo.mx\/wp-content\/uploads\/2024\/10\/PHOTO-2024-10-17-15-49-57-e1729205407842.jpg","keywords":["Albergues","Fr\u00edoEnPinalDeAmoles","InviernoQuer\u00e9taro","proteccioncivil"],"articleSection":["Municipios","\u00daltima Hora"],"inLanguage":"es","potentialAction":[{"@type":"CommentAction","name":"Comment","target":["https:\/\/www.nexoinformativo.mx\/index.php\/2024\/10\/17\/pinal-de-amoles-se-prepara-para-la-temporada-de-bajas-temperaturas\/#respond"]}]},{"@type":"WebPage","@id":"https:\/\/www.nexoinformativo.mx\/index.php\/2024\/10\/17\/pinal-de-amoles-se-prepara-para-la-temporada-de-bajas-temperaturas\/","url":"https:\/\/www.nexoinformativo.mx\/index.php\/2024\/10\/17\/pinal-de-amoles-se-prepara-para-la-temporada-de-bajas-temperaturas\/","name":"Pinal de Amoles se prepara para la temporada de bajas temperaturas | Nexo Informativo Santiago de Quer\u00e9taro","isPartOf":{"@id":"https:\/\/www.nexoinformativo.mx\/#website"},"primaryImageOfPage":{"@id":"https:\/\/www.nexoinformativo.mx\/index.php\/2024\/10\/17\/pinal-de-amoles-se-prepara-para-la-temporada-de-bajas-temperaturas\/#primaryimage"},"image":{"@id":"https:\/\/www.nexoinformativo.mx\/index.php\/2024\/10\/17\/pinal-de-amoles-se-prepara-para-la-temporada-de-bajas-temperaturas\/#primaryimage"},"thumbnailUrl":"https:\/\/www.nexoinformativo.mx\/wp-content\/uploads\/2024\/10\/PHOTO-2024-10-17-15-49-57-e1729205407842.jpg","datePublished":"2024-10-17T21:00:40+00:00","dateModified":"2024-10-17T22:51:32+00:00","description":"Pinal de Amoles se prepara para la temporada de bajas temperaturas","breadcrumb":{"@id":"https:\/\/www.nexoinformativo.mx\/index.php\/2024\/10\/17\/pinal-de-amoles-se-prepara-para-la-temporada-de-bajas-temperaturas\/#breadcrumb"},"inLanguage":"es","potentialAction":[{"@type":"ReadAction","target":["https:\/\/www.nexoinformativo.mx\/index.php\/2024\/10\/17\/pinal-de-amoles-se-prepara-para-la-temporada-de-bajas-temperaturas\/"]}]},{"@type":"ImageObject","inLanguage":"es","@id":"https:\/\/www.nexoinformativo.mx\/index.php\/2024\/10\/17\/pinal-de-amoles-se-prepara-para-la-temporada-de-bajas-temperaturas\/#primaryimage","url":"https:\/\/www.nexoinformativo.mx\/wp-content\/uploads\/2024\/10\/PHOTO-2024-10-17-15-49-57-e1729205407842.jpg","contentUrl":"https:\/\/www.nexoinformativo.mx\/wp-content\/uploads\/2024\/10\/PHOTO-2024-10-17-15-49-57-e1729205407842.jpg","width":800,"height":1000},{"@type":"BreadcrumbList","@id":"https:\/\/www.nexoinformativo.mx\/index.php\/2024\/10\/17\/pinal-de-amoles-se-prepara-para-la-temporada-de-bajas-temperaturas\/#breadcrumb","itemListElement":[{"@type":"ListItem","position":1,"name":"Inicio","item":"https:\/\/www.nexoinformativo.mx\/"},{"@type":"ListItem","position":2,"name":"Pinal de Amoles se prepara para la temporada de bajas temperaturas"}]},{"@type":"WebSite","@id":"https:\/\/www.nexoinformativo.mx\/#website","url":"https:\/\/www.nexoinformativo.mx\/","name":"Nexo Informativo Santiago de Quer\u00e9taro","description":"Explora NexoInformativo y convi\u00e9rtete en parte de una comunidad que valora el conocimiento y la verdad. Tu nexoinformativo es tu puente hacia una comprensi\u00f3n m\u00e1s profunda del mundo que te rodea.","publisher":{"@id":"https:\/\/www.nexoinformativo.mx\/#organization"},"potentialAction":[{"@type":"SearchAction","target":{"@type":"EntryPoint","urlTemplate":"https:\/\/www.nexoinformativo.mx\/?s={search_term_string}"},"query-input":{"@type":"PropertyValueSpecification","valueRequired":true,"valueName":"search_term_string"}}],"inLanguage":"es"},{"@type":"Organization","@id":"https:\/\/www.nexoinformativo.mx\/#organization","name":"Nexo Informativo Santiago de Quer\u00e9taro","url":"https:\/\/www.nexoinformativo.mx\/","logo":{"@type":"ImageObject","inLanguage":"es","@id":"https:\/\/www.nexoinformativo.mx\/#\/schema\/logo\/image\/","url":"https:\/\/www.nexoinformativo.mx\/wp-content\/uploads\/2024\/07\/nexoi-trasparente-2.png","contentUrl":"https:\/\/www.nexoinformativo.mx\/wp-content\/uploads\/2024\/07\/nexoi-trasparente-2.png","width":816,"height":339,"caption":"Nexo Informativo Santiago de Quer\u00e9taro"},"image":{"@id":"https:\/\/www.nexoinformativo.mx\/#\/schema\/logo\/image\/"},"sameAs":["https:\/\/www.facebook.com\/people\/Nexo-Informativo\/61564066885511\/"]},{"@type":"Person","@id":"https:\/\/www.nexoinformativo.mx\/#\/schema\/person\/7749d380ba08c8ca00d7bc76fd907b7d","name":"Nexo Informativo","image":{"@type":"ImageObject","inLanguage":"es","@id":"https:\/\/www.nexoinformativo.mx\/#\/schema\/person\/image\/","url":"https:\/\/secure.gravatar.com\/avatar\/dde2928154642a13d95f87ddf1ea9718fe2b46760a005c53e41ff5ad610704e6?s=96&d=mm&r=g","contentUrl":"https:\/\/secure.gravatar.com\/avatar\/dde2928154642a13d95f87ddf1ea9718fe2b46760a005c53e41ff5ad610704e6?s=96&d=mm&r=g","caption":"Nexo Informativo"},"url":"https:\/\/www.nexoinformativo.mx\/index.php\/author\/edicion\/"}]}},"_links":{"self":[{"href":"https:\/\/www.nexoinformativo.mx\/index.php\/wp-json\/wp\/v2\/posts\/3712","targetHints":{"allow":["GET"]}}],"collection":[{"href":"https:\/\/www.nexoinformativo.mx\/index.php\/wp-json\/wp\/v2\/posts"}],"about":[{"href":"https:\/\/www.nexoinformativo.mx\/index.php\/wp-json\/wp\/v2\/types\/post"}],"author":[{"embeddable":true,"href":"https:\/\/www.nexoinformativo.mx\/index.php\/wp-json\/wp\/v2\/users\/3"}],"replies":[{"embeddable":true,"href":"https:\/\/www.nexoinformativo.mx\/index.php\/wp-json\/wp\/v2\/comments?post=3712"}],"version-history":[{"count":5,"href":"https:\/\/www.nexoinformativo.mx\/index.php\/wp-json\/wp\/v2\/posts\/3712\/revisions"}],"predecessor-version":[{"id":3716,"href":"https:\/\/www.nexoinformativo.mx\/index.php\/wp-json\/wp\/v2\/posts\/3712\/revisions\/3716"}],"wp:featuredmedia":[{"embeddable":true,"href":"https:\/\/www.nexoinformativo.mx\/index.php\/wp-json\/wp\/v2\/media\/3713"}],"wp:attachment":[{"href":"https:\/\/www.nexoinformativo.mx\/index.php\/wp-json\/wp\/v2\/media?parent=3712"}],"wp:term":[{"taxonomy":"category","embeddable":true,"href":"https:\/\/www.nexoinformativo.mx\/index.php\/wp-json\/wp\/v2\/categories?post=3712"},{"taxonomy":"post_tag","embeddable":true,"href":"https:\/\/www.nexoinformativo.mx\/index.php\/wp-json\/wp\/v2\/tags?post=3712"}],"curies":[{"name":"wp","href":"https:\/\/api.w.org\/{rel}","templated":true}]}}