{"id":3719,"date":"2024-10-17T15:30:48","date_gmt":"2024-10-17T21:30:48","guid":{"rendered":"https:\/\/www.nexoinformativo.mx\/?p=3719"},"modified":"2024-10-17T16:59:25","modified_gmt":"2024-10-17T22:59:25","slug":"conductor-en-presunto-estado-de-ebriedad-etropella-a-tres-personas-en-santa-rosa-jauregui","status":"publish","type":"post","link":"https:\/\/www.nexoinformativo.mx\/index.php\/2024\/10\/17\/conductor-en-presunto-estado-de-ebriedad-etropella-a-tres-personas-en-santa-rosa-jauregui\/","title":{"rendered":"Conductor en presunto estado de ebriedad etropella a tres personas en Santa Rosa J\u00e1uregui"},"content":{"rendered":"<p style=\"text-align: justify;\">Un conductor de un veh\u00edculo particular, presuntamente en estado de ebriedad, atropell\u00f3 a dos menores y un adulto de aproximadamente 50 a\u00f1os en la calle 20 de Noviembre, en la zona centro de la delegaci\u00f3n Santa Rosa J\u00e1uregui.<\/p>\n<p>&nbsp;<\/p>\n<p style=\"text-align: justify;\">El accidente fue reportado al n\u00famero de emergencia 911, lo que moviliz\u00f3 a elementos de la Guardia Municipal de Quer\u00e9taro y param\u00e9dicos del Centro Regulador de Urgencias M\u00e9dicas <strong>(CRUM).<\/strong> Los equipos de emergencia brindaron atenci\u00f3n prehospitalaria a los tres lesionados, de los cuales uno de los menores fue llevado al hospital con lesiones, pero en condici\u00f3n consciente.<\/p>\n<p>&nbsp;<\/p>\n<p style=\"text-align: justify;\">Conductor detenido tras intentar huir del lugar.\u00a0Las autoridades continuar\u00e1n las investigaciones para esclarecer los detalles del incidente, mientras la FGE lleva a cabo las pruebas necesarias para definir el futuro jur\u00eddico del conductor implicado.<\/p>\n<p style=\"text-align: justify;\">Se espera que se act\u00fae conforme a la ley para garantizar justicia a las v\u00edctimas del atropellamiento.<\/p>\n<p>&nbsp;<\/p>\n<p style=\"text-align: center;\"><strong><em>\u00a1Informaci\u00f3n que transforma!<\/em><\/strong><\/p>\n","protected":false},"excerpt":{"rendered":"<p>Un conductor de un veh\u00edculo particular, presuntamente en estado de ebriedad, atropell\u00f3 a dos menores y un adulto de aproximadamente 50 a\u00f1os en la calle 20 de Noviembre.<\/p>\n","protected":false},"author":3,"featured_media":3720,"comment_status":"open","ping_status":"open","sticky":false,"template":"","format":"standard","meta":{"footnotes":""},"categories":[137,58],"tags":[1423,586,1197,133],"class_list":["post-3719","post","type-post","status-publish","format-standard","has-post-thumbnail","hentry","category-sucesos","category-ultima-hora","tag-accidentesantarosa","tag-emergenciasqueretaro","tag-justiciaparalasvictimas","tag-queretaro"],"yoast_head":"<!-- This site is optimized with the Yoast SEO plugin v25.0 - https:\/\/yoast.com\/wordpress\/plugins\/seo\/ -->\n<title>Conductor en presunto estado de ebriedad etropella a tres personas en Santa Rosa J\u00e1uregui | Nexo Informativo Santiago de Quer\u00e9taro<\/title>\n<meta name=\"description\" content=\"Conductor en presunto estado de ebriedad etropella a tres personas en Santa Rosa J\u00e1uregui\" \/>\n<meta name=\"robots\" content=\"index, follow, max-snippet:-1, max-image-preview:large, max-video-preview:-1\" \/>\n<link rel=\"canonical\" href=\"https:\/\/www.nexoinformativo.mx\/index.php\/2024\/10\/17\/conductor-en-presunto-estado-de-ebriedad-etropella-a-tres-personas-en-santa-rosa-jauregui\/\" \/>\n<meta property=\"og:locale\" content=\"es_MX\" \/>\n<meta property=\"og:type\" content=\"article\" \/>\n<meta property=\"og:title\" content=\"Conductor en presunto estado de ebriedad etropella a tres personas en Santa Rosa J\u00e1uregui | Nexo Informativo Santiago de Quer\u00e9taro\" \/>\n<meta property=\"og:description\" content=\"Conductor en presunto estado de ebriedad etropella a tres personas en Santa Rosa J\u00e1uregui\" \/>\n<meta property=\"og:url\" content=\"https:\/\/www.nexoinformativo.mx\/index.php\/2024\/10\/17\/conductor-en-presunto-estado-de-ebriedad-etropella-a-tres-personas-en-santa-rosa-jauregui\/\" \/>\n<meta property=\"og:site_name\" content=\"Nexo Informativo Santiago de Quer\u00e9taro\" \/>\n<meta property=\"article:publisher\" content=\"https:\/\/www.facebook.com\/people\/Nexo-Informativo\/61564066885511\/\" \/>\n<meta property=\"article:published_time\" content=\"2024-10-17T21:30:48+00:00\" \/>\n<meta property=\"article:modified_time\" content=\"2024-10-17T22:59:25+00:00\" \/>\n<meta property=\"og:image\" content=\"https:\/\/www.nexoinformativo.mx\/wp-content\/uploads\/2024\/10\/PHOTO-2024-10-17-15-50-42-e1729205798982.jpg\" \/>\n\t<meta property=\"og:image:width\" content=\"800\" \/>\n\t<meta property=\"og:image:height\" content=\"1000\" \/>\n\t<meta property=\"og:image:type\" content=\"image\/jpeg\" \/>\n<meta name=\"author\" content=\"Nexo Informativo\" \/>\n<meta name=\"twitter:card\" content=\"summary_large_image\" \/>\n<meta name=\"twitter:label1\" content=\"Escrito por\" \/>\n\t<meta name=\"twitter:data1\" content=\"Nexo Informativo\" \/>\n\t<meta name=\"twitter:label2\" content=\"Tiempo de lectura\" \/>\n\t<meta name=\"twitter:data2\" content=\"1 minuto\" \/>\n<script type=\"application\/ld+json\" class=\"yoast-schema-graph\">{\"@context\":\"https:\/\/schema.org\",\"@graph\":[{\"@type\":\"Article\",\"@id\":\"https:\/\/www.nexoinformativo.mx\/index.php\/2024\/10\/17\/conductor-en-presunto-estado-de-ebriedad-etropella-a-tres-personas-en-santa-rosa-jauregui\/#article\",\"isPartOf\":{\"@id\":\"https:\/\/www.nexoinformativo.mx\/index.php\/2024\/10\/17\/conductor-en-presunto-estado-de-ebriedad-etropella-a-tres-personas-en-santa-rosa-jauregui\/\"},\"author\":{\"name\":\"Nexo Informativo\",\"@id\":\"https:\/\/www.nexoinformativo.mx\/#\/schema\/person\/7749d380ba08c8ca00d7bc76fd907b7d\"},\"headline\":\"Conductor en presunto estado de ebriedad etropella a tres personas en Santa Rosa J\u00e1uregui\",\"datePublished\":\"2024-10-17T21:30:48+00:00\",\"dateModified\":\"2024-10-17T22:59:25+00:00\",\"mainEntityOfPage\":{\"@id\":\"https:\/\/www.nexoinformativo.mx\/index.php\/2024\/10\/17\/conductor-en-presunto-estado-de-ebriedad-etropella-a-tres-personas-en-santa-rosa-jauregui\/\"},\"wordCount\":180,\"commentCount\":0,\"publisher\":{\"@id\":\"https:\/\/www.nexoinformativo.mx\/#organization\"},\"image\":{\"@id\":\"https:\/\/www.nexoinformativo.mx\/index.php\/2024\/10\/17\/conductor-en-presunto-estado-de-ebriedad-etropella-a-tres-personas-en-santa-rosa-jauregui\/#primaryimage\"},\"thumbnailUrl\":\"https:\/\/www.nexoinformativo.mx\/wp-content\/uploads\/2024\/10\/PHOTO-2024-10-17-15-50-42-e1729205798982.jpg\",\"keywords\":[\"AccidenteSantaRosa\",\"EmergenciasQuer\u00e9taro\",\"JusticiaParaLasV\u00edctimas\",\"Quer\u00e9taro\"],\"articleSection\":[\"Sucesos\",\"\u00daltima Hora\"],\"inLanguage\":\"es\",\"potentialAction\":[{\"@type\":\"CommentAction\",\"name\":\"Comment\",\"target\":[\"https:\/\/www.nexoinformativo.mx\/index.php\/2024\/10\/17\/conductor-en-presunto-estado-de-ebriedad-etropella-a-tres-personas-en-santa-rosa-jauregui\/#respond\"]}]},{\"@type\":\"WebPage\",\"@id\":\"https:\/\/www.nexoinformativo.mx\/index.php\/2024\/10\/17\/conductor-en-presunto-estado-de-ebriedad-etropella-a-tres-personas-en-santa-rosa-jauregui\/\",\"url\":\"https:\/\/www.nexoinformativo.mx\/index.php\/2024\/10\/17\/conductor-en-presunto-estado-de-ebriedad-etropella-a-tres-personas-en-santa-rosa-jauregui\/\",\"name\":\"Conductor en presunto estado de ebriedad etropella a tres personas en Santa Rosa J\u00e1uregui | Nexo Informativo Santiago de Quer\u00e9taro\",\"isPartOf\":{\"@id\":\"https:\/\/www.nexoinformativo.mx\/#website\"},\"primaryImageOfPage\":{\"@id\":\"https:\/\/www.nexoinformativo.mx\/index.php\/2024\/10\/17\/conductor-en-presunto-estado-de-ebriedad-etropella-a-tres-personas-en-santa-rosa-jauregui\/#primaryimage\"},\"image\":{\"@id\":\"https:\/\/www.nexoinformativo.mx\/index.php\/2024\/10\/17\/conductor-en-presunto-estado-de-ebriedad-etropella-a-tres-personas-en-santa-rosa-jauregui\/#primaryimage\"},\"thumbnailUrl\":\"https:\/\/www.nexoinformativo.mx\/wp-content\/uploads\/2024\/10\/PHOTO-2024-10-17-15-50-42-e1729205798982.jpg\",\"datePublished\":\"2024-10-17T21:30:48+00:00\",\"dateModified\":\"2024-10-17T22:59:25+00:00\",\"description\":\"Conductor en presunto estado de ebriedad etropella a tres personas en Santa Rosa J\u00e1uregui\",\"breadcrumb\":{\"@id\":\"https:\/\/www.nexoinformativo.mx\/index.php\/2024\/10\/17\/conductor-en-presunto-estado-de-ebriedad-etropella-a-tres-personas-en-santa-rosa-jauregui\/#breadcrumb\"},\"inLanguage\":\"es\",\"potentialAction\":[{\"@type\":\"ReadAction\",\"target\":[\"https:\/\/www.nexoinformativo.mx\/index.php\/2024\/10\/17\/conductor-en-presunto-estado-de-ebriedad-etropella-a-tres-personas-en-santa-rosa-jauregui\/\"]}]},{\"@type\":\"ImageObject\",\"inLanguage\":\"es\",\"@id\":\"https:\/\/www.nexoinformativo.mx\/index.php\/2024\/10\/17\/conductor-en-presunto-estado-de-ebriedad-etropella-a-tres-personas-en-santa-rosa-jauregui\/#primaryimage\",\"url\":\"https:\/\/www.nexoinformativo.mx\/wp-content\/uploads\/2024\/10\/PHOTO-2024-10-17-15-50-42-e1729205798982.jpg\",\"contentUrl\":\"https:\/\/www.nexoinformativo.mx\/wp-content\/uploads\/2024\/10\/PHOTO-2024-10-17-15-50-42-e1729205798982.jpg\",\"width\":800,\"height\":1000},{\"@type\":\"BreadcrumbList\",\"@id\":\"https:\/\/www.nexoinformativo.mx\/index.php\/2024\/10\/17\/conductor-en-presunto-estado-de-ebriedad-etropella-a-tres-personas-en-santa-rosa-jauregui\/#breadcrumb\",\"itemListElement\":[{\"@type\":\"ListItem\",\"position\":1,\"name\":\"Inicio\",\"item\":\"https:\/\/www.nexoinformativo.mx\/\"},{\"@type\":\"ListItem\",\"position\":2,\"name\":\"Conductor en presunto estado de ebriedad etropella a tres personas en Santa Rosa J\u00e1uregui\"}]},{\"@type\":\"WebSite\",\"@id\":\"https:\/\/www.nexoinformativo.mx\/#website\",\"url\":\"https:\/\/www.nexoinformativo.mx\/\",\"name\":\"Nexo Informativo Santiago de Quer\u00e9taro\",\"description\":\"Explora NexoInformativo y convi\u00e9rtete en parte de una comunidad que valora el conocimiento y la verdad. Tu nexoinformativo es tu puente hacia una comprensi\u00f3n m\u00e1s profunda del mundo que te rodea.\",\"publisher\":{\"@id\":\"https:\/\/www.nexoinformativo.mx\/#organization\"},\"potentialAction\":[{\"@type\":\"SearchAction\",\"target\":{\"@type\":\"EntryPoint\",\"urlTemplate\":\"https:\/\/www.nexoinformativo.mx\/?s={search_term_string}\"},\"query-input\":{\"@type\":\"PropertyValueSpecification\",\"valueRequired\":true,\"valueName\":\"search_term_string\"}}],\"inLanguage\":\"es\"},{\"@type\":\"Organization\",\"@id\":\"https:\/\/www.nexoinformativo.mx\/#organization\",\"name\":\"Nexo Informativo Santiago de Quer\u00e9taro\",\"url\":\"https:\/\/www.nexoinformativo.mx\/\",\"logo\":{\"@type\":\"ImageObject\",\"inLanguage\":\"es\",\"@id\":\"https:\/\/www.nexoinformativo.mx\/#\/schema\/logo\/image\/\",\"url\":\"https:\/\/www.nexoinformativo.mx\/wp-content\/uploads\/2024\/07\/nexoi-trasparente-2.png\",\"contentUrl\":\"https:\/\/www.nexoinformativo.mx\/wp-content\/uploads\/2024\/07\/nexoi-trasparente-2.png\",\"width\":816,\"height\":339,\"caption\":\"Nexo Informativo Santiago de Quer\u00e9taro\"},\"image\":{\"@id\":\"https:\/\/www.nexoinformativo.mx\/#\/schema\/logo\/image\/\"},\"sameAs\":[\"https:\/\/www.facebook.com\/people\/Nexo-Informativo\/61564066885511\/\"]},{\"@type\":\"Person\",\"@id\":\"https:\/\/www.nexoinformativo.mx\/#\/schema\/person\/7749d380ba08c8ca00d7bc76fd907b7d\",\"name\":\"Nexo Informativo\",\"image\":{\"@type\":\"ImageObject\",\"inLanguage\":\"es\",\"@id\":\"https:\/\/www.nexoinformativo.mx\/#\/schema\/person\/image\/\",\"url\":\"https:\/\/secure.gravatar.com\/avatar\/dde2928154642a13d95f87ddf1ea9718fe2b46760a005c53e41ff5ad610704e6?s=96&d=mm&r=g\",\"contentUrl\":\"https:\/\/secure.gravatar.com\/avatar\/dde2928154642a13d95f87ddf1ea9718fe2b46760a005c53e41ff5ad610704e6?s=96&d=mm&r=g\",\"caption\":\"Nexo Informativo\"},\"url\":\"https:\/\/www.nexoinformativo.mx\/index.php\/author\/edicion\/\"}]}<\/script>\n<!-- \/ Yoast SEO plugin. -->","yoast_head_json":{"title":"Conductor en presunto estado de ebriedad etropella a tres personas en Santa Rosa J\u00e1uregui | Nexo Informativo Santiago de Quer\u00e9taro","description":"Conductor en presunto estado de ebriedad etropella a tres personas en Santa Rosa J\u00e1uregui","robots":{"index":"index","follow":"follow","max-snippet":"max-snippet:-1","max-image-preview":"max-image-preview:large","max-video-preview":"max-video-preview:-1"},"canonical":"https:\/\/www.nexoinformativo.mx\/index.php\/2024\/10\/17\/conductor-en-presunto-estado-de-ebriedad-etropella-a-tres-personas-en-santa-rosa-jauregui\/","og_locale":"es_MX","og_type":"article","og_title":"Conductor en presunto estado de ebriedad etropella a tres personas en Santa Rosa J\u00e1uregui | Nexo Informativo Santiago de Quer\u00e9taro","og_description":"Conductor en presunto estado de ebriedad etropella a tres personas en Santa Rosa J\u00e1uregui","og_url":"https:\/\/www.nexoinformativo.mx\/index.php\/2024\/10\/17\/conductor-en-presunto-estado-de-ebriedad-etropella-a-tres-personas-en-santa-rosa-jauregui\/","og_site_name":"Nexo Informativo Santiago de Quer\u00e9taro","article_publisher":"https:\/\/www.facebook.com\/people\/Nexo-Informativo\/61564066885511\/","article_published_time":"2024-10-17T21:30:48+00:00","article_modified_time":"2024-10-17T22:59:25+00:00","og_image":[{"width":800,"height":1000,"url":"https:\/\/www.nexoinformativo.mx\/wp-content\/uploads\/2024\/10\/PHOTO-2024-10-17-15-50-42-e1729205798982.jpg","type":"image\/jpeg"}],"author":"Nexo Informativo","twitter_card":"summary_large_image","twitter_misc":{"Escrito por":"Nexo Informativo","Tiempo de lectura":"1 minuto"},"schema":{"@context":"https:\/\/schema.org","@graph":[{"@type":"Article","@id":"https:\/\/www.nexoinformativo.mx\/index.php\/2024\/10\/17\/conductor-en-presunto-estado-de-ebriedad-etropella-a-tres-personas-en-santa-rosa-jauregui\/#article","isPartOf":{"@id":"https:\/\/www.nexoinformativo.mx\/index.php\/2024\/10\/17\/conductor-en-presunto-estado-de-ebriedad-etropella-a-tres-personas-en-santa-rosa-jauregui\/"},"author":{"name":"Nexo Informativo","@id":"https:\/\/www.nexoinformativo.mx\/#\/schema\/person\/7749d380ba08c8ca00d7bc76fd907b7d"},"headline":"Conductor en presunto estado de ebriedad etropella a tres personas en Santa Rosa J\u00e1uregui","datePublished":"2024-10-17T21:30:48+00:00","dateModified":"2024-10-17T22:59:25+00:00","mainEntityOfPage":{"@id":"https:\/\/www.nexoinformativo.mx\/index.php\/2024\/10\/17\/conductor-en-presunto-estado-de-ebriedad-etropella-a-tres-personas-en-santa-rosa-jauregui\/"},"wordCount":180,"commentCount":0,"publisher":{"@id":"https:\/\/www.nexoinformativo.mx\/#organization"},"image":{"@id":"https:\/\/www.nexoinformativo.mx\/index.php\/2024\/10\/17\/conductor-en-presunto-estado-de-ebriedad-etropella-a-tres-personas-en-santa-rosa-jauregui\/#primaryimage"},"thumbnailUrl":"https:\/\/www.nexoinformativo.mx\/wp-content\/uploads\/2024\/10\/PHOTO-2024-10-17-15-50-42-e1729205798982.jpg","keywords":["AccidenteSantaRosa","EmergenciasQuer\u00e9taro","JusticiaParaLasV\u00edctimas","Quer\u00e9taro"],"articleSection":["Sucesos","\u00daltima Hora"],"inLanguage":"es","potentialAction":[{"@type":"CommentAction","name":"Comment","target":["https:\/\/www.nexoinformativo.mx\/index.php\/2024\/10\/17\/conductor-en-presunto-estado-de-ebriedad-etropella-a-tres-personas-en-santa-rosa-jauregui\/#respond"]}]},{"@type":"WebPage","@id":"https:\/\/www.nexoinformativo.mx\/index.php\/2024\/10\/17\/conductor-en-presunto-estado-de-ebriedad-etropella-a-tres-personas-en-santa-rosa-jauregui\/","url":"https:\/\/www.nexoinformativo.mx\/index.php\/2024\/10\/17\/conductor-en-presunto-estado-de-ebriedad-etropella-a-tres-personas-en-santa-rosa-jauregui\/","name":"Conductor en presunto estado de ebriedad etropella a tres personas en Santa Rosa J\u00e1uregui | Nexo Informativo Santiago de Quer\u00e9taro","isPartOf":{"@id":"https:\/\/www.nexoinformativo.mx\/#website"},"primaryImageOfPage":{"@id":"https:\/\/www.nexoinformativo.mx\/index.php\/2024\/10\/17\/conductor-en-presunto-estado-de-ebriedad-etropella-a-tres-personas-en-santa-rosa-jauregui\/#primaryimage"},"image":{"@id":"https:\/\/www.nexoinformativo.mx\/index.php\/2024\/10\/17\/conductor-en-presunto-estado-de-ebriedad-etropella-a-tres-personas-en-santa-rosa-jauregui\/#primaryimage"},"thumbnailUrl":"https:\/\/www.nexoinformativo.mx\/wp-content\/uploads\/2024\/10\/PHOTO-2024-10-17-15-50-42-e1729205798982.jpg","datePublished":"2024-10-17T21:30:48+00:00","dateModified":"2024-10-17T22:59:25+00:00","description":"Conductor en presunto estado de ebriedad etropella a tres personas en Santa Rosa J\u00e1uregui","breadcrumb":{"@id":"https:\/\/www.nexoinformativo.mx\/index.php\/2024\/10\/17\/conductor-en-presunto-estado-de-ebriedad-etropella-a-tres-personas-en-santa-rosa-jauregui\/#breadcrumb"},"inLanguage":"es","potentialAction":[{"@type":"ReadAction","target":["https:\/\/www.nexoinformativo.mx\/index.php\/2024\/10\/17\/conductor-en-presunto-estado-de-ebriedad-etropella-a-tres-personas-en-santa-rosa-jauregui\/"]}]},{"@type":"ImageObject","inLanguage":"es","@id":"https:\/\/www.nexoinformativo.mx\/index.php\/2024\/10\/17\/conductor-en-presunto-estado-de-ebriedad-etropella-a-tres-personas-en-santa-rosa-jauregui\/#primaryimage","url":"https:\/\/www.nexoinformativo.mx\/wp-content\/uploads\/2024\/10\/PHOTO-2024-10-17-15-50-42-e1729205798982.jpg","contentUrl":"https:\/\/www.nexoinformativo.mx\/wp-content\/uploads\/2024\/10\/PHOTO-2024-10-17-15-50-42-e1729205798982.jpg","width":800,"height":1000},{"@type":"BreadcrumbList","@id":"https:\/\/www.nexoinformativo.mx\/index.php\/2024\/10\/17\/conductor-en-presunto-estado-de-ebriedad-etropella-a-tres-personas-en-santa-rosa-jauregui\/#breadcrumb","itemListElement":[{"@type":"ListItem","position":1,"name":"Inicio","item":"https:\/\/www.nexoinformativo.mx\/"},{"@type":"ListItem","position":2,"name":"Conductor en presunto estado de ebriedad etropella a tres personas en Santa Rosa J\u00e1uregui"}]},{"@type":"WebSite","@id":"https:\/\/www.nexoinformativo.mx\/#website","url":"https:\/\/www.nexoinformativo.mx\/","name":"Nexo Informativo Santiago de Quer\u00e9taro","description":"Explora NexoInformativo y convi\u00e9rtete en parte de una comunidad que valora el conocimiento y la verdad. Tu nexoinformativo es tu puente hacia una comprensi\u00f3n m\u00e1s profunda del mundo que te rodea.","publisher":{"@id":"https:\/\/www.nexoinformativo.mx\/#organization"},"potentialAction":[{"@type":"SearchAction","target":{"@type":"EntryPoint","urlTemplate":"https:\/\/www.nexoinformativo.mx\/?s={search_term_string}"},"query-input":{"@type":"PropertyValueSpecification","valueRequired":true,"valueName":"search_term_string"}}],"inLanguage":"es"},{"@type":"Organization","@id":"https:\/\/www.nexoinformativo.mx\/#organization","name":"Nexo Informativo Santiago de Quer\u00e9taro","url":"https:\/\/www.nexoinformativo.mx\/","logo":{"@type":"ImageObject","inLanguage":"es","@id":"https:\/\/www.nexoinformativo.mx\/#\/schema\/logo\/image\/","url":"https:\/\/www.nexoinformativo.mx\/wp-content\/uploads\/2024\/07\/nexoi-trasparente-2.png","contentUrl":"https:\/\/www.nexoinformativo.mx\/wp-content\/uploads\/2024\/07\/nexoi-trasparente-2.png","width":816,"height":339,"caption":"Nexo Informativo Santiago de Quer\u00e9taro"},"image":{"@id":"https:\/\/www.nexoinformativo.mx\/#\/schema\/logo\/image\/"},"sameAs":["https:\/\/www.facebook.com\/people\/Nexo-Informativo\/61564066885511\/"]},{"@type":"Person","@id":"https:\/\/www.nexoinformativo.mx\/#\/schema\/person\/7749d380ba08c8ca00d7bc76fd907b7d","name":"Nexo Informativo","image":{"@type":"ImageObject","inLanguage":"es","@id":"https:\/\/www.nexoinformativo.mx\/#\/schema\/person\/image\/","url":"https:\/\/secure.gravatar.com\/avatar\/dde2928154642a13d95f87ddf1ea9718fe2b46760a005c53e41ff5ad610704e6?s=96&d=mm&r=g","contentUrl":"https:\/\/secure.gravatar.com\/avatar\/dde2928154642a13d95f87ddf1ea9718fe2b46760a005c53e41ff5ad610704e6?s=96&d=mm&r=g","caption":"Nexo Informativo"},"url":"https:\/\/www.nexoinformativo.mx\/index.php\/author\/edicion\/"}]}},"_links":{"self":[{"href":"https:\/\/www.nexoinformativo.mx\/index.php\/wp-json\/wp\/v2\/posts\/3719","targetHints":{"allow":["GET"]}}],"collection":[{"href":"https:\/\/www.nexoinformativo.mx\/index.php\/wp-json\/wp\/v2\/posts"}],"about":[{"href":"https:\/\/www.nexoinformativo.mx\/index.php\/wp-json\/wp\/v2\/types\/post"}],"author":[{"embeddable":true,"href":"https:\/\/www.nexoinformativo.mx\/index.php\/wp-json\/wp\/v2\/users\/3"}],"replies":[{"embeddable":true,"href":"https:\/\/www.nexoinformativo.mx\/index.php\/wp-json\/wp\/v2\/comments?post=3719"}],"version-history":[{"count":5,"href":"https:\/\/www.nexoinformativo.mx\/index.php\/wp-json\/wp\/v2\/posts\/3719\/revisions"}],"predecessor-version":[{"id":3725,"href":"https:\/\/www.nexoinformativo.mx\/index.php\/wp-json\/wp\/v2\/posts\/3719\/revisions\/3725"}],"wp:featuredmedia":[{"embeddable":true,"href":"https:\/\/www.nexoinformativo.mx\/index.php\/wp-json\/wp\/v2\/media\/3720"}],"wp:attachment":[{"href":"https:\/\/www.nexoinformativo.mx\/index.php\/wp-json\/wp\/v2\/media?parent=3719"}],"wp:term":[{"taxonomy":"category","embeddable":true,"href":"https:\/\/www.nexoinformativo.mx\/index.php\/wp-json\/wp\/v2\/categories?post=3719"},{"taxonomy":"post_tag","embeddable":true,"href":"https:\/\/www.nexoinformativo.mx\/index.php\/wp-json\/wp\/v2\/tags?post=3719"}],"curies":[{"name":"wp","href":"https:\/\/api.w.org\/{rel}","templated":true}]}}