{"id":3727,"date":"2024-10-17T18:00:34","date_gmt":"2024-10-18T00:00:34","guid":{"rendered":"https:\/\/www.nexoinformativo.mx\/?p=3727"},"modified":"2024-10-18T07:42:35","modified_gmt":"2024-10-18T13:42:35","slug":"atentado-a-diana-sanchez-barrios-balean-a-lideresa-de-comerciantes-en-el-centro-de-cdmx","status":"publish","type":"post","link":"https:\/\/www.nexoinformativo.mx\/index.php\/2024\/10\/17\/atentado-a-diana-sanchez-barrios-balean-a-lideresa-de-comerciantes-en-el-centro-de-cdmx\/","title":{"rendered":"Atentado a Diana S\u00e1nchez Barrios: Balean a Lideresa de comerciantes en el Centro de CDMX"},"content":{"rendered":"<div dir=\"auto\" style=\"text-align: justify;\">En una tr\u00e1gica jornada, Diana S\u00e1nchez Barrios, reconocida lideresa de comerciantes en el Centro Hist\u00f3rico de la Ciudad de M\u00e9xico, fue v\u00edctima de un ataque armado que dej\u00f3 un saldo tr\u00e1gico. El incidente ocurri\u00f3 en la calle Motolinia, casi esquina con la avenida 5 de Mayo, donde se escucharon al menos seis disparos que hirieron a tres personas, incluida S\u00e1nchez Barrios.<\/div>\n<p>&nbsp;<\/p>\n<div dir=\"auto\"><\/div>\n<div dir=\"auto\" style=\"text-align: justify;\">Seg\u00fan informaci\u00f3n de la Secretar\u00eda de Seguridad Ciudadan de CDMX, los agresores llegaron en una motocicleta y atacaron a las v\u00edctimas antes de huir del lugar. Ante la gravedad de las lesiones, S\u00e1nchez Barrios fue trasladada a un hospital del Centro M\u00e9dico, mientras que las otras dos personas heridas tambi\u00e9n recibieron atenci\u00f3n m\u00e9dica.<\/div>\n<p>&nbsp;<\/p>\n<div dir=\"auto\"><\/div>\n<div dir=\"auto\" style=\"text-align: justify;\">Lamentablemente, dos de ellas perdieron la vida; uno de los hombres, de 32 a\u00f1os, falleci\u00f3 en el hospital debido a una herida de bala en el hom\u00f3plato. Las autoridades han iniciado una investigaci\u00f3n y est\u00e1n utilizando c\u00e1maras de vigilancia para dar con el paradero de los responsables.<\/div>\n<p>&nbsp;<\/p>\n<div dir=\"auto\"><\/div>\n<div dir=\"auto\" style=\"text-align: justify;\">La SSC confirm\u00f3 que est\u00e1 en curso un rastreo exhaustivo para esclarecer los hechos y llevar a los agresores ante la justicia. Este ataque no solo es un golpe para la comunidad de comerciantes del Centro Hist\u00f3rico, sino que tambi\u00e9n plantea serias preocupaciones sobre la seguridad en la capital.<\/div>\n<p>&nbsp;<\/p>\n<div dir=\"auto\"><\/div>\n<div dir=\"auto\" style=\"text-align: justify;\">La FGJ de CDMX se ha hecho cargo de las indagatorias y se han intensificado los esfuerzos para garantizar la seguridad de los ciudadanos. La comunidad y las autoridades esperan que se esclarezcan estos hechos y que se tomen medidas efectivas para prevenir futuros ataques.<\/div>\n<p>&nbsp;<\/p>\n<div dir=\"auto\"><\/div>\n<div dir=\"auto\" style=\"text-align: center;\"><em><strong>\u00a1Informaci\u00f3n que transforma!<\/strong><\/em><\/div>\n","protected":false},"excerpt":{"rendered":"<p>En una tr\u00e1gica jornada, Diana S\u00e1nchez Barrios, reconocida lideresa de comerciantes en el Centro Hist\u00f3rico de la Ciudad de M\u00e9xico, fue v\u00edctima de un ataque armado que dej\u00f3 un saldo tr\u00e1gico. El incidente ocurri\u00f3 en la calle Motolinia, casi esquina con la avenida 5 de Mayo, donde se escucharon al menos seis disparos que hirieron [&hellip;]<\/p>\n","protected":false},"author":3,"featured_media":3728,"comment_status":"open","ping_status":"open","sticky":false,"template":"","format":"standard","meta":{"footnotes":""},"categories":[88,137,58],"tags":[1425,1424,480,157],"class_list":["post-3727","post","type-post","status-publish","format-standard","has-post-thumbnail","hentry","category-nacional","category-sucesos","category-ultima-hora","tag-atentadocdmx","tag-dianasanchezbarrios","tag-justicia","tag-seguridadciudadana"],"yoast_head":"<!-- This site is optimized with the Yoast SEO plugin v25.0 - https:\/\/yoast.com\/wordpress\/plugins\/seo\/ -->\n<title>Atentado a Diana S\u00e1nchez Barrios: Balean a Lideresa de comerciantes en el Centro de CDMX | Nexo Informativo Santiago de Quer\u00e9taro<\/title>\n<meta name=\"description\" content=\"Atentado a Diana S\u00e1nchez Barrios: Balean a Lideresa de comerciantes en el Centro de CDMX\" \/>\n<meta name=\"robots\" content=\"index, follow, max-snippet:-1, max-image-preview:large, max-video-preview:-1\" \/>\n<link rel=\"canonical\" href=\"https:\/\/www.nexoinformativo.mx\/index.php\/2024\/10\/17\/atentado-a-diana-sanchez-barrios-balean-a-lideresa-de-comerciantes-en-el-centro-de-cdmx\/\" \/>\n<meta property=\"og:locale\" content=\"es_MX\" \/>\n<meta property=\"og:type\" content=\"article\" \/>\n<meta property=\"og:title\" content=\"Atentado a Diana S\u00e1nchez Barrios: Balean a Lideresa de comerciantes en el Centro de CDMX | Nexo Informativo Santiago de Quer\u00e9taro\" \/>\n<meta property=\"og:description\" content=\"Atentado a Diana S\u00e1nchez Barrios: Balean a Lideresa de comerciantes en el Centro de CDMX\" \/>\n<meta property=\"og:url\" content=\"https:\/\/www.nexoinformativo.mx\/index.php\/2024\/10\/17\/atentado-a-diana-sanchez-barrios-balean-a-lideresa-de-comerciantes-en-el-centro-de-cdmx\/\" \/>\n<meta property=\"og:site_name\" content=\"Nexo Informativo Santiago de Quer\u00e9taro\" \/>\n<meta property=\"article:publisher\" content=\"https:\/\/www.facebook.com\/people\/Nexo-Informativo\/61564066885511\/\" \/>\n<meta property=\"article:published_time\" content=\"2024-10-18T00:00:34+00:00\" \/>\n<meta property=\"article:modified_time\" content=\"2024-10-18T13:42:35+00:00\" \/>\n<meta property=\"og:image\" content=\"https:\/\/www.nexoinformativo.mx\/wp-content\/uploads\/2024\/10\/IMG_6990.jpg\" \/>\n\t<meta property=\"og:image:width\" content=\"474\" \/>\n\t<meta property=\"og:image:height\" content=\"733\" \/>\n\t<meta property=\"og:image:type\" content=\"image\/jpeg\" \/>\n<meta name=\"author\" content=\"Nexo Informativo\" \/>\n<meta name=\"twitter:card\" content=\"summary_large_image\" \/>\n<meta name=\"twitter:label1\" content=\"Escrito por\" \/>\n\t<meta name=\"twitter:data1\" content=\"Nexo Informativo\" \/>\n\t<meta name=\"twitter:label2\" content=\"Tiempo de lectura\" \/>\n\t<meta name=\"twitter:data2\" content=\"2 minutos\" \/>\n<script type=\"application\/ld+json\" class=\"yoast-schema-graph\">{\"@context\":\"https:\/\/schema.org\",\"@graph\":[{\"@type\":\"Article\",\"@id\":\"https:\/\/www.nexoinformativo.mx\/index.php\/2024\/10\/17\/atentado-a-diana-sanchez-barrios-balean-a-lideresa-de-comerciantes-en-el-centro-de-cdmx\/#article\",\"isPartOf\":{\"@id\":\"https:\/\/www.nexoinformativo.mx\/index.php\/2024\/10\/17\/atentado-a-diana-sanchez-barrios-balean-a-lideresa-de-comerciantes-en-el-centro-de-cdmx\/\"},\"author\":{\"name\":\"Nexo Informativo\",\"@id\":\"https:\/\/www.nexoinformativo.mx\/#\/schema\/person\/7749d380ba08c8ca00d7bc76fd907b7d\"},\"headline\":\"Atentado a Diana S\u00e1nchez Barrios: Balean a Lideresa de comerciantes en el Centro de CDMX\",\"datePublished\":\"2024-10-18T00:00:34+00:00\",\"dateModified\":\"2024-10-18T13:42:35+00:00\",\"mainEntityOfPage\":{\"@id\":\"https:\/\/www.nexoinformativo.mx\/index.php\/2024\/10\/17\/atentado-a-diana-sanchez-barrios-balean-a-lideresa-de-comerciantes-en-el-centro-de-cdmx\/\"},\"wordCount\":301,\"commentCount\":0,\"publisher\":{\"@id\":\"https:\/\/www.nexoinformativo.mx\/#organization\"},\"image\":{\"@id\":\"https:\/\/www.nexoinformativo.mx\/index.php\/2024\/10\/17\/atentado-a-diana-sanchez-barrios-balean-a-lideresa-de-comerciantes-en-el-centro-de-cdmx\/#primaryimage\"},\"thumbnailUrl\":\"https:\/\/www.nexoinformativo.mx\/wp-content\/uploads\/2024\/10\/IMG_6990.jpg\",\"keywords\":[\"AtentadoCdMx\",\"DianaS\u00e1nchezBarrios\",\"Justicia\",\"SeguridadCiudadana\"],\"articleSection\":[\"Nacional\",\"Sucesos\",\"\u00daltima Hora\"],\"inLanguage\":\"es\",\"potentialAction\":[{\"@type\":\"CommentAction\",\"name\":\"Comment\",\"target\":[\"https:\/\/www.nexoinformativo.mx\/index.php\/2024\/10\/17\/atentado-a-diana-sanchez-barrios-balean-a-lideresa-de-comerciantes-en-el-centro-de-cdmx\/#respond\"]}]},{\"@type\":\"WebPage\",\"@id\":\"https:\/\/www.nexoinformativo.mx\/index.php\/2024\/10\/17\/atentado-a-diana-sanchez-barrios-balean-a-lideresa-de-comerciantes-en-el-centro-de-cdmx\/\",\"url\":\"https:\/\/www.nexoinformativo.mx\/index.php\/2024\/10\/17\/atentado-a-diana-sanchez-barrios-balean-a-lideresa-de-comerciantes-en-el-centro-de-cdmx\/\",\"name\":\"Atentado a Diana S\u00e1nchez Barrios: Balean a Lideresa de comerciantes en el Centro de CDMX | Nexo Informativo Santiago de Quer\u00e9taro\",\"isPartOf\":{\"@id\":\"https:\/\/www.nexoinformativo.mx\/#website\"},\"primaryImageOfPage\":{\"@id\":\"https:\/\/www.nexoinformativo.mx\/index.php\/2024\/10\/17\/atentado-a-diana-sanchez-barrios-balean-a-lideresa-de-comerciantes-en-el-centro-de-cdmx\/#primaryimage\"},\"image\":{\"@id\":\"https:\/\/www.nexoinformativo.mx\/index.php\/2024\/10\/17\/atentado-a-diana-sanchez-barrios-balean-a-lideresa-de-comerciantes-en-el-centro-de-cdmx\/#primaryimage\"},\"thumbnailUrl\":\"https:\/\/www.nexoinformativo.mx\/wp-content\/uploads\/2024\/10\/IMG_6990.jpg\",\"datePublished\":\"2024-10-18T00:00:34+00:00\",\"dateModified\":\"2024-10-18T13:42:35+00:00\",\"description\":\"Atentado a Diana S\u00e1nchez Barrios: Balean a Lideresa de comerciantes en el Centro de CDMX\",\"breadcrumb\":{\"@id\":\"https:\/\/www.nexoinformativo.mx\/index.php\/2024\/10\/17\/atentado-a-diana-sanchez-barrios-balean-a-lideresa-de-comerciantes-en-el-centro-de-cdmx\/#breadcrumb\"},\"inLanguage\":\"es\",\"potentialAction\":[{\"@type\":\"ReadAction\",\"target\":[\"https:\/\/www.nexoinformativo.mx\/index.php\/2024\/10\/17\/atentado-a-diana-sanchez-barrios-balean-a-lideresa-de-comerciantes-en-el-centro-de-cdmx\/\"]}]},{\"@type\":\"ImageObject\",\"inLanguage\":\"es\",\"@id\":\"https:\/\/www.nexoinformativo.mx\/index.php\/2024\/10\/17\/atentado-a-diana-sanchez-barrios-balean-a-lideresa-de-comerciantes-en-el-centro-de-cdmx\/#primaryimage\",\"url\":\"https:\/\/www.nexoinformativo.mx\/wp-content\/uploads\/2024\/10\/IMG_6990.jpg\",\"contentUrl\":\"https:\/\/www.nexoinformativo.mx\/wp-content\/uploads\/2024\/10\/IMG_6990.jpg\",\"width\":474,\"height\":733,\"caption\":\"Screenshot\"},{\"@type\":\"BreadcrumbList\",\"@id\":\"https:\/\/www.nexoinformativo.mx\/index.php\/2024\/10\/17\/atentado-a-diana-sanchez-barrios-balean-a-lideresa-de-comerciantes-en-el-centro-de-cdmx\/#breadcrumb\",\"itemListElement\":[{\"@type\":\"ListItem\",\"position\":1,\"name\":\"Inicio\",\"item\":\"https:\/\/www.nexoinformativo.mx\/\"},{\"@type\":\"ListItem\",\"position\":2,\"name\":\"Atentado a Diana S\u00e1nchez Barrios: Balean a Lideresa de comerciantes en el Centro de CDMX\"}]},{\"@type\":\"WebSite\",\"@id\":\"https:\/\/www.nexoinformativo.mx\/#website\",\"url\":\"https:\/\/www.nexoinformativo.mx\/\",\"name\":\"Nexo Informativo Santiago de Quer\u00e9taro\",\"description\":\"Explora NexoInformativo y convi\u00e9rtete en parte de una comunidad que valora el conocimiento y la verdad. Tu nexoinformativo es tu puente hacia una comprensi\u00f3n m\u00e1s profunda del mundo que te rodea.\",\"publisher\":{\"@id\":\"https:\/\/www.nexoinformativo.mx\/#organization\"},\"potentialAction\":[{\"@type\":\"SearchAction\",\"target\":{\"@type\":\"EntryPoint\",\"urlTemplate\":\"https:\/\/www.nexoinformativo.mx\/?s={search_term_string}\"},\"query-input\":{\"@type\":\"PropertyValueSpecification\",\"valueRequired\":true,\"valueName\":\"search_term_string\"}}],\"inLanguage\":\"es\"},{\"@type\":\"Organization\",\"@id\":\"https:\/\/www.nexoinformativo.mx\/#organization\",\"name\":\"Nexo Informativo Santiago de Quer\u00e9taro\",\"url\":\"https:\/\/www.nexoinformativo.mx\/\",\"logo\":{\"@type\":\"ImageObject\",\"inLanguage\":\"es\",\"@id\":\"https:\/\/www.nexoinformativo.mx\/#\/schema\/logo\/image\/\",\"url\":\"https:\/\/www.nexoinformativo.mx\/wp-content\/uploads\/2024\/07\/nexoi-trasparente-2.png\",\"contentUrl\":\"https:\/\/www.nexoinformativo.mx\/wp-content\/uploads\/2024\/07\/nexoi-trasparente-2.png\",\"width\":816,\"height\":339,\"caption\":\"Nexo Informativo Santiago de Quer\u00e9taro\"},\"image\":{\"@id\":\"https:\/\/www.nexoinformativo.mx\/#\/schema\/logo\/image\/\"},\"sameAs\":[\"https:\/\/www.facebook.com\/people\/Nexo-Informativo\/61564066885511\/\"]},{\"@type\":\"Person\",\"@id\":\"https:\/\/www.nexoinformativo.mx\/#\/schema\/person\/7749d380ba08c8ca00d7bc76fd907b7d\",\"name\":\"Nexo Informativo\",\"image\":{\"@type\":\"ImageObject\",\"inLanguage\":\"es\",\"@id\":\"https:\/\/www.nexoinformativo.mx\/#\/schema\/person\/image\/\",\"url\":\"https:\/\/secure.gravatar.com\/avatar\/dde2928154642a13d95f87ddf1ea9718fe2b46760a005c53e41ff5ad610704e6?s=96&d=mm&r=g\",\"contentUrl\":\"https:\/\/secure.gravatar.com\/avatar\/dde2928154642a13d95f87ddf1ea9718fe2b46760a005c53e41ff5ad610704e6?s=96&d=mm&r=g\",\"caption\":\"Nexo Informativo\"},\"url\":\"https:\/\/www.nexoinformativo.mx\/index.php\/author\/edicion\/\"}]}<\/script>\n<!-- \/ Yoast SEO plugin. -->","yoast_head_json":{"title":"Atentado a Diana S\u00e1nchez Barrios: Balean a Lideresa de comerciantes en el Centro de CDMX | Nexo Informativo Santiago de Quer\u00e9taro","description":"Atentado a Diana S\u00e1nchez Barrios: Balean a Lideresa de comerciantes en el Centro de CDMX","robots":{"index":"index","follow":"follow","max-snippet":"max-snippet:-1","max-image-preview":"max-image-preview:large","max-video-preview":"max-video-preview:-1"},"canonical":"https:\/\/www.nexoinformativo.mx\/index.php\/2024\/10\/17\/atentado-a-diana-sanchez-barrios-balean-a-lideresa-de-comerciantes-en-el-centro-de-cdmx\/","og_locale":"es_MX","og_type":"article","og_title":"Atentado a Diana S\u00e1nchez Barrios: Balean a Lideresa de comerciantes en el Centro de CDMX | Nexo Informativo Santiago de Quer\u00e9taro","og_description":"Atentado a Diana S\u00e1nchez Barrios: Balean a Lideresa de comerciantes en el Centro de CDMX","og_url":"https:\/\/www.nexoinformativo.mx\/index.php\/2024\/10\/17\/atentado-a-diana-sanchez-barrios-balean-a-lideresa-de-comerciantes-en-el-centro-de-cdmx\/","og_site_name":"Nexo Informativo Santiago de Quer\u00e9taro","article_publisher":"https:\/\/www.facebook.com\/people\/Nexo-Informativo\/61564066885511\/","article_published_time":"2024-10-18T00:00:34+00:00","article_modified_time":"2024-10-18T13:42:35+00:00","og_image":[{"width":474,"height":733,"url":"https:\/\/www.nexoinformativo.mx\/wp-content\/uploads\/2024\/10\/IMG_6990.jpg","type":"image\/jpeg"}],"author":"Nexo Informativo","twitter_card":"summary_large_image","twitter_misc":{"Escrito por":"Nexo Informativo","Tiempo de lectura":"2 minutos"},"schema":{"@context":"https:\/\/schema.org","@graph":[{"@type":"Article","@id":"https:\/\/www.nexoinformativo.mx\/index.php\/2024\/10\/17\/atentado-a-diana-sanchez-barrios-balean-a-lideresa-de-comerciantes-en-el-centro-de-cdmx\/#article","isPartOf":{"@id":"https:\/\/www.nexoinformativo.mx\/index.php\/2024\/10\/17\/atentado-a-diana-sanchez-barrios-balean-a-lideresa-de-comerciantes-en-el-centro-de-cdmx\/"},"author":{"name":"Nexo Informativo","@id":"https:\/\/www.nexoinformativo.mx\/#\/schema\/person\/7749d380ba08c8ca00d7bc76fd907b7d"},"headline":"Atentado a Diana S\u00e1nchez Barrios: Balean a Lideresa de comerciantes en el Centro de CDMX","datePublished":"2024-10-18T00:00:34+00:00","dateModified":"2024-10-18T13:42:35+00:00","mainEntityOfPage":{"@id":"https:\/\/www.nexoinformativo.mx\/index.php\/2024\/10\/17\/atentado-a-diana-sanchez-barrios-balean-a-lideresa-de-comerciantes-en-el-centro-de-cdmx\/"},"wordCount":301,"commentCount":0,"publisher":{"@id":"https:\/\/www.nexoinformativo.mx\/#organization"},"image":{"@id":"https:\/\/www.nexoinformativo.mx\/index.php\/2024\/10\/17\/atentado-a-diana-sanchez-barrios-balean-a-lideresa-de-comerciantes-en-el-centro-de-cdmx\/#primaryimage"},"thumbnailUrl":"https:\/\/www.nexoinformativo.mx\/wp-content\/uploads\/2024\/10\/IMG_6990.jpg","keywords":["AtentadoCdMx","DianaS\u00e1nchezBarrios","Justicia","SeguridadCiudadana"],"articleSection":["Nacional","Sucesos","\u00daltima Hora"],"inLanguage":"es","potentialAction":[{"@type":"CommentAction","name":"Comment","target":["https:\/\/www.nexoinformativo.mx\/index.php\/2024\/10\/17\/atentado-a-diana-sanchez-barrios-balean-a-lideresa-de-comerciantes-en-el-centro-de-cdmx\/#respond"]}]},{"@type":"WebPage","@id":"https:\/\/www.nexoinformativo.mx\/index.php\/2024\/10\/17\/atentado-a-diana-sanchez-barrios-balean-a-lideresa-de-comerciantes-en-el-centro-de-cdmx\/","url":"https:\/\/www.nexoinformativo.mx\/index.php\/2024\/10\/17\/atentado-a-diana-sanchez-barrios-balean-a-lideresa-de-comerciantes-en-el-centro-de-cdmx\/","name":"Atentado a Diana S\u00e1nchez Barrios: Balean a Lideresa de comerciantes en el Centro de CDMX | Nexo Informativo Santiago de Quer\u00e9taro","isPartOf":{"@id":"https:\/\/www.nexoinformativo.mx\/#website"},"primaryImageOfPage":{"@id":"https:\/\/www.nexoinformativo.mx\/index.php\/2024\/10\/17\/atentado-a-diana-sanchez-barrios-balean-a-lideresa-de-comerciantes-en-el-centro-de-cdmx\/#primaryimage"},"image":{"@id":"https:\/\/www.nexoinformativo.mx\/index.php\/2024\/10\/17\/atentado-a-diana-sanchez-barrios-balean-a-lideresa-de-comerciantes-en-el-centro-de-cdmx\/#primaryimage"},"thumbnailUrl":"https:\/\/www.nexoinformativo.mx\/wp-content\/uploads\/2024\/10\/IMG_6990.jpg","datePublished":"2024-10-18T00:00:34+00:00","dateModified":"2024-10-18T13:42:35+00:00","description":"Atentado a Diana S\u00e1nchez Barrios: Balean a Lideresa de comerciantes en el Centro de CDMX","breadcrumb":{"@id":"https:\/\/www.nexoinformativo.mx\/index.php\/2024\/10\/17\/atentado-a-diana-sanchez-barrios-balean-a-lideresa-de-comerciantes-en-el-centro-de-cdmx\/#breadcrumb"},"inLanguage":"es","potentialAction":[{"@type":"ReadAction","target":["https:\/\/www.nexoinformativo.mx\/index.php\/2024\/10\/17\/atentado-a-diana-sanchez-barrios-balean-a-lideresa-de-comerciantes-en-el-centro-de-cdmx\/"]}]},{"@type":"ImageObject","inLanguage":"es","@id":"https:\/\/www.nexoinformativo.mx\/index.php\/2024\/10\/17\/atentado-a-diana-sanchez-barrios-balean-a-lideresa-de-comerciantes-en-el-centro-de-cdmx\/#primaryimage","url":"https:\/\/www.nexoinformativo.mx\/wp-content\/uploads\/2024\/10\/IMG_6990.jpg","contentUrl":"https:\/\/www.nexoinformativo.mx\/wp-content\/uploads\/2024\/10\/IMG_6990.jpg","width":474,"height":733,"caption":"Screenshot"},{"@type":"BreadcrumbList","@id":"https:\/\/www.nexoinformativo.mx\/index.php\/2024\/10\/17\/atentado-a-diana-sanchez-barrios-balean-a-lideresa-de-comerciantes-en-el-centro-de-cdmx\/#breadcrumb","itemListElement":[{"@type":"ListItem","position":1,"name":"Inicio","item":"https:\/\/www.nexoinformativo.mx\/"},{"@type":"ListItem","position":2,"name":"Atentado a Diana S\u00e1nchez Barrios: Balean a Lideresa de comerciantes en el Centro de CDMX"}]},{"@type":"WebSite","@id":"https:\/\/www.nexoinformativo.mx\/#website","url":"https:\/\/www.nexoinformativo.mx\/","name":"Nexo Informativo Santiago de Quer\u00e9taro","description":"Explora NexoInformativo y convi\u00e9rtete en parte de una comunidad que valora el conocimiento y la verdad. Tu nexoinformativo es tu puente hacia una comprensi\u00f3n m\u00e1s profunda del mundo que te rodea.","publisher":{"@id":"https:\/\/www.nexoinformativo.mx\/#organization"},"potentialAction":[{"@type":"SearchAction","target":{"@type":"EntryPoint","urlTemplate":"https:\/\/www.nexoinformativo.mx\/?s={search_term_string}"},"query-input":{"@type":"PropertyValueSpecification","valueRequired":true,"valueName":"search_term_string"}}],"inLanguage":"es"},{"@type":"Organization","@id":"https:\/\/www.nexoinformativo.mx\/#organization","name":"Nexo Informativo Santiago de Quer\u00e9taro","url":"https:\/\/www.nexoinformativo.mx\/","logo":{"@type":"ImageObject","inLanguage":"es","@id":"https:\/\/www.nexoinformativo.mx\/#\/schema\/logo\/image\/","url":"https:\/\/www.nexoinformativo.mx\/wp-content\/uploads\/2024\/07\/nexoi-trasparente-2.png","contentUrl":"https:\/\/www.nexoinformativo.mx\/wp-content\/uploads\/2024\/07\/nexoi-trasparente-2.png","width":816,"height":339,"caption":"Nexo Informativo Santiago de Quer\u00e9taro"},"image":{"@id":"https:\/\/www.nexoinformativo.mx\/#\/schema\/logo\/image\/"},"sameAs":["https:\/\/www.facebook.com\/people\/Nexo-Informativo\/61564066885511\/"]},{"@type":"Person","@id":"https:\/\/www.nexoinformativo.mx\/#\/schema\/person\/7749d380ba08c8ca00d7bc76fd907b7d","name":"Nexo Informativo","image":{"@type":"ImageObject","inLanguage":"es","@id":"https:\/\/www.nexoinformativo.mx\/#\/schema\/person\/image\/","url":"https:\/\/secure.gravatar.com\/avatar\/dde2928154642a13d95f87ddf1ea9718fe2b46760a005c53e41ff5ad610704e6?s=96&d=mm&r=g","contentUrl":"https:\/\/secure.gravatar.com\/avatar\/dde2928154642a13d95f87ddf1ea9718fe2b46760a005c53e41ff5ad610704e6?s=96&d=mm&r=g","caption":"Nexo Informativo"},"url":"https:\/\/www.nexoinformativo.mx\/index.php\/author\/edicion\/"}]}},"_links":{"self":[{"href":"https:\/\/www.nexoinformativo.mx\/index.php\/wp-json\/wp\/v2\/posts\/3727","targetHints":{"allow":["GET"]}}],"collection":[{"href":"https:\/\/www.nexoinformativo.mx\/index.php\/wp-json\/wp\/v2\/posts"}],"about":[{"href":"https:\/\/www.nexoinformativo.mx\/index.php\/wp-json\/wp\/v2\/types\/post"}],"author":[{"embeddable":true,"href":"https:\/\/www.nexoinformativo.mx\/index.php\/wp-json\/wp\/v2\/users\/3"}],"replies":[{"embeddable":true,"href":"https:\/\/www.nexoinformativo.mx\/index.php\/wp-json\/wp\/v2\/comments?post=3727"}],"version-history":[{"count":4,"href":"https:\/\/www.nexoinformativo.mx\/index.php\/wp-json\/wp\/v2\/posts\/3727\/revisions"}],"predecessor-version":[{"id":3733,"href":"https:\/\/www.nexoinformativo.mx\/index.php\/wp-json\/wp\/v2\/posts\/3727\/revisions\/3733"}],"wp:featuredmedia":[{"embeddable":true,"href":"https:\/\/www.nexoinformativo.mx\/index.php\/wp-json\/wp\/v2\/media\/3728"}],"wp:attachment":[{"href":"https:\/\/www.nexoinformativo.mx\/index.php\/wp-json\/wp\/v2\/media?parent=3727"}],"wp:term":[{"taxonomy":"category","embeddable":true,"href":"https:\/\/www.nexoinformativo.mx\/index.php\/wp-json\/wp\/v2\/categories?post=3727"},{"taxonomy":"post_tag","embeddable":true,"href":"https:\/\/www.nexoinformativo.mx\/index.php\/wp-json\/wp\/v2\/tags?post=3727"}],"curies":[{"name":"wp","href":"https:\/\/api.w.org\/{rel}","templated":true}]}}