{"id":3741,"date":"2024-10-18T07:00:52","date_gmt":"2024-10-18T13:00:52","guid":{"rendered":"https:\/\/www.nexoinformativo.mx\/?p=3741"},"modified":"2024-10-18T13:31:27","modified_gmt":"2024-10-18T19:31:27","slug":"estudiantes-del-cecyteq-triunfan-en-el-premio-ciencia-tecnologia-e-innovacion-cti-2024","status":"publish","type":"post","link":"https:\/\/www.nexoinformativo.mx\/index.php\/2024\/10\/18\/estudiantes-del-cecyteq-triunfan-en-el-premio-ciencia-tecnologia-e-innovacion-cti-2024\/","title":{"rendered":"Estudiantes del CECyTEQ triunfan en el Premio Ciencia, Tecnolog\u00eda e Innovaci\u00f3n CTI 2024"},"content":{"rendered":"<p dir=\"auto\" style=\"text-align: justify;\">Los estudiantes del Colegio de Estudios Cient\u00edficos y Tecnol\u00f3gicos del Estado de Quer\u00e9taro <strong>(CECyTEQ)<\/strong> destacaron en la categor\u00eda \u201cMujeres en STEM\u201d del\u00a0Premio Ciencia, Tecnolog\u00eda e Innovaci\u00f3n CTI 2024, organizado por el CONCyTEQ Consejo de Ciencia y Tecnolog\u00eda del estado de Queretaro.<\/p>\n<p>&nbsp;<\/p>\n<p style=\"text-align: justify;\">Participando 16 proyectos finalistas provenientes de plantes del estado en Huimilpan, Corregidora, Cerrito Colorado, Montenegro y Menchaca.<\/p>\n<p>&nbsp;<\/p>\n<p style=\"text-align: justify;\">El primer lugar fue para el plantel Corregidora con el proyecto <strong>\u201cEvaluaci\u00f3n de la actividad promotora de crecimiento de hortalizas de un biofertilizante\u201d<\/strong>, que utiliza bacterias como\u00a0streptomyces sp y bacilos sp para mejorar el crecimiento de hortalizas siendo una innovaci\u00f3n agr\u00edcola.<\/p>\n<p>&nbsp;<\/p>\n<p style=\"text-align: justify;\">El segundo lugar lo obtuvo el plantel Cerrito Colorado, con el proyecto <strong>\u201cMi Mundo Azul y Chaleco para ayudar a ni\u00f1os con TEA\u201d<\/strong>, dise\u00f1ado para asistir a ni\u00f1os con Trastorno del Espectro Autista. El chaleco genera un \u201cabrazo de mariposa\u201d, ayudando a los ni\u00f1os a calmarse durante una crisis. Este avance demuestra el compromiso del CECyTEQ con la tecnolog\u00eda al servicio de la salud y el bienestar social.<\/p>\n<p>&nbsp;<\/p>\n<p style=\"text-align: justify;\">El tercer lugar fue para el plantel Huimilpan con el proyecto <strong>&#8220;Invernadero automatizado&#8221; <\/strong>ajustando la humedad seg\u00fan las necesidades de las plantas, demostrando\u00a0as\u00ed su compromiso con la tecnolog\u00eda al servicio de la sociedad.<\/p>\n<p>&nbsp;<\/p>\n<p style=\"text-align: justify;\">Reconocimiento al talento estudiantil la final y la premiaci\u00f3n se llev\u00f3 a cabo en el Centro de Negocios de la Universidad Aut\u00f3noma de Queretaro.<\/p>\n<p>&nbsp;<\/p>\n<p style=\"text-align: center;\"><em><strong>\u00a1Informaci\u00f3n que transforma!<\/strong><\/em><\/p>\n","protected":false},"excerpt":{"rendered":"<p>Los estudiantes del Colegio de Estudios Cient\u00edficos y Tecnol\u00f3gicos del Estado de Quer\u00e9taro (CECyTEQ) destacaron en la categor\u00eda \u201cMujeres en STEM\u201d del\u00a0Premio Ciencia, Tecnolog\u00eda e Innovaci\u00f3n CTI 2024, organizado por el CONCyTEQ Consejo de Ciencia y Tecnolog\u00eda del estado de Queretaro. &nbsp; Participando 16 proyectos finalistas provenientes de plantes del estado en Huimilpan, Corregidora, Cerrito [&hellip;]<\/p>\n","protected":false},"author":3,"featured_media":3742,"comment_status":"open","ping_status":"open","sticky":false,"template":"","format":"standard","meta":{"footnotes":""},"categories":[13,58],"tags":[1429,1430,1431,1432],"class_list":["post-3741","post","type-post","status-publish","format-standard","has-post-thumbnail","hentry","category-tecnologia","category-ultima-hora","tag-cecyteq","tag-mujeres","tag-premiocti","tag-queretarotecnologia"],"yoast_head":"<!-- This site is optimized with the Yoast SEO plugin v25.0 - https:\/\/yoast.com\/wordpress\/plugins\/seo\/ -->\n<title>Estudiantes del CECyTEQ triunfan en el Premio Ciencia, Tecnolog\u00eda e Innovaci\u00f3n CTI 2024 | Nexo Informativo Santiago de Quer\u00e9taro<\/title>\n<meta name=\"description\" content=\"Estudiantes del CECyTEQ triunfan en el Premio Ciencia, Tecnolog\u00eda e Innovaci\u00f3n CTI 2024\" \/>\n<meta name=\"robots\" content=\"index, follow, max-snippet:-1, max-image-preview:large, max-video-preview:-1\" \/>\n<link rel=\"canonical\" href=\"https:\/\/www.nexoinformativo.mx\/index.php\/2024\/10\/18\/estudiantes-del-cecyteq-triunfan-en-el-premio-ciencia-tecnologia-e-innovacion-cti-2024\/\" \/>\n<meta property=\"og:locale\" content=\"es_MX\" \/>\n<meta property=\"og:type\" content=\"article\" \/>\n<meta property=\"og:title\" content=\"Estudiantes del CECyTEQ triunfan en el Premio Ciencia, Tecnolog\u00eda e Innovaci\u00f3n CTI 2024 | Nexo Informativo Santiago de Quer\u00e9taro\" \/>\n<meta property=\"og:description\" content=\"Estudiantes del CECyTEQ triunfan en el Premio Ciencia, Tecnolog\u00eda e Innovaci\u00f3n CTI 2024\" \/>\n<meta property=\"og:url\" content=\"https:\/\/www.nexoinformativo.mx\/index.php\/2024\/10\/18\/estudiantes-del-cecyteq-triunfan-en-el-premio-ciencia-tecnologia-e-innovacion-cti-2024\/\" \/>\n<meta property=\"og:site_name\" content=\"Nexo Informativo Santiago de Quer\u00e9taro\" \/>\n<meta property=\"article:publisher\" content=\"https:\/\/www.facebook.com\/people\/Nexo-Informativo\/61564066885511\/\" \/>\n<meta property=\"article:published_time\" content=\"2024-10-18T13:00:52+00:00\" \/>\n<meta property=\"article:modified_time\" content=\"2024-10-18T19:31:27+00:00\" \/>\n<meta property=\"og:image\" content=\"https:\/\/www.nexoinformativo.mx\/wp-content\/uploads\/2024\/10\/PHOTO-2024-10-17-22-16-00-e1729259648564.jpg\" \/>\n\t<meta property=\"og:image:width\" content=\"800\" \/>\n\t<meta property=\"og:image:height\" content=\"1000\" \/>\n\t<meta property=\"og:image:type\" content=\"image\/jpeg\" \/>\n<meta name=\"author\" content=\"Nexo Informativo\" \/>\n<meta name=\"twitter:card\" content=\"summary_large_image\" \/>\n<meta name=\"twitter:label1\" content=\"Escrito por\" \/>\n\t<meta name=\"twitter:data1\" content=\"Nexo Informativo\" \/>\n\t<meta name=\"twitter:label2\" content=\"Tiempo de lectura\" \/>\n\t<meta name=\"twitter:data2\" content=\"2 minutos\" \/>\n<script type=\"application\/ld+json\" class=\"yoast-schema-graph\">{\"@context\":\"https:\/\/schema.org\",\"@graph\":[{\"@type\":\"Article\",\"@id\":\"https:\/\/www.nexoinformativo.mx\/index.php\/2024\/10\/18\/estudiantes-del-cecyteq-triunfan-en-el-premio-ciencia-tecnologia-e-innovacion-cti-2024\/#article\",\"isPartOf\":{\"@id\":\"https:\/\/www.nexoinformativo.mx\/index.php\/2024\/10\/18\/estudiantes-del-cecyteq-triunfan-en-el-premio-ciencia-tecnologia-e-innovacion-cti-2024\/\"},\"author\":{\"name\":\"Nexo Informativo\",\"@id\":\"https:\/\/www.nexoinformativo.mx\/#\/schema\/person\/7749d380ba08c8ca00d7bc76fd907b7d\"},\"headline\":\"Estudiantes del CECyTEQ triunfan en el Premio Ciencia, Tecnolog\u00eda e Innovaci\u00f3n CTI 2024\",\"datePublished\":\"2024-10-18T13:00:52+00:00\",\"dateModified\":\"2024-10-18T19:31:27+00:00\",\"mainEntityOfPage\":{\"@id\":\"https:\/\/www.nexoinformativo.mx\/index.php\/2024\/10\/18\/estudiantes-del-cecyteq-triunfan-en-el-premio-ciencia-tecnologia-e-innovacion-cti-2024\/\"},\"wordCount\":268,\"commentCount\":0,\"publisher\":{\"@id\":\"https:\/\/www.nexoinformativo.mx\/#organization\"},\"image\":{\"@id\":\"https:\/\/www.nexoinformativo.mx\/index.php\/2024\/10\/18\/estudiantes-del-cecyteq-triunfan-en-el-premio-ciencia-tecnologia-e-innovacion-cti-2024\/#primaryimage\"},\"thumbnailUrl\":\"https:\/\/www.nexoinformativo.mx\/wp-content\/uploads\/2024\/10\/PHOTO-2024-10-17-22-16-00-e1729259648564.jpg\",\"keywords\":[\"CECyTEQ\",\"Mujeres\",\"PremioCTI\",\"Quer\u00e9taroTecnolog\u00eda\"],\"articleSection\":[\"Tecnolog\u00eda\",\"\u00daltima Hora\"],\"inLanguage\":\"es\",\"potentialAction\":[{\"@type\":\"CommentAction\",\"name\":\"Comment\",\"target\":[\"https:\/\/www.nexoinformativo.mx\/index.php\/2024\/10\/18\/estudiantes-del-cecyteq-triunfan-en-el-premio-ciencia-tecnologia-e-innovacion-cti-2024\/#respond\"]}]},{\"@type\":\"WebPage\",\"@id\":\"https:\/\/www.nexoinformativo.mx\/index.php\/2024\/10\/18\/estudiantes-del-cecyteq-triunfan-en-el-premio-ciencia-tecnologia-e-innovacion-cti-2024\/\",\"url\":\"https:\/\/www.nexoinformativo.mx\/index.php\/2024\/10\/18\/estudiantes-del-cecyteq-triunfan-en-el-premio-ciencia-tecnologia-e-innovacion-cti-2024\/\",\"name\":\"Estudiantes del CECyTEQ triunfan en el Premio Ciencia, Tecnolog\u00eda e Innovaci\u00f3n CTI 2024 | Nexo Informativo Santiago de Quer\u00e9taro\",\"isPartOf\":{\"@id\":\"https:\/\/www.nexoinformativo.mx\/#website\"},\"primaryImageOfPage\":{\"@id\":\"https:\/\/www.nexoinformativo.mx\/index.php\/2024\/10\/18\/estudiantes-del-cecyteq-triunfan-en-el-premio-ciencia-tecnologia-e-innovacion-cti-2024\/#primaryimage\"},\"image\":{\"@id\":\"https:\/\/www.nexoinformativo.mx\/index.php\/2024\/10\/18\/estudiantes-del-cecyteq-triunfan-en-el-premio-ciencia-tecnologia-e-innovacion-cti-2024\/#primaryimage\"},\"thumbnailUrl\":\"https:\/\/www.nexoinformativo.mx\/wp-content\/uploads\/2024\/10\/PHOTO-2024-10-17-22-16-00-e1729259648564.jpg\",\"datePublished\":\"2024-10-18T13:00:52+00:00\",\"dateModified\":\"2024-10-18T19:31:27+00:00\",\"description\":\"Estudiantes del CECyTEQ triunfan en el Premio Ciencia, Tecnolog\u00eda e Innovaci\u00f3n CTI 2024\",\"breadcrumb\":{\"@id\":\"https:\/\/www.nexoinformativo.mx\/index.php\/2024\/10\/18\/estudiantes-del-cecyteq-triunfan-en-el-premio-ciencia-tecnologia-e-innovacion-cti-2024\/#breadcrumb\"},\"inLanguage\":\"es\",\"potentialAction\":[{\"@type\":\"ReadAction\",\"target\":[\"https:\/\/www.nexoinformativo.mx\/index.php\/2024\/10\/18\/estudiantes-del-cecyteq-triunfan-en-el-premio-ciencia-tecnologia-e-innovacion-cti-2024\/\"]}]},{\"@type\":\"ImageObject\",\"inLanguage\":\"es\",\"@id\":\"https:\/\/www.nexoinformativo.mx\/index.php\/2024\/10\/18\/estudiantes-del-cecyteq-triunfan-en-el-premio-ciencia-tecnologia-e-innovacion-cti-2024\/#primaryimage\",\"url\":\"https:\/\/www.nexoinformativo.mx\/wp-content\/uploads\/2024\/10\/PHOTO-2024-10-17-22-16-00-e1729259648564.jpg\",\"contentUrl\":\"https:\/\/www.nexoinformativo.mx\/wp-content\/uploads\/2024\/10\/PHOTO-2024-10-17-22-16-00-e1729259648564.jpg\",\"width\":800,\"height\":1000},{\"@type\":\"BreadcrumbList\",\"@id\":\"https:\/\/www.nexoinformativo.mx\/index.php\/2024\/10\/18\/estudiantes-del-cecyteq-triunfan-en-el-premio-ciencia-tecnologia-e-innovacion-cti-2024\/#breadcrumb\",\"itemListElement\":[{\"@type\":\"ListItem\",\"position\":1,\"name\":\"Inicio\",\"item\":\"https:\/\/www.nexoinformativo.mx\/\"},{\"@type\":\"ListItem\",\"position\":2,\"name\":\"Estudiantes del CECyTEQ triunfan en el Premio Ciencia, Tecnolog\u00eda e Innovaci\u00f3n CTI 2024\"}]},{\"@type\":\"WebSite\",\"@id\":\"https:\/\/www.nexoinformativo.mx\/#website\",\"url\":\"https:\/\/www.nexoinformativo.mx\/\",\"name\":\"Nexo Informativo Santiago de Quer\u00e9taro\",\"description\":\"Explora NexoInformativo y convi\u00e9rtete en parte de una comunidad que valora el conocimiento y la verdad. Tu nexoinformativo es tu puente hacia una comprensi\u00f3n m\u00e1s profunda del mundo que te rodea.\",\"publisher\":{\"@id\":\"https:\/\/www.nexoinformativo.mx\/#organization\"},\"potentialAction\":[{\"@type\":\"SearchAction\",\"target\":{\"@type\":\"EntryPoint\",\"urlTemplate\":\"https:\/\/www.nexoinformativo.mx\/?s={search_term_string}\"},\"query-input\":{\"@type\":\"PropertyValueSpecification\",\"valueRequired\":true,\"valueName\":\"search_term_string\"}}],\"inLanguage\":\"es\"},{\"@type\":\"Organization\",\"@id\":\"https:\/\/www.nexoinformativo.mx\/#organization\",\"name\":\"Nexo Informativo Santiago de Quer\u00e9taro\",\"url\":\"https:\/\/www.nexoinformativo.mx\/\",\"logo\":{\"@type\":\"ImageObject\",\"inLanguage\":\"es\",\"@id\":\"https:\/\/www.nexoinformativo.mx\/#\/schema\/logo\/image\/\",\"url\":\"https:\/\/www.nexoinformativo.mx\/wp-content\/uploads\/2024\/07\/nexoi-trasparente-2.png\",\"contentUrl\":\"https:\/\/www.nexoinformativo.mx\/wp-content\/uploads\/2024\/07\/nexoi-trasparente-2.png\",\"width\":816,\"height\":339,\"caption\":\"Nexo Informativo Santiago de Quer\u00e9taro\"},\"image\":{\"@id\":\"https:\/\/www.nexoinformativo.mx\/#\/schema\/logo\/image\/\"},\"sameAs\":[\"https:\/\/www.facebook.com\/people\/Nexo-Informativo\/61564066885511\/\"]},{\"@type\":\"Person\",\"@id\":\"https:\/\/www.nexoinformativo.mx\/#\/schema\/person\/7749d380ba08c8ca00d7bc76fd907b7d\",\"name\":\"Nexo Informativo\",\"image\":{\"@type\":\"ImageObject\",\"inLanguage\":\"es\",\"@id\":\"https:\/\/www.nexoinformativo.mx\/#\/schema\/person\/image\/\",\"url\":\"https:\/\/secure.gravatar.com\/avatar\/dde2928154642a13d95f87ddf1ea9718fe2b46760a005c53e41ff5ad610704e6?s=96&d=mm&r=g\",\"contentUrl\":\"https:\/\/secure.gravatar.com\/avatar\/dde2928154642a13d95f87ddf1ea9718fe2b46760a005c53e41ff5ad610704e6?s=96&d=mm&r=g\",\"caption\":\"Nexo Informativo\"},\"url\":\"https:\/\/www.nexoinformativo.mx\/index.php\/author\/edicion\/\"}]}<\/script>\n<!-- \/ Yoast SEO plugin. -->","yoast_head_json":{"title":"Estudiantes del CECyTEQ triunfan en el Premio Ciencia, Tecnolog\u00eda e Innovaci\u00f3n CTI 2024 | Nexo Informativo Santiago de Quer\u00e9taro","description":"Estudiantes del CECyTEQ triunfan en el Premio Ciencia, Tecnolog\u00eda e Innovaci\u00f3n CTI 2024","robots":{"index":"index","follow":"follow","max-snippet":"max-snippet:-1","max-image-preview":"max-image-preview:large","max-video-preview":"max-video-preview:-1"},"canonical":"https:\/\/www.nexoinformativo.mx\/index.php\/2024\/10\/18\/estudiantes-del-cecyteq-triunfan-en-el-premio-ciencia-tecnologia-e-innovacion-cti-2024\/","og_locale":"es_MX","og_type":"article","og_title":"Estudiantes del CECyTEQ triunfan en el Premio Ciencia, Tecnolog\u00eda e Innovaci\u00f3n CTI 2024 | Nexo Informativo Santiago de Quer\u00e9taro","og_description":"Estudiantes del CECyTEQ triunfan en el Premio Ciencia, Tecnolog\u00eda e Innovaci\u00f3n CTI 2024","og_url":"https:\/\/www.nexoinformativo.mx\/index.php\/2024\/10\/18\/estudiantes-del-cecyteq-triunfan-en-el-premio-ciencia-tecnologia-e-innovacion-cti-2024\/","og_site_name":"Nexo Informativo Santiago de Quer\u00e9taro","article_publisher":"https:\/\/www.facebook.com\/people\/Nexo-Informativo\/61564066885511\/","article_published_time":"2024-10-18T13:00:52+00:00","article_modified_time":"2024-10-18T19:31:27+00:00","og_image":[{"width":800,"height":1000,"url":"https:\/\/www.nexoinformativo.mx\/wp-content\/uploads\/2024\/10\/PHOTO-2024-10-17-22-16-00-e1729259648564.jpg","type":"image\/jpeg"}],"author":"Nexo Informativo","twitter_card":"summary_large_image","twitter_misc":{"Escrito por":"Nexo Informativo","Tiempo de lectura":"2 minutos"},"schema":{"@context":"https:\/\/schema.org","@graph":[{"@type":"Article","@id":"https:\/\/www.nexoinformativo.mx\/index.php\/2024\/10\/18\/estudiantes-del-cecyteq-triunfan-en-el-premio-ciencia-tecnologia-e-innovacion-cti-2024\/#article","isPartOf":{"@id":"https:\/\/www.nexoinformativo.mx\/index.php\/2024\/10\/18\/estudiantes-del-cecyteq-triunfan-en-el-premio-ciencia-tecnologia-e-innovacion-cti-2024\/"},"author":{"name":"Nexo Informativo","@id":"https:\/\/www.nexoinformativo.mx\/#\/schema\/person\/7749d380ba08c8ca00d7bc76fd907b7d"},"headline":"Estudiantes del CECyTEQ triunfan en el Premio Ciencia, Tecnolog\u00eda e Innovaci\u00f3n CTI 2024","datePublished":"2024-10-18T13:00:52+00:00","dateModified":"2024-10-18T19:31:27+00:00","mainEntityOfPage":{"@id":"https:\/\/www.nexoinformativo.mx\/index.php\/2024\/10\/18\/estudiantes-del-cecyteq-triunfan-en-el-premio-ciencia-tecnologia-e-innovacion-cti-2024\/"},"wordCount":268,"commentCount":0,"publisher":{"@id":"https:\/\/www.nexoinformativo.mx\/#organization"},"image":{"@id":"https:\/\/www.nexoinformativo.mx\/index.php\/2024\/10\/18\/estudiantes-del-cecyteq-triunfan-en-el-premio-ciencia-tecnologia-e-innovacion-cti-2024\/#primaryimage"},"thumbnailUrl":"https:\/\/www.nexoinformativo.mx\/wp-content\/uploads\/2024\/10\/PHOTO-2024-10-17-22-16-00-e1729259648564.jpg","keywords":["CECyTEQ","Mujeres","PremioCTI","Quer\u00e9taroTecnolog\u00eda"],"articleSection":["Tecnolog\u00eda","\u00daltima Hora"],"inLanguage":"es","potentialAction":[{"@type":"CommentAction","name":"Comment","target":["https:\/\/www.nexoinformativo.mx\/index.php\/2024\/10\/18\/estudiantes-del-cecyteq-triunfan-en-el-premio-ciencia-tecnologia-e-innovacion-cti-2024\/#respond"]}]},{"@type":"WebPage","@id":"https:\/\/www.nexoinformativo.mx\/index.php\/2024\/10\/18\/estudiantes-del-cecyteq-triunfan-en-el-premio-ciencia-tecnologia-e-innovacion-cti-2024\/","url":"https:\/\/www.nexoinformativo.mx\/index.php\/2024\/10\/18\/estudiantes-del-cecyteq-triunfan-en-el-premio-ciencia-tecnologia-e-innovacion-cti-2024\/","name":"Estudiantes del CECyTEQ triunfan en el Premio Ciencia, Tecnolog\u00eda e Innovaci\u00f3n CTI 2024 | Nexo Informativo Santiago de Quer\u00e9taro","isPartOf":{"@id":"https:\/\/www.nexoinformativo.mx\/#website"},"primaryImageOfPage":{"@id":"https:\/\/www.nexoinformativo.mx\/index.php\/2024\/10\/18\/estudiantes-del-cecyteq-triunfan-en-el-premio-ciencia-tecnologia-e-innovacion-cti-2024\/#primaryimage"},"image":{"@id":"https:\/\/www.nexoinformativo.mx\/index.php\/2024\/10\/18\/estudiantes-del-cecyteq-triunfan-en-el-premio-ciencia-tecnologia-e-innovacion-cti-2024\/#primaryimage"},"thumbnailUrl":"https:\/\/www.nexoinformativo.mx\/wp-content\/uploads\/2024\/10\/PHOTO-2024-10-17-22-16-00-e1729259648564.jpg","datePublished":"2024-10-18T13:00:52+00:00","dateModified":"2024-10-18T19:31:27+00:00","description":"Estudiantes del CECyTEQ triunfan en el Premio Ciencia, Tecnolog\u00eda e Innovaci\u00f3n CTI 2024","breadcrumb":{"@id":"https:\/\/www.nexoinformativo.mx\/index.php\/2024\/10\/18\/estudiantes-del-cecyteq-triunfan-en-el-premio-ciencia-tecnologia-e-innovacion-cti-2024\/#breadcrumb"},"inLanguage":"es","potentialAction":[{"@type":"ReadAction","target":["https:\/\/www.nexoinformativo.mx\/index.php\/2024\/10\/18\/estudiantes-del-cecyteq-triunfan-en-el-premio-ciencia-tecnologia-e-innovacion-cti-2024\/"]}]},{"@type":"ImageObject","inLanguage":"es","@id":"https:\/\/www.nexoinformativo.mx\/index.php\/2024\/10\/18\/estudiantes-del-cecyteq-triunfan-en-el-premio-ciencia-tecnologia-e-innovacion-cti-2024\/#primaryimage","url":"https:\/\/www.nexoinformativo.mx\/wp-content\/uploads\/2024\/10\/PHOTO-2024-10-17-22-16-00-e1729259648564.jpg","contentUrl":"https:\/\/www.nexoinformativo.mx\/wp-content\/uploads\/2024\/10\/PHOTO-2024-10-17-22-16-00-e1729259648564.jpg","width":800,"height":1000},{"@type":"BreadcrumbList","@id":"https:\/\/www.nexoinformativo.mx\/index.php\/2024\/10\/18\/estudiantes-del-cecyteq-triunfan-en-el-premio-ciencia-tecnologia-e-innovacion-cti-2024\/#breadcrumb","itemListElement":[{"@type":"ListItem","position":1,"name":"Inicio","item":"https:\/\/www.nexoinformativo.mx\/"},{"@type":"ListItem","position":2,"name":"Estudiantes del CECyTEQ triunfan en el Premio Ciencia, Tecnolog\u00eda e Innovaci\u00f3n CTI 2024"}]},{"@type":"WebSite","@id":"https:\/\/www.nexoinformativo.mx\/#website","url":"https:\/\/www.nexoinformativo.mx\/","name":"Nexo Informativo Santiago de Quer\u00e9taro","description":"Explora NexoInformativo y convi\u00e9rtete en parte de una comunidad que valora el conocimiento y la verdad. Tu nexoinformativo es tu puente hacia una comprensi\u00f3n m\u00e1s profunda del mundo que te rodea.","publisher":{"@id":"https:\/\/www.nexoinformativo.mx\/#organization"},"potentialAction":[{"@type":"SearchAction","target":{"@type":"EntryPoint","urlTemplate":"https:\/\/www.nexoinformativo.mx\/?s={search_term_string}"},"query-input":{"@type":"PropertyValueSpecification","valueRequired":true,"valueName":"search_term_string"}}],"inLanguage":"es"},{"@type":"Organization","@id":"https:\/\/www.nexoinformativo.mx\/#organization","name":"Nexo Informativo Santiago de Quer\u00e9taro","url":"https:\/\/www.nexoinformativo.mx\/","logo":{"@type":"ImageObject","inLanguage":"es","@id":"https:\/\/www.nexoinformativo.mx\/#\/schema\/logo\/image\/","url":"https:\/\/www.nexoinformativo.mx\/wp-content\/uploads\/2024\/07\/nexoi-trasparente-2.png","contentUrl":"https:\/\/www.nexoinformativo.mx\/wp-content\/uploads\/2024\/07\/nexoi-trasparente-2.png","width":816,"height":339,"caption":"Nexo Informativo Santiago de Quer\u00e9taro"},"image":{"@id":"https:\/\/www.nexoinformativo.mx\/#\/schema\/logo\/image\/"},"sameAs":["https:\/\/www.facebook.com\/people\/Nexo-Informativo\/61564066885511\/"]},{"@type":"Person","@id":"https:\/\/www.nexoinformativo.mx\/#\/schema\/person\/7749d380ba08c8ca00d7bc76fd907b7d","name":"Nexo Informativo","image":{"@type":"ImageObject","inLanguage":"es","@id":"https:\/\/www.nexoinformativo.mx\/#\/schema\/person\/image\/","url":"https:\/\/secure.gravatar.com\/avatar\/dde2928154642a13d95f87ddf1ea9718fe2b46760a005c53e41ff5ad610704e6?s=96&d=mm&r=g","contentUrl":"https:\/\/secure.gravatar.com\/avatar\/dde2928154642a13d95f87ddf1ea9718fe2b46760a005c53e41ff5ad610704e6?s=96&d=mm&r=g","caption":"Nexo Informativo"},"url":"https:\/\/www.nexoinformativo.mx\/index.php\/author\/edicion\/"}]}},"_links":{"self":[{"href":"https:\/\/www.nexoinformativo.mx\/index.php\/wp-json\/wp\/v2\/posts\/3741","targetHints":{"allow":["GET"]}}],"collection":[{"href":"https:\/\/www.nexoinformativo.mx\/index.php\/wp-json\/wp\/v2\/posts"}],"about":[{"href":"https:\/\/www.nexoinformativo.mx\/index.php\/wp-json\/wp\/v2\/types\/post"}],"author":[{"embeddable":true,"href":"https:\/\/www.nexoinformativo.mx\/index.php\/wp-json\/wp\/v2\/users\/3"}],"replies":[{"embeddable":true,"href":"https:\/\/www.nexoinformativo.mx\/index.php\/wp-json\/wp\/v2\/comments?post=3741"}],"version-history":[{"count":4,"href":"https:\/\/www.nexoinformativo.mx\/index.php\/wp-json\/wp\/v2\/posts\/3741\/revisions"}],"predecessor-version":[{"id":3747,"href":"https:\/\/www.nexoinformativo.mx\/index.php\/wp-json\/wp\/v2\/posts\/3741\/revisions\/3747"}],"wp:featuredmedia":[{"embeddable":true,"href":"https:\/\/www.nexoinformativo.mx\/index.php\/wp-json\/wp\/v2\/media\/3742"}],"wp:attachment":[{"href":"https:\/\/www.nexoinformativo.mx\/index.php\/wp-json\/wp\/v2\/media?parent=3741"}],"wp:term":[{"taxonomy":"category","embeddable":true,"href":"https:\/\/www.nexoinformativo.mx\/index.php\/wp-json\/wp\/v2\/categories?post=3741"},{"taxonomy":"post_tag","embeddable":true,"href":"https:\/\/www.nexoinformativo.mx\/index.php\/wp-json\/wp\/v2\/tags?post=3741"}],"curies":[{"name":"wp","href":"https:\/\/api.w.org\/{rel}","templated":true}]}}