{"id":3754,"date":"2024-10-18T08:30:20","date_gmt":"2024-10-18T14:30:20","guid":{"rendered":"https:\/\/www.nexoinformativo.mx\/?p=3754"},"modified":"2024-10-18T12:52:58","modified_gmt":"2024-10-18T18:52:58","slug":"queretaro-entre-los-10-estados-con-mayor-tasa-de-mortalidad-por-cancer-de-mama-informa-ineg","status":"publish","type":"post","link":"https:\/\/www.nexoinformativo.mx\/index.php\/2024\/10\/18\/queretaro-entre-los-10-estados-con-mayor-tasa-de-mortalidad-por-cancer-de-mama-informa-ineg\/","title":{"rendered":"Quer\u00e9taro entre los 10 Estados con mayor tasa de mortalidad por C\u00e1ncer de Mama, informa INEGI"},"content":{"rendered":"<div dir=\"auto\" style=\"text-align: justify;\">\n<p>Quer\u00e9taro se encuentra en una posici\u00f3n alarmante en el sector de la salud p\u00fablica, al ocupar el d\u00e9cimo lugar nacional en tasas de mortalidad por c\u00e1ncer de mama, con 20.7 decesos por cada 100 mil mujeres. Esta cifra, proporcionada por el Instituto Nacional de Estad\u00edstica y Geograf\u00eda <strong>(INEGI)<\/strong>, pone de manifiesto la gravedad de esta enfermedad en el estado.<\/p>\n<p>El c\u00e1ncer de mama se caracteriza por el crecimiento descontrolado de c\u00e9lulas en la mama, lo que puede dar lugar a la formaci\u00f3n de tumores que son detectables mediante estudios de imagen o mediante palpaci\u00f3n.<\/p>\n<div dir=\"auto\" style=\"text-align: justify;\">\n<p>En M\u00e9xico, esta enfermedad es una de las principales causas de muerte entre las mujeres, y la informaci\u00f3n del INEGI revela que seis de cada diez mujeres de 20 a\u00f1os o m\u00e1s que fallecieron por esta causa ten\u00edan afiliaci\u00f3n a alguna instituci\u00f3n de salud p\u00fablica o privada.<\/p>\n<p>A nivel nacional, Sonora lidera la lista con la tasa m\u00e1s alta de mortalidad por c\u00e1ncer de mama, alcanzando 27.5 decesos por cada 100 mil mujeres, seguido de Chihuahua con 25.2.<\/p>\n<div dir=\"auto\" style=\"text-align: justify;\">\n<p>En contraste, los estados con las tasas m\u00e1s bajas son Campeche, con 9.9, y Guerrero, con 11.0, lo que refleja las disparidades en la atenci\u00f3n y prevenci\u00f3n de esta enfermedad en el pa\u00eds. Analizando la situaci\u00f3n laboral, el INEGI reporta que dos de cada diez mujeres que fallecieron por c\u00e1ncer de mama estaban activas laboralmente al momento de su diagn\u00f3stico.<\/p>\n<p>La mayor cantidad de defunciones se registr\u00f3 en el grupo de edad de 60 a 74 a\u00f1os, con un total de 2,598 fallecimientos. Estas estad\u00edsticas subrayan la urgencia de implementar programas de concientizaci\u00f3n y detecci\u00f3n temprana en Quer\u00e9taro y en todo el pa\u00eds, para combatir esta enfermedad que afecta a tantas mujeres.<\/p>\n<div dir=\"auto\" style=\"text-align: justify;\">\n<div dir=\"auto\" style=\"text-align: justify;\">\n<div dir=\"auto\"><\/div>\n<div dir=\"auto\" style=\"text-align: justify;\">\n<div dir=\"auto\" style=\"text-align: center;\"><strong><em>\u00a1Informaci\u00f3n que transforma!<\/em><\/strong><\/div>\n<\/div>\n<\/div>\n<\/div>\n<\/div>\n<\/div>\n<\/div>\n","protected":false},"excerpt":{"rendered":"<p>Quer\u00e9taro se encuentra en una posici\u00f3n alarmante en el sector de la salud p\u00fablica, al ocupar el d\u00e9cimo lugar nacional en tasas de mortalidad por c\u00e1ncer de mama, con 20.7 decesos por cada 100 mil mujeres. Esta cifra, proporcionada por el INEGI<\/p>\n","protected":false},"author":3,"featured_media":3755,"comment_status":"open","ping_status":"open","sticky":false,"template":"","format":"standard","meta":{"footnotes":""},"categories":[42,58],"tags":[1356,1434,133,1433],"class_list":["post-3754","post","type-post","status-publish","format-standard","has-post-thumbnail","hentry","category-estado","category-ultima-hora","tag-cancerdemama","tag-detecciontemprana","tag-queretaro","tag-saludfemenina"],"yoast_head":"<!-- This site is optimized with the Yoast SEO plugin v25.0 - https:\/\/yoast.com\/wordpress\/plugins\/seo\/ -->\n<title>Quer\u00e9taro entre los 10 Estados con mayor tasa de mortalidad por C\u00e1ncer de Mama, informa INEGI | Nexo Informativo Santiago de Quer\u00e9taro<\/title>\n<meta name=\"description\" content=\"Quer\u00e9taro entre los 10 Estados con mayor tasa de mortalidad por C\u00e1ncer de Mama, informa INEGI\" \/>\n<meta name=\"robots\" content=\"index, follow, max-snippet:-1, max-image-preview:large, max-video-preview:-1\" \/>\n<link rel=\"canonical\" href=\"https:\/\/www.nexoinformativo.mx\/index.php\/2024\/10\/18\/queretaro-entre-los-10-estados-con-mayor-tasa-de-mortalidad-por-cancer-de-mama-informa-ineg\/\" \/>\n<meta property=\"og:locale\" content=\"es_MX\" \/>\n<meta property=\"og:type\" content=\"article\" \/>\n<meta property=\"og:title\" content=\"Quer\u00e9taro entre los 10 Estados con mayor tasa de mortalidad por C\u00e1ncer de Mama, informa INEGI | Nexo Informativo Santiago de Quer\u00e9taro\" \/>\n<meta property=\"og:description\" content=\"Quer\u00e9taro entre los 10 Estados con mayor tasa de mortalidad por C\u00e1ncer de Mama, informa INEGI\" \/>\n<meta property=\"og:url\" content=\"https:\/\/www.nexoinformativo.mx\/index.php\/2024\/10\/18\/queretaro-entre-los-10-estados-con-mayor-tasa-de-mortalidad-por-cancer-de-mama-informa-ineg\/\" \/>\n<meta property=\"og:site_name\" content=\"Nexo Informativo Santiago de Quer\u00e9taro\" \/>\n<meta property=\"article:publisher\" content=\"https:\/\/www.facebook.com\/people\/Nexo-Informativo\/61564066885511\/\" \/>\n<meta property=\"article:published_time\" content=\"2024-10-18T14:30:20+00:00\" \/>\n<meta property=\"article:modified_time\" content=\"2024-10-18T18:52:58+00:00\" \/>\n<meta property=\"og:image\" content=\"https:\/\/www.nexoinformativo.mx\/wp-content\/uploads\/2024\/10\/PHOTO-2024-10-18-08-17-16-e1729262606716.jpg\" \/>\n\t<meta property=\"og:image:width\" content=\"800\" \/>\n\t<meta property=\"og:image:height\" content=\"1035\" \/>\n\t<meta property=\"og:image:type\" content=\"image\/jpeg\" \/>\n<meta name=\"author\" content=\"Nexo Informativo\" \/>\n<meta name=\"twitter:card\" content=\"summary_large_image\" \/>\n<meta name=\"twitter:label1\" content=\"Escrito por\" \/>\n\t<meta name=\"twitter:data1\" content=\"Nexo Informativo\" \/>\n\t<meta name=\"twitter:label2\" content=\"Tiempo de lectura\" \/>\n\t<meta name=\"twitter:data2\" content=\"2 minutos\" \/>\n<script type=\"application\/ld+json\" class=\"yoast-schema-graph\">{\"@context\":\"https:\/\/schema.org\",\"@graph\":[{\"@type\":\"Article\",\"@id\":\"https:\/\/www.nexoinformativo.mx\/index.php\/2024\/10\/18\/queretaro-entre-los-10-estados-con-mayor-tasa-de-mortalidad-por-cancer-de-mama-informa-ineg\/#article\",\"isPartOf\":{\"@id\":\"https:\/\/www.nexoinformativo.mx\/index.php\/2024\/10\/18\/queretaro-entre-los-10-estados-con-mayor-tasa-de-mortalidad-por-cancer-de-mama-informa-ineg\/\"},\"author\":{\"name\":\"Nexo Informativo\",\"@id\":\"https:\/\/www.nexoinformativo.mx\/#\/schema\/person\/7749d380ba08c8ca00d7bc76fd907b7d\"},\"headline\":\"Quer\u00e9taro entre los 10 Estados con mayor tasa de mortalidad por C\u00e1ncer de Mama, informa INEGI\",\"datePublished\":\"2024-10-18T14:30:20+00:00\",\"dateModified\":\"2024-10-18T18:52:58+00:00\",\"mainEntityOfPage\":{\"@id\":\"https:\/\/www.nexoinformativo.mx\/index.php\/2024\/10\/18\/queretaro-entre-los-10-estados-con-mayor-tasa-de-mortalidad-por-cancer-de-mama-informa-ineg\/\"},\"wordCount\":328,\"commentCount\":0,\"publisher\":{\"@id\":\"https:\/\/www.nexoinformativo.mx\/#organization\"},\"image\":{\"@id\":\"https:\/\/www.nexoinformativo.mx\/index.php\/2024\/10\/18\/queretaro-entre-los-10-estados-con-mayor-tasa-de-mortalidad-por-cancer-de-mama-informa-ineg\/#primaryimage\"},\"thumbnailUrl\":\"https:\/\/www.nexoinformativo.mx\/wp-content\/uploads\/2024\/10\/PHOTO-2024-10-18-08-17-16-e1729262606716.jpg\",\"keywords\":[\"C\u00e1ncerDeMama\",\"Detecci\u00f3nTemprana\",\"Quer\u00e9taro\",\"SaludFemenina\"],\"articleSection\":[\"Estado\",\"\u00daltima Hora\"],\"inLanguage\":\"es\",\"potentialAction\":[{\"@type\":\"CommentAction\",\"name\":\"Comment\",\"target\":[\"https:\/\/www.nexoinformativo.mx\/index.php\/2024\/10\/18\/queretaro-entre-los-10-estados-con-mayor-tasa-de-mortalidad-por-cancer-de-mama-informa-ineg\/#respond\"]}]},{\"@type\":\"WebPage\",\"@id\":\"https:\/\/www.nexoinformativo.mx\/index.php\/2024\/10\/18\/queretaro-entre-los-10-estados-con-mayor-tasa-de-mortalidad-por-cancer-de-mama-informa-ineg\/\",\"url\":\"https:\/\/www.nexoinformativo.mx\/index.php\/2024\/10\/18\/queretaro-entre-los-10-estados-con-mayor-tasa-de-mortalidad-por-cancer-de-mama-informa-ineg\/\",\"name\":\"Quer\u00e9taro entre los 10 Estados con mayor tasa de mortalidad por C\u00e1ncer de Mama, informa INEGI | Nexo Informativo Santiago de Quer\u00e9taro\",\"isPartOf\":{\"@id\":\"https:\/\/www.nexoinformativo.mx\/#website\"},\"primaryImageOfPage\":{\"@id\":\"https:\/\/www.nexoinformativo.mx\/index.php\/2024\/10\/18\/queretaro-entre-los-10-estados-con-mayor-tasa-de-mortalidad-por-cancer-de-mama-informa-ineg\/#primaryimage\"},\"image\":{\"@id\":\"https:\/\/www.nexoinformativo.mx\/index.php\/2024\/10\/18\/queretaro-entre-los-10-estados-con-mayor-tasa-de-mortalidad-por-cancer-de-mama-informa-ineg\/#primaryimage\"},\"thumbnailUrl\":\"https:\/\/www.nexoinformativo.mx\/wp-content\/uploads\/2024\/10\/PHOTO-2024-10-18-08-17-16-e1729262606716.jpg\",\"datePublished\":\"2024-10-18T14:30:20+00:00\",\"dateModified\":\"2024-10-18T18:52:58+00:00\",\"description\":\"Quer\u00e9taro entre los 10 Estados con mayor tasa de mortalidad por C\u00e1ncer de Mama, informa INEGI\",\"breadcrumb\":{\"@id\":\"https:\/\/www.nexoinformativo.mx\/index.php\/2024\/10\/18\/queretaro-entre-los-10-estados-con-mayor-tasa-de-mortalidad-por-cancer-de-mama-informa-ineg\/#breadcrumb\"},\"inLanguage\":\"es\",\"potentialAction\":[{\"@type\":\"ReadAction\",\"target\":[\"https:\/\/www.nexoinformativo.mx\/index.php\/2024\/10\/18\/queretaro-entre-los-10-estados-con-mayor-tasa-de-mortalidad-por-cancer-de-mama-informa-ineg\/\"]}]},{\"@type\":\"ImageObject\",\"inLanguage\":\"es\",\"@id\":\"https:\/\/www.nexoinformativo.mx\/index.php\/2024\/10\/18\/queretaro-entre-los-10-estados-con-mayor-tasa-de-mortalidad-por-cancer-de-mama-informa-ineg\/#primaryimage\",\"url\":\"https:\/\/www.nexoinformativo.mx\/wp-content\/uploads\/2024\/10\/PHOTO-2024-10-18-08-17-16-e1729262606716.jpg\",\"contentUrl\":\"https:\/\/www.nexoinformativo.mx\/wp-content\/uploads\/2024\/10\/PHOTO-2024-10-18-08-17-16-e1729262606716.jpg\",\"width\":800,\"height\":1035},{\"@type\":\"BreadcrumbList\",\"@id\":\"https:\/\/www.nexoinformativo.mx\/index.php\/2024\/10\/18\/queretaro-entre-los-10-estados-con-mayor-tasa-de-mortalidad-por-cancer-de-mama-informa-ineg\/#breadcrumb\",\"itemListElement\":[{\"@type\":\"ListItem\",\"position\":1,\"name\":\"Inicio\",\"item\":\"https:\/\/www.nexoinformativo.mx\/\"},{\"@type\":\"ListItem\",\"position\":2,\"name\":\"Quer\u00e9taro entre los 10 Estados con mayor tasa de mortalidad por C\u00e1ncer de Mama, informa INEGI\"}]},{\"@type\":\"WebSite\",\"@id\":\"https:\/\/www.nexoinformativo.mx\/#website\",\"url\":\"https:\/\/www.nexoinformativo.mx\/\",\"name\":\"Nexo Informativo Santiago de Quer\u00e9taro\",\"description\":\"Explora NexoInformativo y convi\u00e9rtete en parte de una comunidad que valora el conocimiento y la verdad. Tu nexoinformativo es tu puente hacia una comprensi\u00f3n m\u00e1s profunda del mundo que te rodea.\",\"publisher\":{\"@id\":\"https:\/\/www.nexoinformativo.mx\/#organization\"},\"potentialAction\":[{\"@type\":\"SearchAction\",\"target\":{\"@type\":\"EntryPoint\",\"urlTemplate\":\"https:\/\/www.nexoinformativo.mx\/?s={search_term_string}\"},\"query-input\":{\"@type\":\"PropertyValueSpecification\",\"valueRequired\":true,\"valueName\":\"search_term_string\"}}],\"inLanguage\":\"es\"},{\"@type\":\"Organization\",\"@id\":\"https:\/\/www.nexoinformativo.mx\/#organization\",\"name\":\"Nexo Informativo Santiago de Quer\u00e9taro\",\"url\":\"https:\/\/www.nexoinformativo.mx\/\",\"logo\":{\"@type\":\"ImageObject\",\"inLanguage\":\"es\",\"@id\":\"https:\/\/www.nexoinformativo.mx\/#\/schema\/logo\/image\/\",\"url\":\"https:\/\/www.nexoinformativo.mx\/wp-content\/uploads\/2024\/07\/nexoi-trasparente-2.png\",\"contentUrl\":\"https:\/\/www.nexoinformativo.mx\/wp-content\/uploads\/2024\/07\/nexoi-trasparente-2.png\",\"width\":816,\"height\":339,\"caption\":\"Nexo Informativo Santiago de Quer\u00e9taro\"},\"image\":{\"@id\":\"https:\/\/www.nexoinformativo.mx\/#\/schema\/logo\/image\/\"},\"sameAs\":[\"https:\/\/www.facebook.com\/people\/Nexo-Informativo\/61564066885511\/\"]},{\"@type\":\"Person\",\"@id\":\"https:\/\/www.nexoinformativo.mx\/#\/schema\/person\/7749d380ba08c8ca00d7bc76fd907b7d\",\"name\":\"Nexo Informativo\",\"image\":{\"@type\":\"ImageObject\",\"inLanguage\":\"es\",\"@id\":\"https:\/\/www.nexoinformativo.mx\/#\/schema\/person\/image\/\",\"url\":\"https:\/\/secure.gravatar.com\/avatar\/dde2928154642a13d95f87ddf1ea9718fe2b46760a005c53e41ff5ad610704e6?s=96&d=mm&r=g\",\"contentUrl\":\"https:\/\/secure.gravatar.com\/avatar\/dde2928154642a13d95f87ddf1ea9718fe2b46760a005c53e41ff5ad610704e6?s=96&d=mm&r=g\",\"caption\":\"Nexo Informativo\"},\"url\":\"https:\/\/www.nexoinformativo.mx\/index.php\/author\/edicion\/\"}]}<\/script>\n<!-- \/ Yoast SEO plugin. -->","yoast_head_json":{"title":"Quer\u00e9taro entre los 10 Estados con mayor tasa de mortalidad por C\u00e1ncer de Mama, informa INEGI | Nexo Informativo Santiago de Quer\u00e9taro","description":"Quer\u00e9taro entre los 10 Estados con mayor tasa de mortalidad por C\u00e1ncer de Mama, informa INEGI","robots":{"index":"index","follow":"follow","max-snippet":"max-snippet:-1","max-image-preview":"max-image-preview:large","max-video-preview":"max-video-preview:-1"},"canonical":"https:\/\/www.nexoinformativo.mx\/index.php\/2024\/10\/18\/queretaro-entre-los-10-estados-con-mayor-tasa-de-mortalidad-por-cancer-de-mama-informa-ineg\/","og_locale":"es_MX","og_type":"article","og_title":"Quer\u00e9taro entre los 10 Estados con mayor tasa de mortalidad por C\u00e1ncer de Mama, informa INEGI | Nexo Informativo Santiago de Quer\u00e9taro","og_description":"Quer\u00e9taro entre los 10 Estados con mayor tasa de mortalidad por C\u00e1ncer de Mama, informa INEGI","og_url":"https:\/\/www.nexoinformativo.mx\/index.php\/2024\/10\/18\/queretaro-entre-los-10-estados-con-mayor-tasa-de-mortalidad-por-cancer-de-mama-informa-ineg\/","og_site_name":"Nexo Informativo Santiago de Quer\u00e9taro","article_publisher":"https:\/\/www.facebook.com\/people\/Nexo-Informativo\/61564066885511\/","article_published_time":"2024-10-18T14:30:20+00:00","article_modified_time":"2024-10-18T18:52:58+00:00","og_image":[{"width":800,"height":1035,"url":"https:\/\/www.nexoinformativo.mx\/wp-content\/uploads\/2024\/10\/PHOTO-2024-10-18-08-17-16-e1729262606716.jpg","type":"image\/jpeg"}],"author":"Nexo Informativo","twitter_card":"summary_large_image","twitter_misc":{"Escrito por":"Nexo Informativo","Tiempo de lectura":"2 minutos"},"schema":{"@context":"https:\/\/schema.org","@graph":[{"@type":"Article","@id":"https:\/\/www.nexoinformativo.mx\/index.php\/2024\/10\/18\/queretaro-entre-los-10-estados-con-mayor-tasa-de-mortalidad-por-cancer-de-mama-informa-ineg\/#article","isPartOf":{"@id":"https:\/\/www.nexoinformativo.mx\/index.php\/2024\/10\/18\/queretaro-entre-los-10-estados-con-mayor-tasa-de-mortalidad-por-cancer-de-mama-informa-ineg\/"},"author":{"name":"Nexo Informativo","@id":"https:\/\/www.nexoinformativo.mx\/#\/schema\/person\/7749d380ba08c8ca00d7bc76fd907b7d"},"headline":"Quer\u00e9taro entre los 10 Estados con mayor tasa de mortalidad por C\u00e1ncer de Mama, informa INEGI","datePublished":"2024-10-18T14:30:20+00:00","dateModified":"2024-10-18T18:52:58+00:00","mainEntityOfPage":{"@id":"https:\/\/www.nexoinformativo.mx\/index.php\/2024\/10\/18\/queretaro-entre-los-10-estados-con-mayor-tasa-de-mortalidad-por-cancer-de-mama-informa-ineg\/"},"wordCount":328,"commentCount":0,"publisher":{"@id":"https:\/\/www.nexoinformativo.mx\/#organization"},"image":{"@id":"https:\/\/www.nexoinformativo.mx\/index.php\/2024\/10\/18\/queretaro-entre-los-10-estados-con-mayor-tasa-de-mortalidad-por-cancer-de-mama-informa-ineg\/#primaryimage"},"thumbnailUrl":"https:\/\/www.nexoinformativo.mx\/wp-content\/uploads\/2024\/10\/PHOTO-2024-10-18-08-17-16-e1729262606716.jpg","keywords":["C\u00e1ncerDeMama","Detecci\u00f3nTemprana","Quer\u00e9taro","SaludFemenina"],"articleSection":["Estado","\u00daltima Hora"],"inLanguage":"es","potentialAction":[{"@type":"CommentAction","name":"Comment","target":["https:\/\/www.nexoinformativo.mx\/index.php\/2024\/10\/18\/queretaro-entre-los-10-estados-con-mayor-tasa-de-mortalidad-por-cancer-de-mama-informa-ineg\/#respond"]}]},{"@type":"WebPage","@id":"https:\/\/www.nexoinformativo.mx\/index.php\/2024\/10\/18\/queretaro-entre-los-10-estados-con-mayor-tasa-de-mortalidad-por-cancer-de-mama-informa-ineg\/","url":"https:\/\/www.nexoinformativo.mx\/index.php\/2024\/10\/18\/queretaro-entre-los-10-estados-con-mayor-tasa-de-mortalidad-por-cancer-de-mama-informa-ineg\/","name":"Quer\u00e9taro entre los 10 Estados con mayor tasa de mortalidad por C\u00e1ncer de Mama, informa INEGI | Nexo Informativo Santiago de Quer\u00e9taro","isPartOf":{"@id":"https:\/\/www.nexoinformativo.mx\/#website"},"primaryImageOfPage":{"@id":"https:\/\/www.nexoinformativo.mx\/index.php\/2024\/10\/18\/queretaro-entre-los-10-estados-con-mayor-tasa-de-mortalidad-por-cancer-de-mama-informa-ineg\/#primaryimage"},"image":{"@id":"https:\/\/www.nexoinformativo.mx\/index.php\/2024\/10\/18\/queretaro-entre-los-10-estados-con-mayor-tasa-de-mortalidad-por-cancer-de-mama-informa-ineg\/#primaryimage"},"thumbnailUrl":"https:\/\/www.nexoinformativo.mx\/wp-content\/uploads\/2024\/10\/PHOTO-2024-10-18-08-17-16-e1729262606716.jpg","datePublished":"2024-10-18T14:30:20+00:00","dateModified":"2024-10-18T18:52:58+00:00","description":"Quer\u00e9taro entre los 10 Estados con mayor tasa de mortalidad por C\u00e1ncer de Mama, informa INEGI","breadcrumb":{"@id":"https:\/\/www.nexoinformativo.mx\/index.php\/2024\/10\/18\/queretaro-entre-los-10-estados-con-mayor-tasa-de-mortalidad-por-cancer-de-mama-informa-ineg\/#breadcrumb"},"inLanguage":"es","potentialAction":[{"@type":"ReadAction","target":["https:\/\/www.nexoinformativo.mx\/index.php\/2024\/10\/18\/queretaro-entre-los-10-estados-con-mayor-tasa-de-mortalidad-por-cancer-de-mama-informa-ineg\/"]}]},{"@type":"ImageObject","inLanguage":"es","@id":"https:\/\/www.nexoinformativo.mx\/index.php\/2024\/10\/18\/queretaro-entre-los-10-estados-con-mayor-tasa-de-mortalidad-por-cancer-de-mama-informa-ineg\/#primaryimage","url":"https:\/\/www.nexoinformativo.mx\/wp-content\/uploads\/2024\/10\/PHOTO-2024-10-18-08-17-16-e1729262606716.jpg","contentUrl":"https:\/\/www.nexoinformativo.mx\/wp-content\/uploads\/2024\/10\/PHOTO-2024-10-18-08-17-16-e1729262606716.jpg","width":800,"height":1035},{"@type":"BreadcrumbList","@id":"https:\/\/www.nexoinformativo.mx\/index.php\/2024\/10\/18\/queretaro-entre-los-10-estados-con-mayor-tasa-de-mortalidad-por-cancer-de-mama-informa-ineg\/#breadcrumb","itemListElement":[{"@type":"ListItem","position":1,"name":"Inicio","item":"https:\/\/www.nexoinformativo.mx\/"},{"@type":"ListItem","position":2,"name":"Quer\u00e9taro entre los 10 Estados con mayor tasa de mortalidad por C\u00e1ncer de Mama, informa INEGI"}]},{"@type":"WebSite","@id":"https:\/\/www.nexoinformativo.mx\/#website","url":"https:\/\/www.nexoinformativo.mx\/","name":"Nexo Informativo Santiago de Quer\u00e9taro","description":"Explora NexoInformativo y convi\u00e9rtete en parte de una comunidad que valora el conocimiento y la verdad. Tu nexoinformativo es tu puente hacia una comprensi\u00f3n m\u00e1s profunda del mundo que te rodea.","publisher":{"@id":"https:\/\/www.nexoinformativo.mx\/#organization"},"potentialAction":[{"@type":"SearchAction","target":{"@type":"EntryPoint","urlTemplate":"https:\/\/www.nexoinformativo.mx\/?s={search_term_string}"},"query-input":{"@type":"PropertyValueSpecification","valueRequired":true,"valueName":"search_term_string"}}],"inLanguage":"es"},{"@type":"Organization","@id":"https:\/\/www.nexoinformativo.mx\/#organization","name":"Nexo Informativo Santiago de Quer\u00e9taro","url":"https:\/\/www.nexoinformativo.mx\/","logo":{"@type":"ImageObject","inLanguage":"es","@id":"https:\/\/www.nexoinformativo.mx\/#\/schema\/logo\/image\/","url":"https:\/\/www.nexoinformativo.mx\/wp-content\/uploads\/2024\/07\/nexoi-trasparente-2.png","contentUrl":"https:\/\/www.nexoinformativo.mx\/wp-content\/uploads\/2024\/07\/nexoi-trasparente-2.png","width":816,"height":339,"caption":"Nexo Informativo Santiago de Quer\u00e9taro"},"image":{"@id":"https:\/\/www.nexoinformativo.mx\/#\/schema\/logo\/image\/"},"sameAs":["https:\/\/www.facebook.com\/people\/Nexo-Informativo\/61564066885511\/"]},{"@type":"Person","@id":"https:\/\/www.nexoinformativo.mx\/#\/schema\/person\/7749d380ba08c8ca00d7bc76fd907b7d","name":"Nexo Informativo","image":{"@type":"ImageObject","inLanguage":"es","@id":"https:\/\/www.nexoinformativo.mx\/#\/schema\/person\/image\/","url":"https:\/\/secure.gravatar.com\/avatar\/dde2928154642a13d95f87ddf1ea9718fe2b46760a005c53e41ff5ad610704e6?s=96&d=mm&r=g","contentUrl":"https:\/\/secure.gravatar.com\/avatar\/dde2928154642a13d95f87ddf1ea9718fe2b46760a005c53e41ff5ad610704e6?s=96&d=mm&r=g","caption":"Nexo Informativo"},"url":"https:\/\/www.nexoinformativo.mx\/index.php\/author\/edicion\/"}]}},"_links":{"self":[{"href":"https:\/\/www.nexoinformativo.mx\/index.php\/wp-json\/wp\/v2\/posts\/3754","targetHints":{"allow":["GET"]}}],"collection":[{"href":"https:\/\/www.nexoinformativo.mx\/index.php\/wp-json\/wp\/v2\/posts"}],"about":[{"href":"https:\/\/www.nexoinformativo.mx\/index.php\/wp-json\/wp\/v2\/types\/post"}],"author":[{"embeddable":true,"href":"https:\/\/www.nexoinformativo.mx\/index.php\/wp-json\/wp\/v2\/users\/3"}],"replies":[{"embeddable":true,"href":"https:\/\/www.nexoinformativo.mx\/index.php\/wp-json\/wp\/v2\/comments?post=3754"}],"version-history":[{"count":8,"href":"https:\/\/www.nexoinformativo.mx\/index.php\/wp-json\/wp\/v2\/posts\/3754\/revisions"}],"predecessor-version":[{"id":3804,"href":"https:\/\/www.nexoinformativo.mx\/index.php\/wp-json\/wp\/v2\/posts\/3754\/revisions\/3804"}],"wp:featuredmedia":[{"embeddable":true,"href":"https:\/\/www.nexoinformativo.mx\/index.php\/wp-json\/wp\/v2\/media\/3755"}],"wp:attachment":[{"href":"https:\/\/www.nexoinformativo.mx\/index.php\/wp-json\/wp\/v2\/media?parent=3754"}],"wp:term":[{"taxonomy":"category","embeddable":true,"href":"https:\/\/www.nexoinformativo.mx\/index.php\/wp-json\/wp\/v2\/categories?post=3754"},{"taxonomy":"post_tag","embeddable":true,"href":"https:\/\/www.nexoinformativo.mx\/index.php\/wp-json\/wp\/v2\/tags?post=3754"}],"curies":[{"name":"wp","href":"https:\/\/api.w.org\/{rel}","templated":true}]}}