{"id":3764,"date":"2024-10-18T08:53:37","date_gmt":"2024-10-18T14:53:37","guid":{"rendered":"https:\/\/www.nexoinformativo.mx\/?p=3764"},"modified":"2024-10-18T08:58:25","modified_gmt":"2024-10-18T14:58:25","slug":"los-arcos-de-queretaro-se-iluminan-de-rosa-por-el-dia-internacional-de-la-lucha-contra-el-cancer-de-mama","status":"publish","type":"post","link":"https:\/\/www.nexoinformativo.mx\/index.php\/2024\/10\/18\/los-arcos-de-queretaro-se-iluminan-de-rosa-por-el-dia-internacional-de-la-lucha-contra-el-cancer-de-mama\/","title":{"rendered":"Los arcos de Quer\u00e9taro se Iluminan de Rosa por el D\u00eda Internacional de la lucha contra el C\u00e1ncer de Mama\u00a0"},"content":{"rendered":"<div dir=\"auto\" style=\"text-align: justify;\">\n<p>El 19 de octubre se conmemora el D\u00eda Internacional de la Lucha contra el C\u00e1ncer de Mama, y en Quer\u00e9taro, esta importante fecha fue celebrada con el encendido de los arcos y la fachada del Centro C\u00edvico en color rosa.<\/p>\n<p>El presidente municipal, Felifer Mac\u00edas, acompa\u00f1ado de la presidenta del Patronato del Sistema Municipal DIF, Adriana Olvera de Mac\u00edas, llev\u00f3 a cabo esta actividad simb\u00f3lica con el objetivo de concientizar a las mujeres sobre la importancia de la autoexploraci\u00f3n para detectar a tiempo esta enfermedad.<\/p>\n<div dir=\"auto\" style=\"text-align: justify;\">\n<p>Durante el evento, Felifer Mac\u00edas expres\u00f3 su apoyo a las mujeres que enfrentan el c\u00e1ncer de mama, asegurando que no est\u00e1n solas en esta lucha. <strong>\u201cDesde aqu\u00ed, desde el municipio de Quer\u00e9taro, les decimos a las mujeres que desgraciadamente padecen c\u00e1ncer de mama, que cuentan con el municipio de Quer\u00e9taro y con un equipo de trabajo comprometido para ayudarles a sobrellevar este enorme reto\u201d<\/strong>, afirm\u00f3.<\/p>\n<div dir=\"auto\" style=\"text-align: justify;\">\n<p>El presidente municipal tambi\u00e9n anunci\u00f3 que el DIF Municipal continuar\u00e1 implementando programas de esc\u00e1ner mamario y mastograf\u00edas, en colaboraci\u00f3n con la sociedad civil, para fortalecer la cultura de prevenci\u00f3n y asegurar una reacci\u00f3n inmediata ante cualquier diagn\u00f3stico.<\/p>\n<div dir=\"auto\" style=\"text-align: justify;\">\n<p>Por su parte, la secretaria de la Mujer, Vanesa Garfias, destac\u00f3 la relevancia de iluminar los arcos y la fachada en color rosa como una forma de crear conciencia sobre la detecci\u00f3n temprana del c\u00e1ncer de mama, que puede salvar vidas. <strong>\u201cHaremos todo para que estas herramientas lleguen a todas las mujeres del municipio de Quer\u00e9taro\u201d<\/strong>, concluy\u00f3.<\/p>\n<div dir=\"auto\" style=\"text-align: justify;\">\n<p>La iniciativa de iluminar los arcos en rosa se enmarca dentro de un esfuerzo m\u00e1s amplio por parte del gobierno municipal para apoyar a las mujeres en su lucha contra el c\u00e1ncer de mama, creando un entorno de solidaridad y recursos disponibles.<\/p>\n<div dir=\"auto\" style=\"text-align: justify;\">\n<div dir=\"auto\" style=\"text-align: center;\"><em><strong>\u00a1Informaci\u00f3n que transforma!<\/strong><\/em><\/div>\n<\/div>\n<\/div>\n<\/div>\n<\/div>\n<\/div>\n<\/div>\n","protected":false},"excerpt":{"rendered":"<p>El 19 de octubre se conmemora el D\u00eda Internacional de la Lucha contra el C\u00e1ncer de Mama, y en Quer\u00e9taro, esta importante fecha fue celebrada con el encendido de los arcos y la fachada del Centro C\u00edvico en color rosa. El presidente municipal, Felifer Mac\u00edas, acompa\u00f1ado de la presidenta del Patronato del Sistema Municipal DIF, [&hellip;]<\/p>\n","protected":false},"author":3,"featured_media":3766,"comment_status":"open","ping_status":"open","sticky":false,"template":"","format":"standard","meta":{"footnotes":""},"categories":[65,58],"tags":[1356,1436,806,1435],"class_list":["post-3764","post","type-post","status-publish","format-standard","has-post-thumbnail","hentry","category-municipios","category-ultima-hora","tag-cancerdemama","tag-luchacontraelcancer","tag-prevencion","tag-queretarorosa"],"yoast_head":"<!-- This site is optimized with the Yoast SEO plugin v25.0 - https:\/\/yoast.com\/wordpress\/plugins\/seo\/ -->\n<title>Los arcos de Quer\u00e9taro se Iluminan de Rosa por el D\u00eda Internacional de la lucha contra el C\u00e1ncer de Mama\u00a0 | Nexo Informativo Santiago de Quer\u00e9taro<\/title>\n<meta name=\"robots\" content=\"index, follow, max-snippet:-1, max-image-preview:large, max-video-preview:-1\" \/>\n<link rel=\"canonical\" href=\"https:\/\/www.nexoinformativo.mx\/index.php\/2024\/10\/18\/los-arcos-de-queretaro-se-iluminan-de-rosa-por-el-dia-internacional-de-la-lucha-contra-el-cancer-de-mama\/\" \/>\n<meta property=\"og:locale\" content=\"es_MX\" \/>\n<meta property=\"og:type\" content=\"article\" \/>\n<meta property=\"og:title\" content=\"Los arcos de Quer\u00e9taro se Iluminan de Rosa por el D\u00eda Internacional de la lucha contra el C\u00e1ncer de Mama\u00a0 | Nexo Informativo Santiago de Quer\u00e9taro\" \/>\n<meta property=\"og:description\" content=\"El 19 de octubre se conmemora el D\u00eda Internacional de la Lucha contra el C\u00e1ncer de Mama, y en Quer\u00e9taro, esta importante fecha fue celebrada con el encendido de los arcos y la fachada del Centro C\u00edvico en color rosa. El presidente municipal, Felifer Mac\u00edas, acompa\u00f1ado de la presidenta del Patronato del Sistema Municipal DIF, [&hellip;]\" \/>\n<meta property=\"og:url\" content=\"https:\/\/www.nexoinformativo.mx\/index.php\/2024\/10\/18\/los-arcos-de-queretaro-se-iluminan-de-rosa-por-el-dia-internacional-de-la-lucha-contra-el-cancer-de-mama\/\" \/>\n<meta property=\"og:site_name\" content=\"Nexo Informativo Santiago de Quer\u00e9taro\" \/>\n<meta property=\"article:publisher\" content=\"https:\/\/www.facebook.com\/people\/Nexo-Informativo\/61564066885511\/\" \/>\n<meta property=\"article:published_time\" content=\"2024-10-18T14:53:37+00:00\" \/>\n<meta property=\"article:modified_time\" content=\"2024-10-18T14:58:25+00:00\" \/>\n<meta property=\"og:image\" content=\"https:\/\/www.nexoinformativo.mx\/wp-content\/uploads\/2024\/10\/IMG_6997-e1729263238915.jpg\" \/>\n\t<meta property=\"og:image:width\" content=\"800\" \/>\n\t<meta property=\"og:image:height\" content=\"1065\" \/>\n\t<meta property=\"og:image:type\" content=\"image\/jpeg\" \/>\n<meta name=\"author\" content=\"Nexo Informativo\" \/>\n<meta name=\"twitter:card\" content=\"summary_large_image\" \/>\n<meta name=\"twitter:label1\" content=\"Escrito por\" \/>\n\t<meta name=\"twitter:data1\" content=\"Nexo Informativo\" \/>\n\t<meta name=\"twitter:label2\" content=\"Tiempo de lectura\" \/>\n\t<meta name=\"twitter:data2\" content=\"2 minutos\" \/>\n<script type=\"application\/ld+json\" class=\"yoast-schema-graph\">{\"@context\":\"https:\/\/schema.org\",\"@graph\":[{\"@type\":\"Article\",\"@id\":\"https:\/\/www.nexoinformativo.mx\/index.php\/2024\/10\/18\/los-arcos-de-queretaro-se-iluminan-de-rosa-por-el-dia-internacional-de-la-lucha-contra-el-cancer-de-mama\/#article\",\"isPartOf\":{\"@id\":\"https:\/\/www.nexoinformativo.mx\/index.php\/2024\/10\/18\/los-arcos-de-queretaro-se-iluminan-de-rosa-por-el-dia-internacional-de-la-lucha-contra-el-cancer-de-mama\/\"},\"author\":{\"name\":\"Nexo Informativo\",\"@id\":\"https:\/\/www.nexoinformativo.mx\/#\/schema\/person\/7749d380ba08c8ca00d7bc76fd907b7d\"},\"headline\":\"Los arcos de Quer\u00e9taro se Iluminan de Rosa por el D\u00eda Internacional de la lucha contra el C\u00e1ncer de Mama\u00a0\",\"datePublished\":\"2024-10-18T14:53:37+00:00\",\"dateModified\":\"2024-10-18T14:58:25+00:00\",\"mainEntityOfPage\":{\"@id\":\"https:\/\/www.nexoinformativo.mx\/index.php\/2024\/10\/18\/los-arcos-de-queretaro-se-iluminan-de-rosa-por-el-dia-internacional-de-la-lucha-contra-el-cancer-de-mama\/\"},\"wordCount\":339,\"commentCount\":0,\"publisher\":{\"@id\":\"https:\/\/www.nexoinformativo.mx\/#organization\"},\"image\":{\"@id\":\"https:\/\/www.nexoinformativo.mx\/index.php\/2024\/10\/18\/los-arcos-de-queretaro-se-iluminan-de-rosa-por-el-dia-internacional-de-la-lucha-contra-el-cancer-de-mama\/#primaryimage\"},\"thumbnailUrl\":\"https:\/\/www.nexoinformativo.mx\/wp-content\/uploads\/2024\/10\/IMG_6997-e1729263238915.jpg\",\"keywords\":[\"C\u00e1ncerDeMama\",\"LuchaContraElC\u00e1ncer\",\"Prevenci\u00f3n\",\"Quer\u00e9taroRosa\"],\"articleSection\":[\"Municipios\",\"\u00daltima Hora\"],\"inLanguage\":\"es\",\"potentialAction\":[{\"@type\":\"CommentAction\",\"name\":\"Comment\",\"target\":[\"https:\/\/www.nexoinformativo.mx\/index.php\/2024\/10\/18\/los-arcos-de-queretaro-se-iluminan-de-rosa-por-el-dia-internacional-de-la-lucha-contra-el-cancer-de-mama\/#respond\"]}]},{\"@type\":\"WebPage\",\"@id\":\"https:\/\/www.nexoinformativo.mx\/index.php\/2024\/10\/18\/los-arcos-de-queretaro-se-iluminan-de-rosa-por-el-dia-internacional-de-la-lucha-contra-el-cancer-de-mama\/\",\"url\":\"https:\/\/www.nexoinformativo.mx\/index.php\/2024\/10\/18\/los-arcos-de-queretaro-se-iluminan-de-rosa-por-el-dia-internacional-de-la-lucha-contra-el-cancer-de-mama\/\",\"name\":\"Los arcos de Quer\u00e9taro se Iluminan de Rosa por el D\u00eda Internacional de la lucha contra el C\u00e1ncer de Mama\u00a0 | Nexo Informativo Santiago de Quer\u00e9taro\",\"isPartOf\":{\"@id\":\"https:\/\/www.nexoinformativo.mx\/#website\"},\"primaryImageOfPage\":{\"@id\":\"https:\/\/www.nexoinformativo.mx\/index.php\/2024\/10\/18\/los-arcos-de-queretaro-se-iluminan-de-rosa-por-el-dia-internacional-de-la-lucha-contra-el-cancer-de-mama\/#primaryimage\"},\"image\":{\"@id\":\"https:\/\/www.nexoinformativo.mx\/index.php\/2024\/10\/18\/los-arcos-de-queretaro-se-iluminan-de-rosa-por-el-dia-internacional-de-la-lucha-contra-el-cancer-de-mama\/#primaryimage\"},\"thumbnailUrl\":\"https:\/\/www.nexoinformativo.mx\/wp-content\/uploads\/2024\/10\/IMG_6997-e1729263238915.jpg\",\"datePublished\":\"2024-10-18T14:53:37+00:00\",\"dateModified\":\"2024-10-18T14:58:25+00:00\",\"breadcrumb\":{\"@id\":\"https:\/\/www.nexoinformativo.mx\/index.php\/2024\/10\/18\/los-arcos-de-queretaro-se-iluminan-de-rosa-por-el-dia-internacional-de-la-lucha-contra-el-cancer-de-mama\/#breadcrumb\"},\"inLanguage\":\"es\",\"potentialAction\":[{\"@type\":\"ReadAction\",\"target\":[\"https:\/\/www.nexoinformativo.mx\/index.php\/2024\/10\/18\/los-arcos-de-queretaro-se-iluminan-de-rosa-por-el-dia-internacional-de-la-lucha-contra-el-cancer-de-mama\/\"]}]},{\"@type\":\"ImageObject\",\"inLanguage\":\"es\",\"@id\":\"https:\/\/www.nexoinformativo.mx\/index.php\/2024\/10\/18\/los-arcos-de-queretaro-se-iluminan-de-rosa-por-el-dia-internacional-de-la-lucha-contra-el-cancer-de-mama\/#primaryimage\",\"url\":\"https:\/\/www.nexoinformativo.mx\/wp-content\/uploads\/2024\/10\/IMG_6997-e1729263238915.jpg\",\"contentUrl\":\"https:\/\/www.nexoinformativo.mx\/wp-content\/uploads\/2024\/10\/IMG_6997-e1729263238915.jpg\",\"width\":800,\"height\":1065},{\"@type\":\"BreadcrumbList\",\"@id\":\"https:\/\/www.nexoinformativo.mx\/index.php\/2024\/10\/18\/los-arcos-de-queretaro-se-iluminan-de-rosa-por-el-dia-internacional-de-la-lucha-contra-el-cancer-de-mama\/#breadcrumb\",\"itemListElement\":[{\"@type\":\"ListItem\",\"position\":1,\"name\":\"Inicio\",\"item\":\"https:\/\/www.nexoinformativo.mx\/\"},{\"@type\":\"ListItem\",\"position\":2,\"name\":\"Los arcos de Quer\u00e9taro se Iluminan de Rosa por el D\u00eda Internacional de la lucha contra el C\u00e1ncer de Mama\u00a0\"}]},{\"@type\":\"WebSite\",\"@id\":\"https:\/\/www.nexoinformativo.mx\/#website\",\"url\":\"https:\/\/www.nexoinformativo.mx\/\",\"name\":\"Nexo Informativo Santiago de Quer\u00e9taro\",\"description\":\"Explora NexoInformativo y convi\u00e9rtete en parte de una comunidad que valora el conocimiento y la verdad. Tu nexoinformativo es tu puente hacia una comprensi\u00f3n m\u00e1s profunda del mundo que te rodea.\",\"publisher\":{\"@id\":\"https:\/\/www.nexoinformativo.mx\/#organization\"},\"potentialAction\":[{\"@type\":\"SearchAction\",\"target\":{\"@type\":\"EntryPoint\",\"urlTemplate\":\"https:\/\/www.nexoinformativo.mx\/?s={search_term_string}\"},\"query-input\":{\"@type\":\"PropertyValueSpecification\",\"valueRequired\":true,\"valueName\":\"search_term_string\"}}],\"inLanguage\":\"es\"},{\"@type\":\"Organization\",\"@id\":\"https:\/\/www.nexoinformativo.mx\/#organization\",\"name\":\"Nexo Informativo Santiago de Quer\u00e9taro\",\"url\":\"https:\/\/www.nexoinformativo.mx\/\",\"logo\":{\"@type\":\"ImageObject\",\"inLanguage\":\"es\",\"@id\":\"https:\/\/www.nexoinformativo.mx\/#\/schema\/logo\/image\/\",\"url\":\"https:\/\/www.nexoinformativo.mx\/wp-content\/uploads\/2024\/07\/nexoi-trasparente-2.png\",\"contentUrl\":\"https:\/\/www.nexoinformativo.mx\/wp-content\/uploads\/2024\/07\/nexoi-trasparente-2.png\",\"width\":816,\"height\":339,\"caption\":\"Nexo Informativo Santiago de Quer\u00e9taro\"},\"image\":{\"@id\":\"https:\/\/www.nexoinformativo.mx\/#\/schema\/logo\/image\/\"},\"sameAs\":[\"https:\/\/www.facebook.com\/people\/Nexo-Informativo\/61564066885511\/\"]},{\"@type\":\"Person\",\"@id\":\"https:\/\/www.nexoinformativo.mx\/#\/schema\/person\/7749d380ba08c8ca00d7bc76fd907b7d\",\"name\":\"Nexo Informativo\",\"image\":{\"@type\":\"ImageObject\",\"inLanguage\":\"es\",\"@id\":\"https:\/\/www.nexoinformativo.mx\/#\/schema\/person\/image\/\",\"url\":\"https:\/\/secure.gravatar.com\/avatar\/dde2928154642a13d95f87ddf1ea9718fe2b46760a005c53e41ff5ad610704e6?s=96&d=mm&r=g\",\"contentUrl\":\"https:\/\/secure.gravatar.com\/avatar\/dde2928154642a13d95f87ddf1ea9718fe2b46760a005c53e41ff5ad610704e6?s=96&d=mm&r=g\",\"caption\":\"Nexo Informativo\"},\"url\":\"https:\/\/www.nexoinformativo.mx\/index.php\/author\/edicion\/\"}]}<\/script>\n<!-- \/ Yoast SEO plugin. -->","yoast_head_json":{"title":"Los arcos de Quer\u00e9taro se Iluminan de Rosa por el D\u00eda Internacional de la lucha contra el C\u00e1ncer de Mama\u00a0 | Nexo Informativo Santiago de Quer\u00e9taro","robots":{"index":"index","follow":"follow","max-snippet":"max-snippet:-1","max-image-preview":"max-image-preview:large","max-video-preview":"max-video-preview:-1"},"canonical":"https:\/\/www.nexoinformativo.mx\/index.php\/2024\/10\/18\/los-arcos-de-queretaro-se-iluminan-de-rosa-por-el-dia-internacional-de-la-lucha-contra-el-cancer-de-mama\/","og_locale":"es_MX","og_type":"article","og_title":"Los arcos de Quer\u00e9taro se Iluminan de Rosa por el D\u00eda Internacional de la lucha contra el C\u00e1ncer de Mama\u00a0 | Nexo Informativo Santiago de Quer\u00e9taro","og_description":"El 19 de octubre se conmemora el D\u00eda Internacional de la Lucha contra el C\u00e1ncer de Mama, y en Quer\u00e9taro, esta importante fecha fue celebrada con el encendido de los arcos y la fachada del Centro C\u00edvico en color rosa. El presidente municipal, Felifer Mac\u00edas, acompa\u00f1ado de la presidenta del Patronato del Sistema Municipal DIF, [&hellip;]","og_url":"https:\/\/www.nexoinformativo.mx\/index.php\/2024\/10\/18\/los-arcos-de-queretaro-se-iluminan-de-rosa-por-el-dia-internacional-de-la-lucha-contra-el-cancer-de-mama\/","og_site_name":"Nexo Informativo Santiago de Quer\u00e9taro","article_publisher":"https:\/\/www.facebook.com\/people\/Nexo-Informativo\/61564066885511\/","article_published_time":"2024-10-18T14:53:37+00:00","article_modified_time":"2024-10-18T14:58:25+00:00","og_image":[{"width":800,"height":1065,"url":"https:\/\/www.nexoinformativo.mx\/wp-content\/uploads\/2024\/10\/IMG_6997-e1729263238915.jpg","type":"image\/jpeg"}],"author":"Nexo Informativo","twitter_card":"summary_large_image","twitter_misc":{"Escrito por":"Nexo Informativo","Tiempo de lectura":"2 minutos"},"schema":{"@context":"https:\/\/schema.org","@graph":[{"@type":"Article","@id":"https:\/\/www.nexoinformativo.mx\/index.php\/2024\/10\/18\/los-arcos-de-queretaro-se-iluminan-de-rosa-por-el-dia-internacional-de-la-lucha-contra-el-cancer-de-mama\/#article","isPartOf":{"@id":"https:\/\/www.nexoinformativo.mx\/index.php\/2024\/10\/18\/los-arcos-de-queretaro-se-iluminan-de-rosa-por-el-dia-internacional-de-la-lucha-contra-el-cancer-de-mama\/"},"author":{"name":"Nexo Informativo","@id":"https:\/\/www.nexoinformativo.mx\/#\/schema\/person\/7749d380ba08c8ca00d7bc76fd907b7d"},"headline":"Los arcos de Quer\u00e9taro se Iluminan de Rosa por el D\u00eda Internacional de la lucha contra el C\u00e1ncer de Mama\u00a0","datePublished":"2024-10-18T14:53:37+00:00","dateModified":"2024-10-18T14:58:25+00:00","mainEntityOfPage":{"@id":"https:\/\/www.nexoinformativo.mx\/index.php\/2024\/10\/18\/los-arcos-de-queretaro-se-iluminan-de-rosa-por-el-dia-internacional-de-la-lucha-contra-el-cancer-de-mama\/"},"wordCount":339,"commentCount":0,"publisher":{"@id":"https:\/\/www.nexoinformativo.mx\/#organization"},"image":{"@id":"https:\/\/www.nexoinformativo.mx\/index.php\/2024\/10\/18\/los-arcos-de-queretaro-se-iluminan-de-rosa-por-el-dia-internacional-de-la-lucha-contra-el-cancer-de-mama\/#primaryimage"},"thumbnailUrl":"https:\/\/www.nexoinformativo.mx\/wp-content\/uploads\/2024\/10\/IMG_6997-e1729263238915.jpg","keywords":["C\u00e1ncerDeMama","LuchaContraElC\u00e1ncer","Prevenci\u00f3n","Quer\u00e9taroRosa"],"articleSection":["Municipios","\u00daltima Hora"],"inLanguage":"es","potentialAction":[{"@type":"CommentAction","name":"Comment","target":["https:\/\/www.nexoinformativo.mx\/index.php\/2024\/10\/18\/los-arcos-de-queretaro-se-iluminan-de-rosa-por-el-dia-internacional-de-la-lucha-contra-el-cancer-de-mama\/#respond"]}]},{"@type":"WebPage","@id":"https:\/\/www.nexoinformativo.mx\/index.php\/2024\/10\/18\/los-arcos-de-queretaro-se-iluminan-de-rosa-por-el-dia-internacional-de-la-lucha-contra-el-cancer-de-mama\/","url":"https:\/\/www.nexoinformativo.mx\/index.php\/2024\/10\/18\/los-arcos-de-queretaro-se-iluminan-de-rosa-por-el-dia-internacional-de-la-lucha-contra-el-cancer-de-mama\/","name":"Los arcos de Quer\u00e9taro se Iluminan de Rosa por el D\u00eda Internacional de la lucha contra el C\u00e1ncer de Mama\u00a0 | Nexo Informativo Santiago de Quer\u00e9taro","isPartOf":{"@id":"https:\/\/www.nexoinformativo.mx\/#website"},"primaryImageOfPage":{"@id":"https:\/\/www.nexoinformativo.mx\/index.php\/2024\/10\/18\/los-arcos-de-queretaro-se-iluminan-de-rosa-por-el-dia-internacional-de-la-lucha-contra-el-cancer-de-mama\/#primaryimage"},"image":{"@id":"https:\/\/www.nexoinformativo.mx\/index.php\/2024\/10\/18\/los-arcos-de-queretaro-se-iluminan-de-rosa-por-el-dia-internacional-de-la-lucha-contra-el-cancer-de-mama\/#primaryimage"},"thumbnailUrl":"https:\/\/www.nexoinformativo.mx\/wp-content\/uploads\/2024\/10\/IMG_6997-e1729263238915.jpg","datePublished":"2024-10-18T14:53:37+00:00","dateModified":"2024-10-18T14:58:25+00:00","breadcrumb":{"@id":"https:\/\/www.nexoinformativo.mx\/index.php\/2024\/10\/18\/los-arcos-de-queretaro-se-iluminan-de-rosa-por-el-dia-internacional-de-la-lucha-contra-el-cancer-de-mama\/#breadcrumb"},"inLanguage":"es","potentialAction":[{"@type":"ReadAction","target":["https:\/\/www.nexoinformativo.mx\/index.php\/2024\/10\/18\/los-arcos-de-queretaro-se-iluminan-de-rosa-por-el-dia-internacional-de-la-lucha-contra-el-cancer-de-mama\/"]}]},{"@type":"ImageObject","inLanguage":"es","@id":"https:\/\/www.nexoinformativo.mx\/index.php\/2024\/10\/18\/los-arcos-de-queretaro-se-iluminan-de-rosa-por-el-dia-internacional-de-la-lucha-contra-el-cancer-de-mama\/#primaryimage","url":"https:\/\/www.nexoinformativo.mx\/wp-content\/uploads\/2024\/10\/IMG_6997-e1729263238915.jpg","contentUrl":"https:\/\/www.nexoinformativo.mx\/wp-content\/uploads\/2024\/10\/IMG_6997-e1729263238915.jpg","width":800,"height":1065},{"@type":"BreadcrumbList","@id":"https:\/\/www.nexoinformativo.mx\/index.php\/2024\/10\/18\/los-arcos-de-queretaro-se-iluminan-de-rosa-por-el-dia-internacional-de-la-lucha-contra-el-cancer-de-mama\/#breadcrumb","itemListElement":[{"@type":"ListItem","position":1,"name":"Inicio","item":"https:\/\/www.nexoinformativo.mx\/"},{"@type":"ListItem","position":2,"name":"Los arcos de Quer\u00e9taro se Iluminan de Rosa por el D\u00eda Internacional de la lucha contra el C\u00e1ncer de Mama\u00a0"}]},{"@type":"WebSite","@id":"https:\/\/www.nexoinformativo.mx\/#website","url":"https:\/\/www.nexoinformativo.mx\/","name":"Nexo Informativo Santiago de Quer\u00e9taro","description":"Explora NexoInformativo y convi\u00e9rtete en parte de una comunidad que valora el conocimiento y la verdad. Tu nexoinformativo es tu puente hacia una comprensi\u00f3n m\u00e1s profunda del mundo que te rodea.","publisher":{"@id":"https:\/\/www.nexoinformativo.mx\/#organization"},"potentialAction":[{"@type":"SearchAction","target":{"@type":"EntryPoint","urlTemplate":"https:\/\/www.nexoinformativo.mx\/?s={search_term_string}"},"query-input":{"@type":"PropertyValueSpecification","valueRequired":true,"valueName":"search_term_string"}}],"inLanguage":"es"},{"@type":"Organization","@id":"https:\/\/www.nexoinformativo.mx\/#organization","name":"Nexo Informativo Santiago de Quer\u00e9taro","url":"https:\/\/www.nexoinformativo.mx\/","logo":{"@type":"ImageObject","inLanguage":"es","@id":"https:\/\/www.nexoinformativo.mx\/#\/schema\/logo\/image\/","url":"https:\/\/www.nexoinformativo.mx\/wp-content\/uploads\/2024\/07\/nexoi-trasparente-2.png","contentUrl":"https:\/\/www.nexoinformativo.mx\/wp-content\/uploads\/2024\/07\/nexoi-trasparente-2.png","width":816,"height":339,"caption":"Nexo Informativo Santiago de Quer\u00e9taro"},"image":{"@id":"https:\/\/www.nexoinformativo.mx\/#\/schema\/logo\/image\/"},"sameAs":["https:\/\/www.facebook.com\/people\/Nexo-Informativo\/61564066885511\/"]},{"@type":"Person","@id":"https:\/\/www.nexoinformativo.mx\/#\/schema\/person\/7749d380ba08c8ca00d7bc76fd907b7d","name":"Nexo Informativo","image":{"@type":"ImageObject","inLanguage":"es","@id":"https:\/\/www.nexoinformativo.mx\/#\/schema\/person\/image\/","url":"https:\/\/secure.gravatar.com\/avatar\/dde2928154642a13d95f87ddf1ea9718fe2b46760a005c53e41ff5ad610704e6?s=96&d=mm&r=g","contentUrl":"https:\/\/secure.gravatar.com\/avatar\/dde2928154642a13d95f87ddf1ea9718fe2b46760a005c53e41ff5ad610704e6?s=96&d=mm&r=g","caption":"Nexo Informativo"},"url":"https:\/\/www.nexoinformativo.mx\/index.php\/author\/edicion\/"}]}},"_links":{"self":[{"href":"https:\/\/www.nexoinformativo.mx\/index.php\/wp-json\/wp\/v2\/posts\/3764","targetHints":{"allow":["GET"]}}],"collection":[{"href":"https:\/\/www.nexoinformativo.mx\/index.php\/wp-json\/wp\/v2\/posts"}],"about":[{"href":"https:\/\/www.nexoinformativo.mx\/index.php\/wp-json\/wp\/v2\/types\/post"}],"author":[{"embeddable":true,"href":"https:\/\/www.nexoinformativo.mx\/index.php\/wp-json\/wp\/v2\/users\/3"}],"replies":[{"embeddable":true,"href":"https:\/\/www.nexoinformativo.mx\/index.php\/wp-json\/wp\/v2\/comments?post=3764"}],"version-history":[{"count":7,"href":"https:\/\/www.nexoinformativo.mx\/index.php\/wp-json\/wp\/v2\/posts\/3764\/revisions"}],"predecessor-version":[{"id":3772,"href":"https:\/\/www.nexoinformativo.mx\/index.php\/wp-json\/wp\/v2\/posts\/3764\/revisions\/3772"}],"wp:featuredmedia":[{"embeddable":true,"href":"https:\/\/www.nexoinformativo.mx\/index.php\/wp-json\/wp\/v2\/media\/3766"}],"wp:attachment":[{"href":"https:\/\/www.nexoinformativo.mx\/index.php\/wp-json\/wp\/v2\/media?parent=3764"}],"wp:term":[{"taxonomy":"category","embeddable":true,"href":"https:\/\/www.nexoinformativo.mx\/index.php\/wp-json\/wp\/v2\/categories?post=3764"},{"taxonomy":"post_tag","embeddable":true,"href":"https:\/\/www.nexoinformativo.mx\/index.php\/wp-json\/wp\/v2\/tags?post=3764"}],"curies":[{"name":"wp","href":"https:\/\/api.w.org\/{rel}","templated":true}]}}