{"id":3775,"date":"2024-10-18T08:30:49","date_gmt":"2024-10-18T14:30:49","guid":{"rendered":"https:\/\/www.nexoinformativo.mx\/?p=3775"},"modified":"2024-10-18T09:32:20","modified_gmt":"2024-10-18T15:32:20","slug":"mexico-inicia-revision-del-t-mec-con-visitas-a-ee-uu-y-canada-la-proxima-semana","status":"publish","type":"post","link":"https:\/\/www.nexoinformativo.mx\/index.php\/2024\/10\/18\/mexico-inicia-revision-del-t-mec-con-visitas-a-ee-uu-y-canada-la-proxima-semana\/","title":{"rendered":"M\u00e9xico inicia revisi\u00f3n del T-MEC con Visitas a EE. UU. y Canad\u00e1 La pr\u00f3xima semana"},"content":{"rendered":"<div dir=\"auto\" style=\"text-align: justify;\">\n<p>M\u00e9xico dar\u00e1 un paso importante en la revisi\u00f3n del Tratado entre M\u00e9xico, Estados Unidos y Canad\u00e1 (T-MEC) con la visita de una comitiva de la Secretar\u00eda de Econom\u00eda a Washington y Canad\u00e1. Encabezada por el subsecretario de Comercio Exterior, Luis Rosendo Guti\u00e9rrez, la delegaci\u00f3n buscar\u00e1 establecer coaliciones y dialogar con funcionarios clave de ambos pa\u00edses.<\/p>\n<p>Durante la inauguraci\u00f3n del 30 Congreso del Comercio Exterior Mexicano del Comce, Guti\u00e9rrez Romano destac\u00f3 que el panorama para M\u00e9xico es alentador, especialmente en el \u00e1mbito de las inversiones. En particular, mencion\u00f3 que se encuentran en puerta 10,000 millones de d\u00f3lares en inversiones para el sector de semiconductores.<\/p>\n<div dir=\"auto\" style=\"text-align: justify;\">\n<p><strong>&#8220;Como va a cambiar el gobierno de Estados Unidos, vamos a empezar a platicar con la gente clave que tenemos all\u00e1, de importadores de M\u00e9xico, para ver las coaliciones que vamos a estar armando&#8221;<\/strong>, explic\u00f3 el subsecretario. Asegur\u00f3 que M\u00e9xico se est\u00e1 preparando para una revisi\u00f3n positiva del tratado, aunque se descarta la posibilidad de una renegociaci\u00f3n.<\/p>\n<div dir=\"auto\" style=\"text-align: justify;\">\n<div dir=\"auto\" style=\"text-align: justify;\">Guti\u00e9rrez Romano tambi\u00e9n mencion\u00f3 que se revisar\u00e1 el mecanismo laboral para hacerlo m\u00e1s eficiente y fortalecer la supervisi\u00f3n de las condiciones laborales, tanto en M\u00e9xico como en Estados Unidos y Canad\u00e1. La visita a Washington est\u00e1 programada para el pr\u00f3ximo mi\u00e9rcoles y se espera que dure de tres a cuatro d\u00edas.<\/div>\n<div dir=\"auto\" style=\"text-align: justify;\">\n<p>Posteriormente, la comitiva viajar\u00e1 a Canad\u00e1, donde se fijar\u00e1 una postura, ya que no habr\u00e1 un cambio de gobierno en ese pa\u00eds. Adem\u00e1s, el subsecretario de Comercio Exterior resalt\u00f3 las oportunidades que presenta el nearshoring para M\u00e9xico.<\/p>\n<div dir=\"auto\" style=\"text-align: justify;\">\n<div dir=\"auto\" style=\"text-align: justify;\">Especialmente en el \u00e1rea de semiconductores, donde hay un fuerte inter\u00e9s por parte de inversionistas estadounidenses y mexicanos para crear un auge en la producci\u00f3n de chips. Guti\u00e9rrez mencion\u00f3 que se tiene un plan que ya fue presentado a la presidenta Claudia Sheinbaum, quien ha dado su aprobaci\u00f3n para que M\u00e9xico avance en esta transformaci\u00f3n.<\/div>\n<div dir=\"auto\"><\/div>\n<div dir=\"auto\" style=\"text-align: justify;\">\n<div dir=\"auto\" style=\"text-align: center;\"><em><strong>\u00a1Informaci\u00f3n que transforma!<\/strong><\/em><\/div>\n<\/div>\n<\/div>\n<\/div>\n<\/div>\n<\/div>\n<\/div>\n","protected":false},"excerpt":{"rendered":"<p>M\u00e9xico dar\u00e1 un paso importante en la revisi\u00f3n del Tratado entre M\u00e9xico, Estados Unidos y Canad\u00e1 (T-MEC) con la visita de una comitiva de la Secretar\u00eda de Econom\u00eda a Washington y Canad\u00e1.<\/p>\n","protected":false},"author":3,"featured_media":3776,"comment_status":"open","ping_status":"open","sticky":false,"template":"","format":"standard","meta":{"footnotes":""},"categories":[5,88,58],"tags":[1438,1439,616,1437],"class_list":["post-3775","post","type-post","status-publish","format-standard","has-post-thumbnail","hentry","category-economia","category-nacional","category-ultima-hora","tag-comercioexterior","tag-inversiones","tag-semiconductores","tag-tmec"],"yoast_head":"<!-- This site is optimized with the Yoast SEO plugin v25.0 - https:\/\/yoast.com\/wordpress\/plugins\/seo\/ -->\n<title>M\u00e9xico inicia revisi\u00f3n del T-MEC con Visitas a EE. UU. y Canad\u00e1 La pr\u00f3xima semana | Nexo Informativo Santiago de Quer\u00e9taro<\/title>\n<meta name=\"description\" content=\"M\u00e9xico inicia revisi\u00f3n del T-MEC con Visitas a EE. UU. y Canad\u00e1 La pr\u00f3xima semana\" \/>\n<meta name=\"robots\" content=\"index, follow, max-snippet:-1, max-image-preview:large, max-video-preview:-1\" \/>\n<link rel=\"canonical\" href=\"https:\/\/www.nexoinformativo.mx\/index.php\/2024\/10\/18\/mexico-inicia-revision-del-t-mec-con-visitas-a-ee-uu-y-canada-la-proxima-semana\/\" \/>\n<meta property=\"og:locale\" content=\"es_MX\" \/>\n<meta property=\"og:type\" content=\"article\" \/>\n<meta property=\"og:title\" content=\"M\u00e9xico inicia revisi\u00f3n del T-MEC con Visitas a EE. UU. y Canad\u00e1 La pr\u00f3xima semana | Nexo Informativo Santiago de Quer\u00e9taro\" \/>\n<meta property=\"og:description\" content=\"M\u00e9xico inicia revisi\u00f3n del T-MEC con Visitas a EE. UU. y Canad\u00e1 La pr\u00f3xima semana\" \/>\n<meta property=\"og:url\" content=\"https:\/\/www.nexoinformativo.mx\/index.php\/2024\/10\/18\/mexico-inicia-revision-del-t-mec-con-visitas-a-ee-uu-y-canada-la-proxima-semana\/\" \/>\n<meta property=\"og:site_name\" content=\"Nexo Informativo Santiago de Quer\u00e9taro\" \/>\n<meta property=\"article:publisher\" content=\"https:\/\/www.facebook.com\/people\/Nexo-Informativo\/61564066885511\/\" \/>\n<meta property=\"article:published_time\" content=\"2024-10-18T14:30:49+00:00\" \/>\n<meta property=\"article:modified_time\" content=\"2024-10-18T15:32:20+00:00\" \/>\n<meta property=\"og:image\" content=\"https:\/\/www.nexoinformativo.mx\/wp-content\/uploads\/2024\/10\/IMG_7006.jpg\" \/>\n\t<meta property=\"og:image:width\" content=\"690\" \/>\n\t<meta property=\"og:image:height\" content=\"360\" \/>\n\t<meta property=\"og:image:type\" content=\"image\/jpeg\" \/>\n<meta name=\"author\" content=\"Nexo Informativo\" \/>\n<meta name=\"twitter:card\" content=\"summary_large_image\" \/>\n<meta name=\"twitter:label1\" content=\"Escrito por\" \/>\n\t<meta name=\"twitter:data1\" content=\"Nexo Informativo\" \/>\n\t<meta name=\"twitter:label2\" content=\"Tiempo de lectura\" \/>\n\t<meta name=\"twitter:data2\" content=\"2 minutos\" \/>\n<script type=\"application\/ld+json\" class=\"yoast-schema-graph\">{\"@context\":\"https:\/\/schema.org\",\"@graph\":[{\"@type\":\"Article\",\"@id\":\"https:\/\/www.nexoinformativo.mx\/index.php\/2024\/10\/18\/mexico-inicia-revision-del-t-mec-con-visitas-a-ee-uu-y-canada-la-proxima-semana\/#article\",\"isPartOf\":{\"@id\":\"https:\/\/www.nexoinformativo.mx\/index.php\/2024\/10\/18\/mexico-inicia-revision-del-t-mec-con-visitas-a-ee-uu-y-canada-la-proxima-semana\/\"},\"author\":{\"name\":\"Nexo Informativo\",\"@id\":\"https:\/\/www.nexoinformativo.mx\/#\/schema\/person\/7749d380ba08c8ca00d7bc76fd907b7d\"},\"headline\":\"M\u00e9xico inicia revisi\u00f3n del T-MEC con Visitas a EE. UU. y Canad\u00e1 La pr\u00f3xima semana\",\"datePublished\":\"2024-10-18T14:30:49+00:00\",\"dateModified\":\"2024-10-18T15:32:20+00:00\",\"mainEntityOfPage\":{\"@id\":\"https:\/\/www.nexoinformativo.mx\/index.php\/2024\/10\/18\/mexico-inicia-revision-del-t-mec-con-visitas-a-ee-uu-y-canada-la-proxima-semana\/\"},\"wordCount\":356,\"commentCount\":0,\"publisher\":{\"@id\":\"https:\/\/www.nexoinformativo.mx\/#organization\"},\"image\":{\"@id\":\"https:\/\/www.nexoinformativo.mx\/index.php\/2024\/10\/18\/mexico-inicia-revision-del-t-mec-con-visitas-a-ee-uu-y-canada-la-proxima-semana\/#primaryimage\"},\"thumbnailUrl\":\"https:\/\/www.nexoinformativo.mx\/wp-content\/uploads\/2024\/10\/IMG_7006.jpg\",\"keywords\":[\"ComercioExterior\",\"Inversiones\",\"Semiconductores\",\"TMEC\"],\"articleSection\":[\"Econom\u00eda\",\"Nacional\",\"\u00daltima Hora\"],\"inLanguage\":\"es\",\"potentialAction\":[{\"@type\":\"CommentAction\",\"name\":\"Comment\",\"target\":[\"https:\/\/www.nexoinformativo.mx\/index.php\/2024\/10\/18\/mexico-inicia-revision-del-t-mec-con-visitas-a-ee-uu-y-canada-la-proxima-semana\/#respond\"]}]},{\"@type\":\"WebPage\",\"@id\":\"https:\/\/www.nexoinformativo.mx\/index.php\/2024\/10\/18\/mexico-inicia-revision-del-t-mec-con-visitas-a-ee-uu-y-canada-la-proxima-semana\/\",\"url\":\"https:\/\/www.nexoinformativo.mx\/index.php\/2024\/10\/18\/mexico-inicia-revision-del-t-mec-con-visitas-a-ee-uu-y-canada-la-proxima-semana\/\",\"name\":\"M\u00e9xico inicia revisi\u00f3n del T-MEC con Visitas a EE. UU. y Canad\u00e1 La pr\u00f3xima semana | Nexo Informativo Santiago de Quer\u00e9taro\",\"isPartOf\":{\"@id\":\"https:\/\/www.nexoinformativo.mx\/#website\"},\"primaryImageOfPage\":{\"@id\":\"https:\/\/www.nexoinformativo.mx\/index.php\/2024\/10\/18\/mexico-inicia-revision-del-t-mec-con-visitas-a-ee-uu-y-canada-la-proxima-semana\/#primaryimage\"},\"image\":{\"@id\":\"https:\/\/www.nexoinformativo.mx\/index.php\/2024\/10\/18\/mexico-inicia-revision-del-t-mec-con-visitas-a-ee-uu-y-canada-la-proxima-semana\/#primaryimage\"},\"thumbnailUrl\":\"https:\/\/www.nexoinformativo.mx\/wp-content\/uploads\/2024\/10\/IMG_7006.jpg\",\"datePublished\":\"2024-10-18T14:30:49+00:00\",\"dateModified\":\"2024-10-18T15:32:20+00:00\",\"description\":\"M\u00e9xico inicia revisi\u00f3n del T-MEC con Visitas a EE. UU. y Canad\u00e1 La pr\u00f3xima semana\",\"breadcrumb\":{\"@id\":\"https:\/\/www.nexoinformativo.mx\/index.php\/2024\/10\/18\/mexico-inicia-revision-del-t-mec-con-visitas-a-ee-uu-y-canada-la-proxima-semana\/#breadcrumb\"},\"inLanguage\":\"es\",\"potentialAction\":[{\"@type\":\"ReadAction\",\"target\":[\"https:\/\/www.nexoinformativo.mx\/index.php\/2024\/10\/18\/mexico-inicia-revision-del-t-mec-con-visitas-a-ee-uu-y-canada-la-proxima-semana\/\"]}]},{\"@type\":\"ImageObject\",\"inLanguage\":\"es\",\"@id\":\"https:\/\/www.nexoinformativo.mx\/index.php\/2024\/10\/18\/mexico-inicia-revision-del-t-mec-con-visitas-a-ee-uu-y-canada-la-proxima-semana\/#primaryimage\",\"url\":\"https:\/\/www.nexoinformativo.mx\/wp-content\/uploads\/2024\/10\/IMG_7006.jpg\",\"contentUrl\":\"https:\/\/www.nexoinformativo.mx\/wp-content\/uploads\/2024\/10\/IMG_7006.jpg\",\"width\":690,\"height\":360},{\"@type\":\"BreadcrumbList\",\"@id\":\"https:\/\/www.nexoinformativo.mx\/index.php\/2024\/10\/18\/mexico-inicia-revision-del-t-mec-con-visitas-a-ee-uu-y-canada-la-proxima-semana\/#breadcrumb\",\"itemListElement\":[{\"@type\":\"ListItem\",\"position\":1,\"name\":\"Inicio\",\"item\":\"https:\/\/www.nexoinformativo.mx\/\"},{\"@type\":\"ListItem\",\"position\":2,\"name\":\"M\u00e9xico inicia revisi\u00f3n del T-MEC con Visitas a EE. UU. y Canad\u00e1 La pr\u00f3xima semana\"}]},{\"@type\":\"WebSite\",\"@id\":\"https:\/\/www.nexoinformativo.mx\/#website\",\"url\":\"https:\/\/www.nexoinformativo.mx\/\",\"name\":\"Nexo Informativo Santiago de Quer\u00e9taro\",\"description\":\"Explora NexoInformativo y convi\u00e9rtete en parte de una comunidad que valora el conocimiento y la verdad. Tu nexoinformativo es tu puente hacia una comprensi\u00f3n m\u00e1s profunda del mundo que te rodea.\",\"publisher\":{\"@id\":\"https:\/\/www.nexoinformativo.mx\/#organization\"},\"potentialAction\":[{\"@type\":\"SearchAction\",\"target\":{\"@type\":\"EntryPoint\",\"urlTemplate\":\"https:\/\/www.nexoinformativo.mx\/?s={search_term_string}\"},\"query-input\":{\"@type\":\"PropertyValueSpecification\",\"valueRequired\":true,\"valueName\":\"search_term_string\"}}],\"inLanguage\":\"es\"},{\"@type\":\"Organization\",\"@id\":\"https:\/\/www.nexoinformativo.mx\/#organization\",\"name\":\"Nexo Informativo Santiago de Quer\u00e9taro\",\"url\":\"https:\/\/www.nexoinformativo.mx\/\",\"logo\":{\"@type\":\"ImageObject\",\"inLanguage\":\"es\",\"@id\":\"https:\/\/www.nexoinformativo.mx\/#\/schema\/logo\/image\/\",\"url\":\"https:\/\/www.nexoinformativo.mx\/wp-content\/uploads\/2024\/07\/nexoi-trasparente-2.png\",\"contentUrl\":\"https:\/\/www.nexoinformativo.mx\/wp-content\/uploads\/2024\/07\/nexoi-trasparente-2.png\",\"width\":816,\"height\":339,\"caption\":\"Nexo Informativo Santiago de Quer\u00e9taro\"},\"image\":{\"@id\":\"https:\/\/www.nexoinformativo.mx\/#\/schema\/logo\/image\/\"},\"sameAs\":[\"https:\/\/www.facebook.com\/people\/Nexo-Informativo\/61564066885511\/\"]},{\"@type\":\"Person\",\"@id\":\"https:\/\/www.nexoinformativo.mx\/#\/schema\/person\/7749d380ba08c8ca00d7bc76fd907b7d\",\"name\":\"Nexo Informativo\",\"image\":{\"@type\":\"ImageObject\",\"inLanguage\":\"es\",\"@id\":\"https:\/\/www.nexoinformativo.mx\/#\/schema\/person\/image\/\",\"url\":\"https:\/\/secure.gravatar.com\/avatar\/dde2928154642a13d95f87ddf1ea9718fe2b46760a005c53e41ff5ad610704e6?s=96&d=mm&r=g\",\"contentUrl\":\"https:\/\/secure.gravatar.com\/avatar\/dde2928154642a13d95f87ddf1ea9718fe2b46760a005c53e41ff5ad610704e6?s=96&d=mm&r=g\",\"caption\":\"Nexo Informativo\"},\"url\":\"https:\/\/www.nexoinformativo.mx\/index.php\/author\/edicion\/\"}]}<\/script>\n<!-- \/ Yoast SEO plugin. -->","yoast_head_json":{"title":"M\u00e9xico inicia revisi\u00f3n del T-MEC con Visitas a EE. UU. y Canad\u00e1 La pr\u00f3xima semana | Nexo Informativo Santiago de Quer\u00e9taro","description":"M\u00e9xico inicia revisi\u00f3n del T-MEC con Visitas a EE. UU. y Canad\u00e1 La pr\u00f3xima semana","robots":{"index":"index","follow":"follow","max-snippet":"max-snippet:-1","max-image-preview":"max-image-preview:large","max-video-preview":"max-video-preview:-1"},"canonical":"https:\/\/www.nexoinformativo.mx\/index.php\/2024\/10\/18\/mexico-inicia-revision-del-t-mec-con-visitas-a-ee-uu-y-canada-la-proxima-semana\/","og_locale":"es_MX","og_type":"article","og_title":"M\u00e9xico inicia revisi\u00f3n del T-MEC con Visitas a EE. UU. y Canad\u00e1 La pr\u00f3xima semana | Nexo Informativo Santiago de Quer\u00e9taro","og_description":"M\u00e9xico inicia revisi\u00f3n del T-MEC con Visitas a EE. UU. y Canad\u00e1 La pr\u00f3xima semana","og_url":"https:\/\/www.nexoinformativo.mx\/index.php\/2024\/10\/18\/mexico-inicia-revision-del-t-mec-con-visitas-a-ee-uu-y-canada-la-proxima-semana\/","og_site_name":"Nexo Informativo Santiago de Quer\u00e9taro","article_publisher":"https:\/\/www.facebook.com\/people\/Nexo-Informativo\/61564066885511\/","article_published_time":"2024-10-18T14:30:49+00:00","article_modified_time":"2024-10-18T15:32:20+00:00","og_image":[{"width":690,"height":360,"url":"https:\/\/www.nexoinformativo.mx\/wp-content\/uploads\/2024\/10\/IMG_7006.jpg","type":"image\/jpeg"}],"author":"Nexo Informativo","twitter_card":"summary_large_image","twitter_misc":{"Escrito por":"Nexo Informativo","Tiempo de lectura":"2 minutos"},"schema":{"@context":"https:\/\/schema.org","@graph":[{"@type":"Article","@id":"https:\/\/www.nexoinformativo.mx\/index.php\/2024\/10\/18\/mexico-inicia-revision-del-t-mec-con-visitas-a-ee-uu-y-canada-la-proxima-semana\/#article","isPartOf":{"@id":"https:\/\/www.nexoinformativo.mx\/index.php\/2024\/10\/18\/mexico-inicia-revision-del-t-mec-con-visitas-a-ee-uu-y-canada-la-proxima-semana\/"},"author":{"name":"Nexo Informativo","@id":"https:\/\/www.nexoinformativo.mx\/#\/schema\/person\/7749d380ba08c8ca00d7bc76fd907b7d"},"headline":"M\u00e9xico inicia revisi\u00f3n del T-MEC con Visitas a EE. UU. y Canad\u00e1 La pr\u00f3xima semana","datePublished":"2024-10-18T14:30:49+00:00","dateModified":"2024-10-18T15:32:20+00:00","mainEntityOfPage":{"@id":"https:\/\/www.nexoinformativo.mx\/index.php\/2024\/10\/18\/mexico-inicia-revision-del-t-mec-con-visitas-a-ee-uu-y-canada-la-proxima-semana\/"},"wordCount":356,"commentCount":0,"publisher":{"@id":"https:\/\/www.nexoinformativo.mx\/#organization"},"image":{"@id":"https:\/\/www.nexoinformativo.mx\/index.php\/2024\/10\/18\/mexico-inicia-revision-del-t-mec-con-visitas-a-ee-uu-y-canada-la-proxima-semana\/#primaryimage"},"thumbnailUrl":"https:\/\/www.nexoinformativo.mx\/wp-content\/uploads\/2024\/10\/IMG_7006.jpg","keywords":["ComercioExterior","Inversiones","Semiconductores","TMEC"],"articleSection":["Econom\u00eda","Nacional","\u00daltima Hora"],"inLanguage":"es","potentialAction":[{"@type":"CommentAction","name":"Comment","target":["https:\/\/www.nexoinformativo.mx\/index.php\/2024\/10\/18\/mexico-inicia-revision-del-t-mec-con-visitas-a-ee-uu-y-canada-la-proxima-semana\/#respond"]}]},{"@type":"WebPage","@id":"https:\/\/www.nexoinformativo.mx\/index.php\/2024\/10\/18\/mexico-inicia-revision-del-t-mec-con-visitas-a-ee-uu-y-canada-la-proxima-semana\/","url":"https:\/\/www.nexoinformativo.mx\/index.php\/2024\/10\/18\/mexico-inicia-revision-del-t-mec-con-visitas-a-ee-uu-y-canada-la-proxima-semana\/","name":"M\u00e9xico inicia revisi\u00f3n del T-MEC con Visitas a EE. UU. y Canad\u00e1 La pr\u00f3xima semana | Nexo Informativo Santiago de Quer\u00e9taro","isPartOf":{"@id":"https:\/\/www.nexoinformativo.mx\/#website"},"primaryImageOfPage":{"@id":"https:\/\/www.nexoinformativo.mx\/index.php\/2024\/10\/18\/mexico-inicia-revision-del-t-mec-con-visitas-a-ee-uu-y-canada-la-proxima-semana\/#primaryimage"},"image":{"@id":"https:\/\/www.nexoinformativo.mx\/index.php\/2024\/10\/18\/mexico-inicia-revision-del-t-mec-con-visitas-a-ee-uu-y-canada-la-proxima-semana\/#primaryimage"},"thumbnailUrl":"https:\/\/www.nexoinformativo.mx\/wp-content\/uploads\/2024\/10\/IMG_7006.jpg","datePublished":"2024-10-18T14:30:49+00:00","dateModified":"2024-10-18T15:32:20+00:00","description":"M\u00e9xico inicia revisi\u00f3n del T-MEC con Visitas a EE. UU. y Canad\u00e1 La pr\u00f3xima semana","breadcrumb":{"@id":"https:\/\/www.nexoinformativo.mx\/index.php\/2024\/10\/18\/mexico-inicia-revision-del-t-mec-con-visitas-a-ee-uu-y-canada-la-proxima-semana\/#breadcrumb"},"inLanguage":"es","potentialAction":[{"@type":"ReadAction","target":["https:\/\/www.nexoinformativo.mx\/index.php\/2024\/10\/18\/mexico-inicia-revision-del-t-mec-con-visitas-a-ee-uu-y-canada-la-proxima-semana\/"]}]},{"@type":"ImageObject","inLanguage":"es","@id":"https:\/\/www.nexoinformativo.mx\/index.php\/2024\/10\/18\/mexico-inicia-revision-del-t-mec-con-visitas-a-ee-uu-y-canada-la-proxima-semana\/#primaryimage","url":"https:\/\/www.nexoinformativo.mx\/wp-content\/uploads\/2024\/10\/IMG_7006.jpg","contentUrl":"https:\/\/www.nexoinformativo.mx\/wp-content\/uploads\/2024\/10\/IMG_7006.jpg","width":690,"height":360},{"@type":"BreadcrumbList","@id":"https:\/\/www.nexoinformativo.mx\/index.php\/2024\/10\/18\/mexico-inicia-revision-del-t-mec-con-visitas-a-ee-uu-y-canada-la-proxima-semana\/#breadcrumb","itemListElement":[{"@type":"ListItem","position":1,"name":"Inicio","item":"https:\/\/www.nexoinformativo.mx\/"},{"@type":"ListItem","position":2,"name":"M\u00e9xico inicia revisi\u00f3n del T-MEC con Visitas a EE. UU. y Canad\u00e1 La pr\u00f3xima semana"}]},{"@type":"WebSite","@id":"https:\/\/www.nexoinformativo.mx\/#website","url":"https:\/\/www.nexoinformativo.mx\/","name":"Nexo Informativo Santiago de Quer\u00e9taro","description":"Explora NexoInformativo y convi\u00e9rtete en parte de una comunidad que valora el conocimiento y la verdad. Tu nexoinformativo es tu puente hacia una comprensi\u00f3n m\u00e1s profunda del mundo que te rodea.","publisher":{"@id":"https:\/\/www.nexoinformativo.mx\/#organization"},"potentialAction":[{"@type":"SearchAction","target":{"@type":"EntryPoint","urlTemplate":"https:\/\/www.nexoinformativo.mx\/?s={search_term_string}"},"query-input":{"@type":"PropertyValueSpecification","valueRequired":true,"valueName":"search_term_string"}}],"inLanguage":"es"},{"@type":"Organization","@id":"https:\/\/www.nexoinformativo.mx\/#organization","name":"Nexo Informativo Santiago de Quer\u00e9taro","url":"https:\/\/www.nexoinformativo.mx\/","logo":{"@type":"ImageObject","inLanguage":"es","@id":"https:\/\/www.nexoinformativo.mx\/#\/schema\/logo\/image\/","url":"https:\/\/www.nexoinformativo.mx\/wp-content\/uploads\/2024\/07\/nexoi-trasparente-2.png","contentUrl":"https:\/\/www.nexoinformativo.mx\/wp-content\/uploads\/2024\/07\/nexoi-trasparente-2.png","width":816,"height":339,"caption":"Nexo Informativo Santiago de Quer\u00e9taro"},"image":{"@id":"https:\/\/www.nexoinformativo.mx\/#\/schema\/logo\/image\/"},"sameAs":["https:\/\/www.facebook.com\/people\/Nexo-Informativo\/61564066885511\/"]},{"@type":"Person","@id":"https:\/\/www.nexoinformativo.mx\/#\/schema\/person\/7749d380ba08c8ca00d7bc76fd907b7d","name":"Nexo Informativo","image":{"@type":"ImageObject","inLanguage":"es","@id":"https:\/\/www.nexoinformativo.mx\/#\/schema\/person\/image\/","url":"https:\/\/secure.gravatar.com\/avatar\/dde2928154642a13d95f87ddf1ea9718fe2b46760a005c53e41ff5ad610704e6?s=96&d=mm&r=g","contentUrl":"https:\/\/secure.gravatar.com\/avatar\/dde2928154642a13d95f87ddf1ea9718fe2b46760a005c53e41ff5ad610704e6?s=96&d=mm&r=g","caption":"Nexo Informativo"},"url":"https:\/\/www.nexoinformativo.mx\/index.php\/author\/edicion\/"}]}},"_links":{"self":[{"href":"https:\/\/www.nexoinformativo.mx\/index.php\/wp-json\/wp\/v2\/posts\/3775","targetHints":{"allow":["GET"]}}],"collection":[{"href":"https:\/\/www.nexoinformativo.mx\/index.php\/wp-json\/wp\/v2\/posts"}],"about":[{"href":"https:\/\/www.nexoinformativo.mx\/index.php\/wp-json\/wp\/v2\/types\/post"}],"author":[{"embeddable":true,"href":"https:\/\/www.nexoinformativo.mx\/index.php\/wp-json\/wp\/v2\/users\/3"}],"replies":[{"embeddable":true,"href":"https:\/\/www.nexoinformativo.mx\/index.php\/wp-json\/wp\/v2\/comments?post=3775"}],"version-history":[{"count":6,"href":"https:\/\/www.nexoinformativo.mx\/index.php\/wp-json\/wp\/v2\/posts\/3775\/revisions"}],"predecessor-version":[{"id":3778,"href":"https:\/\/www.nexoinformativo.mx\/index.php\/wp-json\/wp\/v2\/posts\/3775\/revisions\/3778"}],"wp:featuredmedia":[{"embeddable":true,"href":"https:\/\/www.nexoinformativo.mx\/index.php\/wp-json\/wp\/v2\/media\/3776"}],"wp:attachment":[{"href":"https:\/\/www.nexoinformativo.mx\/index.php\/wp-json\/wp\/v2\/media?parent=3775"}],"wp:term":[{"taxonomy":"category","embeddable":true,"href":"https:\/\/www.nexoinformativo.mx\/index.php\/wp-json\/wp\/v2\/categories?post=3775"},{"taxonomy":"post_tag","embeddable":true,"href":"https:\/\/www.nexoinformativo.mx\/index.php\/wp-json\/wp\/v2\/tags?post=3775"}],"curies":[{"name":"wp","href":"https:\/\/api.w.org\/{rel}","templated":true}]}}