{"id":3798,"date":"2024-10-18T11:30:40","date_gmt":"2024-10-18T17:30:40","guid":{"rendered":"https:\/\/www.nexoinformativo.mx\/?p=3798"},"modified":"2024-10-18T13:30:10","modified_gmt":"2024-10-18T19:30:10","slug":"investigaciones-en-curso-contra-genaro-garcia-luna-en-mexico-segob","status":"publish","type":"post","link":"https:\/\/www.nexoinformativo.mx\/index.php\/2024\/10\/18\/investigaciones-en-curso-contra-genaro-garcia-luna-en-mexico-segob\/","title":{"rendered":"Investigaciones en curso contra Genaro Garc\u00eda Luna en M\u00e9xico: SEGOB"},"content":{"rendered":"<p style=\"text-align: justify;\">La Secretar\u00eda de Gobernaci\u00f3n de M\u00e9xico, encabezada por Rosa Icela Rodr\u00edguez, confirm\u00f3 que las investigaciones de la Fiscal\u00eda General de la Rep\u00fablica (FGR) contin\u00faan en contra de Genaro Garc\u00eda Luna.<\/p>\n<p>&nbsp;<\/p>\n<p style=\"text-align: justify;\">Este ex secretario de Seguridad durante el gobierno de Felipe Calder\u00f3n fue condenado a 38 a\u00f1os de prisi\u00f3n en Estados Unidos y enfrenta m\u00faltiples acusaciones en M\u00e9xico, incluyendo el uso indebido de atribuciones y facultades.<\/p>\n<p>&nbsp;<\/p>\n<p style=\"text-align: justify;\">Durante la conferencia ma\u00f1anera de hoy 18 de octubre, Rodr\u00edguez destac\u00f3 que Garc\u00eda Luna est\u00e1 bajo investigaci\u00f3n por sus v\u00ednculos con el crimen organizado, con menciones espec\u00edficas a los casos de <strong>&#8220;R\u00e1pido y Furioso&#8221;<\/strong> y la privatizaci\u00f3n de penales federales.<\/p>\n<p>&nbsp;<\/p>\n<p style=\"text-align: justify;\">La secretaria subray\u00f3 la falta de acci\u00f3n del Poder Judicial en M\u00e9xico que, seg\u00fan ella. <strong>\u201cA\u00fan con las evidencias, el Poder Judicial liber\u00f3 a su socia y desbloque\u00f3 las cuentas bancarias de su esposa\u201d<\/strong>, menciono. Tambi\u00e9n hizo eco de las palabras del ex presidente AMLO, quien ha manifestado su deseo de ver justicia en este caso.<\/p>\n<p>&nbsp;<\/p>\n<p style=\"text-align: justify;\">Por su parte, la presidenta Claudia Sheinbaum tambi\u00e9n se pronunci\u00f3 sobre el tema. Habl\u00f3 de al menos tres denuncias por <strong>\u201cR\u00e1pido y Furioso\u201d<\/strong> y la construcci\u00f3n de reclusorios mediante contratos privados, adem\u00e1s de indicar que se est\u00e1 evaluando la posibilidad de extraditar a la esposa de Garc\u00eda Luna.<\/p>\n<p>&nbsp;<\/p>\n<p style=\"text-align: justify;\">El Gobierno de M\u00e9xico se mantiene firme en su compromiso de combatir la corrupci\u00f3n y la impunidad, asegurando que no cesar\u00e1 en sus esfuerzos hasta que se haga justicia.<\/p>\n<p>&nbsp;<\/p>\n<p style=\"text-align: center;\"><em><strong>\u00a1Informaci\u00f3n que transforma!<\/strong><\/em><\/p>\n","protected":false},"excerpt":{"rendered":"<p>La Secretar\u00eda de Gobernaci\u00f3n de M\u00e9xico, encabezada por Rosa Icela Rodr\u00edguez, confirm\u00f3 que las investigaciones de la Fiscal\u00eda General de la Rep\u00fablica (FGR) contin\u00faan en contra de Genaro Garc\u00eda Luna.<\/p>\n","protected":false},"author":3,"featured_media":3799,"comment_status":"open","ping_status":"open","sticky":false,"template":"","format":"standard","meta":{"footnotes":""},"categories":[88,58],"tags":[904,1444,1445,1341],"class_list":["post-3798","post","type-post","status-publish","format-standard","has-post-thumbnail","hentry","category-nacional","category-ultima-hora","tag-corrupcioncero","tag-garcialuna","tag-justiciaenmexico","tag-seguridadnacional"],"yoast_head":"<!-- This site is optimized with the Yoast SEO plugin v25.0 - https:\/\/yoast.com\/wordpress\/plugins\/seo\/ -->\n<title>Investigaciones en curso contra Genaro Garc\u00eda Luna en M\u00e9xico: SEGOB | Nexo Informativo Santiago de Quer\u00e9taro<\/title>\n<meta name=\"description\" content=\"Investigaciones en curso contra Genaro Garc\u00eda Luna en M\u00e9xico: SEGOB\" \/>\n<meta name=\"robots\" content=\"index, follow, max-snippet:-1, max-image-preview:large, max-video-preview:-1\" \/>\n<link rel=\"canonical\" href=\"https:\/\/www.nexoinformativo.mx\/index.php\/2024\/10\/18\/investigaciones-en-curso-contra-genaro-garcia-luna-en-mexico-segob\/\" \/>\n<meta property=\"og:locale\" content=\"es_MX\" \/>\n<meta property=\"og:type\" content=\"article\" \/>\n<meta property=\"og:title\" content=\"Investigaciones en curso contra Genaro Garc\u00eda Luna en M\u00e9xico: SEGOB | Nexo Informativo Santiago de Quer\u00e9taro\" \/>\n<meta property=\"og:description\" content=\"Investigaciones en curso contra Genaro Garc\u00eda Luna en M\u00e9xico: SEGOB\" \/>\n<meta property=\"og:url\" content=\"https:\/\/www.nexoinformativo.mx\/index.php\/2024\/10\/18\/investigaciones-en-curso-contra-genaro-garcia-luna-en-mexico-segob\/\" \/>\n<meta property=\"og:site_name\" content=\"Nexo Informativo Santiago de Quer\u00e9taro\" \/>\n<meta property=\"article:publisher\" content=\"https:\/\/www.facebook.com\/people\/Nexo-Informativo\/61564066885511\/\" \/>\n<meta property=\"article:published_time\" content=\"2024-10-18T17:30:40+00:00\" \/>\n<meta property=\"article:modified_time\" content=\"2024-10-18T19:30:10+00:00\" \/>\n<meta property=\"og:image\" content=\"https:\/\/www.nexoinformativo.mx\/wp-content\/uploads\/2024\/10\/IMG_7008.png\" \/>\n\t<meta property=\"og:image:width\" content=\"650\" \/>\n\t<meta property=\"og:image:height\" content=\"380\" \/>\n\t<meta property=\"og:image:type\" content=\"image\/png\" \/>\n<meta name=\"author\" content=\"Nexo Informativo\" \/>\n<meta name=\"twitter:card\" content=\"summary_large_image\" \/>\n<meta name=\"twitter:label1\" content=\"Escrito por\" \/>\n\t<meta name=\"twitter:data1\" content=\"Nexo Informativo\" \/>\n\t<meta name=\"twitter:label2\" content=\"Tiempo de lectura\" \/>\n\t<meta name=\"twitter:data2\" content=\"2 minutos\" \/>\n<script type=\"application\/ld+json\" class=\"yoast-schema-graph\">{\"@context\":\"https:\/\/schema.org\",\"@graph\":[{\"@type\":\"Article\",\"@id\":\"https:\/\/www.nexoinformativo.mx\/index.php\/2024\/10\/18\/investigaciones-en-curso-contra-genaro-garcia-luna-en-mexico-segob\/#article\",\"isPartOf\":{\"@id\":\"https:\/\/www.nexoinformativo.mx\/index.php\/2024\/10\/18\/investigaciones-en-curso-contra-genaro-garcia-luna-en-mexico-segob\/\"},\"author\":{\"name\":\"Nexo Informativo\",\"@id\":\"https:\/\/www.nexoinformativo.mx\/#\/schema\/person\/7749d380ba08c8ca00d7bc76fd907b7d\"},\"headline\":\"Investigaciones en curso contra Genaro Garc\u00eda Luna en M\u00e9xico: SEGOB\",\"datePublished\":\"2024-10-18T17:30:40+00:00\",\"dateModified\":\"2024-10-18T19:30:10+00:00\",\"mainEntityOfPage\":{\"@id\":\"https:\/\/www.nexoinformativo.mx\/index.php\/2024\/10\/18\/investigaciones-en-curso-contra-genaro-garcia-luna-en-mexico-segob\/\"},\"wordCount\":291,\"commentCount\":0,\"publisher\":{\"@id\":\"https:\/\/www.nexoinformativo.mx\/#organization\"},\"image\":{\"@id\":\"https:\/\/www.nexoinformativo.mx\/index.php\/2024\/10\/18\/investigaciones-en-curso-contra-genaro-garcia-luna-en-mexico-segob\/#primaryimage\"},\"thumbnailUrl\":\"https:\/\/www.nexoinformativo.mx\/wp-content\/uploads\/2024\/10\/IMG_7008.png\",\"keywords\":[\"Corrupci\u00f3nCero\",\"Garc\u00edaLuna\",\"JusticiaEnM\u00e9xico\",\"SeguridadNacional\"],\"articleSection\":[\"Nacional\",\"\u00daltima Hora\"],\"inLanguage\":\"es\",\"potentialAction\":[{\"@type\":\"CommentAction\",\"name\":\"Comment\",\"target\":[\"https:\/\/www.nexoinformativo.mx\/index.php\/2024\/10\/18\/investigaciones-en-curso-contra-genaro-garcia-luna-en-mexico-segob\/#respond\"]}]},{\"@type\":\"WebPage\",\"@id\":\"https:\/\/www.nexoinformativo.mx\/index.php\/2024\/10\/18\/investigaciones-en-curso-contra-genaro-garcia-luna-en-mexico-segob\/\",\"url\":\"https:\/\/www.nexoinformativo.mx\/index.php\/2024\/10\/18\/investigaciones-en-curso-contra-genaro-garcia-luna-en-mexico-segob\/\",\"name\":\"Investigaciones en curso contra Genaro Garc\u00eda Luna en M\u00e9xico: SEGOB | Nexo Informativo Santiago de Quer\u00e9taro\",\"isPartOf\":{\"@id\":\"https:\/\/www.nexoinformativo.mx\/#website\"},\"primaryImageOfPage\":{\"@id\":\"https:\/\/www.nexoinformativo.mx\/index.php\/2024\/10\/18\/investigaciones-en-curso-contra-genaro-garcia-luna-en-mexico-segob\/#primaryimage\"},\"image\":{\"@id\":\"https:\/\/www.nexoinformativo.mx\/index.php\/2024\/10\/18\/investigaciones-en-curso-contra-genaro-garcia-luna-en-mexico-segob\/#primaryimage\"},\"thumbnailUrl\":\"https:\/\/www.nexoinformativo.mx\/wp-content\/uploads\/2024\/10\/IMG_7008.png\",\"datePublished\":\"2024-10-18T17:30:40+00:00\",\"dateModified\":\"2024-10-18T19:30:10+00:00\",\"description\":\"Investigaciones en curso contra Genaro Garc\u00eda Luna en M\u00e9xico: SEGOB\",\"breadcrumb\":{\"@id\":\"https:\/\/www.nexoinformativo.mx\/index.php\/2024\/10\/18\/investigaciones-en-curso-contra-genaro-garcia-luna-en-mexico-segob\/#breadcrumb\"},\"inLanguage\":\"es\",\"potentialAction\":[{\"@type\":\"ReadAction\",\"target\":[\"https:\/\/www.nexoinformativo.mx\/index.php\/2024\/10\/18\/investigaciones-en-curso-contra-genaro-garcia-luna-en-mexico-segob\/\"]}]},{\"@type\":\"ImageObject\",\"inLanguage\":\"es\",\"@id\":\"https:\/\/www.nexoinformativo.mx\/index.php\/2024\/10\/18\/investigaciones-en-curso-contra-genaro-garcia-luna-en-mexico-segob\/#primaryimage\",\"url\":\"https:\/\/www.nexoinformativo.mx\/wp-content\/uploads\/2024\/10\/IMG_7008.png\",\"contentUrl\":\"https:\/\/www.nexoinformativo.mx\/wp-content\/uploads\/2024\/10\/IMG_7008.png\",\"width\":650,\"height\":380},{\"@type\":\"BreadcrumbList\",\"@id\":\"https:\/\/www.nexoinformativo.mx\/index.php\/2024\/10\/18\/investigaciones-en-curso-contra-genaro-garcia-luna-en-mexico-segob\/#breadcrumb\",\"itemListElement\":[{\"@type\":\"ListItem\",\"position\":1,\"name\":\"Inicio\",\"item\":\"https:\/\/www.nexoinformativo.mx\/\"},{\"@type\":\"ListItem\",\"position\":2,\"name\":\"Investigaciones en curso contra Genaro Garc\u00eda Luna en M\u00e9xico: SEGOB\"}]},{\"@type\":\"WebSite\",\"@id\":\"https:\/\/www.nexoinformativo.mx\/#website\",\"url\":\"https:\/\/www.nexoinformativo.mx\/\",\"name\":\"Nexo Informativo Santiago de Quer\u00e9taro\",\"description\":\"Explora NexoInformativo y convi\u00e9rtete en parte de una comunidad que valora el conocimiento y la verdad. Tu nexoinformativo es tu puente hacia una comprensi\u00f3n m\u00e1s profunda del mundo que te rodea.\",\"publisher\":{\"@id\":\"https:\/\/www.nexoinformativo.mx\/#organization\"},\"potentialAction\":[{\"@type\":\"SearchAction\",\"target\":{\"@type\":\"EntryPoint\",\"urlTemplate\":\"https:\/\/www.nexoinformativo.mx\/?s={search_term_string}\"},\"query-input\":{\"@type\":\"PropertyValueSpecification\",\"valueRequired\":true,\"valueName\":\"search_term_string\"}}],\"inLanguage\":\"es\"},{\"@type\":\"Organization\",\"@id\":\"https:\/\/www.nexoinformativo.mx\/#organization\",\"name\":\"Nexo Informativo Santiago de Quer\u00e9taro\",\"url\":\"https:\/\/www.nexoinformativo.mx\/\",\"logo\":{\"@type\":\"ImageObject\",\"inLanguage\":\"es\",\"@id\":\"https:\/\/www.nexoinformativo.mx\/#\/schema\/logo\/image\/\",\"url\":\"https:\/\/www.nexoinformativo.mx\/wp-content\/uploads\/2024\/07\/nexoi-trasparente-2.png\",\"contentUrl\":\"https:\/\/www.nexoinformativo.mx\/wp-content\/uploads\/2024\/07\/nexoi-trasparente-2.png\",\"width\":816,\"height\":339,\"caption\":\"Nexo Informativo Santiago de Quer\u00e9taro\"},\"image\":{\"@id\":\"https:\/\/www.nexoinformativo.mx\/#\/schema\/logo\/image\/\"},\"sameAs\":[\"https:\/\/www.facebook.com\/people\/Nexo-Informativo\/61564066885511\/\"]},{\"@type\":\"Person\",\"@id\":\"https:\/\/www.nexoinformativo.mx\/#\/schema\/person\/7749d380ba08c8ca00d7bc76fd907b7d\",\"name\":\"Nexo Informativo\",\"image\":{\"@type\":\"ImageObject\",\"inLanguage\":\"es\",\"@id\":\"https:\/\/www.nexoinformativo.mx\/#\/schema\/person\/image\/\",\"url\":\"https:\/\/secure.gravatar.com\/avatar\/dde2928154642a13d95f87ddf1ea9718fe2b46760a005c53e41ff5ad610704e6?s=96&d=mm&r=g\",\"contentUrl\":\"https:\/\/secure.gravatar.com\/avatar\/dde2928154642a13d95f87ddf1ea9718fe2b46760a005c53e41ff5ad610704e6?s=96&d=mm&r=g\",\"caption\":\"Nexo Informativo\"},\"url\":\"https:\/\/www.nexoinformativo.mx\/index.php\/author\/edicion\/\"}]}<\/script>\n<!-- \/ Yoast SEO plugin. -->","yoast_head_json":{"title":"Investigaciones en curso contra Genaro Garc\u00eda Luna en M\u00e9xico: SEGOB | Nexo Informativo Santiago de Quer\u00e9taro","description":"Investigaciones en curso contra Genaro Garc\u00eda Luna en M\u00e9xico: SEGOB","robots":{"index":"index","follow":"follow","max-snippet":"max-snippet:-1","max-image-preview":"max-image-preview:large","max-video-preview":"max-video-preview:-1"},"canonical":"https:\/\/www.nexoinformativo.mx\/index.php\/2024\/10\/18\/investigaciones-en-curso-contra-genaro-garcia-luna-en-mexico-segob\/","og_locale":"es_MX","og_type":"article","og_title":"Investigaciones en curso contra Genaro Garc\u00eda Luna en M\u00e9xico: SEGOB | Nexo Informativo Santiago de Quer\u00e9taro","og_description":"Investigaciones en curso contra Genaro Garc\u00eda Luna en M\u00e9xico: SEGOB","og_url":"https:\/\/www.nexoinformativo.mx\/index.php\/2024\/10\/18\/investigaciones-en-curso-contra-genaro-garcia-luna-en-mexico-segob\/","og_site_name":"Nexo Informativo Santiago de Quer\u00e9taro","article_publisher":"https:\/\/www.facebook.com\/people\/Nexo-Informativo\/61564066885511\/","article_published_time":"2024-10-18T17:30:40+00:00","article_modified_time":"2024-10-18T19:30:10+00:00","og_image":[{"width":650,"height":380,"url":"https:\/\/www.nexoinformativo.mx\/wp-content\/uploads\/2024\/10\/IMG_7008.png","type":"image\/png"}],"author":"Nexo Informativo","twitter_card":"summary_large_image","twitter_misc":{"Escrito por":"Nexo Informativo","Tiempo de lectura":"2 minutos"},"schema":{"@context":"https:\/\/schema.org","@graph":[{"@type":"Article","@id":"https:\/\/www.nexoinformativo.mx\/index.php\/2024\/10\/18\/investigaciones-en-curso-contra-genaro-garcia-luna-en-mexico-segob\/#article","isPartOf":{"@id":"https:\/\/www.nexoinformativo.mx\/index.php\/2024\/10\/18\/investigaciones-en-curso-contra-genaro-garcia-luna-en-mexico-segob\/"},"author":{"name":"Nexo Informativo","@id":"https:\/\/www.nexoinformativo.mx\/#\/schema\/person\/7749d380ba08c8ca00d7bc76fd907b7d"},"headline":"Investigaciones en curso contra Genaro Garc\u00eda Luna en M\u00e9xico: SEGOB","datePublished":"2024-10-18T17:30:40+00:00","dateModified":"2024-10-18T19:30:10+00:00","mainEntityOfPage":{"@id":"https:\/\/www.nexoinformativo.mx\/index.php\/2024\/10\/18\/investigaciones-en-curso-contra-genaro-garcia-luna-en-mexico-segob\/"},"wordCount":291,"commentCount":0,"publisher":{"@id":"https:\/\/www.nexoinformativo.mx\/#organization"},"image":{"@id":"https:\/\/www.nexoinformativo.mx\/index.php\/2024\/10\/18\/investigaciones-en-curso-contra-genaro-garcia-luna-en-mexico-segob\/#primaryimage"},"thumbnailUrl":"https:\/\/www.nexoinformativo.mx\/wp-content\/uploads\/2024\/10\/IMG_7008.png","keywords":["Corrupci\u00f3nCero","Garc\u00edaLuna","JusticiaEnM\u00e9xico","SeguridadNacional"],"articleSection":["Nacional","\u00daltima Hora"],"inLanguage":"es","potentialAction":[{"@type":"CommentAction","name":"Comment","target":["https:\/\/www.nexoinformativo.mx\/index.php\/2024\/10\/18\/investigaciones-en-curso-contra-genaro-garcia-luna-en-mexico-segob\/#respond"]}]},{"@type":"WebPage","@id":"https:\/\/www.nexoinformativo.mx\/index.php\/2024\/10\/18\/investigaciones-en-curso-contra-genaro-garcia-luna-en-mexico-segob\/","url":"https:\/\/www.nexoinformativo.mx\/index.php\/2024\/10\/18\/investigaciones-en-curso-contra-genaro-garcia-luna-en-mexico-segob\/","name":"Investigaciones en curso contra Genaro Garc\u00eda Luna en M\u00e9xico: SEGOB | Nexo Informativo Santiago de Quer\u00e9taro","isPartOf":{"@id":"https:\/\/www.nexoinformativo.mx\/#website"},"primaryImageOfPage":{"@id":"https:\/\/www.nexoinformativo.mx\/index.php\/2024\/10\/18\/investigaciones-en-curso-contra-genaro-garcia-luna-en-mexico-segob\/#primaryimage"},"image":{"@id":"https:\/\/www.nexoinformativo.mx\/index.php\/2024\/10\/18\/investigaciones-en-curso-contra-genaro-garcia-luna-en-mexico-segob\/#primaryimage"},"thumbnailUrl":"https:\/\/www.nexoinformativo.mx\/wp-content\/uploads\/2024\/10\/IMG_7008.png","datePublished":"2024-10-18T17:30:40+00:00","dateModified":"2024-10-18T19:30:10+00:00","description":"Investigaciones en curso contra Genaro Garc\u00eda Luna en M\u00e9xico: SEGOB","breadcrumb":{"@id":"https:\/\/www.nexoinformativo.mx\/index.php\/2024\/10\/18\/investigaciones-en-curso-contra-genaro-garcia-luna-en-mexico-segob\/#breadcrumb"},"inLanguage":"es","potentialAction":[{"@type":"ReadAction","target":["https:\/\/www.nexoinformativo.mx\/index.php\/2024\/10\/18\/investigaciones-en-curso-contra-genaro-garcia-luna-en-mexico-segob\/"]}]},{"@type":"ImageObject","inLanguage":"es","@id":"https:\/\/www.nexoinformativo.mx\/index.php\/2024\/10\/18\/investigaciones-en-curso-contra-genaro-garcia-luna-en-mexico-segob\/#primaryimage","url":"https:\/\/www.nexoinformativo.mx\/wp-content\/uploads\/2024\/10\/IMG_7008.png","contentUrl":"https:\/\/www.nexoinformativo.mx\/wp-content\/uploads\/2024\/10\/IMG_7008.png","width":650,"height":380},{"@type":"BreadcrumbList","@id":"https:\/\/www.nexoinformativo.mx\/index.php\/2024\/10\/18\/investigaciones-en-curso-contra-genaro-garcia-luna-en-mexico-segob\/#breadcrumb","itemListElement":[{"@type":"ListItem","position":1,"name":"Inicio","item":"https:\/\/www.nexoinformativo.mx\/"},{"@type":"ListItem","position":2,"name":"Investigaciones en curso contra Genaro Garc\u00eda Luna en M\u00e9xico: SEGOB"}]},{"@type":"WebSite","@id":"https:\/\/www.nexoinformativo.mx\/#website","url":"https:\/\/www.nexoinformativo.mx\/","name":"Nexo Informativo Santiago de Quer\u00e9taro","description":"Explora NexoInformativo y convi\u00e9rtete en parte de una comunidad que valora el conocimiento y la verdad. Tu nexoinformativo es tu puente hacia una comprensi\u00f3n m\u00e1s profunda del mundo que te rodea.","publisher":{"@id":"https:\/\/www.nexoinformativo.mx\/#organization"},"potentialAction":[{"@type":"SearchAction","target":{"@type":"EntryPoint","urlTemplate":"https:\/\/www.nexoinformativo.mx\/?s={search_term_string}"},"query-input":{"@type":"PropertyValueSpecification","valueRequired":true,"valueName":"search_term_string"}}],"inLanguage":"es"},{"@type":"Organization","@id":"https:\/\/www.nexoinformativo.mx\/#organization","name":"Nexo Informativo Santiago de Quer\u00e9taro","url":"https:\/\/www.nexoinformativo.mx\/","logo":{"@type":"ImageObject","inLanguage":"es","@id":"https:\/\/www.nexoinformativo.mx\/#\/schema\/logo\/image\/","url":"https:\/\/www.nexoinformativo.mx\/wp-content\/uploads\/2024\/07\/nexoi-trasparente-2.png","contentUrl":"https:\/\/www.nexoinformativo.mx\/wp-content\/uploads\/2024\/07\/nexoi-trasparente-2.png","width":816,"height":339,"caption":"Nexo Informativo Santiago de Quer\u00e9taro"},"image":{"@id":"https:\/\/www.nexoinformativo.mx\/#\/schema\/logo\/image\/"},"sameAs":["https:\/\/www.facebook.com\/people\/Nexo-Informativo\/61564066885511\/"]},{"@type":"Person","@id":"https:\/\/www.nexoinformativo.mx\/#\/schema\/person\/7749d380ba08c8ca00d7bc76fd907b7d","name":"Nexo Informativo","image":{"@type":"ImageObject","inLanguage":"es","@id":"https:\/\/www.nexoinformativo.mx\/#\/schema\/person\/image\/","url":"https:\/\/secure.gravatar.com\/avatar\/dde2928154642a13d95f87ddf1ea9718fe2b46760a005c53e41ff5ad610704e6?s=96&d=mm&r=g","contentUrl":"https:\/\/secure.gravatar.com\/avatar\/dde2928154642a13d95f87ddf1ea9718fe2b46760a005c53e41ff5ad610704e6?s=96&d=mm&r=g","caption":"Nexo Informativo"},"url":"https:\/\/www.nexoinformativo.mx\/index.php\/author\/edicion\/"}]}},"_links":{"self":[{"href":"https:\/\/www.nexoinformativo.mx\/index.php\/wp-json\/wp\/v2\/posts\/3798","targetHints":{"allow":["GET"]}}],"collection":[{"href":"https:\/\/www.nexoinformativo.mx\/index.php\/wp-json\/wp\/v2\/posts"}],"about":[{"href":"https:\/\/www.nexoinformativo.mx\/index.php\/wp-json\/wp\/v2\/types\/post"}],"author":[{"embeddable":true,"href":"https:\/\/www.nexoinformativo.mx\/index.php\/wp-json\/wp\/v2\/users\/3"}],"replies":[{"embeddable":true,"href":"https:\/\/www.nexoinformativo.mx\/index.php\/wp-json\/wp\/v2\/comments?post=3798"}],"version-history":[{"count":7,"href":"https:\/\/www.nexoinformativo.mx\/index.php\/wp-json\/wp\/v2\/posts\/3798\/revisions"}],"predecessor-version":[{"id":3820,"href":"https:\/\/www.nexoinformativo.mx\/index.php\/wp-json\/wp\/v2\/posts\/3798\/revisions\/3820"}],"wp:featuredmedia":[{"embeddable":true,"href":"https:\/\/www.nexoinformativo.mx\/index.php\/wp-json\/wp\/v2\/media\/3799"}],"wp:attachment":[{"href":"https:\/\/www.nexoinformativo.mx\/index.php\/wp-json\/wp\/v2\/media?parent=3798"}],"wp:term":[{"taxonomy":"category","embeddable":true,"href":"https:\/\/www.nexoinformativo.mx\/index.php\/wp-json\/wp\/v2\/categories?post=3798"},{"taxonomy":"post_tag","embeddable":true,"href":"https:\/\/www.nexoinformativo.mx\/index.php\/wp-json\/wp\/v2\/tags?post=3798"}],"curies":[{"name":"wp","href":"https:\/\/api.w.org\/{rel}","templated":true}]}}