{"id":3805,"date":"2024-10-18T12:00:07","date_gmt":"2024-10-18T18:00:07","guid":{"rendered":"https:\/\/www.nexoinformativo.mx\/?p=3805"},"modified":"2024-10-18T13:17:46","modified_gmt":"2024-10-18T19:17:46","slug":"desarticulan-red-delictiva-en-queretaro-cuatro-detenidos-por-homicidio","status":"publish","type":"post","link":"https:\/\/www.nexoinformativo.mx\/index.php\/2024\/10\/18\/desarticulan-red-delictiva-en-queretaro-cuatro-detenidos-por-homicidio\/","title":{"rendered":"Desarticulan red delictiva en Quer\u00e9taro; cuatro detenidos por homicidio"},"content":{"rendered":"<p style=\"text-align: justify;\">La Fiscal\u00eda General del Estado ha llevado a cabo una serie de cateos en tres inmuebles en Quer\u00e9taro, espec\u00edficamente en el municipio de Pedro Escobedo y en San Juan del R\u00edo. Estas acciones resultaron en la detenci\u00f3n de cuatro personas por los delitos de homicidio calificado y homicidio en grado de tentativa.<\/p>\n<p>&nbsp;<\/p>\n<p style=\"text-align: justify;\">La operaci\u00f3n se origin\u00f3 a partir de una carpeta de investigaci\u00f3n que se inici\u00f3 tras un tr\u00e1gico suceso ocurrido el pasado 14 de octubre en la madrugada, donde se encontr\u00f3 a una mujer sin vida dentro de un veh\u00edculo en la localidad de San Clemente.<\/p>\n<p>&nbsp;<\/p>\n<p style=\"text-align: justify;\">Las autoridades est\u00e1n trabajando arduamente para esclarecer los hechos y llevar a los responsables ante la justicia.<\/p>\n<p>&nbsp;<\/p>\n<p style=\"text-align: justify;\">Los detenidos ser\u00e1n presentados ante la autoridad judicial, donde se determinar\u00e1 su situaci\u00f3n legal en el marco del proceso penal correspondiente. La Fiscal\u00eda ha asegurado que continuar\u00e1 informando a la poblaci\u00f3n sobre el avance de este caso y sus implicaciones en la seguridad de la regi\u00f3n.<\/p>\n<p>&nbsp;<\/p>\n<p style=\"text-align: center;\"><strong>\u00a1Informaci\u00f3n que transforma!<\/strong><\/p>\n","protected":false},"excerpt":{"rendered":"<p>La Fiscal\u00eda General del Estado ha llevado a cabo una serie de cateos en tres inmuebles en Quer\u00e9taro, espec\u00edficamente en el municipio de Pedro Escobedo y en San Juan del R\u00edo.<\/p>\n","protected":false},"author":3,"featured_media":3806,"comment_status":"open","ping_status":"open","sticky":false,"template":"","format":"standard","meta":{"footnotes":""},"categories":[65,137],"tags":[130,1446,243,131],"class_list":["post-3805","post","type-post","status-publish","format-standard","has-post-thumbnail","hentry","category-municipios","category-sucesos","tag-fiscalia","tag-homicidio","tag-justiciaqueretaro","tag-seguridad"],"yoast_head":"<!-- This site is optimized with the Yoast SEO plugin v25.0 - https:\/\/yoast.com\/wordpress\/plugins\/seo\/ -->\n<title>Desarticulan red delictiva en Quer\u00e9taro; cuatro detenidos por homicidio | Nexo Informativo Santiago de Quer\u00e9taro<\/title>\n<meta name=\"description\" content=\"Desarticulan red delictiva en Quer\u00e9taro; cuatro detenidos por homicidio\" \/>\n<meta name=\"robots\" content=\"index, follow, max-snippet:-1, max-image-preview:large, max-video-preview:-1\" \/>\n<link rel=\"canonical\" href=\"https:\/\/www.nexoinformativo.mx\/index.php\/2024\/10\/18\/desarticulan-red-delictiva-en-queretaro-cuatro-detenidos-por-homicidio\/\" \/>\n<meta property=\"og:locale\" content=\"es_MX\" \/>\n<meta property=\"og:type\" content=\"article\" \/>\n<meta property=\"og:title\" content=\"Desarticulan red delictiva en Quer\u00e9taro; cuatro detenidos por homicidio | Nexo Informativo Santiago de Quer\u00e9taro\" \/>\n<meta property=\"og:description\" content=\"Desarticulan red delictiva en Quer\u00e9taro; cuatro detenidos por homicidio\" \/>\n<meta property=\"og:url\" content=\"https:\/\/www.nexoinformativo.mx\/index.php\/2024\/10\/18\/desarticulan-red-delictiva-en-queretaro-cuatro-detenidos-por-homicidio\/\" \/>\n<meta property=\"og:site_name\" content=\"Nexo Informativo Santiago de Quer\u00e9taro\" \/>\n<meta property=\"article:publisher\" content=\"https:\/\/www.facebook.com\/people\/Nexo-Informativo\/61564066885511\/\" \/>\n<meta property=\"article:published_time\" content=\"2024-10-18T18:00:07+00:00\" \/>\n<meta property=\"article:modified_time\" content=\"2024-10-18T19:17:46+00:00\" \/>\n<meta property=\"og:image\" content=\"https:\/\/www.nexoinformativo.mx\/wp-content\/uploads\/2024\/10\/PHOTO-2024-10-18-12-58-43-e1729278496997.jpg\" \/>\n\t<meta property=\"og:image:width\" content=\"800\" \/>\n\t<meta property=\"og:image:height\" content=\"1000\" \/>\n\t<meta property=\"og:image:type\" content=\"image\/jpeg\" \/>\n<meta name=\"author\" content=\"Nexo Informativo\" \/>\n<meta name=\"twitter:card\" content=\"summary_large_image\" \/>\n<meta name=\"twitter:label1\" content=\"Escrito por\" \/>\n\t<meta name=\"twitter:data1\" content=\"Nexo Informativo\" \/>\n\t<meta name=\"twitter:label2\" content=\"Tiempo de lectura\" \/>\n\t<meta name=\"twitter:data2\" content=\"1 minuto\" \/>\n<script type=\"application\/ld+json\" class=\"yoast-schema-graph\">{\"@context\":\"https:\/\/schema.org\",\"@graph\":[{\"@type\":\"Article\",\"@id\":\"https:\/\/www.nexoinformativo.mx\/index.php\/2024\/10\/18\/desarticulan-red-delictiva-en-queretaro-cuatro-detenidos-por-homicidio\/#article\",\"isPartOf\":{\"@id\":\"https:\/\/www.nexoinformativo.mx\/index.php\/2024\/10\/18\/desarticulan-red-delictiva-en-queretaro-cuatro-detenidos-por-homicidio\/\"},\"author\":{\"name\":\"Nexo Informativo\",\"@id\":\"https:\/\/www.nexoinformativo.mx\/#\/schema\/person\/7749d380ba08c8ca00d7bc76fd907b7d\"},\"headline\":\"Desarticulan red delictiva en Quer\u00e9taro; cuatro detenidos por homicidio\",\"datePublished\":\"2024-10-18T18:00:07+00:00\",\"dateModified\":\"2024-10-18T19:17:46+00:00\",\"mainEntityOfPage\":{\"@id\":\"https:\/\/www.nexoinformativo.mx\/index.php\/2024\/10\/18\/desarticulan-red-delictiva-en-queretaro-cuatro-detenidos-por-homicidio\/\"},\"wordCount\":192,\"commentCount\":0,\"publisher\":{\"@id\":\"https:\/\/www.nexoinformativo.mx\/#organization\"},\"image\":{\"@id\":\"https:\/\/www.nexoinformativo.mx\/index.php\/2024\/10\/18\/desarticulan-red-delictiva-en-queretaro-cuatro-detenidos-por-homicidio\/#primaryimage\"},\"thumbnailUrl\":\"https:\/\/www.nexoinformativo.mx\/wp-content\/uploads\/2024\/10\/PHOTO-2024-10-18-12-58-43-e1729278496997.jpg\",\"keywords\":[\"Fiscal\u00eda\",\"Homicidio\",\"JusticiaQueretaro\",\"Seguridad\"],\"articleSection\":[\"Municipios\",\"Sucesos\"],\"inLanguage\":\"es\",\"potentialAction\":[{\"@type\":\"CommentAction\",\"name\":\"Comment\",\"target\":[\"https:\/\/www.nexoinformativo.mx\/index.php\/2024\/10\/18\/desarticulan-red-delictiva-en-queretaro-cuatro-detenidos-por-homicidio\/#respond\"]}]},{\"@type\":\"WebPage\",\"@id\":\"https:\/\/www.nexoinformativo.mx\/index.php\/2024\/10\/18\/desarticulan-red-delictiva-en-queretaro-cuatro-detenidos-por-homicidio\/\",\"url\":\"https:\/\/www.nexoinformativo.mx\/index.php\/2024\/10\/18\/desarticulan-red-delictiva-en-queretaro-cuatro-detenidos-por-homicidio\/\",\"name\":\"Desarticulan red delictiva en Quer\u00e9taro; cuatro detenidos por homicidio | Nexo Informativo Santiago de Quer\u00e9taro\",\"isPartOf\":{\"@id\":\"https:\/\/www.nexoinformativo.mx\/#website\"},\"primaryImageOfPage\":{\"@id\":\"https:\/\/www.nexoinformativo.mx\/index.php\/2024\/10\/18\/desarticulan-red-delictiva-en-queretaro-cuatro-detenidos-por-homicidio\/#primaryimage\"},\"image\":{\"@id\":\"https:\/\/www.nexoinformativo.mx\/index.php\/2024\/10\/18\/desarticulan-red-delictiva-en-queretaro-cuatro-detenidos-por-homicidio\/#primaryimage\"},\"thumbnailUrl\":\"https:\/\/www.nexoinformativo.mx\/wp-content\/uploads\/2024\/10\/PHOTO-2024-10-18-12-58-43-e1729278496997.jpg\",\"datePublished\":\"2024-10-18T18:00:07+00:00\",\"dateModified\":\"2024-10-18T19:17:46+00:00\",\"description\":\"Desarticulan red delictiva en Quer\u00e9taro; cuatro detenidos por homicidio\",\"breadcrumb\":{\"@id\":\"https:\/\/www.nexoinformativo.mx\/index.php\/2024\/10\/18\/desarticulan-red-delictiva-en-queretaro-cuatro-detenidos-por-homicidio\/#breadcrumb\"},\"inLanguage\":\"es\",\"potentialAction\":[{\"@type\":\"ReadAction\",\"target\":[\"https:\/\/www.nexoinformativo.mx\/index.php\/2024\/10\/18\/desarticulan-red-delictiva-en-queretaro-cuatro-detenidos-por-homicidio\/\"]}]},{\"@type\":\"ImageObject\",\"inLanguage\":\"es\",\"@id\":\"https:\/\/www.nexoinformativo.mx\/index.php\/2024\/10\/18\/desarticulan-red-delictiva-en-queretaro-cuatro-detenidos-por-homicidio\/#primaryimage\",\"url\":\"https:\/\/www.nexoinformativo.mx\/wp-content\/uploads\/2024\/10\/PHOTO-2024-10-18-12-58-43-e1729278496997.jpg\",\"contentUrl\":\"https:\/\/www.nexoinformativo.mx\/wp-content\/uploads\/2024\/10\/PHOTO-2024-10-18-12-58-43-e1729278496997.jpg\",\"width\":800,\"height\":1000},{\"@type\":\"BreadcrumbList\",\"@id\":\"https:\/\/www.nexoinformativo.mx\/index.php\/2024\/10\/18\/desarticulan-red-delictiva-en-queretaro-cuatro-detenidos-por-homicidio\/#breadcrumb\",\"itemListElement\":[{\"@type\":\"ListItem\",\"position\":1,\"name\":\"Inicio\",\"item\":\"https:\/\/www.nexoinformativo.mx\/\"},{\"@type\":\"ListItem\",\"position\":2,\"name\":\"Desarticulan red delictiva en Quer\u00e9taro; cuatro detenidos por homicidio\"}]},{\"@type\":\"WebSite\",\"@id\":\"https:\/\/www.nexoinformativo.mx\/#website\",\"url\":\"https:\/\/www.nexoinformativo.mx\/\",\"name\":\"Nexo Informativo Santiago de Quer\u00e9taro\",\"description\":\"Explora NexoInformativo y convi\u00e9rtete en parte de una comunidad que valora el conocimiento y la verdad. Tu nexoinformativo es tu puente hacia una comprensi\u00f3n m\u00e1s profunda del mundo que te rodea.\",\"publisher\":{\"@id\":\"https:\/\/www.nexoinformativo.mx\/#organization\"},\"potentialAction\":[{\"@type\":\"SearchAction\",\"target\":{\"@type\":\"EntryPoint\",\"urlTemplate\":\"https:\/\/www.nexoinformativo.mx\/?s={search_term_string}\"},\"query-input\":{\"@type\":\"PropertyValueSpecification\",\"valueRequired\":true,\"valueName\":\"search_term_string\"}}],\"inLanguage\":\"es\"},{\"@type\":\"Organization\",\"@id\":\"https:\/\/www.nexoinformativo.mx\/#organization\",\"name\":\"Nexo Informativo Santiago de Quer\u00e9taro\",\"url\":\"https:\/\/www.nexoinformativo.mx\/\",\"logo\":{\"@type\":\"ImageObject\",\"inLanguage\":\"es\",\"@id\":\"https:\/\/www.nexoinformativo.mx\/#\/schema\/logo\/image\/\",\"url\":\"https:\/\/www.nexoinformativo.mx\/wp-content\/uploads\/2024\/07\/nexoi-trasparente-2.png\",\"contentUrl\":\"https:\/\/www.nexoinformativo.mx\/wp-content\/uploads\/2024\/07\/nexoi-trasparente-2.png\",\"width\":816,\"height\":339,\"caption\":\"Nexo Informativo Santiago de Quer\u00e9taro\"},\"image\":{\"@id\":\"https:\/\/www.nexoinformativo.mx\/#\/schema\/logo\/image\/\"},\"sameAs\":[\"https:\/\/www.facebook.com\/people\/Nexo-Informativo\/61564066885511\/\"]},{\"@type\":\"Person\",\"@id\":\"https:\/\/www.nexoinformativo.mx\/#\/schema\/person\/7749d380ba08c8ca00d7bc76fd907b7d\",\"name\":\"Nexo Informativo\",\"image\":{\"@type\":\"ImageObject\",\"inLanguage\":\"es\",\"@id\":\"https:\/\/www.nexoinformativo.mx\/#\/schema\/person\/image\/\",\"url\":\"https:\/\/secure.gravatar.com\/avatar\/dde2928154642a13d95f87ddf1ea9718fe2b46760a005c53e41ff5ad610704e6?s=96&d=mm&r=g\",\"contentUrl\":\"https:\/\/secure.gravatar.com\/avatar\/dde2928154642a13d95f87ddf1ea9718fe2b46760a005c53e41ff5ad610704e6?s=96&d=mm&r=g\",\"caption\":\"Nexo Informativo\"},\"url\":\"https:\/\/www.nexoinformativo.mx\/index.php\/author\/edicion\/\"}]}<\/script>\n<!-- \/ Yoast SEO plugin. -->","yoast_head_json":{"title":"Desarticulan red delictiva en Quer\u00e9taro; cuatro detenidos por homicidio | Nexo Informativo Santiago de Quer\u00e9taro","description":"Desarticulan red delictiva en Quer\u00e9taro; cuatro detenidos por homicidio","robots":{"index":"index","follow":"follow","max-snippet":"max-snippet:-1","max-image-preview":"max-image-preview:large","max-video-preview":"max-video-preview:-1"},"canonical":"https:\/\/www.nexoinformativo.mx\/index.php\/2024\/10\/18\/desarticulan-red-delictiva-en-queretaro-cuatro-detenidos-por-homicidio\/","og_locale":"es_MX","og_type":"article","og_title":"Desarticulan red delictiva en Quer\u00e9taro; cuatro detenidos por homicidio | Nexo Informativo Santiago de Quer\u00e9taro","og_description":"Desarticulan red delictiva en Quer\u00e9taro; cuatro detenidos por homicidio","og_url":"https:\/\/www.nexoinformativo.mx\/index.php\/2024\/10\/18\/desarticulan-red-delictiva-en-queretaro-cuatro-detenidos-por-homicidio\/","og_site_name":"Nexo Informativo Santiago de Quer\u00e9taro","article_publisher":"https:\/\/www.facebook.com\/people\/Nexo-Informativo\/61564066885511\/","article_published_time":"2024-10-18T18:00:07+00:00","article_modified_time":"2024-10-18T19:17:46+00:00","og_image":[{"width":800,"height":1000,"url":"https:\/\/www.nexoinformativo.mx\/wp-content\/uploads\/2024\/10\/PHOTO-2024-10-18-12-58-43-e1729278496997.jpg","type":"image\/jpeg"}],"author":"Nexo Informativo","twitter_card":"summary_large_image","twitter_misc":{"Escrito por":"Nexo Informativo","Tiempo de lectura":"1 minuto"},"schema":{"@context":"https:\/\/schema.org","@graph":[{"@type":"Article","@id":"https:\/\/www.nexoinformativo.mx\/index.php\/2024\/10\/18\/desarticulan-red-delictiva-en-queretaro-cuatro-detenidos-por-homicidio\/#article","isPartOf":{"@id":"https:\/\/www.nexoinformativo.mx\/index.php\/2024\/10\/18\/desarticulan-red-delictiva-en-queretaro-cuatro-detenidos-por-homicidio\/"},"author":{"name":"Nexo Informativo","@id":"https:\/\/www.nexoinformativo.mx\/#\/schema\/person\/7749d380ba08c8ca00d7bc76fd907b7d"},"headline":"Desarticulan red delictiva en Quer\u00e9taro; cuatro detenidos por homicidio","datePublished":"2024-10-18T18:00:07+00:00","dateModified":"2024-10-18T19:17:46+00:00","mainEntityOfPage":{"@id":"https:\/\/www.nexoinformativo.mx\/index.php\/2024\/10\/18\/desarticulan-red-delictiva-en-queretaro-cuatro-detenidos-por-homicidio\/"},"wordCount":192,"commentCount":0,"publisher":{"@id":"https:\/\/www.nexoinformativo.mx\/#organization"},"image":{"@id":"https:\/\/www.nexoinformativo.mx\/index.php\/2024\/10\/18\/desarticulan-red-delictiva-en-queretaro-cuatro-detenidos-por-homicidio\/#primaryimage"},"thumbnailUrl":"https:\/\/www.nexoinformativo.mx\/wp-content\/uploads\/2024\/10\/PHOTO-2024-10-18-12-58-43-e1729278496997.jpg","keywords":["Fiscal\u00eda","Homicidio","JusticiaQueretaro","Seguridad"],"articleSection":["Municipios","Sucesos"],"inLanguage":"es","potentialAction":[{"@type":"CommentAction","name":"Comment","target":["https:\/\/www.nexoinformativo.mx\/index.php\/2024\/10\/18\/desarticulan-red-delictiva-en-queretaro-cuatro-detenidos-por-homicidio\/#respond"]}]},{"@type":"WebPage","@id":"https:\/\/www.nexoinformativo.mx\/index.php\/2024\/10\/18\/desarticulan-red-delictiva-en-queretaro-cuatro-detenidos-por-homicidio\/","url":"https:\/\/www.nexoinformativo.mx\/index.php\/2024\/10\/18\/desarticulan-red-delictiva-en-queretaro-cuatro-detenidos-por-homicidio\/","name":"Desarticulan red delictiva en Quer\u00e9taro; cuatro detenidos por homicidio | Nexo Informativo Santiago de Quer\u00e9taro","isPartOf":{"@id":"https:\/\/www.nexoinformativo.mx\/#website"},"primaryImageOfPage":{"@id":"https:\/\/www.nexoinformativo.mx\/index.php\/2024\/10\/18\/desarticulan-red-delictiva-en-queretaro-cuatro-detenidos-por-homicidio\/#primaryimage"},"image":{"@id":"https:\/\/www.nexoinformativo.mx\/index.php\/2024\/10\/18\/desarticulan-red-delictiva-en-queretaro-cuatro-detenidos-por-homicidio\/#primaryimage"},"thumbnailUrl":"https:\/\/www.nexoinformativo.mx\/wp-content\/uploads\/2024\/10\/PHOTO-2024-10-18-12-58-43-e1729278496997.jpg","datePublished":"2024-10-18T18:00:07+00:00","dateModified":"2024-10-18T19:17:46+00:00","description":"Desarticulan red delictiva en Quer\u00e9taro; cuatro detenidos por homicidio","breadcrumb":{"@id":"https:\/\/www.nexoinformativo.mx\/index.php\/2024\/10\/18\/desarticulan-red-delictiva-en-queretaro-cuatro-detenidos-por-homicidio\/#breadcrumb"},"inLanguage":"es","potentialAction":[{"@type":"ReadAction","target":["https:\/\/www.nexoinformativo.mx\/index.php\/2024\/10\/18\/desarticulan-red-delictiva-en-queretaro-cuatro-detenidos-por-homicidio\/"]}]},{"@type":"ImageObject","inLanguage":"es","@id":"https:\/\/www.nexoinformativo.mx\/index.php\/2024\/10\/18\/desarticulan-red-delictiva-en-queretaro-cuatro-detenidos-por-homicidio\/#primaryimage","url":"https:\/\/www.nexoinformativo.mx\/wp-content\/uploads\/2024\/10\/PHOTO-2024-10-18-12-58-43-e1729278496997.jpg","contentUrl":"https:\/\/www.nexoinformativo.mx\/wp-content\/uploads\/2024\/10\/PHOTO-2024-10-18-12-58-43-e1729278496997.jpg","width":800,"height":1000},{"@type":"BreadcrumbList","@id":"https:\/\/www.nexoinformativo.mx\/index.php\/2024\/10\/18\/desarticulan-red-delictiva-en-queretaro-cuatro-detenidos-por-homicidio\/#breadcrumb","itemListElement":[{"@type":"ListItem","position":1,"name":"Inicio","item":"https:\/\/www.nexoinformativo.mx\/"},{"@type":"ListItem","position":2,"name":"Desarticulan red delictiva en Quer\u00e9taro; cuatro detenidos por homicidio"}]},{"@type":"WebSite","@id":"https:\/\/www.nexoinformativo.mx\/#website","url":"https:\/\/www.nexoinformativo.mx\/","name":"Nexo Informativo Santiago de Quer\u00e9taro","description":"Explora NexoInformativo y convi\u00e9rtete en parte de una comunidad que valora el conocimiento y la verdad. Tu nexoinformativo es tu puente hacia una comprensi\u00f3n m\u00e1s profunda del mundo que te rodea.","publisher":{"@id":"https:\/\/www.nexoinformativo.mx\/#organization"},"potentialAction":[{"@type":"SearchAction","target":{"@type":"EntryPoint","urlTemplate":"https:\/\/www.nexoinformativo.mx\/?s={search_term_string}"},"query-input":{"@type":"PropertyValueSpecification","valueRequired":true,"valueName":"search_term_string"}}],"inLanguage":"es"},{"@type":"Organization","@id":"https:\/\/www.nexoinformativo.mx\/#organization","name":"Nexo Informativo Santiago de Quer\u00e9taro","url":"https:\/\/www.nexoinformativo.mx\/","logo":{"@type":"ImageObject","inLanguage":"es","@id":"https:\/\/www.nexoinformativo.mx\/#\/schema\/logo\/image\/","url":"https:\/\/www.nexoinformativo.mx\/wp-content\/uploads\/2024\/07\/nexoi-trasparente-2.png","contentUrl":"https:\/\/www.nexoinformativo.mx\/wp-content\/uploads\/2024\/07\/nexoi-trasparente-2.png","width":816,"height":339,"caption":"Nexo Informativo Santiago de Quer\u00e9taro"},"image":{"@id":"https:\/\/www.nexoinformativo.mx\/#\/schema\/logo\/image\/"},"sameAs":["https:\/\/www.facebook.com\/people\/Nexo-Informativo\/61564066885511\/"]},{"@type":"Person","@id":"https:\/\/www.nexoinformativo.mx\/#\/schema\/person\/7749d380ba08c8ca00d7bc76fd907b7d","name":"Nexo Informativo","image":{"@type":"ImageObject","inLanguage":"es","@id":"https:\/\/www.nexoinformativo.mx\/#\/schema\/person\/image\/","url":"https:\/\/secure.gravatar.com\/avatar\/dde2928154642a13d95f87ddf1ea9718fe2b46760a005c53e41ff5ad610704e6?s=96&d=mm&r=g","contentUrl":"https:\/\/secure.gravatar.com\/avatar\/dde2928154642a13d95f87ddf1ea9718fe2b46760a005c53e41ff5ad610704e6?s=96&d=mm&r=g","caption":"Nexo Informativo"},"url":"https:\/\/www.nexoinformativo.mx\/index.php\/author\/edicion\/"}]}},"_links":{"self":[{"href":"https:\/\/www.nexoinformativo.mx\/index.php\/wp-json\/wp\/v2\/posts\/3805","targetHints":{"allow":["GET"]}}],"collection":[{"href":"https:\/\/www.nexoinformativo.mx\/index.php\/wp-json\/wp\/v2\/posts"}],"about":[{"href":"https:\/\/www.nexoinformativo.mx\/index.php\/wp-json\/wp\/v2\/types\/post"}],"author":[{"embeddable":true,"href":"https:\/\/www.nexoinformativo.mx\/index.php\/wp-json\/wp\/v2\/users\/3"}],"replies":[{"embeddable":true,"href":"https:\/\/www.nexoinformativo.mx\/index.php\/wp-json\/wp\/v2\/comments?post=3805"}],"version-history":[{"count":3,"href":"https:\/\/www.nexoinformativo.mx\/index.php\/wp-json\/wp\/v2\/posts\/3805\/revisions"}],"predecessor-version":[{"id":3810,"href":"https:\/\/www.nexoinformativo.mx\/index.php\/wp-json\/wp\/v2\/posts\/3805\/revisions\/3810"}],"wp:featuredmedia":[{"embeddable":true,"href":"https:\/\/www.nexoinformativo.mx\/index.php\/wp-json\/wp\/v2\/media\/3806"}],"wp:attachment":[{"href":"https:\/\/www.nexoinformativo.mx\/index.php\/wp-json\/wp\/v2\/media?parent=3805"}],"wp:term":[{"taxonomy":"category","embeddable":true,"href":"https:\/\/www.nexoinformativo.mx\/index.php\/wp-json\/wp\/v2\/categories?post=3805"},{"taxonomy":"post_tag","embeddable":true,"href":"https:\/\/www.nexoinformativo.mx\/index.php\/wp-json\/wp\/v2\/tags?post=3805"}],"curies":[{"name":"wp","href":"https:\/\/api.w.org\/{rel}","templated":true}]}}