{"id":3828,"date":"2024-10-18T13:00:31","date_gmt":"2024-10-18T19:00:31","guid":{"rendered":"https:\/\/www.nexoinformativo.mx\/?p=3828"},"modified":"2024-10-18T13:54:02","modified_gmt":"2024-10-18T19:54:02","slug":"arranca-en-queretaro-la-convencion-nacional-y-expo-madera-2024","status":"publish","type":"post","link":"https:\/\/www.nexoinformativo.mx\/index.php\/2024\/10\/18\/arranca-en-queretaro-la-convencion-nacional-y-expo-madera-2024\/","title":{"rendered":"Arranca en Quer\u00e9taro la Convenci\u00f3n Nacional y Expo Madera 2024"},"content":{"rendered":"<p style=\"text-align: justify;\">La Convenci\u00f3n Nacional de Madereros y <strong>Expo Maderera Quer\u00e9taro 2024<\/strong> se llev\u00f3 a cabo con \u00e9xito, reuniendo a los principales actores de la industria para abordar los desaf\u00edos y oportunidades del sector. Con el objetivo de fomentar pr\u00e1cticas sostenibles y responsables en el manejo de los recursos forestales.<\/p>\n<p>&nbsp;<\/p>\n<p style=\"text-align: justify;\">Durante la inauguraci\u00f3n, el presidente de la C\u00e1mara Nacional de la Industria Maderera de Quer\u00e9taro, Roberto Cruz, destac\u00f3 la importancia de la certificaci\u00f3n y trazabilidad de la madera, as\u00ed como la reforestaci\u00f3n y la innovaci\u00f3n en productos sostenibles. <strong>&#8220;Nuestro compromiso es construir una industria maderera m\u00e1s sostenible y sustentable, que beneficie a todos y proteja nuestro patrimonio natural&#8221;\u00a0<\/strong>afirm\u00f3.<\/p>\n<p>&nbsp;<\/p>\n<p style=\"text-align: justify;\">Por su parte, el presidente nacional de la C\u00e1mara, V\u00edctor Eduardo Murakami, subray\u00f3 la relevancia de este evento para impulsar el crecimiento y desarrollo del sector en el centro del pa\u00eds. La convenci\u00f3n sirvi\u00f3 como plataforma para presentar las \u00faltimas tecnolog\u00edas y tendencias, establecer alianzas estrat\u00e9gicas y explorar nuevas oportunidades de negocio.<\/p>\n<p>&nbsp;<\/p>\n<p style=\"text-align: justify;\">Sergio Graff Montero, titular de la Comisi\u00f3n Nacional Forestal, anunci\u00f3 nuevas estrategias para incrementar la producci\u00f3n y la productividad de los bosques, &#8220;<strong>Existe un fuerte pasivo a la actividad forestal. Tenemos que ir a una cultura de legalidad del consumo de madera&#8221;<\/strong>, asegur\u00f3.<\/p>\n<p>&nbsp;<\/p>\n<p style=\"text-align: justify;\">La convenci\u00f3n tambi\u00e9n sirvi\u00f3 como marco para la ratificaci\u00f3n del consejo directivo de la C\u00e1mara Nacional de la Industria Maderera de Quer\u00e9taro, que continuar\u00e1 siendo presidido por Roberto Cruz Casillas.<\/p>\n<p>&nbsp;<\/p>\n<p style=\"text-align: justify;\">Con esta convenci\u00f3n, la industria maderera mexicana reafirma su compromiso con la sostenibilidad y el desarrollo responsable. Los participantes tuvieron la oportunidad de intercambiar conocimientos, establecer contactos y explorar nuevas oportunidades de negocio.<\/p>\n<p>&nbsp;<\/p>\n<p style=\"text-align: center;\"><strong><em>\u00a1Informaci\u00f3n que transforma!<\/em><\/strong><\/p>\n","protected":false},"excerpt":{"rendered":"<p>La Convenci\u00f3n Nacional de Madereros y Expo Maderera Quer\u00e9taro 2024 se llev\u00f3 a cabo con \u00e9xito, reuniendo a los principales actores de la industria para abordar los desaf\u00edos y oportunidades del sector. Con el objetivo de fomentar pr\u00e1cticas sostenibles y responsables en el manejo de los recursos forestales. &nbsp; Durante la inauguraci\u00f3n, el presidente de [&hellip;]<\/p>\n","protected":false},"author":3,"featured_media":3829,"comment_status":"open","ping_status":"open","sticky":false,"template":"","format":"standard","meta":{"footnotes":""},"categories":[65,58],"tags":[1449,1452,1450,133,1451],"class_list":["post-3828","post","type-post","status-publish","format-standard","has-post-thumbnail","hentry","category-municipios","category-ultima-hora","tag-convencionmaderera","tag-forestal","tag-industriamaderera","tag-queretaro","tag-sostenibilidad"],"yoast_head":"<!-- This site is optimized with the Yoast SEO plugin v25.0 - https:\/\/yoast.com\/wordpress\/plugins\/seo\/ -->\n<title>Arranca en Quer\u00e9taro la Convenci\u00f3n Nacional y Expo Madera 2024 | Nexo Informativo Santiago de Quer\u00e9taro<\/title>\n<meta name=\"description\" content=\"Arranca en Quer\u00e9taro la Convenci\u00f3n Nacional y Expo Madera 2024\" \/>\n<meta name=\"robots\" content=\"index, follow, max-snippet:-1, max-image-preview:large, max-video-preview:-1\" \/>\n<link rel=\"canonical\" href=\"https:\/\/www.nexoinformativo.mx\/index.php\/2024\/10\/18\/arranca-en-queretaro-la-convencion-nacional-y-expo-madera-2024\/\" \/>\n<meta property=\"og:locale\" content=\"es_MX\" \/>\n<meta property=\"og:type\" content=\"article\" \/>\n<meta property=\"og:title\" content=\"Arranca en Quer\u00e9taro la Convenci\u00f3n Nacional y Expo Madera 2024 | Nexo Informativo Santiago de Quer\u00e9taro\" \/>\n<meta property=\"og:description\" content=\"Arranca en Quer\u00e9taro la Convenci\u00f3n Nacional y Expo Madera 2024\" \/>\n<meta property=\"og:url\" content=\"https:\/\/www.nexoinformativo.mx\/index.php\/2024\/10\/18\/arranca-en-queretaro-la-convencion-nacional-y-expo-madera-2024\/\" \/>\n<meta property=\"og:site_name\" content=\"Nexo Informativo Santiago de Quer\u00e9taro\" \/>\n<meta property=\"article:publisher\" content=\"https:\/\/www.facebook.com\/people\/Nexo-Informativo\/61564066885511\/\" \/>\n<meta property=\"article:published_time\" content=\"2024-10-18T19:00:31+00:00\" \/>\n<meta property=\"article:modified_time\" content=\"2024-10-18T19:54:02+00:00\" \/>\n<meta property=\"og:image\" content=\"https:\/\/www.nexoinformativo.mx\/wp-content\/uploads\/2024\/10\/PHOTO-2024-10-18-13-09-04-e1729281006456.jpg\" \/>\n\t<meta property=\"og:image:width\" content=\"800\" \/>\n\t<meta property=\"og:image:height\" content=\"1000\" \/>\n\t<meta property=\"og:image:type\" content=\"image\/jpeg\" \/>\n<meta name=\"author\" content=\"Nexo Informativo\" \/>\n<meta name=\"twitter:card\" content=\"summary_large_image\" \/>\n<meta name=\"twitter:label1\" content=\"Escrito por\" \/>\n\t<meta name=\"twitter:data1\" content=\"Nexo Informativo\" \/>\n\t<meta name=\"twitter:label2\" content=\"Tiempo de lectura\" \/>\n\t<meta name=\"twitter:data2\" content=\"2 minutos\" \/>\n<script type=\"application\/ld+json\" class=\"yoast-schema-graph\">{\"@context\":\"https:\/\/schema.org\",\"@graph\":[{\"@type\":\"Article\",\"@id\":\"https:\/\/www.nexoinformativo.mx\/index.php\/2024\/10\/18\/arranca-en-queretaro-la-convencion-nacional-y-expo-madera-2024\/#article\",\"isPartOf\":{\"@id\":\"https:\/\/www.nexoinformativo.mx\/index.php\/2024\/10\/18\/arranca-en-queretaro-la-convencion-nacional-y-expo-madera-2024\/\"},\"author\":{\"name\":\"Nexo Informativo\",\"@id\":\"https:\/\/www.nexoinformativo.mx\/#\/schema\/person\/7749d380ba08c8ca00d7bc76fd907b7d\"},\"headline\":\"Arranca en Quer\u00e9taro la Convenci\u00f3n Nacional y Expo Madera 2024\",\"datePublished\":\"2024-10-18T19:00:31+00:00\",\"dateModified\":\"2024-10-18T19:54:02+00:00\",\"mainEntityOfPage\":{\"@id\":\"https:\/\/www.nexoinformativo.mx\/index.php\/2024\/10\/18\/arranca-en-queretaro-la-convencion-nacional-y-expo-madera-2024\/\"},\"wordCount\":310,\"commentCount\":0,\"publisher\":{\"@id\":\"https:\/\/www.nexoinformativo.mx\/#organization\"},\"image\":{\"@id\":\"https:\/\/www.nexoinformativo.mx\/index.php\/2024\/10\/18\/arranca-en-queretaro-la-convencion-nacional-y-expo-madera-2024\/#primaryimage\"},\"thumbnailUrl\":\"https:\/\/www.nexoinformativo.mx\/wp-content\/uploads\/2024\/10\/PHOTO-2024-10-18-13-09-04-e1729281006456.jpg\",\"keywords\":[\"Convenci\u00f3nMaderera\",\"Forestal\",\"IndustriaMaderera\",\"Quer\u00e9taro\",\"Sostenibilidad\"],\"articleSection\":[\"Municipios\",\"\u00daltima Hora\"],\"inLanguage\":\"es\",\"potentialAction\":[{\"@type\":\"CommentAction\",\"name\":\"Comment\",\"target\":[\"https:\/\/www.nexoinformativo.mx\/index.php\/2024\/10\/18\/arranca-en-queretaro-la-convencion-nacional-y-expo-madera-2024\/#respond\"]}]},{\"@type\":\"WebPage\",\"@id\":\"https:\/\/www.nexoinformativo.mx\/index.php\/2024\/10\/18\/arranca-en-queretaro-la-convencion-nacional-y-expo-madera-2024\/\",\"url\":\"https:\/\/www.nexoinformativo.mx\/index.php\/2024\/10\/18\/arranca-en-queretaro-la-convencion-nacional-y-expo-madera-2024\/\",\"name\":\"Arranca en Quer\u00e9taro la Convenci\u00f3n Nacional y Expo Madera 2024 | Nexo Informativo Santiago de Quer\u00e9taro\",\"isPartOf\":{\"@id\":\"https:\/\/www.nexoinformativo.mx\/#website\"},\"primaryImageOfPage\":{\"@id\":\"https:\/\/www.nexoinformativo.mx\/index.php\/2024\/10\/18\/arranca-en-queretaro-la-convencion-nacional-y-expo-madera-2024\/#primaryimage\"},\"image\":{\"@id\":\"https:\/\/www.nexoinformativo.mx\/index.php\/2024\/10\/18\/arranca-en-queretaro-la-convencion-nacional-y-expo-madera-2024\/#primaryimage\"},\"thumbnailUrl\":\"https:\/\/www.nexoinformativo.mx\/wp-content\/uploads\/2024\/10\/PHOTO-2024-10-18-13-09-04-e1729281006456.jpg\",\"datePublished\":\"2024-10-18T19:00:31+00:00\",\"dateModified\":\"2024-10-18T19:54:02+00:00\",\"description\":\"Arranca en Quer\u00e9taro la Convenci\u00f3n Nacional y Expo Madera 2024\",\"breadcrumb\":{\"@id\":\"https:\/\/www.nexoinformativo.mx\/index.php\/2024\/10\/18\/arranca-en-queretaro-la-convencion-nacional-y-expo-madera-2024\/#breadcrumb\"},\"inLanguage\":\"es\",\"potentialAction\":[{\"@type\":\"ReadAction\",\"target\":[\"https:\/\/www.nexoinformativo.mx\/index.php\/2024\/10\/18\/arranca-en-queretaro-la-convencion-nacional-y-expo-madera-2024\/\"]}]},{\"@type\":\"ImageObject\",\"inLanguage\":\"es\",\"@id\":\"https:\/\/www.nexoinformativo.mx\/index.php\/2024\/10\/18\/arranca-en-queretaro-la-convencion-nacional-y-expo-madera-2024\/#primaryimage\",\"url\":\"https:\/\/www.nexoinformativo.mx\/wp-content\/uploads\/2024\/10\/PHOTO-2024-10-18-13-09-04-e1729281006456.jpg\",\"contentUrl\":\"https:\/\/www.nexoinformativo.mx\/wp-content\/uploads\/2024\/10\/PHOTO-2024-10-18-13-09-04-e1729281006456.jpg\",\"width\":800,\"height\":1000},{\"@type\":\"BreadcrumbList\",\"@id\":\"https:\/\/www.nexoinformativo.mx\/index.php\/2024\/10\/18\/arranca-en-queretaro-la-convencion-nacional-y-expo-madera-2024\/#breadcrumb\",\"itemListElement\":[{\"@type\":\"ListItem\",\"position\":1,\"name\":\"Inicio\",\"item\":\"https:\/\/www.nexoinformativo.mx\/\"},{\"@type\":\"ListItem\",\"position\":2,\"name\":\"Arranca en Quer\u00e9taro la Convenci\u00f3n Nacional y Expo Madera 2024\"}]},{\"@type\":\"WebSite\",\"@id\":\"https:\/\/www.nexoinformativo.mx\/#website\",\"url\":\"https:\/\/www.nexoinformativo.mx\/\",\"name\":\"Nexo Informativo Santiago de Quer\u00e9taro\",\"description\":\"Explora NexoInformativo y convi\u00e9rtete en parte de una comunidad que valora el conocimiento y la verdad. Tu nexoinformativo es tu puente hacia una comprensi\u00f3n m\u00e1s profunda del mundo que te rodea.\",\"publisher\":{\"@id\":\"https:\/\/www.nexoinformativo.mx\/#organization\"},\"potentialAction\":[{\"@type\":\"SearchAction\",\"target\":{\"@type\":\"EntryPoint\",\"urlTemplate\":\"https:\/\/www.nexoinformativo.mx\/?s={search_term_string}\"},\"query-input\":{\"@type\":\"PropertyValueSpecification\",\"valueRequired\":true,\"valueName\":\"search_term_string\"}}],\"inLanguage\":\"es\"},{\"@type\":\"Organization\",\"@id\":\"https:\/\/www.nexoinformativo.mx\/#organization\",\"name\":\"Nexo Informativo Santiago de Quer\u00e9taro\",\"url\":\"https:\/\/www.nexoinformativo.mx\/\",\"logo\":{\"@type\":\"ImageObject\",\"inLanguage\":\"es\",\"@id\":\"https:\/\/www.nexoinformativo.mx\/#\/schema\/logo\/image\/\",\"url\":\"https:\/\/www.nexoinformativo.mx\/wp-content\/uploads\/2024\/07\/nexoi-trasparente-2.png\",\"contentUrl\":\"https:\/\/www.nexoinformativo.mx\/wp-content\/uploads\/2024\/07\/nexoi-trasparente-2.png\",\"width\":816,\"height\":339,\"caption\":\"Nexo Informativo Santiago de Quer\u00e9taro\"},\"image\":{\"@id\":\"https:\/\/www.nexoinformativo.mx\/#\/schema\/logo\/image\/\"},\"sameAs\":[\"https:\/\/www.facebook.com\/people\/Nexo-Informativo\/61564066885511\/\"]},{\"@type\":\"Person\",\"@id\":\"https:\/\/www.nexoinformativo.mx\/#\/schema\/person\/7749d380ba08c8ca00d7bc76fd907b7d\",\"name\":\"Nexo Informativo\",\"image\":{\"@type\":\"ImageObject\",\"inLanguage\":\"es\",\"@id\":\"https:\/\/www.nexoinformativo.mx\/#\/schema\/person\/image\/\",\"url\":\"https:\/\/secure.gravatar.com\/avatar\/dde2928154642a13d95f87ddf1ea9718fe2b46760a005c53e41ff5ad610704e6?s=96&d=mm&r=g\",\"contentUrl\":\"https:\/\/secure.gravatar.com\/avatar\/dde2928154642a13d95f87ddf1ea9718fe2b46760a005c53e41ff5ad610704e6?s=96&d=mm&r=g\",\"caption\":\"Nexo Informativo\"},\"url\":\"https:\/\/www.nexoinformativo.mx\/index.php\/author\/edicion\/\"}]}<\/script>\n<!-- \/ Yoast SEO plugin. -->","yoast_head_json":{"title":"Arranca en Quer\u00e9taro la Convenci\u00f3n Nacional y Expo Madera 2024 | Nexo Informativo Santiago de Quer\u00e9taro","description":"Arranca en Quer\u00e9taro la Convenci\u00f3n Nacional y Expo Madera 2024","robots":{"index":"index","follow":"follow","max-snippet":"max-snippet:-1","max-image-preview":"max-image-preview:large","max-video-preview":"max-video-preview:-1"},"canonical":"https:\/\/www.nexoinformativo.mx\/index.php\/2024\/10\/18\/arranca-en-queretaro-la-convencion-nacional-y-expo-madera-2024\/","og_locale":"es_MX","og_type":"article","og_title":"Arranca en Quer\u00e9taro la Convenci\u00f3n Nacional y Expo Madera 2024 | Nexo Informativo Santiago de Quer\u00e9taro","og_description":"Arranca en Quer\u00e9taro la Convenci\u00f3n Nacional y Expo Madera 2024","og_url":"https:\/\/www.nexoinformativo.mx\/index.php\/2024\/10\/18\/arranca-en-queretaro-la-convencion-nacional-y-expo-madera-2024\/","og_site_name":"Nexo Informativo Santiago de Quer\u00e9taro","article_publisher":"https:\/\/www.facebook.com\/people\/Nexo-Informativo\/61564066885511\/","article_published_time":"2024-10-18T19:00:31+00:00","article_modified_time":"2024-10-18T19:54:02+00:00","og_image":[{"width":800,"height":1000,"url":"https:\/\/www.nexoinformativo.mx\/wp-content\/uploads\/2024\/10\/PHOTO-2024-10-18-13-09-04-e1729281006456.jpg","type":"image\/jpeg"}],"author":"Nexo Informativo","twitter_card":"summary_large_image","twitter_misc":{"Escrito por":"Nexo Informativo","Tiempo de lectura":"2 minutos"},"schema":{"@context":"https:\/\/schema.org","@graph":[{"@type":"Article","@id":"https:\/\/www.nexoinformativo.mx\/index.php\/2024\/10\/18\/arranca-en-queretaro-la-convencion-nacional-y-expo-madera-2024\/#article","isPartOf":{"@id":"https:\/\/www.nexoinformativo.mx\/index.php\/2024\/10\/18\/arranca-en-queretaro-la-convencion-nacional-y-expo-madera-2024\/"},"author":{"name":"Nexo Informativo","@id":"https:\/\/www.nexoinformativo.mx\/#\/schema\/person\/7749d380ba08c8ca00d7bc76fd907b7d"},"headline":"Arranca en Quer\u00e9taro la Convenci\u00f3n Nacional y Expo Madera 2024","datePublished":"2024-10-18T19:00:31+00:00","dateModified":"2024-10-18T19:54:02+00:00","mainEntityOfPage":{"@id":"https:\/\/www.nexoinformativo.mx\/index.php\/2024\/10\/18\/arranca-en-queretaro-la-convencion-nacional-y-expo-madera-2024\/"},"wordCount":310,"commentCount":0,"publisher":{"@id":"https:\/\/www.nexoinformativo.mx\/#organization"},"image":{"@id":"https:\/\/www.nexoinformativo.mx\/index.php\/2024\/10\/18\/arranca-en-queretaro-la-convencion-nacional-y-expo-madera-2024\/#primaryimage"},"thumbnailUrl":"https:\/\/www.nexoinformativo.mx\/wp-content\/uploads\/2024\/10\/PHOTO-2024-10-18-13-09-04-e1729281006456.jpg","keywords":["Convenci\u00f3nMaderera","Forestal","IndustriaMaderera","Quer\u00e9taro","Sostenibilidad"],"articleSection":["Municipios","\u00daltima Hora"],"inLanguage":"es","potentialAction":[{"@type":"CommentAction","name":"Comment","target":["https:\/\/www.nexoinformativo.mx\/index.php\/2024\/10\/18\/arranca-en-queretaro-la-convencion-nacional-y-expo-madera-2024\/#respond"]}]},{"@type":"WebPage","@id":"https:\/\/www.nexoinformativo.mx\/index.php\/2024\/10\/18\/arranca-en-queretaro-la-convencion-nacional-y-expo-madera-2024\/","url":"https:\/\/www.nexoinformativo.mx\/index.php\/2024\/10\/18\/arranca-en-queretaro-la-convencion-nacional-y-expo-madera-2024\/","name":"Arranca en Quer\u00e9taro la Convenci\u00f3n Nacional y Expo Madera 2024 | Nexo Informativo Santiago de Quer\u00e9taro","isPartOf":{"@id":"https:\/\/www.nexoinformativo.mx\/#website"},"primaryImageOfPage":{"@id":"https:\/\/www.nexoinformativo.mx\/index.php\/2024\/10\/18\/arranca-en-queretaro-la-convencion-nacional-y-expo-madera-2024\/#primaryimage"},"image":{"@id":"https:\/\/www.nexoinformativo.mx\/index.php\/2024\/10\/18\/arranca-en-queretaro-la-convencion-nacional-y-expo-madera-2024\/#primaryimage"},"thumbnailUrl":"https:\/\/www.nexoinformativo.mx\/wp-content\/uploads\/2024\/10\/PHOTO-2024-10-18-13-09-04-e1729281006456.jpg","datePublished":"2024-10-18T19:00:31+00:00","dateModified":"2024-10-18T19:54:02+00:00","description":"Arranca en Quer\u00e9taro la Convenci\u00f3n Nacional y Expo Madera 2024","breadcrumb":{"@id":"https:\/\/www.nexoinformativo.mx\/index.php\/2024\/10\/18\/arranca-en-queretaro-la-convencion-nacional-y-expo-madera-2024\/#breadcrumb"},"inLanguage":"es","potentialAction":[{"@type":"ReadAction","target":["https:\/\/www.nexoinformativo.mx\/index.php\/2024\/10\/18\/arranca-en-queretaro-la-convencion-nacional-y-expo-madera-2024\/"]}]},{"@type":"ImageObject","inLanguage":"es","@id":"https:\/\/www.nexoinformativo.mx\/index.php\/2024\/10\/18\/arranca-en-queretaro-la-convencion-nacional-y-expo-madera-2024\/#primaryimage","url":"https:\/\/www.nexoinformativo.mx\/wp-content\/uploads\/2024\/10\/PHOTO-2024-10-18-13-09-04-e1729281006456.jpg","contentUrl":"https:\/\/www.nexoinformativo.mx\/wp-content\/uploads\/2024\/10\/PHOTO-2024-10-18-13-09-04-e1729281006456.jpg","width":800,"height":1000},{"@type":"BreadcrumbList","@id":"https:\/\/www.nexoinformativo.mx\/index.php\/2024\/10\/18\/arranca-en-queretaro-la-convencion-nacional-y-expo-madera-2024\/#breadcrumb","itemListElement":[{"@type":"ListItem","position":1,"name":"Inicio","item":"https:\/\/www.nexoinformativo.mx\/"},{"@type":"ListItem","position":2,"name":"Arranca en Quer\u00e9taro la Convenci\u00f3n Nacional y Expo Madera 2024"}]},{"@type":"WebSite","@id":"https:\/\/www.nexoinformativo.mx\/#website","url":"https:\/\/www.nexoinformativo.mx\/","name":"Nexo Informativo Santiago de Quer\u00e9taro","description":"Explora NexoInformativo y convi\u00e9rtete en parte de una comunidad que valora el conocimiento y la verdad. Tu nexoinformativo es tu puente hacia una comprensi\u00f3n m\u00e1s profunda del mundo que te rodea.","publisher":{"@id":"https:\/\/www.nexoinformativo.mx\/#organization"},"potentialAction":[{"@type":"SearchAction","target":{"@type":"EntryPoint","urlTemplate":"https:\/\/www.nexoinformativo.mx\/?s={search_term_string}"},"query-input":{"@type":"PropertyValueSpecification","valueRequired":true,"valueName":"search_term_string"}}],"inLanguage":"es"},{"@type":"Organization","@id":"https:\/\/www.nexoinformativo.mx\/#organization","name":"Nexo Informativo Santiago de Quer\u00e9taro","url":"https:\/\/www.nexoinformativo.mx\/","logo":{"@type":"ImageObject","inLanguage":"es","@id":"https:\/\/www.nexoinformativo.mx\/#\/schema\/logo\/image\/","url":"https:\/\/www.nexoinformativo.mx\/wp-content\/uploads\/2024\/07\/nexoi-trasparente-2.png","contentUrl":"https:\/\/www.nexoinformativo.mx\/wp-content\/uploads\/2024\/07\/nexoi-trasparente-2.png","width":816,"height":339,"caption":"Nexo Informativo Santiago de Quer\u00e9taro"},"image":{"@id":"https:\/\/www.nexoinformativo.mx\/#\/schema\/logo\/image\/"},"sameAs":["https:\/\/www.facebook.com\/people\/Nexo-Informativo\/61564066885511\/"]},{"@type":"Person","@id":"https:\/\/www.nexoinformativo.mx\/#\/schema\/person\/7749d380ba08c8ca00d7bc76fd907b7d","name":"Nexo Informativo","image":{"@type":"ImageObject","inLanguage":"es","@id":"https:\/\/www.nexoinformativo.mx\/#\/schema\/person\/image\/","url":"https:\/\/secure.gravatar.com\/avatar\/dde2928154642a13d95f87ddf1ea9718fe2b46760a005c53e41ff5ad610704e6?s=96&d=mm&r=g","contentUrl":"https:\/\/secure.gravatar.com\/avatar\/dde2928154642a13d95f87ddf1ea9718fe2b46760a005c53e41ff5ad610704e6?s=96&d=mm&r=g","caption":"Nexo Informativo"},"url":"https:\/\/www.nexoinformativo.mx\/index.php\/author\/edicion\/"}]}},"_links":{"self":[{"href":"https:\/\/www.nexoinformativo.mx\/index.php\/wp-json\/wp\/v2\/posts\/3828","targetHints":{"allow":["GET"]}}],"collection":[{"href":"https:\/\/www.nexoinformativo.mx\/index.php\/wp-json\/wp\/v2\/posts"}],"about":[{"href":"https:\/\/www.nexoinformativo.mx\/index.php\/wp-json\/wp\/v2\/types\/post"}],"author":[{"embeddable":true,"href":"https:\/\/www.nexoinformativo.mx\/index.php\/wp-json\/wp\/v2\/users\/3"}],"replies":[{"embeddable":true,"href":"https:\/\/www.nexoinformativo.mx\/index.php\/wp-json\/wp\/v2\/comments?post=3828"}],"version-history":[{"count":4,"href":"https:\/\/www.nexoinformativo.mx\/index.php\/wp-json\/wp\/v2\/posts\/3828\/revisions"}],"predecessor-version":[{"id":3831,"href":"https:\/\/www.nexoinformativo.mx\/index.php\/wp-json\/wp\/v2\/posts\/3828\/revisions\/3831"}],"wp:featuredmedia":[{"embeddable":true,"href":"https:\/\/www.nexoinformativo.mx\/index.php\/wp-json\/wp\/v2\/media\/3829"}],"wp:attachment":[{"href":"https:\/\/www.nexoinformativo.mx\/index.php\/wp-json\/wp\/v2\/media?parent=3828"}],"wp:term":[{"taxonomy":"category","embeddable":true,"href":"https:\/\/www.nexoinformativo.mx\/index.php\/wp-json\/wp\/v2\/categories?post=3828"},{"taxonomy":"post_tag","embeddable":true,"href":"https:\/\/www.nexoinformativo.mx\/index.php\/wp-json\/wp\/v2\/tags?post=3828"}],"curies":[{"name":"wp","href":"https:\/\/api.w.org\/{rel}","templated":true}]}}