{"id":3841,"date":"2024-10-19T07:00:41","date_gmt":"2024-10-19T13:00:41","guid":{"rendered":"https:\/\/www.nexoinformativo.mx\/?p=3841"},"modified":"2024-10-19T08:58:21","modified_gmt":"2024-10-19T14:58:21","slug":"el-peso-mexicano-sufre-su-peor-caida-semanal-desde-agosto-retrocede-2-2","status":"publish","type":"post","link":"https:\/\/www.nexoinformativo.mx\/index.php\/2024\/10\/19\/el-peso-mexicano-sufre-su-peor-caida-semanal-desde-agosto-retrocede-2-2\/","title":{"rendered":"El peso mexicano sufre su peor ca\u00edda semanal desde Agosto, retrocede 2.2%\u00a0"},"content":{"rendered":"<div dir=\"auto\" style=\"text-align: justify;\">\n<p>El peso mexicano ha registrado un retroceso semanal su peor desempe\u00f1o desde finales de agosto. Este descenso se ha visto impulsado por el nerviosismo que genera la posibilidad de un triunfo de Donald Trump en las pr\u00f3ximas elecciones presidenciales de Estados Unidos.<\/p>\n<p>Mientras tanto, el d\u00f3lar estadounidense ha comenzado a caer tras cinco d\u00edas consecutivos de ganancias, por el riesgo en los mercados. Este cambio se debe, en parte, a las recientes medidas de est\u00edmulo implementadas por China, que han impulsado la renta variable a nivel global, especialmente las acciones chinas.<\/p>\n<div dir=\"auto\" style=\"text-align: justify;\">\n<p>El expresidente Trump ha manifestado su intenci\u00f3n de imponer aranceles superiores al 200% a los veh\u00edculos importados de M\u00e9xico en caso de ganar las elecciones. Esta declaraci\u00f3n ha generado una ola de volatilidad en el peso, dado que el sector automotriz es crucial para la econom\u00eda mexicana.<\/p>\n<div dir=\"auto\" style=\"text-align: justify;\">\n<p>Al cierre del d\u00eda, el peso mexicano cotizaba alrededor de <strong>$19.88<\/strong> por d\u00f3lar, con una ca\u00edda de 0.25%. Esto es notable, ya que la moneda hab\u00eda operado brevemente por encima de la barrera de 20 unidades el jueves, un nivel que no se hab\u00eda visto desde mediados de septiembre. El panorama no es alentador para otras monedas de Am\u00e9rica Latina, que tambi\u00e9n cerraron con bajas, a pesar del retroceso del d\u00f3lar en el mercado global.<\/p>\n<div dir=\"auto\" style=\"text-align: justify;\">\n<p>En este contexto, el presidente del Banco de la Reserva Federal, Raphael Bostic, ha se\u00f1alado que ser\u00e1 paciente en la toma de decisiones sobre las tasas de inter\u00e9s, para evitar que la inflaci\u00f3n se mantenga por encima del objetivo del 2% establecido por el banco central.<\/p>\n<div dir=\"auto\" style=\"text-align: justify;\">\n<p>&nbsp;<\/p>\n<div dir=\"auto\" style=\"text-align: center;\"><em><strong>\u00a1Informaci\u00f3n que transforma!<\/strong><\/em><\/div>\n<\/div>\n<\/div>\n<\/div>\n<\/div>\n<\/div>\n","protected":false},"excerpt":{"rendered":"<p>El peso mexicano ha registrado un retroceso semanal su peor desempe\u00f1o desde finales de agosto.<\/p>\n","protected":false},"author":3,"featured_media":3842,"comment_status":"open","ping_status":"open","sticky":false,"template":"","format":"standard","meta":{"footnotes":""},"categories":[5,58],"tags":[1455,1110,1312,1456],"class_list":["post-3841","post","type-post","status-publish","format-standard","has-post-thumbnail","hentry","category-economia","category-ultima-hora","tag-economiamx","tag-mercadosfinancieros","tag-pesomexicano","tag-trump2024"],"yoast_head":"<!-- This site is optimized with the Yoast SEO plugin v25.0 - https:\/\/yoast.com\/wordpress\/plugins\/seo\/ -->\n<title>El peso mexicano sufre su peor ca\u00edda semanal desde Agosto, retrocede 2.2%\u00a0 | Nexo Informativo Santiago de Quer\u00e9taro<\/title>\n<meta name=\"description\" content=\"El peso mexicano sufre su peor ca\u00edda semanal desde Agosto, retrocede 2.2%\u00a0\" \/>\n<meta name=\"robots\" content=\"index, follow, max-snippet:-1, max-image-preview:large, max-video-preview:-1\" \/>\n<link rel=\"canonical\" href=\"https:\/\/www.nexoinformativo.mx\/index.php\/2024\/10\/19\/el-peso-mexicano-sufre-su-peor-caida-semanal-desde-agosto-retrocede-2-2\/\" \/>\n<meta property=\"og:locale\" content=\"es_MX\" \/>\n<meta property=\"og:type\" content=\"article\" \/>\n<meta property=\"og:title\" content=\"El peso mexicano sufre su peor ca\u00edda semanal desde Agosto, retrocede 2.2%\u00a0 | Nexo Informativo Santiago de Quer\u00e9taro\" \/>\n<meta property=\"og:description\" content=\"El peso mexicano sufre su peor ca\u00edda semanal desde Agosto, retrocede 2.2%\u00a0\" \/>\n<meta property=\"og:url\" content=\"https:\/\/www.nexoinformativo.mx\/index.php\/2024\/10\/19\/el-peso-mexicano-sufre-su-peor-caida-semanal-desde-agosto-retrocede-2-2\/\" \/>\n<meta property=\"og:site_name\" content=\"Nexo Informativo Santiago de Quer\u00e9taro\" \/>\n<meta property=\"article:publisher\" content=\"https:\/\/www.facebook.com\/people\/Nexo-Informativo\/61564066885511\/\" \/>\n<meta property=\"article:published_time\" content=\"2024-10-19T13:00:41+00:00\" \/>\n<meta property=\"article:modified_time\" content=\"2024-10-19T14:58:21+00:00\" \/>\n<meta property=\"og:image\" content=\"https:\/\/www.nexoinformativo.mx\/wp-content\/uploads\/2024\/10\/PHOTO-2024-10-19-08-33-04-e1729349131368.jpg\" \/>\n\t<meta property=\"og:image:width\" content=\"800\" \/>\n\t<meta property=\"og:image:height\" content=\"1200\" \/>\n\t<meta property=\"og:image:type\" content=\"image\/jpeg\" \/>\n<meta name=\"author\" content=\"Nexo Informativo\" \/>\n<meta name=\"twitter:card\" content=\"summary_large_image\" \/>\n<meta name=\"twitter:label1\" content=\"Escrito por\" \/>\n\t<meta name=\"twitter:data1\" content=\"Nexo Informativo\" \/>\n\t<meta name=\"twitter:label2\" content=\"Tiempo de lectura\" \/>\n\t<meta name=\"twitter:data2\" content=\"2 minutos\" \/>\n<script type=\"application\/ld+json\" class=\"yoast-schema-graph\">{\"@context\":\"https:\/\/schema.org\",\"@graph\":[{\"@type\":\"Article\",\"@id\":\"https:\/\/www.nexoinformativo.mx\/index.php\/2024\/10\/19\/el-peso-mexicano-sufre-su-peor-caida-semanal-desde-agosto-retrocede-2-2\/#article\",\"isPartOf\":{\"@id\":\"https:\/\/www.nexoinformativo.mx\/index.php\/2024\/10\/19\/el-peso-mexicano-sufre-su-peor-caida-semanal-desde-agosto-retrocede-2-2\/\"},\"author\":{\"name\":\"Nexo Informativo\",\"@id\":\"https:\/\/www.nexoinformativo.mx\/#\/schema\/person\/7749d380ba08c8ca00d7bc76fd907b7d\"},\"headline\":\"El peso mexicano sufre su peor ca\u00edda semanal desde Agosto, retrocede 2.2%\u00a0\",\"datePublished\":\"2024-10-19T13:00:41+00:00\",\"dateModified\":\"2024-10-19T14:58:21+00:00\",\"mainEntityOfPage\":{\"@id\":\"https:\/\/www.nexoinformativo.mx\/index.php\/2024\/10\/19\/el-peso-mexicano-sufre-su-peor-caida-semanal-desde-agosto-retrocede-2-2\/\"},\"wordCount\":292,\"commentCount\":0,\"publisher\":{\"@id\":\"https:\/\/www.nexoinformativo.mx\/#organization\"},\"image\":{\"@id\":\"https:\/\/www.nexoinformativo.mx\/index.php\/2024\/10\/19\/el-peso-mexicano-sufre-su-peor-caida-semanal-desde-agosto-retrocede-2-2\/#primaryimage\"},\"thumbnailUrl\":\"https:\/\/www.nexoinformativo.mx\/wp-content\/uploads\/2024\/10\/PHOTO-2024-10-19-08-33-04-e1729349131368.jpg\",\"keywords\":[\"Econom\u00edaMX\",\"MercadosFinancieros\",\"PesoMexicano\",\"Trump2024\"],\"articleSection\":[\"Econom\u00eda\",\"\u00daltima Hora\"],\"inLanguage\":\"es\",\"potentialAction\":[{\"@type\":\"CommentAction\",\"name\":\"Comment\",\"target\":[\"https:\/\/www.nexoinformativo.mx\/index.php\/2024\/10\/19\/el-peso-mexicano-sufre-su-peor-caida-semanal-desde-agosto-retrocede-2-2\/#respond\"]}]},{\"@type\":\"WebPage\",\"@id\":\"https:\/\/www.nexoinformativo.mx\/index.php\/2024\/10\/19\/el-peso-mexicano-sufre-su-peor-caida-semanal-desde-agosto-retrocede-2-2\/\",\"url\":\"https:\/\/www.nexoinformativo.mx\/index.php\/2024\/10\/19\/el-peso-mexicano-sufre-su-peor-caida-semanal-desde-agosto-retrocede-2-2\/\",\"name\":\"El peso mexicano sufre su peor ca\u00edda semanal desde Agosto, retrocede 2.2%\u00a0 | Nexo Informativo Santiago de Quer\u00e9taro\",\"isPartOf\":{\"@id\":\"https:\/\/www.nexoinformativo.mx\/#website\"},\"primaryImageOfPage\":{\"@id\":\"https:\/\/www.nexoinformativo.mx\/index.php\/2024\/10\/19\/el-peso-mexicano-sufre-su-peor-caida-semanal-desde-agosto-retrocede-2-2\/#primaryimage\"},\"image\":{\"@id\":\"https:\/\/www.nexoinformativo.mx\/index.php\/2024\/10\/19\/el-peso-mexicano-sufre-su-peor-caida-semanal-desde-agosto-retrocede-2-2\/#primaryimage\"},\"thumbnailUrl\":\"https:\/\/www.nexoinformativo.mx\/wp-content\/uploads\/2024\/10\/PHOTO-2024-10-19-08-33-04-e1729349131368.jpg\",\"datePublished\":\"2024-10-19T13:00:41+00:00\",\"dateModified\":\"2024-10-19T14:58:21+00:00\",\"description\":\"El peso mexicano sufre su peor ca\u00edda semanal desde Agosto, retrocede 2.2%\u00a0\",\"breadcrumb\":{\"@id\":\"https:\/\/www.nexoinformativo.mx\/index.php\/2024\/10\/19\/el-peso-mexicano-sufre-su-peor-caida-semanal-desde-agosto-retrocede-2-2\/#breadcrumb\"},\"inLanguage\":\"es\",\"potentialAction\":[{\"@type\":\"ReadAction\",\"target\":[\"https:\/\/www.nexoinformativo.mx\/index.php\/2024\/10\/19\/el-peso-mexicano-sufre-su-peor-caida-semanal-desde-agosto-retrocede-2-2\/\"]}]},{\"@type\":\"ImageObject\",\"inLanguage\":\"es\",\"@id\":\"https:\/\/www.nexoinformativo.mx\/index.php\/2024\/10\/19\/el-peso-mexicano-sufre-su-peor-caida-semanal-desde-agosto-retrocede-2-2\/#primaryimage\",\"url\":\"https:\/\/www.nexoinformativo.mx\/wp-content\/uploads\/2024\/10\/PHOTO-2024-10-19-08-33-04-e1729349131368.jpg\",\"contentUrl\":\"https:\/\/www.nexoinformativo.mx\/wp-content\/uploads\/2024\/10\/PHOTO-2024-10-19-08-33-04-e1729349131368.jpg\",\"width\":800,\"height\":1200},{\"@type\":\"BreadcrumbList\",\"@id\":\"https:\/\/www.nexoinformativo.mx\/index.php\/2024\/10\/19\/el-peso-mexicano-sufre-su-peor-caida-semanal-desde-agosto-retrocede-2-2\/#breadcrumb\",\"itemListElement\":[{\"@type\":\"ListItem\",\"position\":1,\"name\":\"Inicio\",\"item\":\"https:\/\/www.nexoinformativo.mx\/\"},{\"@type\":\"ListItem\",\"position\":2,\"name\":\"El peso mexicano sufre su peor ca\u00edda semanal desde Agosto, retrocede 2.2%\u00a0\"}]},{\"@type\":\"WebSite\",\"@id\":\"https:\/\/www.nexoinformativo.mx\/#website\",\"url\":\"https:\/\/www.nexoinformativo.mx\/\",\"name\":\"Nexo Informativo Santiago de Quer\u00e9taro\",\"description\":\"Explora NexoInformativo y convi\u00e9rtete en parte de una comunidad que valora el conocimiento y la verdad. Tu nexoinformativo es tu puente hacia una comprensi\u00f3n m\u00e1s profunda del mundo que te rodea.\",\"publisher\":{\"@id\":\"https:\/\/www.nexoinformativo.mx\/#organization\"},\"potentialAction\":[{\"@type\":\"SearchAction\",\"target\":{\"@type\":\"EntryPoint\",\"urlTemplate\":\"https:\/\/www.nexoinformativo.mx\/?s={search_term_string}\"},\"query-input\":{\"@type\":\"PropertyValueSpecification\",\"valueRequired\":true,\"valueName\":\"search_term_string\"}}],\"inLanguage\":\"es\"},{\"@type\":\"Organization\",\"@id\":\"https:\/\/www.nexoinformativo.mx\/#organization\",\"name\":\"Nexo Informativo Santiago de Quer\u00e9taro\",\"url\":\"https:\/\/www.nexoinformativo.mx\/\",\"logo\":{\"@type\":\"ImageObject\",\"inLanguage\":\"es\",\"@id\":\"https:\/\/www.nexoinformativo.mx\/#\/schema\/logo\/image\/\",\"url\":\"https:\/\/www.nexoinformativo.mx\/wp-content\/uploads\/2024\/07\/nexoi-trasparente-2.png\",\"contentUrl\":\"https:\/\/www.nexoinformativo.mx\/wp-content\/uploads\/2024\/07\/nexoi-trasparente-2.png\",\"width\":816,\"height\":339,\"caption\":\"Nexo Informativo Santiago de Quer\u00e9taro\"},\"image\":{\"@id\":\"https:\/\/www.nexoinformativo.mx\/#\/schema\/logo\/image\/\"},\"sameAs\":[\"https:\/\/www.facebook.com\/people\/Nexo-Informativo\/61564066885511\/\"]},{\"@type\":\"Person\",\"@id\":\"https:\/\/www.nexoinformativo.mx\/#\/schema\/person\/7749d380ba08c8ca00d7bc76fd907b7d\",\"name\":\"Nexo Informativo\",\"image\":{\"@type\":\"ImageObject\",\"inLanguage\":\"es\",\"@id\":\"https:\/\/www.nexoinformativo.mx\/#\/schema\/person\/image\/\",\"url\":\"https:\/\/secure.gravatar.com\/avatar\/dde2928154642a13d95f87ddf1ea9718fe2b46760a005c53e41ff5ad610704e6?s=96&d=mm&r=g\",\"contentUrl\":\"https:\/\/secure.gravatar.com\/avatar\/dde2928154642a13d95f87ddf1ea9718fe2b46760a005c53e41ff5ad610704e6?s=96&d=mm&r=g\",\"caption\":\"Nexo Informativo\"},\"url\":\"https:\/\/www.nexoinformativo.mx\/index.php\/author\/edicion\/\"}]}<\/script>\n<!-- \/ Yoast SEO plugin. -->","yoast_head_json":{"title":"El peso mexicano sufre su peor ca\u00edda semanal desde Agosto, retrocede 2.2%\u00a0 | Nexo Informativo Santiago de Quer\u00e9taro","description":"El peso mexicano sufre su peor ca\u00edda semanal desde Agosto, retrocede 2.2%\u00a0","robots":{"index":"index","follow":"follow","max-snippet":"max-snippet:-1","max-image-preview":"max-image-preview:large","max-video-preview":"max-video-preview:-1"},"canonical":"https:\/\/www.nexoinformativo.mx\/index.php\/2024\/10\/19\/el-peso-mexicano-sufre-su-peor-caida-semanal-desde-agosto-retrocede-2-2\/","og_locale":"es_MX","og_type":"article","og_title":"El peso mexicano sufre su peor ca\u00edda semanal desde Agosto, retrocede 2.2%\u00a0 | Nexo Informativo Santiago de Quer\u00e9taro","og_description":"El peso mexicano sufre su peor ca\u00edda semanal desde Agosto, retrocede 2.2%\u00a0","og_url":"https:\/\/www.nexoinformativo.mx\/index.php\/2024\/10\/19\/el-peso-mexicano-sufre-su-peor-caida-semanal-desde-agosto-retrocede-2-2\/","og_site_name":"Nexo Informativo Santiago de Quer\u00e9taro","article_publisher":"https:\/\/www.facebook.com\/people\/Nexo-Informativo\/61564066885511\/","article_published_time":"2024-10-19T13:00:41+00:00","article_modified_time":"2024-10-19T14:58:21+00:00","og_image":[{"width":800,"height":1200,"url":"https:\/\/www.nexoinformativo.mx\/wp-content\/uploads\/2024\/10\/PHOTO-2024-10-19-08-33-04-e1729349131368.jpg","type":"image\/jpeg"}],"author":"Nexo Informativo","twitter_card":"summary_large_image","twitter_misc":{"Escrito por":"Nexo Informativo","Tiempo de lectura":"2 minutos"},"schema":{"@context":"https:\/\/schema.org","@graph":[{"@type":"Article","@id":"https:\/\/www.nexoinformativo.mx\/index.php\/2024\/10\/19\/el-peso-mexicano-sufre-su-peor-caida-semanal-desde-agosto-retrocede-2-2\/#article","isPartOf":{"@id":"https:\/\/www.nexoinformativo.mx\/index.php\/2024\/10\/19\/el-peso-mexicano-sufre-su-peor-caida-semanal-desde-agosto-retrocede-2-2\/"},"author":{"name":"Nexo Informativo","@id":"https:\/\/www.nexoinformativo.mx\/#\/schema\/person\/7749d380ba08c8ca00d7bc76fd907b7d"},"headline":"El peso mexicano sufre su peor ca\u00edda semanal desde Agosto, retrocede 2.2%\u00a0","datePublished":"2024-10-19T13:00:41+00:00","dateModified":"2024-10-19T14:58:21+00:00","mainEntityOfPage":{"@id":"https:\/\/www.nexoinformativo.mx\/index.php\/2024\/10\/19\/el-peso-mexicano-sufre-su-peor-caida-semanal-desde-agosto-retrocede-2-2\/"},"wordCount":292,"commentCount":0,"publisher":{"@id":"https:\/\/www.nexoinformativo.mx\/#organization"},"image":{"@id":"https:\/\/www.nexoinformativo.mx\/index.php\/2024\/10\/19\/el-peso-mexicano-sufre-su-peor-caida-semanal-desde-agosto-retrocede-2-2\/#primaryimage"},"thumbnailUrl":"https:\/\/www.nexoinformativo.mx\/wp-content\/uploads\/2024\/10\/PHOTO-2024-10-19-08-33-04-e1729349131368.jpg","keywords":["Econom\u00edaMX","MercadosFinancieros","PesoMexicano","Trump2024"],"articleSection":["Econom\u00eda","\u00daltima Hora"],"inLanguage":"es","potentialAction":[{"@type":"CommentAction","name":"Comment","target":["https:\/\/www.nexoinformativo.mx\/index.php\/2024\/10\/19\/el-peso-mexicano-sufre-su-peor-caida-semanal-desde-agosto-retrocede-2-2\/#respond"]}]},{"@type":"WebPage","@id":"https:\/\/www.nexoinformativo.mx\/index.php\/2024\/10\/19\/el-peso-mexicano-sufre-su-peor-caida-semanal-desde-agosto-retrocede-2-2\/","url":"https:\/\/www.nexoinformativo.mx\/index.php\/2024\/10\/19\/el-peso-mexicano-sufre-su-peor-caida-semanal-desde-agosto-retrocede-2-2\/","name":"El peso mexicano sufre su peor ca\u00edda semanal desde Agosto, retrocede 2.2%\u00a0 | Nexo Informativo Santiago de Quer\u00e9taro","isPartOf":{"@id":"https:\/\/www.nexoinformativo.mx\/#website"},"primaryImageOfPage":{"@id":"https:\/\/www.nexoinformativo.mx\/index.php\/2024\/10\/19\/el-peso-mexicano-sufre-su-peor-caida-semanal-desde-agosto-retrocede-2-2\/#primaryimage"},"image":{"@id":"https:\/\/www.nexoinformativo.mx\/index.php\/2024\/10\/19\/el-peso-mexicano-sufre-su-peor-caida-semanal-desde-agosto-retrocede-2-2\/#primaryimage"},"thumbnailUrl":"https:\/\/www.nexoinformativo.mx\/wp-content\/uploads\/2024\/10\/PHOTO-2024-10-19-08-33-04-e1729349131368.jpg","datePublished":"2024-10-19T13:00:41+00:00","dateModified":"2024-10-19T14:58:21+00:00","description":"El peso mexicano sufre su peor ca\u00edda semanal desde Agosto, retrocede 2.2%\u00a0","breadcrumb":{"@id":"https:\/\/www.nexoinformativo.mx\/index.php\/2024\/10\/19\/el-peso-mexicano-sufre-su-peor-caida-semanal-desde-agosto-retrocede-2-2\/#breadcrumb"},"inLanguage":"es","potentialAction":[{"@type":"ReadAction","target":["https:\/\/www.nexoinformativo.mx\/index.php\/2024\/10\/19\/el-peso-mexicano-sufre-su-peor-caida-semanal-desde-agosto-retrocede-2-2\/"]}]},{"@type":"ImageObject","inLanguage":"es","@id":"https:\/\/www.nexoinformativo.mx\/index.php\/2024\/10\/19\/el-peso-mexicano-sufre-su-peor-caida-semanal-desde-agosto-retrocede-2-2\/#primaryimage","url":"https:\/\/www.nexoinformativo.mx\/wp-content\/uploads\/2024\/10\/PHOTO-2024-10-19-08-33-04-e1729349131368.jpg","contentUrl":"https:\/\/www.nexoinformativo.mx\/wp-content\/uploads\/2024\/10\/PHOTO-2024-10-19-08-33-04-e1729349131368.jpg","width":800,"height":1200},{"@type":"BreadcrumbList","@id":"https:\/\/www.nexoinformativo.mx\/index.php\/2024\/10\/19\/el-peso-mexicano-sufre-su-peor-caida-semanal-desde-agosto-retrocede-2-2\/#breadcrumb","itemListElement":[{"@type":"ListItem","position":1,"name":"Inicio","item":"https:\/\/www.nexoinformativo.mx\/"},{"@type":"ListItem","position":2,"name":"El peso mexicano sufre su peor ca\u00edda semanal desde Agosto, retrocede 2.2%\u00a0"}]},{"@type":"WebSite","@id":"https:\/\/www.nexoinformativo.mx\/#website","url":"https:\/\/www.nexoinformativo.mx\/","name":"Nexo Informativo Santiago de Quer\u00e9taro","description":"Explora NexoInformativo y convi\u00e9rtete en parte de una comunidad que valora el conocimiento y la verdad. Tu nexoinformativo es tu puente hacia una comprensi\u00f3n m\u00e1s profunda del mundo que te rodea.","publisher":{"@id":"https:\/\/www.nexoinformativo.mx\/#organization"},"potentialAction":[{"@type":"SearchAction","target":{"@type":"EntryPoint","urlTemplate":"https:\/\/www.nexoinformativo.mx\/?s={search_term_string}"},"query-input":{"@type":"PropertyValueSpecification","valueRequired":true,"valueName":"search_term_string"}}],"inLanguage":"es"},{"@type":"Organization","@id":"https:\/\/www.nexoinformativo.mx\/#organization","name":"Nexo Informativo Santiago de Quer\u00e9taro","url":"https:\/\/www.nexoinformativo.mx\/","logo":{"@type":"ImageObject","inLanguage":"es","@id":"https:\/\/www.nexoinformativo.mx\/#\/schema\/logo\/image\/","url":"https:\/\/www.nexoinformativo.mx\/wp-content\/uploads\/2024\/07\/nexoi-trasparente-2.png","contentUrl":"https:\/\/www.nexoinformativo.mx\/wp-content\/uploads\/2024\/07\/nexoi-trasparente-2.png","width":816,"height":339,"caption":"Nexo Informativo Santiago de Quer\u00e9taro"},"image":{"@id":"https:\/\/www.nexoinformativo.mx\/#\/schema\/logo\/image\/"},"sameAs":["https:\/\/www.facebook.com\/people\/Nexo-Informativo\/61564066885511\/"]},{"@type":"Person","@id":"https:\/\/www.nexoinformativo.mx\/#\/schema\/person\/7749d380ba08c8ca00d7bc76fd907b7d","name":"Nexo Informativo","image":{"@type":"ImageObject","inLanguage":"es","@id":"https:\/\/www.nexoinformativo.mx\/#\/schema\/person\/image\/","url":"https:\/\/secure.gravatar.com\/avatar\/dde2928154642a13d95f87ddf1ea9718fe2b46760a005c53e41ff5ad610704e6?s=96&d=mm&r=g","contentUrl":"https:\/\/secure.gravatar.com\/avatar\/dde2928154642a13d95f87ddf1ea9718fe2b46760a005c53e41ff5ad610704e6?s=96&d=mm&r=g","caption":"Nexo Informativo"},"url":"https:\/\/www.nexoinformativo.mx\/index.php\/author\/edicion\/"}]}},"_links":{"self":[{"href":"https:\/\/www.nexoinformativo.mx\/index.php\/wp-json\/wp\/v2\/posts\/3841","targetHints":{"allow":["GET"]}}],"collection":[{"href":"https:\/\/www.nexoinformativo.mx\/index.php\/wp-json\/wp\/v2\/posts"}],"about":[{"href":"https:\/\/www.nexoinformativo.mx\/index.php\/wp-json\/wp\/v2\/types\/post"}],"author":[{"embeddable":true,"href":"https:\/\/www.nexoinformativo.mx\/index.php\/wp-json\/wp\/v2\/users\/3"}],"replies":[{"embeddable":true,"href":"https:\/\/www.nexoinformativo.mx\/index.php\/wp-json\/wp\/v2\/comments?post=3841"}],"version-history":[{"count":6,"href":"https:\/\/www.nexoinformativo.mx\/index.php\/wp-json\/wp\/v2\/posts\/3841\/revisions"}],"predecessor-version":[{"id":3857,"href":"https:\/\/www.nexoinformativo.mx\/index.php\/wp-json\/wp\/v2\/posts\/3841\/revisions\/3857"}],"wp:featuredmedia":[{"embeddable":true,"href":"https:\/\/www.nexoinformativo.mx\/index.php\/wp-json\/wp\/v2\/media\/3842"}],"wp:attachment":[{"href":"https:\/\/www.nexoinformativo.mx\/index.php\/wp-json\/wp\/v2\/media?parent=3841"}],"wp:term":[{"taxonomy":"category","embeddable":true,"href":"https:\/\/www.nexoinformativo.mx\/index.php\/wp-json\/wp\/v2\/categories?post=3841"},{"taxonomy":"post_tag","embeddable":true,"href":"https:\/\/www.nexoinformativo.mx\/index.php\/wp-json\/wp\/v2\/tags?post=3841"}],"curies":[{"name":"wp","href":"https:\/\/api.w.org\/{rel}","templated":true}]}}