{"id":3849,"date":"2024-10-19T07:00:41","date_gmt":"2024-10-19T13:00:41","guid":{"rendered":"https:\/\/www.nexoinformativo.mx\/?p=3849"},"modified":"2024-10-19T09:11:11","modified_gmt":"2024-10-19T15:11:11","slug":"cfe-anuncia-cortes-de-energia-para-el-domingo-en-paseo-5-de-febrero","status":"publish","type":"post","link":"https:\/\/www.nexoinformativo.mx\/index.php\/2024\/10\/19\/cfe-anuncia-cortes-de-energia-para-el-domingo-en-paseo-5-de-febrero\/","title":{"rendered":"CFE Anuncia cortes de energ\u00eda para el domingo en Paseo 5 de Febrero\u00a0"},"content":{"rendered":"<div dir=\"auto\" style=\"text-align: justify;\">\n<p>La Comisi\u00f3n Federal de Electricidad (CFE) ha informado sobre cortes programados de energ\u00eda el\u00e9ctrica que afectar\u00e1n el \u00e1rea de Paseo 5 de Febrero este domingo. Los trabajos se realizar\u00e1n en el cableado subterr\u00e1neo y se extender\u00e1n durante seis horas, desde las 10:00 hasta las 17:00 horas.<\/p>\n<p>El corte de suministro el\u00e9ctrico impactar\u00e1 tanto en media como en baja tensi\u00f3n en la zona que abarca desde Avenida Zaragoza hasta Prolongaci\u00f3n Tecnol\u00f3gico y la Colonia La Piedad. Este mantenimiento es esencial para garantizar el buen funcionamiento de la infraestructura de distribuci\u00f3n el\u00e9ctrica.<\/p>\n<div dir=\"auto\" style=\"text-align: justify;\">\n<p>La CFE ha se\u00f1alado que, si los trabajos se finalizan antes de lo previsto, el servicio podr\u00eda restablecerse sin previo aviso. Por ello, la empresa recomienda a los habitantes y negocios de las \u00e1reas afectadas que tomen las precauciones necesarias para minimizar cualquier inconveniente que la suspensi\u00f3n de energ\u00eda pueda ocasionar.<\/p>\n<div dir=\"auto\" style=\"text-align: justify;\">\n<div dir=\"auto\" style=\"text-align: justify;\">\n<p>Los usuarios pueden estar tranquilos, ya que la CFE se compromete a realizar los trabajos con la mayor eficiencia posible para restablecer el servicio en el menor tiempo.<\/p>\n<div dir=\"auto\" style=\"text-align: center;\"><em><strong>\u00a1Informaci\u00f3n que transforma!<\/strong><\/em><\/div>\n<\/div>\n<\/div>\n<\/div>\n<\/div>\n","protected":false},"excerpt":{"rendered":"<p>La Comisi\u00f3n Federal de Electricidad (CFE) ha informado sobre cortes programados de energ\u00eda el\u00e9ctrica que afectar\u00e1n el \u00e1rea de Paseo 5 de Febrero este domingo.<\/p>\n","protected":false},"author":3,"featured_media":3852,"comment_status":"open","ping_status":"open","sticky":false,"template":"","format":"standard","meta":{"footnotes":""},"categories":[65],"tags":[1457,1458,1459,1460],"class_list":["post-3849","post","type-post","status-publish","format-standard","has-post-thumbnail","hentry","category-municipios","tag-cfe","tag-cortesdeenergia","tag-mantenimiento","tag-paseo5defebrero"],"yoast_head":"<!-- This site is optimized with the Yoast SEO plugin v25.0 - https:\/\/yoast.com\/wordpress\/plugins\/seo\/ -->\n<title>CFE Anuncia cortes de energ\u00eda para el domingo en Paseo 5 de Febrero\u00a0 | Nexo Informativo Santiago de Quer\u00e9taro<\/title>\n<meta name=\"description\" content=\"CFE Anuncia cortes de energ\u00eda para el domingo en Paseo 5 de Febrero\u00a0\" \/>\n<meta name=\"robots\" content=\"index, follow, max-snippet:-1, max-image-preview:large, max-video-preview:-1\" \/>\n<link rel=\"canonical\" href=\"https:\/\/www.nexoinformativo.mx\/index.php\/2024\/10\/19\/cfe-anuncia-cortes-de-energia-para-el-domingo-en-paseo-5-de-febrero\/\" \/>\n<meta property=\"og:locale\" content=\"es_MX\" \/>\n<meta property=\"og:type\" content=\"article\" \/>\n<meta property=\"og:title\" content=\"CFE Anuncia cortes de energ\u00eda para el domingo en Paseo 5 de Febrero\u00a0 | Nexo Informativo Santiago de Quer\u00e9taro\" \/>\n<meta property=\"og:description\" content=\"CFE Anuncia cortes de energ\u00eda para el domingo en Paseo 5 de Febrero\u00a0\" \/>\n<meta property=\"og:url\" content=\"https:\/\/www.nexoinformativo.mx\/index.php\/2024\/10\/19\/cfe-anuncia-cortes-de-energia-para-el-domingo-en-paseo-5-de-febrero\/\" \/>\n<meta property=\"og:site_name\" content=\"Nexo Informativo Santiago de Quer\u00e9taro\" \/>\n<meta property=\"article:publisher\" content=\"https:\/\/www.facebook.com\/people\/Nexo-Informativo\/61564066885511\/\" \/>\n<meta property=\"article:published_time\" content=\"2024-10-19T13:00:41+00:00\" \/>\n<meta property=\"article:modified_time\" content=\"2024-10-19T15:11:11+00:00\" \/>\n<meta property=\"og:image\" content=\"https:\/\/www.nexoinformativo.mx\/wp-content\/uploads\/2024\/10\/IMG_7010-e1729349706419.jpg\" \/>\n\t<meta property=\"og:image:width\" content=\"800\" \/>\n\t<meta property=\"og:image:height\" content=\"1032\" \/>\n\t<meta property=\"og:image:type\" content=\"image\/jpeg\" \/>\n<meta name=\"author\" content=\"Nexo Informativo\" \/>\n<meta name=\"twitter:card\" content=\"summary_large_image\" \/>\n<meta name=\"twitter:label1\" content=\"Escrito por\" \/>\n\t<meta name=\"twitter:data1\" content=\"Nexo Informativo\" \/>\n\t<meta name=\"twitter:label2\" content=\"Tiempo de lectura\" \/>\n\t<meta name=\"twitter:data2\" content=\"1 minuto\" \/>\n<script type=\"application\/ld+json\" class=\"yoast-schema-graph\">{\"@context\":\"https:\/\/schema.org\",\"@graph\":[{\"@type\":\"Article\",\"@id\":\"https:\/\/www.nexoinformativo.mx\/index.php\/2024\/10\/19\/cfe-anuncia-cortes-de-energia-para-el-domingo-en-paseo-5-de-febrero\/#article\",\"isPartOf\":{\"@id\":\"https:\/\/www.nexoinformativo.mx\/index.php\/2024\/10\/19\/cfe-anuncia-cortes-de-energia-para-el-domingo-en-paseo-5-de-febrero\/\"},\"author\":{\"name\":\"Nexo Informativo\",\"@id\":\"https:\/\/www.nexoinformativo.mx\/#\/schema\/person\/7749d380ba08c8ca00d7bc76fd907b7d\"},\"headline\":\"CFE Anuncia cortes de energ\u00eda para el domingo en Paseo 5 de Febrero\u00a0\",\"datePublished\":\"2024-10-19T13:00:41+00:00\",\"dateModified\":\"2024-10-19T15:11:11+00:00\",\"mainEntityOfPage\":{\"@id\":\"https:\/\/www.nexoinformativo.mx\/index.php\/2024\/10\/19\/cfe-anuncia-cortes-de-energia-para-el-domingo-en-paseo-5-de-febrero\/\"},\"wordCount\":200,\"commentCount\":0,\"publisher\":{\"@id\":\"https:\/\/www.nexoinformativo.mx\/#organization\"},\"image\":{\"@id\":\"https:\/\/www.nexoinformativo.mx\/index.php\/2024\/10\/19\/cfe-anuncia-cortes-de-energia-para-el-domingo-en-paseo-5-de-febrero\/#primaryimage\"},\"thumbnailUrl\":\"https:\/\/www.nexoinformativo.mx\/wp-content\/uploads\/2024\/10\/IMG_7010-e1729349706419.jpg\",\"keywords\":[\"CFE\",\"CortesDeEnerg\u00eda\",\"Mantenimiento\",\"Paseo5deFebrero\"],\"articleSection\":[\"Municipios\"],\"inLanguage\":\"es\",\"potentialAction\":[{\"@type\":\"CommentAction\",\"name\":\"Comment\",\"target\":[\"https:\/\/www.nexoinformativo.mx\/index.php\/2024\/10\/19\/cfe-anuncia-cortes-de-energia-para-el-domingo-en-paseo-5-de-febrero\/#respond\"]}]},{\"@type\":\"WebPage\",\"@id\":\"https:\/\/www.nexoinformativo.mx\/index.php\/2024\/10\/19\/cfe-anuncia-cortes-de-energia-para-el-domingo-en-paseo-5-de-febrero\/\",\"url\":\"https:\/\/www.nexoinformativo.mx\/index.php\/2024\/10\/19\/cfe-anuncia-cortes-de-energia-para-el-domingo-en-paseo-5-de-febrero\/\",\"name\":\"CFE Anuncia cortes de energ\u00eda para el domingo en Paseo 5 de Febrero\u00a0 | Nexo Informativo Santiago de Quer\u00e9taro\",\"isPartOf\":{\"@id\":\"https:\/\/www.nexoinformativo.mx\/#website\"},\"primaryImageOfPage\":{\"@id\":\"https:\/\/www.nexoinformativo.mx\/index.php\/2024\/10\/19\/cfe-anuncia-cortes-de-energia-para-el-domingo-en-paseo-5-de-febrero\/#primaryimage\"},\"image\":{\"@id\":\"https:\/\/www.nexoinformativo.mx\/index.php\/2024\/10\/19\/cfe-anuncia-cortes-de-energia-para-el-domingo-en-paseo-5-de-febrero\/#primaryimage\"},\"thumbnailUrl\":\"https:\/\/www.nexoinformativo.mx\/wp-content\/uploads\/2024\/10\/IMG_7010-e1729349706419.jpg\",\"datePublished\":\"2024-10-19T13:00:41+00:00\",\"dateModified\":\"2024-10-19T15:11:11+00:00\",\"description\":\"CFE Anuncia cortes de energ\u00eda para el domingo en Paseo 5 de Febrero\u00a0\",\"breadcrumb\":{\"@id\":\"https:\/\/www.nexoinformativo.mx\/index.php\/2024\/10\/19\/cfe-anuncia-cortes-de-energia-para-el-domingo-en-paseo-5-de-febrero\/#breadcrumb\"},\"inLanguage\":\"es\",\"potentialAction\":[{\"@type\":\"ReadAction\",\"target\":[\"https:\/\/www.nexoinformativo.mx\/index.php\/2024\/10\/19\/cfe-anuncia-cortes-de-energia-para-el-domingo-en-paseo-5-de-febrero\/\"]}]},{\"@type\":\"ImageObject\",\"inLanguage\":\"es\",\"@id\":\"https:\/\/www.nexoinformativo.mx\/index.php\/2024\/10\/19\/cfe-anuncia-cortes-de-energia-para-el-domingo-en-paseo-5-de-febrero\/#primaryimage\",\"url\":\"https:\/\/www.nexoinformativo.mx\/wp-content\/uploads\/2024\/10\/IMG_7010-e1729349706419.jpg\",\"contentUrl\":\"https:\/\/www.nexoinformativo.mx\/wp-content\/uploads\/2024\/10\/IMG_7010-e1729349706419.jpg\",\"width\":800,\"height\":1032,\"caption\":\"Screenshot\"},{\"@type\":\"BreadcrumbList\",\"@id\":\"https:\/\/www.nexoinformativo.mx\/index.php\/2024\/10\/19\/cfe-anuncia-cortes-de-energia-para-el-domingo-en-paseo-5-de-febrero\/#breadcrumb\",\"itemListElement\":[{\"@type\":\"ListItem\",\"position\":1,\"name\":\"Inicio\",\"item\":\"https:\/\/www.nexoinformativo.mx\/\"},{\"@type\":\"ListItem\",\"position\":2,\"name\":\"CFE Anuncia cortes de energ\u00eda para el domingo en Paseo 5 de Febrero\u00a0\"}]},{\"@type\":\"WebSite\",\"@id\":\"https:\/\/www.nexoinformativo.mx\/#website\",\"url\":\"https:\/\/www.nexoinformativo.mx\/\",\"name\":\"Nexo Informativo Santiago de Quer\u00e9taro\",\"description\":\"Explora NexoInformativo y convi\u00e9rtete en parte de una comunidad que valora el conocimiento y la verdad. Tu nexoinformativo es tu puente hacia una comprensi\u00f3n m\u00e1s profunda del mundo que te rodea.\",\"publisher\":{\"@id\":\"https:\/\/www.nexoinformativo.mx\/#organization\"},\"potentialAction\":[{\"@type\":\"SearchAction\",\"target\":{\"@type\":\"EntryPoint\",\"urlTemplate\":\"https:\/\/www.nexoinformativo.mx\/?s={search_term_string}\"},\"query-input\":{\"@type\":\"PropertyValueSpecification\",\"valueRequired\":true,\"valueName\":\"search_term_string\"}}],\"inLanguage\":\"es\"},{\"@type\":\"Organization\",\"@id\":\"https:\/\/www.nexoinformativo.mx\/#organization\",\"name\":\"Nexo Informativo Santiago de Quer\u00e9taro\",\"url\":\"https:\/\/www.nexoinformativo.mx\/\",\"logo\":{\"@type\":\"ImageObject\",\"inLanguage\":\"es\",\"@id\":\"https:\/\/www.nexoinformativo.mx\/#\/schema\/logo\/image\/\",\"url\":\"https:\/\/www.nexoinformativo.mx\/wp-content\/uploads\/2024\/07\/nexoi-trasparente-2.png\",\"contentUrl\":\"https:\/\/www.nexoinformativo.mx\/wp-content\/uploads\/2024\/07\/nexoi-trasparente-2.png\",\"width\":816,\"height\":339,\"caption\":\"Nexo Informativo Santiago de Quer\u00e9taro\"},\"image\":{\"@id\":\"https:\/\/www.nexoinformativo.mx\/#\/schema\/logo\/image\/\"},\"sameAs\":[\"https:\/\/www.facebook.com\/people\/Nexo-Informativo\/61564066885511\/\"]},{\"@type\":\"Person\",\"@id\":\"https:\/\/www.nexoinformativo.mx\/#\/schema\/person\/7749d380ba08c8ca00d7bc76fd907b7d\",\"name\":\"Nexo Informativo\",\"image\":{\"@type\":\"ImageObject\",\"inLanguage\":\"es\",\"@id\":\"https:\/\/www.nexoinformativo.mx\/#\/schema\/person\/image\/\",\"url\":\"https:\/\/secure.gravatar.com\/avatar\/dde2928154642a13d95f87ddf1ea9718fe2b46760a005c53e41ff5ad610704e6?s=96&d=mm&r=g\",\"contentUrl\":\"https:\/\/secure.gravatar.com\/avatar\/dde2928154642a13d95f87ddf1ea9718fe2b46760a005c53e41ff5ad610704e6?s=96&d=mm&r=g\",\"caption\":\"Nexo Informativo\"},\"url\":\"https:\/\/www.nexoinformativo.mx\/index.php\/author\/edicion\/\"}]}<\/script>\n<!-- \/ Yoast SEO plugin. -->","yoast_head_json":{"title":"CFE Anuncia cortes de energ\u00eda para el domingo en Paseo 5 de Febrero\u00a0 | Nexo Informativo Santiago de Quer\u00e9taro","description":"CFE Anuncia cortes de energ\u00eda para el domingo en Paseo 5 de Febrero\u00a0","robots":{"index":"index","follow":"follow","max-snippet":"max-snippet:-1","max-image-preview":"max-image-preview:large","max-video-preview":"max-video-preview:-1"},"canonical":"https:\/\/www.nexoinformativo.mx\/index.php\/2024\/10\/19\/cfe-anuncia-cortes-de-energia-para-el-domingo-en-paseo-5-de-febrero\/","og_locale":"es_MX","og_type":"article","og_title":"CFE Anuncia cortes de energ\u00eda para el domingo en Paseo 5 de Febrero\u00a0 | Nexo Informativo Santiago de Quer\u00e9taro","og_description":"CFE Anuncia cortes de energ\u00eda para el domingo en Paseo 5 de Febrero\u00a0","og_url":"https:\/\/www.nexoinformativo.mx\/index.php\/2024\/10\/19\/cfe-anuncia-cortes-de-energia-para-el-domingo-en-paseo-5-de-febrero\/","og_site_name":"Nexo Informativo Santiago de Quer\u00e9taro","article_publisher":"https:\/\/www.facebook.com\/people\/Nexo-Informativo\/61564066885511\/","article_published_time":"2024-10-19T13:00:41+00:00","article_modified_time":"2024-10-19T15:11:11+00:00","og_image":[{"width":800,"height":1032,"url":"https:\/\/www.nexoinformativo.mx\/wp-content\/uploads\/2024\/10\/IMG_7010-e1729349706419.jpg","type":"image\/jpeg"}],"author":"Nexo Informativo","twitter_card":"summary_large_image","twitter_misc":{"Escrito por":"Nexo Informativo","Tiempo de lectura":"1 minuto"},"schema":{"@context":"https:\/\/schema.org","@graph":[{"@type":"Article","@id":"https:\/\/www.nexoinformativo.mx\/index.php\/2024\/10\/19\/cfe-anuncia-cortes-de-energia-para-el-domingo-en-paseo-5-de-febrero\/#article","isPartOf":{"@id":"https:\/\/www.nexoinformativo.mx\/index.php\/2024\/10\/19\/cfe-anuncia-cortes-de-energia-para-el-domingo-en-paseo-5-de-febrero\/"},"author":{"name":"Nexo Informativo","@id":"https:\/\/www.nexoinformativo.mx\/#\/schema\/person\/7749d380ba08c8ca00d7bc76fd907b7d"},"headline":"CFE Anuncia cortes de energ\u00eda para el domingo en Paseo 5 de Febrero\u00a0","datePublished":"2024-10-19T13:00:41+00:00","dateModified":"2024-10-19T15:11:11+00:00","mainEntityOfPage":{"@id":"https:\/\/www.nexoinformativo.mx\/index.php\/2024\/10\/19\/cfe-anuncia-cortes-de-energia-para-el-domingo-en-paseo-5-de-febrero\/"},"wordCount":200,"commentCount":0,"publisher":{"@id":"https:\/\/www.nexoinformativo.mx\/#organization"},"image":{"@id":"https:\/\/www.nexoinformativo.mx\/index.php\/2024\/10\/19\/cfe-anuncia-cortes-de-energia-para-el-domingo-en-paseo-5-de-febrero\/#primaryimage"},"thumbnailUrl":"https:\/\/www.nexoinformativo.mx\/wp-content\/uploads\/2024\/10\/IMG_7010-e1729349706419.jpg","keywords":["CFE","CortesDeEnerg\u00eda","Mantenimiento","Paseo5deFebrero"],"articleSection":["Municipios"],"inLanguage":"es","potentialAction":[{"@type":"CommentAction","name":"Comment","target":["https:\/\/www.nexoinformativo.mx\/index.php\/2024\/10\/19\/cfe-anuncia-cortes-de-energia-para-el-domingo-en-paseo-5-de-febrero\/#respond"]}]},{"@type":"WebPage","@id":"https:\/\/www.nexoinformativo.mx\/index.php\/2024\/10\/19\/cfe-anuncia-cortes-de-energia-para-el-domingo-en-paseo-5-de-febrero\/","url":"https:\/\/www.nexoinformativo.mx\/index.php\/2024\/10\/19\/cfe-anuncia-cortes-de-energia-para-el-domingo-en-paseo-5-de-febrero\/","name":"CFE Anuncia cortes de energ\u00eda para el domingo en Paseo 5 de Febrero\u00a0 | Nexo Informativo Santiago de Quer\u00e9taro","isPartOf":{"@id":"https:\/\/www.nexoinformativo.mx\/#website"},"primaryImageOfPage":{"@id":"https:\/\/www.nexoinformativo.mx\/index.php\/2024\/10\/19\/cfe-anuncia-cortes-de-energia-para-el-domingo-en-paseo-5-de-febrero\/#primaryimage"},"image":{"@id":"https:\/\/www.nexoinformativo.mx\/index.php\/2024\/10\/19\/cfe-anuncia-cortes-de-energia-para-el-domingo-en-paseo-5-de-febrero\/#primaryimage"},"thumbnailUrl":"https:\/\/www.nexoinformativo.mx\/wp-content\/uploads\/2024\/10\/IMG_7010-e1729349706419.jpg","datePublished":"2024-10-19T13:00:41+00:00","dateModified":"2024-10-19T15:11:11+00:00","description":"CFE Anuncia cortes de energ\u00eda para el domingo en Paseo 5 de Febrero\u00a0","breadcrumb":{"@id":"https:\/\/www.nexoinformativo.mx\/index.php\/2024\/10\/19\/cfe-anuncia-cortes-de-energia-para-el-domingo-en-paseo-5-de-febrero\/#breadcrumb"},"inLanguage":"es","potentialAction":[{"@type":"ReadAction","target":["https:\/\/www.nexoinformativo.mx\/index.php\/2024\/10\/19\/cfe-anuncia-cortes-de-energia-para-el-domingo-en-paseo-5-de-febrero\/"]}]},{"@type":"ImageObject","inLanguage":"es","@id":"https:\/\/www.nexoinformativo.mx\/index.php\/2024\/10\/19\/cfe-anuncia-cortes-de-energia-para-el-domingo-en-paseo-5-de-febrero\/#primaryimage","url":"https:\/\/www.nexoinformativo.mx\/wp-content\/uploads\/2024\/10\/IMG_7010-e1729349706419.jpg","contentUrl":"https:\/\/www.nexoinformativo.mx\/wp-content\/uploads\/2024\/10\/IMG_7010-e1729349706419.jpg","width":800,"height":1032,"caption":"Screenshot"},{"@type":"BreadcrumbList","@id":"https:\/\/www.nexoinformativo.mx\/index.php\/2024\/10\/19\/cfe-anuncia-cortes-de-energia-para-el-domingo-en-paseo-5-de-febrero\/#breadcrumb","itemListElement":[{"@type":"ListItem","position":1,"name":"Inicio","item":"https:\/\/www.nexoinformativo.mx\/"},{"@type":"ListItem","position":2,"name":"CFE Anuncia cortes de energ\u00eda para el domingo en Paseo 5 de Febrero\u00a0"}]},{"@type":"WebSite","@id":"https:\/\/www.nexoinformativo.mx\/#website","url":"https:\/\/www.nexoinformativo.mx\/","name":"Nexo Informativo Santiago de Quer\u00e9taro","description":"Explora NexoInformativo y convi\u00e9rtete en parte de una comunidad que valora el conocimiento y la verdad. Tu nexoinformativo es tu puente hacia una comprensi\u00f3n m\u00e1s profunda del mundo que te rodea.","publisher":{"@id":"https:\/\/www.nexoinformativo.mx\/#organization"},"potentialAction":[{"@type":"SearchAction","target":{"@type":"EntryPoint","urlTemplate":"https:\/\/www.nexoinformativo.mx\/?s={search_term_string}"},"query-input":{"@type":"PropertyValueSpecification","valueRequired":true,"valueName":"search_term_string"}}],"inLanguage":"es"},{"@type":"Organization","@id":"https:\/\/www.nexoinformativo.mx\/#organization","name":"Nexo Informativo Santiago de Quer\u00e9taro","url":"https:\/\/www.nexoinformativo.mx\/","logo":{"@type":"ImageObject","inLanguage":"es","@id":"https:\/\/www.nexoinformativo.mx\/#\/schema\/logo\/image\/","url":"https:\/\/www.nexoinformativo.mx\/wp-content\/uploads\/2024\/07\/nexoi-trasparente-2.png","contentUrl":"https:\/\/www.nexoinformativo.mx\/wp-content\/uploads\/2024\/07\/nexoi-trasparente-2.png","width":816,"height":339,"caption":"Nexo Informativo Santiago de Quer\u00e9taro"},"image":{"@id":"https:\/\/www.nexoinformativo.mx\/#\/schema\/logo\/image\/"},"sameAs":["https:\/\/www.facebook.com\/people\/Nexo-Informativo\/61564066885511\/"]},{"@type":"Person","@id":"https:\/\/www.nexoinformativo.mx\/#\/schema\/person\/7749d380ba08c8ca00d7bc76fd907b7d","name":"Nexo Informativo","image":{"@type":"ImageObject","inLanguage":"es","@id":"https:\/\/www.nexoinformativo.mx\/#\/schema\/person\/image\/","url":"https:\/\/secure.gravatar.com\/avatar\/dde2928154642a13d95f87ddf1ea9718fe2b46760a005c53e41ff5ad610704e6?s=96&d=mm&r=g","contentUrl":"https:\/\/secure.gravatar.com\/avatar\/dde2928154642a13d95f87ddf1ea9718fe2b46760a005c53e41ff5ad610704e6?s=96&d=mm&r=g","caption":"Nexo Informativo"},"url":"https:\/\/www.nexoinformativo.mx\/index.php\/author\/edicion\/"}]}},"_links":{"self":[{"href":"https:\/\/www.nexoinformativo.mx\/index.php\/wp-json\/wp\/v2\/posts\/3849","targetHints":{"allow":["GET"]}}],"collection":[{"href":"https:\/\/www.nexoinformativo.mx\/index.php\/wp-json\/wp\/v2\/posts"}],"about":[{"href":"https:\/\/www.nexoinformativo.mx\/index.php\/wp-json\/wp\/v2\/types\/post"}],"author":[{"embeddable":true,"href":"https:\/\/www.nexoinformativo.mx\/index.php\/wp-json\/wp\/v2\/users\/3"}],"replies":[{"embeddable":true,"href":"https:\/\/www.nexoinformativo.mx\/index.php\/wp-json\/wp\/v2\/comments?post=3849"}],"version-history":[{"count":6,"href":"https:\/\/www.nexoinformativo.mx\/index.php\/wp-json\/wp\/v2\/posts\/3849\/revisions"}],"predecessor-version":[{"id":3851,"href":"https:\/\/www.nexoinformativo.mx\/index.php\/wp-json\/wp\/v2\/posts\/3849\/revisions\/3851"}],"wp:featuredmedia":[{"embeddable":true,"href":"https:\/\/www.nexoinformativo.mx\/index.php\/wp-json\/wp\/v2\/media\/3852"}],"wp:attachment":[{"href":"https:\/\/www.nexoinformativo.mx\/index.php\/wp-json\/wp\/v2\/media?parent=3849"}],"wp:term":[{"taxonomy":"category","embeddable":true,"href":"https:\/\/www.nexoinformativo.mx\/index.php\/wp-json\/wp\/v2\/categories?post=3849"},{"taxonomy":"post_tag","embeddable":true,"href":"https:\/\/www.nexoinformativo.mx\/index.php\/wp-json\/wp\/v2\/tags?post=3849"}],"curies":[{"name":"wp","href":"https:\/\/api.w.org\/{rel}","templated":true}]}}