{"id":3858,"date":"2024-10-19T08:00:15","date_gmt":"2024-10-19T14:00:15","guid":{"rendered":"https:\/\/www.nexoinformativo.mx\/?p=3858"},"modified":"2024-10-19T09:18:56","modified_gmt":"2024-10-19T15:18:56","slug":"felifer-macias-presenta-las-actividades-del-festival-del-dia-de-muertos-en-queretaro-inicia-el-proximo-viernes","status":"publish","type":"post","link":"https:\/\/www.nexoinformativo.mx\/index.php\/2024\/10\/19\/felifer-macias-presenta-las-actividades-del-festival-del-dia-de-muertos-en-queretaro-inicia-el-proximo-viernes\/","title":{"rendered":"Felifer Mac\u00edas presenta actividades del Festival del D\u00eda de Muertos en Quer\u00e9taro, inicia el pr\u00f3ximo viernes"},"content":{"rendered":"<p style=\"text-align: justify;\">El presidente municipal de Quer\u00e9taro, Felifer Mac\u00edas, anunci\u00f3 las emocionantes actividades del Festival del D\u00eda de Muertos, que se llevar\u00e1 a cabo del 30 de octubre al 3 de noviembre en la Alameda Hidalgo.<\/p>\n<p>&nbsp;<\/p>\n<p style=\"text-align: justify;\">Adem\u00e1s, diversas actividades se realizar\u00e1n en espacios como casas, centros culturales y bibliotecas del 25 de octubre al 2 de noviembre, con la participaci\u00f3n de m\u00e1s de 200 artistas locales y 15 agrupaciones culturales.<\/p>\n<p>&nbsp;<\/p>\n<p style=\"text-align: justify;\"><strong>\u201cEste primer festival cultural del municipio se realizar\u00e1 en la Alameda Hidalgo, creando un circuito de actividades culturales en el primer cuadro de la ciudad. Contaremos con un altar de muertos y diferentes eventos en el Jard\u00edn Guerrero, el Palacio Municipal y el andador Madero,\u201d<\/strong> explic\u00f3 Mac\u00edas durante la conferencia de prensa.<\/p>\n<p>&nbsp;<\/p>\n<p style=\"text-align: justify;\">El objetivo de este evento es recuperar espacios p\u00fablicos para que las familias queretanas puedan disfrutar de espect\u00e1culos organizados por la Secretar\u00eda de Cultura. Se estima que m\u00e1s de 50 mil personas se beneficiar\u00e1n de las actividades programadas, que tendr\u00e1n lugar en la Alameda Hidalgo, el Jard\u00edn Guerrero y las siete delegaciones municipales.<\/p>\n<p>&nbsp;<\/p>\n<p style=\"text-align: justify;\">La secretaria de Cultura, Daniela Salgado, present\u00f3 parte del cartel de actividades, que incluye talleres familiares, obras de teatro y representaciones de orquestas y grupos de danza. \u201cEl altar de muertos de este a\u00f1o ser\u00e1 en honor a la maestra Pilar Vega, un referente en el \u00e1mbito de los t\u00edteres y las marionetas.<\/p>\n<p>&nbsp;<\/p>\n<p style=\"text-align: justify;\">Las actividades del festival tambi\u00e9n incluir\u00e1n la elaboraci\u00f3n de catrinas y catrines, maquillaje infantil y la participaci\u00f3n de 12 mojigangas estilo catrina, representando cada uno de los barrios tradicionales del estado.<\/p>\n<p>&nbsp;<\/p>\n<p style=\"text-align: justify;\">Este evento no solo busca preservar las tradiciones, sino tambi\u00e9n generar una derrama econ\u00f3mica estimada de 250 millones de pesos. Con este festival, Quer\u00e9taro reafirma su compromiso de mantener vivas sus tradiciones y honrar a los difuntos, mientras se fortalece la identidad cultural de la regi\u00f3n.<\/p>\n<p>&nbsp;<\/p>\n<p style=\"text-align: center;\"><em><strong>\u00a1Informaci\u00f3n que transforma!<\/strong><\/em><\/p>\n","protected":false},"excerpt":{"rendered":"<p>El presidente municipal de Quer\u00e9taro, Felifer Mac\u00edas, anunci\u00f3 las emocionantes actividades del Festival del D\u00eda de Muertos, que se llevar\u00e1 a cabo del 30 de octubre al 3 de noviembre en la Alameda Hidalgo.<\/p>\n","protected":false},"author":3,"featured_media":3859,"comment_status":"open","ping_status":"open","sticky":false,"template":"","format":"standard","meta":{"footnotes":""},"categories":[65,58],"tags":[1287,1461,133,1288],"class_list":["post-3858","post","type-post","status-publish","format-standard","has-post-thumbnail","hentry","category-municipios","category-ultima-hora","tag-diademuertos","tag-festivalcultural","tag-queretaro","tag-tradicionesmexicanas"],"yoast_head":"<!-- This site is optimized with the Yoast SEO plugin v25.0 - https:\/\/yoast.com\/wordpress\/plugins\/seo\/ -->\n<title>Felifer Mac\u00edas presenta actividades del Festival del D\u00eda de Muertos en Quer\u00e9taro, inicia el pr\u00f3ximo viernes | Nexo Informativo Santiago de Quer\u00e9taro<\/title>\n<meta name=\"description\" content=\"Felifer Mac\u00edas presenta actividades del Festival del D\u00eda de Muertos en Quer\u00e9taro, inicia el pr\u00f3ximo viernes\" \/>\n<meta name=\"robots\" content=\"index, follow, max-snippet:-1, max-image-preview:large, max-video-preview:-1\" \/>\n<link rel=\"canonical\" href=\"https:\/\/www.nexoinformativo.mx\/index.php\/2024\/10\/19\/felifer-macias-presenta-las-actividades-del-festival-del-dia-de-muertos-en-queretaro-inicia-el-proximo-viernes\/\" \/>\n<meta property=\"og:locale\" content=\"es_MX\" \/>\n<meta property=\"og:type\" content=\"article\" \/>\n<meta property=\"og:title\" content=\"Felifer Mac\u00edas presenta actividades del Festival del D\u00eda de Muertos en Quer\u00e9taro, inicia el pr\u00f3ximo viernes | Nexo Informativo Santiago de Quer\u00e9taro\" \/>\n<meta property=\"og:description\" content=\"Felifer Mac\u00edas presenta actividades del Festival del D\u00eda de Muertos en Quer\u00e9taro, inicia el pr\u00f3ximo viernes\" \/>\n<meta property=\"og:url\" content=\"https:\/\/www.nexoinformativo.mx\/index.php\/2024\/10\/19\/felifer-macias-presenta-las-actividades-del-festival-del-dia-de-muertos-en-queretaro-inicia-el-proximo-viernes\/\" \/>\n<meta property=\"og:site_name\" content=\"Nexo Informativo Santiago de Quer\u00e9taro\" \/>\n<meta property=\"article:publisher\" content=\"https:\/\/www.facebook.com\/people\/Nexo-Informativo\/61564066885511\/\" \/>\n<meta property=\"article:published_time\" content=\"2024-10-19T14:00:15+00:00\" \/>\n<meta property=\"article:modified_time\" content=\"2024-10-19T15:18:56+00:00\" \/>\n<meta property=\"og:image\" content=\"https:\/\/www.nexoinformativo.mx\/wp-content\/uploads\/2024\/10\/IMG_7019-e1729350801166.jpg\" \/>\n\t<meta property=\"og:image:width\" content=\"800\" \/>\n\t<meta property=\"og:image:height\" content=\"1235\" \/>\n\t<meta property=\"og:image:type\" content=\"image\/jpeg\" \/>\n<meta name=\"author\" content=\"Nexo Informativo\" \/>\n<meta name=\"twitter:card\" content=\"summary_large_image\" \/>\n<meta name=\"twitter:label1\" content=\"Escrito por\" \/>\n\t<meta name=\"twitter:data1\" content=\"Nexo Informativo\" \/>\n\t<meta name=\"twitter:label2\" content=\"Tiempo de lectura\" \/>\n\t<meta name=\"twitter:data2\" content=\"2 minutos\" \/>\n<script type=\"application\/ld+json\" class=\"yoast-schema-graph\">{\"@context\":\"https:\/\/schema.org\",\"@graph\":[{\"@type\":\"Article\",\"@id\":\"https:\/\/www.nexoinformativo.mx\/index.php\/2024\/10\/19\/felifer-macias-presenta-las-actividades-del-festival-del-dia-de-muertos-en-queretaro-inicia-el-proximo-viernes\/#article\",\"isPartOf\":{\"@id\":\"https:\/\/www.nexoinformativo.mx\/index.php\/2024\/10\/19\/felifer-macias-presenta-las-actividades-del-festival-del-dia-de-muertos-en-queretaro-inicia-el-proximo-viernes\/\"},\"author\":{\"name\":\"Nexo Informativo\",\"@id\":\"https:\/\/www.nexoinformativo.mx\/#\/schema\/person\/7749d380ba08c8ca00d7bc76fd907b7d\"},\"headline\":\"Felifer Mac\u00edas presenta actividades del Festival del D\u00eda de Muertos en Quer\u00e9taro, inicia el pr\u00f3ximo viernes\",\"datePublished\":\"2024-10-19T14:00:15+00:00\",\"dateModified\":\"2024-10-19T15:18:56+00:00\",\"mainEntityOfPage\":{\"@id\":\"https:\/\/www.nexoinformativo.mx\/index.php\/2024\/10\/19\/felifer-macias-presenta-las-actividades-del-festival-del-dia-de-muertos-en-queretaro-inicia-el-proximo-viernes\/\"},\"wordCount\":351,\"commentCount\":0,\"publisher\":{\"@id\":\"https:\/\/www.nexoinformativo.mx\/#organization\"},\"image\":{\"@id\":\"https:\/\/www.nexoinformativo.mx\/index.php\/2024\/10\/19\/felifer-macias-presenta-las-actividades-del-festival-del-dia-de-muertos-en-queretaro-inicia-el-proximo-viernes\/#primaryimage\"},\"thumbnailUrl\":\"https:\/\/www.nexoinformativo.mx\/wp-content\/uploads\/2024\/10\/IMG_7019-e1729350801166.jpg\",\"keywords\":[\"D\u00edaDeMuertos\",\"FestivalCultural\",\"Quer\u00e9taro\",\"TradicionesMexicanas\"],\"articleSection\":[\"Municipios\",\"\u00daltima Hora\"],\"inLanguage\":\"es\",\"potentialAction\":[{\"@type\":\"CommentAction\",\"name\":\"Comment\",\"target\":[\"https:\/\/www.nexoinformativo.mx\/index.php\/2024\/10\/19\/felifer-macias-presenta-las-actividades-del-festival-del-dia-de-muertos-en-queretaro-inicia-el-proximo-viernes\/#respond\"]}]},{\"@type\":\"WebPage\",\"@id\":\"https:\/\/www.nexoinformativo.mx\/index.php\/2024\/10\/19\/felifer-macias-presenta-las-actividades-del-festival-del-dia-de-muertos-en-queretaro-inicia-el-proximo-viernes\/\",\"url\":\"https:\/\/www.nexoinformativo.mx\/index.php\/2024\/10\/19\/felifer-macias-presenta-las-actividades-del-festival-del-dia-de-muertos-en-queretaro-inicia-el-proximo-viernes\/\",\"name\":\"Felifer Mac\u00edas presenta actividades del Festival del D\u00eda de Muertos en Quer\u00e9taro, inicia el pr\u00f3ximo viernes | Nexo Informativo Santiago de Quer\u00e9taro\",\"isPartOf\":{\"@id\":\"https:\/\/www.nexoinformativo.mx\/#website\"},\"primaryImageOfPage\":{\"@id\":\"https:\/\/www.nexoinformativo.mx\/index.php\/2024\/10\/19\/felifer-macias-presenta-las-actividades-del-festival-del-dia-de-muertos-en-queretaro-inicia-el-proximo-viernes\/#primaryimage\"},\"image\":{\"@id\":\"https:\/\/www.nexoinformativo.mx\/index.php\/2024\/10\/19\/felifer-macias-presenta-las-actividades-del-festival-del-dia-de-muertos-en-queretaro-inicia-el-proximo-viernes\/#primaryimage\"},\"thumbnailUrl\":\"https:\/\/www.nexoinformativo.mx\/wp-content\/uploads\/2024\/10\/IMG_7019-e1729350801166.jpg\",\"datePublished\":\"2024-10-19T14:00:15+00:00\",\"dateModified\":\"2024-10-19T15:18:56+00:00\",\"description\":\"Felifer Mac\u00edas presenta actividades del Festival del D\u00eda de Muertos en Quer\u00e9taro, inicia el pr\u00f3ximo viernes\",\"breadcrumb\":{\"@id\":\"https:\/\/www.nexoinformativo.mx\/index.php\/2024\/10\/19\/felifer-macias-presenta-las-actividades-del-festival-del-dia-de-muertos-en-queretaro-inicia-el-proximo-viernes\/#breadcrumb\"},\"inLanguage\":\"es\",\"potentialAction\":[{\"@type\":\"ReadAction\",\"target\":[\"https:\/\/www.nexoinformativo.mx\/index.php\/2024\/10\/19\/felifer-macias-presenta-las-actividades-del-festival-del-dia-de-muertos-en-queretaro-inicia-el-proximo-viernes\/\"]}]},{\"@type\":\"ImageObject\",\"inLanguage\":\"es\",\"@id\":\"https:\/\/www.nexoinformativo.mx\/index.php\/2024\/10\/19\/felifer-macias-presenta-las-actividades-del-festival-del-dia-de-muertos-en-queretaro-inicia-el-proximo-viernes\/#primaryimage\",\"url\":\"https:\/\/www.nexoinformativo.mx\/wp-content\/uploads\/2024\/10\/IMG_7019-e1729350801166.jpg\",\"contentUrl\":\"https:\/\/www.nexoinformativo.mx\/wp-content\/uploads\/2024\/10\/IMG_7019-e1729350801166.jpg\",\"width\":800,\"height\":1235},{\"@type\":\"BreadcrumbList\",\"@id\":\"https:\/\/www.nexoinformativo.mx\/index.php\/2024\/10\/19\/felifer-macias-presenta-las-actividades-del-festival-del-dia-de-muertos-en-queretaro-inicia-el-proximo-viernes\/#breadcrumb\",\"itemListElement\":[{\"@type\":\"ListItem\",\"position\":1,\"name\":\"Inicio\",\"item\":\"https:\/\/www.nexoinformativo.mx\/\"},{\"@type\":\"ListItem\",\"position\":2,\"name\":\"Felifer Mac\u00edas presenta actividades del Festival del D\u00eda de Muertos en Quer\u00e9taro, inicia el pr\u00f3ximo viernes\"}]},{\"@type\":\"WebSite\",\"@id\":\"https:\/\/www.nexoinformativo.mx\/#website\",\"url\":\"https:\/\/www.nexoinformativo.mx\/\",\"name\":\"Nexo Informativo Santiago de Quer\u00e9taro\",\"description\":\"Explora NexoInformativo y convi\u00e9rtete en parte de una comunidad que valora el conocimiento y la verdad. Tu nexoinformativo es tu puente hacia una comprensi\u00f3n m\u00e1s profunda del mundo que te rodea.\",\"publisher\":{\"@id\":\"https:\/\/www.nexoinformativo.mx\/#organization\"},\"potentialAction\":[{\"@type\":\"SearchAction\",\"target\":{\"@type\":\"EntryPoint\",\"urlTemplate\":\"https:\/\/www.nexoinformativo.mx\/?s={search_term_string}\"},\"query-input\":{\"@type\":\"PropertyValueSpecification\",\"valueRequired\":true,\"valueName\":\"search_term_string\"}}],\"inLanguage\":\"es\"},{\"@type\":\"Organization\",\"@id\":\"https:\/\/www.nexoinformativo.mx\/#organization\",\"name\":\"Nexo Informativo Santiago de Quer\u00e9taro\",\"url\":\"https:\/\/www.nexoinformativo.mx\/\",\"logo\":{\"@type\":\"ImageObject\",\"inLanguage\":\"es\",\"@id\":\"https:\/\/www.nexoinformativo.mx\/#\/schema\/logo\/image\/\",\"url\":\"https:\/\/www.nexoinformativo.mx\/wp-content\/uploads\/2024\/07\/nexoi-trasparente-2.png\",\"contentUrl\":\"https:\/\/www.nexoinformativo.mx\/wp-content\/uploads\/2024\/07\/nexoi-trasparente-2.png\",\"width\":816,\"height\":339,\"caption\":\"Nexo Informativo Santiago de Quer\u00e9taro\"},\"image\":{\"@id\":\"https:\/\/www.nexoinformativo.mx\/#\/schema\/logo\/image\/\"},\"sameAs\":[\"https:\/\/www.facebook.com\/people\/Nexo-Informativo\/61564066885511\/\"]},{\"@type\":\"Person\",\"@id\":\"https:\/\/www.nexoinformativo.mx\/#\/schema\/person\/7749d380ba08c8ca00d7bc76fd907b7d\",\"name\":\"Nexo Informativo\",\"image\":{\"@type\":\"ImageObject\",\"inLanguage\":\"es\",\"@id\":\"https:\/\/www.nexoinformativo.mx\/#\/schema\/person\/image\/\",\"url\":\"https:\/\/secure.gravatar.com\/avatar\/dde2928154642a13d95f87ddf1ea9718fe2b46760a005c53e41ff5ad610704e6?s=96&d=mm&r=g\",\"contentUrl\":\"https:\/\/secure.gravatar.com\/avatar\/dde2928154642a13d95f87ddf1ea9718fe2b46760a005c53e41ff5ad610704e6?s=96&d=mm&r=g\",\"caption\":\"Nexo Informativo\"},\"url\":\"https:\/\/www.nexoinformativo.mx\/index.php\/author\/edicion\/\"}]}<\/script>\n<!-- \/ Yoast SEO plugin. -->","yoast_head_json":{"title":"Felifer Mac\u00edas presenta actividades del Festival del D\u00eda de Muertos en Quer\u00e9taro, inicia el pr\u00f3ximo viernes | Nexo Informativo Santiago de Quer\u00e9taro","description":"Felifer Mac\u00edas presenta actividades del Festival del D\u00eda de Muertos en Quer\u00e9taro, inicia el pr\u00f3ximo viernes","robots":{"index":"index","follow":"follow","max-snippet":"max-snippet:-1","max-image-preview":"max-image-preview:large","max-video-preview":"max-video-preview:-1"},"canonical":"https:\/\/www.nexoinformativo.mx\/index.php\/2024\/10\/19\/felifer-macias-presenta-las-actividades-del-festival-del-dia-de-muertos-en-queretaro-inicia-el-proximo-viernes\/","og_locale":"es_MX","og_type":"article","og_title":"Felifer Mac\u00edas presenta actividades del Festival del D\u00eda de Muertos en Quer\u00e9taro, inicia el pr\u00f3ximo viernes | Nexo Informativo Santiago de Quer\u00e9taro","og_description":"Felifer Mac\u00edas presenta actividades del Festival del D\u00eda de Muertos en Quer\u00e9taro, inicia el pr\u00f3ximo viernes","og_url":"https:\/\/www.nexoinformativo.mx\/index.php\/2024\/10\/19\/felifer-macias-presenta-las-actividades-del-festival-del-dia-de-muertos-en-queretaro-inicia-el-proximo-viernes\/","og_site_name":"Nexo Informativo Santiago de Quer\u00e9taro","article_publisher":"https:\/\/www.facebook.com\/people\/Nexo-Informativo\/61564066885511\/","article_published_time":"2024-10-19T14:00:15+00:00","article_modified_time":"2024-10-19T15:18:56+00:00","og_image":[{"width":800,"height":1235,"url":"https:\/\/www.nexoinformativo.mx\/wp-content\/uploads\/2024\/10\/IMG_7019-e1729350801166.jpg","type":"image\/jpeg"}],"author":"Nexo Informativo","twitter_card":"summary_large_image","twitter_misc":{"Escrito por":"Nexo Informativo","Tiempo de lectura":"2 minutos"},"schema":{"@context":"https:\/\/schema.org","@graph":[{"@type":"Article","@id":"https:\/\/www.nexoinformativo.mx\/index.php\/2024\/10\/19\/felifer-macias-presenta-las-actividades-del-festival-del-dia-de-muertos-en-queretaro-inicia-el-proximo-viernes\/#article","isPartOf":{"@id":"https:\/\/www.nexoinformativo.mx\/index.php\/2024\/10\/19\/felifer-macias-presenta-las-actividades-del-festival-del-dia-de-muertos-en-queretaro-inicia-el-proximo-viernes\/"},"author":{"name":"Nexo Informativo","@id":"https:\/\/www.nexoinformativo.mx\/#\/schema\/person\/7749d380ba08c8ca00d7bc76fd907b7d"},"headline":"Felifer Mac\u00edas presenta actividades del Festival del D\u00eda de Muertos en Quer\u00e9taro, inicia el pr\u00f3ximo viernes","datePublished":"2024-10-19T14:00:15+00:00","dateModified":"2024-10-19T15:18:56+00:00","mainEntityOfPage":{"@id":"https:\/\/www.nexoinformativo.mx\/index.php\/2024\/10\/19\/felifer-macias-presenta-las-actividades-del-festival-del-dia-de-muertos-en-queretaro-inicia-el-proximo-viernes\/"},"wordCount":351,"commentCount":0,"publisher":{"@id":"https:\/\/www.nexoinformativo.mx\/#organization"},"image":{"@id":"https:\/\/www.nexoinformativo.mx\/index.php\/2024\/10\/19\/felifer-macias-presenta-las-actividades-del-festival-del-dia-de-muertos-en-queretaro-inicia-el-proximo-viernes\/#primaryimage"},"thumbnailUrl":"https:\/\/www.nexoinformativo.mx\/wp-content\/uploads\/2024\/10\/IMG_7019-e1729350801166.jpg","keywords":["D\u00edaDeMuertos","FestivalCultural","Quer\u00e9taro","TradicionesMexicanas"],"articleSection":["Municipios","\u00daltima Hora"],"inLanguage":"es","potentialAction":[{"@type":"CommentAction","name":"Comment","target":["https:\/\/www.nexoinformativo.mx\/index.php\/2024\/10\/19\/felifer-macias-presenta-las-actividades-del-festival-del-dia-de-muertos-en-queretaro-inicia-el-proximo-viernes\/#respond"]}]},{"@type":"WebPage","@id":"https:\/\/www.nexoinformativo.mx\/index.php\/2024\/10\/19\/felifer-macias-presenta-las-actividades-del-festival-del-dia-de-muertos-en-queretaro-inicia-el-proximo-viernes\/","url":"https:\/\/www.nexoinformativo.mx\/index.php\/2024\/10\/19\/felifer-macias-presenta-las-actividades-del-festival-del-dia-de-muertos-en-queretaro-inicia-el-proximo-viernes\/","name":"Felifer Mac\u00edas presenta actividades del Festival del D\u00eda de Muertos en Quer\u00e9taro, inicia el pr\u00f3ximo viernes | Nexo Informativo Santiago de Quer\u00e9taro","isPartOf":{"@id":"https:\/\/www.nexoinformativo.mx\/#website"},"primaryImageOfPage":{"@id":"https:\/\/www.nexoinformativo.mx\/index.php\/2024\/10\/19\/felifer-macias-presenta-las-actividades-del-festival-del-dia-de-muertos-en-queretaro-inicia-el-proximo-viernes\/#primaryimage"},"image":{"@id":"https:\/\/www.nexoinformativo.mx\/index.php\/2024\/10\/19\/felifer-macias-presenta-las-actividades-del-festival-del-dia-de-muertos-en-queretaro-inicia-el-proximo-viernes\/#primaryimage"},"thumbnailUrl":"https:\/\/www.nexoinformativo.mx\/wp-content\/uploads\/2024\/10\/IMG_7019-e1729350801166.jpg","datePublished":"2024-10-19T14:00:15+00:00","dateModified":"2024-10-19T15:18:56+00:00","description":"Felifer Mac\u00edas presenta actividades del Festival del D\u00eda de Muertos en Quer\u00e9taro, inicia el pr\u00f3ximo viernes","breadcrumb":{"@id":"https:\/\/www.nexoinformativo.mx\/index.php\/2024\/10\/19\/felifer-macias-presenta-las-actividades-del-festival-del-dia-de-muertos-en-queretaro-inicia-el-proximo-viernes\/#breadcrumb"},"inLanguage":"es","potentialAction":[{"@type":"ReadAction","target":["https:\/\/www.nexoinformativo.mx\/index.php\/2024\/10\/19\/felifer-macias-presenta-las-actividades-del-festival-del-dia-de-muertos-en-queretaro-inicia-el-proximo-viernes\/"]}]},{"@type":"ImageObject","inLanguage":"es","@id":"https:\/\/www.nexoinformativo.mx\/index.php\/2024\/10\/19\/felifer-macias-presenta-las-actividades-del-festival-del-dia-de-muertos-en-queretaro-inicia-el-proximo-viernes\/#primaryimage","url":"https:\/\/www.nexoinformativo.mx\/wp-content\/uploads\/2024\/10\/IMG_7019-e1729350801166.jpg","contentUrl":"https:\/\/www.nexoinformativo.mx\/wp-content\/uploads\/2024\/10\/IMG_7019-e1729350801166.jpg","width":800,"height":1235},{"@type":"BreadcrumbList","@id":"https:\/\/www.nexoinformativo.mx\/index.php\/2024\/10\/19\/felifer-macias-presenta-las-actividades-del-festival-del-dia-de-muertos-en-queretaro-inicia-el-proximo-viernes\/#breadcrumb","itemListElement":[{"@type":"ListItem","position":1,"name":"Inicio","item":"https:\/\/www.nexoinformativo.mx\/"},{"@type":"ListItem","position":2,"name":"Felifer Mac\u00edas presenta actividades del Festival del D\u00eda de Muertos en Quer\u00e9taro, inicia el pr\u00f3ximo viernes"}]},{"@type":"WebSite","@id":"https:\/\/www.nexoinformativo.mx\/#website","url":"https:\/\/www.nexoinformativo.mx\/","name":"Nexo Informativo Santiago de Quer\u00e9taro","description":"Explora NexoInformativo y convi\u00e9rtete en parte de una comunidad que valora el conocimiento y la verdad. Tu nexoinformativo es tu puente hacia una comprensi\u00f3n m\u00e1s profunda del mundo que te rodea.","publisher":{"@id":"https:\/\/www.nexoinformativo.mx\/#organization"},"potentialAction":[{"@type":"SearchAction","target":{"@type":"EntryPoint","urlTemplate":"https:\/\/www.nexoinformativo.mx\/?s={search_term_string}"},"query-input":{"@type":"PropertyValueSpecification","valueRequired":true,"valueName":"search_term_string"}}],"inLanguage":"es"},{"@type":"Organization","@id":"https:\/\/www.nexoinformativo.mx\/#organization","name":"Nexo Informativo Santiago de Quer\u00e9taro","url":"https:\/\/www.nexoinformativo.mx\/","logo":{"@type":"ImageObject","inLanguage":"es","@id":"https:\/\/www.nexoinformativo.mx\/#\/schema\/logo\/image\/","url":"https:\/\/www.nexoinformativo.mx\/wp-content\/uploads\/2024\/07\/nexoi-trasparente-2.png","contentUrl":"https:\/\/www.nexoinformativo.mx\/wp-content\/uploads\/2024\/07\/nexoi-trasparente-2.png","width":816,"height":339,"caption":"Nexo Informativo Santiago de Quer\u00e9taro"},"image":{"@id":"https:\/\/www.nexoinformativo.mx\/#\/schema\/logo\/image\/"},"sameAs":["https:\/\/www.facebook.com\/people\/Nexo-Informativo\/61564066885511\/"]},{"@type":"Person","@id":"https:\/\/www.nexoinformativo.mx\/#\/schema\/person\/7749d380ba08c8ca00d7bc76fd907b7d","name":"Nexo Informativo","image":{"@type":"ImageObject","inLanguage":"es","@id":"https:\/\/www.nexoinformativo.mx\/#\/schema\/person\/image\/","url":"https:\/\/secure.gravatar.com\/avatar\/dde2928154642a13d95f87ddf1ea9718fe2b46760a005c53e41ff5ad610704e6?s=96&d=mm&r=g","contentUrl":"https:\/\/secure.gravatar.com\/avatar\/dde2928154642a13d95f87ddf1ea9718fe2b46760a005c53e41ff5ad610704e6?s=96&d=mm&r=g","caption":"Nexo Informativo"},"url":"https:\/\/www.nexoinformativo.mx\/index.php\/author\/edicion\/"}]}},"_links":{"self":[{"href":"https:\/\/www.nexoinformativo.mx\/index.php\/wp-json\/wp\/v2\/posts\/3858","targetHints":{"allow":["GET"]}}],"collection":[{"href":"https:\/\/www.nexoinformativo.mx\/index.php\/wp-json\/wp\/v2\/posts"}],"about":[{"href":"https:\/\/www.nexoinformativo.mx\/index.php\/wp-json\/wp\/v2\/types\/post"}],"author":[{"embeddable":true,"href":"https:\/\/www.nexoinformativo.mx\/index.php\/wp-json\/wp\/v2\/users\/3"}],"replies":[{"embeddable":true,"href":"https:\/\/www.nexoinformativo.mx\/index.php\/wp-json\/wp\/v2\/comments?post=3858"}],"version-history":[{"count":6,"href":"https:\/\/www.nexoinformativo.mx\/index.php\/wp-json\/wp\/v2\/posts\/3858\/revisions"}],"predecessor-version":[{"id":3865,"href":"https:\/\/www.nexoinformativo.mx\/index.php\/wp-json\/wp\/v2\/posts\/3858\/revisions\/3865"}],"wp:featuredmedia":[{"embeddable":true,"href":"https:\/\/www.nexoinformativo.mx\/index.php\/wp-json\/wp\/v2\/media\/3859"}],"wp:attachment":[{"href":"https:\/\/www.nexoinformativo.mx\/index.php\/wp-json\/wp\/v2\/media?parent=3858"}],"wp:term":[{"taxonomy":"category","embeddable":true,"href":"https:\/\/www.nexoinformativo.mx\/index.php\/wp-json\/wp\/v2\/categories?post=3858"},{"taxonomy":"post_tag","embeddable":true,"href":"https:\/\/www.nexoinformativo.mx\/index.php\/wp-json\/wp\/v2\/tags?post=3858"}],"curies":[{"name":"wp","href":"https:\/\/api.w.org\/{rel}","templated":true}]}}