{"id":3866,"date":"2024-10-19T09:00:41","date_gmt":"2024-10-19T15:00:41","guid":{"rendered":"https:\/\/www.nexoinformativo.mx\/?p=3866"},"modified":"2024-10-19T16:08:34","modified_gmt":"2024-10-19T22:08:34","slug":"el-70-de-los-casos-de-cancer-de-mama-no-se-detectan-a-tiempo-hay-explorarse","status":"publish","type":"post","link":"https:\/\/www.nexoinformativo.mx\/index.php\/2024\/10\/19\/el-70-de-los-casos-de-cancer-de-mama-no-se-detectan-a-tiempo-hay-explorarse\/","title":{"rendered":"El 70% de los casos de C\u00e1ncer de mama no se detectan a tiempo \u00a1Hay que explorarse!"},"content":{"rendered":"<p style=\"text-align: justify;\">El c\u00e1ncer de mama representa uno de los principales problemas de salud p\u00fablica en Am\u00e9rica Latina, siendo el c\u00e1ncer mas com\u00fan y principal causa de muerte entre las mujeres. En M\u00e9xico, la situaci\u00f3n es alarmante: en 2023, esta enfermedad caus\u00f3 8,036 muertes, lo que equivale un aumento de\u00a0<strong>59%<\/strong> en comparaci\u00f3n con las defunciones registradas en 2010, seg\u00fan datos del <strong>INEGI<\/strong>.<\/p>\n<p>&nbsp;<\/p>\n<p style=\"text-align: justify;\">En M\u00e9xico los desaf\u00edos son significativos el 70% de los casos de c\u00e1ncer de mama no se detectan a tiempo, lo que dificulta el diagn\u00f3stico y tratamiento en etapas tempranas.\u00a0En naciones con mejores sistemas de salud, el 80% de los casos se diagnostican en las etapas 1 y 2, aumentando las posibilidades de supervivencia hasta un 90% en 5 a\u00f1os, seg\u00fan la <strong>OMS<\/strong>.<\/p>\n<p>&nbsp;<\/p>\n<p style=\"text-align: justify;\">Las pacientes en M\u00e9xico frecuentemente retrasan la atenci\u00f3n debido a la calidad, cobertura y financiamiento dispares de los servicios de salud, que var\u00edan seg\u00fan el sistema al que pertenecen.<\/p>\n<p>&nbsp;<\/p>\n<p style=\"text-align: justify;\">La Secretar\u00eda de Salud del estado de Queretaro exhorta a las mujeres de <strong>20 a 39<\/strong> a\u00f1os a realizarse la autoexploraci\u00f3n mamaria y a las mayores de <strong>40<\/strong> a\u00f1os a hacerse una mastograf\u00eda. Este 19 de octubre, en el D\u00eda Mundial de la Lucha contra el C\u00e1ncer de Mama, se busca concienciar a las mujeres sobre la importancia de hacerse ex\u00e1menes de forma regular para detectar cualquier anomal\u00eda.<\/p>\n<p>&nbsp;<\/p>\n<p style=\"text-align: justify;\">Para prevenir el c\u00e1ncer de mama, se recomienda acudir al centro de salud m\u00e1s cercano para realizar los estudios de prevenci\u00f3n. Entre los factores de riesgo se encuentran el envejecimiento, la obesidad, el consumo excesivo de alcohol, antecedentes familiares de c\u00e1ncer de mama, exposici\u00f3n a radiaci\u00f3n, historial reproductivo, consumo de tabaco y tratamiento hormonal posterior a la menopausia.<\/p>\n<p>&nbsp;<\/p>\n<p style=\"text-align: justify;\"><strong>Los s\u00edntomas del c\u00e1ncer de mama pueden incluir: <\/strong><\/p>\n<p style=\"text-align: justify;\">&#8211; N\u00f3dulo o engrosamiento en el seno, a menudo sin dolor.<\/p>\n<p style=\"text-align: justify;\">&#8211; Cambio en el tama\u00f1o, forma o aspecto del seno.<\/p>\n<p style=\"text-align: justify;\">&#8211; Aparici\u00f3n de hoyuelos, enrojecimiento, grietas\/otros cambios en la piel.<\/p>\n<p style=\"text-align: justify;\">&#8211; Cambio en el aspecto del pez\u00f3n o la piel circundante (ar\u00e9ola).<\/p>\n<p style=\"text-align: justify;\">&#8211; Secreci\u00f3n de l\u00edquido an\u00f3malo o sanguinolento por el pez\u00f3n.<\/p>\n<p>&nbsp;<\/p>\n<p style=\"text-align: justify;\"><strong>La detecci\u00f3n temprana es clave para mejorar las tasas de supervivencia. \u00a1No esperes m\u00e1s, expl\u00f3rate!<\/strong><\/p>\n<p>&nbsp;<\/p>\n<p style=\"text-align: center;\"><em><strong>\u00a1Informaci\u00f3n que transforma!<\/strong><\/em><\/p>\n","protected":false},"excerpt":{"rendered":"<p>El c\u00e1ncer de mama representa uno de los principales problemas de salud p\u00fablica en Am\u00e9rica Latina, siendo el c\u00e1ncer mas com\u00fan y principal causa de muerte entre las mujeres. En M\u00e9xico, la situaci\u00f3n es alarmante: en 2023, esta enfermedad caus\u00f3 8,036 muertes, lo que equivale un aumento de\u00a059% en comparaci\u00f3n con las defunciones registradas en [&hellip;]<\/p>\n","protected":false},"author":3,"featured_media":3867,"comment_status":"open","ping_status":"open","sticky":false,"template":"","format":"standard","meta":{"footnotes":""},"categories":[88,58],"tags":[1462,1356,1434,1433],"class_list":["post-3866","post","type-post","status-publish","format-standard","has-post-thumbnail","hentry","category-nacional","category-ultima-hora","tag-autoexploracion","tag-cancerdemama","tag-detecciontemprana","tag-saludfemenina"],"yoast_head":"<!-- This site is optimized with the Yoast SEO plugin v25.0 - https:\/\/yoast.com\/wordpress\/plugins\/seo\/ -->\n<title>El 70% de los casos de C\u00e1ncer de mama no se detectan a tiempo \u00a1Hay que explorarse! | Nexo Informativo Santiago de Quer\u00e9taro<\/title>\n<meta name=\"description\" content=\"El 70% de los casos de C\u00e1ncer de mama no se detectan a tiempo \u00a1Hay explorarse!\" \/>\n<meta name=\"robots\" content=\"index, follow, max-snippet:-1, max-image-preview:large, max-video-preview:-1\" \/>\n<link rel=\"canonical\" href=\"https:\/\/www.nexoinformativo.mx\/index.php\/2024\/10\/19\/el-70-de-los-casos-de-cancer-de-mama-no-se-detectan-a-tiempo-hay-explorarse\/\" \/>\n<meta property=\"og:locale\" content=\"es_MX\" \/>\n<meta property=\"og:type\" content=\"article\" \/>\n<meta property=\"og:title\" content=\"El 70% de los casos de C\u00e1ncer de mama no se detectan a tiempo \u00a1Hay que explorarse! | Nexo Informativo Santiago de Quer\u00e9taro\" \/>\n<meta property=\"og:description\" content=\"El 70% de los casos de C\u00e1ncer de mama no se detectan a tiempo \u00a1Hay explorarse!\" \/>\n<meta property=\"og:url\" content=\"https:\/\/www.nexoinformativo.mx\/index.php\/2024\/10\/19\/el-70-de-los-casos-de-cancer-de-mama-no-se-detectan-a-tiempo-hay-explorarse\/\" \/>\n<meta property=\"og:site_name\" content=\"Nexo Informativo Santiago de Quer\u00e9taro\" \/>\n<meta property=\"article:publisher\" content=\"https:\/\/www.facebook.com\/people\/Nexo-Informativo\/61564066885511\/\" \/>\n<meta property=\"article:published_time\" content=\"2024-10-19T15:00:41+00:00\" \/>\n<meta property=\"article:modified_time\" content=\"2024-10-19T22:08:34+00:00\" \/>\n<meta property=\"og:image\" content=\"https:\/\/www.nexoinformativo.mx\/wp-content\/uploads\/2024\/10\/pexels-anntarazevich-5482975-scaled-e1729354692382.jpeg\" \/>\n\t<meta property=\"og:image:width\" content=\"800\" \/>\n\t<meta property=\"og:image:height\" content=\"1035\" \/>\n\t<meta property=\"og:image:type\" content=\"image\/jpeg\" \/>\n<meta name=\"author\" content=\"Nexo Informativo\" \/>\n<meta name=\"twitter:card\" content=\"summary_large_image\" \/>\n<meta name=\"twitter:label1\" content=\"Escrito por\" \/>\n\t<meta name=\"twitter:data1\" content=\"Nexo Informativo\" \/>\n\t<meta name=\"twitter:label2\" content=\"Tiempo de lectura\" \/>\n\t<meta name=\"twitter:data2\" content=\"2 minutos\" \/>\n<script type=\"application\/ld+json\" class=\"yoast-schema-graph\">{\"@context\":\"https:\/\/schema.org\",\"@graph\":[{\"@type\":\"Article\",\"@id\":\"https:\/\/www.nexoinformativo.mx\/index.php\/2024\/10\/19\/el-70-de-los-casos-de-cancer-de-mama-no-se-detectan-a-tiempo-hay-explorarse\/#article\",\"isPartOf\":{\"@id\":\"https:\/\/www.nexoinformativo.mx\/index.php\/2024\/10\/19\/el-70-de-los-casos-de-cancer-de-mama-no-se-detectan-a-tiempo-hay-explorarse\/\"},\"author\":{\"name\":\"Nexo Informativo\",\"@id\":\"https:\/\/www.nexoinformativo.mx\/#\/schema\/person\/7749d380ba08c8ca00d7bc76fd907b7d\"},\"headline\":\"El 70% de los casos de C\u00e1ncer de mama no se detectan a tiempo \u00a1Hay que explorarse!\",\"datePublished\":\"2024-10-19T15:00:41+00:00\",\"dateModified\":\"2024-10-19T22:08:34+00:00\",\"mainEntityOfPage\":{\"@id\":\"https:\/\/www.nexoinformativo.mx\/index.php\/2024\/10\/19\/el-70-de-los-casos-de-cancer-de-mama-no-se-detectan-a-tiempo-hay-explorarse\/\"},\"wordCount\":419,\"commentCount\":0,\"publisher\":{\"@id\":\"https:\/\/www.nexoinformativo.mx\/#organization\"},\"image\":{\"@id\":\"https:\/\/www.nexoinformativo.mx\/index.php\/2024\/10\/19\/el-70-de-los-casos-de-cancer-de-mama-no-se-detectan-a-tiempo-hay-explorarse\/#primaryimage\"},\"thumbnailUrl\":\"https:\/\/www.nexoinformativo.mx\/wp-content\/uploads\/2024\/10\/pexels-anntarazevich-5482975-scaled-e1729354692382.jpeg\",\"keywords\":[\"Autoexploraci\u00f3n\",\"C\u00e1ncerDeMama\",\"Detecci\u00f3nTemprana\",\"SaludFemenina\"],\"articleSection\":[\"Nacional\",\"\u00daltima Hora\"],\"inLanguage\":\"es\",\"potentialAction\":[{\"@type\":\"CommentAction\",\"name\":\"Comment\",\"target\":[\"https:\/\/www.nexoinformativo.mx\/index.php\/2024\/10\/19\/el-70-de-los-casos-de-cancer-de-mama-no-se-detectan-a-tiempo-hay-explorarse\/#respond\"]}]},{\"@type\":\"WebPage\",\"@id\":\"https:\/\/www.nexoinformativo.mx\/index.php\/2024\/10\/19\/el-70-de-los-casos-de-cancer-de-mama-no-se-detectan-a-tiempo-hay-explorarse\/\",\"url\":\"https:\/\/www.nexoinformativo.mx\/index.php\/2024\/10\/19\/el-70-de-los-casos-de-cancer-de-mama-no-se-detectan-a-tiempo-hay-explorarse\/\",\"name\":\"El 70% de los casos de C\u00e1ncer de mama no se detectan a tiempo \u00a1Hay que explorarse! | Nexo Informativo Santiago de Quer\u00e9taro\",\"isPartOf\":{\"@id\":\"https:\/\/www.nexoinformativo.mx\/#website\"},\"primaryImageOfPage\":{\"@id\":\"https:\/\/www.nexoinformativo.mx\/index.php\/2024\/10\/19\/el-70-de-los-casos-de-cancer-de-mama-no-se-detectan-a-tiempo-hay-explorarse\/#primaryimage\"},\"image\":{\"@id\":\"https:\/\/www.nexoinformativo.mx\/index.php\/2024\/10\/19\/el-70-de-los-casos-de-cancer-de-mama-no-se-detectan-a-tiempo-hay-explorarse\/#primaryimage\"},\"thumbnailUrl\":\"https:\/\/www.nexoinformativo.mx\/wp-content\/uploads\/2024\/10\/pexels-anntarazevich-5482975-scaled-e1729354692382.jpeg\",\"datePublished\":\"2024-10-19T15:00:41+00:00\",\"dateModified\":\"2024-10-19T22:08:34+00:00\",\"description\":\"El 70% de los casos de C\u00e1ncer de mama no se detectan a tiempo \u00a1Hay explorarse!\",\"breadcrumb\":{\"@id\":\"https:\/\/www.nexoinformativo.mx\/index.php\/2024\/10\/19\/el-70-de-los-casos-de-cancer-de-mama-no-se-detectan-a-tiempo-hay-explorarse\/#breadcrumb\"},\"inLanguage\":\"es\",\"potentialAction\":[{\"@type\":\"ReadAction\",\"target\":[\"https:\/\/www.nexoinformativo.mx\/index.php\/2024\/10\/19\/el-70-de-los-casos-de-cancer-de-mama-no-se-detectan-a-tiempo-hay-explorarse\/\"]}]},{\"@type\":\"ImageObject\",\"inLanguage\":\"es\",\"@id\":\"https:\/\/www.nexoinformativo.mx\/index.php\/2024\/10\/19\/el-70-de-los-casos-de-cancer-de-mama-no-se-detectan-a-tiempo-hay-explorarse\/#primaryimage\",\"url\":\"https:\/\/www.nexoinformativo.mx\/wp-content\/uploads\/2024\/10\/pexels-anntarazevich-5482975-scaled-e1729354692382.jpeg\",\"contentUrl\":\"https:\/\/www.nexoinformativo.mx\/wp-content\/uploads\/2024\/10\/pexels-anntarazevich-5482975-scaled-e1729354692382.jpeg\",\"width\":800,\"height\":1035},{\"@type\":\"BreadcrumbList\",\"@id\":\"https:\/\/www.nexoinformativo.mx\/index.php\/2024\/10\/19\/el-70-de-los-casos-de-cancer-de-mama-no-se-detectan-a-tiempo-hay-explorarse\/#breadcrumb\",\"itemListElement\":[{\"@type\":\"ListItem\",\"position\":1,\"name\":\"Inicio\",\"item\":\"https:\/\/www.nexoinformativo.mx\/\"},{\"@type\":\"ListItem\",\"position\":2,\"name\":\"El 70% de los casos de C\u00e1ncer de mama no se detectan a tiempo \u00a1Hay que explorarse!\"}]},{\"@type\":\"WebSite\",\"@id\":\"https:\/\/www.nexoinformativo.mx\/#website\",\"url\":\"https:\/\/www.nexoinformativo.mx\/\",\"name\":\"Nexo Informativo Santiago de Quer\u00e9taro\",\"description\":\"Explora NexoInformativo y convi\u00e9rtete en parte de una comunidad que valora el conocimiento y la verdad. Tu nexoinformativo es tu puente hacia una comprensi\u00f3n m\u00e1s profunda del mundo que te rodea.\",\"publisher\":{\"@id\":\"https:\/\/www.nexoinformativo.mx\/#organization\"},\"potentialAction\":[{\"@type\":\"SearchAction\",\"target\":{\"@type\":\"EntryPoint\",\"urlTemplate\":\"https:\/\/www.nexoinformativo.mx\/?s={search_term_string}\"},\"query-input\":{\"@type\":\"PropertyValueSpecification\",\"valueRequired\":true,\"valueName\":\"search_term_string\"}}],\"inLanguage\":\"es\"},{\"@type\":\"Organization\",\"@id\":\"https:\/\/www.nexoinformativo.mx\/#organization\",\"name\":\"Nexo Informativo Santiago de Quer\u00e9taro\",\"url\":\"https:\/\/www.nexoinformativo.mx\/\",\"logo\":{\"@type\":\"ImageObject\",\"inLanguage\":\"es\",\"@id\":\"https:\/\/www.nexoinformativo.mx\/#\/schema\/logo\/image\/\",\"url\":\"https:\/\/www.nexoinformativo.mx\/wp-content\/uploads\/2024\/07\/nexoi-trasparente-2.png\",\"contentUrl\":\"https:\/\/www.nexoinformativo.mx\/wp-content\/uploads\/2024\/07\/nexoi-trasparente-2.png\",\"width\":816,\"height\":339,\"caption\":\"Nexo Informativo Santiago de Quer\u00e9taro\"},\"image\":{\"@id\":\"https:\/\/www.nexoinformativo.mx\/#\/schema\/logo\/image\/\"},\"sameAs\":[\"https:\/\/www.facebook.com\/people\/Nexo-Informativo\/61564066885511\/\"]},{\"@type\":\"Person\",\"@id\":\"https:\/\/www.nexoinformativo.mx\/#\/schema\/person\/7749d380ba08c8ca00d7bc76fd907b7d\",\"name\":\"Nexo Informativo\",\"image\":{\"@type\":\"ImageObject\",\"inLanguage\":\"es\",\"@id\":\"https:\/\/www.nexoinformativo.mx\/#\/schema\/person\/image\/\",\"url\":\"https:\/\/secure.gravatar.com\/avatar\/dde2928154642a13d95f87ddf1ea9718fe2b46760a005c53e41ff5ad610704e6?s=96&d=mm&r=g\",\"contentUrl\":\"https:\/\/secure.gravatar.com\/avatar\/dde2928154642a13d95f87ddf1ea9718fe2b46760a005c53e41ff5ad610704e6?s=96&d=mm&r=g\",\"caption\":\"Nexo Informativo\"},\"url\":\"https:\/\/www.nexoinformativo.mx\/index.php\/author\/edicion\/\"}]}<\/script>\n<!-- \/ Yoast SEO plugin. -->","yoast_head_json":{"title":"El 70% de los casos de C\u00e1ncer de mama no se detectan a tiempo \u00a1Hay que explorarse! | Nexo Informativo Santiago de Quer\u00e9taro","description":"El 70% de los casos de C\u00e1ncer de mama no se detectan a tiempo \u00a1Hay explorarse!","robots":{"index":"index","follow":"follow","max-snippet":"max-snippet:-1","max-image-preview":"max-image-preview:large","max-video-preview":"max-video-preview:-1"},"canonical":"https:\/\/www.nexoinformativo.mx\/index.php\/2024\/10\/19\/el-70-de-los-casos-de-cancer-de-mama-no-se-detectan-a-tiempo-hay-explorarse\/","og_locale":"es_MX","og_type":"article","og_title":"El 70% de los casos de C\u00e1ncer de mama no se detectan a tiempo \u00a1Hay que explorarse! | Nexo Informativo Santiago de Quer\u00e9taro","og_description":"El 70% de los casos de C\u00e1ncer de mama no se detectan a tiempo \u00a1Hay explorarse!","og_url":"https:\/\/www.nexoinformativo.mx\/index.php\/2024\/10\/19\/el-70-de-los-casos-de-cancer-de-mama-no-se-detectan-a-tiempo-hay-explorarse\/","og_site_name":"Nexo Informativo Santiago de Quer\u00e9taro","article_publisher":"https:\/\/www.facebook.com\/people\/Nexo-Informativo\/61564066885511\/","article_published_time":"2024-10-19T15:00:41+00:00","article_modified_time":"2024-10-19T22:08:34+00:00","og_image":[{"width":800,"height":1035,"url":"https:\/\/www.nexoinformativo.mx\/wp-content\/uploads\/2024\/10\/pexels-anntarazevich-5482975-scaled-e1729354692382.jpeg","type":"image\/jpeg"}],"author":"Nexo Informativo","twitter_card":"summary_large_image","twitter_misc":{"Escrito por":"Nexo Informativo","Tiempo de lectura":"2 minutos"},"schema":{"@context":"https:\/\/schema.org","@graph":[{"@type":"Article","@id":"https:\/\/www.nexoinformativo.mx\/index.php\/2024\/10\/19\/el-70-de-los-casos-de-cancer-de-mama-no-se-detectan-a-tiempo-hay-explorarse\/#article","isPartOf":{"@id":"https:\/\/www.nexoinformativo.mx\/index.php\/2024\/10\/19\/el-70-de-los-casos-de-cancer-de-mama-no-se-detectan-a-tiempo-hay-explorarse\/"},"author":{"name":"Nexo Informativo","@id":"https:\/\/www.nexoinformativo.mx\/#\/schema\/person\/7749d380ba08c8ca00d7bc76fd907b7d"},"headline":"El 70% de los casos de C\u00e1ncer de mama no se detectan a tiempo \u00a1Hay que explorarse!","datePublished":"2024-10-19T15:00:41+00:00","dateModified":"2024-10-19T22:08:34+00:00","mainEntityOfPage":{"@id":"https:\/\/www.nexoinformativo.mx\/index.php\/2024\/10\/19\/el-70-de-los-casos-de-cancer-de-mama-no-se-detectan-a-tiempo-hay-explorarse\/"},"wordCount":419,"commentCount":0,"publisher":{"@id":"https:\/\/www.nexoinformativo.mx\/#organization"},"image":{"@id":"https:\/\/www.nexoinformativo.mx\/index.php\/2024\/10\/19\/el-70-de-los-casos-de-cancer-de-mama-no-se-detectan-a-tiempo-hay-explorarse\/#primaryimage"},"thumbnailUrl":"https:\/\/www.nexoinformativo.mx\/wp-content\/uploads\/2024\/10\/pexels-anntarazevich-5482975-scaled-e1729354692382.jpeg","keywords":["Autoexploraci\u00f3n","C\u00e1ncerDeMama","Detecci\u00f3nTemprana","SaludFemenina"],"articleSection":["Nacional","\u00daltima Hora"],"inLanguage":"es","potentialAction":[{"@type":"CommentAction","name":"Comment","target":["https:\/\/www.nexoinformativo.mx\/index.php\/2024\/10\/19\/el-70-de-los-casos-de-cancer-de-mama-no-se-detectan-a-tiempo-hay-explorarse\/#respond"]}]},{"@type":"WebPage","@id":"https:\/\/www.nexoinformativo.mx\/index.php\/2024\/10\/19\/el-70-de-los-casos-de-cancer-de-mama-no-se-detectan-a-tiempo-hay-explorarse\/","url":"https:\/\/www.nexoinformativo.mx\/index.php\/2024\/10\/19\/el-70-de-los-casos-de-cancer-de-mama-no-se-detectan-a-tiempo-hay-explorarse\/","name":"El 70% de los casos de C\u00e1ncer de mama no se detectan a tiempo \u00a1Hay que explorarse! | Nexo Informativo Santiago de Quer\u00e9taro","isPartOf":{"@id":"https:\/\/www.nexoinformativo.mx\/#website"},"primaryImageOfPage":{"@id":"https:\/\/www.nexoinformativo.mx\/index.php\/2024\/10\/19\/el-70-de-los-casos-de-cancer-de-mama-no-se-detectan-a-tiempo-hay-explorarse\/#primaryimage"},"image":{"@id":"https:\/\/www.nexoinformativo.mx\/index.php\/2024\/10\/19\/el-70-de-los-casos-de-cancer-de-mama-no-se-detectan-a-tiempo-hay-explorarse\/#primaryimage"},"thumbnailUrl":"https:\/\/www.nexoinformativo.mx\/wp-content\/uploads\/2024\/10\/pexels-anntarazevich-5482975-scaled-e1729354692382.jpeg","datePublished":"2024-10-19T15:00:41+00:00","dateModified":"2024-10-19T22:08:34+00:00","description":"El 70% de los casos de C\u00e1ncer de mama no se detectan a tiempo \u00a1Hay explorarse!","breadcrumb":{"@id":"https:\/\/www.nexoinformativo.mx\/index.php\/2024\/10\/19\/el-70-de-los-casos-de-cancer-de-mama-no-se-detectan-a-tiempo-hay-explorarse\/#breadcrumb"},"inLanguage":"es","potentialAction":[{"@type":"ReadAction","target":["https:\/\/www.nexoinformativo.mx\/index.php\/2024\/10\/19\/el-70-de-los-casos-de-cancer-de-mama-no-se-detectan-a-tiempo-hay-explorarse\/"]}]},{"@type":"ImageObject","inLanguage":"es","@id":"https:\/\/www.nexoinformativo.mx\/index.php\/2024\/10\/19\/el-70-de-los-casos-de-cancer-de-mama-no-se-detectan-a-tiempo-hay-explorarse\/#primaryimage","url":"https:\/\/www.nexoinformativo.mx\/wp-content\/uploads\/2024\/10\/pexels-anntarazevich-5482975-scaled-e1729354692382.jpeg","contentUrl":"https:\/\/www.nexoinformativo.mx\/wp-content\/uploads\/2024\/10\/pexels-anntarazevich-5482975-scaled-e1729354692382.jpeg","width":800,"height":1035},{"@type":"BreadcrumbList","@id":"https:\/\/www.nexoinformativo.mx\/index.php\/2024\/10\/19\/el-70-de-los-casos-de-cancer-de-mama-no-se-detectan-a-tiempo-hay-explorarse\/#breadcrumb","itemListElement":[{"@type":"ListItem","position":1,"name":"Inicio","item":"https:\/\/www.nexoinformativo.mx\/"},{"@type":"ListItem","position":2,"name":"El 70% de los casos de C\u00e1ncer de mama no se detectan a tiempo \u00a1Hay que explorarse!"}]},{"@type":"WebSite","@id":"https:\/\/www.nexoinformativo.mx\/#website","url":"https:\/\/www.nexoinformativo.mx\/","name":"Nexo Informativo Santiago de Quer\u00e9taro","description":"Explora NexoInformativo y convi\u00e9rtete en parte de una comunidad que valora el conocimiento y la verdad. Tu nexoinformativo es tu puente hacia una comprensi\u00f3n m\u00e1s profunda del mundo que te rodea.","publisher":{"@id":"https:\/\/www.nexoinformativo.mx\/#organization"},"potentialAction":[{"@type":"SearchAction","target":{"@type":"EntryPoint","urlTemplate":"https:\/\/www.nexoinformativo.mx\/?s={search_term_string}"},"query-input":{"@type":"PropertyValueSpecification","valueRequired":true,"valueName":"search_term_string"}}],"inLanguage":"es"},{"@type":"Organization","@id":"https:\/\/www.nexoinformativo.mx\/#organization","name":"Nexo Informativo Santiago de Quer\u00e9taro","url":"https:\/\/www.nexoinformativo.mx\/","logo":{"@type":"ImageObject","inLanguage":"es","@id":"https:\/\/www.nexoinformativo.mx\/#\/schema\/logo\/image\/","url":"https:\/\/www.nexoinformativo.mx\/wp-content\/uploads\/2024\/07\/nexoi-trasparente-2.png","contentUrl":"https:\/\/www.nexoinformativo.mx\/wp-content\/uploads\/2024\/07\/nexoi-trasparente-2.png","width":816,"height":339,"caption":"Nexo Informativo Santiago de Quer\u00e9taro"},"image":{"@id":"https:\/\/www.nexoinformativo.mx\/#\/schema\/logo\/image\/"},"sameAs":["https:\/\/www.facebook.com\/people\/Nexo-Informativo\/61564066885511\/"]},{"@type":"Person","@id":"https:\/\/www.nexoinformativo.mx\/#\/schema\/person\/7749d380ba08c8ca00d7bc76fd907b7d","name":"Nexo Informativo","image":{"@type":"ImageObject","inLanguage":"es","@id":"https:\/\/www.nexoinformativo.mx\/#\/schema\/person\/image\/","url":"https:\/\/secure.gravatar.com\/avatar\/dde2928154642a13d95f87ddf1ea9718fe2b46760a005c53e41ff5ad610704e6?s=96&d=mm&r=g","contentUrl":"https:\/\/secure.gravatar.com\/avatar\/dde2928154642a13d95f87ddf1ea9718fe2b46760a005c53e41ff5ad610704e6?s=96&d=mm&r=g","caption":"Nexo Informativo"},"url":"https:\/\/www.nexoinformativo.mx\/index.php\/author\/edicion\/"}]}},"_links":{"self":[{"href":"https:\/\/www.nexoinformativo.mx\/index.php\/wp-json\/wp\/v2\/posts\/3866","targetHints":{"allow":["GET"]}}],"collection":[{"href":"https:\/\/www.nexoinformativo.mx\/index.php\/wp-json\/wp\/v2\/posts"}],"about":[{"href":"https:\/\/www.nexoinformativo.mx\/index.php\/wp-json\/wp\/v2\/types\/post"}],"author":[{"embeddable":true,"href":"https:\/\/www.nexoinformativo.mx\/index.php\/wp-json\/wp\/v2\/users\/3"}],"replies":[{"embeddable":true,"href":"https:\/\/www.nexoinformativo.mx\/index.php\/wp-json\/wp\/v2\/comments?post=3866"}],"version-history":[{"count":5,"href":"https:\/\/www.nexoinformativo.mx\/index.php\/wp-json\/wp\/v2\/posts\/3866\/revisions"}],"predecessor-version":[{"id":3873,"href":"https:\/\/www.nexoinformativo.mx\/index.php\/wp-json\/wp\/v2\/posts\/3866\/revisions\/3873"}],"wp:featuredmedia":[{"embeddable":true,"href":"https:\/\/www.nexoinformativo.mx\/index.php\/wp-json\/wp\/v2\/media\/3867"}],"wp:attachment":[{"href":"https:\/\/www.nexoinformativo.mx\/index.php\/wp-json\/wp\/v2\/media?parent=3866"}],"wp:term":[{"taxonomy":"category","embeddable":true,"href":"https:\/\/www.nexoinformativo.mx\/index.php\/wp-json\/wp\/v2\/categories?post=3866"},{"taxonomy":"post_tag","embeddable":true,"href":"https:\/\/www.nexoinformativo.mx\/index.php\/wp-json\/wp\/v2\/tags?post=3866"}],"curies":[{"name":"wp","href":"https:\/\/api.w.org\/{rel}","templated":true}]}}