{"id":3880,"date":"2024-10-20T12:30:03","date_gmt":"2024-10-20T18:30:03","guid":{"rendered":"https:\/\/www.nexoinformativo.mx\/?p=3880"},"modified":"2024-10-20T13:46:53","modified_gmt":"2024-10-20T19:46:53","slug":"se-registran-700-mil-mexicanas-a-la-pension-mujeres-bienestar-en-mexico","status":"publish","type":"post","link":"https:\/\/www.nexoinformativo.mx\/index.php\/2024\/10\/20\/se-registran-700-mil-mexicanas-a-la-pension-mujeres-bienestar-en-mexico\/","title":{"rendered":"Se registran 700 mil mexicanas a la Pensi\u00f3n Mujeres Bienestar en M\u00e9xico"},"content":{"rendered":"<p style=\"text-align: justify;\">En un esfuerzo por garantizar el bienestar y la seguridad econ\u00f3mica de las mujeres, 700 mil mexicanas de 63 y 64 a\u00f1os se han registrado para recibir la <strong>Pensi\u00f3n Mujeres Bienestar<\/strong>, un programa que comenzar\u00e1 a otorgar sus beneficios a partir de enero de 2025.<\/p>\n<p>&nbsp;<\/p>\n<p style=\"text-align: justify;\">Esta iniciativa fue anunciada por la secretaria de Bienestar, Ariadna Montiel, durante una gira de trabajo encabezada por la presidenta Claudia Sheinbaum en Esc\u00e1rcega, Campeche. Se destac\u00f3 que este programa es un compromiso hist\u00f3rico que busca apoyar a las mujeres mexicanas, asegurando que las Pensiones y Programas de Bienestar est\u00e1n confirmados.<\/p>\n<p>&nbsp;<\/p>\n<p style=\"text-align: justify;\"><strong>&#8220;Garantizaremos que las pensiones de adultos mayores y el apoyo a personas con discapacidad lleguen a quienes m\u00e1s lo necesitan&#8221;<\/strong>, afirm\u00f3 la secretaria. Adem\u00e1s, el gobierno de M\u00e9xico ha puesto en marcha el programa <strong>&#8220;Salud Casa por Casa&#8221;<\/strong>, que tiene como objetivo brindar atenci\u00f3n m\u00e9dica a los adultos mayores y personas con discapacidad.<\/p>\n<p>&nbsp;<\/p>\n<p style=\"text-align: justify;\">Este programa permitir\u00e1 que m\u00e9dicos y enfermeras realicen visitas peri\u00f3dicas a los beneficiarios de las pensiones. El registro para profesionales de la salud interesados en participar en este programa comenzar\u00e1 el lunes 21 de octubre.<\/p>\n<p>&nbsp;<\/p>\n<p style=\"text-align: justify;\">La secretaria Montiel subray\u00f3 el compromiso del gobierno de la Cuarta Transformaci\u00f3n para consolidar el derecho universal a la salud y trabajar por un M\u00e9xico m\u00e1s pr\u00f3spero y justo, donde nadie se quede atr\u00e1s. &#8220;Por el bien de todos, primero los pobres&#8221;, concluy\u00f3 en el evento realizado.<\/p>\n<p>&nbsp;<\/p>\n<p style=\"text-align: center;\"><em><strong>\u00a1Informaci\u00f3n que transforma!<\/strong><\/em><\/p>\n","protected":false},"excerpt":{"rendered":"<p>En un esfuerzo por garantizar el bienestar y la seguridad econ\u00f3mica de las mujeres, 700 mil mexicanas de 63 y 64 a\u00f1os se han registrado para recibir la Pensi\u00f3n Mujeres Bienestar.<\/p>\n","protected":false},"author":3,"featured_media":3881,"comment_status":"open","ping_status":"open","sticky":false,"template":"","format":"standard","meta":{"footnotes":""},"categories":[88,58],"tags":[1467,681,1157,1468],"class_list":["post-3880","post","type-post","status-publish","format-standard","has-post-thumbnail","hentry","category-nacional","category-ultima-hora","tag-bienestar2025","tag-cuartatransformacion","tag-pensionmujeresbienestar","tag-saludcasaporcasa"],"yoast_head":"<!-- This site is optimized with the Yoast SEO plugin v25.0 - https:\/\/yoast.com\/wordpress\/plugins\/seo\/ -->\n<title>Se registran 700 mil mexicanas a la Pensi\u00f3n Mujeres Bienestar en M\u00e9xico | Nexo Informativo Santiago de Quer\u00e9taro<\/title>\n<meta name=\"description\" content=\"Se registran 700 mil mexicanas a la Pensi\u00f3n Mujeres Bienestar en M\u00e9xico\" \/>\n<meta name=\"robots\" content=\"index, follow, max-snippet:-1, max-image-preview:large, max-video-preview:-1\" \/>\n<link rel=\"canonical\" href=\"https:\/\/www.nexoinformativo.mx\/index.php\/2024\/10\/20\/se-registran-700-mil-mexicanas-a-la-pension-mujeres-bienestar-en-mexico\/\" \/>\n<meta property=\"og:locale\" content=\"es_MX\" \/>\n<meta property=\"og:type\" content=\"article\" \/>\n<meta property=\"og:title\" content=\"Se registran 700 mil mexicanas a la Pensi\u00f3n Mujeres Bienestar en M\u00e9xico | Nexo Informativo Santiago de Quer\u00e9taro\" \/>\n<meta property=\"og:description\" content=\"Se registran 700 mil mexicanas a la Pensi\u00f3n Mujeres Bienestar en M\u00e9xico\" \/>\n<meta property=\"og:url\" content=\"https:\/\/www.nexoinformativo.mx\/index.php\/2024\/10\/20\/se-registran-700-mil-mexicanas-a-la-pension-mujeres-bienestar-en-mexico\/\" \/>\n<meta property=\"og:site_name\" content=\"Nexo Informativo Santiago de Quer\u00e9taro\" \/>\n<meta property=\"article:publisher\" content=\"https:\/\/www.facebook.com\/people\/Nexo-Informativo\/61564066885511\/\" \/>\n<meta property=\"article:published_time\" content=\"2024-10-20T18:30:03+00:00\" \/>\n<meta property=\"article:modified_time\" content=\"2024-10-20T19:46:53+00:00\" \/>\n<meta property=\"og:image\" content=\"https:\/\/www.nexoinformativo.mx\/wp-content\/uploads\/2024\/10\/IMG_7096.png\" \/>\n\t<meta property=\"og:image:width\" content=\"650\" \/>\n\t<meta property=\"og:image:height\" content=\"380\" \/>\n\t<meta property=\"og:image:type\" content=\"image\/png\" \/>\n<meta name=\"author\" content=\"Nexo Informativo\" \/>\n<meta name=\"twitter:card\" content=\"summary_large_image\" \/>\n<meta name=\"twitter:label1\" content=\"Escrito por\" \/>\n\t<meta name=\"twitter:data1\" content=\"Nexo Informativo\" \/>\n\t<meta name=\"twitter:label2\" content=\"Tiempo de lectura\" \/>\n\t<meta name=\"twitter:data2\" content=\"2 minutos\" \/>\n<script type=\"application\/ld+json\" class=\"yoast-schema-graph\">{\"@context\":\"https:\/\/schema.org\",\"@graph\":[{\"@type\":\"Article\",\"@id\":\"https:\/\/www.nexoinformativo.mx\/index.php\/2024\/10\/20\/se-registran-700-mil-mexicanas-a-la-pension-mujeres-bienestar-en-mexico\/#article\",\"isPartOf\":{\"@id\":\"https:\/\/www.nexoinformativo.mx\/index.php\/2024\/10\/20\/se-registran-700-mil-mexicanas-a-la-pension-mujeres-bienestar-en-mexico\/\"},\"author\":{\"name\":\"Nexo Informativo\",\"@id\":\"https:\/\/www.nexoinformativo.mx\/#\/schema\/person\/7749d380ba08c8ca00d7bc76fd907b7d\"},\"headline\":\"Se registran 700 mil mexicanas a la Pensi\u00f3n Mujeres Bienestar en M\u00e9xico\",\"datePublished\":\"2024-10-20T18:30:03+00:00\",\"dateModified\":\"2024-10-20T19:46:53+00:00\",\"mainEntityOfPage\":{\"@id\":\"https:\/\/www.nexoinformativo.mx\/index.php\/2024\/10\/20\/se-registran-700-mil-mexicanas-a-la-pension-mujeres-bienestar-en-mexico\/\"},\"wordCount\":266,\"commentCount\":0,\"publisher\":{\"@id\":\"https:\/\/www.nexoinformativo.mx\/#organization\"},\"image\":{\"@id\":\"https:\/\/www.nexoinformativo.mx\/index.php\/2024\/10\/20\/se-registran-700-mil-mexicanas-a-la-pension-mujeres-bienestar-en-mexico\/#primaryimage\"},\"thumbnailUrl\":\"https:\/\/www.nexoinformativo.mx\/wp-content\/uploads\/2024\/10\/IMG_7096.png\",\"keywords\":[\"Bienestar2025\",\"CuartaTransformaci\u00f3n\",\"Pensi\u00f3nMujeresBienestar\",\"SaludCasaPorCasa\"],\"articleSection\":[\"Nacional\",\"\u00daltima Hora\"],\"inLanguage\":\"es\",\"potentialAction\":[{\"@type\":\"CommentAction\",\"name\":\"Comment\",\"target\":[\"https:\/\/www.nexoinformativo.mx\/index.php\/2024\/10\/20\/se-registran-700-mil-mexicanas-a-la-pension-mujeres-bienestar-en-mexico\/#respond\"]}]},{\"@type\":\"WebPage\",\"@id\":\"https:\/\/www.nexoinformativo.mx\/index.php\/2024\/10\/20\/se-registran-700-mil-mexicanas-a-la-pension-mujeres-bienestar-en-mexico\/\",\"url\":\"https:\/\/www.nexoinformativo.mx\/index.php\/2024\/10\/20\/se-registran-700-mil-mexicanas-a-la-pension-mujeres-bienestar-en-mexico\/\",\"name\":\"Se registran 700 mil mexicanas a la Pensi\u00f3n Mujeres Bienestar en M\u00e9xico | Nexo Informativo Santiago de Quer\u00e9taro\",\"isPartOf\":{\"@id\":\"https:\/\/www.nexoinformativo.mx\/#website\"},\"primaryImageOfPage\":{\"@id\":\"https:\/\/www.nexoinformativo.mx\/index.php\/2024\/10\/20\/se-registran-700-mil-mexicanas-a-la-pension-mujeres-bienestar-en-mexico\/#primaryimage\"},\"image\":{\"@id\":\"https:\/\/www.nexoinformativo.mx\/index.php\/2024\/10\/20\/se-registran-700-mil-mexicanas-a-la-pension-mujeres-bienestar-en-mexico\/#primaryimage\"},\"thumbnailUrl\":\"https:\/\/www.nexoinformativo.mx\/wp-content\/uploads\/2024\/10\/IMG_7096.png\",\"datePublished\":\"2024-10-20T18:30:03+00:00\",\"dateModified\":\"2024-10-20T19:46:53+00:00\",\"description\":\"Se registran 700 mil mexicanas a la Pensi\u00f3n Mujeres Bienestar en M\u00e9xico\",\"breadcrumb\":{\"@id\":\"https:\/\/www.nexoinformativo.mx\/index.php\/2024\/10\/20\/se-registran-700-mil-mexicanas-a-la-pension-mujeres-bienestar-en-mexico\/#breadcrumb\"},\"inLanguage\":\"es\",\"potentialAction\":[{\"@type\":\"ReadAction\",\"target\":[\"https:\/\/www.nexoinformativo.mx\/index.php\/2024\/10\/20\/se-registran-700-mil-mexicanas-a-la-pension-mujeres-bienestar-en-mexico\/\"]}]},{\"@type\":\"ImageObject\",\"inLanguage\":\"es\",\"@id\":\"https:\/\/www.nexoinformativo.mx\/index.php\/2024\/10\/20\/se-registran-700-mil-mexicanas-a-la-pension-mujeres-bienestar-en-mexico\/#primaryimage\",\"url\":\"https:\/\/www.nexoinformativo.mx\/wp-content\/uploads\/2024\/10\/IMG_7096.png\",\"contentUrl\":\"https:\/\/www.nexoinformativo.mx\/wp-content\/uploads\/2024\/10\/IMG_7096.png\",\"width\":650,\"height\":380},{\"@type\":\"BreadcrumbList\",\"@id\":\"https:\/\/www.nexoinformativo.mx\/index.php\/2024\/10\/20\/se-registran-700-mil-mexicanas-a-la-pension-mujeres-bienestar-en-mexico\/#breadcrumb\",\"itemListElement\":[{\"@type\":\"ListItem\",\"position\":1,\"name\":\"Inicio\",\"item\":\"https:\/\/www.nexoinformativo.mx\/\"},{\"@type\":\"ListItem\",\"position\":2,\"name\":\"Se registran 700 mil mexicanas a la Pensi\u00f3n Mujeres Bienestar en M\u00e9xico\"}]},{\"@type\":\"WebSite\",\"@id\":\"https:\/\/www.nexoinformativo.mx\/#website\",\"url\":\"https:\/\/www.nexoinformativo.mx\/\",\"name\":\"Nexo Informativo Santiago de Quer\u00e9taro\",\"description\":\"Explora NexoInformativo y convi\u00e9rtete en parte de una comunidad que valora el conocimiento y la verdad. Tu nexoinformativo es tu puente hacia una comprensi\u00f3n m\u00e1s profunda del mundo que te rodea.\",\"publisher\":{\"@id\":\"https:\/\/www.nexoinformativo.mx\/#organization\"},\"potentialAction\":[{\"@type\":\"SearchAction\",\"target\":{\"@type\":\"EntryPoint\",\"urlTemplate\":\"https:\/\/www.nexoinformativo.mx\/?s={search_term_string}\"},\"query-input\":{\"@type\":\"PropertyValueSpecification\",\"valueRequired\":true,\"valueName\":\"search_term_string\"}}],\"inLanguage\":\"es\"},{\"@type\":\"Organization\",\"@id\":\"https:\/\/www.nexoinformativo.mx\/#organization\",\"name\":\"Nexo Informativo Santiago de Quer\u00e9taro\",\"url\":\"https:\/\/www.nexoinformativo.mx\/\",\"logo\":{\"@type\":\"ImageObject\",\"inLanguage\":\"es\",\"@id\":\"https:\/\/www.nexoinformativo.mx\/#\/schema\/logo\/image\/\",\"url\":\"https:\/\/www.nexoinformativo.mx\/wp-content\/uploads\/2024\/07\/nexoi-trasparente-2.png\",\"contentUrl\":\"https:\/\/www.nexoinformativo.mx\/wp-content\/uploads\/2024\/07\/nexoi-trasparente-2.png\",\"width\":816,\"height\":339,\"caption\":\"Nexo Informativo Santiago de Quer\u00e9taro\"},\"image\":{\"@id\":\"https:\/\/www.nexoinformativo.mx\/#\/schema\/logo\/image\/\"},\"sameAs\":[\"https:\/\/www.facebook.com\/people\/Nexo-Informativo\/61564066885511\/\"]},{\"@type\":\"Person\",\"@id\":\"https:\/\/www.nexoinformativo.mx\/#\/schema\/person\/7749d380ba08c8ca00d7bc76fd907b7d\",\"name\":\"Nexo Informativo\",\"image\":{\"@type\":\"ImageObject\",\"inLanguage\":\"es\",\"@id\":\"https:\/\/www.nexoinformativo.mx\/#\/schema\/person\/image\/\",\"url\":\"https:\/\/secure.gravatar.com\/avatar\/dde2928154642a13d95f87ddf1ea9718fe2b46760a005c53e41ff5ad610704e6?s=96&d=mm&r=g\",\"contentUrl\":\"https:\/\/secure.gravatar.com\/avatar\/dde2928154642a13d95f87ddf1ea9718fe2b46760a005c53e41ff5ad610704e6?s=96&d=mm&r=g\",\"caption\":\"Nexo Informativo\"},\"url\":\"https:\/\/www.nexoinformativo.mx\/index.php\/author\/edicion\/\"}]}<\/script>\n<!-- \/ Yoast SEO plugin. -->","yoast_head_json":{"title":"Se registran 700 mil mexicanas a la Pensi\u00f3n Mujeres Bienestar en M\u00e9xico | Nexo Informativo Santiago de Quer\u00e9taro","description":"Se registran 700 mil mexicanas a la Pensi\u00f3n Mujeres Bienestar en M\u00e9xico","robots":{"index":"index","follow":"follow","max-snippet":"max-snippet:-1","max-image-preview":"max-image-preview:large","max-video-preview":"max-video-preview:-1"},"canonical":"https:\/\/www.nexoinformativo.mx\/index.php\/2024\/10\/20\/se-registran-700-mil-mexicanas-a-la-pension-mujeres-bienestar-en-mexico\/","og_locale":"es_MX","og_type":"article","og_title":"Se registran 700 mil mexicanas a la Pensi\u00f3n Mujeres Bienestar en M\u00e9xico | Nexo Informativo Santiago de Quer\u00e9taro","og_description":"Se registran 700 mil mexicanas a la Pensi\u00f3n Mujeres Bienestar en M\u00e9xico","og_url":"https:\/\/www.nexoinformativo.mx\/index.php\/2024\/10\/20\/se-registran-700-mil-mexicanas-a-la-pension-mujeres-bienestar-en-mexico\/","og_site_name":"Nexo Informativo Santiago de Quer\u00e9taro","article_publisher":"https:\/\/www.facebook.com\/people\/Nexo-Informativo\/61564066885511\/","article_published_time":"2024-10-20T18:30:03+00:00","article_modified_time":"2024-10-20T19:46:53+00:00","og_image":[{"width":650,"height":380,"url":"https:\/\/www.nexoinformativo.mx\/wp-content\/uploads\/2024\/10\/IMG_7096.png","type":"image\/png"}],"author":"Nexo Informativo","twitter_card":"summary_large_image","twitter_misc":{"Escrito por":"Nexo Informativo","Tiempo de lectura":"2 minutos"},"schema":{"@context":"https:\/\/schema.org","@graph":[{"@type":"Article","@id":"https:\/\/www.nexoinformativo.mx\/index.php\/2024\/10\/20\/se-registran-700-mil-mexicanas-a-la-pension-mujeres-bienestar-en-mexico\/#article","isPartOf":{"@id":"https:\/\/www.nexoinformativo.mx\/index.php\/2024\/10\/20\/se-registran-700-mil-mexicanas-a-la-pension-mujeres-bienestar-en-mexico\/"},"author":{"name":"Nexo Informativo","@id":"https:\/\/www.nexoinformativo.mx\/#\/schema\/person\/7749d380ba08c8ca00d7bc76fd907b7d"},"headline":"Se registran 700 mil mexicanas a la Pensi\u00f3n Mujeres Bienestar en M\u00e9xico","datePublished":"2024-10-20T18:30:03+00:00","dateModified":"2024-10-20T19:46:53+00:00","mainEntityOfPage":{"@id":"https:\/\/www.nexoinformativo.mx\/index.php\/2024\/10\/20\/se-registran-700-mil-mexicanas-a-la-pension-mujeres-bienestar-en-mexico\/"},"wordCount":266,"commentCount":0,"publisher":{"@id":"https:\/\/www.nexoinformativo.mx\/#organization"},"image":{"@id":"https:\/\/www.nexoinformativo.mx\/index.php\/2024\/10\/20\/se-registran-700-mil-mexicanas-a-la-pension-mujeres-bienestar-en-mexico\/#primaryimage"},"thumbnailUrl":"https:\/\/www.nexoinformativo.mx\/wp-content\/uploads\/2024\/10\/IMG_7096.png","keywords":["Bienestar2025","CuartaTransformaci\u00f3n","Pensi\u00f3nMujeresBienestar","SaludCasaPorCasa"],"articleSection":["Nacional","\u00daltima Hora"],"inLanguage":"es","potentialAction":[{"@type":"CommentAction","name":"Comment","target":["https:\/\/www.nexoinformativo.mx\/index.php\/2024\/10\/20\/se-registran-700-mil-mexicanas-a-la-pension-mujeres-bienestar-en-mexico\/#respond"]}]},{"@type":"WebPage","@id":"https:\/\/www.nexoinformativo.mx\/index.php\/2024\/10\/20\/se-registran-700-mil-mexicanas-a-la-pension-mujeres-bienestar-en-mexico\/","url":"https:\/\/www.nexoinformativo.mx\/index.php\/2024\/10\/20\/se-registran-700-mil-mexicanas-a-la-pension-mujeres-bienestar-en-mexico\/","name":"Se registran 700 mil mexicanas a la Pensi\u00f3n Mujeres Bienestar en M\u00e9xico | Nexo Informativo Santiago de Quer\u00e9taro","isPartOf":{"@id":"https:\/\/www.nexoinformativo.mx\/#website"},"primaryImageOfPage":{"@id":"https:\/\/www.nexoinformativo.mx\/index.php\/2024\/10\/20\/se-registran-700-mil-mexicanas-a-la-pension-mujeres-bienestar-en-mexico\/#primaryimage"},"image":{"@id":"https:\/\/www.nexoinformativo.mx\/index.php\/2024\/10\/20\/se-registran-700-mil-mexicanas-a-la-pension-mujeres-bienestar-en-mexico\/#primaryimage"},"thumbnailUrl":"https:\/\/www.nexoinformativo.mx\/wp-content\/uploads\/2024\/10\/IMG_7096.png","datePublished":"2024-10-20T18:30:03+00:00","dateModified":"2024-10-20T19:46:53+00:00","description":"Se registran 700 mil mexicanas a la Pensi\u00f3n Mujeres Bienestar en M\u00e9xico","breadcrumb":{"@id":"https:\/\/www.nexoinformativo.mx\/index.php\/2024\/10\/20\/se-registran-700-mil-mexicanas-a-la-pension-mujeres-bienestar-en-mexico\/#breadcrumb"},"inLanguage":"es","potentialAction":[{"@type":"ReadAction","target":["https:\/\/www.nexoinformativo.mx\/index.php\/2024\/10\/20\/se-registran-700-mil-mexicanas-a-la-pension-mujeres-bienestar-en-mexico\/"]}]},{"@type":"ImageObject","inLanguage":"es","@id":"https:\/\/www.nexoinformativo.mx\/index.php\/2024\/10\/20\/se-registran-700-mil-mexicanas-a-la-pension-mujeres-bienestar-en-mexico\/#primaryimage","url":"https:\/\/www.nexoinformativo.mx\/wp-content\/uploads\/2024\/10\/IMG_7096.png","contentUrl":"https:\/\/www.nexoinformativo.mx\/wp-content\/uploads\/2024\/10\/IMG_7096.png","width":650,"height":380},{"@type":"BreadcrumbList","@id":"https:\/\/www.nexoinformativo.mx\/index.php\/2024\/10\/20\/se-registran-700-mil-mexicanas-a-la-pension-mujeres-bienestar-en-mexico\/#breadcrumb","itemListElement":[{"@type":"ListItem","position":1,"name":"Inicio","item":"https:\/\/www.nexoinformativo.mx\/"},{"@type":"ListItem","position":2,"name":"Se registran 700 mil mexicanas a la Pensi\u00f3n Mujeres Bienestar en M\u00e9xico"}]},{"@type":"WebSite","@id":"https:\/\/www.nexoinformativo.mx\/#website","url":"https:\/\/www.nexoinformativo.mx\/","name":"Nexo Informativo Santiago de Quer\u00e9taro","description":"Explora NexoInformativo y convi\u00e9rtete en parte de una comunidad que valora el conocimiento y la verdad. Tu nexoinformativo es tu puente hacia una comprensi\u00f3n m\u00e1s profunda del mundo que te rodea.","publisher":{"@id":"https:\/\/www.nexoinformativo.mx\/#organization"},"potentialAction":[{"@type":"SearchAction","target":{"@type":"EntryPoint","urlTemplate":"https:\/\/www.nexoinformativo.mx\/?s={search_term_string}"},"query-input":{"@type":"PropertyValueSpecification","valueRequired":true,"valueName":"search_term_string"}}],"inLanguage":"es"},{"@type":"Organization","@id":"https:\/\/www.nexoinformativo.mx\/#organization","name":"Nexo Informativo Santiago de Quer\u00e9taro","url":"https:\/\/www.nexoinformativo.mx\/","logo":{"@type":"ImageObject","inLanguage":"es","@id":"https:\/\/www.nexoinformativo.mx\/#\/schema\/logo\/image\/","url":"https:\/\/www.nexoinformativo.mx\/wp-content\/uploads\/2024\/07\/nexoi-trasparente-2.png","contentUrl":"https:\/\/www.nexoinformativo.mx\/wp-content\/uploads\/2024\/07\/nexoi-trasparente-2.png","width":816,"height":339,"caption":"Nexo Informativo Santiago de Quer\u00e9taro"},"image":{"@id":"https:\/\/www.nexoinformativo.mx\/#\/schema\/logo\/image\/"},"sameAs":["https:\/\/www.facebook.com\/people\/Nexo-Informativo\/61564066885511\/"]},{"@type":"Person","@id":"https:\/\/www.nexoinformativo.mx\/#\/schema\/person\/7749d380ba08c8ca00d7bc76fd907b7d","name":"Nexo Informativo","image":{"@type":"ImageObject","inLanguage":"es","@id":"https:\/\/www.nexoinformativo.mx\/#\/schema\/person\/image\/","url":"https:\/\/secure.gravatar.com\/avatar\/dde2928154642a13d95f87ddf1ea9718fe2b46760a005c53e41ff5ad610704e6?s=96&d=mm&r=g","contentUrl":"https:\/\/secure.gravatar.com\/avatar\/dde2928154642a13d95f87ddf1ea9718fe2b46760a005c53e41ff5ad610704e6?s=96&d=mm&r=g","caption":"Nexo Informativo"},"url":"https:\/\/www.nexoinformativo.mx\/index.php\/author\/edicion\/"}]}},"_links":{"self":[{"href":"https:\/\/www.nexoinformativo.mx\/index.php\/wp-json\/wp\/v2\/posts\/3880","targetHints":{"allow":["GET"]}}],"collection":[{"href":"https:\/\/www.nexoinformativo.mx\/index.php\/wp-json\/wp\/v2\/posts"}],"about":[{"href":"https:\/\/www.nexoinformativo.mx\/index.php\/wp-json\/wp\/v2\/types\/post"}],"author":[{"embeddable":true,"href":"https:\/\/www.nexoinformativo.mx\/index.php\/wp-json\/wp\/v2\/users\/3"}],"replies":[{"embeddable":true,"href":"https:\/\/www.nexoinformativo.mx\/index.php\/wp-json\/wp\/v2\/comments?post=3880"}],"version-history":[{"count":4,"href":"https:\/\/www.nexoinformativo.mx\/index.php\/wp-json\/wp\/v2\/posts\/3880\/revisions"}],"predecessor-version":[{"id":3883,"href":"https:\/\/www.nexoinformativo.mx\/index.php\/wp-json\/wp\/v2\/posts\/3880\/revisions\/3883"}],"wp:featuredmedia":[{"embeddable":true,"href":"https:\/\/www.nexoinformativo.mx\/index.php\/wp-json\/wp\/v2\/media\/3881"}],"wp:attachment":[{"href":"https:\/\/www.nexoinformativo.mx\/index.php\/wp-json\/wp\/v2\/media?parent=3880"}],"wp:term":[{"taxonomy":"category","embeddable":true,"href":"https:\/\/www.nexoinformativo.mx\/index.php\/wp-json\/wp\/v2\/categories?post=3880"},{"taxonomy":"post_tag","embeddable":true,"href":"https:\/\/www.nexoinformativo.mx\/index.php\/wp-json\/wp\/v2\/tags?post=3880"}],"curies":[{"name":"wp","href":"https:\/\/api.w.org\/{rel}","templated":true}]}}