{"id":3906,"date":"2024-10-20T15:00:30","date_gmt":"2024-10-20T21:00:30","guid":{"rendered":"https:\/\/www.nexoinformativo.mx\/?p=3906"},"modified":"2024-10-20T16:33:33","modified_gmt":"2024-10-20T22:33:33","slug":"la-muerte-de-liam-payne-un-llamado-a-la-salud-emocional-de-los-jovenes-y-nuevas-masculinidades","status":"publish","type":"post","link":"https:\/\/www.nexoinformativo.mx\/index.php\/2024\/10\/20\/la-muerte-de-liam-payne-un-llamado-a-la-salud-emocional-de-los-jovenes-y-nuevas-masculinidades\/","title":{"rendered":"La muerte de Liam Payne: un llamado a la salud emocional de los j\u00f3venes y nuevas masculinidades"},"content":{"rendered":"<p style=\"text-align: justify;\">La reciente muerte del cantante brit\u00e1nico Liam Payne ha encendido una urgente conversaci\u00f3n sobre la salud emocional de los j\u00f3venes en Quer\u00e9taro y en todo el mundo. Manuel Edmundo Ramos, presidente de SOS Discriminaci\u00f3n Internacional Quer\u00e9taro, haciendo un llamado a la acci\u00f3n para que se impulsen legislaciones que promuevan nuevas masculinidades saludables.<\/p>\n<p>&nbsp;<\/p>\n<p style=\"text-align: justify;\">Seg\u00fan Ramos, es fundamental brindar herramientas a los j\u00f3venes para construir relaciones libres de violencia y fomentar el cuidado de su salud emocional. Liam Payne, exintegrante de One Direction, fue conocido por sus problemas personales y su lucha contra el alcoholismo. En varias ocasiones, el cantante confes\u00f3 haber enfrentado pensamientos suicidas, reflejando una realidad preocupante que enfrenta muchos hombres en la actualidad.<\/p>\n<p>&nbsp;<\/p>\n<p style=\"text-align: justify;\"><strong>&#8220;La cultura machista les ense\u00f1a a ocultar su verdadero estado emocional tras una m\u00e1scara de fortaleza&#8221;<\/strong>, se\u00f1al\u00f3 Ramos Guti\u00e9rrez. Esta situaci\u00f3n ha llevado a un aumento en las tasas de suicidio en M\u00e9xico. De acuerdo con datos del INEGI, durante 2023 se registraron 8,837 suicidios en M\u00e9xico, siendo el 81.1% de las v\u00edctimas hombres. Las cifras indican que los j\u00f3venes entre 20 y 34 a\u00f1os son los m\u00e1s afectados.<\/p>\n<p>&nbsp;<\/p>\n<p style=\"text-align: justify;\">En Quer\u00e9taro, la situaci\u00f3n es cr\u00edtica, ya que la entidad se encuentra entre los 10 primeros lugares a nivel nacional en suicidios. Ramos inst\u00f3 a los diputados locales y federales a legislar en favor de la <strong>&#8220;Ley de Nuevas Masculinidades Saludables en Quer\u00e9taro&#8221;<\/strong>, un modelo que podr\u00eda inspirarse en la &#8220;Ley de fomento de masculinidades para la igualdad de g\u00e9nero&#8221; de Per\u00fa.<\/p>\n<p>&nbsp;<\/p>\n<p style=\"text-align: justify;\">Esta legislaci\u00f3n podr\u00eda proporcionar a los hombres j\u00f3venes herramientas para su desarrollo emocional y afectivo, ayud\u00e1ndoles a construir proyectos de vida saludables y pac\u00edficos. &#8220;Desafortunadamente, las generaciones anteriores no contaron con estas herramientas, lo que ha llevado a un aumento en las adicciones, la violencia y, en muchos casos suicidio&#8221;, concluy\u00f3.<\/p>\n<p>&nbsp;<\/p>\n<p style=\"text-align: justify;\">La urgencia de atender la salud emocional de los j\u00f3venes, as\u00ed como la necesidad de construir nuevas masculinidades, son temas que requieren atenci\u00f3n inmediata para prevenir tragedias como la del cantante. Descanse en paz Liam Payne.<\/p>\n<p>&nbsp;<\/p>\n<p style=\"text-align: center;\"><em><strong>\u00a1Informaci\u00f3n que transforma!<\/strong><\/em><\/p>\n","protected":false},"excerpt":{"rendered":"<p>La reciente muerte del cantante brit\u00e1nico Liam Payne ha encendido una urgente conversaci\u00f3n sobre la salud emocional de los j\u00f3venes en Quer\u00e9taro y en todo el mundo.<\/p>\n","protected":false},"author":3,"featured_media":3907,"comment_status":"open","ping_status":"open","sticky":false,"template":"","format":"standard","meta":{"footnotes":""},"categories":[50,137],"tags":[1473,752,133,1472],"class_list":["post-3906","post","type-post","status-publish","format-standard","has-post-thumbnail","hentry","category-espectaculos","category-sucesos","tag-nuevasmasculinidades","tag-prevencionsuicidio","tag-queretaro","tag-saludemocional"],"yoast_head":"<!-- This site is optimized with the Yoast SEO plugin v25.0 - https:\/\/yoast.com\/wordpress\/plugins\/seo\/ -->\n<title>La muerte de Liam Payne: un llamado a la salud emocional de los j\u00f3venes y nuevas masculinidades | Nexo Informativo Santiago de Quer\u00e9taro<\/title>\n<meta name=\"description\" content=\"La muerte de Liam Payne: un llamado a la salud emocional de los j\u00f3venes y nuevas masculinidades\" \/>\n<meta name=\"robots\" content=\"index, follow, max-snippet:-1, max-image-preview:large, max-video-preview:-1\" \/>\n<link rel=\"canonical\" href=\"https:\/\/www.nexoinformativo.mx\/index.php\/2024\/10\/20\/la-muerte-de-liam-payne-un-llamado-a-la-salud-emocional-de-los-jovenes-y-nuevas-masculinidades\/\" \/>\n<meta property=\"og:locale\" content=\"es_MX\" \/>\n<meta property=\"og:type\" content=\"article\" \/>\n<meta property=\"og:title\" content=\"La muerte de Liam Payne: un llamado a la salud emocional de los j\u00f3venes y nuevas masculinidades | Nexo Informativo Santiago de Quer\u00e9taro\" \/>\n<meta property=\"og:description\" content=\"La muerte de Liam Payne: un llamado a la salud emocional de los j\u00f3venes y nuevas masculinidades\" \/>\n<meta property=\"og:url\" content=\"https:\/\/www.nexoinformativo.mx\/index.php\/2024\/10\/20\/la-muerte-de-liam-payne-un-llamado-a-la-salud-emocional-de-los-jovenes-y-nuevas-masculinidades\/\" \/>\n<meta property=\"og:site_name\" content=\"Nexo Informativo Santiago de Quer\u00e9taro\" \/>\n<meta property=\"article:publisher\" content=\"https:\/\/www.facebook.com\/people\/Nexo-Informativo\/61564066885511\/\" \/>\n<meta property=\"article:published_time\" content=\"2024-10-20T21:00:30+00:00\" \/>\n<meta property=\"article:modified_time\" content=\"2024-10-20T22:33:33+00:00\" \/>\n<meta property=\"og:image\" content=\"https:\/\/www.nexoinformativo.mx\/wp-content\/uploads\/2024\/10\/PHOTO-2024-10-20-15-41-01-e1729463378587.jpg\" \/>\n\t<meta property=\"og:image:width\" content=\"800\" \/>\n\t<meta property=\"og:image:height\" content=\"794\" \/>\n\t<meta property=\"og:image:type\" content=\"image\/jpeg\" \/>\n<meta name=\"author\" content=\"Nexo Informativo\" \/>\n<meta name=\"twitter:card\" content=\"summary_large_image\" \/>\n<meta name=\"twitter:label1\" content=\"Escrito por\" \/>\n\t<meta name=\"twitter:data1\" content=\"Nexo Informativo\" \/>\n\t<meta name=\"twitter:label2\" content=\"Tiempo de lectura\" \/>\n\t<meta name=\"twitter:data2\" content=\"2 minutos\" \/>\n<script type=\"application\/ld+json\" class=\"yoast-schema-graph\">{\"@context\":\"https:\/\/schema.org\",\"@graph\":[{\"@type\":\"Article\",\"@id\":\"https:\/\/www.nexoinformativo.mx\/index.php\/2024\/10\/20\/la-muerte-de-liam-payne-un-llamado-a-la-salud-emocional-de-los-jovenes-y-nuevas-masculinidades\/#article\",\"isPartOf\":{\"@id\":\"https:\/\/www.nexoinformativo.mx\/index.php\/2024\/10\/20\/la-muerte-de-liam-payne-un-llamado-a-la-salud-emocional-de-los-jovenes-y-nuevas-masculinidades\/\"},\"author\":{\"name\":\"Nexo Informativo\",\"@id\":\"https:\/\/www.nexoinformativo.mx\/#\/schema\/person\/7749d380ba08c8ca00d7bc76fd907b7d\"},\"headline\":\"La muerte de Liam Payne: un llamado a la salud emocional de los j\u00f3venes y nuevas masculinidades\",\"datePublished\":\"2024-10-20T21:00:30+00:00\",\"dateModified\":\"2024-10-20T22:33:33+00:00\",\"mainEntityOfPage\":{\"@id\":\"https:\/\/www.nexoinformativo.mx\/index.php\/2024\/10\/20\/la-muerte-de-liam-payne-un-llamado-a-la-salud-emocional-de-los-jovenes-y-nuevas-masculinidades\/\"},\"wordCount\":387,\"commentCount\":0,\"publisher\":{\"@id\":\"https:\/\/www.nexoinformativo.mx\/#organization\"},\"image\":{\"@id\":\"https:\/\/www.nexoinformativo.mx\/index.php\/2024\/10\/20\/la-muerte-de-liam-payne-un-llamado-a-la-salud-emocional-de-los-jovenes-y-nuevas-masculinidades\/#primaryimage\"},\"thumbnailUrl\":\"https:\/\/www.nexoinformativo.mx\/wp-content\/uploads\/2024\/10\/PHOTO-2024-10-20-15-41-01-e1729463378587.jpg\",\"keywords\":[\"NuevasMasculinidades\",\"Prevenci\u00f3nSuicidio\",\"Quer\u00e9taro\",\"SaludEmocional\"],\"articleSection\":[\"Espect\u00e1culos\",\"Sucesos\"],\"inLanguage\":\"es\",\"potentialAction\":[{\"@type\":\"CommentAction\",\"name\":\"Comment\",\"target\":[\"https:\/\/www.nexoinformativo.mx\/index.php\/2024\/10\/20\/la-muerte-de-liam-payne-un-llamado-a-la-salud-emocional-de-los-jovenes-y-nuevas-masculinidades\/#respond\"]}]},{\"@type\":\"WebPage\",\"@id\":\"https:\/\/www.nexoinformativo.mx\/index.php\/2024\/10\/20\/la-muerte-de-liam-payne-un-llamado-a-la-salud-emocional-de-los-jovenes-y-nuevas-masculinidades\/\",\"url\":\"https:\/\/www.nexoinformativo.mx\/index.php\/2024\/10\/20\/la-muerte-de-liam-payne-un-llamado-a-la-salud-emocional-de-los-jovenes-y-nuevas-masculinidades\/\",\"name\":\"La muerte de Liam Payne: un llamado a la salud emocional de los j\u00f3venes y nuevas masculinidades | Nexo Informativo Santiago de Quer\u00e9taro\",\"isPartOf\":{\"@id\":\"https:\/\/www.nexoinformativo.mx\/#website\"},\"primaryImageOfPage\":{\"@id\":\"https:\/\/www.nexoinformativo.mx\/index.php\/2024\/10\/20\/la-muerte-de-liam-payne-un-llamado-a-la-salud-emocional-de-los-jovenes-y-nuevas-masculinidades\/#primaryimage\"},\"image\":{\"@id\":\"https:\/\/www.nexoinformativo.mx\/index.php\/2024\/10\/20\/la-muerte-de-liam-payne-un-llamado-a-la-salud-emocional-de-los-jovenes-y-nuevas-masculinidades\/#primaryimage\"},\"thumbnailUrl\":\"https:\/\/www.nexoinformativo.mx\/wp-content\/uploads\/2024\/10\/PHOTO-2024-10-20-15-41-01-e1729463378587.jpg\",\"datePublished\":\"2024-10-20T21:00:30+00:00\",\"dateModified\":\"2024-10-20T22:33:33+00:00\",\"description\":\"La muerte de Liam Payne: un llamado a la salud emocional de los j\u00f3venes y nuevas masculinidades\",\"breadcrumb\":{\"@id\":\"https:\/\/www.nexoinformativo.mx\/index.php\/2024\/10\/20\/la-muerte-de-liam-payne-un-llamado-a-la-salud-emocional-de-los-jovenes-y-nuevas-masculinidades\/#breadcrumb\"},\"inLanguage\":\"es\",\"potentialAction\":[{\"@type\":\"ReadAction\",\"target\":[\"https:\/\/www.nexoinformativo.mx\/index.php\/2024\/10\/20\/la-muerte-de-liam-payne-un-llamado-a-la-salud-emocional-de-los-jovenes-y-nuevas-masculinidades\/\"]}]},{\"@type\":\"ImageObject\",\"inLanguage\":\"es\",\"@id\":\"https:\/\/www.nexoinformativo.mx\/index.php\/2024\/10\/20\/la-muerte-de-liam-payne-un-llamado-a-la-salud-emocional-de-los-jovenes-y-nuevas-masculinidades\/#primaryimage\",\"url\":\"https:\/\/www.nexoinformativo.mx\/wp-content\/uploads\/2024\/10\/PHOTO-2024-10-20-15-41-01-e1729463378587.jpg\",\"contentUrl\":\"https:\/\/www.nexoinformativo.mx\/wp-content\/uploads\/2024\/10\/PHOTO-2024-10-20-15-41-01-e1729463378587.jpg\",\"width\":800,\"height\":794},{\"@type\":\"BreadcrumbList\",\"@id\":\"https:\/\/www.nexoinformativo.mx\/index.php\/2024\/10\/20\/la-muerte-de-liam-payne-un-llamado-a-la-salud-emocional-de-los-jovenes-y-nuevas-masculinidades\/#breadcrumb\",\"itemListElement\":[{\"@type\":\"ListItem\",\"position\":1,\"name\":\"Inicio\",\"item\":\"https:\/\/www.nexoinformativo.mx\/\"},{\"@type\":\"ListItem\",\"position\":2,\"name\":\"La muerte de Liam Payne: un llamado a la salud emocional de los j\u00f3venes y nuevas masculinidades\"}]},{\"@type\":\"WebSite\",\"@id\":\"https:\/\/www.nexoinformativo.mx\/#website\",\"url\":\"https:\/\/www.nexoinformativo.mx\/\",\"name\":\"Nexo Informativo Santiago de Quer\u00e9taro\",\"description\":\"Explora NexoInformativo y convi\u00e9rtete en parte de una comunidad que valora el conocimiento y la verdad. Tu nexoinformativo es tu puente hacia una comprensi\u00f3n m\u00e1s profunda del mundo que te rodea.\",\"publisher\":{\"@id\":\"https:\/\/www.nexoinformativo.mx\/#organization\"},\"potentialAction\":[{\"@type\":\"SearchAction\",\"target\":{\"@type\":\"EntryPoint\",\"urlTemplate\":\"https:\/\/www.nexoinformativo.mx\/?s={search_term_string}\"},\"query-input\":{\"@type\":\"PropertyValueSpecification\",\"valueRequired\":true,\"valueName\":\"search_term_string\"}}],\"inLanguage\":\"es\"},{\"@type\":\"Organization\",\"@id\":\"https:\/\/www.nexoinformativo.mx\/#organization\",\"name\":\"Nexo Informativo Santiago de Quer\u00e9taro\",\"url\":\"https:\/\/www.nexoinformativo.mx\/\",\"logo\":{\"@type\":\"ImageObject\",\"inLanguage\":\"es\",\"@id\":\"https:\/\/www.nexoinformativo.mx\/#\/schema\/logo\/image\/\",\"url\":\"https:\/\/www.nexoinformativo.mx\/wp-content\/uploads\/2024\/07\/nexoi-trasparente-2.png\",\"contentUrl\":\"https:\/\/www.nexoinformativo.mx\/wp-content\/uploads\/2024\/07\/nexoi-trasparente-2.png\",\"width\":816,\"height\":339,\"caption\":\"Nexo Informativo Santiago de Quer\u00e9taro\"},\"image\":{\"@id\":\"https:\/\/www.nexoinformativo.mx\/#\/schema\/logo\/image\/\"},\"sameAs\":[\"https:\/\/www.facebook.com\/people\/Nexo-Informativo\/61564066885511\/\"]},{\"@type\":\"Person\",\"@id\":\"https:\/\/www.nexoinformativo.mx\/#\/schema\/person\/7749d380ba08c8ca00d7bc76fd907b7d\",\"name\":\"Nexo Informativo\",\"image\":{\"@type\":\"ImageObject\",\"inLanguage\":\"es\",\"@id\":\"https:\/\/www.nexoinformativo.mx\/#\/schema\/person\/image\/\",\"url\":\"https:\/\/secure.gravatar.com\/avatar\/dde2928154642a13d95f87ddf1ea9718fe2b46760a005c53e41ff5ad610704e6?s=96&d=mm&r=g\",\"contentUrl\":\"https:\/\/secure.gravatar.com\/avatar\/dde2928154642a13d95f87ddf1ea9718fe2b46760a005c53e41ff5ad610704e6?s=96&d=mm&r=g\",\"caption\":\"Nexo Informativo\"},\"url\":\"https:\/\/www.nexoinformativo.mx\/index.php\/author\/edicion\/\"}]}<\/script>\n<!-- \/ Yoast SEO plugin. -->","yoast_head_json":{"title":"La muerte de Liam Payne: un llamado a la salud emocional de los j\u00f3venes y nuevas masculinidades | Nexo Informativo Santiago de Quer\u00e9taro","description":"La muerte de Liam Payne: un llamado a la salud emocional de los j\u00f3venes y nuevas masculinidades","robots":{"index":"index","follow":"follow","max-snippet":"max-snippet:-1","max-image-preview":"max-image-preview:large","max-video-preview":"max-video-preview:-1"},"canonical":"https:\/\/www.nexoinformativo.mx\/index.php\/2024\/10\/20\/la-muerte-de-liam-payne-un-llamado-a-la-salud-emocional-de-los-jovenes-y-nuevas-masculinidades\/","og_locale":"es_MX","og_type":"article","og_title":"La muerte de Liam Payne: un llamado a la salud emocional de los j\u00f3venes y nuevas masculinidades | Nexo Informativo Santiago de Quer\u00e9taro","og_description":"La muerte de Liam Payne: un llamado a la salud emocional de los j\u00f3venes y nuevas masculinidades","og_url":"https:\/\/www.nexoinformativo.mx\/index.php\/2024\/10\/20\/la-muerte-de-liam-payne-un-llamado-a-la-salud-emocional-de-los-jovenes-y-nuevas-masculinidades\/","og_site_name":"Nexo Informativo Santiago de Quer\u00e9taro","article_publisher":"https:\/\/www.facebook.com\/people\/Nexo-Informativo\/61564066885511\/","article_published_time":"2024-10-20T21:00:30+00:00","article_modified_time":"2024-10-20T22:33:33+00:00","og_image":[{"width":800,"height":794,"url":"https:\/\/www.nexoinformativo.mx\/wp-content\/uploads\/2024\/10\/PHOTO-2024-10-20-15-41-01-e1729463378587.jpg","type":"image\/jpeg"}],"author":"Nexo Informativo","twitter_card":"summary_large_image","twitter_misc":{"Escrito por":"Nexo Informativo","Tiempo de lectura":"2 minutos"},"schema":{"@context":"https:\/\/schema.org","@graph":[{"@type":"Article","@id":"https:\/\/www.nexoinformativo.mx\/index.php\/2024\/10\/20\/la-muerte-de-liam-payne-un-llamado-a-la-salud-emocional-de-los-jovenes-y-nuevas-masculinidades\/#article","isPartOf":{"@id":"https:\/\/www.nexoinformativo.mx\/index.php\/2024\/10\/20\/la-muerte-de-liam-payne-un-llamado-a-la-salud-emocional-de-los-jovenes-y-nuevas-masculinidades\/"},"author":{"name":"Nexo Informativo","@id":"https:\/\/www.nexoinformativo.mx\/#\/schema\/person\/7749d380ba08c8ca00d7bc76fd907b7d"},"headline":"La muerte de Liam Payne: un llamado a la salud emocional de los j\u00f3venes y nuevas masculinidades","datePublished":"2024-10-20T21:00:30+00:00","dateModified":"2024-10-20T22:33:33+00:00","mainEntityOfPage":{"@id":"https:\/\/www.nexoinformativo.mx\/index.php\/2024\/10\/20\/la-muerte-de-liam-payne-un-llamado-a-la-salud-emocional-de-los-jovenes-y-nuevas-masculinidades\/"},"wordCount":387,"commentCount":0,"publisher":{"@id":"https:\/\/www.nexoinformativo.mx\/#organization"},"image":{"@id":"https:\/\/www.nexoinformativo.mx\/index.php\/2024\/10\/20\/la-muerte-de-liam-payne-un-llamado-a-la-salud-emocional-de-los-jovenes-y-nuevas-masculinidades\/#primaryimage"},"thumbnailUrl":"https:\/\/www.nexoinformativo.mx\/wp-content\/uploads\/2024\/10\/PHOTO-2024-10-20-15-41-01-e1729463378587.jpg","keywords":["NuevasMasculinidades","Prevenci\u00f3nSuicidio","Quer\u00e9taro","SaludEmocional"],"articleSection":["Espect\u00e1culos","Sucesos"],"inLanguage":"es","potentialAction":[{"@type":"CommentAction","name":"Comment","target":["https:\/\/www.nexoinformativo.mx\/index.php\/2024\/10\/20\/la-muerte-de-liam-payne-un-llamado-a-la-salud-emocional-de-los-jovenes-y-nuevas-masculinidades\/#respond"]}]},{"@type":"WebPage","@id":"https:\/\/www.nexoinformativo.mx\/index.php\/2024\/10\/20\/la-muerte-de-liam-payne-un-llamado-a-la-salud-emocional-de-los-jovenes-y-nuevas-masculinidades\/","url":"https:\/\/www.nexoinformativo.mx\/index.php\/2024\/10\/20\/la-muerte-de-liam-payne-un-llamado-a-la-salud-emocional-de-los-jovenes-y-nuevas-masculinidades\/","name":"La muerte de Liam Payne: un llamado a la salud emocional de los j\u00f3venes y nuevas masculinidades | Nexo Informativo Santiago de Quer\u00e9taro","isPartOf":{"@id":"https:\/\/www.nexoinformativo.mx\/#website"},"primaryImageOfPage":{"@id":"https:\/\/www.nexoinformativo.mx\/index.php\/2024\/10\/20\/la-muerte-de-liam-payne-un-llamado-a-la-salud-emocional-de-los-jovenes-y-nuevas-masculinidades\/#primaryimage"},"image":{"@id":"https:\/\/www.nexoinformativo.mx\/index.php\/2024\/10\/20\/la-muerte-de-liam-payne-un-llamado-a-la-salud-emocional-de-los-jovenes-y-nuevas-masculinidades\/#primaryimage"},"thumbnailUrl":"https:\/\/www.nexoinformativo.mx\/wp-content\/uploads\/2024\/10\/PHOTO-2024-10-20-15-41-01-e1729463378587.jpg","datePublished":"2024-10-20T21:00:30+00:00","dateModified":"2024-10-20T22:33:33+00:00","description":"La muerte de Liam Payne: un llamado a la salud emocional de los j\u00f3venes y nuevas masculinidades","breadcrumb":{"@id":"https:\/\/www.nexoinformativo.mx\/index.php\/2024\/10\/20\/la-muerte-de-liam-payne-un-llamado-a-la-salud-emocional-de-los-jovenes-y-nuevas-masculinidades\/#breadcrumb"},"inLanguage":"es","potentialAction":[{"@type":"ReadAction","target":["https:\/\/www.nexoinformativo.mx\/index.php\/2024\/10\/20\/la-muerte-de-liam-payne-un-llamado-a-la-salud-emocional-de-los-jovenes-y-nuevas-masculinidades\/"]}]},{"@type":"ImageObject","inLanguage":"es","@id":"https:\/\/www.nexoinformativo.mx\/index.php\/2024\/10\/20\/la-muerte-de-liam-payne-un-llamado-a-la-salud-emocional-de-los-jovenes-y-nuevas-masculinidades\/#primaryimage","url":"https:\/\/www.nexoinformativo.mx\/wp-content\/uploads\/2024\/10\/PHOTO-2024-10-20-15-41-01-e1729463378587.jpg","contentUrl":"https:\/\/www.nexoinformativo.mx\/wp-content\/uploads\/2024\/10\/PHOTO-2024-10-20-15-41-01-e1729463378587.jpg","width":800,"height":794},{"@type":"BreadcrumbList","@id":"https:\/\/www.nexoinformativo.mx\/index.php\/2024\/10\/20\/la-muerte-de-liam-payne-un-llamado-a-la-salud-emocional-de-los-jovenes-y-nuevas-masculinidades\/#breadcrumb","itemListElement":[{"@type":"ListItem","position":1,"name":"Inicio","item":"https:\/\/www.nexoinformativo.mx\/"},{"@type":"ListItem","position":2,"name":"La muerte de Liam Payne: un llamado a la salud emocional de los j\u00f3venes y nuevas masculinidades"}]},{"@type":"WebSite","@id":"https:\/\/www.nexoinformativo.mx\/#website","url":"https:\/\/www.nexoinformativo.mx\/","name":"Nexo Informativo Santiago de Quer\u00e9taro","description":"Explora NexoInformativo y convi\u00e9rtete en parte de una comunidad que valora el conocimiento y la verdad. Tu nexoinformativo es tu puente hacia una comprensi\u00f3n m\u00e1s profunda del mundo que te rodea.","publisher":{"@id":"https:\/\/www.nexoinformativo.mx\/#organization"},"potentialAction":[{"@type":"SearchAction","target":{"@type":"EntryPoint","urlTemplate":"https:\/\/www.nexoinformativo.mx\/?s={search_term_string}"},"query-input":{"@type":"PropertyValueSpecification","valueRequired":true,"valueName":"search_term_string"}}],"inLanguage":"es"},{"@type":"Organization","@id":"https:\/\/www.nexoinformativo.mx\/#organization","name":"Nexo Informativo Santiago de Quer\u00e9taro","url":"https:\/\/www.nexoinformativo.mx\/","logo":{"@type":"ImageObject","inLanguage":"es","@id":"https:\/\/www.nexoinformativo.mx\/#\/schema\/logo\/image\/","url":"https:\/\/www.nexoinformativo.mx\/wp-content\/uploads\/2024\/07\/nexoi-trasparente-2.png","contentUrl":"https:\/\/www.nexoinformativo.mx\/wp-content\/uploads\/2024\/07\/nexoi-trasparente-2.png","width":816,"height":339,"caption":"Nexo Informativo Santiago de Quer\u00e9taro"},"image":{"@id":"https:\/\/www.nexoinformativo.mx\/#\/schema\/logo\/image\/"},"sameAs":["https:\/\/www.facebook.com\/people\/Nexo-Informativo\/61564066885511\/"]},{"@type":"Person","@id":"https:\/\/www.nexoinformativo.mx\/#\/schema\/person\/7749d380ba08c8ca00d7bc76fd907b7d","name":"Nexo Informativo","image":{"@type":"ImageObject","inLanguage":"es","@id":"https:\/\/www.nexoinformativo.mx\/#\/schema\/person\/image\/","url":"https:\/\/secure.gravatar.com\/avatar\/dde2928154642a13d95f87ddf1ea9718fe2b46760a005c53e41ff5ad610704e6?s=96&d=mm&r=g","contentUrl":"https:\/\/secure.gravatar.com\/avatar\/dde2928154642a13d95f87ddf1ea9718fe2b46760a005c53e41ff5ad610704e6?s=96&d=mm&r=g","caption":"Nexo Informativo"},"url":"https:\/\/www.nexoinformativo.mx\/index.php\/author\/edicion\/"}]}},"_links":{"self":[{"href":"https:\/\/www.nexoinformativo.mx\/index.php\/wp-json\/wp\/v2\/posts\/3906","targetHints":{"allow":["GET"]}}],"collection":[{"href":"https:\/\/www.nexoinformativo.mx\/index.php\/wp-json\/wp\/v2\/posts"}],"about":[{"href":"https:\/\/www.nexoinformativo.mx\/index.php\/wp-json\/wp\/v2\/types\/post"}],"author":[{"embeddable":true,"href":"https:\/\/www.nexoinformativo.mx\/index.php\/wp-json\/wp\/v2\/users\/3"}],"replies":[{"embeddable":true,"href":"https:\/\/www.nexoinformativo.mx\/index.php\/wp-json\/wp\/v2\/comments?post=3906"}],"version-history":[{"count":6,"href":"https:\/\/www.nexoinformativo.mx\/index.php\/wp-json\/wp\/v2\/posts\/3906\/revisions"}],"predecessor-version":[{"id":3911,"href":"https:\/\/www.nexoinformativo.mx\/index.php\/wp-json\/wp\/v2\/posts\/3906\/revisions\/3911"}],"wp:featuredmedia":[{"embeddable":true,"href":"https:\/\/www.nexoinformativo.mx\/index.php\/wp-json\/wp\/v2\/media\/3907"}],"wp:attachment":[{"href":"https:\/\/www.nexoinformativo.mx\/index.php\/wp-json\/wp\/v2\/media?parent=3906"}],"wp:term":[{"taxonomy":"category","embeddable":true,"href":"https:\/\/www.nexoinformativo.mx\/index.php\/wp-json\/wp\/v2\/categories?post=3906"},{"taxonomy":"post_tag","embeddable":true,"href":"https:\/\/www.nexoinformativo.mx\/index.php\/wp-json\/wp\/v2\/tags?post=3906"}],"curies":[{"name":"wp","href":"https:\/\/api.w.org\/{rel}","templated":true}]}}