{"id":3914,"date":"2024-10-20T16:00:23","date_gmt":"2024-10-20T22:00:23","guid":{"rendered":"https:\/\/www.nexoinformativo.mx\/?p=3914"},"modified":"2024-10-20T18:28:51","modified_gmt":"2024-10-21T00:28:51","slug":"rodrigo-monsalvo-presenta-el-gallo-monumental-2024-en-rueda-de-prensa","status":"publish","type":"post","link":"https:\/\/www.nexoinformativo.mx\/index.php\/2024\/10\/20\/rodrigo-monsalvo-presenta-el-gallo-monumental-2024-en-rueda-de-prensa\/","title":{"rendered":"Rodrigo Monsalvo presenta el \u201cGallo Monumental 2024\u201d en rueda de prensa"},"content":{"rendered":"<p style=\"text-align: justify;\">El presidente municipal de El Marqu\u00e9s, Rodrigo Monsalvo Castel\u00e1n, junto con el vicario general de la Di\u00f3cesis de Quer\u00e9taro, Mart\u00edn Lara Becerril, llev\u00f3 a cabo una rueda de prensa para anunciar la celebraci\u00f3n del &#8220;Gallo Monumental 2024&#8221;, que se llevar\u00e1 a cabo el pr\u00f3ximo 26 de octubre.<\/p>\n<p>&nbsp;<\/p>\n<p style=\"text-align: justify;\">Se espera la participaci\u00f3n de cerca de 10 mil ciudadanos en esta festividad, que es considerada patrimonio inmaterial del estado de Quer\u00e9taro. El evento se realizar\u00e1 en coordinaci\u00f3n con el Patronato de las Fiestas del Estado de Quer\u00e9taro, la Di\u00f3cesis de Quer\u00e9taro y el municipio de El Marqu\u00e9s.<\/p>\n<p>&nbsp;<\/p>\n<p style=\"text-align: justify;\">Monsalvo Castel\u00e1n enfatiz\u00f3 que esta festividad tiene como objetivo promover el sano esparcimiento de las familias marquesinas y se est\u00e1n tomando las medidas necesarias para garantizar la seguridad de todos los asistentes. \u201cEl Gallo, declarado Patrimonio Cultural del estado de Quer\u00e9taro, es una festividad que representa la creatividad, la generosidad y la calidez de nuestras familias.<\/p>\n<p>&nbsp;<\/p>\n<p style=\"text-align: justify;\">Desde hoy, invitamos a todas las familias a vivir esta hermosa tradici\u00f3n\u201d, coment\u00f3 Monsalvo durante la presentaci\u00f3n. El director del Instituto del Deporte y Cultura de El Marqu\u00e9s (INDECU), Ricardo Mart\u00ednez Coronel, tambi\u00e9n destac\u00f3 el apoyo del municipio para asegurar el \u00e9xito de esta d\u00e9cima edici\u00f3n del \u201cGallo Monumental\u201d.<\/p>\n<p>&nbsp;<\/p>\n<p style=\"text-align: justify;\">La festividad incluir\u00e1 un recorrido que comenzar\u00e1 en la Plaza San Pedro, en La Ca\u00f1ada, y culminar\u00e1 en la Catedral del centro de Quer\u00e9taro. Adem\u00e1s, el evento contar\u00e1 con la participaci\u00f3n de dos bandas musicales y grupos de danza. La actual administraci\u00f3n busca reforzar las tradiciones de la demarcaci\u00f3n para construir un sentido de pertenencia entre los ciudadanos.<\/p>\n<p>&nbsp;<\/p>\n<p style=\"text-align: justify;\">En la rueda de prensa tambi\u00e9n estuvieron presentes la directora general del Patronato de las Fiestas del Estado de Quer\u00e9taro, Gloria Eugenia Garc\u00eda Alcocer, y el organizador del evento, Jos\u00e9 Manuel Morales Gonz\u00e1lez.<\/p>\n<p>&nbsp;<\/p>\n<p style=\"text-align: center;\"><em><strong>\u00a1Informaci\u00f3n que transforma!<\/strong><\/em><\/p>\n","protected":false},"excerpt":{"rendered":"<p>El presidente municipal de El Marqu\u00e9s, Rodrigo Monsalvo Castel\u00e1n, junto con el vicario general de la Di\u00f3cesis de Quer\u00e9taro, Mart\u00edn Lara Becerril, llev\u00f3 a cabo una rueda de prensa para anunciar la celebraci\u00f3n del &#8220;Gallo Monumental 2024&#8221;, que se llevar\u00e1 a cabo el pr\u00f3ximo 26 de octubre. &nbsp; Se espera la participaci\u00f3n de cerca de [&hellip;]<\/p>\n","protected":false},"author":3,"featured_media":3915,"comment_status":"open","ping_status":"open","sticky":false,"template":"","format":"standard","meta":{"footnotes":""},"categories":[65,58],"tags":[417,1476,1474,1475],"class_list":["post-3914","post","type-post","status-publish","format-standard","has-post-thumbnail","hentry","category-municipios","category-ultima-hora","tag-culturaqueretaro","tag-fiestaselmarques","tag-gallomonumental2024","tag-tradicionesqueretaro"],"yoast_head":"<!-- This site is optimized with the Yoast SEO plugin v25.0 - https:\/\/yoast.com\/wordpress\/plugins\/seo\/ -->\n<title>Rodrigo Monsalvo presenta el \u201cGallo Monumental 2024\u201d en rueda de prensa | Nexo Informativo Santiago de Quer\u00e9taro<\/title>\n<meta name=\"robots\" content=\"index, follow, max-snippet:-1, max-image-preview:large, max-video-preview:-1\" \/>\n<link rel=\"canonical\" href=\"https:\/\/www.nexoinformativo.mx\/index.php\/2024\/10\/20\/rodrigo-monsalvo-presenta-el-gallo-monumental-2024-en-rueda-de-prensa\/\" \/>\n<meta property=\"og:locale\" content=\"es_MX\" \/>\n<meta property=\"og:type\" content=\"article\" \/>\n<meta property=\"og:title\" content=\"Rodrigo Monsalvo presenta el \u201cGallo Monumental 2024\u201d en rueda de prensa | Nexo Informativo Santiago de Quer\u00e9taro\" \/>\n<meta property=\"og:description\" content=\"El presidente municipal de El Marqu\u00e9s, Rodrigo Monsalvo Castel\u00e1n, junto con el vicario general de la Di\u00f3cesis de Quer\u00e9taro, Mart\u00edn Lara Becerril, llev\u00f3 a cabo una rueda de prensa para anunciar la celebraci\u00f3n del &#8220;Gallo Monumental 2024&#8221;, que se llevar\u00e1 a cabo el pr\u00f3ximo 26 de octubre. &nbsp; Se espera la participaci\u00f3n de cerca de [&hellip;]\" \/>\n<meta property=\"og:url\" content=\"https:\/\/www.nexoinformativo.mx\/index.php\/2024\/10\/20\/rodrigo-monsalvo-presenta-el-gallo-monumental-2024-en-rueda-de-prensa\/\" \/>\n<meta property=\"og:site_name\" content=\"Nexo Informativo Santiago de Quer\u00e9taro\" \/>\n<meta property=\"article:publisher\" content=\"https:\/\/www.facebook.com\/people\/Nexo-Informativo\/61564066885511\/\" \/>\n<meta property=\"article:published_time\" content=\"2024-10-20T22:00:23+00:00\" \/>\n<meta property=\"article:modified_time\" content=\"2024-10-21T00:28:51+00:00\" \/>\n<meta property=\"og:image\" content=\"https:\/\/www.nexoinformativo.mx\/wp-content\/uploads\/2024\/10\/PHOTO-2024-10-20-18-10-46-e1729470490240.jpg\" \/>\n\t<meta property=\"og:image:width\" content=\"800\" \/>\n\t<meta property=\"og:image:height\" content=\"1000\" \/>\n\t<meta property=\"og:image:type\" content=\"image\/jpeg\" \/>\n<meta name=\"author\" content=\"Nexo Informativo\" \/>\n<meta name=\"twitter:card\" content=\"summary_large_image\" \/>\n<meta name=\"twitter:label1\" content=\"Escrito por\" \/>\n\t<meta name=\"twitter:data1\" content=\"Nexo Informativo\" \/>\n\t<meta name=\"twitter:label2\" content=\"Tiempo de lectura\" \/>\n\t<meta name=\"twitter:data2\" content=\"2 minutos\" \/>\n<script type=\"application\/ld+json\" class=\"yoast-schema-graph\">{\"@context\":\"https:\/\/schema.org\",\"@graph\":[{\"@type\":\"Article\",\"@id\":\"https:\/\/www.nexoinformativo.mx\/index.php\/2024\/10\/20\/rodrigo-monsalvo-presenta-el-gallo-monumental-2024-en-rueda-de-prensa\/#article\",\"isPartOf\":{\"@id\":\"https:\/\/www.nexoinformativo.mx\/index.php\/2024\/10\/20\/rodrigo-monsalvo-presenta-el-gallo-monumental-2024-en-rueda-de-prensa\/\"},\"author\":{\"name\":\"Nexo Informativo\",\"@id\":\"https:\/\/www.nexoinformativo.mx\/#\/schema\/person\/7749d380ba08c8ca00d7bc76fd907b7d\"},\"headline\":\"Rodrigo Monsalvo presenta el \u201cGallo Monumental 2024\u201d en rueda de prensa\",\"datePublished\":\"2024-10-20T22:00:23+00:00\",\"dateModified\":\"2024-10-21T00:28:51+00:00\",\"mainEntityOfPage\":{\"@id\":\"https:\/\/www.nexoinformativo.mx\/index.php\/2024\/10\/20\/rodrigo-monsalvo-presenta-el-gallo-monumental-2024-en-rueda-de-prensa\/\"},\"wordCount\":342,\"commentCount\":0,\"publisher\":{\"@id\":\"https:\/\/www.nexoinformativo.mx\/#organization\"},\"image\":{\"@id\":\"https:\/\/www.nexoinformativo.mx\/index.php\/2024\/10\/20\/rodrigo-monsalvo-presenta-el-gallo-monumental-2024-en-rueda-de-prensa\/#primaryimage\"},\"thumbnailUrl\":\"https:\/\/www.nexoinformativo.mx\/wp-content\/uploads\/2024\/10\/PHOTO-2024-10-20-18-10-46-e1729470490240.jpg\",\"keywords\":[\"CulturaQuer\u00e9taro\",\"FiestasElMarqu\u00e9s\",\"GalloMonumental2024\",\"TradicionesQuer\u00e9taro\"],\"articleSection\":[\"Municipios\",\"\u00daltima Hora\"],\"inLanguage\":\"es\",\"potentialAction\":[{\"@type\":\"CommentAction\",\"name\":\"Comment\",\"target\":[\"https:\/\/www.nexoinformativo.mx\/index.php\/2024\/10\/20\/rodrigo-monsalvo-presenta-el-gallo-monumental-2024-en-rueda-de-prensa\/#respond\"]}]},{\"@type\":\"WebPage\",\"@id\":\"https:\/\/www.nexoinformativo.mx\/index.php\/2024\/10\/20\/rodrigo-monsalvo-presenta-el-gallo-monumental-2024-en-rueda-de-prensa\/\",\"url\":\"https:\/\/www.nexoinformativo.mx\/index.php\/2024\/10\/20\/rodrigo-monsalvo-presenta-el-gallo-monumental-2024-en-rueda-de-prensa\/\",\"name\":\"Rodrigo Monsalvo presenta el \u201cGallo Monumental 2024\u201d en rueda de prensa | Nexo Informativo Santiago de Quer\u00e9taro\",\"isPartOf\":{\"@id\":\"https:\/\/www.nexoinformativo.mx\/#website\"},\"primaryImageOfPage\":{\"@id\":\"https:\/\/www.nexoinformativo.mx\/index.php\/2024\/10\/20\/rodrigo-monsalvo-presenta-el-gallo-monumental-2024-en-rueda-de-prensa\/#primaryimage\"},\"image\":{\"@id\":\"https:\/\/www.nexoinformativo.mx\/index.php\/2024\/10\/20\/rodrigo-monsalvo-presenta-el-gallo-monumental-2024-en-rueda-de-prensa\/#primaryimage\"},\"thumbnailUrl\":\"https:\/\/www.nexoinformativo.mx\/wp-content\/uploads\/2024\/10\/PHOTO-2024-10-20-18-10-46-e1729470490240.jpg\",\"datePublished\":\"2024-10-20T22:00:23+00:00\",\"dateModified\":\"2024-10-21T00:28:51+00:00\",\"breadcrumb\":{\"@id\":\"https:\/\/www.nexoinformativo.mx\/index.php\/2024\/10\/20\/rodrigo-monsalvo-presenta-el-gallo-monumental-2024-en-rueda-de-prensa\/#breadcrumb\"},\"inLanguage\":\"es\",\"potentialAction\":[{\"@type\":\"ReadAction\",\"target\":[\"https:\/\/www.nexoinformativo.mx\/index.php\/2024\/10\/20\/rodrigo-monsalvo-presenta-el-gallo-monumental-2024-en-rueda-de-prensa\/\"]}]},{\"@type\":\"ImageObject\",\"inLanguage\":\"es\",\"@id\":\"https:\/\/www.nexoinformativo.mx\/index.php\/2024\/10\/20\/rodrigo-monsalvo-presenta-el-gallo-monumental-2024-en-rueda-de-prensa\/#primaryimage\",\"url\":\"https:\/\/www.nexoinformativo.mx\/wp-content\/uploads\/2024\/10\/PHOTO-2024-10-20-18-10-46-e1729470490240.jpg\",\"contentUrl\":\"https:\/\/www.nexoinformativo.mx\/wp-content\/uploads\/2024\/10\/PHOTO-2024-10-20-18-10-46-e1729470490240.jpg\",\"width\":800,\"height\":1000},{\"@type\":\"BreadcrumbList\",\"@id\":\"https:\/\/www.nexoinformativo.mx\/index.php\/2024\/10\/20\/rodrigo-monsalvo-presenta-el-gallo-monumental-2024-en-rueda-de-prensa\/#breadcrumb\",\"itemListElement\":[{\"@type\":\"ListItem\",\"position\":1,\"name\":\"Inicio\",\"item\":\"https:\/\/www.nexoinformativo.mx\/\"},{\"@type\":\"ListItem\",\"position\":2,\"name\":\"Rodrigo Monsalvo presenta el \u201cGallo Monumental 2024\u201d en rueda de prensa\"}]},{\"@type\":\"WebSite\",\"@id\":\"https:\/\/www.nexoinformativo.mx\/#website\",\"url\":\"https:\/\/www.nexoinformativo.mx\/\",\"name\":\"Nexo Informativo Santiago de Quer\u00e9taro\",\"description\":\"Explora NexoInformativo y convi\u00e9rtete en parte de una comunidad que valora el conocimiento y la verdad. Tu nexoinformativo es tu puente hacia una comprensi\u00f3n m\u00e1s profunda del mundo que te rodea.\",\"publisher\":{\"@id\":\"https:\/\/www.nexoinformativo.mx\/#organization\"},\"potentialAction\":[{\"@type\":\"SearchAction\",\"target\":{\"@type\":\"EntryPoint\",\"urlTemplate\":\"https:\/\/www.nexoinformativo.mx\/?s={search_term_string}\"},\"query-input\":{\"@type\":\"PropertyValueSpecification\",\"valueRequired\":true,\"valueName\":\"search_term_string\"}}],\"inLanguage\":\"es\"},{\"@type\":\"Organization\",\"@id\":\"https:\/\/www.nexoinformativo.mx\/#organization\",\"name\":\"Nexo Informativo Santiago de Quer\u00e9taro\",\"url\":\"https:\/\/www.nexoinformativo.mx\/\",\"logo\":{\"@type\":\"ImageObject\",\"inLanguage\":\"es\",\"@id\":\"https:\/\/www.nexoinformativo.mx\/#\/schema\/logo\/image\/\",\"url\":\"https:\/\/www.nexoinformativo.mx\/wp-content\/uploads\/2024\/07\/nexoi-trasparente-2.png\",\"contentUrl\":\"https:\/\/www.nexoinformativo.mx\/wp-content\/uploads\/2024\/07\/nexoi-trasparente-2.png\",\"width\":816,\"height\":339,\"caption\":\"Nexo Informativo Santiago de Quer\u00e9taro\"},\"image\":{\"@id\":\"https:\/\/www.nexoinformativo.mx\/#\/schema\/logo\/image\/\"},\"sameAs\":[\"https:\/\/www.facebook.com\/people\/Nexo-Informativo\/61564066885511\/\"]},{\"@type\":\"Person\",\"@id\":\"https:\/\/www.nexoinformativo.mx\/#\/schema\/person\/7749d380ba08c8ca00d7bc76fd907b7d\",\"name\":\"Nexo Informativo\",\"image\":{\"@type\":\"ImageObject\",\"inLanguage\":\"es\",\"@id\":\"https:\/\/www.nexoinformativo.mx\/#\/schema\/person\/image\/\",\"url\":\"https:\/\/secure.gravatar.com\/avatar\/dde2928154642a13d95f87ddf1ea9718fe2b46760a005c53e41ff5ad610704e6?s=96&d=mm&r=g\",\"contentUrl\":\"https:\/\/secure.gravatar.com\/avatar\/dde2928154642a13d95f87ddf1ea9718fe2b46760a005c53e41ff5ad610704e6?s=96&d=mm&r=g\",\"caption\":\"Nexo Informativo\"},\"url\":\"https:\/\/www.nexoinformativo.mx\/index.php\/author\/edicion\/\"}]}<\/script>\n<!-- \/ Yoast SEO plugin. -->","yoast_head_json":{"title":"Rodrigo Monsalvo presenta el \u201cGallo Monumental 2024\u201d en rueda de prensa | Nexo Informativo Santiago de Quer\u00e9taro","robots":{"index":"index","follow":"follow","max-snippet":"max-snippet:-1","max-image-preview":"max-image-preview:large","max-video-preview":"max-video-preview:-1"},"canonical":"https:\/\/www.nexoinformativo.mx\/index.php\/2024\/10\/20\/rodrigo-monsalvo-presenta-el-gallo-monumental-2024-en-rueda-de-prensa\/","og_locale":"es_MX","og_type":"article","og_title":"Rodrigo Monsalvo presenta el \u201cGallo Monumental 2024\u201d en rueda de prensa | Nexo Informativo Santiago de Quer\u00e9taro","og_description":"El presidente municipal de El Marqu\u00e9s, Rodrigo Monsalvo Castel\u00e1n, junto con el vicario general de la Di\u00f3cesis de Quer\u00e9taro, Mart\u00edn Lara Becerril, llev\u00f3 a cabo una rueda de prensa para anunciar la celebraci\u00f3n del &#8220;Gallo Monumental 2024&#8221;, que se llevar\u00e1 a cabo el pr\u00f3ximo 26 de octubre. &nbsp; Se espera la participaci\u00f3n de cerca de [&hellip;]","og_url":"https:\/\/www.nexoinformativo.mx\/index.php\/2024\/10\/20\/rodrigo-monsalvo-presenta-el-gallo-monumental-2024-en-rueda-de-prensa\/","og_site_name":"Nexo Informativo Santiago de Quer\u00e9taro","article_publisher":"https:\/\/www.facebook.com\/people\/Nexo-Informativo\/61564066885511\/","article_published_time":"2024-10-20T22:00:23+00:00","article_modified_time":"2024-10-21T00:28:51+00:00","og_image":[{"width":800,"height":1000,"url":"https:\/\/www.nexoinformativo.mx\/wp-content\/uploads\/2024\/10\/PHOTO-2024-10-20-18-10-46-e1729470490240.jpg","type":"image\/jpeg"}],"author":"Nexo Informativo","twitter_card":"summary_large_image","twitter_misc":{"Escrito por":"Nexo Informativo","Tiempo de lectura":"2 minutos"},"schema":{"@context":"https:\/\/schema.org","@graph":[{"@type":"Article","@id":"https:\/\/www.nexoinformativo.mx\/index.php\/2024\/10\/20\/rodrigo-monsalvo-presenta-el-gallo-monumental-2024-en-rueda-de-prensa\/#article","isPartOf":{"@id":"https:\/\/www.nexoinformativo.mx\/index.php\/2024\/10\/20\/rodrigo-monsalvo-presenta-el-gallo-monumental-2024-en-rueda-de-prensa\/"},"author":{"name":"Nexo Informativo","@id":"https:\/\/www.nexoinformativo.mx\/#\/schema\/person\/7749d380ba08c8ca00d7bc76fd907b7d"},"headline":"Rodrigo Monsalvo presenta el \u201cGallo Monumental 2024\u201d en rueda de prensa","datePublished":"2024-10-20T22:00:23+00:00","dateModified":"2024-10-21T00:28:51+00:00","mainEntityOfPage":{"@id":"https:\/\/www.nexoinformativo.mx\/index.php\/2024\/10\/20\/rodrigo-monsalvo-presenta-el-gallo-monumental-2024-en-rueda-de-prensa\/"},"wordCount":342,"commentCount":0,"publisher":{"@id":"https:\/\/www.nexoinformativo.mx\/#organization"},"image":{"@id":"https:\/\/www.nexoinformativo.mx\/index.php\/2024\/10\/20\/rodrigo-monsalvo-presenta-el-gallo-monumental-2024-en-rueda-de-prensa\/#primaryimage"},"thumbnailUrl":"https:\/\/www.nexoinformativo.mx\/wp-content\/uploads\/2024\/10\/PHOTO-2024-10-20-18-10-46-e1729470490240.jpg","keywords":["CulturaQuer\u00e9taro","FiestasElMarqu\u00e9s","GalloMonumental2024","TradicionesQuer\u00e9taro"],"articleSection":["Municipios","\u00daltima Hora"],"inLanguage":"es","potentialAction":[{"@type":"CommentAction","name":"Comment","target":["https:\/\/www.nexoinformativo.mx\/index.php\/2024\/10\/20\/rodrigo-monsalvo-presenta-el-gallo-monumental-2024-en-rueda-de-prensa\/#respond"]}]},{"@type":"WebPage","@id":"https:\/\/www.nexoinformativo.mx\/index.php\/2024\/10\/20\/rodrigo-monsalvo-presenta-el-gallo-monumental-2024-en-rueda-de-prensa\/","url":"https:\/\/www.nexoinformativo.mx\/index.php\/2024\/10\/20\/rodrigo-monsalvo-presenta-el-gallo-monumental-2024-en-rueda-de-prensa\/","name":"Rodrigo Monsalvo presenta el \u201cGallo Monumental 2024\u201d en rueda de prensa | Nexo Informativo Santiago de Quer\u00e9taro","isPartOf":{"@id":"https:\/\/www.nexoinformativo.mx\/#website"},"primaryImageOfPage":{"@id":"https:\/\/www.nexoinformativo.mx\/index.php\/2024\/10\/20\/rodrigo-monsalvo-presenta-el-gallo-monumental-2024-en-rueda-de-prensa\/#primaryimage"},"image":{"@id":"https:\/\/www.nexoinformativo.mx\/index.php\/2024\/10\/20\/rodrigo-monsalvo-presenta-el-gallo-monumental-2024-en-rueda-de-prensa\/#primaryimage"},"thumbnailUrl":"https:\/\/www.nexoinformativo.mx\/wp-content\/uploads\/2024\/10\/PHOTO-2024-10-20-18-10-46-e1729470490240.jpg","datePublished":"2024-10-20T22:00:23+00:00","dateModified":"2024-10-21T00:28:51+00:00","breadcrumb":{"@id":"https:\/\/www.nexoinformativo.mx\/index.php\/2024\/10\/20\/rodrigo-monsalvo-presenta-el-gallo-monumental-2024-en-rueda-de-prensa\/#breadcrumb"},"inLanguage":"es","potentialAction":[{"@type":"ReadAction","target":["https:\/\/www.nexoinformativo.mx\/index.php\/2024\/10\/20\/rodrigo-monsalvo-presenta-el-gallo-monumental-2024-en-rueda-de-prensa\/"]}]},{"@type":"ImageObject","inLanguage":"es","@id":"https:\/\/www.nexoinformativo.mx\/index.php\/2024\/10\/20\/rodrigo-monsalvo-presenta-el-gallo-monumental-2024-en-rueda-de-prensa\/#primaryimage","url":"https:\/\/www.nexoinformativo.mx\/wp-content\/uploads\/2024\/10\/PHOTO-2024-10-20-18-10-46-e1729470490240.jpg","contentUrl":"https:\/\/www.nexoinformativo.mx\/wp-content\/uploads\/2024\/10\/PHOTO-2024-10-20-18-10-46-e1729470490240.jpg","width":800,"height":1000},{"@type":"BreadcrumbList","@id":"https:\/\/www.nexoinformativo.mx\/index.php\/2024\/10\/20\/rodrigo-monsalvo-presenta-el-gallo-monumental-2024-en-rueda-de-prensa\/#breadcrumb","itemListElement":[{"@type":"ListItem","position":1,"name":"Inicio","item":"https:\/\/www.nexoinformativo.mx\/"},{"@type":"ListItem","position":2,"name":"Rodrigo Monsalvo presenta el \u201cGallo Monumental 2024\u201d en rueda de prensa"}]},{"@type":"WebSite","@id":"https:\/\/www.nexoinformativo.mx\/#website","url":"https:\/\/www.nexoinformativo.mx\/","name":"Nexo Informativo Santiago de Quer\u00e9taro","description":"Explora NexoInformativo y convi\u00e9rtete en parte de una comunidad que valora el conocimiento y la verdad. Tu nexoinformativo es tu puente hacia una comprensi\u00f3n m\u00e1s profunda del mundo que te rodea.","publisher":{"@id":"https:\/\/www.nexoinformativo.mx\/#organization"},"potentialAction":[{"@type":"SearchAction","target":{"@type":"EntryPoint","urlTemplate":"https:\/\/www.nexoinformativo.mx\/?s={search_term_string}"},"query-input":{"@type":"PropertyValueSpecification","valueRequired":true,"valueName":"search_term_string"}}],"inLanguage":"es"},{"@type":"Organization","@id":"https:\/\/www.nexoinformativo.mx\/#organization","name":"Nexo Informativo Santiago de Quer\u00e9taro","url":"https:\/\/www.nexoinformativo.mx\/","logo":{"@type":"ImageObject","inLanguage":"es","@id":"https:\/\/www.nexoinformativo.mx\/#\/schema\/logo\/image\/","url":"https:\/\/www.nexoinformativo.mx\/wp-content\/uploads\/2024\/07\/nexoi-trasparente-2.png","contentUrl":"https:\/\/www.nexoinformativo.mx\/wp-content\/uploads\/2024\/07\/nexoi-trasparente-2.png","width":816,"height":339,"caption":"Nexo Informativo Santiago de Quer\u00e9taro"},"image":{"@id":"https:\/\/www.nexoinformativo.mx\/#\/schema\/logo\/image\/"},"sameAs":["https:\/\/www.facebook.com\/people\/Nexo-Informativo\/61564066885511\/"]},{"@type":"Person","@id":"https:\/\/www.nexoinformativo.mx\/#\/schema\/person\/7749d380ba08c8ca00d7bc76fd907b7d","name":"Nexo Informativo","image":{"@type":"ImageObject","inLanguage":"es","@id":"https:\/\/www.nexoinformativo.mx\/#\/schema\/person\/image\/","url":"https:\/\/secure.gravatar.com\/avatar\/dde2928154642a13d95f87ddf1ea9718fe2b46760a005c53e41ff5ad610704e6?s=96&d=mm&r=g","contentUrl":"https:\/\/secure.gravatar.com\/avatar\/dde2928154642a13d95f87ddf1ea9718fe2b46760a005c53e41ff5ad610704e6?s=96&d=mm&r=g","caption":"Nexo Informativo"},"url":"https:\/\/www.nexoinformativo.mx\/index.php\/author\/edicion\/"}]}},"_links":{"self":[{"href":"https:\/\/www.nexoinformativo.mx\/index.php\/wp-json\/wp\/v2\/posts\/3914","targetHints":{"allow":["GET"]}}],"collection":[{"href":"https:\/\/www.nexoinformativo.mx\/index.php\/wp-json\/wp\/v2\/posts"}],"about":[{"href":"https:\/\/www.nexoinformativo.mx\/index.php\/wp-json\/wp\/v2\/types\/post"}],"author":[{"embeddable":true,"href":"https:\/\/www.nexoinformativo.mx\/index.php\/wp-json\/wp\/v2\/users\/3"}],"replies":[{"embeddable":true,"href":"https:\/\/www.nexoinformativo.mx\/index.php\/wp-json\/wp\/v2\/comments?post=3914"}],"version-history":[{"count":4,"href":"https:\/\/www.nexoinformativo.mx\/index.php\/wp-json\/wp\/v2\/posts\/3914\/revisions"}],"predecessor-version":[{"id":3920,"href":"https:\/\/www.nexoinformativo.mx\/index.php\/wp-json\/wp\/v2\/posts\/3914\/revisions\/3920"}],"wp:featuredmedia":[{"embeddable":true,"href":"https:\/\/www.nexoinformativo.mx\/index.php\/wp-json\/wp\/v2\/media\/3915"}],"wp:attachment":[{"href":"https:\/\/www.nexoinformativo.mx\/index.php\/wp-json\/wp\/v2\/media?parent=3914"}],"wp:term":[{"taxonomy":"category","embeddable":true,"href":"https:\/\/www.nexoinformativo.mx\/index.php\/wp-json\/wp\/v2\/categories?post=3914"},{"taxonomy":"post_tag","embeddable":true,"href":"https:\/\/www.nexoinformativo.mx\/index.php\/wp-json\/wp\/v2\/tags?post=3914"}],"curies":[{"name":"wp","href":"https:\/\/api.w.org\/{rel}","templated":true}]}}