{"id":3922,"date":"2024-10-20T20:00:15","date_gmt":"2024-10-21T02:00:15","guid":{"rendered":"https:\/\/www.nexoinformativo.mx\/?p=3922"},"modified":"2024-10-20T23:24:52","modified_gmt":"2024-10-21T05:24:52","slug":"alzar-la-voz-el-primer-paso-en-la-lucha-contra-el-cancer-de-mama-afirma-rodrigo-monsalvo","status":"publish","type":"post","link":"https:\/\/www.nexoinformativo.mx\/index.php\/2024\/10\/20\/alzar-la-voz-el-primer-paso-en-la-lucha-contra-el-cancer-de-mama-afirma-rodrigo-monsalvo\/","title":{"rendered":"Alzar la voz: El primer paso en la lucha contra el c\u00e1ncer de mama, afirma Rodrigo Monsalvo"},"content":{"rendered":"<p style=\"text-align: justify;\">El Marqu\u00e9s se uni\u00f3 a la conmemoraci\u00f3n del D\u00eda Internacional de la Lucha contra el C\u00e1ncer de Mama con \u00a0evento enfocado en concientizar y sensibilizar a la poblaci\u00f3n sobre esta enfermedad.El presidente municipal, Rodrigo Monsalvo, encabez\u00f3 la actividad, resaltando la importancia de la detecci\u00f3n temprana y el apoyo a las mujeres en la comunidad.<\/p>\n<p>&nbsp;<\/p>\n<p style=\"text-align: justify;\">Durante su discurso, Monsalvo Castel\u00e1n hizo un llamado a las mujeres marquesinas a realizarse estudios de detecci\u00f3n, enfatizando que <strong>&#8220;alzar la voz es el primer paso para generar conciencia&#8221;<\/strong>. El presidente municipal destac\u00f3 que estos eventos son cruciales para evitar sufrimientos, p\u00e9rdidas econ\u00f3micas y, sobre todo, para salvar vidas. El c\u00e1ncer de mama es curable cuando se detecta a tiempo.<\/p>\n<p>&nbsp;<\/p>\n<p style=\"text-align: justify;\">La directora del Instituto Municipal de la Mujer, Luc\u00eda Ferrusca, tambi\u00e9n particip\u00f3 en el evento, informando que, desde 2021, en colaboraci\u00f3n con la Unidad de Especialidades M\u00e9dicas para la Detecci\u00f3n y Diagn\u00f3stico del C\u00e1ncer de Mama, se han realizado un total de 1,796 estudios para la detecci\u00f3n de esta enfermedad en El Marqu\u00e9s.<\/p>\n<p>&nbsp;<\/p>\n<p style=\"text-align: justify;\">El evento reuni\u00f3 a aproximadamente 200 mujeres, quienes asistieron a una pl\u00e1tica sobre el Abordaje de Diagn\u00f3stico del C\u00e1ncer de Mama, impartida por la m\u00e9dica radi\u00f3loga Juana Alejandra Salinas. Tambi\u00e9n se present\u00f3 el testimonio de B\u00e1rbara Mart\u00ednez, beneficiaria de las caravanas de salud, quien comparti\u00f3 su experiencia en el proceso de detecci\u00f3n y atenci\u00f3n.<\/p>\n<p>&nbsp;<\/p>\n<p style=\"text-align: justify;\">La directora de la Unidad de Especialidades M\u00e9dicas para la Detecci\u00f3n y Diagn\u00f3stico del C\u00e1ncer de Mama, Gabriela Gonz\u00e1lez Sandoval, estuvo presente en la actividad, reafirmando el compromiso de las autoridades con la salud de las mujeres en la regi\u00f3n.<\/p>\n<p>&nbsp;<\/p>\n<p style=\"text-align: center;\"><em><strong>\u00a1Informaci\u00f3n que transforma!<\/strong><\/em><\/p>\n","protected":false},"excerpt":{"rendered":"<p>El Marqu\u00e9s se uni\u00f3 a la conmemoraci\u00f3n del D\u00eda Internacional de la Lucha contra el C\u00e1ncer de Mama con \u00a0evento enfocado en concientizar y sensibilizar a la poblaci\u00f3n sobre esta enfermedad.<\/p>\n","protected":false},"author":3,"featured_media":3923,"comment_status":"open","ping_status":"open","sticky":false,"template":"","format":"standard","meta":{"footnotes":""},"categories":[65,58],"tags":[1356,1477,149,1478],"class_list":["post-3922","post","type-post","status-publish","format-standard","has-post-thumbnail","hentry","category-municipios","category-ultima-hora","tag-cancerdemama","tag-concienciamujer","tag-elmarques","tag-prevencioncancer"],"yoast_head":"<!-- This site is optimized with the Yoast SEO plugin v25.0 - https:\/\/yoast.com\/wordpress\/plugins\/seo\/ -->\n<title>Alzar la voz: El primer paso en la lucha contra el c\u00e1ncer de mama, afirma Rodrigo Monsalvo | Nexo Informativo Santiago de Quer\u00e9taro<\/title>\n<meta name=\"description\" content=\"Alzar la voz: El primer paso en la lucha contra el c\u00e1ncer de mama, afirma Rodrigo Monsalvo\" \/>\n<meta name=\"robots\" content=\"index, follow, max-snippet:-1, max-image-preview:large, max-video-preview:-1\" \/>\n<link rel=\"canonical\" href=\"https:\/\/www.nexoinformativo.mx\/index.php\/2024\/10\/20\/alzar-la-voz-el-primer-paso-en-la-lucha-contra-el-cancer-de-mama-afirma-rodrigo-monsalvo\/\" \/>\n<meta property=\"og:locale\" content=\"es_MX\" \/>\n<meta property=\"og:type\" content=\"article\" \/>\n<meta property=\"og:title\" content=\"Alzar la voz: El primer paso en la lucha contra el c\u00e1ncer de mama, afirma Rodrigo Monsalvo | Nexo Informativo Santiago de Quer\u00e9taro\" \/>\n<meta property=\"og:description\" content=\"Alzar la voz: El primer paso en la lucha contra el c\u00e1ncer de mama, afirma Rodrigo Monsalvo\" \/>\n<meta property=\"og:url\" content=\"https:\/\/www.nexoinformativo.mx\/index.php\/2024\/10\/20\/alzar-la-voz-el-primer-paso-en-la-lucha-contra-el-cancer-de-mama-afirma-rodrigo-monsalvo\/\" \/>\n<meta property=\"og:site_name\" content=\"Nexo Informativo Santiago de Quer\u00e9taro\" \/>\n<meta property=\"article:publisher\" content=\"https:\/\/www.facebook.com\/people\/Nexo-Informativo\/61564066885511\/\" \/>\n<meta property=\"article:published_time\" content=\"2024-10-21T02:00:15+00:00\" \/>\n<meta property=\"article:modified_time\" content=\"2024-10-21T05:24:52+00:00\" \/>\n<meta property=\"og:image\" content=\"https:\/\/www.nexoinformativo.mx\/wp-content\/uploads\/2024\/10\/PHOTO-2024-10-20-22-58-39-e1729488131769.jpg\" \/>\n\t<meta property=\"og:image:width\" content=\"800\" \/>\n\t<meta property=\"og:image:height\" content=\"1000\" \/>\n\t<meta property=\"og:image:type\" content=\"image\/jpeg\" \/>\n<meta name=\"author\" content=\"Nexo Informativo\" \/>\n<meta name=\"twitter:card\" content=\"summary_large_image\" \/>\n<meta name=\"twitter:label1\" content=\"Escrito por\" \/>\n\t<meta name=\"twitter:data1\" content=\"Nexo Informativo\" \/>\n\t<meta name=\"twitter:label2\" content=\"Tiempo de lectura\" \/>\n\t<meta name=\"twitter:data2\" content=\"2 minutos\" \/>\n<script type=\"application\/ld+json\" class=\"yoast-schema-graph\">{\"@context\":\"https:\/\/schema.org\",\"@graph\":[{\"@type\":\"Article\",\"@id\":\"https:\/\/www.nexoinformativo.mx\/index.php\/2024\/10\/20\/alzar-la-voz-el-primer-paso-en-la-lucha-contra-el-cancer-de-mama-afirma-rodrigo-monsalvo\/#article\",\"isPartOf\":{\"@id\":\"https:\/\/www.nexoinformativo.mx\/index.php\/2024\/10\/20\/alzar-la-voz-el-primer-paso-en-la-lucha-contra-el-cancer-de-mama-afirma-rodrigo-monsalvo\/\"},\"author\":{\"name\":\"Nexo Informativo\",\"@id\":\"https:\/\/www.nexoinformativo.mx\/#\/schema\/person\/7749d380ba08c8ca00d7bc76fd907b7d\"},\"headline\":\"Alzar la voz: El primer paso en la lucha contra el c\u00e1ncer de mama, afirma Rodrigo Monsalvo\",\"datePublished\":\"2024-10-21T02:00:15+00:00\",\"dateModified\":\"2024-10-21T05:24:52+00:00\",\"mainEntityOfPage\":{\"@id\":\"https:\/\/www.nexoinformativo.mx\/index.php\/2024\/10\/20\/alzar-la-voz-el-primer-paso-en-la-lucha-contra-el-cancer-de-mama-afirma-rodrigo-monsalvo\/\"},\"wordCount\":322,\"commentCount\":0,\"publisher\":{\"@id\":\"https:\/\/www.nexoinformativo.mx\/#organization\"},\"image\":{\"@id\":\"https:\/\/www.nexoinformativo.mx\/index.php\/2024\/10\/20\/alzar-la-voz-el-primer-paso-en-la-lucha-contra-el-cancer-de-mama-afirma-rodrigo-monsalvo\/#primaryimage\"},\"thumbnailUrl\":\"https:\/\/www.nexoinformativo.mx\/wp-content\/uploads\/2024\/10\/PHOTO-2024-10-20-22-58-39-e1729488131769.jpg\",\"keywords\":[\"C\u00e1ncerDeMama\",\"ConcienciaMujer\",\"elmarques\",\"Prevenci\u00f3nC\u00e1ncer\"],\"articleSection\":[\"Municipios\",\"\u00daltima Hora\"],\"inLanguage\":\"es\",\"potentialAction\":[{\"@type\":\"CommentAction\",\"name\":\"Comment\",\"target\":[\"https:\/\/www.nexoinformativo.mx\/index.php\/2024\/10\/20\/alzar-la-voz-el-primer-paso-en-la-lucha-contra-el-cancer-de-mama-afirma-rodrigo-monsalvo\/#respond\"]}]},{\"@type\":\"WebPage\",\"@id\":\"https:\/\/www.nexoinformativo.mx\/index.php\/2024\/10\/20\/alzar-la-voz-el-primer-paso-en-la-lucha-contra-el-cancer-de-mama-afirma-rodrigo-monsalvo\/\",\"url\":\"https:\/\/www.nexoinformativo.mx\/index.php\/2024\/10\/20\/alzar-la-voz-el-primer-paso-en-la-lucha-contra-el-cancer-de-mama-afirma-rodrigo-monsalvo\/\",\"name\":\"Alzar la voz: El primer paso en la lucha contra el c\u00e1ncer de mama, afirma Rodrigo Monsalvo | Nexo Informativo Santiago de Quer\u00e9taro\",\"isPartOf\":{\"@id\":\"https:\/\/www.nexoinformativo.mx\/#website\"},\"primaryImageOfPage\":{\"@id\":\"https:\/\/www.nexoinformativo.mx\/index.php\/2024\/10\/20\/alzar-la-voz-el-primer-paso-en-la-lucha-contra-el-cancer-de-mama-afirma-rodrigo-monsalvo\/#primaryimage\"},\"image\":{\"@id\":\"https:\/\/www.nexoinformativo.mx\/index.php\/2024\/10\/20\/alzar-la-voz-el-primer-paso-en-la-lucha-contra-el-cancer-de-mama-afirma-rodrigo-monsalvo\/#primaryimage\"},\"thumbnailUrl\":\"https:\/\/www.nexoinformativo.mx\/wp-content\/uploads\/2024\/10\/PHOTO-2024-10-20-22-58-39-e1729488131769.jpg\",\"datePublished\":\"2024-10-21T02:00:15+00:00\",\"dateModified\":\"2024-10-21T05:24:52+00:00\",\"description\":\"Alzar la voz: El primer paso en la lucha contra el c\u00e1ncer de mama, afirma Rodrigo Monsalvo\",\"breadcrumb\":{\"@id\":\"https:\/\/www.nexoinformativo.mx\/index.php\/2024\/10\/20\/alzar-la-voz-el-primer-paso-en-la-lucha-contra-el-cancer-de-mama-afirma-rodrigo-monsalvo\/#breadcrumb\"},\"inLanguage\":\"es\",\"potentialAction\":[{\"@type\":\"ReadAction\",\"target\":[\"https:\/\/www.nexoinformativo.mx\/index.php\/2024\/10\/20\/alzar-la-voz-el-primer-paso-en-la-lucha-contra-el-cancer-de-mama-afirma-rodrigo-monsalvo\/\"]}]},{\"@type\":\"ImageObject\",\"inLanguage\":\"es\",\"@id\":\"https:\/\/www.nexoinformativo.mx\/index.php\/2024\/10\/20\/alzar-la-voz-el-primer-paso-en-la-lucha-contra-el-cancer-de-mama-afirma-rodrigo-monsalvo\/#primaryimage\",\"url\":\"https:\/\/www.nexoinformativo.mx\/wp-content\/uploads\/2024\/10\/PHOTO-2024-10-20-22-58-39-e1729488131769.jpg\",\"contentUrl\":\"https:\/\/www.nexoinformativo.mx\/wp-content\/uploads\/2024\/10\/PHOTO-2024-10-20-22-58-39-e1729488131769.jpg\",\"width\":800,\"height\":1000},{\"@type\":\"BreadcrumbList\",\"@id\":\"https:\/\/www.nexoinformativo.mx\/index.php\/2024\/10\/20\/alzar-la-voz-el-primer-paso-en-la-lucha-contra-el-cancer-de-mama-afirma-rodrigo-monsalvo\/#breadcrumb\",\"itemListElement\":[{\"@type\":\"ListItem\",\"position\":1,\"name\":\"Inicio\",\"item\":\"https:\/\/www.nexoinformativo.mx\/\"},{\"@type\":\"ListItem\",\"position\":2,\"name\":\"Alzar la voz: El primer paso en la lucha contra el c\u00e1ncer de mama, afirma Rodrigo Monsalvo\"}]},{\"@type\":\"WebSite\",\"@id\":\"https:\/\/www.nexoinformativo.mx\/#website\",\"url\":\"https:\/\/www.nexoinformativo.mx\/\",\"name\":\"Nexo Informativo Santiago de Quer\u00e9taro\",\"description\":\"Explora NexoInformativo y convi\u00e9rtete en parte de una comunidad que valora el conocimiento y la verdad. Tu nexoinformativo es tu puente hacia una comprensi\u00f3n m\u00e1s profunda del mundo que te rodea.\",\"publisher\":{\"@id\":\"https:\/\/www.nexoinformativo.mx\/#organization\"},\"potentialAction\":[{\"@type\":\"SearchAction\",\"target\":{\"@type\":\"EntryPoint\",\"urlTemplate\":\"https:\/\/www.nexoinformativo.mx\/?s={search_term_string}\"},\"query-input\":{\"@type\":\"PropertyValueSpecification\",\"valueRequired\":true,\"valueName\":\"search_term_string\"}}],\"inLanguage\":\"es\"},{\"@type\":\"Organization\",\"@id\":\"https:\/\/www.nexoinformativo.mx\/#organization\",\"name\":\"Nexo Informativo Santiago de Quer\u00e9taro\",\"url\":\"https:\/\/www.nexoinformativo.mx\/\",\"logo\":{\"@type\":\"ImageObject\",\"inLanguage\":\"es\",\"@id\":\"https:\/\/www.nexoinformativo.mx\/#\/schema\/logo\/image\/\",\"url\":\"https:\/\/www.nexoinformativo.mx\/wp-content\/uploads\/2024\/07\/nexoi-trasparente-2.png\",\"contentUrl\":\"https:\/\/www.nexoinformativo.mx\/wp-content\/uploads\/2024\/07\/nexoi-trasparente-2.png\",\"width\":816,\"height\":339,\"caption\":\"Nexo Informativo Santiago de Quer\u00e9taro\"},\"image\":{\"@id\":\"https:\/\/www.nexoinformativo.mx\/#\/schema\/logo\/image\/\"},\"sameAs\":[\"https:\/\/www.facebook.com\/people\/Nexo-Informativo\/61564066885511\/\"]},{\"@type\":\"Person\",\"@id\":\"https:\/\/www.nexoinformativo.mx\/#\/schema\/person\/7749d380ba08c8ca00d7bc76fd907b7d\",\"name\":\"Nexo Informativo\",\"image\":{\"@type\":\"ImageObject\",\"inLanguage\":\"es\",\"@id\":\"https:\/\/www.nexoinformativo.mx\/#\/schema\/person\/image\/\",\"url\":\"https:\/\/secure.gravatar.com\/avatar\/dde2928154642a13d95f87ddf1ea9718fe2b46760a005c53e41ff5ad610704e6?s=96&d=mm&r=g\",\"contentUrl\":\"https:\/\/secure.gravatar.com\/avatar\/dde2928154642a13d95f87ddf1ea9718fe2b46760a005c53e41ff5ad610704e6?s=96&d=mm&r=g\",\"caption\":\"Nexo Informativo\"},\"url\":\"https:\/\/www.nexoinformativo.mx\/index.php\/author\/edicion\/\"}]}<\/script>\n<!-- \/ Yoast SEO plugin. -->","yoast_head_json":{"title":"Alzar la voz: El primer paso en la lucha contra el c\u00e1ncer de mama, afirma Rodrigo Monsalvo | Nexo Informativo Santiago de Quer\u00e9taro","description":"Alzar la voz: El primer paso en la lucha contra el c\u00e1ncer de mama, afirma Rodrigo Monsalvo","robots":{"index":"index","follow":"follow","max-snippet":"max-snippet:-1","max-image-preview":"max-image-preview:large","max-video-preview":"max-video-preview:-1"},"canonical":"https:\/\/www.nexoinformativo.mx\/index.php\/2024\/10\/20\/alzar-la-voz-el-primer-paso-en-la-lucha-contra-el-cancer-de-mama-afirma-rodrigo-monsalvo\/","og_locale":"es_MX","og_type":"article","og_title":"Alzar la voz: El primer paso en la lucha contra el c\u00e1ncer de mama, afirma Rodrigo Monsalvo | Nexo Informativo Santiago de Quer\u00e9taro","og_description":"Alzar la voz: El primer paso en la lucha contra el c\u00e1ncer de mama, afirma Rodrigo Monsalvo","og_url":"https:\/\/www.nexoinformativo.mx\/index.php\/2024\/10\/20\/alzar-la-voz-el-primer-paso-en-la-lucha-contra-el-cancer-de-mama-afirma-rodrigo-monsalvo\/","og_site_name":"Nexo Informativo Santiago de Quer\u00e9taro","article_publisher":"https:\/\/www.facebook.com\/people\/Nexo-Informativo\/61564066885511\/","article_published_time":"2024-10-21T02:00:15+00:00","article_modified_time":"2024-10-21T05:24:52+00:00","og_image":[{"width":800,"height":1000,"url":"https:\/\/www.nexoinformativo.mx\/wp-content\/uploads\/2024\/10\/PHOTO-2024-10-20-22-58-39-e1729488131769.jpg","type":"image\/jpeg"}],"author":"Nexo Informativo","twitter_card":"summary_large_image","twitter_misc":{"Escrito por":"Nexo Informativo","Tiempo de lectura":"2 minutos"},"schema":{"@context":"https:\/\/schema.org","@graph":[{"@type":"Article","@id":"https:\/\/www.nexoinformativo.mx\/index.php\/2024\/10\/20\/alzar-la-voz-el-primer-paso-en-la-lucha-contra-el-cancer-de-mama-afirma-rodrigo-monsalvo\/#article","isPartOf":{"@id":"https:\/\/www.nexoinformativo.mx\/index.php\/2024\/10\/20\/alzar-la-voz-el-primer-paso-en-la-lucha-contra-el-cancer-de-mama-afirma-rodrigo-monsalvo\/"},"author":{"name":"Nexo Informativo","@id":"https:\/\/www.nexoinformativo.mx\/#\/schema\/person\/7749d380ba08c8ca00d7bc76fd907b7d"},"headline":"Alzar la voz: El primer paso en la lucha contra el c\u00e1ncer de mama, afirma Rodrigo Monsalvo","datePublished":"2024-10-21T02:00:15+00:00","dateModified":"2024-10-21T05:24:52+00:00","mainEntityOfPage":{"@id":"https:\/\/www.nexoinformativo.mx\/index.php\/2024\/10\/20\/alzar-la-voz-el-primer-paso-en-la-lucha-contra-el-cancer-de-mama-afirma-rodrigo-monsalvo\/"},"wordCount":322,"commentCount":0,"publisher":{"@id":"https:\/\/www.nexoinformativo.mx\/#organization"},"image":{"@id":"https:\/\/www.nexoinformativo.mx\/index.php\/2024\/10\/20\/alzar-la-voz-el-primer-paso-en-la-lucha-contra-el-cancer-de-mama-afirma-rodrigo-monsalvo\/#primaryimage"},"thumbnailUrl":"https:\/\/www.nexoinformativo.mx\/wp-content\/uploads\/2024\/10\/PHOTO-2024-10-20-22-58-39-e1729488131769.jpg","keywords":["C\u00e1ncerDeMama","ConcienciaMujer","elmarques","Prevenci\u00f3nC\u00e1ncer"],"articleSection":["Municipios","\u00daltima Hora"],"inLanguage":"es","potentialAction":[{"@type":"CommentAction","name":"Comment","target":["https:\/\/www.nexoinformativo.mx\/index.php\/2024\/10\/20\/alzar-la-voz-el-primer-paso-en-la-lucha-contra-el-cancer-de-mama-afirma-rodrigo-monsalvo\/#respond"]}]},{"@type":"WebPage","@id":"https:\/\/www.nexoinformativo.mx\/index.php\/2024\/10\/20\/alzar-la-voz-el-primer-paso-en-la-lucha-contra-el-cancer-de-mama-afirma-rodrigo-monsalvo\/","url":"https:\/\/www.nexoinformativo.mx\/index.php\/2024\/10\/20\/alzar-la-voz-el-primer-paso-en-la-lucha-contra-el-cancer-de-mama-afirma-rodrigo-monsalvo\/","name":"Alzar la voz: El primer paso en la lucha contra el c\u00e1ncer de mama, afirma Rodrigo Monsalvo | Nexo Informativo Santiago de Quer\u00e9taro","isPartOf":{"@id":"https:\/\/www.nexoinformativo.mx\/#website"},"primaryImageOfPage":{"@id":"https:\/\/www.nexoinformativo.mx\/index.php\/2024\/10\/20\/alzar-la-voz-el-primer-paso-en-la-lucha-contra-el-cancer-de-mama-afirma-rodrigo-monsalvo\/#primaryimage"},"image":{"@id":"https:\/\/www.nexoinformativo.mx\/index.php\/2024\/10\/20\/alzar-la-voz-el-primer-paso-en-la-lucha-contra-el-cancer-de-mama-afirma-rodrigo-monsalvo\/#primaryimage"},"thumbnailUrl":"https:\/\/www.nexoinformativo.mx\/wp-content\/uploads\/2024\/10\/PHOTO-2024-10-20-22-58-39-e1729488131769.jpg","datePublished":"2024-10-21T02:00:15+00:00","dateModified":"2024-10-21T05:24:52+00:00","description":"Alzar la voz: El primer paso en la lucha contra el c\u00e1ncer de mama, afirma Rodrigo Monsalvo","breadcrumb":{"@id":"https:\/\/www.nexoinformativo.mx\/index.php\/2024\/10\/20\/alzar-la-voz-el-primer-paso-en-la-lucha-contra-el-cancer-de-mama-afirma-rodrigo-monsalvo\/#breadcrumb"},"inLanguage":"es","potentialAction":[{"@type":"ReadAction","target":["https:\/\/www.nexoinformativo.mx\/index.php\/2024\/10\/20\/alzar-la-voz-el-primer-paso-en-la-lucha-contra-el-cancer-de-mama-afirma-rodrigo-monsalvo\/"]}]},{"@type":"ImageObject","inLanguage":"es","@id":"https:\/\/www.nexoinformativo.mx\/index.php\/2024\/10\/20\/alzar-la-voz-el-primer-paso-en-la-lucha-contra-el-cancer-de-mama-afirma-rodrigo-monsalvo\/#primaryimage","url":"https:\/\/www.nexoinformativo.mx\/wp-content\/uploads\/2024\/10\/PHOTO-2024-10-20-22-58-39-e1729488131769.jpg","contentUrl":"https:\/\/www.nexoinformativo.mx\/wp-content\/uploads\/2024\/10\/PHOTO-2024-10-20-22-58-39-e1729488131769.jpg","width":800,"height":1000},{"@type":"BreadcrumbList","@id":"https:\/\/www.nexoinformativo.mx\/index.php\/2024\/10\/20\/alzar-la-voz-el-primer-paso-en-la-lucha-contra-el-cancer-de-mama-afirma-rodrigo-monsalvo\/#breadcrumb","itemListElement":[{"@type":"ListItem","position":1,"name":"Inicio","item":"https:\/\/www.nexoinformativo.mx\/"},{"@type":"ListItem","position":2,"name":"Alzar la voz: El primer paso en la lucha contra el c\u00e1ncer de mama, afirma Rodrigo Monsalvo"}]},{"@type":"WebSite","@id":"https:\/\/www.nexoinformativo.mx\/#website","url":"https:\/\/www.nexoinformativo.mx\/","name":"Nexo Informativo Santiago de Quer\u00e9taro","description":"Explora NexoInformativo y convi\u00e9rtete en parte de una comunidad que valora el conocimiento y la verdad. Tu nexoinformativo es tu puente hacia una comprensi\u00f3n m\u00e1s profunda del mundo que te rodea.","publisher":{"@id":"https:\/\/www.nexoinformativo.mx\/#organization"},"potentialAction":[{"@type":"SearchAction","target":{"@type":"EntryPoint","urlTemplate":"https:\/\/www.nexoinformativo.mx\/?s={search_term_string}"},"query-input":{"@type":"PropertyValueSpecification","valueRequired":true,"valueName":"search_term_string"}}],"inLanguage":"es"},{"@type":"Organization","@id":"https:\/\/www.nexoinformativo.mx\/#organization","name":"Nexo Informativo Santiago de Quer\u00e9taro","url":"https:\/\/www.nexoinformativo.mx\/","logo":{"@type":"ImageObject","inLanguage":"es","@id":"https:\/\/www.nexoinformativo.mx\/#\/schema\/logo\/image\/","url":"https:\/\/www.nexoinformativo.mx\/wp-content\/uploads\/2024\/07\/nexoi-trasparente-2.png","contentUrl":"https:\/\/www.nexoinformativo.mx\/wp-content\/uploads\/2024\/07\/nexoi-trasparente-2.png","width":816,"height":339,"caption":"Nexo Informativo Santiago de Quer\u00e9taro"},"image":{"@id":"https:\/\/www.nexoinformativo.mx\/#\/schema\/logo\/image\/"},"sameAs":["https:\/\/www.facebook.com\/people\/Nexo-Informativo\/61564066885511\/"]},{"@type":"Person","@id":"https:\/\/www.nexoinformativo.mx\/#\/schema\/person\/7749d380ba08c8ca00d7bc76fd907b7d","name":"Nexo Informativo","image":{"@type":"ImageObject","inLanguage":"es","@id":"https:\/\/www.nexoinformativo.mx\/#\/schema\/person\/image\/","url":"https:\/\/secure.gravatar.com\/avatar\/dde2928154642a13d95f87ddf1ea9718fe2b46760a005c53e41ff5ad610704e6?s=96&d=mm&r=g","contentUrl":"https:\/\/secure.gravatar.com\/avatar\/dde2928154642a13d95f87ddf1ea9718fe2b46760a005c53e41ff5ad610704e6?s=96&d=mm&r=g","caption":"Nexo Informativo"},"url":"https:\/\/www.nexoinformativo.mx\/index.php\/author\/edicion\/"}]}},"_links":{"self":[{"href":"https:\/\/www.nexoinformativo.mx\/index.php\/wp-json\/wp\/v2\/posts\/3922","targetHints":{"allow":["GET"]}}],"collection":[{"href":"https:\/\/www.nexoinformativo.mx\/index.php\/wp-json\/wp\/v2\/posts"}],"about":[{"href":"https:\/\/www.nexoinformativo.mx\/index.php\/wp-json\/wp\/v2\/types\/post"}],"author":[{"embeddable":true,"href":"https:\/\/www.nexoinformativo.mx\/index.php\/wp-json\/wp\/v2\/users\/3"}],"replies":[{"embeddable":true,"href":"https:\/\/www.nexoinformativo.mx\/index.php\/wp-json\/wp\/v2\/comments?post=3922"}],"version-history":[{"count":4,"href":"https:\/\/www.nexoinformativo.mx\/index.php\/wp-json\/wp\/v2\/posts\/3922\/revisions"}],"predecessor-version":[{"id":3925,"href":"https:\/\/www.nexoinformativo.mx\/index.php\/wp-json\/wp\/v2\/posts\/3922\/revisions\/3925"}],"wp:featuredmedia":[{"embeddable":true,"href":"https:\/\/www.nexoinformativo.mx\/index.php\/wp-json\/wp\/v2\/media\/3923"}],"wp:attachment":[{"href":"https:\/\/www.nexoinformativo.mx\/index.php\/wp-json\/wp\/v2\/media?parent=3922"}],"wp:term":[{"taxonomy":"category","embeddable":true,"href":"https:\/\/www.nexoinformativo.mx\/index.php\/wp-json\/wp\/v2\/categories?post=3922"},{"taxonomy":"post_tag","embeddable":true,"href":"https:\/\/www.nexoinformativo.mx\/index.php\/wp-json\/wp\/v2\/tags?post=3922"}],"curies":[{"name":"wp","href":"https:\/\/api.w.org\/{rel}","templated":true}]}}