{"id":3963,"date":"2024-10-21T12:00:16","date_gmt":"2024-10-21T18:00:16","guid":{"rendered":"https:\/\/www.nexoinformativo.mx\/?p=3963"},"modified":"2024-10-21T15:58:09","modified_gmt":"2024-10-21T21:58:09","slug":"la-energia-motor-del-desarrollo-de-mexico-lideres-del-sector-se-reunen-para-impulsar-la-transicion-energetica","status":"publish","type":"post","link":"https:\/\/www.nexoinformativo.mx\/index.php\/2024\/10\/21\/la-energia-motor-del-desarrollo-de-mexico-lideres-del-sector-se-reunen-para-impulsar-la-transicion-energetica\/","title":{"rendered":"La Energ\u00eda, motor del desarrollo de M\u00e9xico: L\u00edderes del sector se re\u00fanen para Impulsar la Transici\u00f3n Energ\u00e9tica"},"content":{"rendered":"<p style=\"text-align: justify;\" data-sourcepos=\"7:1-7:295\">En el marco del 14\u00ba Congreso de Asociaciones de Energ\u00eda, l\u00edderes de la industria energ\u00e9tica mexicana se reunieron para analizar los desaf\u00edos y oportunidades del sector, as\u00ed como para trazar una hoja de ruta hacia un futuro energ\u00e9tico m\u00e1s sostenible y competitivo.<\/p>\n<p>&nbsp;<\/p>\n<p style=\"text-align: justify;\" data-sourcepos=\"7:1-7:295\">Durante el evento, representantes de las principales asociaciones del sector, como ASOLMEX, AMENEER, AMSCA entre otros, coincidieron en la importancia de trabajar de manera conjunta con el gobierno para fortalecer el sector energ\u00e9tico y garantizar la seguridad energ\u00e9tica del pa\u00eds.<\/p>\n<p>&nbsp;<\/p>\n<p style=\"text-align: justify;\" data-sourcepos=\"11:1-11:63\">Los principales temas abordados durante el congreso fueron:<\/p>\n<p>&nbsp;<\/p>\n<ul>\n<li style=\"text-align: justify;\"><strong>La importancia del sector energ\u00e9tico para el desarrollo econ\u00f3mico de M\u00e9xico:<\/strong> Los participantes destacaron el papel fundamental de la energ\u00eda en la creaci\u00f3n de empleos, la atracci\u00f3n de inversiones y el crecimiento econ\u00f3mico del pa\u00eds.<\/li>\n<\/ul>\n<p>&nbsp;<\/p>\n<ul>\n<li style=\"text-align: justify;\"><strong>La transici\u00f3n energ\u00e9tica:<\/strong> Los l\u00edderes del sector coincidieron en la necesidad de acelerar la transici\u00f3n hacia fuentes de energ\u00eda m\u00e1s limpias y renovables, como la energ\u00eda solar, e\u00f3lica e hidr\u00f3geno.<\/li>\n<\/ul>\n<p>&nbsp;<\/p>\n<ul>\n<li style=\"text-align: justify;\"><strong>La infraestructura energ\u00e9tica:<\/strong> Se destac\u00f3 la importancia de invertir en infraestructura el\u00e9ctrica y de gas natural para garantizar el suministro de energ\u00eda a todo el pa\u00eds.<\/li>\n<\/ul>\n<p>&nbsp;<\/p>\n<ul>\n<li style=\"text-align: justify;\"><strong>La eficiencia energ\u00e9tica:<\/strong> Los participantes subrayaron la necesidad de promover la eficiencia energ\u00e9tica como una herramienta clave para reducir costos y emisiones.<\/li>\n<\/ul>\n<p>&nbsp;<\/p>\n<p style=\"text-align: justify;\" data-sourcepos=\"19:1-19:337\">Altagracia G\u00f3mez, coordinadora del Consejo Asesor para el Desarrollo Regional y la Relocalizaci\u00f3n de Empresas del Gobierno de M\u00e9xico, enfatiz\u00f3 la importancia de fortalecer a Pemex y CFE.<\/p>\n<p>&nbsp;<\/p>\n<p style=\"text-align: justify;\" data-sourcepos=\"21:1-21:401\">Por su parte, los representantes de la industria de exploraci\u00f3n y producci\u00f3n de hidrocarburos destacaron la importancia de mantener las inversiones en el sector para garantizar la seguridad energ\u00e9tica y generar empleos. Se discutieron soluciones como la electrificaci\u00f3n, el gas natural vehicular y el hidr\u00f3geno para promover una movilidad m\u00e1s limpia y sostenible.<\/p>\n<p>&nbsp;<\/p>\n<p style=\"text-align: justify;\" data-sourcepos=\"30:1-30:295\">el 14\u00ba Congreso de Asociaciones de Energ\u00eda ha sido un espacio de di\u00e1logo y reflexi\u00f3n para los l\u00edderes del sector energ\u00e9tico mexicano. Los participantes han coincidido en la necesidad de trabajar juntos para construir un futuro energ\u00e9tico m\u00e1s sostenible y competitivo para M\u00e9xico.<\/p>\n<p>&nbsp;<\/p>\n<p style=\"text-align: center;\" data-sourcepos=\"30:1-30:295\"><em><strong>\u00a1Informaci\u00f3n que transforma!<\/strong><\/em><\/p>\n","protected":false},"excerpt":{"rendered":"<p>En el marco del 14\u00ba Congreso de Asociaciones de Energ\u00eda, l\u00edderes de la industria energ\u00e9tica mexicana se reunieron para analizar los desaf\u00edos y oportunidades del sector<\/p>\n","protected":false},"author":3,"featured_media":3964,"comment_status":"open","ping_status":"open","sticky":false,"template":"","format":"standard","meta":{"footnotes":""},"categories":[5,88,58],"tags":[352,1492,1493,1451,532],"class_list":["post-3963","post","type-post","status-publish","format-standard","has-post-thumbnail","hentry","category-economia","category-nacional","category-ultima-hora","tag-desarrolloeconomico","tag-energiamexico","tag-sectorenergetico","tag-sostenibilidad","tag-transicionenergetica"],"yoast_head":"<!-- This site is optimized with the Yoast SEO plugin v25.0 - https:\/\/yoast.com\/wordpress\/plugins\/seo\/ -->\n<title>La Energ\u00eda, motor del desarrollo de M\u00e9xico: L\u00edderes del sector se re\u00fanen para Impulsar la Transici\u00f3n Energ\u00e9tica | Nexo Informativo Santiago de Quer\u00e9taro<\/title>\n<meta name=\"description\" content=\"La Energ\u00eda, motor del desarrollo de M\u00e9xico: L\u00edderes del sector se re\u00fanen para Impulsar la Transici\u00f3n Energ\u00e9tica\" \/>\n<meta name=\"robots\" content=\"index, follow, max-snippet:-1, max-image-preview:large, max-video-preview:-1\" \/>\n<link rel=\"canonical\" href=\"https:\/\/www.nexoinformativo.mx\/index.php\/2024\/10\/21\/la-energia-motor-del-desarrollo-de-mexico-lideres-del-sector-se-reunen-para-impulsar-la-transicion-energetica\/\" \/>\n<meta property=\"og:locale\" content=\"es_MX\" \/>\n<meta property=\"og:type\" content=\"article\" \/>\n<meta property=\"og:title\" content=\"La Energ\u00eda, motor del desarrollo de M\u00e9xico: L\u00edderes del sector se re\u00fanen para Impulsar la Transici\u00f3n Energ\u00e9tica | Nexo Informativo Santiago de Quer\u00e9taro\" \/>\n<meta property=\"og:description\" content=\"La Energ\u00eda, motor del desarrollo de M\u00e9xico: L\u00edderes del sector se re\u00fanen para Impulsar la Transici\u00f3n Energ\u00e9tica\" \/>\n<meta property=\"og:url\" content=\"https:\/\/www.nexoinformativo.mx\/index.php\/2024\/10\/21\/la-energia-motor-del-desarrollo-de-mexico-lideres-del-sector-se-reunen-para-impulsar-la-transicion-energetica\/\" \/>\n<meta property=\"og:site_name\" content=\"Nexo Informativo Santiago de Quer\u00e9taro\" \/>\n<meta property=\"article:publisher\" content=\"https:\/\/www.facebook.com\/people\/Nexo-Informativo\/61564066885511\/\" \/>\n<meta property=\"article:published_time\" content=\"2024-10-21T18:00:16+00:00\" \/>\n<meta property=\"article:modified_time\" content=\"2024-10-21T21:58:09+00:00\" \/>\n<meta property=\"og:image\" content=\"https:\/\/www.nexoinformativo.mx\/wp-content\/uploads\/2024\/10\/IMG_7155-e1729541220653.jpg\" \/>\n\t<meta property=\"og:image:width\" content=\"750\" \/>\n\t<meta property=\"og:image:height\" content=\"495\" \/>\n\t<meta property=\"og:image:type\" content=\"image\/jpeg\" \/>\n<meta name=\"author\" content=\"Nexo Informativo\" \/>\n<meta name=\"twitter:card\" content=\"summary_large_image\" \/>\n<meta name=\"twitter:label1\" content=\"Escrito por\" \/>\n\t<meta name=\"twitter:data1\" content=\"Nexo Informativo\" \/>\n\t<meta name=\"twitter:label2\" content=\"Tiempo de lectura\" \/>\n\t<meta name=\"twitter:data2\" content=\"2 minutos\" \/>\n<script type=\"application\/ld+json\" class=\"yoast-schema-graph\">{\"@context\":\"https:\/\/schema.org\",\"@graph\":[{\"@type\":\"Article\",\"@id\":\"https:\/\/www.nexoinformativo.mx\/index.php\/2024\/10\/21\/la-energia-motor-del-desarrollo-de-mexico-lideres-del-sector-se-reunen-para-impulsar-la-transicion-energetica\/#article\",\"isPartOf\":{\"@id\":\"https:\/\/www.nexoinformativo.mx\/index.php\/2024\/10\/21\/la-energia-motor-del-desarrollo-de-mexico-lideres-del-sector-se-reunen-para-impulsar-la-transicion-energetica\/\"},\"author\":{\"name\":\"Nexo Informativo\",\"@id\":\"https:\/\/www.nexoinformativo.mx\/#\/schema\/person\/7749d380ba08c8ca00d7bc76fd907b7d\"},\"headline\":\"La Energ\u00eda, motor del desarrollo de M\u00e9xico: L\u00edderes del sector se re\u00fanen para Impulsar la Transici\u00f3n Energ\u00e9tica\",\"datePublished\":\"2024-10-21T18:00:16+00:00\",\"dateModified\":\"2024-10-21T21:58:09+00:00\",\"mainEntityOfPage\":{\"@id\":\"https:\/\/www.nexoinformativo.mx\/index.php\/2024\/10\/21\/la-energia-motor-del-desarrollo-de-mexico-lideres-del-sector-se-reunen-para-impulsar-la-transicion-energetica\/\"},\"wordCount\":411,\"commentCount\":0,\"publisher\":{\"@id\":\"https:\/\/www.nexoinformativo.mx\/#organization\"},\"image\":{\"@id\":\"https:\/\/www.nexoinformativo.mx\/index.php\/2024\/10\/21\/la-energia-motor-del-desarrollo-de-mexico-lideres-del-sector-se-reunen-para-impulsar-la-transicion-energetica\/#primaryimage\"},\"thumbnailUrl\":\"https:\/\/www.nexoinformativo.mx\/wp-content\/uploads\/2024\/10\/IMG_7155-e1729541220653.jpg\",\"keywords\":[\"DesarrolloEcon\u00f3mico\",\"Energ\u00edaM\u00e9xico\",\"SectorEnerg\u00e9tico\",\"Sostenibilidad\",\"Transici\u00f3nEnerg\u00e9tica\"],\"articleSection\":[\"Econom\u00eda\",\"Nacional\",\"\u00daltima Hora\"],\"inLanguage\":\"es\",\"potentialAction\":[{\"@type\":\"CommentAction\",\"name\":\"Comment\",\"target\":[\"https:\/\/www.nexoinformativo.mx\/index.php\/2024\/10\/21\/la-energia-motor-del-desarrollo-de-mexico-lideres-del-sector-se-reunen-para-impulsar-la-transicion-energetica\/#respond\"]}]},{\"@type\":\"WebPage\",\"@id\":\"https:\/\/www.nexoinformativo.mx\/index.php\/2024\/10\/21\/la-energia-motor-del-desarrollo-de-mexico-lideres-del-sector-se-reunen-para-impulsar-la-transicion-energetica\/\",\"url\":\"https:\/\/www.nexoinformativo.mx\/index.php\/2024\/10\/21\/la-energia-motor-del-desarrollo-de-mexico-lideres-del-sector-se-reunen-para-impulsar-la-transicion-energetica\/\",\"name\":\"La Energ\u00eda, motor del desarrollo de M\u00e9xico: L\u00edderes del sector se re\u00fanen para Impulsar la Transici\u00f3n Energ\u00e9tica | Nexo Informativo Santiago de Quer\u00e9taro\",\"isPartOf\":{\"@id\":\"https:\/\/www.nexoinformativo.mx\/#website\"},\"primaryImageOfPage\":{\"@id\":\"https:\/\/www.nexoinformativo.mx\/index.php\/2024\/10\/21\/la-energia-motor-del-desarrollo-de-mexico-lideres-del-sector-se-reunen-para-impulsar-la-transicion-energetica\/#primaryimage\"},\"image\":{\"@id\":\"https:\/\/www.nexoinformativo.mx\/index.php\/2024\/10\/21\/la-energia-motor-del-desarrollo-de-mexico-lideres-del-sector-se-reunen-para-impulsar-la-transicion-energetica\/#primaryimage\"},\"thumbnailUrl\":\"https:\/\/www.nexoinformativo.mx\/wp-content\/uploads\/2024\/10\/IMG_7155-e1729541220653.jpg\",\"datePublished\":\"2024-10-21T18:00:16+00:00\",\"dateModified\":\"2024-10-21T21:58:09+00:00\",\"description\":\"La Energ\u00eda, motor del desarrollo de M\u00e9xico: L\u00edderes del sector se re\u00fanen para Impulsar la Transici\u00f3n Energ\u00e9tica\",\"breadcrumb\":{\"@id\":\"https:\/\/www.nexoinformativo.mx\/index.php\/2024\/10\/21\/la-energia-motor-del-desarrollo-de-mexico-lideres-del-sector-se-reunen-para-impulsar-la-transicion-energetica\/#breadcrumb\"},\"inLanguage\":\"es\",\"potentialAction\":[{\"@type\":\"ReadAction\",\"target\":[\"https:\/\/www.nexoinformativo.mx\/index.php\/2024\/10\/21\/la-energia-motor-del-desarrollo-de-mexico-lideres-del-sector-se-reunen-para-impulsar-la-transicion-energetica\/\"]}]},{\"@type\":\"ImageObject\",\"inLanguage\":\"es\",\"@id\":\"https:\/\/www.nexoinformativo.mx\/index.php\/2024\/10\/21\/la-energia-motor-del-desarrollo-de-mexico-lideres-del-sector-se-reunen-para-impulsar-la-transicion-energetica\/#primaryimage\",\"url\":\"https:\/\/www.nexoinformativo.mx\/wp-content\/uploads\/2024\/10\/IMG_7155-e1729541220653.jpg\",\"contentUrl\":\"https:\/\/www.nexoinformativo.mx\/wp-content\/uploads\/2024\/10\/IMG_7155-e1729541220653.jpg\",\"width\":750,\"height\":495,\"caption\":\"Screenshot\"},{\"@type\":\"BreadcrumbList\",\"@id\":\"https:\/\/www.nexoinformativo.mx\/index.php\/2024\/10\/21\/la-energia-motor-del-desarrollo-de-mexico-lideres-del-sector-se-reunen-para-impulsar-la-transicion-energetica\/#breadcrumb\",\"itemListElement\":[{\"@type\":\"ListItem\",\"position\":1,\"name\":\"Inicio\",\"item\":\"https:\/\/www.nexoinformativo.mx\/\"},{\"@type\":\"ListItem\",\"position\":2,\"name\":\"La Energ\u00eda, motor del desarrollo de M\u00e9xico: L\u00edderes del sector se re\u00fanen para Impulsar la Transici\u00f3n Energ\u00e9tica\"}]},{\"@type\":\"WebSite\",\"@id\":\"https:\/\/www.nexoinformativo.mx\/#website\",\"url\":\"https:\/\/www.nexoinformativo.mx\/\",\"name\":\"Nexo Informativo Santiago de Quer\u00e9taro\",\"description\":\"Explora NexoInformativo y convi\u00e9rtete en parte de una comunidad que valora el conocimiento y la verdad. Tu nexoinformativo es tu puente hacia una comprensi\u00f3n m\u00e1s profunda del mundo que te rodea.\",\"publisher\":{\"@id\":\"https:\/\/www.nexoinformativo.mx\/#organization\"},\"potentialAction\":[{\"@type\":\"SearchAction\",\"target\":{\"@type\":\"EntryPoint\",\"urlTemplate\":\"https:\/\/www.nexoinformativo.mx\/?s={search_term_string}\"},\"query-input\":{\"@type\":\"PropertyValueSpecification\",\"valueRequired\":true,\"valueName\":\"search_term_string\"}}],\"inLanguage\":\"es\"},{\"@type\":\"Organization\",\"@id\":\"https:\/\/www.nexoinformativo.mx\/#organization\",\"name\":\"Nexo Informativo Santiago de Quer\u00e9taro\",\"url\":\"https:\/\/www.nexoinformativo.mx\/\",\"logo\":{\"@type\":\"ImageObject\",\"inLanguage\":\"es\",\"@id\":\"https:\/\/www.nexoinformativo.mx\/#\/schema\/logo\/image\/\",\"url\":\"https:\/\/www.nexoinformativo.mx\/wp-content\/uploads\/2024\/07\/nexoi-trasparente-2.png\",\"contentUrl\":\"https:\/\/www.nexoinformativo.mx\/wp-content\/uploads\/2024\/07\/nexoi-trasparente-2.png\",\"width\":816,\"height\":339,\"caption\":\"Nexo Informativo Santiago de Quer\u00e9taro\"},\"image\":{\"@id\":\"https:\/\/www.nexoinformativo.mx\/#\/schema\/logo\/image\/\"},\"sameAs\":[\"https:\/\/www.facebook.com\/people\/Nexo-Informativo\/61564066885511\/\"]},{\"@type\":\"Person\",\"@id\":\"https:\/\/www.nexoinformativo.mx\/#\/schema\/person\/7749d380ba08c8ca00d7bc76fd907b7d\",\"name\":\"Nexo Informativo\",\"image\":{\"@type\":\"ImageObject\",\"inLanguage\":\"es\",\"@id\":\"https:\/\/www.nexoinformativo.mx\/#\/schema\/person\/image\/\",\"url\":\"https:\/\/secure.gravatar.com\/avatar\/dde2928154642a13d95f87ddf1ea9718fe2b46760a005c53e41ff5ad610704e6?s=96&d=mm&r=g\",\"contentUrl\":\"https:\/\/secure.gravatar.com\/avatar\/dde2928154642a13d95f87ddf1ea9718fe2b46760a005c53e41ff5ad610704e6?s=96&d=mm&r=g\",\"caption\":\"Nexo Informativo\"},\"url\":\"https:\/\/www.nexoinformativo.mx\/index.php\/author\/edicion\/\"}]}<\/script>\n<!-- \/ Yoast SEO plugin. -->","yoast_head_json":{"title":"La Energ\u00eda, motor del desarrollo de M\u00e9xico: L\u00edderes del sector se re\u00fanen para Impulsar la Transici\u00f3n Energ\u00e9tica | Nexo Informativo Santiago de Quer\u00e9taro","description":"La Energ\u00eda, motor del desarrollo de M\u00e9xico: L\u00edderes del sector se re\u00fanen para Impulsar la Transici\u00f3n Energ\u00e9tica","robots":{"index":"index","follow":"follow","max-snippet":"max-snippet:-1","max-image-preview":"max-image-preview:large","max-video-preview":"max-video-preview:-1"},"canonical":"https:\/\/www.nexoinformativo.mx\/index.php\/2024\/10\/21\/la-energia-motor-del-desarrollo-de-mexico-lideres-del-sector-se-reunen-para-impulsar-la-transicion-energetica\/","og_locale":"es_MX","og_type":"article","og_title":"La Energ\u00eda, motor del desarrollo de M\u00e9xico: L\u00edderes del sector se re\u00fanen para Impulsar la Transici\u00f3n Energ\u00e9tica | Nexo Informativo Santiago de Quer\u00e9taro","og_description":"La Energ\u00eda, motor del desarrollo de M\u00e9xico: L\u00edderes del sector se re\u00fanen para Impulsar la Transici\u00f3n Energ\u00e9tica","og_url":"https:\/\/www.nexoinformativo.mx\/index.php\/2024\/10\/21\/la-energia-motor-del-desarrollo-de-mexico-lideres-del-sector-se-reunen-para-impulsar-la-transicion-energetica\/","og_site_name":"Nexo Informativo Santiago de Quer\u00e9taro","article_publisher":"https:\/\/www.facebook.com\/people\/Nexo-Informativo\/61564066885511\/","article_published_time":"2024-10-21T18:00:16+00:00","article_modified_time":"2024-10-21T21:58:09+00:00","og_image":[{"width":750,"height":495,"url":"https:\/\/www.nexoinformativo.mx\/wp-content\/uploads\/2024\/10\/IMG_7155-e1729541220653.jpg","type":"image\/jpeg"}],"author":"Nexo Informativo","twitter_card":"summary_large_image","twitter_misc":{"Escrito por":"Nexo Informativo","Tiempo de lectura":"2 minutos"},"schema":{"@context":"https:\/\/schema.org","@graph":[{"@type":"Article","@id":"https:\/\/www.nexoinformativo.mx\/index.php\/2024\/10\/21\/la-energia-motor-del-desarrollo-de-mexico-lideres-del-sector-se-reunen-para-impulsar-la-transicion-energetica\/#article","isPartOf":{"@id":"https:\/\/www.nexoinformativo.mx\/index.php\/2024\/10\/21\/la-energia-motor-del-desarrollo-de-mexico-lideres-del-sector-se-reunen-para-impulsar-la-transicion-energetica\/"},"author":{"name":"Nexo Informativo","@id":"https:\/\/www.nexoinformativo.mx\/#\/schema\/person\/7749d380ba08c8ca00d7bc76fd907b7d"},"headline":"La Energ\u00eda, motor del desarrollo de M\u00e9xico: L\u00edderes del sector se re\u00fanen para Impulsar la Transici\u00f3n Energ\u00e9tica","datePublished":"2024-10-21T18:00:16+00:00","dateModified":"2024-10-21T21:58:09+00:00","mainEntityOfPage":{"@id":"https:\/\/www.nexoinformativo.mx\/index.php\/2024\/10\/21\/la-energia-motor-del-desarrollo-de-mexico-lideres-del-sector-se-reunen-para-impulsar-la-transicion-energetica\/"},"wordCount":411,"commentCount":0,"publisher":{"@id":"https:\/\/www.nexoinformativo.mx\/#organization"},"image":{"@id":"https:\/\/www.nexoinformativo.mx\/index.php\/2024\/10\/21\/la-energia-motor-del-desarrollo-de-mexico-lideres-del-sector-se-reunen-para-impulsar-la-transicion-energetica\/#primaryimage"},"thumbnailUrl":"https:\/\/www.nexoinformativo.mx\/wp-content\/uploads\/2024\/10\/IMG_7155-e1729541220653.jpg","keywords":["DesarrolloEcon\u00f3mico","Energ\u00edaM\u00e9xico","SectorEnerg\u00e9tico","Sostenibilidad","Transici\u00f3nEnerg\u00e9tica"],"articleSection":["Econom\u00eda","Nacional","\u00daltima Hora"],"inLanguage":"es","potentialAction":[{"@type":"CommentAction","name":"Comment","target":["https:\/\/www.nexoinformativo.mx\/index.php\/2024\/10\/21\/la-energia-motor-del-desarrollo-de-mexico-lideres-del-sector-se-reunen-para-impulsar-la-transicion-energetica\/#respond"]}]},{"@type":"WebPage","@id":"https:\/\/www.nexoinformativo.mx\/index.php\/2024\/10\/21\/la-energia-motor-del-desarrollo-de-mexico-lideres-del-sector-se-reunen-para-impulsar-la-transicion-energetica\/","url":"https:\/\/www.nexoinformativo.mx\/index.php\/2024\/10\/21\/la-energia-motor-del-desarrollo-de-mexico-lideres-del-sector-se-reunen-para-impulsar-la-transicion-energetica\/","name":"La Energ\u00eda, motor del desarrollo de M\u00e9xico: L\u00edderes del sector se re\u00fanen para Impulsar la Transici\u00f3n Energ\u00e9tica | Nexo Informativo Santiago de Quer\u00e9taro","isPartOf":{"@id":"https:\/\/www.nexoinformativo.mx\/#website"},"primaryImageOfPage":{"@id":"https:\/\/www.nexoinformativo.mx\/index.php\/2024\/10\/21\/la-energia-motor-del-desarrollo-de-mexico-lideres-del-sector-se-reunen-para-impulsar-la-transicion-energetica\/#primaryimage"},"image":{"@id":"https:\/\/www.nexoinformativo.mx\/index.php\/2024\/10\/21\/la-energia-motor-del-desarrollo-de-mexico-lideres-del-sector-se-reunen-para-impulsar-la-transicion-energetica\/#primaryimage"},"thumbnailUrl":"https:\/\/www.nexoinformativo.mx\/wp-content\/uploads\/2024\/10\/IMG_7155-e1729541220653.jpg","datePublished":"2024-10-21T18:00:16+00:00","dateModified":"2024-10-21T21:58:09+00:00","description":"La Energ\u00eda, motor del desarrollo de M\u00e9xico: L\u00edderes del sector se re\u00fanen para Impulsar la Transici\u00f3n Energ\u00e9tica","breadcrumb":{"@id":"https:\/\/www.nexoinformativo.mx\/index.php\/2024\/10\/21\/la-energia-motor-del-desarrollo-de-mexico-lideres-del-sector-se-reunen-para-impulsar-la-transicion-energetica\/#breadcrumb"},"inLanguage":"es","potentialAction":[{"@type":"ReadAction","target":["https:\/\/www.nexoinformativo.mx\/index.php\/2024\/10\/21\/la-energia-motor-del-desarrollo-de-mexico-lideres-del-sector-se-reunen-para-impulsar-la-transicion-energetica\/"]}]},{"@type":"ImageObject","inLanguage":"es","@id":"https:\/\/www.nexoinformativo.mx\/index.php\/2024\/10\/21\/la-energia-motor-del-desarrollo-de-mexico-lideres-del-sector-se-reunen-para-impulsar-la-transicion-energetica\/#primaryimage","url":"https:\/\/www.nexoinformativo.mx\/wp-content\/uploads\/2024\/10\/IMG_7155-e1729541220653.jpg","contentUrl":"https:\/\/www.nexoinformativo.mx\/wp-content\/uploads\/2024\/10\/IMG_7155-e1729541220653.jpg","width":750,"height":495,"caption":"Screenshot"},{"@type":"BreadcrumbList","@id":"https:\/\/www.nexoinformativo.mx\/index.php\/2024\/10\/21\/la-energia-motor-del-desarrollo-de-mexico-lideres-del-sector-se-reunen-para-impulsar-la-transicion-energetica\/#breadcrumb","itemListElement":[{"@type":"ListItem","position":1,"name":"Inicio","item":"https:\/\/www.nexoinformativo.mx\/"},{"@type":"ListItem","position":2,"name":"La Energ\u00eda, motor del desarrollo de M\u00e9xico: L\u00edderes del sector se re\u00fanen para Impulsar la Transici\u00f3n Energ\u00e9tica"}]},{"@type":"WebSite","@id":"https:\/\/www.nexoinformativo.mx\/#website","url":"https:\/\/www.nexoinformativo.mx\/","name":"Nexo Informativo Santiago de Quer\u00e9taro","description":"Explora NexoInformativo y convi\u00e9rtete en parte de una comunidad que valora el conocimiento y la verdad. Tu nexoinformativo es tu puente hacia una comprensi\u00f3n m\u00e1s profunda del mundo que te rodea.","publisher":{"@id":"https:\/\/www.nexoinformativo.mx\/#organization"},"potentialAction":[{"@type":"SearchAction","target":{"@type":"EntryPoint","urlTemplate":"https:\/\/www.nexoinformativo.mx\/?s={search_term_string}"},"query-input":{"@type":"PropertyValueSpecification","valueRequired":true,"valueName":"search_term_string"}}],"inLanguage":"es"},{"@type":"Organization","@id":"https:\/\/www.nexoinformativo.mx\/#organization","name":"Nexo Informativo Santiago de Quer\u00e9taro","url":"https:\/\/www.nexoinformativo.mx\/","logo":{"@type":"ImageObject","inLanguage":"es","@id":"https:\/\/www.nexoinformativo.mx\/#\/schema\/logo\/image\/","url":"https:\/\/www.nexoinformativo.mx\/wp-content\/uploads\/2024\/07\/nexoi-trasparente-2.png","contentUrl":"https:\/\/www.nexoinformativo.mx\/wp-content\/uploads\/2024\/07\/nexoi-trasparente-2.png","width":816,"height":339,"caption":"Nexo Informativo Santiago de Quer\u00e9taro"},"image":{"@id":"https:\/\/www.nexoinformativo.mx\/#\/schema\/logo\/image\/"},"sameAs":["https:\/\/www.facebook.com\/people\/Nexo-Informativo\/61564066885511\/"]},{"@type":"Person","@id":"https:\/\/www.nexoinformativo.mx\/#\/schema\/person\/7749d380ba08c8ca00d7bc76fd907b7d","name":"Nexo Informativo","image":{"@type":"ImageObject","inLanguage":"es","@id":"https:\/\/www.nexoinformativo.mx\/#\/schema\/person\/image\/","url":"https:\/\/secure.gravatar.com\/avatar\/dde2928154642a13d95f87ddf1ea9718fe2b46760a005c53e41ff5ad610704e6?s=96&d=mm&r=g","contentUrl":"https:\/\/secure.gravatar.com\/avatar\/dde2928154642a13d95f87ddf1ea9718fe2b46760a005c53e41ff5ad610704e6?s=96&d=mm&r=g","caption":"Nexo Informativo"},"url":"https:\/\/www.nexoinformativo.mx\/index.php\/author\/edicion\/"}]}},"_links":{"self":[{"href":"https:\/\/www.nexoinformativo.mx\/index.php\/wp-json\/wp\/v2\/posts\/3963","targetHints":{"allow":["GET"]}}],"collection":[{"href":"https:\/\/www.nexoinformativo.mx\/index.php\/wp-json\/wp\/v2\/posts"}],"about":[{"href":"https:\/\/www.nexoinformativo.mx\/index.php\/wp-json\/wp\/v2\/types\/post"}],"author":[{"embeddable":true,"href":"https:\/\/www.nexoinformativo.mx\/index.php\/wp-json\/wp\/v2\/users\/3"}],"replies":[{"embeddable":true,"href":"https:\/\/www.nexoinformativo.mx\/index.php\/wp-json\/wp\/v2\/comments?post=3963"}],"version-history":[{"count":11,"href":"https:\/\/www.nexoinformativo.mx\/index.php\/wp-json\/wp\/v2\/posts\/3963\/revisions"}],"predecessor-version":[{"id":4000,"href":"https:\/\/www.nexoinformativo.mx\/index.php\/wp-json\/wp\/v2\/posts\/3963\/revisions\/4000"}],"wp:featuredmedia":[{"embeddable":true,"href":"https:\/\/www.nexoinformativo.mx\/index.php\/wp-json\/wp\/v2\/media\/3964"}],"wp:attachment":[{"href":"https:\/\/www.nexoinformativo.mx\/index.php\/wp-json\/wp\/v2\/media?parent=3963"}],"wp:term":[{"taxonomy":"category","embeddable":true,"href":"https:\/\/www.nexoinformativo.mx\/index.php\/wp-json\/wp\/v2\/categories?post=3963"},{"taxonomy":"post_tag","embeddable":true,"href":"https:\/\/www.nexoinformativo.mx\/index.php\/wp-json\/wp\/v2\/tags?post=3963"}],"curies":[{"name":"wp","href":"https:\/\/api.w.org\/{rel}","templated":true}]}}